{"id":138678,"date":"2018-02-15T09:16:03","date_gmt":"2018-02-15T08:16:03","guid":{"rendered":"http:\/\/kapitalis.com\/tunisie\/?p=138678"},"modified":"2018-02-15T09:16:03","modified_gmt":"2018-02-15T08:16:03","slug":"esperance-etoile-taha-yassine-khenissi-operationnel","status":"publish","type":"post","link":"https:\/\/kapitalis.com\/tunisie\/2018\/02\/15\/esperance-etoile-taha-yassine-khenissi-operationnel\/","title":{"rendered":"Esp\u00e9rance-Etoile : Taha Yassine Khenissi op\u00e9rationnel"},"content":{"rendered":"<p style=\"text-align: center;\"><img loading=\"lazy\" decoding=\"async\" class=\"alignnone size-full wp-image-107575\" src=\"http:\/\/kapitalis.com\/tunisie\/wp-content\/uploads\/2017\/07\/Taha-Yassine-Khenissi.jpg\" alt=\"\" width=\"626\" height=\"380\" \/><\/p>\n<p><em><strong>L&rsquo;Esp\u00e9rance sportive de Tunis (EST) devrait compter sur son attaquant vedette Taha Yassine Khenissi pour son match retard devant l\u2019Etoile sportive du Sahel (ESS).<\/strong> <\/em><\/p>\n<p><!--more--><\/p>\n<p>Le match est pr\u00e9vu aujourd\u2019hui, jeudi 15 f\u00e9vrier 2018, \u00e0 14h, au stade de Rad\u00e8s.<\/p>\n<p>De nouveau op\u00e9rationnel apr\u00e8s une longue indisponibilit\u00e9 \u00e0 la suite d\u2019une blessure contract\u00e9e lors du stage de l\u2019\u00e9quipe de Tunisie au Qatar, Khenissi a repris les entra\u00eenements collectifs lundi dernier et devrait conduire l\u2019attaque <em>\u00absang et or\u00bb<\/em> avec Haythem Jouini (4 buts lors des 5 derniers matches) dans un match qui pourrait constituer un nouveau d\u00e9part pour une formation de l\u2019Esp\u00e9rance plut\u00f4t en dedans ces derniers temps.<\/p>\n<p>Pour rappel, les co\u00e9quipiers de Khalil Chammam ont r\u00e9colt\u00e9 5 points sur 9 possibles lors de leurs 3 derniers matches contre l\u2019US Ben Guerdane (2-2), l\u2019AS Gab\u00e8s (1-1) et une victoire laborieuse devant le CA Bizertin (1-0). Sans compter une sortie par la petite porte en Coupe de Tunisie devant l\u2019Etoile sportive de M\u00e9tlaoui (ESM).<\/p>\n<p style=\"text-align: right;\"><strong>H. M.<\/strong><\/p>\n<blockquote class=\"wp-embedded-content\" data-secret=\"yQ6t1R7fnQ\"><p><a href=\"https:\/\/kapitalis.com\/tunisie\/2018\/02\/14\/classico-etoile-esperance-quen-pensent-ben-yahia-madoui\/\">Classico Etoile-Esp\u00e9rance : Ce qu\u2019en pensent Ben Yahia et Madoui<\/a><\/p><\/blockquote>\n<p><iframe loading=\"lazy\" class=\"wp-embedded-content\" sandbox=\"allow-scripts\" security=\"restricted\" style=\"position: absolute; clip: rect(1px, 1px, 1px, 1px);\" title=\"\u00ab\u00a0Classico Etoile-Esp\u00e9rance : Ce qu\u2019en pensent Ben Yahia et Madoui\u00a0\u00bb &#8212; Kapitalis\" src=\"https:\/\/kapitalis.com\/tunisie\/2018\/02\/14\/classico-etoile-esperance-quen-pensent-ben-yahia-madoui\/embed\/#?secret=kY9gOESZKU#?secret=yQ6t1R7fnQ\" data-secret=\"yQ6t1R7fnQ\" width=\"600\" height=\"338\" frameborder=\"0\" marginwidth=\"0\" marginheight=\"0\" scrolling=\"no\"><\/iframe><\/p>\n<blockquote class=\"wp-embedded-content\" data-secret=\"1AyfxKgwIm\"><p><a href=\"https:\/\/kapitalis.com\/tunisie\/2018\/02\/14\/esperance-accord-khenissi-prolongation-de-3-ans\/\">Esp\u00e9rance : Accord avec Khenissi pour une prolongation de 3 ans<\/a><\/p><\/blockquote>\n<p><iframe loading=\"lazy\" class=\"wp-embedded-content\" sandbox=\"allow-scripts\" security=\"restricted\" style=\"position: absolute; clip: rect(1px, 1px, 1px, 1px);\" title=\"\u00ab\u00a0Esp\u00e9rance : Accord avec Khenissi pour une prolongation de 3 ans\u00a0\u00bb &#8212; Kapitalis\" src=\"https:\/\/kapitalis.com\/tunisie\/2018\/02\/14\/esperance-accord-khenissi-prolongation-de-3-ans\/embed\/#?secret=rig6KlUUZt#?secret=1AyfxKgwIm\" data-secret=\"1AyfxKgwIm\" width=\"600\" height=\"338\" frameborder=\"0\" marginwidth=\"0\" marginheight=\"0\" scrolling=\"no\"><\/iframe><\/p>\n","protected":false},"excerpt":{"rendered":"<p>L&rsquo;Esp\u00e9rance sportive de Tunis (EST) devrait compter sur son attaquant vedette Taha Yassine Khenissi pour son match retard devant l\u2019Etoile sportive du Sahel (ESS).<\/p>\n","protected":false},"author":8,"featured_media":0,"comment_status":"open","ping_status":"open","sticky":false,"template":"","format":"standard","meta":{"footnotes":""},"categories":[999,2433],"tags":[3261,3992,40569,7597,18924],"class_list":["post-138678","post","type-post","status-publish","format-standard","hentry","category-sport","category-tunisie","tag-esperance-sportive-de-tunis","tag-haythem-jouini","tag-khalil-chammam","tag-stade-de-rades","tag-taha-yassine-khenissi"],"yoast_head":"<!-- This site is optimized with the Yoast SEO plugin v26.6 - https:\/\/yoast.com\/wordpress\/plugins\/seo\/ -->\n<title>Esp\u00e9rance-Etoile : Taha Yassine Khenissi op\u00e9rationnel - Kapitalis<\/title>\n<meta name=\"robots\" content=\"index, follow, max-snippet:-1, max-image-preview:large, max-video-preview:-1\" \/>\n<link rel=\"canonical\" href=\"https:\/\/kapitalis.com\/tunisie\/2018\/02\/15\/esperance-etoile-taha-yassine-khenissi-operationnel\/\" \/>\n<meta property=\"og:locale\" content=\"fr_FR\" \/>\n<meta property=\"og:type\" content=\"article\" \/>\n<meta property=\"og:title\" content=\"Esp\u00e9rance-Etoile : Taha Yassine Khenissi op\u00e9rationnel - Kapitalis\" \/>\n<meta property=\"og:description\" content=\"L&rsquo;Esp\u00e9rance sportive de Tunis (EST) devrait compter sur son attaquant vedette Taha Yassine Khenissi pour son match retard devant l\u2019Etoile sportive du Sahel (ESS).\" \/>\n<meta property=\"og:url\" content=\"https:\/\/kapitalis.com\/tunisie\/2018\/02\/15\/esperance-etoile-taha-yassine-khenissi-operationnel\/\" \/>\n<meta property=\"og:site_name\" content=\"Kapitalis\" \/>\n<meta property=\"article:publisher\" content=\"https:\/\/www.facebook.com\/KapitalisInfo\/\" \/>\n<meta property=\"article:published_time\" content=\"2018-02-15T08:16:03+00:00\" \/>\n<meta property=\"og:image\" content=\"http:\/\/kapitalis.com\/tunisie\/wp-content\/uploads\/2017\/07\/Taha-Yassine-Khenissi.jpg\" \/>\n<meta name=\"author\" content=\"webmaster kapitalis\" \/>\n<meta name=\"twitter:card\" content=\"summary_large_image\" \/>\n<meta name=\"twitter:creator\" content=\"@KapitalisInfo\" \/>\n<meta name=\"twitter:site\" content=\"@KapitalisInfo\" \/>\n<meta name=\"twitter:label1\" content=\"\u00c9crit par\" \/>\n\t<meta name=\"twitter:data1\" content=\"webmaster kapitalis\" \/>\n\t<meta name=\"twitter:label2\" content=\"Dur\u00e9e de lecture estim\u00e9e\" \/>\n\t<meta name=\"twitter:data2\" content=\"1 minute\" \/>\n<script type=\"application\/ld+json\" class=\"yoast-schema-graph\">{\"@context\":\"https:\/\/schema.org\",\"@graph\":[{\"@type\":\"Article\",\"@id\":\"https:\/\/kapitalis.com\/tunisie\/2018\/02\/15\/esperance-etoile-taha-yassine-khenissi-operationnel\/#article\",\"isPartOf\":{\"@id\":\"https:\/\/kapitalis.com\/tunisie\/2018\/02\/15\/esperance-etoile-taha-yassine-khenissi-operationnel\/\"},\"author\":{\"name\":\"webmaster kapitalis\",\"@id\":\"https:\/\/kapitalis.com\/tunisie\/#\/schema\/person\/d71f33a9ca44f7bad4698210b480c8e9\"},\"headline\":\"Esp\u00e9rance-Etoile : Taha Yassine Khenissi op\u00e9rationnel\",\"datePublished\":\"2018-02-15T08:16:03+00:00\",\"mainEntityOfPage\":{\"@id\":\"https:\/\/kapitalis.com\/tunisie\/2018\/02\/15\/esperance-etoile-taha-yassine-khenissi-operationnel\/\"},\"wordCount\":196,\"commentCount\":0,\"publisher\":{\"@id\":\"https:\/\/kapitalis.com\/tunisie\/#organization\"},\"image\":{\"@id\":\"https:\/\/kapitalis.com\/tunisie\/2018\/02\/15\/esperance-etoile-taha-yassine-khenissi-operationnel\/#primaryimage\"},\"thumbnailUrl\":\"http:\/\/kapitalis.com\/tunisie\/wp-content\/uploads\/2017\/07\/Taha-Yassine-Khenissi.jpg\",\"keywords\":[\"Esp\u00e9rance sportive de Tunis\",\"Haythem Jouini\",\"Khalil Chammam\",\"stade de Rades\",\"Taha Yassine Khenissi\"],\"articleSection\":[\"SPORT\",\"Tunisie\"],\"inLanguage\":\"fr-FR\",\"potentialAction\":[{\"@type\":\"CommentAction\",\"name\":\"Comment\",\"target\":[\"https:\/\/kapitalis.com\/tunisie\/2018\/02\/15\/esperance-etoile-taha-yassine-khenissi-operationnel\/#respond\"]}]},{\"@type\":\"WebPage\",\"@id\":\"https:\/\/kapitalis.com\/tunisie\/2018\/02\/15\/esperance-etoile-taha-yassine-khenissi-operationnel\/\",\"url\":\"https:\/\/kapitalis.com\/tunisie\/2018\/02\/15\/esperance-etoile-taha-yassine-khenissi-operationnel\/\",\"name\":\"Esp\u00e9rance-Etoile : Taha Yassine Khenissi op\u00e9rationnel - Kapitalis\",\"isPartOf\":{\"@id\":\"https:\/\/kapitalis.com\/tunisie\/#website\"},\"primaryImageOfPage\":{\"@id\":\"https:\/\/kapitalis.com\/tunisie\/2018\/02\/15\/esperance-etoile-taha-yassine-khenissi-operationnel\/#primaryimage\"},\"image\":{\"@id\":\"https:\/\/kapitalis.com\/tunisie\/2018\/02\/15\/esperance-etoile-taha-yassine-khenissi-operationnel\/#primaryimage\"},\"thumbnailUrl\":\"http:\/\/kapitalis.com\/tunisie\/wp-content\/uploads\/2017\/07\/Taha-Yassine-Khenissi.jpg\",\"datePublished\":\"2018-02-15T08:16:03+00:00\",\"breadcrumb\":{\"@id\":\"https:\/\/kapitalis.com\/tunisie\/2018\/02\/15\/esperance-etoile-taha-yassine-khenissi-operationnel\/#breadcrumb\"},\"inLanguage\":\"fr-FR\",\"potentialAction\":[{\"@type\":\"ReadAction\",\"target\":[\"https:\/\/kapitalis.com\/tunisie\/2018\/02\/15\/esperance-etoile-taha-yassine-khenissi-operationnel\/\"]}]},{\"@type\":\"ImageObject\",\"inLanguage\":\"fr-FR\",\"@id\":\"https:\/\/kapitalis.com\/tunisie\/2018\/02\/15\/esperance-etoile-taha-yassine-khenissi-operationnel\/#primaryimage\",\"url\":\"http:\/\/kapitalis.com\/tunisie\/wp-content\/uploads\/2017\/07\/Taha-Yassine-Khenissi.jpg\",\"contentUrl\":\"http:\/\/kapitalis.com\/tunisie\/wp-content\/uploads\/2017\/07\/Taha-Yassine-Khenissi.jpg\"},{\"@type\":\"BreadcrumbList\",\"@id\":\"https:\/\/kapitalis.com\/tunisie\/2018\/02\/15\/esperance-etoile-taha-yassine-khenissi-operationnel\/#breadcrumb\",\"itemListElement\":[{\"@type\":\"ListItem\",\"position\":1,\"name\":\"Accueil\",\"item\":\"https:\/\/kapitalis.com\/tunisie\/\"},{\"@type\":\"ListItem\",\"position\":2,\"name\":\"Esp\u00e9rance-Etoile : Taha Yassine Khenissi op\u00e9rationnel\"}]},{\"@type\":\"WebSite\",\"@id\":\"https:\/\/kapitalis.com\/tunisie\/#website\",\"url\":\"https:\/\/kapitalis.com\/tunisie\/\",\"name\":\"Kapitalis\",\"description\":\"L&#039;actualit\u00e9 en Tunisie et dans le monde\",\"publisher\":{\"@id\":\"https:\/\/kapitalis.com\/tunisie\/#organization\"},\"potentialAction\":[{\"@type\":\"SearchAction\",\"target\":{\"@type\":\"EntryPoint\",\"urlTemplate\":\"https:\/\/kapitalis.com\/tunisie\/?s={search_term_string}\"},\"query-input\":{\"@type\":\"PropertyValueSpecification\",\"valueRequired\":true,\"valueName\":\"search_term_string\"}}],\"inLanguage\":\"fr-FR\"},{\"@type\":\"Organization\",\"@id\":\"https:\/\/kapitalis.com\/tunisie\/#organization\",\"name\":\"Kapitalis\",\"url\":\"https:\/\/kapitalis.com\/tunisie\/\",\"logo\":{\"@type\":\"ImageObject\",\"inLanguage\":\"fr-FR\",\"@id\":\"https:\/\/kapitalis.com\/tunisie\/#\/schema\/logo\/image\/\",\"url\":\"https:\/\/kapitalis.com\/tunisie\/wp-content\/uploads\/2022\/05\/Kapitalis-big-size.png\",\"contentUrl\":\"https:\/\/kapitalis.com\/tunisie\/wp-content\/uploads\/2022\/05\/Kapitalis-big-size.png\",\"width\":5000,\"height\":1500,\"caption\":\"Kapitalis\"},\"image\":{\"@id\":\"https:\/\/kapitalis.com\/tunisie\/#\/schema\/logo\/image\/\"},\"sameAs\":[\"https:\/\/www.facebook.com\/KapitalisInfo\/\",\"https:\/\/x.com\/KapitalisInfo\",\"https:\/\/www.youtube.com\/channel\/UC-yDYrHyfFBWWZaOw3FPg9Q\"]},{\"@type\":\"Person\",\"@id\":\"https:\/\/kapitalis.com\/tunisie\/#\/schema\/person\/d71f33a9ca44f7bad4698210b480c8e9\",\"name\":\"webmaster kapitalis\",\"url\":\"https:\/\/kapitalis.com\/tunisie\/author\/webmaster-kapitalis\/\"}]}<\/script>\n<!-- \/ Yoast SEO plugin. -->","yoast_head_json":{"title":"Esp\u00e9rance-Etoile : Taha Yassine Khenissi op\u00e9rationnel - Kapitalis","robots":{"index":"index","follow":"follow","max-snippet":"max-snippet:-1","max-image-preview":"max-image-preview:large","max-video-preview":"max-video-preview:-1"},"canonical":"https:\/\/kapitalis.com\/tunisie\/2018\/02\/15\/esperance-etoile-taha-yassine-khenissi-operationnel\/","og_locale":"fr_FR","og_type":"article","og_title":"Esp\u00e9rance-Etoile : Taha Yassine Khenissi op\u00e9rationnel - Kapitalis","og_description":"L&rsquo;Esp\u00e9rance sportive de Tunis (EST) devrait compter sur son attaquant vedette Taha Yassine Khenissi pour son match retard devant l\u2019Etoile sportive du Sahel (ESS).","og_url":"https:\/\/kapitalis.com\/tunisie\/2018\/02\/15\/esperance-etoile-taha-yassine-khenissi-operationnel\/","og_site_name":"Kapitalis","article_publisher":"https:\/\/www.facebook.com\/KapitalisInfo\/","article_published_time":"2018-02-15T08:16:03+00:00","og_image":[{"url":"http:\/\/kapitalis.com\/tunisie\/wp-content\/uploads\/2017\/07\/Taha-Yassine-Khenissi.jpg","type":"","width":"","height":""}],"author":"webmaster kapitalis","twitter_card":"summary_large_image","twitter_creator":"@KapitalisInfo","twitter_site":"@KapitalisInfo","twitter_misc":{"\u00c9crit par":"webmaster kapitalis","Dur\u00e9e de lecture estim\u00e9e":"1 minute"},"schema":{"@context":"https:\/\/schema.org","@graph":[{"@type":"Article","@id":"https:\/\/kapitalis.com\/tunisie\/2018\/02\/15\/esperance-etoile-taha-yassine-khenissi-operationnel\/#article","isPartOf":{"@id":"https:\/\/kapitalis.com\/tunisie\/2018\/02\/15\/esperance-etoile-taha-yassine-khenissi-operationnel\/"},"author":{"name":"webmaster kapitalis","@id":"https:\/\/kapitalis.com\/tunisie\/#\/schema\/person\/d71f33a9ca44f7bad4698210b480c8e9"},"headline":"Esp\u00e9rance-Etoile : Taha Yassine Khenissi op\u00e9rationnel","datePublished":"2018-02-15T08:16:03+00:00","mainEntityOfPage":{"@id":"https:\/\/kapitalis.com\/tunisie\/2018\/02\/15\/esperance-etoile-taha-yassine-khenissi-operationnel\/"},"wordCount":196,"commentCount":0,"publisher":{"@id":"https:\/\/kapitalis.com\/tunisie\/#organization"},"image":{"@id":"https:\/\/kapitalis.com\/tunisie\/2018\/02\/15\/esperance-etoile-taha-yassine-khenissi-operationnel\/#primaryimage"},"thumbnailUrl":"http:\/\/kapitalis.com\/tunisie\/wp-content\/uploads\/2017\/07\/Taha-Yassine-Khenissi.jpg","keywords":["Esp\u00e9rance sportive de Tunis","Haythem Jouini","Khalil Chammam","stade de Rades","Taha Yassine Khenissi"],"articleSection":["SPORT","Tunisie"],"inLanguage":"fr-FR","potentialAction":[{"@type":"CommentAction","name":"Comment","target":["https:\/\/kapitalis.com\/tunisie\/2018\/02\/15\/esperance-etoile-taha-yassine-khenissi-operationnel\/#respond"]}]},{"@type":"WebPage","@id":"https:\/\/kapitalis.com\/tunisie\/2018\/02\/15\/esperance-etoile-taha-yassine-khenissi-operationnel\/","url":"https:\/\/kapitalis.com\/tunisie\/2018\/02\/15\/esperance-etoile-taha-yassine-khenissi-operationnel\/","name":"Esp\u00e9rance-Etoile : Taha Yassine Khenissi op\u00e9rationnel - Kapitalis","isPartOf":{"@id":"https:\/\/kapitalis.com\/tunisie\/#website"},"primaryImageOfPage":{"@id":"https:\/\/kapitalis.com\/tunisie\/2018\/02\/15\/esperance-etoile-taha-yassine-khenissi-operationnel\/#primaryimage"},"image":{"@id":"https:\/\/kapitalis.com\/tunisie\/2018\/02\/15\/esperance-etoile-taha-yassine-khenissi-operationnel\/#primaryimage"},"thumbnailUrl":"http:\/\/kapitalis.com\/tunisie\/wp-content\/uploads\/2017\/07\/Taha-Yassine-Khenissi.jpg","datePublished":"2018-02-15T08:16:03+00:00","breadcrumb":{"@id":"https:\/\/kapitalis.com\/tunisie\/2018\/02\/15\/esperance-etoile-taha-yassine-khenissi-operationnel\/#breadcrumb"},"inLanguage":"fr-FR","potentialAction":[{"@type":"ReadAction","target":["https:\/\/kapitalis.com\/tunisie\/2018\/02\/15\/esperance-etoile-taha-yassine-khenissi-operationnel\/"]}]},{"@type":"ImageObject","inLanguage":"fr-FR","@id":"https:\/\/kapitalis.com\/tunisie\/2018\/02\/15\/esperance-etoile-taha-yassine-khenissi-operationnel\/#primaryimage","url":"http:\/\/kapitalis.com\/tunisie\/wp-content\/uploads\/2017\/07\/Taha-Yassine-Khenissi.jpg","contentUrl":"http:\/\/kapitalis.com\/tunisie\/wp-content\/uploads\/2017\/07\/Taha-Yassine-Khenissi.jpg"},{"@type":"BreadcrumbList","@id":"https:\/\/kapitalis.com\/tunisie\/2018\/02\/15\/esperance-etoile-taha-yassine-khenissi-operationnel\/#breadcrumb","itemListElement":[{"@type":"ListItem","position":1,"name":"Accueil","item":"https:\/\/kapitalis.com\/tunisie\/"},{"@type":"ListItem","position":2,"name":"Esp\u00e9rance-Etoile : Taha Yassine Khenissi op\u00e9rationnel"}]},{"@type":"WebSite","@id":"https:\/\/kapitalis.com\/tunisie\/#website","url":"https:\/\/kapitalis.com\/tunisie\/","name":"Kapitalis","description":"L&#039;actualit\u00e9 en Tunisie et dans le monde","publisher":{"@id":"https:\/\/kapitalis.com\/tunisie\/#organization"},"potentialAction":[{"@type":"SearchAction","target":{"@type":"EntryPoint","urlTemplate":"https:\/\/kapitalis.com\/tunisie\/?s={search_term_string}"},"query-input":{"@type":"PropertyValueSpecification","valueRequired":true,"valueName":"search_term_string"}}],"inLanguage":"fr-FR"},{"@type":"Organization","@id":"https:\/\/kapitalis.com\/tunisie\/#organization","name":"Kapitalis","url":"https:\/\/kapitalis.com\/tunisie\/","logo":{"@type":"ImageObject","inLanguage":"fr-FR","@id":"https:\/\/kapitalis.com\/tunisie\/#\/schema\/logo\/image\/","url":"https:\/\/kapitalis.com\/tunisie\/wp-content\/uploads\/2022\/05\/Kapitalis-big-size.png","contentUrl":"https:\/\/kapitalis.com\/tunisie\/wp-content\/uploads\/2022\/05\/Kapitalis-big-size.png","width":5000,"height":1500,"caption":"Kapitalis"},"image":{"@id":"https:\/\/kapitalis.com\/tunisie\/#\/schema\/logo\/image\/"},"sameAs":["https:\/\/www.facebook.com\/KapitalisInfo\/","https:\/\/x.com\/KapitalisInfo","https:\/\/www.youtube.com\/channel\/UC-yDYrHyfFBWWZaOw3FPg9Q"]},{"@type":"Person","@id":"https:\/\/kapitalis.com\/tunisie\/#\/schema\/person\/d71f33a9ca44f7bad4698210b480c8e9","name":"webmaster kapitalis","url":"https:\/\/kapitalis.com\/tunisie\/author\/webmaster-kapitalis\/"}]}},"_links":{"self":[{"href":"https:\/\/kapitalis.com\/tunisie\/wp-json\/wp\/v2\/posts\/138678","targetHints":{"allow":["GET"]}}],"collection":[{"href":"https:\/\/kapitalis.com\/tunisie\/wp-json\/wp\/v2\/posts"}],"about":[{"href":"https:\/\/kapitalis.com\/tunisie\/wp-json\/wp\/v2\/types\/post"}],"author":[{"embeddable":true,"href":"https:\/\/kapitalis.com\/tunisie\/wp-json\/wp\/v2\/users\/8"}],"replies":[{"embeddable":true,"href":"https:\/\/kapitalis.com\/tunisie\/wp-json\/wp\/v2\/comments?post=138678"}],"version-history":[{"count":0,"href":"https:\/\/kapitalis.com\/tunisie\/wp-json\/wp\/v2\/posts\/138678\/revisions"}],"wp:attachment":[{"href":"https:\/\/kapitalis.com\/tunisie\/wp-json\/wp\/v2\/media?parent=138678"}],"wp:term":[{"taxonomy":"category","embeddable":true,"href":"https:\/\/kapitalis.com\/tunisie\/wp-json\/wp\/v2\/categories?post=138678"},{"taxonomy":"post_tag","embeddable":true,"href":"https:\/\/kapitalis.com\/tunisie\/wp-json\/wp\/v2\/tags?post=138678"}],"curies":[{"name":"wp","href":"https:\/\/api.w.org\/{rel}","templated":true}]}}