{"id":13874589,"date":"2024-08-27T13:21:50","date_gmt":"2024-08-27T12:21:50","guid":{"rendered":"https:\/\/kapitalis.com\/tunisie\/?p=13874589"},"modified":"2024-08-27T13:36:19","modified_gmt":"2024-08-27T12:36:19","slug":"presidentielle-tribunal-administratif-oui-pour-abdellatif-mekki-non-pour-neji-jalloul","status":"publish","type":"post","link":"https:\/\/kapitalis.com\/tunisie\/2024\/08\/27\/presidentielle-tribunal-administratif-oui-pour-abdellatif-mekki-non-pour-neji-jalloul\/","title":{"rendered":"Pr\u00e9sidentielle &#8211; Tribunal administratif\u00a0: oui pour Abdellatif Mekki, non pour Neji Jalloul"},"content":{"rendered":"\n<p><strong><em>Le recours d\u00e9pos\u00e9 par Abdellatif Mekki, concernant le rejet de sa candidature \u00e0 l\u2019\u00e9lection pr\u00e9sidentielle du 6 octobre prochain, a \u00e9t\u00e9 accept\u00e9 sur la forme et sur le fond par l\u2019assembl\u00e9e pl\u00e9ni\u00e8re juridictionnelle relevant du Tribunal administratif.<\/em><\/strong><\/p>\n\n\n\n<!--more-->\n\n\n\n<p>C\u2019est ce qu\u2019a annonc\u00e9 Fay\u00e7al Bouguerra, porte-parole du Tribunal administratif, ce mardi 27 ao\u00fbt 2024.<\/p>\n\n\n\n<p>Est-ce \u00e0 dire que le secr\u00e9taire g\u00e9n\u00e9ral du parti Amal Wa Injaz (Travail et r\u00e9alisation)<strong> <\/strong>revient automatiquement dans la course \u00e0 l\u2019\u00e9lection pr\u00e9sidentielle, aux c\u00f4t\u00e9s du pr\u00e9sident sortant Ka\u00efs Sa\u00efed, du secr\u00e9taire g\u00e9n\u00e9ral du mouvement Echa\u00e2b, Zouhair Maghzaoui, et du secr\u00e9taire g\u00e9n\u00e9ral du parti Azimoun, Ayachi Zammel&nbsp;?<\/p>\n\n\n\n<p>Pas si vite ! Attendons de voir la r\u00e9action de l\u2019Instance sup\u00e9rieure ind\u00e9pendante pour les \u00e9lections (Isie) et le sort qui sera r\u00e9serv\u00e9 par la justice aux enqu\u00eates judiciaires d\u00e9j\u00e0 ouvertes contre le concern\u00e9.<\/p>\n\n\n\n<p>Dans ce m\u00eame contexte, la m\u00eame juridiction a rejet\u00e9, aujourd\u2019hui, sur la forme, le recours d\u00e9pos\u00e9 par N\u00e9ji Jalloul, le secr\u00e9taire g\u00e9n\u00e9ral de la Coalition nationale tunisienne, contre le refus de sa candidature \u00e0 l&rsquo;\u00e9lection pr\u00e9sidentielle par la commission \u00e9lectorale.<\/p>\n\n\n\n<p>Mohamed Tlili Mansri, porte-parole de l\u2019Isie, a d\u00e9clar\u00e9, ce mardi, que la liste d\u00e9finitive des candidats \u00e0 l\u2019\u00e9lection pr\u00e9sidentielle sera annonc\u00e9e, au plus tard, la semaine prochaine. Et<strong> <\/strong>la campagne \u00e9lectorale officielle pourra d\u00e9buter le 14 septembre prochain, ajoutant que les jugements rendus par l\u2019assembl\u00e9e pl\u00e9ni\u00e8re juridictionnelle relevant du tribunal administratif, concernant les appels contre les d\u00e9cisions de la premi\u00e8re instance, li\u00e9es aux candidatures \u00e0 l&rsquo;\u00e9lection pr\u00e9sidentielle, seront d\u00e9finitifs et ne pourront faire l\u2019objet d&rsquo;aucun recours, m\u00eame en cassation.<\/p>\n\n\n\n<p>Rappelons que quatre autres candidats ont d\u00e9pos\u00e9 des recours similaires et attendent le jugement de l\u2019assembl\u00e9e pl\u00e9ni\u00e8re juridictionnelle relevant du tribunal administratif. Il s&rsquo;agit de Mondher Zena\u00efdi, Abir Moussi, Imed Daimi et B\u00e9chir El-Ouni. La d\u00e9cision sera probablement annonc\u00e9e au plus tard apr\u00e8s-demain, jeudi. <\/p>\n\n\n\n<p class=\"has-text-align-right\"><strong>I. B.<\/strong><\/p>\n","protected":false},"excerpt":{"rendered":"<p>Le tribunal administratif donne raison \u00e0 Abdellatif Mekki et rejette le recours de Neji Jalloul.<\/p>\n","protected":false},"author":8,"featured_media":13874647,"comment_status":"closed","ping_status":"open","sticky":false,"template":"","format":"standard","meta":{"footnotes":""},"categories":[997,2433],"tags":[17,116547,79858,86197,76012,81352,4797,1772,62643,4896],"class_list":["post-13874589","post","type-post","status-publish","format-standard","has-post-thumbnail","hentry","category-politique","category-tunisie","tag-abdellatif-mekki","tag-amal-wa-injaz","tag-ayachi-zammel","tag-faycal-bouguerra","tag-kais-saied-2","tag-neji-jalloul-2","tag-presidentielle","tag-tribunal-administratif","tag-tunisie","tag-zouhair-maghzaoui"],"yoast_head":"<!-- This site is optimized with the Yoast SEO plugin v26.6 - https:\/\/yoast.com\/wordpress\/plugins\/seo\/ -->\n<title>Pr\u00e9sidentielle - Tribunal administratif\u00a0: oui pour Abdellatif Mekki, non pour Neji Jalloul - Kapitalis<\/title>\n<meta name=\"robots\" content=\"index, follow, max-snippet:-1, max-image-preview:large, max-video-preview:-1\" \/>\n<link rel=\"canonical\" href=\"https:\/\/kapitalis.com\/tunisie\/2024\/08\/27\/presidentielle-tribunal-administratif-oui-pour-abdellatif-mekki-non-pour-neji-jalloul\/\" \/>\n<meta property=\"og:locale\" content=\"fr_FR\" \/>\n<meta property=\"og:type\" content=\"article\" \/>\n<meta property=\"og:title\" content=\"Pr\u00e9sidentielle - Tribunal administratif\u00a0: oui pour Abdellatif Mekki, non pour Neji Jalloul - Kapitalis\" \/>\n<meta property=\"og:description\" content=\"Le tribunal administratif donne raison \u00e0 Abdellatif Mekki et rejette le recours de Neji Jalloul.\" \/>\n<meta property=\"og:url\" content=\"https:\/\/kapitalis.com\/tunisie\/2024\/08\/27\/presidentielle-tribunal-administratif-oui-pour-abdellatif-mekki-non-pour-neji-jalloul\/\" \/>\n<meta property=\"og:site_name\" content=\"Kapitalis\" \/>\n<meta property=\"article:publisher\" content=\"https:\/\/www.facebook.com\/KapitalisInfo\/\" \/>\n<meta property=\"article:published_time\" content=\"2024-08-27T12:21:50+00:00\" \/>\n<meta property=\"article:modified_time\" content=\"2024-08-27T12:36:19+00:00\" \/>\n<meta property=\"og:image\" content=\"https:\/\/kapitalis.com\/tunisie\/wp-content\/uploads\/2024\/08\/Abdellatif-Mekki-Neji-Jalloul.jpg\" \/>\n\t<meta property=\"og:image:width\" content=\"1200\" \/>\n\t<meta property=\"og:image:height\" content=\"630\" \/>\n\t<meta property=\"og:image:type\" content=\"image\/jpeg\" \/>\n<meta name=\"author\" content=\"webmaster kapitalis\" \/>\n<meta name=\"twitter:card\" content=\"summary_large_image\" \/>\n<meta name=\"twitter:creator\" content=\"@KapitalisInfo\" \/>\n<meta name=\"twitter:site\" content=\"@KapitalisInfo\" \/>\n<meta name=\"twitter:label1\" content=\"\u00c9crit par\" \/>\n\t<meta name=\"twitter:data1\" content=\"webmaster kapitalis\" \/>\n\t<meta name=\"twitter:label2\" content=\"Dur\u00e9e de lecture estim\u00e9e\" \/>\n\t<meta name=\"twitter:data2\" content=\"2 minutes\" \/>\n<script type=\"application\/ld+json\" class=\"yoast-schema-graph\">{\"@context\":\"https:\/\/schema.org\",\"@graph\":[{\"@type\":\"Article\",\"@id\":\"https:\/\/kapitalis.com\/tunisie\/2024\/08\/27\/presidentielle-tribunal-administratif-oui-pour-abdellatif-mekki-non-pour-neji-jalloul\/#article\",\"isPartOf\":{\"@id\":\"https:\/\/kapitalis.com\/tunisie\/2024\/08\/27\/presidentielle-tribunal-administratif-oui-pour-abdellatif-mekki-non-pour-neji-jalloul\/\"},\"author\":{\"name\":\"webmaster kapitalis\",\"@id\":\"https:\/\/kapitalis.com\/tunisie\/#\/schema\/person\/d71f33a9ca44f7bad4698210b480c8e9\"},\"headline\":\"Pr\u00e9sidentielle &#8211; Tribunal administratif\u00a0: oui pour Abdellatif Mekki, non pour Neji Jalloul\",\"datePublished\":\"2024-08-27T12:21:50+00:00\",\"dateModified\":\"2024-08-27T12:36:19+00:00\",\"mainEntityOfPage\":{\"@id\":\"https:\/\/kapitalis.com\/tunisie\/2024\/08\/27\/presidentielle-tribunal-administratif-oui-pour-abdellatif-mekki-non-pour-neji-jalloul\/\"},\"wordCount\":376,\"publisher\":{\"@id\":\"https:\/\/kapitalis.com\/tunisie\/#organization\"},\"image\":{\"@id\":\"https:\/\/kapitalis.com\/tunisie\/2024\/08\/27\/presidentielle-tribunal-administratif-oui-pour-abdellatif-mekki-non-pour-neji-jalloul\/#primaryimage\"},\"thumbnailUrl\":\"https:\/\/kapitalis.com\/tunisie\/wp-content\/uploads\/2024\/08\/Abdellatif-Mekki-Neji-Jalloul.jpg\",\"keywords\":[\"Abdellatif Mekki\",\"Amal Wa Injaz\",\"Ayachi Zammel\",\"Fay\u00e7al Bouguerra\",\"Ka\u00efs Sa\u00efed\",\"n\u00e9ji jalloul\",\"pr\u00e9sidentielle\",\"tribunal administratif\",\"Tunisie\",\"Zouhair Maghzaoui\"],\"articleSection\":[\"POLITIQUE\",\"Tunisie\"],\"inLanguage\":\"fr-FR\"},{\"@type\":\"WebPage\",\"@id\":\"https:\/\/kapitalis.com\/tunisie\/2024\/08\/27\/presidentielle-tribunal-administratif-oui-pour-abdellatif-mekki-non-pour-neji-jalloul\/\",\"url\":\"https:\/\/kapitalis.com\/tunisie\/2024\/08\/27\/presidentielle-tribunal-administratif-oui-pour-abdellatif-mekki-non-pour-neji-jalloul\/\",\"name\":\"Pr\u00e9sidentielle - Tribunal administratif\u00a0: oui pour Abdellatif Mekki, non pour Neji Jalloul - Kapitalis\",\"isPartOf\":{\"@id\":\"https:\/\/kapitalis.com\/tunisie\/#website\"},\"primaryImageOfPage\":{\"@id\":\"https:\/\/kapitalis.com\/tunisie\/2024\/08\/27\/presidentielle-tribunal-administratif-oui-pour-abdellatif-mekki-non-pour-neji-jalloul\/#primaryimage\"},\"image\":{\"@id\":\"https:\/\/kapitalis.com\/tunisie\/2024\/08\/27\/presidentielle-tribunal-administratif-oui-pour-abdellatif-mekki-non-pour-neji-jalloul\/#primaryimage\"},\"thumbnailUrl\":\"https:\/\/kapitalis.com\/tunisie\/wp-content\/uploads\/2024\/08\/Abdellatif-Mekki-Neji-Jalloul.jpg\",\"datePublished\":\"2024-08-27T12:21:50+00:00\",\"dateModified\":\"2024-08-27T12:36:19+00:00\",\"breadcrumb\":{\"@id\":\"https:\/\/kapitalis.com\/tunisie\/2024\/08\/27\/presidentielle-tribunal-administratif-oui-pour-abdellatif-mekki-non-pour-neji-jalloul\/#breadcrumb\"},\"inLanguage\":\"fr-FR\",\"potentialAction\":[{\"@type\":\"ReadAction\",\"target\":[\"https:\/\/kapitalis.com\/tunisie\/2024\/08\/27\/presidentielle-tribunal-administratif-oui-pour-abdellatif-mekki-non-pour-neji-jalloul\/\"]}]},{\"@type\":\"ImageObject\",\"inLanguage\":\"fr-FR\",\"@id\":\"https:\/\/kapitalis.com\/tunisie\/2024\/08\/27\/presidentielle-tribunal-administratif-oui-pour-abdellatif-mekki-non-pour-neji-jalloul\/#primaryimage\",\"url\":\"https:\/\/kapitalis.com\/tunisie\/wp-content\/uploads\/2024\/08\/Abdellatif-Mekki-Neji-Jalloul.jpg\",\"contentUrl\":\"https:\/\/kapitalis.com\/tunisie\/wp-content\/uploads\/2024\/08\/Abdellatif-Mekki-Neji-Jalloul.jpg\",\"width\":1200,\"height\":630},{\"@type\":\"BreadcrumbList\",\"@id\":\"https:\/\/kapitalis.com\/tunisie\/2024\/08\/27\/presidentielle-tribunal-administratif-oui-pour-abdellatif-mekki-non-pour-neji-jalloul\/#breadcrumb\",\"itemListElement\":[{\"@type\":\"ListItem\",\"position\":1,\"name\":\"Accueil\",\"item\":\"https:\/\/kapitalis.com\/tunisie\/\"},{\"@type\":\"ListItem\",\"position\":2,\"name\":\"Pr\u00e9sidentielle &#8211; Tribunal administratif\u00a0: oui pour Abdellatif Mekki, non pour Neji Jalloul\"}]},{\"@type\":\"WebSite\",\"@id\":\"https:\/\/kapitalis.com\/tunisie\/#website\",\"url\":\"https:\/\/kapitalis.com\/tunisie\/\",\"name\":\"Kapitalis\",\"description\":\"L&#039;actualit\u00e9 en Tunisie et dans le monde\",\"publisher\":{\"@id\":\"https:\/\/kapitalis.com\/tunisie\/#organization\"},\"potentialAction\":[{\"@type\":\"SearchAction\",\"target\":{\"@type\":\"EntryPoint\",\"urlTemplate\":\"https:\/\/kapitalis.com\/tunisie\/?s={search_term_string}\"},\"query-input\":{\"@type\":\"PropertyValueSpecification\",\"valueRequired\":true,\"valueName\":\"search_term_string\"}}],\"inLanguage\":\"fr-FR\"},{\"@type\":\"Organization\",\"@id\":\"https:\/\/kapitalis.com\/tunisie\/#organization\",\"name\":\"Kapitalis\",\"url\":\"https:\/\/kapitalis.com\/tunisie\/\",\"logo\":{\"@type\":\"ImageObject\",\"inLanguage\":\"fr-FR\",\"@id\":\"https:\/\/kapitalis.com\/tunisie\/#\/schema\/logo\/image\/\",\"url\":\"https:\/\/kapitalis.com\/tunisie\/wp-content\/uploads\/2022\/05\/Kapitalis-big-size.png\",\"contentUrl\":\"https:\/\/kapitalis.com\/tunisie\/wp-content\/uploads\/2022\/05\/Kapitalis-big-size.png\",\"width\":5000,\"height\":1500,\"caption\":\"Kapitalis\"},\"image\":{\"@id\":\"https:\/\/kapitalis.com\/tunisie\/#\/schema\/logo\/image\/\"},\"sameAs\":[\"https:\/\/www.facebook.com\/KapitalisInfo\/\",\"https:\/\/x.com\/KapitalisInfo\",\"https:\/\/www.youtube.com\/channel\/UC-yDYrHyfFBWWZaOw3FPg9Q\"]},{\"@type\":\"Person\",\"@id\":\"https:\/\/kapitalis.com\/tunisie\/#\/schema\/person\/d71f33a9ca44f7bad4698210b480c8e9\",\"name\":\"webmaster kapitalis\",\"url\":\"https:\/\/kapitalis.com\/tunisie\/author\/webmaster-kapitalis\/\"}]}<\/script>\n<!-- \/ Yoast SEO plugin. -->","yoast_head_json":{"title":"Pr\u00e9sidentielle - Tribunal administratif\u00a0: oui pour Abdellatif Mekki, non pour Neji Jalloul - Kapitalis","robots":{"index":"index","follow":"follow","max-snippet":"max-snippet:-1","max-image-preview":"max-image-preview:large","max-video-preview":"max-video-preview:-1"},"canonical":"https:\/\/kapitalis.com\/tunisie\/2024\/08\/27\/presidentielle-tribunal-administratif-oui-pour-abdellatif-mekki-non-pour-neji-jalloul\/","og_locale":"fr_FR","og_type":"article","og_title":"Pr\u00e9sidentielle - Tribunal administratif\u00a0: oui pour Abdellatif Mekki, non pour Neji Jalloul - Kapitalis","og_description":"Le tribunal administratif donne raison \u00e0 Abdellatif Mekki et rejette le recours de Neji Jalloul.","og_url":"https:\/\/kapitalis.com\/tunisie\/2024\/08\/27\/presidentielle-tribunal-administratif-oui-pour-abdellatif-mekki-non-pour-neji-jalloul\/","og_site_name":"Kapitalis","article_publisher":"https:\/\/www.facebook.com\/KapitalisInfo\/","article_published_time":"2024-08-27T12:21:50+00:00","article_modified_time":"2024-08-27T12:36:19+00:00","og_image":[{"width":1200,"height":630,"url":"https:\/\/kapitalis.com\/tunisie\/wp-content\/uploads\/2024\/08\/Abdellatif-Mekki-Neji-Jalloul.jpg","type":"image\/jpeg"}],"author":"webmaster kapitalis","twitter_card":"summary_large_image","twitter_creator":"@KapitalisInfo","twitter_site":"@KapitalisInfo","twitter_misc":{"\u00c9crit par":"webmaster kapitalis","Dur\u00e9e de lecture estim\u00e9e":"2 minutes"},"schema":{"@context":"https:\/\/schema.org","@graph":[{"@type":"Article","@id":"https:\/\/kapitalis.com\/tunisie\/2024\/08\/27\/presidentielle-tribunal-administratif-oui-pour-abdellatif-mekki-non-pour-neji-jalloul\/#article","isPartOf":{"@id":"https:\/\/kapitalis.com\/tunisie\/2024\/08\/27\/presidentielle-tribunal-administratif-oui-pour-abdellatif-mekki-non-pour-neji-jalloul\/"},"author":{"name":"webmaster kapitalis","@id":"https:\/\/kapitalis.com\/tunisie\/#\/schema\/person\/d71f33a9ca44f7bad4698210b480c8e9"},"headline":"Pr\u00e9sidentielle &#8211; Tribunal administratif\u00a0: oui pour Abdellatif Mekki, non pour Neji Jalloul","datePublished":"2024-08-27T12:21:50+00:00","dateModified":"2024-08-27T12:36:19+00:00","mainEntityOfPage":{"@id":"https:\/\/kapitalis.com\/tunisie\/2024\/08\/27\/presidentielle-tribunal-administratif-oui-pour-abdellatif-mekki-non-pour-neji-jalloul\/"},"wordCount":376,"publisher":{"@id":"https:\/\/kapitalis.com\/tunisie\/#organization"},"image":{"@id":"https:\/\/kapitalis.com\/tunisie\/2024\/08\/27\/presidentielle-tribunal-administratif-oui-pour-abdellatif-mekki-non-pour-neji-jalloul\/#primaryimage"},"thumbnailUrl":"https:\/\/kapitalis.com\/tunisie\/wp-content\/uploads\/2024\/08\/Abdellatif-Mekki-Neji-Jalloul.jpg","keywords":["Abdellatif Mekki","Amal Wa Injaz","Ayachi Zammel","Fay\u00e7al Bouguerra","Ka\u00efs Sa\u00efed","n\u00e9ji jalloul","pr\u00e9sidentielle","tribunal administratif","Tunisie","Zouhair Maghzaoui"],"articleSection":["POLITIQUE","Tunisie"],"inLanguage":"fr-FR"},{"@type":"WebPage","@id":"https:\/\/kapitalis.com\/tunisie\/2024\/08\/27\/presidentielle-tribunal-administratif-oui-pour-abdellatif-mekki-non-pour-neji-jalloul\/","url":"https:\/\/kapitalis.com\/tunisie\/2024\/08\/27\/presidentielle-tribunal-administratif-oui-pour-abdellatif-mekki-non-pour-neji-jalloul\/","name":"Pr\u00e9sidentielle - Tribunal administratif\u00a0: oui pour Abdellatif Mekki, non pour Neji Jalloul - Kapitalis","isPartOf":{"@id":"https:\/\/kapitalis.com\/tunisie\/#website"},"primaryImageOfPage":{"@id":"https:\/\/kapitalis.com\/tunisie\/2024\/08\/27\/presidentielle-tribunal-administratif-oui-pour-abdellatif-mekki-non-pour-neji-jalloul\/#primaryimage"},"image":{"@id":"https:\/\/kapitalis.com\/tunisie\/2024\/08\/27\/presidentielle-tribunal-administratif-oui-pour-abdellatif-mekki-non-pour-neji-jalloul\/#primaryimage"},"thumbnailUrl":"https:\/\/kapitalis.com\/tunisie\/wp-content\/uploads\/2024\/08\/Abdellatif-Mekki-Neji-Jalloul.jpg","datePublished":"2024-08-27T12:21:50+00:00","dateModified":"2024-08-27T12:36:19+00:00","breadcrumb":{"@id":"https:\/\/kapitalis.com\/tunisie\/2024\/08\/27\/presidentielle-tribunal-administratif-oui-pour-abdellatif-mekki-non-pour-neji-jalloul\/#breadcrumb"},"inLanguage":"fr-FR","potentialAction":[{"@type":"ReadAction","target":["https:\/\/kapitalis.com\/tunisie\/2024\/08\/27\/presidentielle-tribunal-administratif-oui-pour-abdellatif-mekki-non-pour-neji-jalloul\/"]}]},{"@type":"ImageObject","inLanguage":"fr-FR","@id":"https:\/\/kapitalis.com\/tunisie\/2024\/08\/27\/presidentielle-tribunal-administratif-oui-pour-abdellatif-mekki-non-pour-neji-jalloul\/#primaryimage","url":"https:\/\/kapitalis.com\/tunisie\/wp-content\/uploads\/2024\/08\/Abdellatif-Mekki-Neji-Jalloul.jpg","contentUrl":"https:\/\/kapitalis.com\/tunisie\/wp-content\/uploads\/2024\/08\/Abdellatif-Mekki-Neji-Jalloul.jpg","width":1200,"height":630},{"@type":"BreadcrumbList","@id":"https:\/\/kapitalis.com\/tunisie\/2024\/08\/27\/presidentielle-tribunal-administratif-oui-pour-abdellatif-mekki-non-pour-neji-jalloul\/#breadcrumb","itemListElement":[{"@type":"ListItem","position":1,"name":"Accueil","item":"https:\/\/kapitalis.com\/tunisie\/"},{"@type":"ListItem","position":2,"name":"Pr\u00e9sidentielle &#8211; Tribunal administratif\u00a0: oui pour Abdellatif Mekki, non pour Neji Jalloul"}]},{"@type":"WebSite","@id":"https:\/\/kapitalis.com\/tunisie\/#website","url":"https:\/\/kapitalis.com\/tunisie\/","name":"Kapitalis","description":"L&#039;actualit\u00e9 en Tunisie et dans le monde","publisher":{"@id":"https:\/\/kapitalis.com\/tunisie\/#organization"},"potentialAction":[{"@type":"SearchAction","target":{"@type":"EntryPoint","urlTemplate":"https:\/\/kapitalis.com\/tunisie\/?s={search_term_string}"},"query-input":{"@type":"PropertyValueSpecification","valueRequired":true,"valueName":"search_term_string"}}],"inLanguage":"fr-FR"},{"@type":"Organization","@id":"https:\/\/kapitalis.com\/tunisie\/#organization","name":"Kapitalis","url":"https:\/\/kapitalis.com\/tunisie\/","logo":{"@type":"ImageObject","inLanguage":"fr-FR","@id":"https:\/\/kapitalis.com\/tunisie\/#\/schema\/logo\/image\/","url":"https:\/\/kapitalis.com\/tunisie\/wp-content\/uploads\/2022\/05\/Kapitalis-big-size.png","contentUrl":"https:\/\/kapitalis.com\/tunisie\/wp-content\/uploads\/2022\/05\/Kapitalis-big-size.png","width":5000,"height":1500,"caption":"Kapitalis"},"image":{"@id":"https:\/\/kapitalis.com\/tunisie\/#\/schema\/logo\/image\/"},"sameAs":["https:\/\/www.facebook.com\/KapitalisInfo\/","https:\/\/x.com\/KapitalisInfo","https:\/\/www.youtube.com\/channel\/UC-yDYrHyfFBWWZaOw3FPg9Q"]},{"@type":"Person","@id":"https:\/\/kapitalis.com\/tunisie\/#\/schema\/person\/d71f33a9ca44f7bad4698210b480c8e9","name":"webmaster kapitalis","url":"https:\/\/kapitalis.com\/tunisie\/author\/webmaster-kapitalis\/"}]}},"_links":{"self":[{"href":"https:\/\/kapitalis.com\/tunisie\/wp-json\/wp\/v2\/posts\/13874589","targetHints":{"allow":["GET"]}}],"collection":[{"href":"https:\/\/kapitalis.com\/tunisie\/wp-json\/wp\/v2\/posts"}],"about":[{"href":"https:\/\/kapitalis.com\/tunisie\/wp-json\/wp\/v2\/types\/post"}],"author":[{"embeddable":true,"href":"https:\/\/kapitalis.com\/tunisie\/wp-json\/wp\/v2\/users\/8"}],"replies":[{"embeddable":true,"href":"https:\/\/kapitalis.com\/tunisie\/wp-json\/wp\/v2\/comments?post=13874589"}],"version-history":[{"count":3,"href":"https:\/\/kapitalis.com\/tunisie\/wp-json\/wp\/v2\/posts\/13874589\/revisions"}],"predecessor-version":[{"id":13874813,"href":"https:\/\/kapitalis.com\/tunisie\/wp-json\/wp\/v2\/posts\/13874589\/revisions\/13874813"}],"wp:featuredmedia":[{"embeddable":true,"href":"https:\/\/kapitalis.com\/tunisie\/wp-json\/wp\/v2\/media\/13874647"}],"wp:attachment":[{"href":"https:\/\/kapitalis.com\/tunisie\/wp-json\/wp\/v2\/media?parent=13874589"}],"wp:term":[{"taxonomy":"category","embeddable":true,"href":"https:\/\/kapitalis.com\/tunisie\/wp-json\/wp\/v2\/categories?post=13874589"},{"taxonomy":"post_tag","embeddable":true,"href":"https:\/\/kapitalis.com\/tunisie\/wp-json\/wp\/v2\/tags?post=13874589"}],"curies":[{"name":"wp","href":"https:\/\/api.w.org\/{rel}","templated":true}]}}