{"id":13877523,"date":"2024-08-27T23:35:06","date_gmt":"2024-08-27T22:35:06","guid":{"rendered":"https:\/\/kapitalis.com\/tunisie\/?p=13877523"},"modified":"2024-08-27T23:38:26","modified_gmt":"2024-08-27T22:38:26","slug":"presidentielle-daimi-felicite-mekki-et-se-dit-confiant-quant-a-lissue-de-son-recours","status":"publish","type":"post","link":"https:\/\/kapitalis.com\/tunisie\/2024\/08\/27\/presidentielle-daimi-felicite-mekki-et-se-dit-confiant-quant-a-lissue-de-son-recours\/","title":{"rendered":"Pr\u00e9sidentielle : Da\u00efmi f\u00e9licite Mekki et se dit confiant quant \u00e0 l&rsquo;issue de son recours"},"content":{"rendered":"\n<p><strong><em>Imed Da\u00efmi a f\u00e9licit\u00e9 Abdellatif Mekki revenu dans la course \u00e0 la pr\u00e9sidentielle, apr\u00e8s que le tribunal administratif ait accept\u00e9 son recours sur la forme et sur le fond, annulant ainsi la d\u00e9cision de l&rsquo;Instance sup\u00e9rieure ind\u00e9pendante pour les \u00e9lections (Isie).<\/em><\/strong><\/p>\n\n\n\n<!--more-->\n\n\n\n<p>Dans une note diffus\u00e9e ce mardi 27 ao\u00fbt 2024, Imed Da\u00efmi a affirm\u00e9 \u00eatre certain que \u00ab <em>le tribunal administratif lui rendra justice et tranchera en sa faveur \u00bb<\/em>, a-t-il \u00e9crit en affirmant que dossier remplit toutes les conditions et que son exclusion \u00e9tait injuste.<\/p>\n\n\n\n<p>Notons que le recours d\u00e9pos\u00e9 par Abdellatif Mekki, concernant le rejet de sa candidature \u00e0 l\u2019\u00e9lection pr\u00e9sidentielle, a \u00e9t\u00e9 accept\u00e9 sur la forme et sur le fond par l\u2019assembl\u00e9e pl\u00e9ni\u00e8re juridictionnelle relevant du Tribunal administratif.<\/p>\n\n\n\n<p>Quant au recours d\u00e9pos\u00e9 par Imed Da\u00efmi, une s\u00e9ance de d\u00e9lib\u00e9ration \u00e0 ce propos est pr\u00e9vue pour jeudi 29 ao\u00fbt.<\/p>\n\n\n\n<p class=\"has-text-align-right\"><strong>Y. N.<\/strong><\/p>\n","protected":false},"excerpt":{"rendered":"<p>Imed Da\u00efmi a f\u00e9licit\u00e9 Abdellatif Mekki revenu dans la course \u00e0 la pr\u00e9sidentielle, apr\u00e8s que le tribunal administratif ait accept\u00e9 son recours sur la forme et sur le fond, annulant ainsi la d\u00e9cision de l&rsquo;Instance sup\u00e9rieure ind\u00e9pendante pour les \u00e9lections (Isie).<\/p>\n","protected":false},"author":6,"featured_media":13877566,"comment_status":"closed","ping_status":"open","sticky":false,"template":"","format":"standard","meta":{"footnotes":""},"categories":[997,2433],"tags":[117000,17,75892,4797,1772,62643],"class_list":["post-13877523","post","type-post","status-publish","format-standard","has-post-thumbnail","hentry","category-politique","category-tunisie","tag-6-octobre","tag-abdellatif-mekki","tag-imed-daimi-2","tag-presidentielle","tag-tribunal-administratif","tag-tunisie"],"yoast_head":"<!-- This site is optimized with the Yoast SEO plugin v26.6 - https:\/\/yoast.com\/wordpress\/plugins\/seo\/ -->\n<title>Pr\u00e9sidentielle : Da\u00efmi f\u00e9licite Mekki et se dit confiant quant \u00e0 l&#039;issue de son recours - Kapitalis<\/title>\n<meta name=\"robots\" content=\"index, follow, max-snippet:-1, max-image-preview:large, max-video-preview:-1\" \/>\n<link rel=\"canonical\" href=\"https:\/\/kapitalis.com\/tunisie\/2024\/08\/27\/presidentielle-daimi-felicite-mekki-et-se-dit-confiant-quant-a-lissue-de-son-recours\/\" \/>\n<meta property=\"og:locale\" content=\"fr_FR\" \/>\n<meta property=\"og:type\" content=\"article\" \/>\n<meta property=\"og:title\" content=\"Pr\u00e9sidentielle : Da\u00efmi f\u00e9licite Mekki et se dit confiant quant \u00e0 l&#039;issue de son recours - Kapitalis\" \/>\n<meta property=\"og:description\" content=\"Imed Da\u00efmi a f\u00e9licit\u00e9 Abdellatif Mekki revenu dans la course \u00e0 la pr\u00e9sidentielle, apr\u00e8s que le tribunal administratif ait accept\u00e9 son recours sur la forme et sur le fond, annulant ainsi la d\u00e9cision de l&rsquo;Instance sup\u00e9rieure ind\u00e9pendante pour les \u00e9lections (Isie).\" \/>\n<meta property=\"og:url\" content=\"https:\/\/kapitalis.com\/tunisie\/2024\/08\/27\/presidentielle-daimi-felicite-mekki-et-se-dit-confiant-quant-a-lissue-de-son-recours\/\" \/>\n<meta property=\"og:site_name\" content=\"Kapitalis\" \/>\n<meta property=\"article:publisher\" content=\"https:\/\/www.facebook.com\/KapitalisInfo\/\" \/>\n<meta property=\"article:published_time\" content=\"2024-08-27T22:35:06+00:00\" \/>\n<meta property=\"article:modified_time\" content=\"2024-08-27T22:38:26+00:00\" \/>\n<meta property=\"og:image\" content=\"https:\/\/kapitalis.com\/tunisie\/wp-content\/uploads\/2024\/08\/Daimi-Mekki.jpg\" \/>\n\t<meta property=\"og:image:width\" content=\"1200\" \/>\n\t<meta property=\"og:image:height\" content=\"630\" \/>\n\t<meta property=\"og:image:type\" content=\"image\/jpeg\" \/>\n<meta name=\"author\" content=\"Yusra NY\" \/>\n<meta name=\"twitter:card\" content=\"summary_large_image\" \/>\n<meta name=\"twitter:creator\" content=\"@KapitalisInfo\" \/>\n<meta name=\"twitter:site\" content=\"@KapitalisInfo\" \/>\n<meta name=\"twitter:label1\" content=\"\u00c9crit par\" \/>\n\t<meta name=\"twitter:data1\" content=\"Yusra NY\" \/>\n\t<meta name=\"twitter:label2\" content=\"Dur\u00e9e de lecture estim\u00e9e\" \/>\n\t<meta name=\"twitter:data2\" content=\"1 minute\" \/>\n<script type=\"application\/ld+json\" class=\"yoast-schema-graph\">{\"@context\":\"https:\/\/schema.org\",\"@graph\":[{\"@type\":\"Article\",\"@id\":\"https:\/\/kapitalis.com\/tunisie\/2024\/08\/27\/presidentielle-daimi-felicite-mekki-et-se-dit-confiant-quant-a-lissue-de-son-recours\/#article\",\"isPartOf\":{\"@id\":\"https:\/\/kapitalis.com\/tunisie\/2024\/08\/27\/presidentielle-daimi-felicite-mekki-et-se-dit-confiant-quant-a-lissue-de-son-recours\/\"},\"author\":{\"name\":\"Yusra NY\",\"@id\":\"https:\/\/kapitalis.com\/tunisie\/#\/schema\/person\/74bbde0154d49d790a92aaeac5bc01d5\"},\"headline\":\"Pr\u00e9sidentielle : Da\u00efmi f\u00e9licite Mekki et se dit confiant quant \u00e0 l&rsquo;issue de son recours\",\"datePublished\":\"2024-08-27T22:35:06+00:00\",\"dateModified\":\"2024-08-27T22:38:26+00:00\",\"mainEntityOfPage\":{\"@id\":\"https:\/\/kapitalis.com\/tunisie\/2024\/08\/27\/presidentielle-daimi-felicite-mekki-et-se-dit-confiant-quant-a-lissue-de-son-recours\/\"},\"wordCount\":175,\"publisher\":{\"@id\":\"https:\/\/kapitalis.com\/tunisie\/#organization\"},\"image\":{\"@id\":\"https:\/\/kapitalis.com\/tunisie\/2024\/08\/27\/presidentielle-daimi-felicite-mekki-et-se-dit-confiant-quant-a-lissue-de-son-recours\/#primaryimage\"},\"thumbnailUrl\":\"https:\/\/kapitalis.com\/tunisie\/wp-content\/uploads\/2024\/08\/Daimi-Mekki.jpg\",\"keywords\":[\"6 octobre\",\"Abdellatif Mekki\",\"Imed Da\u00efmi\",\"pr\u00e9sidentielle\",\"tribunal administratif\",\"Tunisie\"],\"articleSection\":[\"POLITIQUE\",\"Tunisie\"],\"inLanguage\":\"fr-FR\"},{\"@type\":\"WebPage\",\"@id\":\"https:\/\/kapitalis.com\/tunisie\/2024\/08\/27\/presidentielle-daimi-felicite-mekki-et-se-dit-confiant-quant-a-lissue-de-son-recours\/\",\"url\":\"https:\/\/kapitalis.com\/tunisie\/2024\/08\/27\/presidentielle-daimi-felicite-mekki-et-se-dit-confiant-quant-a-lissue-de-son-recours\/\",\"name\":\"Pr\u00e9sidentielle : Da\u00efmi f\u00e9licite Mekki et se dit confiant quant \u00e0 l'issue de son recours - Kapitalis\",\"isPartOf\":{\"@id\":\"https:\/\/kapitalis.com\/tunisie\/#website\"},\"primaryImageOfPage\":{\"@id\":\"https:\/\/kapitalis.com\/tunisie\/2024\/08\/27\/presidentielle-daimi-felicite-mekki-et-se-dit-confiant-quant-a-lissue-de-son-recours\/#primaryimage\"},\"image\":{\"@id\":\"https:\/\/kapitalis.com\/tunisie\/2024\/08\/27\/presidentielle-daimi-felicite-mekki-et-se-dit-confiant-quant-a-lissue-de-son-recours\/#primaryimage\"},\"thumbnailUrl\":\"https:\/\/kapitalis.com\/tunisie\/wp-content\/uploads\/2024\/08\/Daimi-Mekki.jpg\",\"datePublished\":\"2024-08-27T22:35:06+00:00\",\"dateModified\":\"2024-08-27T22:38:26+00:00\",\"breadcrumb\":{\"@id\":\"https:\/\/kapitalis.com\/tunisie\/2024\/08\/27\/presidentielle-daimi-felicite-mekki-et-se-dit-confiant-quant-a-lissue-de-son-recours\/#breadcrumb\"},\"inLanguage\":\"fr-FR\",\"potentialAction\":[{\"@type\":\"ReadAction\",\"target\":[\"https:\/\/kapitalis.com\/tunisie\/2024\/08\/27\/presidentielle-daimi-felicite-mekki-et-se-dit-confiant-quant-a-lissue-de-son-recours\/\"]}]},{\"@type\":\"ImageObject\",\"inLanguage\":\"fr-FR\",\"@id\":\"https:\/\/kapitalis.com\/tunisie\/2024\/08\/27\/presidentielle-daimi-felicite-mekki-et-se-dit-confiant-quant-a-lissue-de-son-recours\/#primaryimage\",\"url\":\"https:\/\/kapitalis.com\/tunisie\/wp-content\/uploads\/2024\/08\/Daimi-Mekki.jpg\",\"contentUrl\":\"https:\/\/kapitalis.com\/tunisie\/wp-content\/uploads\/2024\/08\/Daimi-Mekki.jpg\",\"width\":1200,\"height\":630},{\"@type\":\"BreadcrumbList\",\"@id\":\"https:\/\/kapitalis.com\/tunisie\/2024\/08\/27\/presidentielle-daimi-felicite-mekki-et-se-dit-confiant-quant-a-lissue-de-son-recours\/#breadcrumb\",\"itemListElement\":[{\"@type\":\"ListItem\",\"position\":1,\"name\":\"Accueil\",\"item\":\"https:\/\/kapitalis.com\/tunisie\/\"},{\"@type\":\"ListItem\",\"position\":2,\"name\":\"Pr\u00e9sidentielle : Da\u00efmi f\u00e9licite Mekki et se dit confiant quant \u00e0 l&rsquo;issue de son recours\"}]},{\"@type\":\"WebSite\",\"@id\":\"https:\/\/kapitalis.com\/tunisie\/#website\",\"url\":\"https:\/\/kapitalis.com\/tunisie\/\",\"name\":\"Kapitalis\",\"description\":\"L&#039;actualit\u00e9 en Tunisie et dans le monde\",\"publisher\":{\"@id\":\"https:\/\/kapitalis.com\/tunisie\/#organization\"},\"potentialAction\":[{\"@type\":\"SearchAction\",\"target\":{\"@type\":\"EntryPoint\",\"urlTemplate\":\"https:\/\/kapitalis.com\/tunisie\/?s={search_term_string}\"},\"query-input\":{\"@type\":\"PropertyValueSpecification\",\"valueRequired\":true,\"valueName\":\"search_term_string\"}}],\"inLanguage\":\"fr-FR\"},{\"@type\":\"Organization\",\"@id\":\"https:\/\/kapitalis.com\/tunisie\/#organization\",\"name\":\"Kapitalis\",\"url\":\"https:\/\/kapitalis.com\/tunisie\/\",\"logo\":{\"@type\":\"ImageObject\",\"inLanguage\":\"fr-FR\",\"@id\":\"https:\/\/kapitalis.com\/tunisie\/#\/schema\/logo\/image\/\",\"url\":\"https:\/\/kapitalis.com\/tunisie\/wp-content\/uploads\/2022\/05\/Kapitalis-big-size.png\",\"contentUrl\":\"https:\/\/kapitalis.com\/tunisie\/wp-content\/uploads\/2022\/05\/Kapitalis-big-size.png\",\"width\":5000,\"height\":1500,\"caption\":\"Kapitalis\"},\"image\":{\"@id\":\"https:\/\/kapitalis.com\/tunisie\/#\/schema\/logo\/image\/\"},\"sameAs\":[\"https:\/\/www.facebook.com\/KapitalisInfo\/\",\"https:\/\/x.com\/KapitalisInfo\",\"https:\/\/www.youtube.com\/channel\/UC-yDYrHyfFBWWZaOw3FPg9Q\"]},{\"@type\":\"Person\",\"@id\":\"https:\/\/kapitalis.com\/tunisie\/#\/schema\/person\/74bbde0154d49d790a92aaeac5bc01d5\",\"name\":\"Yusra NY\",\"url\":\"https:\/\/kapitalis.com\/tunisie\/author\/yuza_adam\/\"}]}<\/script>\n<!-- \/ Yoast SEO plugin. -->","yoast_head_json":{"title":"Pr\u00e9sidentielle : Da\u00efmi f\u00e9licite Mekki et se dit confiant quant \u00e0 l'issue de son recours - Kapitalis","robots":{"index":"index","follow":"follow","max-snippet":"max-snippet:-1","max-image-preview":"max-image-preview:large","max-video-preview":"max-video-preview:-1"},"canonical":"https:\/\/kapitalis.com\/tunisie\/2024\/08\/27\/presidentielle-daimi-felicite-mekki-et-se-dit-confiant-quant-a-lissue-de-son-recours\/","og_locale":"fr_FR","og_type":"article","og_title":"Pr\u00e9sidentielle : Da\u00efmi f\u00e9licite Mekki et se dit confiant quant \u00e0 l'issue de son recours - Kapitalis","og_description":"Imed Da\u00efmi a f\u00e9licit\u00e9 Abdellatif Mekki revenu dans la course \u00e0 la pr\u00e9sidentielle, apr\u00e8s que le tribunal administratif ait accept\u00e9 son recours sur la forme et sur le fond, annulant ainsi la d\u00e9cision de l&rsquo;Instance sup\u00e9rieure ind\u00e9pendante pour les \u00e9lections (Isie).","og_url":"https:\/\/kapitalis.com\/tunisie\/2024\/08\/27\/presidentielle-daimi-felicite-mekki-et-se-dit-confiant-quant-a-lissue-de-son-recours\/","og_site_name":"Kapitalis","article_publisher":"https:\/\/www.facebook.com\/KapitalisInfo\/","article_published_time":"2024-08-27T22:35:06+00:00","article_modified_time":"2024-08-27T22:38:26+00:00","og_image":[{"width":1200,"height":630,"url":"https:\/\/kapitalis.com\/tunisie\/wp-content\/uploads\/2024\/08\/Daimi-Mekki.jpg","type":"image\/jpeg"}],"author":"Yusra NY","twitter_card":"summary_large_image","twitter_creator":"@KapitalisInfo","twitter_site":"@KapitalisInfo","twitter_misc":{"\u00c9crit par":"Yusra NY","Dur\u00e9e de lecture estim\u00e9e":"1 minute"},"schema":{"@context":"https:\/\/schema.org","@graph":[{"@type":"Article","@id":"https:\/\/kapitalis.com\/tunisie\/2024\/08\/27\/presidentielle-daimi-felicite-mekki-et-se-dit-confiant-quant-a-lissue-de-son-recours\/#article","isPartOf":{"@id":"https:\/\/kapitalis.com\/tunisie\/2024\/08\/27\/presidentielle-daimi-felicite-mekki-et-se-dit-confiant-quant-a-lissue-de-son-recours\/"},"author":{"name":"Yusra NY","@id":"https:\/\/kapitalis.com\/tunisie\/#\/schema\/person\/74bbde0154d49d790a92aaeac5bc01d5"},"headline":"Pr\u00e9sidentielle : Da\u00efmi f\u00e9licite Mekki et se dit confiant quant \u00e0 l&rsquo;issue de son recours","datePublished":"2024-08-27T22:35:06+00:00","dateModified":"2024-08-27T22:38:26+00:00","mainEntityOfPage":{"@id":"https:\/\/kapitalis.com\/tunisie\/2024\/08\/27\/presidentielle-daimi-felicite-mekki-et-se-dit-confiant-quant-a-lissue-de-son-recours\/"},"wordCount":175,"publisher":{"@id":"https:\/\/kapitalis.com\/tunisie\/#organization"},"image":{"@id":"https:\/\/kapitalis.com\/tunisie\/2024\/08\/27\/presidentielle-daimi-felicite-mekki-et-se-dit-confiant-quant-a-lissue-de-son-recours\/#primaryimage"},"thumbnailUrl":"https:\/\/kapitalis.com\/tunisie\/wp-content\/uploads\/2024\/08\/Daimi-Mekki.jpg","keywords":["6 octobre","Abdellatif Mekki","Imed Da\u00efmi","pr\u00e9sidentielle","tribunal administratif","Tunisie"],"articleSection":["POLITIQUE","Tunisie"],"inLanguage":"fr-FR"},{"@type":"WebPage","@id":"https:\/\/kapitalis.com\/tunisie\/2024\/08\/27\/presidentielle-daimi-felicite-mekki-et-se-dit-confiant-quant-a-lissue-de-son-recours\/","url":"https:\/\/kapitalis.com\/tunisie\/2024\/08\/27\/presidentielle-daimi-felicite-mekki-et-se-dit-confiant-quant-a-lissue-de-son-recours\/","name":"Pr\u00e9sidentielle : Da\u00efmi f\u00e9licite Mekki et se dit confiant quant \u00e0 l'issue de son recours - Kapitalis","isPartOf":{"@id":"https:\/\/kapitalis.com\/tunisie\/#website"},"primaryImageOfPage":{"@id":"https:\/\/kapitalis.com\/tunisie\/2024\/08\/27\/presidentielle-daimi-felicite-mekki-et-se-dit-confiant-quant-a-lissue-de-son-recours\/#primaryimage"},"image":{"@id":"https:\/\/kapitalis.com\/tunisie\/2024\/08\/27\/presidentielle-daimi-felicite-mekki-et-se-dit-confiant-quant-a-lissue-de-son-recours\/#primaryimage"},"thumbnailUrl":"https:\/\/kapitalis.com\/tunisie\/wp-content\/uploads\/2024\/08\/Daimi-Mekki.jpg","datePublished":"2024-08-27T22:35:06+00:00","dateModified":"2024-08-27T22:38:26+00:00","breadcrumb":{"@id":"https:\/\/kapitalis.com\/tunisie\/2024\/08\/27\/presidentielle-daimi-felicite-mekki-et-se-dit-confiant-quant-a-lissue-de-son-recours\/#breadcrumb"},"inLanguage":"fr-FR","potentialAction":[{"@type":"ReadAction","target":["https:\/\/kapitalis.com\/tunisie\/2024\/08\/27\/presidentielle-daimi-felicite-mekki-et-se-dit-confiant-quant-a-lissue-de-son-recours\/"]}]},{"@type":"ImageObject","inLanguage":"fr-FR","@id":"https:\/\/kapitalis.com\/tunisie\/2024\/08\/27\/presidentielle-daimi-felicite-mekki-et-se-dit-confiant-quant-a-lissue-de-son-recours\/#primaryimage","url":"https:\/\/kapitalis.com\/tunisie\/wp-content\/uploads\/2024\/08\/Daimi-Mekki.jpg","contentUrl":"https:\/\/kapitalis.com\/tunisie\/wp-content\/uploads\/2024\/08\/Daimi-Mekki.jpg","width":1200,"height":630},{"@type":"BreadcrumbList","@id":"https:\/\/kapitalis.com\/tunisie\/2024\/08\/27\/presidentielle-daimi-felicite-mekki-et-se-dit-confiant-quant-a-lissue-de-son-recours\/#breadcrumb","itemListElement":[{"@type":"ListItem","position":1,"name":"Accueil","item":"https:\/\/kapitalis.com\/tunisie\/"},{"@type":"ListItem","position":2,"name":"Pr\u00e9sidentielle : Da\u00efmi f\u00e9licite Mekki et se dit confiant quant \u00e0 l&rsquo;issue de son recours"}]},{"@type":"WebSite","@id":"https:\/\/kapitalis.com\/tunisie\/#website","url":"https:\/\/kapitalis.com\/tunisie\/","name":"Kapitalis","description":"L&#039;actualit\u00e9 en Tunisie et dans le monde","publisher":{"@id":"https:\/\/kapitalis.com\/tunisie\/#organization"},"potentialAction":[{"@type":"SearchAction","target":{"@type":"EntryPoint","urlTemplate":"https:\/\/kapitalis.com\/tunisie\/?s={search_term_string}"},"query-input":{"@type":"PropertyValueSpecification","valueRequired":true,"valueName":"search_term_string"}}],"inLanguage":"fr-FR"},{"@type":"Organization","@id":"https:\/\/kapitalis.com\/tunisie\/#organization","name":"Kapitalis","url":"https:\/\/kapitalis.com\/tunisie\/","logo":{"@type":"ImageObject","inLanguage":"fr-FR","@id":"https:\/\/kapitalis.com\/tunisie\/#\/schema\/logo\/image\/","url":"https:\/\/kapitalis.com\/tunisie\/wp-content\/uploads\/2022\/05\/Kapitalis-big-size.png","contentUrl":"https:\/\/kapitalis.com\/tunisie\/wp-content\/uploads\/2022\/05\/Kapitalis-big-size.png","width":5000,"height":1500,"caption":"Kapitalis"},"image":{"@id":"https:\/\/kapitalis.com\/tunisie\/#\/schema\/logo\/image\/"},"sameAs":["https:\/\/www.facebook.com\/KapitalisInfo\/","https:\/\/x.com\/KapitalisInfo","https:\/\/www.youtube.com\/channel\/UC-yDYrHyfFBWWZaOw3FPg9Q"]},{"@type":"Person","@id":"https:\/\/kapitalis.com\/tunisie\/#\/schema\/person\/74bbde0154d49d790a92aaeac5bc01d5","name":"Yusra NY","url":"https:\/\/kapitalis.com\/tunisie\/author\/yuza_adam\/"}]}},"_links":{"self":[{"href":"https:\/\/kapitalis.com\/tunisie\/wp-json\/wp\/v2\/posts\/13877523","targetHints":{"allow":["GET"]}}],"collection":[{"href":"https:\/\/kapitalis.com\/tunisie\/wp-json\/wp\/v2\/posts"}],"about":[{"href":"https:\/\/kapitalis.com\/tunisie\/wp-json\/wp\/v2\/types\/post"}],"author":[{"embeddable":true,"href":"https:\/\/kapitalis.com\/tunisie\/wp-json\/wp\/v2\/users\/6"}],"replies":[{"embeddable":true,"href":"https:\/\/kapitalis.com\/tunisie\/wp-json\/wp\/v2\/comments?post=13877523"}],"version-history":[{"count":2,"href":"https:\/\/kapitalis.com\/tunisie\/wp-json\/wp\/v2\/posts\/13877523\/revisions"}],"predecessor-version":[{"id":13877584,"href":"https:\/\/kapitalis.com\/tunisie\/wp-json\/wp\/v2\/posts\/13877523\/revisions\/13877584"}],"wp:featuredmedia":[{"embeddable":true,"href":"https:\/\/kapitalis.com\/tunisie\/wp-json\/wp\/v2\/media\/13877566"}],"wp:attachment":[{"href":"https:\/\/kapitalis.com\/tunisie\/wp-json\/wp\/v2\/media?parent=13877523"}],"wp:term":[{"taxonomy":"category","embeddable":true,"href":"https:\/\/kapitalis.com\/tunisie\/wp-json\/wp\/v2\/categories?post=13877523"},{"taxonomy":"post_tag","embeddable":true,"href":"https:\/\/kapitalis.com\/tunisie\/wp-json\/wp\/v2\/tags?post=13877523"}],"curies":[{"name":"wp","href":"https:\/\/api.w.org\/{rel}","templated":true}]}}