{"id":138874,"date":"2018-02-16T08:08:00","date_gmt":"2018-02-16T07:08:00","guid":{"rendered":"http:\/\/kapitalis.com\/tunisie\/?p=138874"},"modified":"2018-02-16T08:08:00","modified_gmt":"2018-02-16T07:08:00","slug":"football-ligue-1-larbitre-karim-khemiri-suspendu-jusqua-fin-de-saison","status":"publish","type":"post","link":"https:\/\/kapitalis.com\/tunisie\/2018\/02\/16\/football-ligue-1-larbitre-karim-khemiri-suspendu-jusqua-fin-de-saison\/","title":{"rendered":"Football-Ligue 1 : L\u2019arbitre Karim Khemiri suspendu jusqu\u2019\u00e0 la fin de saison"},"content":{"rendered":"<p style=\"text-align: center;\"><img loading=\"lazy\" decoding=\"async\" class=\"alignnone size-full wp-image-138875\" src=\"http:\/\/kapitalis.com\/tunisie\/wp-content\/uploads\/2018\/02\/Karim-Khemiri.jpg\" alt=\"\" width=\"626\" height=\"380\" \/><\/p>\n<p><em><strong>Karim Khemiri, l\u2019arbitre du match Esp\u00e9rance sportive de Tunis (EST)-Etoile sportive du Sahel (ESS) est suspendu jusqu\u2019\u00e0 la fin de saison.<\/strong><\/em><\/p>\n<p><!--more--><\/p>\n<p>C\u2019est ce qu\u2019a annonc\u00e9 la F\u00e9d\u00e9ration tunisienne de football (FTF), dans un communiqu\u00e9 publi\u00e9 sur son site officiel hier, jeudi 15 f\u00e9vrier 2018, en fin de soir\u00e9e, quelques heures apr\u00e8s la fin de ce match agit\u00e9, remport\u00e9 par l\u2019Esp\u00e9rance 3-2, par le fait d\u2019une grossi\u00e8re erreur de l\u2019arbitre en question.<\/p>\n<p>La direction nationale d\u2019arbitrage a convoqu\u00e9 Karim Khemiri pour <em>\u00ab\u00e9valuer\u00bb<\/em> son rendement, avec deux experts de l\u2019arbitrage, les ex-arbitres internationaux tunisiens Ali Bennaceur et Yousr Saadallah.<\/p>\n<p>Tous les <em>\u00abtechniciens\u00bb<\/em> pr\u00e9sents \u00e0 cette<em> \u00abs\u00e9ance d\u2019expertise\u00bb<\/em> ont relev\u00e9 des <em>\u00aberreurs graves commises par Karim Khemiri au d\u00e9triment des deux \u00e9quipes\u00bb<\/em>, pr\u00e9cise le communiqu\u00e9.<\/p>\n<p>Karim Khemiri n\u2019a pas \u00e9t\u00e9 top et on peut d\u00e9battre \u00e0 propos de sa prestation, mais d\u2019un autre c\u00f4t\u00e9, cette sanction d\u00e9cid\u00e9e \u00e0 la h\u00e2te dans un petit bureau de la FTF, juste pour calmer un tant soit peu la col\u00e8re de l\u2019ESS, ne sert pas le football.<\/p>\n<p>Ce dimanche, \u00e0 l\u2019occasion du derby CA-EST, la semaine prochaine ou le mois prochain, il y aura encore des erreurs d\u2019arbitrages. S\u2019il faille sanctionner tous les arbitres qui accordent, par erreur, un penalty ou sortent des cartons, on ne s\u2019en sortira jamais. Et s\u2019il faille pour des raisons \u00absup\u00e9rieures\u00bb (ou \u00e9lectorales) ordonner des sanctions contre des arbitres, pourquoi la FTF reste-t-elle amorphe quand il s\u2019agit de r\u00e9primer les joueurs auteurs d\u2019agressions envers les arbitres, les entra\u00eeneurs et les dirigeants qui discr\u00e9ditent r\u00e9guli\u00e8rement l\u2019instance f\u00e9d\u00e9rale par des accusations graves et \u00ab<em>enflamment<\/em>\u00bb les supporters par des d\u00e9clarations au fuel?<\/p>\n<p>Pourquoi par exemple, le pr\u00e9sident de la FTF, en <em>\u00abprotecteur<\/em>\u00bb de la cr\u00e9dibilit\u00e9 du foot tunisien, n\u2019a-t-il pas boug\u00e9 le petit doigt quand le vice pr\u00e9sident de l\u2019US Ben Guerdane, Aymen Chandoul, a lanc\u00e9, en d\u00e9cembre 2017, \u00e0 l\u2019issue de la victoire controvers\u00e9e de son \u00e9quipe contre l\u2019ASG (2-0), que <em>\u00abtant que Wadii Jari est pr\u00e9sident de la f\u00e9d\u00e9ration, l\u2019US Ben Guerdane ne descendra pas en Ligue 2\u00bb.<\/em><\/p>\n<p>Le m\u00eame dirigeant de l\u2019ESBG (club de la ville natale de Wadii Jari) a encore menac\u00e9 publiquement, en avril 2017, de d\u00e9clencher \u00abune guerre de rues \u00e0 Ben Guerdane si le pr\u00e9sident de la FTF \u00e9tait touch\u00e9 au sein de la F\u00e9d\u00e9ration\u00bb.<\/p>\n<p>Un penalty accord\u00e9 par erreur ou des cartons mal distribu\u00e9s sont rien devant ces appels \u00e0 la violence et \u00e0 l\u2019insubordination civile.<\/p>\n<p style=\"text-align: right;\"><strong>H. M.<\/strong><\/p>\n<blockquote class=\"wp-embedded-content\" data-secret=\"uPOCg2NaO9\"><p><a href=\"https:\/\/kapitalis.com\/tunisie\/2018\/02\/15\/football-ligue-1-lesperance-champion-de-lendurance\/\">Football-Ligue 1 : L\u2019Esp\u00e9rance champion de l\u2019endurance<\/a><\/p><\/blockquote>\n<p><iframe loading=\"lazy\" class=\"wp-embedded-content\" sandbox=\"allow-scripts\" security=\"restricted\" style=\"position: absolute; clip: rect(1px, 1px, 1px, 1px);\" title=\"\u00ab\u00a0Football-Ligue 1 : L\u2019Esp\u00e9rance champion de l\u2019endurance\u00a0\u00bb &#8212; Kapitalis\" src=\"https:\/\/kapitalis.com\/tunisie\/2018\/02\/15\/football-ligue-1-lesperance-champion-de-lendurance\/embed\/#?secret=G6UcqUu0Vx#?secret=uPOCg2NaO9\" data-secret=\"uPOCg2NaO9\" width=\"600\" height=\"338\" frameborder=\"0\" marginwidth=\"0\" marginheight=\"0\" scrolling=\"no\"><\/iframe><\/p>\n","protected":false},"excerpt":{"rendered":"<p>Karim Khemiri, l\u2019arbitre du match Esp\u00e9rance sportive de Tunis (EST)-Etoile sportive du Sahel (ESS) est suspendu jusqu\u2019\u00e0 la fin de saison.<\/p>\n","protected":false},"author":8,"featured_media":138875,"comment_status":"open","ping_status":"open","sticky":false,"template":"","format":"standard","meta":{"footnotes":""},"categories":[999,2433],"tags":[39719,3261,376,31848,8979],"class_list":["post-138874","post","type-post","status-publish","format-standard","has-post-thumbnail","hentry","category-sport","category-tunisie","tag-aymen-chandoul","tag-esperance-sportive-de-tunis","tag-federation-tunisienne-de-football","tag-us-ben-guerdane","tag-wadii-jari"],"yoast_head":"<!-- This site is optimized with the Yoast SEO plugin v26.6 - https:\/\/yoast.com\/wordpress\/plugins\/seo\/ -->\n<title>Football-Ligue 1 : L\u2019arbitre Karim Khemiri suspendu jusqu\u2019\u00e0 la fin de saison - Kapitalis<\/title>\n<meta name=\"robots\" content=\"index, follow, max-snippet:-1, max-image-preview:large, max-video-preview:-1\" \/>\n<link rel=\"canonical\" href=\"https:\/\/kapitalis.com\/tunisie\/2018\/02\/16\/football-ligue-1-larbitre-karim-khemiri-suspendu-jusqua-fin-de-saison\/\" \/>\n<meta property=\"og:locale\" content=\"fr_FR\" \/>\n<meta property=\"og:type\" content=\"article\" \/>\n<meta property=\"og:title\" content=\"Football-Ligue 1 : L\u2019arbitre Karim Khemiri suspendu jusqu\u2019\u00e0 la fin de saison - Kapitalis\" \/>\n<meta property=\"og:description\" content=\"Karim Khemiri, l\u2019arbitre du match Esp\u00e9rance sportive de Tunis (EST)-Etoile sportive du Sahel (ESS) est suspendu jusqu\u2019\u00e0 la fin de saison.\" \/>\n<meta property=\"og:url\" content=\"https:\/\/kapitalis.com\/tunisie\/2018\/02\/16\/football-ligue-1-larbitre-karim-khemiri-suspendu-jusqua-fin-de-saison\/\" \/>\n<meta property=\"og:site_name\" content=\"Kapitalis\" \/>\n<meta property=\"article:publisher\" content=\"https:\/\/www.facebook.com\/KapitalisInfo\/\" \/>\n<meta property=\"article:published_time\" content=\"2018-02-16T07:08:00+00:00\" \/>\n<meta property=\"og:image\" content=\"https:\/\/kapitalis.com\/tunisie\/wp-content\/uploads\/2022\/05\/kapitalis-logo-fb.png\" \/>\n\t<meta property=\"og:image:width\" content=\"1200\" \/>\n\t<meta property=\"og:image:height\" content=\"630\" \/>\n\t<meta property=\"og:image:type\" content=\"image\/png\" \/>\n<meta name=\"author\" content=\"webmaster kapitalis\" \/>\n<meta name=\"twitter:card\" content=\"summary_large_image\" \/>\n<meta name=\"twitter:creator\" content=\"@KapitalisInfo\" \/>\n<meta name=\"twitter:site\" content=\"@KapitalisInfo\" \/>\n<meta name=\"twitter:label1\" content=\"\u00c9crit par\" \/>\n\t<meta name=\"twitter:data1\" content=\"webmaster kapitalis\" \/>\n\t<meta name=\"twitter:label2\" content=\"Dur\u00e9e de lecture estim\u00e9e\" \/>\n\t<meta name=\"twitter:data2\" content=\"2 minutes\" \/>\n<script type=\"application\/ld+json\" class=\"yoast-schema-graph\">{\"@context\":\"https:\/\/schema.org\",\"@graph\":[{\"@type\":\"Article\",\"@id\":\"https:\/\/kapitalis.com\/tunisie\/2018\/02\/16\/football-ligue-1-larbitre-karim-khemiri-suspendu-jusqua-fin-de-saison\/#article\",\"isPartOf\":{\"@id\":\"https:\/\/kapitalis.com\/tunisie\/2018\/02\/16\/football-ligue-1-larbitre-karim-khemiri-suspendu-jusqua-fin-de-saison\/\"},\"author\":{\"name\":\"webmaster kapitalis\",\"@id\":\"https:\/\/kapitalis.com\/tunisie\/#\/schema\/person\/d71f33a9ca44f7bad4698210b480c8e9\"},\"headline\":\"Football-Ligue 1 : L\u2019arbitre Karim Khemiri suspendu jusqu\u2019\u00e0 la fin de saison\",\"datePublished\":\"2018-02-16T07:08:00+00:00\",\"mainEntityOfPage\":{\"@id\":\"https:\/\/kapitalis.com\/tunisie\/2018\/02\/16\/football-ligue-1-larbitre-karim-khemiri-suspendu-jusqua-fin-de-saison\/\"},\"wordCount\":474,\"commentCount\":1,\"publisher\":{\"@id\":\"https:\/\/kapitalis.com\/tunisie\/#organization\"},\"image\":{\"@id\":\"https:\/\/kapitalis.com\/tunisie\/2018\/02\/16\/football-ligue-1-larbitre-karim-khemiri-suspendu-jusqua-fin-de-saison\/#primaryimage\"},\"thumbnailUrl\":\"\",\"keywords\":[\"Aymen Chandoul\",\"Esp\u00e9rance sportive de Tunis\",\"F\u00e9d\u00e9ration tunisienne de football\",\"US Ben Guerdane\",\"Wadii Jari\"],\"articleSection\":[\"SPORT\",\"Tunisie\"],\"inLanguage\":\"fr-FR\",\"potentialAction\":[{\"@type\":\"CommentAction\",\"name\":\"Comment\",\"target\":[\"https:\/\/kapitalis.com\/tunisie\/2018\/02\/16\/football-ligue-1-larbitre-karim-khemiri-suspendu-jusqua-fin-de-saison\/#respond\"]}]},{\"@type\":\"WebPage\",\"@id\":\"https:\/\/kapitalis.com\/tunisie\/2018\/02\/16\/football-ligue-1-larbitre-karim-khemiri-suspendu-jusqua-fin-de-saison\/\",\"url\":\"https:\/\/kapitalis.com\/tunisie\/2018\/02\/16\/football-ligue-1-larbitre-karim-khemiri-suspendu-jusqua-fin-de-saison\/\",\"name\":\"Football-Ligue 1 : L\u2019arbitre Karim Khemiri suspendu jusqu\u2019\u00e0 la fin de saison - Kapitalis\",\"isPartOf\":{\"@id\":\"https:\/\/kapitalis.com\/tunisie\/#website\"},\"primaryImageOfPage\":{\"@id\":\"https:\/\/kapitalis.com\/tunisie\/2018\/02\/16\/football-ligue-1-larbitre-karim-khemiri-suspendu-jusqua-fin-de-saison\/#primaryimage\"},\"image\":{\"@id\":\"https:\/\/kapitalis.com\/tunisie\/2018\/02\/16\/football-ligue-1-larbitre-karim-khemiri-suspendu-jusqua-fin-de-saison\/#primaryimage\"},\"thumbnailUrl\":\"\",\"datePublished\":\"2018-02-16T07:08:00+00:00\",\"breadcrumb\":{\"@id\":\"https:\/\/kapitalis.com\/tunisie\/2018\/02\/16\/football-ligue-1-larbitre-karim-khemiri-suspendu-jusqua-fin-de-saison\/#breadcrumb\"},\"inLanguage\":\"fr-FR\",\"potentialAction\":[{\"@type\":\"ReadAction\",\"target\":[\"https:\/\/kapitalis.com\/tunisie\/2018\/02\/16\/football-ligue-1-larbitre-karim-khemiri-suspendu-jusqua-fin-de-saison\/\"]}]},{\"@type\":\"ImageObject\",\"inLanguage\":\"fr-FR\",\"@id\":\"https:\/\/kapitalis.com\/tunisie\/2018\/02\/16\/football-ligue-1-larbitre-karim-khemiri-suspendu-jusqua-fin-de-saison\/#primaryimage\",\"url\":\"\",\"contentUrl\":\"\"},{\"@type\":\"BreadcrumbList\",\"@id\":\"https:\/\/kapitalis.com\/tunisie\/2018\/02\/16\/football-ligue-1-larbitre-karim-khemiri-suspendu-jusqua-fin-de-saison\/#breadcrumb\",\"itemListElement\":[{\"@type\":\"ListItem\",\"position\":1,\"name\":\"Accueil\",\"item\":\"https:\/\/kapitalis.com\/tunisie\/\"},{\"@type\":\"ListItem\",\"position\":2,\"name\":\"Football-Ligue 1 : L\u2019arbitre Karim Khemiri suspendu jusqu\u2019\u00e0 la fin de saison\"}]},{\"@type\":\"WebSite\",\"@id\":\"https:\/\/kapitalis.com\/tunisie\/#website\",\"url\":\"https:\/\/kapitalis.com\/tunisie\/\",\"name\":\"Kapitalis\",\"description\":\"L&#039;actualit\u00e9 en Tunisie et dans le monde\",\"publisher\":{\"@id\":\"https:\/\/kapitalis.com\/tunisie\/#organization\"},\"potentialAction\":[{\"@type\":\"SearchAction\",\"target\":{\"@type\":\"EntryPoint\",\"urlTemplate\":\"https:\/\/kapitalis.com\/tunisie\/?s={search_term_string}\"},\"query-input\":{\"@type\":\"PropertyValueSpecification\",\"valueRequired\":true,\"valueName\":\"search_term_string\"}}],\"inLanguage\":\"fr-FR\"},{\"@type\":\"Organization\",\"@id\":\"https:\/\/kapitalis.com\/tunisie\/#organization\",\"name\":\"Kapitalis\",\"url\":\"https:\/\/kapitalis.com\/tunisie\/\",\"logo\":{\"@type\":\"ImageObject\",\"inLanguage\":\"fr-FR\",\"@id\":\"https:\/\/kapitalis.com\/tunisie\/#\/schema\/logo\/image\/\",\"url\":\"https:\/\/kapitalis.com\/tunisie\/wp-content\/uploads\/2022\/05\/Kapitalis-big-size.png\",\"contentUrl\":\"https:\/\/kapitalis.com\/tunisie\/wp-content\/uploads\/2022\/05\/Kapitalis-big-size.png\",\"width\":5000,\"height\":1500,\"caption\":\"Kapitalis\"},\"image\":{\"@id\":\"https:\/\/kapitalis.com\/tunisie\/#\/schema\/logo\/image\/\"},\"sameAs\":[\"https:\/\/www.facebook.com\/KapitalisInfo\/\",\"https:\/\/x.com\/KapitalisInfo\",\"https:\/\/www.youtube.com\/channel\/UC-yDYrHyfFBWWZaOw3FPg9Q\"]},{\"@type\":\"Person\",\"@id\":\"https:\/\/kapitalis.com\/tunisie\/#\/schema\/person\/d71f33a9ca44f7bad4698210b480c8e9\",\"name\":\"webmaster kapitalis\",\"url\":\"https:\/\/kapitalis.com\/tunisie\/author\/webmaster-kapitalis\/\"}]}<\/script>\n<!-- \/ Yoast SEO plugin. -->","yoast_head_json":{"title":"Football-Ligue 1 : L\u2019arbitre Karim Khemiri suspendu jusqu\u2019\u00e0 la fin de saison - Kapitalis","robots":{"index":"index","follow":"follow","max-snippet":"max-snippet:-1","max-image-preview":"max-image-preview:large","max-video-preview":"max-video-preview:-1"},"canonical":"https:\/\/kapitalis.com\/tunisie\/2018\/02\/16\/football-ligue-1-larbitre-karim-khemiri-suspendu-jusqua-fin-de-saison\/","og_locale":"fr_FR","og_type":"article","og_title":"Football-Ligue 1 : L\u2019arbitre Karim Khemiri suspendu jusqu\u2019\u00e0 la fin de saison - Kapitalis","og_description":"Karim Khemiri, l\u2019arbitre du match Esp\u00e9rance sportive de Tunis (EST)-Etoile sportive du Sahel (ESS) est suspendu jusqu\u2019\u00e0 la fin de saison.","og_url":"https:\/\/kapitalis.com\/tunisie\/2018\/02\/16\/football-ligue-1-larbitre-karim-khemiri-suspendu-jusqua-fin-de-saison\/","og_site_name":"Kapitalis","article_publisher":"https:\/\/www.facebook.com\/KapitalisInfo\/","article_published_time":"2018-02-16T07:08:00+00:00","og_image":[{"width":1200,"height":630,"url":"https:\/\/kapitalis.com\/tunisie\/wp-content\/uploads\/2022\/05\/kapitalis-logo-fb.png","type":"image\/png"}],"author":"webmaster kapitalis","twitter_card":"summary_large_image","twitter_creator":"@KapitalisInfo","twitter_site":"@KapitalisInfo","twitter_misc":{"\u00c9crit par":"webmaster kapitalis","Dur\u00e9e de lecture estim\u00e9e":"2 minutes"},"schema":{"@context":"https:\/\/schema.org","@graph":[{"@type":"Article","@id":"https:\/\/kapitalis.com\/tunisie\/2018\/02\/16\/football-ligue-1-larbitre-karim-khemiri-suspendu-jusqua-fin-de-saison\/#article","isPartOf":{"@id":"https:\/\/kapitalis.com\/tunisie\/2018\/02\/16\/football-ligue-1-larbitre-karim-khemiri-suspendu-jusqua-fin-de-saison\/"},"author":{"name":"webmaster kapitalis","@id":"https:\/\/kapitalis.com\/tunisie\/#\/schema\/person\/d71f33a9ca44f7bad4698210b480c8e9"},"headline":"Football-Ligue 1 : L\u2019arbitre Karim Khemiri suspendu jusqu\u2019\u00e0 la fin de saison","datePublished":"2018-02-16T07:08:00+00:00","mainEntityOfPage":{"@id":"https:\/\/kapitalis.com\/tunisie\/2018\/02\/16\/football-ligue-1-larbitre-karim-khemiri-suspendu-jusqua-fin-de-saison\/"},"wordCount":474,"commentCount":1,"publisher":{"@id":"https:\/\/kapitalis.com\/tunisie\/#organization"},"image":{"@id":"https:\/\/kapitalis.com\/tunisie\/2018\/02\/16\/football-ligue-1-larbitre-karim-khemiri-suspendu-jusqua-fin-de-saison\/#primaryimage"},"thumbnailUrl":"","keywords":["Aymen Chandoul","Esp\u00e9rance sportive de Tunis","F\u00e9d\u00e9ration tunisienne de football","US Ben Guerdane","Wadii Jari"],"articleSection":["SPORT","Tunisie"],"inLanguage":"fr-FR","potentialAction":[{"@type":"CommentAction","name":"Comment","target":["https:\/\/kapitalis.com\/tunisie\/2018\/02\/16\/football-ligue-1-larbitre-karim-khemiri-suspendu-jusqua-fin-de-saison\/#respond"]}]},{"@type":"WebPage","@id":"https:\/\/kapitalis.com\/tunisie\/2018\/02\/16\/football-ligue-1-larbitre-karim-khemiri-suspendu-jusqua-fin-de-saison\/","url":"https:\/\/kapitalis.com\/tunisie\/2018\/02\/16\/football-ligue-1-larbitre-karim-khemiri-suspendu-jusqua-fin-de-saison\/","name":"Football-Ligue 1 : L\u2019arbitre Karim Khemiri suspendu jusqu\u2019\u00e0 la fin de saison - Kapitalis","isPartOf":{"@id":"https:\/\/kapitalis.com\/tunisie\/#website"},"primaryImageOfPage":{"@id":"https:\/\/kapitalis.com\/tunisie\/2018\/02\/16\/football-ligue-1-larbitre-karim-khemiri-suspendu-jusqua-fin-de-saison\/#primaryimage"},"image":{"@id":"https:\/\/kapitalis.com\/tunisie\/2018\/02\/16\/football-ligue-1-larbitre-karim-khemiri-suspendu-jusqua-fin-de-saison\/#primaryimage"},"thumbnailUrl":"","datePublished":"2018-02-16T07:08:00+00:00","breadcrumb":{"@id":"https:\/\/kapitalis.com\/tunisie\/2018\/02\/16\/football-ligue-1-larbitre-karim-khemiri-suspendu-jusqua-fin-de-saison\/#breadcrumb"},"inLanguage":"fr-FR","potentialAction":[{"@type":"ReadAction","target":["https:\/\/kapitalis.com\/tunisie\/2018\/02\/16\/football-ligue-1-larbitre-karim-khemiri-suspendu-jusqua-fin-de-saison\/"]}]},{"@type":"ImageObject","inLanguage":"fr-FR","@id":"https:\/\/kapitalis.com\/tunisie\/2018\/02\/16\/football-ligue-1-larbitre-karim-khemiri-suspendu-jusqua-fin-de-saison\/#primaryimage","url":"","contentUrl":""},{"@type":"BreadcrumbList","@id":"https:\/\/kapitalis.com\/tunisie\/2018\/02\/16\/football-ligue-1-larbitre-karim-khemiri-suspendu-jusqua-fin-de-saison\/#breadcrumb","itemListElement":[{"@type":"ListItem","position":1,"name":"Accueil","item":"https:\/\/kapitalis.com\/tunisie\/"},{"@type":"ListItem","position":2,"name":"Football-Ligue 1 : L\u2019arbitre Karim Khemiri suspendu jusqu\u2019\u00e0 la fin de saison"}]},{"@type":"WebSite","@id":"https:\/\/kapitalis.com\/tunisie\/#website","url":"https:\/\/kapitalis.com\/tunisie\/","name":"Kapitalis","description":"L&#039;actualit\u00e9 en Tunisie et dans le monde","publisher":{"@id":"https:\/\/kapitalis.com\/tunisie\/#organization"},"potentialAction":[{"@type":"SearchAction","target":{"@type":"EntryPoint","urlTemplate":"https:\/\/kapitalis.com\/tunisie\/?s={search_term_string}"},"query-input":{"@type":"PropertyValueSpecification","valueRequired":true,"valueName":"search_term_string"}}],"inLanguage":"fr-FR"},{"@type":"Organization","@id":"https:\/\/kapitalis.com\/tunisie\/#organization","name":"Kapitalis","url":"https:\/\/kapitalis.com\/tunisie\/","logo":{"@type":"ImageObject","inLanguage":"fr-FR","@id":"https:\/\/kapitalis.com\/tunisie\/#\/schema\/logo\/image\/","url":"https:\/\/kapitalis.com\/tunisie\/wp-content\/uploads\/2022\/05\/Kapitalis-big-size.png","contentUrl":"https:\/\/kapitalis.com\/tunisie\/wp-content\/uploads\/2022\/05\/Kapitalis-big-size.png","width":5000,"height":1500,"caption":"Kapitalis"},"image":{"@id":"https:\/\/kapitalis.com\/tunisie\/#\/schema\/logo\/image\/"},"sameAs":["https:\/\/www.facebook.com\/KapitalisInfo\/","https:\/\/x.com\/KapitalisInfo","https:\/\/www.youtube.com\/channel\/UC-yDYrHyfFBWWZaOw3FPg9Q"]},{"@type":"Person","@id":"https:\/\/kapitalis.com\/tunisie\/#\/schema\/person\/d71f33a9ca44f7bad4698210b480c8e9","name":"webmaster kapitalis","url":"https:\/\/kapitalis.com\/tunisie\/author\/webmaster-kapitalis\/"}]}},"_links":{"self":[{"href":"https:\/\/kapitalis.com\/tunisie\/wp-json\/wp\/v2\/posts\/138874","targetHints":{"allow":["GET"]}}],"collection":[{"href":"https:\/\/kapitalis.com\/tunisie\/wp-json\/wp\/v2\/posts"}],"about":[{"href":"https:\/\/kapitalis.com\/tunisie\/wp-json\/wp\/v2\/types\/post"}],"author":[{"embeddable":true,"href":"https:\/\/kapitalis.com\/tunisie\/wp-json\/wp\/v2\/users\/8"}],"replies":[{"embeddable":true,"href":"https:\/\/kapitalis.com\/tunisie\/wp-json\/wp\/v2\/comments?post=138874"}],"version-history":[{"count":0,"href":"https:\/\/kapitalis.com\/tunisie\/wp-json\/wp\/v2\/posts\/138874\/revisions"}],"wp:featuredmedia":[{"embeddable":true,"href":"https:\/\/kapitalis.com\/tunisie\/wp-json\/wp\/v2\/media\/138875"}],"wp:attachment":[{"href":"https:\/\/kapitalis.com\/tunisie\/wp-json\/wp\/v2\/media?parent=138874"}],"wp:term":[{"taxonomy":"category","embeddable":true,"href":"https:\/\/kapitalis.com\/tunisie\/wp-json\/wp\/v2\/categories?post=138874"},{"taxonomy":"post_tag","embeddable":true,"href":"https:\/\/kapitalis.com\/tunisie\/wp-json\/wp\/v2\/tags?post=138874"}],"curies":[{"name":"wp","href":"https:\/\/api.w.org\/{rel}","templated":true}]}}