{"id":138878,"date":"2018-02-16T08:28:18","date_gmt":"2018-02-16T07:28:18","guid":{"rendered":"http:\/\/kapitalis.com\/tunisie\/?p=138878"},"modified":"2018-02-16T08:28:18","modified_gmt":"2018-02-16T07:28:18","slug":"football-ligue-1-hamdi-meddeb-prend-charge-policiers-blesses","status":"publish","type":"post","link":"https:\/\/kapitalis.com\/tunisie\/2018\/02\/16\/football-ligue-1-hamdi-meddeb-prend-charge-policiers-blesses\/","title":{"rendered":"Football-Ligue 1 : Hamdi Meddeb prend en charge les policiers bless\u00e9s"},"content":{"rendered":"<p style=\"text-align: center;\"><img loading=\"lazy\" decoding=\"async\" class=\"alignnone size-full wp-image-115948\" src=\"http:\/\/kapitalis.com\/tunisie\/wp-content\/uploads\/2017\/09\/Hamdi-Meddeb-1.jpg\" alt=\"\" width=\"626\" height=\"380\" \/><\/p>\n<p><em><strong>Hamdi Meddeb prendra en charge les frais de soins des agents de l&rsquo;ordre bless\u00e9s hier, jeudi 15 f\u00e9vrier 2018, par des supporteurs agit\u00e9s, au stade de Rad\u00e8s.<\/strong> <\/em><\/p>\n<p><!--more--><\/p>\n<p>Les policiers ont \u00e9t\u00e9 bless\u00e9s dans des confrontations avec les supporteurs de l\u2019Esp\u00e9rance sportive de Tunis (EST) dans son match contre l\u2019Etoile sportive du Sahel (ESS), comptant pour la 15e journ\u00e9e du championnat national de Ligue 1 de football, au stade de Rad\u00e8s<\/p>\n<p>Lors de ce match, des supporteurs <em>\u00absang et or\u00bb<\/em> d\u00e9cha\u00een\u00e9s ont violemment affront\u00e9 les policiers dans les trav\u00e9es des gradins, au cours de la deuxi\u00e8me p\u00e9riode de la rencontre, et dans les environs du stade.<\/p>\n<p>Le pr\u00e9sident de <a href=\"http:\/\/kapitalis.com\/tunisie\/2018\/02\/15\/football-ligue-1-lesperance-champion-de-lendurance\/\">l\u2019Esp\u00e9rance<\/a> a appel\u00e9 par la m\u00eame occasion \u00e0 trouver une solution \u00e0 ces accrochages violents qui ne cessent de se r\u00e9p\u00e9ter depuis plusieurs matches.<\/p>\n<p>Il semble, selon des sources autoris\u00e9es, que des <em>\u00abintrus\u00bb<\/em> s\u00e8ment la zizanie parmi les spectateurs afin de provoquer des accrochages avec les forces de l\u2019ordre.<\/p>\n<p style=\"text-align: center;\"><img loading=\"lazy\" decoding=\"async\" class=\"alignnone wp-image-138822\" src=\"http:\/\/kapitalis.com\/tunisie\/wp-content\/uploads\/2018\/02\/Stade-rades-violences-EST-ESS-.jpg\" alt=\"\" width=\"500\" height=\"304\" \/><\/p>\n<p>Selon un communiqu\u00e9 du minist\u00e8re de l\u2019int\u00e9rieur, 38 agents de s\u00e9curit\u00e9 ont \u00e9t\u00e9 bless\u00e9s lors des affrontements avec des supporteurs de l\u2019EST par des fumig\u00e8nes, des pierres et des pi\u00e8ces m\u00e9talliques lanc\u00e9s des gradins.<\/p>\n<p>Le minist\u00e8re a \u00e9galement annonc\u00e9 que les forces de l\u2019ordre ont d\u00e9couvert la veille, mercredi, des fumig\u00e8nes dans les tribunes.<\/p>\n<p>Le communiqu\u00e9 ajoute que 16 agents de s\u00e9curit\u00e9 ont \u00e9t\u00e9 transport\u00e9s au Centre de traumatologie et des grands br\u00fbl\u00e9s de Ben Arous et 3 autres ont \u00e9t\u00e9 emmen\u00e9s \u00e0 l\u2019h\u00f4pital des forces de s\u00e9curit\u00e9 int\u00e9rieure de la Marsa. Un autre a \u00e9t\u00e9 admis \u00e0 l\u2019h\u00f4pital Charles Nicolle \u00e0 Tunis alors que les autres ont re\u00e7u les soins sur place.<\/p>\n<p style=\"text-align: right;\"><strong>H. M.<\/strong><\/p>\n<blockquote class=\"wp-embedded-content\" data-secret=\"ujSl0ZbGbv\"><p><a href=\"https:\/\/kapitalis.com\/tunisie\/2018\/02\/16\/football-ligue-1-larbitre-karim-khemiri-suspendu-jusqua-fin-de-saison\/\">Football-Ligue 1 : L\u2019arbitre Karim Khemiri suspendu jusqu\u2019\u00e0 la fin de saison<\/a><\/p><\/blockquote>\n<p><iframe loading=\"lazy\" class=\"wp-embedded-content\" sandbox=\"allow-scripts\" security=\"restricted\" style=\"position: absolute; clip: rect(1px, 1px, 1px, 1px);\" title=\"\u00ab\u00a0Football-Ligue 1 : L\u2019arbitre Karim Khemiri suspendu jusqu\u2019\u00e0 la fin de saison\u00a0\u00bb &#8212; Kapitalis\" src=\"https:\/\/kapitalis.com\/tunisie\/2018\/02\/16\/football-ligue-1-larbitre-karim-khemiri-suspendu-jusqua-fin-de-saison\/embed\/#?secret=CSOVpwstbj#?secret=ujSl0ZbGbv\" data-secret=\"ujSl0ZbGbv\" width=\"600\" height=\"338\" frameborder=\"0\" marginwidth=\"0\" marginheight=\"0\" scrolling=\"no\"><\/iframe><\/p>\n<blockquote class=\"wp-embedded-content\" data-secret=\"CZNX5e8AK1\"><p><a href=\"https:\/\/kapitalis.com\/tunisie\/2018\/02\/15\/esperance-etoile-heurts-et-policiers-blesses-par-des-supporteurs\/\">Esp\u00e9rance-Etoile : Heurts et policiers bless\u00e9s par des supporteurs<\/a><\/p><\/blockquote>\n<p><iframe loading=\"lazy\" class=\"wp-embedded-content\" sandbox=\"allow-scripts\" security=\"restricted\" style=\"position: absolute; clip: rect(1px, 1px, 1px, 1px);\" title=\"\u00ab\u00a0Esp\u00e9rance-Etoile : Heurts et policiers bless\u00e9s par des supporteurs\u00a0\u00bb &#8212; Kapitalis\" src=\"https:\/\/kapitalis.com\/tunisie\/2018\/02\/15\/esperance-etoile-heurts-et-policiers-blesses-par-des-supporteurs\/embed\/#?secret=jQMhlKk5aG#?secret=CZNX5e8AK1\" data-secret=\"CZNX5e8AK1\" width=\"600\" height=\"338\" frameborder=\"0\" marginwidth=\"0\" marginheight=\"0\" scrolling=\"no\"><\/iframe><\/p>\n","protected":false},"excerpt":{"rendered":"<p>Hamdi Meddeb prendra en charge les frais de soins des agents de l&rsquo;ordre bless\u00e9s hier, jeudi 15 f\u00e9vrier 2018, par des supporteurs agit\u00e9s, au stade de Rad\u00e8s.<\/p>\n","protected":false},"author":8,"featured_media":0,"comment_status":"open","ping_status":"open","sticky":false,"template":"","format":"standard","meta":{"footnotes":""},"categories":[999,2433],"tags":[3261,390,2472,1149,7597],"class_list":["post-138878","post","type-post","status-publish","format-standard","hentry","category-sport","category-tunisie","tag-esperance-sportive-de-tunis","tag-football","tag-hamdi-meddeb","tag-ligue-1","tag-stade-de-rades"],"yoast_head":"<!-- This site is optimized with the Yoast SEO plugin v26.6 - https:\/\/yoast.com\/wordpress\/plugins\/seo\/ -->\n<title>Football-Ligue 1 : Hamdi Meddeb prend en charge les policiers bless\u00e9s - Kapitalis<\/title>\n<meta name=\"robots\" content=\"index, follow, max-snippet:-1, max-image-preview:large, max-video-preview:-1\" \/>\n<link rel=\"canonical\" href=\"https:\/\/kapitalis.com\/tunisie\/2018\/02\/16\/football-ligue-1-hamdi-meddeb-prend-charge-policiers-blesses\/\" \/>\n<meta property=\"og:locale\" content=\"fr_FR\" \/>\n<meta property=\"og:type\" content=\"article\" \/>\n<meta property=\"og:title\" content=\"Football-Ligue 1 : Hamdi Meddeb prend en charge les policiers bless\u00e9s - Kapitalis\" \/>\n<meta property=\"og:description\" content=\"Hamdi Meddeb prendra en charge les frais de soins des agents de l&rsquo;ordre bless\u00e9s hier, jeudi 15 f\u00e9vrier 2018, par des supporteurs agit\u00e9s, au stade de Rad\u00e8s.\" \/>\n<meta property=\"og:url\" content=\"https:\/\/kapitalis.com\/tunisie\/2018\/02\/16\/football-ligue-1-hamdi-meddeb-prend-charge-policiers-blesses\/\" \/>\n<meta property=\"og:site_name\" content=\"Kapitalis\" \/>\n<meta property=\"article:publisher\" content=\"https:\/\/www.facebook.com\/KapitalisInfo\/\" \/>\n<meta property=\"article:published_time\" content=\"2018-02-16T07:28:18+00:00\" \/>\n<meta property=\"og:image\" content=\"http:\/\/kapitalis.com\/tunisie\/wp-content\/uploads\/2017\/09\/Hamdi-Meddeb-1.jpg\" \/>\n<meta name=\"author\" content=\"webmaster kapitalis\" \/>\n<meta name=\"twitter:card\" content=\"summary_large_image\" \/>\n<meta name=\"twitter:creator\" content=\"@KapitalisInfo\" \/>\n<meta name=\"twitter:site\" content=\"@KapitalisInfo\" \/>\n<meta name=\"twitter:label1\" content=\"\u00c9crit par\" \/>\n\t<meta name=\"twitter:data1\" content=\"webmaster kapitalis\" \/>\n\t<meta name=\"twitter:label2\" content=\"Dur\u00e9e de lecture estim\u00e9e\" \/>\n\t<meta name=\"twitter:data2\" content=\"2 minutes\" \/>\n<script type=\"application\/ld+json\" class=\"yoast-schema-graph\">{\"@context\":\"https:\/\/schema.org\",\"@graph\":[{\"@type\":\"Article\",\"@id\":\"https:\/\/kapitalis.com\/tunisie\/2018\/02\/16\/football-ligue-1-hamdi-meddeb-prend-charge-policiers-blesses\/#article\",\"isPartOf\":{\"@id\":\"https:\/\/kapitalis.com\/tunisie\/2018\/02\/16\/football-ligue-1-hamdi-meddeb-prend-charge-policiers-blesses\/\"},\"author\":{\"name\":\"webmaster kapitalis\",\"@id\":\"https:\/\/kapitalis.com\/tunisie\/#\/schema\/person\/d71f33a9ca44f7bad4698210b480c8e9\"},\"headline\":\"Football-Ligue 1 : Hamdi Meddeb prend en charge les policiers bless\u00e9s\",\"datePublished\":\"2018-02-16T07:28:18+00:00\",\"mainEntityOfPage\":{\"@id\":\"https:\/\/kapitalis.com\/tunisie\/2018\/02\/16\/football-ligue-1-hamdi-meddeb-prend-charge-policiers-blesses\/\"},\"wordCount\":333,\"commentCount\":2,\"publisher\":{\"@id\":\"https:\/\/kapitalis.com\/tunisie\/#organization\"},\"image\":{\"@id\":\"https:\/\/kapitalis.com\/tunisie\/2018\/02\/16\/football-ligue-1-hamdi-meddeb-prend-charge-policiers-blesses\/#primaryimage\"},\"thumbnailUrl\":\"http:\/\/kapitalis.com\/tunisie\/wp-content\/uploads\/2017\/09\/Hamdi-Meddeb-1.jpg\",\"keywords\":[\"Esp\u00e9rance sportive de Tunis\",\"Football\",\"Hamdi Meddeb\",\"Ligue 1\",\"stade de Rades\"],\"articleSection\":[\"SPORT\",\"Tunisie\"],\"inLanguage\":\"fr-FR\",\"potentialAction\":[{\"@type\":\"CommentAction\",\"name\":\"Comment\",\"target\":[\"https:\/\/kapitalis.com\/tunisie\/2018\/02\/16\/football-ligue-1-hamdi-meddeb-prend-charge-policiers-blesses\/#respond\"]}]},{\"@type\":\"WebPage\",\"@id\":\"https:\/\/kapitalis.com\/tunisie\/2018\/02\/16\/football-ligue-1-hamdi-meddeb-prend-charge-policiers-blesses\/\",\"url\":\"https:\/\/kapitalis.com\/tunisie\/2018\/02\/16\/football-ligue-1-hamdi-meddeb-prend-charge-policiers-blesses\/\",\"name\":\"Football-Ligue 1 : Hamdi Meddeb prend en charge les policiers bless\u00e9s - Kapitalis\",\"isPartOf\":{\"@id\":\"https:\/\/kapitalis.com\/tunisie\/#website\"},\"primaryImageOfPage\":{\"@id\":\"https:\/\/kapitalis.com\/tunisie\/2018\/02\/16\/football-ligue-1-hamdi-meddeb-prend-charge-policiers-blesses\/#primaryimage\"},\"image\":{\"@id\":\"https:\/\/kapitalis.com\/tunisie\/2018\/02\/16\/football-ligue-1-hamdi-meddeb-prend-charge-policiers-blesses\/#primaryimage\"},\"thumbnailUrl\":\"http:\/\/kapitalis.com\/tunisie\/wp-content\/uploads\/2017\/09\/Hamdi-Meddeb-1.jpg\",\"datePublished\":\"2018-02-16T07:28:18+00:00\",\"breadcrumb\":{\"@id\":\"https:\/\/kapitalis.com\/tunisie\/2018\/02\/16\/football-ligue-1-hamdi-meddeb-prend-charge-policiers-blesses\/#breadcrumb\"},\"inLanguage\":\"fr-FR\",\"potentialAction\":[{\"@type\":\"ReadAction\",\"target\":[\"https:\/\/kapitalis.com\/tunisie\/2018\/02\/16\/football-ligue-1-hamdi-meddeb-prend-charge-policiers-blesses\/\"]}]},{\"@type\":\"ImageObject\",\"inLanguage\":\"fr-FR\",\"@id\":\"https:\/\/kapitalis.com\/tunisie\/2018\/02\/16\/football-ligue-1-hamdi-meddeb-prend-charge-policiers-blesses\/#primaryimage\",\"url\":\"http:\/\/kapitalis.com\/tunisie\/wp-content\/uploads\/2017\/09\/Hamdi-Meddeb-1.jpg\",\"contentUrl\":\"http:\/\/kapitalis.com\/tunisie\/wp-content\/uploads\/2017\/09\/Hamdi-Meddeb-1.jpg\"},{\"@type\":\"BreadcrumbList\",\"@id\":\"https:\/\/kapitalis.com\/tunisie\/2018\/02\/16\/football-ligue-1-hamdi-meddeb-prend-charge-policiers-blesses\/#breadcrumb\",\"itemListElement\":[{\"@type\":\"ListItem\",\"position\":1,\"name\":\"Accueil\",\"item\":\"https:\/\/kapitalis.com\/tunisie\/\"},{\"@type\":\"ListItem\",\"position\":2,\"name\":\"Football-Ligue 1 : Hamdi Meddeb prend en charge les policiers bless\u00e9s\"}]},{\"@type\":\"WebSite\",\"@id\":\"https:\/\/kapitalis.com\/tunisie\/#website\",\"url\":\"https:\/\/kapitalis.com\/tunisie\/\",\"name\":\"Kapitalis\",\"description\":\"L&#039;actualit\u00e9 en Tunisie et dans le monde\",\"publisher\":{\"@id\":\"https:\/\/kapitalis.com\/tunisie\/#organization\"},\"potentialAction\":[{\"@type\":\"SearchAction\",\"target\":{\"@type\":\"EntryPoint\",\"urlTemplate\":\"https:\/\/kapitalis.com\/tunisie\/?s={search_term_string}\"},\"query-input\":{\"@type\":\"PropertyValueSpecification\",\"valueRequired\":true,\"valueName\":\"search_term_string\"}}],\"inLanguage\":\"fr-FR\"},{\"@type\":\"Organization\",\"@id\":\"https:\/\/kapitalis.com\/tunisie\/#organization\",\"name\":\"Kapitalis\",\"url\":\"https:\/\/kapitalis.com\/tunisie\/\",\"logo\":{\"@type\":\"ImageObject\",\"inLanguage\":\"fr-FR\",\"@id\":\"https:\/\/kapitalis.com\/tunisie\/#\/schema\/logo\/image\/\",\"url\":\"https:\/\/kapitalis.com\/tunisie\/wp-content\/uploads\/2022\/05\/Kapitalis-big-size.png\",\"contentUrl\":\"https:\/\/kapitalis.com\/tunisie\/wp-content\/uploads\/2022\/05\/Kapitalis-big-size.png\",\"width\":5000,\"height\":1500,\"caption\":\"Kapitalis\"},\"image\":{\"@id\":\"https:\/\/kapitalis.com\/tunisie\/#\/schema\/logo\/image\/\"},\"sameAs\":[\"https:\/\/www.facebook.com\/KapitalisInfo\/\",\"https:\/\/x.com\/KapitalisInfo\",\"https:\/\/www.youtube.com\/channel\/UC-yDYrHyfFBWWZaOw3FPg9Q\"]},{\"@type\":\"Person\",\"@id\":\"https:\/\/kapitalis.com\/tunisie\/#\/schema\/person\/d71f33a9ca44f7bad4698210b480c8e9\",\"name\":\"webmaster kapitalis\",\"url\":\"https:\/\/kapitalis.com\/tunisie\/author\/webmaster-kapitalis\/\"}]}<\/script>\n<!-- \/ Yoast SEO plugin. -->","yoast_head_json":{"title":"Football-Ligue 1 : Hamdi Meddeb prend en charge les policiers bless\u00e9s - Kapitalis","robots":{"index":"index","follow":"follow","max-snippet":"max-snippet:-1","max-image-preview":"max-image-preview:large","max-video-preview":"max-video-preview:-1"},"canonical":"https:\/\/kapitalis.com\/tunisie\/2018\/02\/16\/football-ligue-1-hamdi-meddeb-prend-charge-policiers-blesses\/","og_locale":"fr_FR","og_type":"article","og_title":"Football-Ligue 1 : Hamdi Meddeb prend en charge les policiers bless\u00e9s - Kapitalis","og_description":"Hamdi Meddeb prendra en charge les frais de soins des agents de l&rsquo;ordre bless\u00e9s hier, jeudi 15 f\u00e9vrier 2018, par des supporteurs agit\u00e9s, au stade de Rad\u00e8s.","og_url":"https:\/\/kapitalis.com\/tunisie\/2018\/02\/16\/football-ligue-1-hamdi-meddeb-prend-charge-policiers-blesses\/","og_site_name":"Kapitalis","article_publisher":"https:\/\/www.facebook.com\/KapitalisInfo\/","article_published_time":"2018-02-16T07:28:18+00:00","og_image":[{"url":"http:\/\/kapitalis.com\/tunisie\/wp-content\/uploads\/2017\/09\/Hamdi-Meddeb-1.jpg","type":"","width":"","height":""}],"author":"webmaster kapitalis","twitter_card":"summary_large_image","twitter_creator":"@KapitalisInfo","twitter_site":"@KapitalisInfo","twitter_misc":{"\u00c9crit par":"webmaster kapitalis","Dur\u00e9e de lecture estim\u00e9e":"2 minutes"},"schema":{"@context":"https:\/\/schema.org","@graph":[{"@type":"Article","@id":"https:\/\/kapitalis.com\/tunisie\/2018\/02\/16\/football-ligue-1-hamdi-meddeb-prend-charge-policiers-blesses\/#article","isPartOf":{"@id":"https:\/\/kapitalis.com\/tunisie\/2018\/02\/16\/football-ligue-1-hamdi-meddeb-prend-charge-policiers-blesses\/"},"author":{"name":"webmaster kapitalis","@id":"https:\/\/kapitalis.com\/tunisie\/#\/schema\/person\/d71f33a9ca44f7bad4698210b480c8e9"},"headline":"Football-Ligue 1 : Hamdi Meddeb prend en charge les policiers bless\u00e9s","datePublished":"2018-02-16T07:28:18+00:00","mainEntityOfPage":{"@id":"https:\/\/kapitalis.com\/tunisie\/2018\/02\/16\/football-ligue-1-hamdi-meddeb-prend-charge-policiers-blesses\/"},"wordCount":333,"commentCount":2,"publisher":{"@id":"https:\/\/kapitalis.com\/tunisie\/#organization"},"image":{"@id":"https:\/\/kapitalis.com\/tunisie\/2018\/02\/16\/football-ligue-1-hamdi-meddeb-prend-charge-policiers-blesses\/#primaryimage"},"thumbnailUrl":"http:\/\/kapitalis.com\/tunisie\/wp-content\/uploads\/2017\/09\/Hamdi-Meddeb-1.jpg","keywords":["Esp\u00e9rance sportive de Tunis","Football","Hamdi Meddeb","Ligue 1","stade de Rades"],"articleSection":["SPORT","Tunisie"],"inLanguage":"fr-FR","potentialAction":[{"@type":"CommentAction","name":"Comment","target":["https:\/\/kapitalis.com\/tunisie\/2018\/02\/16\/football-ligue-1-hamdi-meddeb-prend-charge-policiers-blesses\/#respond"]}]},{"@type":"WebPage","@id":"https:\/\/kapitalis.com\/tunisie\/2018\/02\/16\/football-ligue-1-hamdi-meddeb-prend-charge-policiers-blesses\/","url":"https:\/\/kapitalis.com\/tunisie\/2018\/02\/16\/football-ligue-1-hamdi-meddeb-prend-charge-policiers-blesses\/","name":"Football-Ligue 1 : Hamdi Meddeb prend en charge les policiers bless\u00e9s - Kapitalis","isPartOf":{"@id":"https:\/\/kapitalis.com\/tunisie\/#website"},"primaryImageOfPage":{"@id":"https:\/\/kapitalis.com\/tunisie\/2018\/02\/16\/football-ligue-1-hamdi-meddeb-prend-charge-policiers-blesses\/#primaryimage"},"image":{"@id":"https:\/\/kapitalis.com\/tunisie\/2018\/02\/16\/football-ligue-1-hamdi-meddeb-prend-charge-policiers-blesses\/#primaryimage"},"thumbnailUrl":"http:\/\/kapitalis.com\/tunisie\/wp-content\/uploads\/2017\/09\/Hamdi-Meddeb-1.jpg","datePublished":"2018-02-16T07:28:18+00:00","breadcrumb":{"@id":"https:\/\/kapitalis.com\/tunisie\/2018\/02\/16\/football-ligue-1-hamdi-meddeb-prend-charge-policiers-blesses\/#breadcrumb"},"inLanguage":"fr-FR","potentialAction":[{"@type":"ReadAction","target":["https:\/\/kapitalis.com\/tunisie\/2018\/02\/16\/football-ligue-1-hamdi-meddeb-prend-charge-policiers-blesses\/"]}]},{"@type":"ImageObject","inLanguage":"fr-FR","@id":"https:\/\/kapitalis.com\/tunisie\/2018\/02\/16\/football-ligue-1-hamdi-meddeb-prend-charge-policiers-blesses\/#primaryimage","url":"http:\/\/kapitalis.com\/tunisie\/wp-content\/uploads\/2017\/09\/Hamdi-Meddeb-1.jpg","contentUrl":"http:\/\/kapitalis.com\/tunisie\/wp-content\/uploads\/2017\/09\/Hamdi-Meddeb-1.jpg"},{"@type":"BreadcrumbList","@id":"https:\/\/kapitalis.com\/tunisie\/2018\/02\/16\/football-ligue-1-hamdi-meddeb-prend-charge-policiers-blesses\/#breadcrumb","itemListElement":[{"@type":"ListItem","position":1,"name":"Accueil","item":"https:\/\/kapitalis.com\/tunisie\/"},{"@type":"ListItem","position":2,"name":"Football-Ligue 1 : Hamdi Meddeb prend en charge les policiers bless\u00e9s"}]},{"@type":"WebSite","@id":"https:\/\/kapitalis.com\/tunisie\/#website","url":"https:\/\/kapitalis.com\/tunisie\/","name":"Kapitalis","description":"L&#039;actualit\u00e9 en Tunisie et dans le monde","publisher":{"@id":"https:\/\/kapitalis.com\/tunisie\/#organization"},"potentialAction":[{"@type":"SearchAction","target":{"@type":"EntryPoint","urlTemplate":"https:\/\/kapitalis.com\/tunisie\/?s={search_term_string}"},"query-input":{"@type":"PropertyValueSpecification","valueRequired":true,"valueName":"search_term_string"}}],"inLanguage":"fr-FR"},{"@type":"Organization","@id":"https:\/\/kapitalis.com\/tunisie\/#organization","name":"Kapitalis","url":"https:\/\/kapitalis.com\/tunisie\/","logo":{"@type":"ImageObject","inLanguage":"fr-FR","@id":"https:\/\/kapitalis.com\/tunisie\/#\/schema\/logo\/image\/","url":"https:\/\/kapitalis.com\/tunisie\/wp-content\/uploads\/2022\/05\/Kapitalis-big-size.png","contentUrl":"https:\/\/kapitalis.com\/tunisie\/wp-content\/uploads\/2022\/05\/Kapitalis-big-size.png","width":5000,"height":1500,"caption":"Kapitalis"},"image":{"@id":"https:\/\/kapitalis.com\/tunisie\/#\/schema\/logo\/image\/"},"sameAs":["https:\/\/www.facebook.com\/KapitalisInfo\/","https:\/\/x.com\/KapitalisInfo","https:\/\/www.youtube.com\/channel\/UC-yDYrHyfFBWWZaOw3FPg9Q"]},{"@type":"Person","@id":"https:\/\/kapitalis.com\/tunisie\/#\/schema\/person\/d71f33a9ca44f7bad4698210b480c8e9","name":"webmaster kapitalis","url":"https:\/\/kapitalis.com\/tunisie\/author\/webmaster-kapitalis\/"}]}},"_links":{"self":[{"href":"https:\/\/kapitalis.com\/tunisie\/wp-json\/wp\/v2\/posts\/138878","targetHints":{"allow":["GET"]}}],"collection":[{"href":"https:\/\/kapitalis.com\/tunisie\/wp-json\/wp\/v2\/posts"}],"about":[{"href":"https:\/\/kapitalis.com\/tunisie\/wp-json\/wp\/v2\/types\/post"}],"author":[{"embeddable":true,"href":"https:\/\/kapitalis.com\/tunisie\/wp-json\/wp\/v2\/users\/8"}],"replies":[{"embeddable":true,"href":"https:\/\/kapitalis.com\/tunisie\/wp-json\/wp\/v2\/comments?post=138878"}],"version-history":[{"count":0,"href":"https:\/\/kapitalis.com\/tunisie\/wp-json\/wp\/v2\/posts\/138878\/revisions"}],"wp:attachment":[{"href":"https:\/\/kapitalis.com\/tunisie\/wp-json\/wp\/v2\/media?parent=138878"}],"wp:term":[{"taxonomy":"category","embeddable":true,"href":"https:\/\/kapitalis.com\/tunisie\/wp-json\/wp\/v2\/categories?post=138878"},{"taxonomy":"post_tag","embeddable":true,"href":"https:\/\/kapitalis.com\/tunisie\/wp-json\/wp\/v2\/tags?post=138878"}],"curies":[{"name":"wp","href":"https:\/\/api.w.org\/{rel}","templated":true}]}}