{"id":13887983,"date":"2024-08-29T00:32:33","date_gmt":"2024-08-28T23:32:33","guid":{"rendered":"https:\/\/kapitalis.com\/tunisie\/?p=13887983"},"modified":"2024-08-29T00:34:31","modified_gmt":"2024-08-28T23:34:31","slug":"paris-2024-en-photos-les-tunisiens-a-la-ceremonie-douverture-des-jeux-paralympiques","status":"publish","type":"post","link":"https:\/\/kapitalis.com\/tunisie\/2024\/08\/29\/paris-2024-en-photos-les-tunisiens-a-la-ceremonie-douverture-des-jeux-paralympiques\/","title":{"rendered":"Paris 2024 : En photos, les Tunisiens \u00e0 la c\u00e9r\u00e9monie d&rsquo;ouverture des Jeux Paralympiques"},"content":{"rendered":"\n<p><strong><em>La c\u00e9r\u00e9monie d\u2019ouverture des Jeux Paralympiques s\u2019est d\u00e9roul\u00e9e, ce mercredi 28 ao\u00fbt 2024, \u00e0 la place de la Concorde \u00e0 Paris, qui accueille pour cette comp\u00e9tition 4400 athl\u00e8tes, repr\u00e9sentant 170 pays.<\/em><\/strong><\/p>\n\n\n\n<!--more-->\n\n\n\n<p>La d\u00e9l\u00e9gation tunisienne a pris part ce soir \u00e0 la c\u00e9r\u00e9monie d\u2019ouverture, avec comme portes-drapeau Marwa Brahmi (rois fois championne du monde en lancer de massue F32 et a obtenu plusieurs m\u00e9dailles de bronze et d\u2019argent aux Jeux paralympiques d\u2019\u00e9t\u00e9 de 201.) et Farhat Chida (champion du monde en 400 m, deux fois vice-champion du monde et a \u00e0 son actif de nombreuses m\u00e9dailles olympiques).<\/p>\n\n\n\n<figure class=\"wp-block-gallery aligncenter has-nested-images columns-2 is-cropped wp-block-gallery-1 is-layout-flex wp-block-gallery-is-layout-flex\">\n<figure class=\"wp-block-image size-large\"><img loading=\"lazy\" decoding=\"async\" width=\"612\" height=\"408\" data-id=\"13888015\" src=\"https:\/\/kapitalis.com\/tunisie\/wp-content\/uploads\/2024\/08\/Jeux-Paralympiques-Tunisie9.jpg\" alt=\"\" class=\"wp-image-13888015\" srcset=\"https:\/\/kapitalis.com\/tunisie\/wp-content\/uploads\/2024\/08\/Jeux-Paralympiques-Tunisie9.jpg 612w, https:\/\/kapitalis.com\/tunisie\/wp-content\/uploads\/2024\/08\/Jeux-Paralympiques-Tunisie9-300x200.jpg 300w, https:\/\/kapitalis.com\/tunisie\/wp-content\/uploads\/2024\/08\/Jeux-Paralympiques-Tunisie9-580x387.jpg 580w\" sizes=\"auto, (max-width: 612px) 100vw, 612px\" \/><\/figure>\n\n\n\n<figure class=\"wp-block-image size-large\"><img loading=\"lazy\" decoding=\"async\" width=\"768\" height=\"1024\" data-id=\"13888024\" src=\"https:\/\/kapitalis.com\/tunisie\/wp-content\/uploads\/2024\/08\/Jeux-Paralympiques-Tunisie8-768x1024.jpg\" alt=\"\" class=\"wp-image-13888024\" srcset=\"https:\/\/kapitalis.com\/tunisie\/wp-content\/uploads\/2024\/08\/Jeux-Paralympiques-Tunisie8-768x1024.jpg 768w, https:\/\/kapitalis.com\/tunisie\/wp-content\/uploads\/2024\/08\/Jeux-Paralympiques-Tunisie8-225x300.jpg 225w, https:\/\/kapitalis.com\/tunisie\/wp-content\/uploads\/2024\/08\/Jeux-Paralympiques-Tunisie8-580x773.jpg 580w, https:\/\/kapitalis.com\/tunisie\/wp-content\/uploads\/2024\/08\/Jeux-Paralympiques-Tunisie8-860x1147.jpg 860w, https:\/\/kapitalis.com\/tunisie\/wp-content\/uploads\/2024\/08\/Jeux-Paralympiques-Tunisie8.jpg 1080w\" sizes=\"auto, (max-width: 768px) 100vw, 768px\" \/><\/figure>\n\n\n\n<figure class=\"wp-block-image size-large\"><img loading=\"lazy\" decoding=\"async\" width=\"720\" height=\"528\" data-id=\"13888017\" src=\"https:\/\/kapitalis.com\/tunisie\/wp-content\/uploads\/2024\/08\/Jeux-Paralympiques-Tunisie7.jpg\" alt=\"\" class=\"wp-image-13888017\" srcset=\"https:\/\/kapitalis.com\/tunisie\/wp-content\/uploads\/2024\/08\/Jeux-Paralympiques-Tunisie7.jpg 720w, https:\/\/kapitalis.com\/tunisie\/wp-content\/uploads\/2024\/08\/Jeux-Paralympiques-Tunisie7-300x220.jpg 300w, https:\/\/kapitalis.com\/tunisie\/wp-content\/uploads\/2024\/08\/Jeux-Paralympiques-Tunisie7-580x425.jpg 580w\" sizes=\"auto, (max-width: 720px) 100vw, 720px\" \/><\/figure>\n\n\n\n<figure class=\"wp-block-image size-large\"><img loading=\"lazy\" decoding=\"async\" width=\"720\" height=\"960\" data-id=\"13888022\" src=\"https:\/\/kapitalis.com\/tunisie\/wp-content\/uploads\/2024\/08\/Jeux-Paralympiques-Tunisie6.jpg\" alt=\"\" class=\"wp-image-13888022\" srcset=\"https:\/\/kapitalis.com\/tunisie\/wp-content\/uploads\/2024\/08\/Jeux-Paralympiques-Tunisie6.jpg 720w, https:\/\/kapitalis.com\/tunisie\/wp-content\/uploads\/2024\/08\/Jeux-Paralympiques-Tunisie6-225x300.jpg 225w, https:\/\/kapitalis.com\/tunisie\/wp-content\/uploads\/2024\/08\/Jeux-Paralympiques-Tunisie6-580x773.jpg 580w\" sizes=\"auto, (max-width: 720px) 100vw, 720px\" \/><\/figure>\n\n\n\n<figure class=\"wp-block-image size-large\"><img loading=\"lazy\" decoding=\"async\" width=\"720\" height=\"960\" data-id=\"13888023\" src=\"https:\/\/kapitalis.com\/tunisie\/wp-content\/uploads\/2024\/08\/Jeux-Paralympiques-Tunisie5.jpg\" alt=\"\" class=\"wp-image-13888023\" srcset=\"https:\/\/kapitalis.com\/tunisie\/wp-content\/uploads\/2024\/08\/Jeux-Paralympiques-Tunisie5.jpg 720w, https:\/\/kapitalis.com\/tunisie\/wp-content\/uploads\/2024\/08\/Jeux-Paralympiques-Tunisie5-225x300.jpg 225w, https:\/\/kapitalis.com\/tunisie\/wp-content\/uploads\/2024\/08\/Jeux-Paralympiques-Tunisie5-580x773.jpg 580w\" sizes=\"auto, (max-width: 720px) 100vw, 720px\" \/><\/figure>\n\n\n\n<figure class=\"wp-block-image size-large\"><img loading=\"lazy\" decoding=\"async\" width=\"720\" height=\"405\" data-id=\"13888018\" src=\"https:\/\/kapitalis.com\/tunisie\/wp-content\/uploads\/2024\/08\/Jeux-Paralympiques-Tunisie4.jpg\" alt=\"\" class=\"wp-image-13888018\" srcset=\"https:\/\/kapitalis.com\/tunisie\/wp-content\/uploads\/2024\/08\/Jeux-Paralympiques-Tunisie4.jpg 720w, https:\/\/kapitalis.com\/tunisie\/wp-content\/uploads\/2024\/08\/Jeux-Paralympiques-Tunisie4-300x169.jpg 300w, https:\/\/kapitalis.com\/tunisie\/wp-content\/uploads\/2024\/08\/Jeux-Paralympiques-Tunisie4-580x326.jpg 580w\" sizes=\"auto, (max-width: 720px) 100vw, 720px\" \/><\/figure>\n\n\n\n<figure class=\"wp-block-image size-large\"><img loading=\"lazy\" decoding=\"async\" width=\"720\" height=\"480\" data-id=\"13888020\" src=\"https:\/\/kapitalis.com\/tunisie\/wp-content\/uploads\/2024\/08\/Jeux-Paralympiques-Tunisie3.jpg\" alt=\"\" class=\"wp-image-13888020\" srcset=\"https:\/\/kapitalis.com\/tunisie\/wp-content\/uploads\/2024\/08\/Jeux-Paralympiques-Tunisie3.jpg 720w, https:\/\/kapitalis.com\/tunisie\/wp-content\/uploads\/2024\/08\/Jeux-Paralympiques-Tunisie3-300x200.jpg 300w, https:\/\/kapitalis.com\/tunisie\/wp-content\/uploads\/2024\/08\/Jeux-Paralympiques-Tunisie3-580x387.jpg 580w\" sizes=\"auto, (max-width: 720px) 100vw, 720px\" \/><\/figure>\n\n\n\n<figure class=\"wp-block-image size-large\"><img loading=\"lazy\" decoding=\"async\" width=\"720\" height=\"480\" data-id=\"13888019\" src=\"https:\/\/kapitalis.com\/tunisie\/wp-content\/uploads\/2024\/08\/Jeux-Paralympiques-Tunisie1.jpg\" alt=\"\" class=\"wp-image-13888019\" srcset=\"https:\/\/kapitalis.com\/tunisie\/wp-content\/uploads\/2024\/08\/Jeux-Paralympiques-Tunisie1.jpg 720w, https:\/\/kapitalis.com\/tunisie\/wp-content\/uploads\/2024\/08\/Jeux-Paralympiques-Tunisie1-300x200.jpg 300w, https:\/\/kapitalis.com\/tunisie\/wp-content\/uploads\/2024\/08\/Jeux-Paralympiques-Tunisie1-580x387.jpg 580w\" sizes=\"auto, (max-width: 720px) 100vw, 720px\" \/><\/figure>\n\n\n\n<figure class=\"wp-block-image size-large\"><img loading=\"lazy\" decoding=\"async\" width=\"1024\" height=\"597\" data-id=\"13888021\" src=\"https:\/\/kapitalis.com\/tunisie\/wp-content\/uploads\/2024\/08\/Jeux-Paralympiques-Tunisie2-1024x597.jpg\" alt=\"\" class=\"wp-image-13888021\" srcset=\"https:\/\/kapitalis.com\/tunisie\/wp-content\/uploads\/2024\/08\/Jeux-Paralympiques-Tunisie2-1024x597.jpg 1024w, https:\/\/kapitalis.com\/tunisie\/wp-content\/uploads\/2024\/08\/Jeux-Paralympiques-Tunisie2-300x175.jpg 300w, https:\/\/kapitalis.com\/tunisie\/wp-content\/uploads\/2024\/08\/Jeux-Paralympiques-Tunisie2-768x448.jpg 768w, https:\/\/kapitalis.com\/tunisie\/wp-content\/uploads\/2024\/08\/Jeux-Paralympiques-Tunisie2-860x502.jpg 860w, https:\/\/kapitalis.com\/tunisie\/wp-content\/uploads\/2024\/08\/Jeux-Paralympiques-Tunisie2-580x338.jpg 580w, https:\/\/kapitalis.com\/tunisie\/wp-content\/uploads\/2024\/08\/Jeux-Paralympiques-Tunisie2.jpg 1080w\" sizes=\"auto, (max-width: 1024px) 100vw, 1024px\" \/><\/figure>\n\n\n\n<figure class=\"wp-block-image size-large\"><img loading=\"lazy\" decoding=\"async\" width=\"1024\" height=\"615\" data-id=\"13888040\" src=\"https:\/\/kapitalis.com\/tunisie\/wp-content\/uploads\/2024\/08\/Jeux-Paralympiques-Tunisie12-1024x615.jpg\" alt=\"\" class=\"wp-image-13888040\" srcset=\"https:\/\/kapitalis.com\/tunisie\/wp-content\/uploads\/2024\/08\/Jeux-Paralympiques-Tunisie12-1024x615.jpg 1024w, https:\/\/kapitalis.com\/tunisie\/wp-content\/uploads\/2024\/08\/Jeux-Paralympiques-Tunisie12-300x180.jpg 300w, https:\/\/kapitalis.com\/tunisie\/wp-content\/uploads\/2024\/08\/Jeux-Paralympiques-Tunisie12-768x461.jpg 768w, https:\/\/kapitalis.com\/tunisie\/wp-content\/uploads\/2024\/08\/Jeux-Paralympiques-Tunisie12-580x348.jpg 580w, https:\/\/kapitalis.com\/tunisie\/wp-content\/uploads\/2024\/08\/Jeux-Paralympiques-Tunisie12-860x516.jpg 860w, https:\/\/kapitalis.com\/tunisie\/wp-content\/uploads\/2024\/08\/Jeux-Paralympiques-Tunisie12-1160x697.jpg 1160w, https:\/\/kapitalis.com\/tunisie\/wp-content\/uploads\/2024\/08\/Jeux-Paralympiques-Tunisie12.jpg 1199w\" sizes=\"auto, (max-width: 1024px) 100vw, 1024px\" \/><\/figure>\n<\/figure>\n\n\n\n<p>Notons que la Tunisie est repr\u00e9sent\u00e9e par 30 athl\u00e8tes de diff\u00e9rentes disciplines sur les 549 \u00e9preuves attendues aux Jeux Paralympiques de Paris.<\/p>\n\n\n\n<p class=\"has-text-align-right\"><strong>Y. N.<\/strong><\/p>\n","protected":false},"excerpt":{"rendered":"<p>La c\u00e9r\u00e9monie d\u2019ouverture des Jeux Paralympiques s\u2019est d\u00e9roul\u00e9e, ce mercredi 28 ao\u00fbt 2024, \u00e0 la place de la Concorde \u00e0 Paris, qui accueille pour cette comp\u00e9tition 4400 athl\u00e8tes, repr\u00e9sentant 170 pays.<\/p>\n","protected":false},"author":6,"featured_media":13888005,"comment_status":"closed","ping_status":"open","sticky":false,"template":"","format":"standard","meta":{"footnotes":""},"categories":[999,2433],"tags":[7885,5565,22278,110512,62643],"class_list":["post-13887983","post","type-post","status-publish","format-standard","has-post-thumbnail","hentry","category-sport","category-tunisie","tag-athletes","tag-delegation-tunisienne","tag-jeux-paralympiques","tag-paris-2024","tag-tunisie"],"yoast_head":"<!-- This site is optimized with the Yoast SEO plugin v26.6 - https:\/\/yoast.com\/wordpress\/plugins\/seo\/ -->\n<title>Paris 2024 : En photos, les Tunisiens \u00e0 la c\u00e9r\u00e9monie d&#039;ouverture des Jeux Paralympiques - Kapitalis<\/title>\n<meta name=\"robots\" content=\"index, follow, max-snippet:-1, max-image-preview:large, max-video-preview:-1\" \/>\n<link rel=\"canonical\" href=\"https:\/\/kapitalis.com\/tunisie\/2024\/08\/29\/paris-2024-en-photos-les-tunisiens-a-la-ceremonie-douverture-des-jeux-paralympiques\/\" \/>\n<meta property=\"og:locale\" content=\"fr_FR\" \/>\n<meta property=\"og:type\" content=\"article\" \/>\n<meta property=\"og:title\" content=\"Paris 2024 : En photos, les Tunisiens \u00e0 la c\u00e9r\u00e9monie d&#039;ouverture des Jeux Paralympiques - Kapitalis\" \/>\n<meta property=\"og:description\" content=\"La c\u00e9r\u00e9monie d\u2019ouverture des Jeux Paralympiques s\u2019est d\u00e9roul\u00e9e, ce mercredi 28 ao\u00fbt 2024, \u00e0 la place de la Concorde \u00e0 Paris, qui accueille pour cette comp\u00e9tition 4400 athl\u00e8tes, repr\u00e9sentant 170 pays.\" \/>\n<meta property=\"og:url\" content=\"https:\/\/kapitalis.com\/tunisie\/2024\/08\/29\/paris-2024-en-photos-les-tunisiens-a-la-ceremonie-douverture-des-jeux-paralympiques\/\" \/>\n<meta property=\"og:site_name\" content=\"Kapitalis\" \/>\n<meta property=\"article:publisher\" content=\"https:\/\/www.facebook.com\/KapitalisInfo\/\" \/>\n<meta property=\"article:published_time\" content=\"2024-08-28T23:32:33+00:00\" \/>\n<meta property=\"article:modified_time\" content=\"2024-08-28T23:34:31+00:00\" \/>\n<meta property=\"og:image\" content=\"https:\/\/kapitalis.com\/tunisie\/wp-content\/uploads\/2024\/08\/Tunisie-Jeux-Paralympiques.jpg\" \/>\n\t<meta property=\"og:image:width\" content=\"1200\" \/>\n\t<meta property=\"og:image:height\" content=\"630\" \/>\n\t<meta property=\"og:image:type\" content=\"image\/jpeg\" \/>\n<meta name=\"author\" content=\"Yusra NY\" \/>\n<meta name=\"twitter:card\" content=\"summary_large_image\" \/>\n<meta name=\"twitter:creator\" content=\"@KapitalisInfo\" \/>\n<meta name=\"twitter:site\" content=\"@KapitalisInfo\" \/>\n<meta name=\"twitter:label1\" content=\"\u00c9crit par\" \/>\n\t<meta name=\"twitter:data1\" content=\"Yusra NY\" \/>\n\t<meta name=\"twitter:label2\" content=\"Dur\u00e9e de lecture estim\u00e9e\" \/>\n\t<meta name=\"twitter:data2\" content=\"3 minutes\" \/>\n<script type=\"application\/ld+json\" class=\"yoast-schema-graph\">{\"@context\":\"https:\/\/schema.org\",\"@graph\":[{\"@type\":\"Article\",\"@id\":\"https:\/\/kapitalis.com\/tunisie\/2024\/08\/29\/paris-2024-en-photos-les-tunisiens-a-la-ceremonie-douverture-des-jeux-paralympiques\/#article\",\"isPartOf\":{\"@id\":\"https:\/\/kapitalis.com\/tunisie\/2024\/08\/29\/paris-2024-en-photos-les-tunisiens-a-la-ceremonie-douverture-des-jeux-paralympiques\/\"},\"author\":{\"name\":\"Yusra NY\",\"@id\":\"https:\/\/kapitalis.com\/tunisie\/#\/schema\/person\/74bbde0154d49d790a92aaeac5bc01d5\"},\"headline\":\"Paris 2024 : En photos, les Tunisiens \u00e0 la c\u00e9r\u00e9monie d&rsquo;ouverture des Jeux Paralympiques\",\"datePublished\":\"2024-08-28T23:32:33+00:00\",\"dateModified\":\"2024-08-28T23:34:31+00:00\",\"mainEntityOfPage\":{\"@id\":\"https:\/\/kapitalis.com\/tunisie\/2024\/08\/29\/paris-2024-en-photos-les-tunisiens-a-la-ceremonie-douverture-des-jeux-paralympiques\/\"},\"wordCount\":144,\"publisher\":{\"@id\":\"https:\/\/kapitalis.com\/tunisie\/#organization\"},\"image\":{\"@id\":\"https:\/\/kapitalis.com\/tunisie\/2024\/08\/29\/paris-2024-en-photos-les-tunisiens-a-la-ceremonie-douverture-des-jeux-paralympiques\/#primaryimage\"},\"thumbnailUrl\":\"https:\/\/kapitalis.com\/tunisie\/wp-content\/uploads\/2024\/08\/Tunisie-Jeux-Paralympiques.jpg\",\"keywords\":[\"athl\u00e8tes\",\"d\u00e9l\u00e9gation tunisienne\",\"Jeux paralympiques\",\"Paris 2024\",\"Tunisie\"],\"articleSection\":[\"SPORT\",\"Tunisie\"],\"inLanguage\":\"fr-FR\"},{\"@type\":\"WebPage\",\"@id\":\"https:\/\/kapitalis.com\/tunisie\/2024\/08\/29\/paris-2024-en-photos-les-tunisiens-a-la-ceremonie-douverture-des-jeux-paralympiques\/\",\"url\":\"https:\/\/kapitalis.com\/tunisie\/2024\/08\/29\/paris-2024-en-photos-les-tunisiens-a-la-ceremonie-douverture-des-jeux-paralympiques\/\",\"name\":\"Paris 2024 : En photos, les Tunisiens \u00e0 la c\u00e9r\u00e9monie d'ouverture des Jeux Paralympiques - Kapitalis\",\"isPartOf\":{\"@id\":\"https:\/\/kapitalis.com\/tunisie\/#website\"},\"primaryImageOfPage\":{\"@id\":\"https:\/\/kapitalis.com\/tunisie\/2024\/08\/29\/paris-2024-en-photos-les-tunisiens-a-la-ceremonie-douverture-des-jeux-paralympiques\/#primaryimage\"},\"image\":{\"@id\":\"https:\/\/kapitalis.com\/tunisie\/2024\/08\/29\/paris-2024-en-photos-les-tunisiens-a-la-ceremonie-douverture-des-jeux-paralympiques\/#primaryimage\"},\"thumbnailUrl\":\"https:\/\/kapitalis.com\/tunisie\/wp-content\/uploads\/2024\/08\/Tunisie-Jeux-Paralympiques.jpg\",\"datePublished\":\"2024-08-28T23:32:33+00:00\",\"dateModified\":\"2024-08-28T23:34:31+00:00\",\"breadcrumb\":{\"@id\":\"https:\/\/kapitalis.com\/tunisie\/2024\/08\/29\/paris-2024-en-photos-les-tunisiens-a-la-ceremonie-douverture-des-jeux-paralympiques\/#breadcrumb\"},\"inLanguage\":\"fr-FR\",\"potentialAction\":[{\"@type\":\"ReadAction\",\"target\":[\"https:\/\/kapitalis.com\/tunisie\/2024\/08\/29\/paris-2024-en-photos-les-tunisiens-a-la-ceremonie-douverture-des-jeux-paralympiques\/\"]}]},{\"@type\":\"ImageObject\",\"inLanguage\":\"fr-FR\",\"@id\":\"https:\/\/kapitalis.com\/tunisie\/2024\/08\/29\/paris-2024-en-photos-les-tunisiens-a-la-ceremonie-douverture-des-jeux-paralympiques\/#primaryimage\",\"url\":\"https:\/\/kapitalis.com\/tunisie\/wp-content\/uploads\/2024\/08\/Tunisie-Jeux-Paralympiques.jpg\",\"contentUrl\":\"https:\/\/kapitalis.com\/tunisie\/wp-content\/uploads\/2024\/08\/Tunisie-Jeux-Paralympiques.jpg\",\"width\":1200,\"height\":630},{\"@type\":\"BreadcrumbList\",\"@id\":\"https:\/\/kapitalis.com\/tunisie\/2024\/08\/29\/paris-2024-en-photos-les-tunisiens-a-la-ceremonie-douverture-des-jeux-paralympiques\/#breadcrumb\",\"itemListElement\":[{\"@type\":\"ListItem\",\"position\":1,\"name\":\"Accueil\",\"item\":\"https:\/\/kapitalis.com\/tunisie\/\"},{\"@type\":\"ListItem\",\"position\":2,\"name\":\"Paris 2024 : En photos, les Tunisiens \u00e0 la c\u00e9r\u00e9monie d&rsquo;ouverture des Jeux Paralympiques\"}]},{\"@type\":\"WebSite\",\"@id\":\"https:\/\/kapitalis.com\/tunisie\/#website\",\"url\":\"https:\/\/kapitalis.com\/tunisie\/\",\"name\":\"Kapitalis\",\"description\":\"L&#039;actualit\u00e9 en Tunisie et dans le monde\",\"publisher\":{\"@id\":\"https:\/\/kapitalis.com\/tunisie\/#organization\"},\"potentialAction\":[{\"@type\":\"SearchAction\",\"target\":{\"@type\":\"EntryPoint\",\"urlTemplate\":\"https:\/\/kapitalis.com\/tunisie\/?s={search_term_string}\"},\"query-input\":{\"@type\":\"PropertyValueSpecification\",\"valueRequired\":true,\"valueName\":\"search_term_string\"}}],\"inLanguage\":\"fr-FR\"},{\"@type\":\"Organization\",\"@id\":\"https:\/\/kapitalis.com\/tunisie\/#organization\",\"name\":\"Kapitalis\",\"url\":\"https:\/\/kapitalis.com\/tunisie\/\",\"logo\":{\"@type\":\"ImageObject\",\"inLanguage\":\"fr-FR\",\"@id\":\"https:\/\/kapitalis.com\/tunisie\/#\/schema\/logo\/image\/\",\"url\":\"https:\/\/kapitalis.com\/tunisie\/wp-content\/uploads\/2022\/05\/Kapitalis-big-size.png\",\"contentUrl\":\"https:\/\/kapitalis.com\/tunisie\/wp-content\/uploads\/2022\/05\/Kapitalis-big-size.png\",\"width\":5000,\"height\":1500,\"caption\":\"Kapitalis\"},\"image\":{\"@id\":\"https:\/\/kapitalis.com\/tunisie\/#\/schema\/logo\/image\/\"},\"sameAs\":[\"https:\/\/www.facebook.com\/KapitalisInfo\/\",\"https:\/\/x.com\/KapitalisInfo\",\"https:\/\/www.youtube.com\/channel\/UC-yDYrHyfFBWWZaOw3FPg9Q\"]},{\"@type\":\"Person\",\"@id\":\"https:\/\/kapitalis.com\/tunisie\/#\/schema\/person\/74bbde0154d49d790a92aaeac5bc01d5\",\"name\":\"Yusra NY\",\"url\":\"https:\/\/kapitalis.com\/tunisie\/author\/yuza_adam\/\"}]}<\/script>\n<!-- \/ Yoast SEO plugin. -->","yoast_head_json":{"title":"Paris 2024 : En photos, les Tunisiens \u00e0 la c\u00e9r\u00e9monie d'ouverture des Jeux Paralympiques - Kapitalis","robots":{"index":"index","follow":"follow","max-snippet":"max-snippet:-1","max-image-preview":"max-image-preview:large","max-video-preview":"max-video-preview:-1"},"canonical":"https:\/\/kapitalis.com\/tunisie\/2024\/08\/29\/paris-2024-en-photos-les-tunisiens-a-la-ceremonie-douverture-des-jeux-paralympiques\/","og_locale":"fr_FR","og_type":"article","og_title":"Paris 2024 : En photos, les Tunisiens \u00e0 la c\u00e9r\u00e9monie d'ouverture des Jeux Paralympiques - Kapitalis","og_description":"La c\u00e9r\u00e9monie d\u2019ouverture des Jeux Paralympiques s\u2019est d\u00e9roul\u00e9e, ce mercredi 28 ao\u00fbt 2024, \u00e0 la place de la Concorde \u00e0 Paris, qui accueille pour cette comp\u00e9tition 4400 athl\u00e8tes, repr\u00e9sentant 170 pays.","og_url":"https:\/\/kapitalis.com\/tunisie\/2024\/08\/29\/paris-2024-en-photos-les-tunisiens-a-la-ceremonie-douverture-des-jeux-paralympiques\/","og_site_name":"Kapitalis","article_publisher":"https:\/\/www.facebook.com\/KapitalisInfo\/","article_published_time":"2024-08-28T23:32:33+00:00","article_modified_time":"2024-08-28T23:34:31+00:00","og_image":[{"width":1200,"height":630,"url":"https:\/\/kapitalis.com\/tunisie\/wp-content\/uploads\/2024\/08\/Tunisie-Jeux-Paralympiques.jpg","type":"image\/jpeg"}],"author":"Yusra NY","twitter_card":"summary_large_image","twitter_creator":"@KapitalisInfo","twitter_site":"@KapitalisInfo","twitter_misc":{"\u00c9crit par":"Yusra NY","Dur\u00e9e de lecture estim\u00e9e":"3 minutes"},"schema":{"@context":"https:\/\/schema.org","@graph":[{"@type":"Article","@id":"https:\/\/kapitalis.com\/tunisie\/2024\/08\/29\/paris-2024-en-photos-les-tunisiens-a-la-ceremonie-douverture-des-jeux-paralympiques\/#article","isPartOf":{"@id":"https:\/\/kapitalis.com\/tunisie\/2024\/08\/29\/paris-2024-en-photos-les-tunisiens-a-la-ceremonie-douverture-des-jeux-paralympiques\/"},"author":{"name":"Yusra NY","@id":"https:\/\/kapitalis.com\/tunisie\/#\/schema\/person\/74bbde0154d49d790a92aaeac5bc01d5"},"headline":"Paris 2024 : En photos, les Tunisiens \u00e0 la c\u00e9r\u00e9monie d&rsquo;ouverture des Jeux Paralympiques","datePublished":"2024-08-28T23:32:33+00:00","dateModified":"2024-08-28T23:34:31+00:00","mainEntityOfPage":{"@id":"https:\/\/kapitalis.com\/tunisie\/2024\/08\/29\/paris-2024-en-photos-les-tunisiens-a-la-ceremonie-douverture-des-jeux-paralympiques\/"},"wordCount":144,"publisher":{"@id":"https:\/\/kapitalis.com\/tunisie\/#organization"},"image":{"@id":"https:\/\/kapitalis.com\/tunisie\/2024\/08\/29\/paris-2024-en-photos-les-tunisiens-a-la-ceremonie-douverture-des-jeux-paralympiques\/#primaryimage"},"thumbnailUrl":"https:\/\/kapitalis.com\/tunisie\/wp-content\/uploads\/2024\/08\/Tunisie-Jeux-Paralympiques.jpg","keywords":["athl\u00e8tes","d\u00e9l\u00e9gation tunisienne","Jeux paralympiques","Paris 2024","Tunisie"],"articleSection":["SPORT","Tunisie"],"inLanguage":"fr-FR"},{"@type":"WebPage","@id":"https:\/\/kapitalis.com\/tunisie\/2024\/08\/29\/paris-2024-en-photos-les-tunisiens-a-la-ceremonie-douverture-des-jeux-paralympiques\/","url":"https:\/\/kapitalis.com\/tunisie\/2024\/08\/29\/paris-2024-en-photos-les-tunisiens-a-la-ceremonie-douverture-des-jeux-paralympiques\/","name":"Paris 2024 : En photos, les Tunisiens \u00e0 la c\u00e9r\u00e9monie d'ouverture des Jeux Paralympiques - Kapitalis","isPartOf":{"@id":"https:\/\/kapitalis.com\/tunisie\/#website"},"primaryImageOfPage":{"@id":"https:\/\/kapitalis.com\/tunisie\/2024\/08\/29\/paris-2024-en-photos-les-tunisiens-a-la-ceremonie-douverture-des-jeux-paralympiques\/#primaryimage"},"image":{"@id":"https:\/\/kapitalis.com\/tunisie\/2024\/08\/29\/paris-2024-en-photos-les-tunisiens-a-la-ceremonie-douverture-des-jeux-paralympiques\/#primaryimage"},"thumbnailUrl":"https:\/\/kapitalis.com\/tunisie\/wp-content\/uploads\/2024\/08\/Tunisie-Jeux-Paralympiques.jpg","datePublished":"2024-08-28T23:32:33+00:00","dateModified":"2024-08-28T23:34:31+00:00","breadcrumb":{"@id":"https:\/\/kapitalis.com\/tunisie\/2024\/08\/29\/paris-2024-en-photos-les-tunisiens-a-la-ceremonie-douverture-des-jeux-paralympiques\/#breadcrumb"},"inLanguage":"fr-FR","potentialAction":[{"@type":"ReadAction","target":["https:\/\/kapitalis.com\/tunisie\/2024\/08\/29\/paris-2024-en-photos-les-tunisiens-a-la-ceremonie-douverture-des-jeux-paralympiques\/"]}]},{"@type":"ImageObject","inLanguage":"fr-FR","@id":"https:\/\/kapitalis.com\/tunisie\/2024\/08\/29\/paris-2024-en-photos-les-tunisiens-a-la-ceremonie-douverture-des-jeux-paralympiques\/#primaryimage","url":"https:\/\/kapitalis.com\/tunisie\/wp-content\/uploads\/2024\/08\/Tunisie-Jeux-Paralympiques.jpg","contentUrl":"https:\/\/kapitalis.com\/tunisie\/wp-content\/uploads\/2024\/08\/Tunisie-Jeux-Paralympiques.jpg","width":1200,"height":630},{"@type":"BreadcrumbList","@id":"https:\/\/kapitalis.com\/tunisie\/2024\/08\/29\/paris-2024-en-photos-les-tunisiens-a-la-ceremonie-douverture-des-jeux-paralympiques\/#breadcrumb","itemListElement":[{"@type":"ListItem","position":1,"name":"Accueil","item":"https:\/\/kapitalis.com\/tunisie\/"},{"@type":"ListItem","position":2,"name":"Paris 2024 : En photos, les Tunisiens \u00e0 la c\u00e9r\u00e9monie d&rsquo;ouverture des Jeux Paralympiques"}]},{"@type":"WebSite","@id":"https:\/\/kapitalis.com\/tunisie\/#website","url":"https:\/\/kapitalis.com\/tunisie\/","name":"Kapitalis","description":"L&#039;actualit\u00e9 en Tunisie et dans le monde","publisher":{"@id":"https:\/\/kapitalis.com\/tunisie\/#organization"},"potentialAction":[{"@type":"SearchAction","target":{"@type":"EntryPoint","urlTemplate":"https:\/\/kapitalis.com\/tunisie\/?s={search_term_string}"},"query-input":{"@type":"PropertyValueSpecification","valueRequired":true,"valueName":"search_term_string"}}],"inLanguage":"fr-FR"},{"@type":"Organization","@id":"https:\/\/kapitalis.com\/tunisie\/#organization","name":"Kapitalis","url":"https:\/\/kapitalis.com\/tunisie\/","logo":{"@type":"ImageObject","inLanguage":"fr-FR","@id":"https:\/\/kapitalis.com\/tunisie\/#\/schema\/logo\/image\/","url":"https:\/\/kapitalis.com\/tunisie\/wp-content\/uploads\/2022\/05\/Kapitalis-big-size.png","contentUrl":"https:\/\/kapitalis.com\/tunisie\/wp-content\/uploads\/2022\/05\/Kapitalis-big-size.png","width":5000,"height":1500,"caption":"Kapitalis"},"image":{"@id":"https:\/\/kapitalis.com\/tunisie\/#\/schema\/logo\/image\/"},"sameAs":["https:\/\/www.facebook.com\/KapitalisInfo\/","https:\/\/x.com\/KapitalisInfo","https:\/\/www.youtube.com\/channel\/UC-yDYrHyfFBWWZaOw3FPg9Q"]},{"@type":"Person","@id":"https:\/\/kapitalis.com\/tunisie\/#\/schema\/person\/74bbde0154d49d790a92aaeac5bc01d5","name":"Yusra NY","url":"https:\/\/kapitalis.com\/tunisie\/author\/yuza_adam\/"}]}},"_links":{"self":[{"href":"https:\/\/kapitalis.com\/tunisie\/wp-json\/wp\/v2\/posts\/13887983","targetHints":{"allow":["GET"]}}],"collection":[{"href":"https:\/\/kapitalis.com\/tunisie\/wp-json\/wp\/v2\/posts"}],"about":[{"href":"https:\/\/kapitalis.com\/tunisie\/wp-json\/wp\/v2\/types\/post"}],"author":[{"embeddable":true,"href":"https:\/\/kapitalis.com\/tunisie\/wp-json\/wp\/v2\/users\/6"}],"replies":[{"embeddable":true,"href":"https:\/\/kapitalis.com\/tunisie\/wp-json\/wp\/v2\/comments?post=13887983"}],"version-history":[{"count":2,"href":"https:\/\/kapitalis.com\/tunisie\/wp-json\/wp\/v2\/posts\/13887983\/revisions"}],"predecessor-version":[{"id":13888041,"href":"https:\/\/kapitalis.com\/tunisie\/wp-json\/wp\/v2\/posts\/13887983\/revisions\/13888041"}],"wp:featuredmedia":[{"embeddable":true,"href":"https:\/\/kapitalis.com\/tunisie\/wp-json\/wp\/v2\/media\/13888005"}],"wp:attachment":[{"href":"https:\/\/kapitalis.com\/tunisie\/wp-json\/wp\/v2\/media?parent=13887983"}],"wp:term":[{"taxonomy":"category","embeddable":true,"href":"https:\/\/kapitalis.com\/tunisie\/wp-json\/wp\/v2\/categories?post=13887983"},{"taxonomy":"post_tag","embeddable":true,"href":"https:\/\/kapitalis.com\/tunisie\/wp-json\/wp\/v2\/tags?post=13887983"}],"curies":[{"name":"wp","href":"https:\/\/api.w.org\/{rel}","templated":true}]}}