{"id":138882,"date":"2018-02-16T08:43:02","date_gmt":"2018-02-16T07:43:02","guid":{"rendered":"http:\/\/kapitalis.com\/tunisie\/?p=138882"},"modified":"2018-02-16T08:43:02","modified_gmt":"2018-02-16T07:43:02","slug":"esperance-etoile-madoui-evoque-theorie-complot","status":"publish","type":"post","link":"https:\/\/kapitalis.com\/tunisie\/2018\/02\/16\/esperance-etoile-madoui-evoque-theorie-complot\/","title":{"rendered":"Esp\u00e9rance-Etoile : Madoui \u00e9voque la th\u00e9orie du complot !"},"content":{"rendered":"<p style=\"text-align: center;\"><img loading=\"lazy\" decoding=\"async\" class=\"alignnone size-full wp-image-130377\" src=\"http:\/\/kapitalis.com\/tunisie\/wp-content\/uploads\/2017\/12\/Kheireddine-Madoui.jpg\" alt=\"\" width=\"626\" height=\"380\" \/><\/p>\n<p><em><strong>Le coach de l\u2019Etoile sportive du Sahel (ESS) Kheireddine Madoui s\u2019est montr\u00e9 tr\u00e8s virulent envers l\u2019arbitre Karim Khemiri qu\u2019il accuse ouvertement d\u2019avoir \u00abterrass\u00e9 son \u00e9quipe\u00bb.<\/strong> <\/em><\/p>\n<p><!--more--><\/p>\n<p>Kheireddine Madoui a qualifi\u00e9 de \u00abforce extraordinaire\u00bb l\u2019arbitre du classico qui, selon ses mot, \u00aba provoqu\u00e9 la d\u00e9faite\u00bb de l\u2019ESS devant l\u2019Esp\u00e9rance sportive de Tunis (EST), hier, jeudi 15 avril 2018, au stade de Rad\u00e8s. <em>\u00abMon \u00e9quipe a fait un match remarquable mais on a \u00e9t\u00e9 battue par des d\u00e9cisions trop nombreuses contre nous\u00bb<\/em>, a expliqu\u00e9 l\u2019Alg\u00e9rien, ajoutant avec ironie que cet arbitre <em>\u00aba offert un penalty \u00e0 l\u2019EST pour la Saint Valentin\u00bb<\/em>.<\/p>\n<p>Selon lui, <em>\u00able directeur de jeu a \u00e9galement fait des siennes en distribuant deux cartons rouges et 8 cartons jaunes contre l\u2019ESS. Quatre joueurs seront suspendus \u00e0 cause de ces cartons<\/em>\u00bb, a-t-il regrett\u00e9.<\/p>\n<p>Cependant, le coach de l\u2019ESS a raison de critiquer Karim Khemiri et on comprend sa col\u00e8re et sa frustration. L\u2019arbitre a commis des erreurs et l\u2019ESS a \u00e9t\u00e9 l\u00e9s\u00e9e, mais Kheireddine Madoui a d\u00e9rap\u00e9 en invoquant la th\u00e9orie du complot. <em>\u00abLe football est fait de victoires et de d\u00e9faites et l\u2019EST n\u2019a pas besoin de cadeaux, mais je ne comprends pas ce qui se passe. Je crois que l\u2019ESS serait vis\u00e9 par les arbitres. Les coups venant de l\u2019arbitrage auraient une signification. Voudrait-on neutraliser l\u2019ESS? Les dirigeants devraient faire le n\u00e9cessaire \u00e0 ce sujet\u00bb<\/em>, a-t-il d\u00e9clar\u00e9, versant ainsi de l\u2019huile sur le feu.<\/p>\n<p>Madoui va plus loin dans son d\u00e9rapage. Ainsi, tout en mettant en relief le tr\u00e8s bon niveau du jeu des deux \u00e9quipes <em>\u00abjusqu\u2019au p\u00e9nalty\u00bb<\/em> g\u00e9n\u00e9reusement accord\u00e9 \u00e0 l\u2019EST, le technicien alg\u00e9rien remet une couche et parle d\u2019un <em>\u00absc\u00e9nario pr\u00e9vu, cette mascarade qui est loin d\u2019honorer le football tunisien qualifi\u00e9 pour la Coupe du monde en Russie\u00bb.<\/em><\/p>\n<p>Autant que<a href=\"http:\/\/kapitalis.com\/tunisie\/2018\/02\/16\/football-ligue-1-larbitre-karim-khemiri-suspendu-jusqua-fin-de-saison\/\"> l\u2019arbitre Khemiri, sanctionn\u00e9<\/a> par une suspension jusqu\u2019\u00e0 la fin de la saison, M. Madoui devrait aussi \u00eatre rappel\u00e9 \u00e0 l\u2019ordre par les autorit\u00e9s du football tunisien. Car c\u2019est ce genre de d\u00e9clarations qui enveniment l\u2019atmosph\u00e8re et donnent de mauvaises id\u00e9es aux supporteurs violents.<\/p>\n<p style=\"text-align: right;\"><strong>H. M.<\/strong><\/p>\n<blockquote class=\"wp-embedded-content\" data-secret=\"cM6j4saTX7\"><p><a href=\"https:\/\/kapitalis.com\/tunisie\/2018\/02\/15\/football-ligue-1-lesperance-champion-de-lendurance\/\">Football-Ligue 1 : L\u2019Esp\u00e9rance champion de l\u2019endurance<\/a><\/p><\/blockquote>\n<p><iframe loading=\"lazy\" class=\"wp-embedded-content\" sandbox=\"allow-scripts\" security=\"restricted\" style=\"position: absolute; clip: rect(1px, 1px, 1px, 1px);\" title=\"\u00ab\u00a0Football-Ligue 1 : L\u2019Esp\u00e9rance champion de l\u2019endurance\u00a0\u00bb &#8212; Kapitalis\" src=\"https:\/\/kapitalis.com\/tunisie\/2018\/02\/15\/football-ligue-1-lesperance-champion-de-lendurance\/embed\/#?secret=kTprroRzgR#?secret=cM6j4saTX7\" data-secret=\"cM6j4saTX7\" width=\"600\" height=\"338\" frameborder=\"0\" marginwidth=\"0\" marginheight=\"0\" scrolling=\"no\"><\/iframe><\/p>\n","protected":false},"excerpt":{"rendered":"<p>Le coach de l\u2019Etoile sportive du Sahel (ESS) Kheireddine Madoui s\u2019est montr\u00e9 tr\u00e8s virulent envers l\u2019arbitre Karim Khemiri qu\u2019il accuse ouvertement d\u2019avoir \u00abterrass\u00e9 son \u00e9quipe\u00bb.<\/p>\n","protected":false},"author":8,"featured_media":0,"comment_status":"open","ping_status":"open","sticky":false,"template":"","format":"standard","meta":{"footnotes":""},"categories":[999,2433],"tags":[3261,15204,40013],"class_list":["post-138882","post","type-post","status-publish","format-standard","hentry","category-sport","category-tunisie","tag-esperance-sportive-de-tunis","tag-karim-khemiri","tag-kheireddine-madoui"],"yoast_head":"<!-- This site is optimized with the Yoast SEO plugin v26.6 - https:\/\/yoast.com\/wordpress\/plugins\/seo\/ -->\n<title>Esp\u00e9rance-Etoile : Madoui \u00e9voque la th\u00e9orie du complot ! - Kapitalis<\/title>\n<meta name=\"robots\" content=\"index, follow, max-snippet:-1, max-image-preview:large, max-video-preview:-1\" \/>\n<link rel=\"canonical\" href=\"https:\/\/kapitalis.com\/tunisie\/2018\/02\/16\/esperance-etoile-madoui-evoque-theorie-complot\/\" \/>\n<meta property=\"og:locale\" content=\"fr_FR\" \/>\n<meta property=\"og:type\" content=\"article\" \/>\n<meta property=\"og:title\" content=\"Esp\u00e9rance-Etoile : Madoui \u00e9voque la th\u00e9orie du complot ! - Kapitalis\" \/>\n<meta property=\"og:description\" content=\"Le coach de l\u2019Etoile sportive du Sahel (ESS) Kheireddine Madoui s\u2019est montr\u00e9 tr\u00e8s virulent envers l\u2019arbitre Karim Khemiri qu\u2019il accuse ouvertement d\u2019avoir \u00abterrass\u00e9 son \u00e9quipe\u00bb.\" \/>\n<meta property=\"og:url\" content=\"https:\/\/kapitalis.com\/tunisie\/2018\/02\/16\/esperance-etoile-madoui-evoque-theorie-complot\/\" \/>\n<meta property=\"og:site_name\" content=\"Kapitalis\" \/>\n<meta property=\"article:publisher\" content=\"https:\/\/www.facebook.com\/KapitalisInfo\/\" \/>\n<meta property=\"article:published_time\" content=\"2018-02-16T07:43:02+00:00\" \/>\n<meta property=\"og:image\" content=\"http:\/\/kapitalis.com\/tunisie\/wp-content\/uploads\/2017\/12\/Kheireddine-Madoui.jpg\" \/>\n<meta name=\"author\" content=\"webmaster kapitalis\" \/>\n<meta name=\"twitter:card\" content=\"summary_large_image\" \/>\n<meta name=\"twitter:creator\" content=\"@KapitalisInfo\" \/>\n<meta name=\"twitter:site\" content=\"@KapitalisInfo\" \/>\n<meta name=\"twitter:label1\" content=\"\u00c9crit par\" \/>\n\t<meta name=\"twitter:data1\" content=\"webmaster kapitalis\" \/>\n\t<meta name=\"twitter:label2\" content=\"Dur\u00e9e de lecture estim\u00e9e\" \/>\n\t<meta name=\"twitter:data2\" content=\"2 minutes\" \/>\n<script type=\"application\/ld+json\" class=\"yoast-schema-graph\">{\"@context\":\"https:\/\/schema.org\",\"@graph\":[{\"@type\":\"Article\",\"@id\":\"https:\/\/kapitalis.com\/tunisie\/2018\/02\/16\/esperance-etoile-madoui-evoque-theorie-complot\/#article\",\"isPartOf\":{\"@id\":\"https:\/\/kapitalis.com\/tunisie\/2018\/02\/16\/esperance-etoile-madoui-evoque-theorie-complot\/\"},\"author\":{\"name\":\"webmaster kapitalis\",\"@id\":\"https:\/\/kapitalis.com\/tunisie\/#\/schema\/person\/d71f33a9ca44f7bad4698210b480c8e9\"},\"headline\":\"Esp\u00e9rance-Etoile : Madoui \u00e9voque la th\u00e9orie du complot !\",\"datePublished\":\"2018-02-16T07:43:02+00:00\",\"mainEntityOfPage\":{\"@id\":\"https:\/\/kapitalis.com\/tunisie\/2018\/02\/16\/esperance-etoile-madoui-evoque-theorie-complot\/\"},\"wordCount\":398,\"commentCount\":2,\"publisher\":{\"@id\":\"https:\/\/kapitalis.com\/tunisie\/#organization\"},\"image\":{\"@id\":\"https:\/\/kapitalis.com\/tunisie\/2018\/02\/16\/esperance-etoile-madoui-evoque-theorie-complot\/#primaryimage\"},\"thumbnailUrl\":\"http:\/\/kapitalis.com\/tunisie\/wp-content\/uploads\/2017\/12\/Kheireddine-Madoui.jpg\",\"keywords\":[\"Esp\u00e9rance sportive de Tunis\",\"Karim Khemiri\",\"Khe\u00efreddine Madoui\"],\"articleSection\":[\"SPORT\",\"Tunisie\"],\"inLanguage\":\"fr-FR\",\"potentialAction\":[{\"@type\":\"CommentAction\",\"name\":\"Comment\",\"target\":[\"https:\/\/kapitalis.com\/tunisie\/2018\/02\/16\/esperance-etoile-madoui-evoque-theorie-complot\/#respond\"]}]},{\"@type\":\"WebPage\",\"@id\":\"https:\/\/kapitalis.com\/tunisie\/2018\/02\/16\/esperance-etoile-madoui-evoque-theorie-complot\/\",\"url\":\"https:\/\/kapitalis.com\/tunisie\/2018\/02\/16\/esperance-etoile-madoui-evoque-theorie-complot\/\",\"name\":\"Esp\u00e9rance-Etoile : Madoui \u00e9voque la th\u00e9orie du complot ! - Kapitalis\",\"isPartOf\":{\"@id\":\"https:\/\/kapitalis.com\/tunisie\/#website\"},\"primaryImageOfPage\":{\"@id\":\"https:\/\/kapitalis.com\/tunisie\/2018\/02\/16\/esperance-etoile-madoui-evoque-theorie-complot\/#primaryimage\"},\"image\":{\"@id\":\"https:\/\/kapitalis.com\/tunisie\/2018\/02\/16\/esperance-etoile-madoui-evoque-theorie-complot\/#primaryimage\"},\"thumbnailUrl\":\"http:\/\/kapitalis.com\/tunisie\/wp-content\/uploads\/2017\/12\/Kheireddine-Madoui.jpg\",\"datePublished\":\"2018-02-16T07:43:02+00:00\",\"breadcrumb\":{\"@id\":\"https:\/\/kapitalis.com\/tunisie\/2018\/02\/16\/esperance-etoile-madoui-evoque-theorie-complot\/#breadcrumb\"},\"inLanguage\":\"fr-FR\",\"potentialAction\":[{\"@type\":\"ReadAction\",\"target\":[\"https:\/\/kapitalis.com\/tunisie\/2018\/02\/16\/esperance-etoile-madoui-evoque-theorie-complot\/\"]}]},{\"@type\":\"ImageObject\",\"inLanguage\":\"fr-FR\",\"@id\":\"https:\/\/kapitalis.com\/tunisie\/2018\/02\/16\/esperance-etoile-madoui-evoque-theorie-complot\/#primaryimage\",\"url\":\"http:\/\/kapitalis.com\/tunisie\/wp-content\/uploads\/2017\/12\/Kheireddine-Madoui.jpg\",\"contentUrl\":\"http:\/\/kapitalis.com\/tunisie\/wp-content\/uploads\/2017\/12\/Kheireddine-Madoui.jpg\"},{\"@type\":\"BreadcrumbList\",\"@id\":\"https:\/\/kapitalis.com\/tunisie\/2018\/02\/16\/esperance-etoile-madoui-evoque-theorie-complot\/#breadcrumb\",\"itemListElement\":[{\"@type\":\"ListItem\",\"position\":1,\"name\":\"Accueil\",\"item\":\"https:\/\/kapitalis.com\/tunisie\/\"},{\"@type\":\"ListItem\",\"position\":2,\"name\":\"Esp\u00e9rance-Etoile : Madoui \u00e9voque la th\u00e9orie du complot !\"}]},{\"@type\":\"WebSite\",\"@id\":\"https:\/\/kapitalis.com\/tunisie\/#website\",\"url\":\"https:\/\/kapitalis.com\/tunisie\/\",\"name\":\"Kapitalis\",\"description\":\"L&#039;actualit\u00e9 en Tunisie et dans le monde\",\"publisher\":{\"@id\":\"https:\/\/kapitalis.com\/tunisie\/#organization\"},\"potentialAction\":[{\"@type\":\"SearchAction\",\"target\":{\"@type\":\"EntryPoint\",\"urlTemplate\":\"https:\/\/kapitalis.com\/tunisie\/?s={search_term_string}\"},\"query-input\":{\"@type\":\"PropertyValueSpecification\",\"valueRequired\":true,\"valueName\":\"search_term_string\"}}],\"inLanguage\":\"fr-FR\"},{\"@type\":\"Organization\",\"@id\":\"https:\/\/kapitalis.com\/tunisie\/#organization\",\"name\":\"Kapitalis\",\"url\":\"https:\/\/kapitalis.com\/tunisie\/\",\"logo\":{\"@type\":\"ImageObject\",\"inLanguage\":\"fr-FR\",\"@id\":\"https:\/\/kapitalis.com\/tunisie\/#\/schema\/logo\/image\/\",\"url\":\"https:\/\/kapitalis.com\/tunisie\/wp-content\/uploads\/2022\/05\/Kapitalis-big-size.png\",\"contentUrl\":\"https:\/\/kapitalis.com\/tunisie\/wp-content\/uploads\/2022\/05\/Kapitalis-big-size.png\",\"width\":5000,\"height\":1500,\"caption\":\"Kapitalis\"},\"image\":{\"@id\":\"https:\/\/kapitalis.com\/tunisie\/#\/schema\/logo\/image\/\"},\"sameAs\":[\"https:\/\/www.facebook.com\/KapitalisInfo\/\",\"https:\/\/x.com\/KapitalisInfo\",\"https:\/\/www.youtube.com\/channel\/UC-yDYrHyfFBWWZaOw3FPg9Q\"]},{\"@type\":\"Person\",\"@id\":\"https:\/\/kapitalis.com\/tunisie\/#\/schema\/person\/d71f33a9ca44f7bad4698210b480c8e9\",\"name\":\"webmaster kapitalis\",\"url\":\"https:\/\/kapitalis.com\/tunisie\/author\/webmaster-kapitalis\/\"}]}<\/script>\n<!-- \/ Yoast SEO plugin. -->","yoast_head_json":{"title":"Esp\u00e9rance-Etoile : Madoui \u00e9voque la th\u00e9orie du complot ! - Kapitalis","robots":{"index":"index","follow":"follow","max-snippet":"max-snippet:-1","max-image-preview":"max-image-preview:large","max-video-preview":"max-video-preview:-1"},"canonical":"https:\/\/kapitalis.com\/tunisie\/2018\/02\/16\/esperance-etoile-madoui-evoque-theorie-complot\/","og_locale":"fr_FR","og_type":"article","og_title":"Esp\u00e9rance-Etoile : Madoui \u00e9voque la th\u00e9orie du complot ! - Kapitalis","og_description":"Le coach de l\u2019Etoile sportive du Sahel (ESS) Kheireddine Madoui s\u2019est montr\u00e9 tr\u00e8s virulent envers l\u2019arbitre Karim Khemiri qu\u2019il accuse ouvertement d\u2019avoir \u00abterrass\u00e9 son \u00e9quipe\u00bb.","og_url":"https:\/\/kapitalis.com\/tunisie\/2018\/02\/16\/esperance-etoile-madoui-evoque-theorie-complot\/","og_site_name":"Kapitalis","article_publisher":"https:\/\/www.facebook.com\/KapitalisInfo\/","article_published_time":"2018-02-16T07:43:02+00:00","og_image":[{"url":"http:\/\/kapitalis.com\/tunisie\/wp-content\/uploads\/2017\/12\/Kheireddine-Madoui.jpg","type":"","width":"","height":""}],"author":"webmaster kapitalis","twitter_card":"summary_large_image","twitter_creator":"@KapitalisInfo","twitter_site":"@KapitalisInfo","twitter_misc":{"\u00c9crit par":"webmaster kapitalis","Dur\u00e9e de lecture estim\u00e9e":"2 minutes"},"schema":{"@context":"https:\/\/schema.org","@graph":[{"@type":"Article","@id":"https:\/\/kapitalis.com\/tunisie\/2018\/02\/16\/esperance-etoile-madoui-evoque-theorie-complot\/#article","isPartOf":{"@id":"https:\/\/kapitalis.com\/tunisie\/2018\/02\/16\/esperance-etoile-madoui-evoque-theorie-complot\/"},"author":{"name":"webmaster kapitalis","@id":"https:\/\/kapitalis.com\/tunisie\/#\/schema\/person\/d71f33a9ca44f7bad4698210b480c8e9"},"headline":"Esp\u00e9rance-Etoile : Madoui \u00e9voque la th\u00e9orie du complot !","datePublished":"2018-02-16T07:43:02+00:00","mainEntityOfPage":{"@id":"https:\/\/kapitalis.com\/tunisie\/2018\/02\/16\/esperance-etoile-madoui-evoque-theorie-complot\/"},"wordCount":398,"commentCount":2,"publisher":{"@id":"https:\/\/kapitalis.com\/tunisie\/#organization"},"image":{"@id":"https:\/\/kapitalis.com\/tunisie\/2018\/02\/16\/esperance-etoile-madoui-evoque-theorie-complot\/#primaryimage"},"thumbnailUrl":"http:\/\/kapitalis.com\/tunisie\/wp-content\/uploads\/2017\/12\/Kheireddine-Madoui.jpg","keywords":["Esp\u00e9rance sportive de Tunis","Karim Khemiri","Khe\u00efreddine Madoui"],"articleSection":["SPORT","Tunisie"],"inLanguage":"fr-FR","potentialAction":[{"@type":"CommentAction","name":"Comment","target":["https:\/\/kapitalis.com\/tunisie\/2018\/02\/16\/esperance-etoile-madoui-evoque-theorie-complot\/#respond"]}]},{"@type":"WebPage","@id":"https:\/\/kapitalis.com\/tunisie\/2018\/02\/16\/esperance-etoile-madoui-evoque-theorie-complot\/","url":"https:\/\/kapitalis.com\/tunisie\/2018\/02\/16\/esperance-etoile-madoui-evoque-theorie-complot\/","name":"Esp\u00e9rance-Etoile : Madoui \u00e9voque la th\u00e9orie du complot ! - Kapitalis","isPartOf":{"@id":"https:\/\/kapitalis.com\/tunisie\/#website"},"primaryImageOfPage":{"@id":"https:\/\/kapitalis.com\/tunisie\/2018\/02\/16\/esperance-etoile-madoui-evoque-theorie-complot\/#primaryimage"},"image":{"@id":"https:\/\/kapitalis.com\/tunisie\/2018\/02\/16\/esperance-etoile-madoui-evoque-theorie-complot\/#primaryimage"},"thumbnailUrl":"http:\/\/kapitalis.com\/tunisie\/wp-content\/uploads\/2017\/12\/Kheireddine-Madoui.jpg","datePublished":"2018-02-16T07:43:02+00:00","breadcrumb":{"@id":"https:\/\/kapitalis.com\/tunisie\/2018\/02\/16\/esperance-etoile-madoui-evoque-theorie-complot\/#breadcrumb"},"inLanguage":"fr-FR","potentialAction":[{"@type":"ReadAction","target":["https:\/\/kapitalis.com\/tunisie\/2018\/02\/16\/esperance-etoile-madoui-evoque-theorie-complot\/"]}]},{"@type":"ImageObject","inLanguage":"fr-FR","@id":"https:\/\/kapitalis.com\/tunisie\/2018\/02\/16\/esperance-etoile-madoui-evoque-theorie-complot\/#primaryimage","url":"http:\/\/kapitalis.com\/tunisie\/wp-content\/uploads\/2017\/12\/Kheireddine-Madoui.jpg","contentUrl":"http:\/\/kapitalis.com\/tunisie\/wp-content\/uploads\/2017\/12\/Kheireddine-Madoui.jpg"},{"@type":"BreadcrumbList","@id":"https:\/\/kapitalis.com\/tunisie\/2018\/02\/16\/esperance-etoile-madoui-evoque-theorie-complot\/#breadcrumb","itemListElement":[{"@type":"ListItem","position":1,"name":"Accueil","item":"https:\/\/kapitalis.com\/tunisie\/"},{"@type":"ListItem","position":2,"name":"Esp\u00e9rance-Etoile : Madoui \u00e9voque la th\u00e9orie du complot !"}]},{"@type":"WebSite","@id":"https:\/\/kapitalis.com\/tunisie\/#website","url":"https:\/\/kapitalis.com\/tunisie\/","name":"Kapitalis","description":"L&#039;actualit\u00e9 en Tunisie et dans le monde","publisher":{"@id":"https:\/\/kapitalis.com\/tunisie\/#organization"},"potentialAction":[{"@type":"SearchAction","target":{"@type":"EntryPoint","urlTemplate":"https:\/\/kapitalis.com\/tunisie\/?s={search_term_string}"},"query-input":{"@type":"PropertyValueSpecification","valueRequired":true,"valueName":"search_term_string"}}],"inLanguage":"fr-FR"},{"@type":"Organization","@id":"https:\/\/kapitalis.com\/tunisie\/#organization","name":"Kapitalis","url":"https:\/\/kapitalis.com\/tunisie\/","logo":{"@type":"ImageObject","inLanguage":"fr-FR","@id":"https:\/\/kapitalis.com\/tunisie\/#\/schema\/logo\/image\/","url":"https:\/\/kapitalis.com\/tunisie\/wp-content\/uploads\/2022\/05\/Kapitalis-big-size.png","contentUrl":"https:\/\/kapitalis.com\/tunisie\/wp-content\/uploads\/2022\/05\/Kapitalis-big-size.png","width":5000,"height":1500,"caption":"Kapitalis"},"image":{"@id":"https:\/\/kapitalis.com\/tunisie\/#\/schema\/logo\/image\/"},"sameAs":["https:\/\/www.facebook.com\/KapitalisInfo\/","https:\/\/x.com\/KapitalisInfo","https:\/\/www.youtube.com\/channel\/UC-yDYrHyfFBWWZaOw3FPg9Q"]},{"@type":"Person","@id":"https:\/\/kapitalis.com\/tunisie\/#\/schema\/person\/d71f33a9ca44f7bad4698210b480c8e9","name":"webmaster kapitalis","url":"https:\/\/kapitalis.com\/tunisie\/author\/webmaster-kapitalis\/"}]}},"_links":{"self":[{"href":"https:\/\/kapitalis.com\/tunisie\/wp-json\/wp\/v2\/posts\/138882","targetHints":{"allow":["GET"]}}],"collection":[{"href":"https:\/\/kapitalis.com\/tunisie\/wp-json\/wp\/v2\/posts"}],"about":[{"href":"https:\/\/kapitalis.com\/tunisie\/wp-json\/wp\/v2\/types\/post"}],"author":[{"embeddable":true,"href":"https:\/\/kapitalis.com\/tunisie\/wp-json\/wp\/v2\/users\/8"}],"replies":[{"embeddable":true,"href":"https:\/\/kapitalis.com\/tunisie\/wp-json\/wp\/v2\/comments?post=138882"}],"version-history":[{"count":0,"href":"https:\/\/kapitalis.com\/tunisie\/wp-json\/wp\/v2\/posts\/138882\/revisions"}],"wp:attachment":[{"href":"https:\/\/kapitalis.com\/tunisie\/wp-json\/wp\/v2\/media?parent=138882"}],"wp:term":[{"taxonomy":"category","embeddable":true,"href":"https:\/\/kapitalis.com\/tunisie\/wp-json\/wp\/v2\/categories?post=138882"},{"taxonomy":"post_tag","embeddable":true,"href":"https:\/\/kapitalis.com\/tunisie\/wp-json\/wp\/v2\/tags?post=138882"}],"curies":[{"name":"wp","href":"https:\/\/api.w.org\/{rel}","templated":true}]}}