{"id":138903,"date":"2018-02-16T11:14:32","date_gmt":"2018-02-16T10:14:32","guid":{"rendered":"http:\/\/kapitalis.com\/tunisie\/?p=138903"},"modified":"2018-02-16T11:14:32","modified_gmt":"2018-02-16T10:14:32","slug":"banque-centrale-de-tunisie-les-priorites-de-marouane-el-abassi","status":"publish","type":"post","link":"https:\/\/kapitalis.com\/tunisie\/2018\/02\/16\/banque-centrale-de-tunisie-les-priorites-de-marouane-el-abassi\/","title":{"rendered":"Banque centrale de Tunisie : Les priorit\u00e9s de Marouane El-Abassi"},"content":{"rendered":"<p style=\"text-align: center;\"><img loading=\"lazy\" decoding=\"async\" class=\"alignnone size-full wp-image-138857\" src=\"http:\/\/kapitalis.com\/tunisie\/wp-content\/uploads\/2018\/02\/Marouane-El-Abassi-BCT-Assembl\u00e9e.jpg\" alt=\"\" width=\"626\" height=\"380\" \/><\/p>\n<p><em><strong>Pour\u00a0Marouane El-Abassi, les\u00a0\u00abprincipales inqui\u00e9tudes\u00bb et axes d&rsquo;action prioritaires sont l&rsquo;inflation, le d\u00e9ficit de la balance des paiements et l&rsquo;\u00e9conomie parall\u00e8le.<\/strong><\/em><\/p>\n<p><!--more--><\/p>\n<p>Le nouveau gouverneur de la Banque centrale de Tunisie (BCT)T, a obtenu la confiance des d\u00e9put\u00e9s, hier, jeudi 15 f\u00e9vrier 2018, avec 134 voix pour, 18 contre et 5 abstentions.<\/p>\n<p>A l&rsquo;issue d&rsquo;une pl\u00e9ni\u00e8re \u00e0 l&rsquo;Assembl\u00e9e des repr\u00e9sentants du peuple (ARP), qui a dur\u00e9 plusieurs heures, les d\u00e9put\u00e9s ont donc accord\u00e9 leur confiance \u00e0 l\u2019\u00e9conomiste, ex-expert de la Banque mondiale et son repr\u00e9sentant en Libye depuis 2010.<\/p>\n<p>Ce dernier succ\u00e8de \u00e0 Chedly Ayari (84 ans), qui a dirig\u00e9 l&rsquo;Institut d&rsquo;\u00e9mission durant plus de 5 ans, avant\u00a0de d\u00e9missionner, le 14 f\u00e9vrier, soit une semaine apr\u00e8s l&rsquo;annonce de son limogeage par le chef du gouvernement Youssef Chahed, suite \u00e0 l&rsquo;inscription de la Tunisie,\u00a0par le Groupe d&rsquo;action financi\u00e8re (Gafi) et l&rsquo;Union europ\u00e9enne, sur la liste des pays expos\u00e9s aux risques de blanchiment d&rsquo;argent et de financement du terrorisme, apr\u00e8s son inscription sur celle des paradis fiscaux de l&rsquo;UE.<\/p>\n<p>L\u2019intervention de Marouane El-Abassi (58 ans) a \u00e9t\u00e9 br\u00e8ve et pr\u00e9cise. Tout en louant les qualit\u00e9s de son pr\u00e9d\u00e9cesseur, hautement qualifi\u00e9 et dont les comp\u00e9tences sont mondialement reconnues, il a ajout\u00e9 qu&rsquo;il ne lui sera pas facile de reprendre le flambeau.<\/p>\n<p>Le nouveau gouverneur a, par ailleurs, annonc\u00e9 que ses \u00ab<em>principales inqui\u00e9tudes<\/em>\u00bb sont l&rsquo;inflation, le d\u00e9ficit de la balance des paiements et l&rsquo;\u00e9conomie parall\u00e8le.<\/p>\n<p>M. El-Abassi estime que ces 3 probl\u00e8mes sont\u00a0\u00ab<em>les plus importants et les plus difficiles<\/em>\u00bb et que\u00a0le d\u00e9fi est d&rsquo;y rem\u00e9dier pour sauver l\u2019\u00e9conomie tunisienne, en crise depuis plusieurs ann\u00e9es.<\/p>\n<p>\u00ab<em>J\u2019appelle \u00e0 d\u00e9passer cet \u00e9tat g\u00e9n\u00e9ral de frustration, parce que la Tunisie a le potentiel pour surmonter la crise, sachant que la balance commerciale s&rsquo;est am\u00e9lior\u00e9e en janvier 2018<\/em>\u00a0\u00bb, a-t-il assur\u00e9, comme pour d\u00e9marrer sa mission sur une note positive.<\/p>\n<p>Il reste \u00e0 se demander si M. El-Abassi va garder l&rsquo;\u00e9quipe de direction actuelle de la BCT, et qui a brill\u00e9 par ses nombreux rat\u00e9s, ou s&rsquo;il va choisir une nouvelle \u00e9quipe, une sorte de task-force pour mener les combats qui l&rsquo;attendent.<\/p>\n<p style=\"text-align: right;\"><strong>Y. N.<\/strong><\/p>\n<blockquote class=\"wp-embedded-content\" data-secret=\"owSrZNBPmP\"><p><a href=\"https:\/\/kapitalis.com\/tunisie\/2018\/02\/07\/banque-centrale-de-tunisie-marouane-el-abassi-nouveau-gouverneur\/\">Banque centrale de Tunisie : Marouane El-Abassi nouveau gouverneur<\/a><\/p><\/blockquote>\n<p><iframe loading=\"lazy\" class=\"wp-embedded-content\" sandbox=\"allow-scripts\" security=\"restricted\" style=\"position: absolute; clip: rect(1px, 1px, 1px, 1px);\" title=\"\u00ab\u00a0Banque centrale de Tunisie : Marouane El-Abassi nouveau gouverneur\u00a0\u00bb &#8212; Kapitalis\" src=\"https:\/\/kapitalis.com\/tunisie\/2018\/02\/07\/banque-centrale-de-tunisie-marouane-el-abassi-nouveau-gouverneur\/embed\/#?secret=ocBThpZAns#?secret=owSrZNBPmP\" data-secret=\"owSrZNBPmP\" width=\"600\" height=\"338\" frameborder=\"0\" marginwidth=\"0\" marginheight=\"0\" scrolling=\"no\"><\/iframe><\/p>\n<blockquote class=\"wp-embedded-content\" data-secret=\"MMsZLBPL5m\"><p><a href=\"https:\/\/kapitalis.com\/tunisie\/2018\/02\/14\/banque-centrale-de-tunisie-ayari-se-sentant-humilie-decide-de-sen-aller\/\">Banque centrale de Tunisie : Ayari, se sentant humili\u00e9, d\u00e9cide de s&rsquo;en aller<\/a><\/p><\/blockquote>\n<p><iframe loading=\"lazy\" class=\"wp-embedded-content\" sandbox=\"allow-scripts\" security=\"restricted\" style=\"position: absolute; clip: rect(1px, 1px, 1px, 1px);\" title=\"\u00ab\u00a0Banque centrale de Tunisie : Ayari, se sentant humili\u00e9, d\u00e9cide de s&rsquo;en aller\u00a0\u00bb &#8212; Kapitalis\" src=\"https:\/\/kapitalis.com\/tunisie\/2018\/02\/14\/banque-centrale-de-tunisie-ayari-se-sentant-humilie-decide-de-sen-aller\/embed\/#?secret=cG1xS16k2y#?secret=MMsZLBPL5m\" data-secret=\"MMsZLBPL5m\" width=\"600\" height=\"338\" frameborder=\"0\" marginwidth=\"0\" marginheight=\"0\" scrolling=\"no\"><\/iframe><\/p>\n","protected":false},"excerpt":{"rendered":"<p>Pour\u00a0Marouane El-Abassi, les\u00a0\u00abprincipales inqui\u00e9tudes\u00bb et axes d&rsquo;action prioritaires sont l&rsquo;inflation, le d\u00e9ficit de la balance des paiements et l&rsquo;\u00e9conomie parall\u00e8le.<\/p>\n","protected":false},"author":6,"featured_media":138857,"comment_status":"open","ping_status":"open","sticky":false,"template":"","format":"standard","meta":{"footnotes":""},"categories":[995,2433],"tags":[93,130,135,200,1553,34977,419,478,11487],"class_list":["post-138903","post","type-post","status-publish","format-standard","has-post-thumbnail","hentry","category-economie","category-tunisie","tag-assemblee","tag-banque-mondiale","tag-bct","tag-chedly-ayari","tag-economie-parallele","tag-gafi","tag-gouverneur","tag-inflation","tag-marouane-el-abassi"],"yoast_head":"<!-- This site is optimized with the Yoast SEO plugin v26.6 - https:\/\/yoast.com\/wordpress\/plugins\/seo\/ -->\n<title>Banque centrale de Tunisie : Les priorit\u00e9s de Marouane El-Abassi - Kapitalis<\/title>\n<meta name=\"robots\" content=\"index, follow, max-snippet:-1, max-image-preview:large, max-video-preview:-1\" \/>\n<link rel=\"canonical\" href=\"https:\/\/kapitalis.com\/tunisie\/2018\/02\/16\/banque-centrale-de-tunisie-les-priorites-de-marouane-el-abassi\/\" \/>\n<meta property=\"og:locale\" content=\"fr_FR\" \/>\n<meta property=\"og:type\" content=\"article\" \/>\n<meta property=\"og:title\" content=\"Banque centrale de Tunisie : Les priorit\u00e9s de Marouane El-Abassi - Kapitalis\" \/>\n<meta property=\"og:description\" content=\"Pour\u00a0Marouane El-Abassi, les\u00a0\u00abprincipales inqui\u00e9tudes\u00bb et axes d&rsquo;action prioritaires sont l&rsquo;inflation, le d\u00e9ficit de la balance des paiements et l&rsquo;\u00e9conomie parall\u00e8le.\" \/>\n<meta property=\"og:url\" content=\"https:\/\/kapitalis.com\/tunisie\/2018\/02\/16\/banque-centrale-de-tunisie-les-priorites-de-marouane-el-abassi\/\" \/>\n<meta property=\"og:site_name\" content=\"Kapitalis\" \/>\n<meta property=\"article:publisher\" content=\"https:\/\/www.facebook.com\/KapitalisInfo\/\" \/>\n<meta property=\"article:published_time\" content=\"2018-02-16T10:14:32+00:00\" \/>\n<meta property=\"og:image\" content=\"https:\/\/kapitalis.com\/tunisie\/wp-content\/uploads\/2022\/05\/kapitalis-logo-fb.png\" \/>\n\t<meta property=\"og:image:width\" content=\"1200\" \/>\n\t<meta property=\"og:image:height\" content=\"630\" \/>\n\t<meta property=\"og:image:type\" content=\"image\/png\" \/>\n<meta name=\"author\" content=\"Yusra NY\" \/>\n<meta name=\"twitter:card\" content=\"summary_large_image\" \/>\n<meta name=\"twitter:creator\" content=\"@KapitalisInfo\" \/>\n<meta name=\"twitter:site\" content=\"@KapitalisInfo\" \/>\n<meta name=\"twitter:label1\" content=\"\u00c9crit par\" \/>\n\t<meta name=\"twitter:data1\" content=\"Yusra NY\" \/>\n\t<meta name=\"twitter:label2\" content=\"Dur\u00e9e de lecture estim\u00e9e\" \/>\n\t<meta name=\"twitter:data2\" content=\"2 minutes\" \/>\n<script type=\"application\/ld+json\" class=\"yoast-schema-graph\">{\"@context\":\"https:\/\/schema.org\",\"@graph\":[{\"@type\":\"Article\",\"@id\":\"https:\/\/kapitalis.com\/tunisie\/2018\/02\/16\/banque-centrale-de-tunisie-les-priorites-de-marouane-el-abassi\/#article\",\"isPartOf\":{\"@id\":\"https:\/\/kapitalis.com\/tunisie\/2018\/02\/16\/banque-centrale-de-tunisie-les-priorites-de-marouane-el-abassi\/\"},\"author\":{\"name\":\"Yusra NY\",\"@id\":\"https:\/\/kapitalis.com\/tunisie\/#\/schema\/person\/74bbde0154d49d790a92aaeac5bc01d5\"},\"headline\":\"Banque centrale de Tunisie : Les priorit\u00e9s de Marouane El-Abassi\",\"datePublished\":\"2018-02-16T10:14:32+00:00\",\"mainEntityOfPage\":{\"@id\":\"https:\/\/kapitalis.com\/tunisie\/2018\/02\/16\/banque-centrale-de-tunisie-les-priorites-de-marouane-el-abassi\/\"},\"wordCount\":400,\"commentCount\":1,\"publisher\":{\"@id\":\"https:\/\/kapitalis.com\/tunisie\/#organization\"},\"image\":{\"@id\":\"https:\/\/kapitalis.com\/tunisie\/2018\/02\/16\/banque-centrale-de-tunisie-les-priorites-de-marouane-el-abassi\/#primaryimage\"},\"thumbnailUrl\":\"\",\"keywords\":[\"Assembl\u00e9e\",\"Banque Mondiale\",\"BCT\",\"Chedly Ayari\",\"\u00e9conomie parall\u00e8le\",\"Gafi\",\"gouverneur\",\"inflation\",\"Marouane El-Abassi\"],\"articleSection\":[\"ECONOMIE\",\"Tunisie\"],\"inLanguage\":\"fr-FR\",\"potentialAction\":[{\"@type\":\"CommentAction\",\"name\":\"Comment\",\"target\":[\"https:\/\/kapitalis.com\/tunisie\/2018\/02\/16\/banque-centrale-de-tunisie-les-priorites-de-marouane-el-abassi\/#respond\"]}]},{\"@type\":\"WebPage\",\"@id\":\"https:\/\/kapitalis.com\/tunisie\/2018\/02\/16\/banque-centrale-de-tunisie-les-priorites-de-marouane-el-abassi\/\",\"url\":\"https:\/\/kapitalis.com\/tunisie\/2018\/02\/16\/banque-centrale-de-tunisie-les-priorites-de-marouane-el-abassi\/\",\"name\":\"Banque centrale de Tunisie : Les priorit\u00e9s de Marouane El-Abassi - Kapitalis\",\"isPartOf\":{\"@id\":\"https:\/\/kapitalis.com\/tunisie\/#website\"},\"primaryImageOfPage\":{\"@id\":\"https:\/\/kapitalis.com\/tunisie\/2018\/02\/16\/banque-centrale-de-tunisie-les-priorites-de-marouane-el-abassi\/#primaryimage\"},\"image\":{\"@id\":\"https:\/\/kapitalis.com\/tunisie\/2018\/02\/16\/banque-centrale-de-tunisie-les-priorites-de-marouane-el-abassi\/#primaryimage\"},\"thumbnailUrl\":\"\",\"datePublished\":\"2018-02-16T10:14:32+00:00\",\"breadcrumb\":{\"@id\":\"https:\/\/kapitalis.com\/tunisie\/2018\/02\/16\/banque-centrale-de-tunisie-les-priorites-de-marouane-el-abassi\/#breadcrumb\"},\"inLanguage\":\"fr-FR\",\"potentialAction\":[{\"@type\":\"ReadAction\",\"target\":[\"https:\/\/kapitalis.com\/tunisie\/2018\/02\/16\/banque-centrale-de-tunisie-les-priorites-de-marouane-el-abassi\/\"]}]},{\"@type\":\"ImageObject\",\"inLanguage\":\"fr-FR\",\"@id\":\"https:\/\/kapitalis.com\/tunisie\/2018\/02\/16\/banque-centrale-de-tunisie-les-priorites-de-marouane-el-abassi\/#primaryimage\",\"url\":\"\",\"contentUrl\":\"\"},{\"@type\":\"BreadcrumbList\",\"@id\":\"https:\/\/kapitalis.com\/tunisie\/2018\/02\/16\/banque-centrale-de-tunisie-les-priorites-de-marouane-el-abassi\/#breadcrumb\",\"itemListElement\":[{\"@type\":\"ListItem\",\"position\":1,\"name\":\"Accueil\",\"item\":\"https:\/\/kapitalis.com\/tunisie\/\"},{\"@type\":\"ListItem\",\"position\":2,\"name\":\"Banque centrale de Tunisie : Les priorit\u00e9s de Marouane El-Abassi\"}]},{\"@type\":\"WebSite\",\"@id\":\"https:\/\/kapitalis.com\/tunisie\/#website\",\"url\":\"https:\/\/kapitalis.com\/tunisie\/\",\"name\":\"Kapitalis\",\"description\":\"L&#039;actualit\u00e9 en Tunisie et dans le monde\",\"publisher\":{\"@id\":\"https:\/\/kapitalis.com\/tunisie\/#organization\"},\"potentialAction\":[{\"@type\":\"SearchAction\",\"target\":{\"@type\":\"EntryPoint\",\"urlTemplate\":\"https:\/\/kapitalis.com\/tunisie\/?s={search_term_string}\"},\"query-input\":{\"@type\":\"PropertyValueSpecification\",\"valueRequired\":true,\"valueName\":\"search_term_string\"}}],\"inLanguage\":\"fr-FR\"},{\"@type\":\"Organization\",\"@id\":\"https:\/\/kapitalis.com\/tunisie\/#organization\",\"name\":\"Kapitalis\",\"url\":\"https:\/\/kapitalis.com\/tunisie\/\",\"logo\":{\"@type\":\"ImageObject\",\"inLanguage\":\"fr-FR\",\"@id\":\"https:\/\/kapitalis.com\/tunisie\/#\/schema\/logo\/image\/\",\"url\":\"https:\/\/kapitalis.com\/tunisie\/wp-content\/uploads\/2022\/05\/Kapitalis-big-size.png\",\"contentUrl\":\"https:\/\/kapitalis.com\/tunisie\/wp-content\/uploads\/2022\/05\/Kapitalis-big-size.png\",\"width\":5000,\"height\":1500,\"caption\":\"Kapitalis\"},\"image\":{\"@id\":\"https:\/\/kapitalis.com\/tunisie\/#\/schema\/logo\/image\/\"},\"sameAs\":[\"https:\/\/www.facebook.com\/KapitalisInfo\/\",\"https:\/\/x.com\/KapitalisInfo\",\"https:\/\/www.youtube.com\/channel\/UC-yDYrHyfFBWWZaOw3FPg9Q\"]},{\"@type\":\"Person\",\"@id\":\"https:\/\/kapitalis.com\/tunisie\/#\/schema\/person\/74bbde0154d49d790a92aaeac5bc01d5\",\"name\":\"Yusra NY\",\"url\":\"https:\/\/kapitalis.com\/tunisie\/author\/yuza_adam\/\"}]}<\/script>\n<!-- \/ Yoast SEO plugin. -->","yoast_head_json":{"title":"Banque centrale de Tunisie : Les priorit\u00e9s de Marouane El-Abassi - Kapitalis","robots":{"index":"index","follow":"follow","max-snippet":"max-snippet:-1","max-image-preview":"max-image-preview:large","max-video-preview":"max-video-preview:-1"},"canonical":"https:\/\/kapitalis.com\/tunisie\/2018\/02\/16\/banque-centrale-de-tunisie-les-priorites-de-marouane-el-abassi\/","og_locale":"fr_FR","og_type":"article","og_title":"Banque centrale de Tunisie : Les priorit\u00e9s de Marouane El-Abassi - Kapitalis","og_description":"Pour\u00a0Marouane El-Abassi, les\u00a0\u00abprincipales inqui\u00e9tudes\u00bb et axes d&rsquo;action prioritaires sont l&rsquo;inflation, le d\u00e9ficit de la balance des paiements et l&rsquo;\u00e9conomie parall\u00e8le.","og_url":"https:\/\/kapitalis.com\/tunisie\/2018\/02\/16\/banque-centrale-de-tunisie-les-priorites-de-marouane-el-abassi\/","og_site_name":"Kapitalis","article_publisher":"https:\/\/www.facebook.com\/KapitalisInfo\/","article_published_time":"2018-02-16T10:14:32+00:00","og_image":[{"width":1200,"height":630,"url":"https:\/\/kapitalis.com\/tunisie\/wp-content\/uploads\/2022\/05\/kapitalis-logo-fb.png","type":"image\/png"}],"author":"Yusra NY","twitter_card":"summary_large_image","twitter_creator":"@KapitalisInfo","twitter_site":"@KapitalisInfo","twitter_misc":{"\u00c9crit par":"Yusra NY","Dur\u00e9e de lecture estim\u00e9e":"2 minutes"},"schema":{"@context":"https:\/\/schema.org","@graph":[{"@type":"Article","@id":"https:\/\/kapitalis.com\/tunisie\/2018\/02\/16\/banque-centrale-de-tunisie-les-priorites-de-marouane-el-abassi\/#article","isPartOf":{"@id":"https:\/\/kapitalis.com\/tunisie\/2018\/02\/16\/banque-centrale-de-tunisie-les-priorites-de-marouane-el-abassi\/"},"author":{"name":"Yusra NY","@id":"https:\/\/kapitalis.com\/tunisie\/#\/schema\/person\/74bbde0154d49d790a92aaeac5bc01d5"},"headline":"Banque centrale de Tunisie : Les priorit\u00e9s de Marouane El-Abassi","datePublished":"2018-02-16T10:14:32+00:00","mainEntityOfPage":{"@id":"https:\/\/kapitalis.com\/tunisie\/2018\/02\/16\/banque-centrale-de-tunisie-les-priorites-de-marouane-el-abassi\/"},"wordCount":400,"commentCount":1,"publisher":{"@id":"https:\/\/kapitalis.com\/tunisie\/#organization"},"image":{"@id":"https:\/\/kapitalis.com\/tunisie\/2018\/02\/16\/banque-centrale-de-tunisie-les-priorites-de-marouane-el-abassi\/#primaryimage"},"thumbnailUrl":"","keywords":["Assembl\u00e9e","Banque Mondiale","BCT","Chedly Ayari","\u00e9conomie parall\u00e8le","Gafi","gouverneur","inflation","Marouane El-Abassi"],"articleSection":["ECONOMIE","Tunisie"],"inLanguage":"fr-FR","potentialAction":[{"@type":"CommentAction","name":"Comment","target":["https:\/\/kapitalis.com\/tunisie\/2018\/02\/16\/banque-centrale-de-tunisie-les-priorites-de-marouane-el-abassi\/#respond"]}]},{"@type":"WebPage","@id":"https:\/\/kapitalis.com\/tunisie\/2018\/02\/16\/banque-centrale-de-tunisie-les-priorites-de-marouane-el-abassi\/","url":"https:\/\/kapitalis.com\/tunisie\/2018\/02\/16\/banque-centrale-de-tunisie-les-priorites-de-marouane-el-abassi\/","name":"Banque centrale de Tunisie : Les priorit\u00e9s de Marouane El-Abassi - Kapitalis","isPartOf":{"@id":"https:\/\/kapitalis.com\/tunisie\/#website"},"primaryImageOfPage":{"@id":"https:\/\/kapitalis.com\/tunisie\/2018\/02\/16\/banque-centrale-de-tunisie-les-priorites-de-marouane-el-abassi\/#primaryimage"},"image":{"@id":"https:\/\/kapitalis.com\/tunisie\/2018\/02\/16\/banque-centrale-de-tunisie-les-priorites-de-marouane-el-abassi\/#primaryimage"},"thumbnailUrl":"","datePublished":"2018-02-16T10:14:32+00:00","breadcrumb":{"@id":"https:\/\/kapitalis.com\/tunisie\/2018\/02\/16\/banque-centrale-de-tunisie-les-priorites-de-marouane-el-abassi\/#breadcrumb"},"inLanguage":"fr-FR","potentialAction":[{"@type":"ReadAction","target":["https:\/\/kapitalis.com\/tunisie\/2018\/02\/16\/banque-centrale-de-tunisie-les-priorites-de-marouane-el-abassi\/"]}]},{"@type":"ImageObject","inLanguage":"fr-FR","@id":"https:\/\/kapitalis.com\/tunisie\/2018\/02\/16\/banque-centrale-de-tunisie-les-priorites-de-marouane-el-abassi\/#primaryimage","url":"","contentUrl":""},{"@type":"BreadcrumbList","@id":"https:\/\/kapitalis.com\/tunisie\/2018\/02\/16\/banque-centrale-de-tunisie-les-priorites-de-marouane-el-abassi\/#breadcrumb","itemListElement":[{"@type":"ListItem","position":1,"name":"Accueil","item":"https:\/\/kapitalis.com\/tunisie\/"},{"@type":"ListItem","position":2,"name":"Banque centrale de Tunisie : Les priorit\u00e9s de Marouane El-Abassi"}]},{"@type":"WebSite","@id":"https:\/\/kapitalis.com\/tunisie\/#website","url":"https:\/\/kapitalis.com\/tunisie\/","name":"Kapitalis","description":"L&#039;actualit\u00e9 en Tunisie et dans le monde","publisher":{"@id":"https:\/\/kapitalis.com\/tunisie\/#organization"},"potentialAction":[{"@type":"SearchAction","target":{"@type":"EntryPoint","urlTemplate":"https:\/\/kapitalis.com\/tunisie\/?s={search_term_string}"},"query-input":{"@type":"PropertyValueSpecification","valueRequired":true,"valueName":"search_term_string"}}],"inLanguage":"fr-FR"},{"@type":"Organization","@id":"https:\/\/kapitalis.com\/tunisie\/#organization","name":"Kapitalis","url":"https:\/\/kapitalis.com\/tunisie\/","logo":{"@type":"ImageObject","inLanguage":"fr-FR","@id":"https:\/\/kapitalis.com\/tunisie\/#\/schema\/logo\/image\/","url":"https:\/\/kapitalis.com\/tunisie\/wp-content\/uploads\/2022\/05\/Kapitalis-big-size.png","contentUrl":"https:\/\/kapitalis.com\/tunisie\/wp-content\/uploads\/2022\/05\/Kapitalis-big-size.png","width":5000,"height":1500,"caption":"Kapitalis"},"image":{"@id":"https:\/\/kapitalis.com\/tunisie\/#\/schema\/logo\/image\/"},"sameAs":["https:\/\/www.facebook.com\/KapitalisInfo\/","https:\/\/x.com\/KapitalisInfo","https:\/\/www.youtube.com\/channel\/UC-yDYrHyfFBWWZaOw3FPg9Q"]},{"@type":"Person","@id":"https:\/\/kapitalis.com\/tunisie\/#\/schema\/person\/74bbde0154d49d790a92aaeac5bc01d5","name":"Yusra NY","url":"https:\/\/kapitalis.com\/tunisie\/author\/yuza_adam\/"}]}},"_links":{"self":[{"href":"https:\/\/kapitalis.com\/tunisie\/wp-json\/wp\/v2\/posts\/138903","targetHints":{"allow":["GET"]}}],"collection":[{"href":"https:\/\/kapitalis.com\/tunisie\/wp-json\/wp\/v2\/posts"}],"about":[{"href":"https:\/\/kapitalis.com\/tunisie\/wp-json\/wp\/v2\/types\/post"}],"author":[{"embeddable":true,"href":"https:\/\/kapitalis.com\/tunisie\/wp-json\/wp\/v2\/users\/6"}],"replies":[{"embeddable":true,"href":"https:\/\/kapitalis.com\/tunisie\/wp-json\/wp\/v2\/comments?post=138903"}],"version-history":[{"count":0,"href":"https:\/\/kapitalis.com\/tunisie\/wp-json\/wp\/v2\/posts\/138903\/revisions"}],"wp:featuredmedia":[{"embeddable":true,"href":"https:\/\/kapitalis.com\/tunisie\/wp-json\/wp\/v2\/media\/138857"}],"wp:attachment":[{"href":"https:\/\/kapitalis.com\/tunisie\/wp-json\/wp\/v2\/media?parent=138903"}],"wp:term":[{"taxonomy":"category","embeddable":true,"href":"https:\/\/kapitalis.com\/tunisie\/wp-json\/wp\/v2\/categories?post=138903"},{"taxonomy":"post_tag","embeddable":true,"href":"https:\/\/kapitalis.com\/tunisie\/wp-json\/wp\/v2\/tags?post=138903"}],"curies":[{"name":"wp","href":"https:\/\/api.w.org\/{rel}","templated":true}]}}