{"id":13891107,"date":"2024-08-29T11:00:37","date_gmt":"2024-08-29T10:00:37","guid":{"rendered":"https:\/\/kapitalis.com\/tunisie\/?p=13891107"},"modified":"2024-08-30T13:04:30","modified_gmt":"2024-08-30T12:04:30","slug":"presidentielle-tunisienne-le-tribunal-administratif-remet-zenaidi-en-course","status":"publish","type":"post","link":"https:\/\/kapitalis.com\/tunisie\/2024\/08\/29\/presidentielle-tunisienne-le-tribunal-administratif-remet-zenaidi-en-course\/","title":{"rendered":"Pr\u00e9sidentielle tunisienne\u00a0: le tribunal administratif remet Zena\u00efdi en course"},"content":{"rendered":"\n<p><strong><em>Le tribunal administratif a d\u00e9cid\u00e9 d\u2019accepter le recours d\u00e9pos\u00e9 par Mondher Zena\u00efdi contre la d\u00e9cision de la commission \u00e9lectorale invalidant son dossier de candidature \u00e0 la pr\u00e9sidentielle du 6 octobre prochain, et ce sur les deux plans de la forme et du fond.<\/em><\/strong><\/p>\n\n\n\n<!--more-->\n\n\n\n<p>C\u2019est ce qu\u2019a indiqu\u00e9 le porte-parole dudit tribunal Fay\u00e7al Bouguerra, aujourd\u2019hui, jeudi 29 ao\u00fbt 2024, \u00e0<a href=\"https:\/\/www.mosaiquefm.net\/ar\/%D8%AA%D9%88%D9%86%D8%B3-%D8%A3%D8%AE%D8%A8%D8%A7%D8%B1-%D9%88%D8%B7%D9%86%D9%8A%D8%A9\/1306883\/%D9%85%D9%86%D8%B0%D8%B1-%D8%A7%D9%84%D8%B2%D9%86%D8%A7%D9%8A%D8%AF%D9%8A-%D9%8A%D8%B9%D9%88%D8%AF-%D9%84%D9%84%D8%B3%D8%A8%D8%A7%D9%82-%D8%A7%D9%84%D8%A7%D9%86%D8%AA%D8%AE%D8%A7%D8%A8%D9%8A\" target=\"_blank\" rel=\"noreferrer noopener\"> Mosa\u00efque<\/a>, ajoutant que cette d\u00e9cision est d\u00e9finitive et ne souffre pas d\u2019appel. <\/p>\n\n\n\n<p>Est-ce \u00e0 dire que l\u2019ancien ministre de Ben Ali va retourner dans la comp\u00e9tition \u00e9lectorale, aux c\u00f4t\u00e9s du pr\u00e9sident sortant, Ka\u00efs Sa\u00efed, Zouhair Maghzaoui (mouvement Echa\u00e2b), Ayachi Zammel (parti Azimoun), dont les candidatures ont \u00e9t\u00e9 avalis\u00e9es par l\u2019Instance sup\u00e9rieure ind\u00e9pendante pour les \u00e9lections (Isie), et Abdellatif Mekki (Amal Wa Injaz) dont le recours a \u00e9t\u00e9 accept\u00e9 par le tribunal administratif\u00a0?<\/p>\n\n\n\n<p>Sur plan juridique, Zena\u00efdi est en r\u00e8gle avec la loi et peut donc mettre fin \u00e0 son exil volontaire en France et rentrer au pays pour d\u00e9fendre ses chances d\u2019acc\u00e9der au Palais de Carthage\u2026 au risque de se voir arr\u00eat\u00e9 \u00e0 l\u2019a\u00e9roport, \u00e9tant donn\u00e9 qu\u2019il est sous le coup de poursuites judiciaires. Le fera-t-il&nbsp;? La question rev\u00eat une dimension politique, et la balle est d\u00e9sormais dans le camp du candidat. Tout d\u00e9pend de sa d\u00e9termination \u00e0 aller jusqu\u2019au bout de ses intentions. Se sacrifierait-il pour la cause&nbsp;du sauvetage et de la r\u00e9forme de la Tunisie, missions qu\u2019il s\u2019attribue lui-m\u00eame depuis quelque temps dans des vid\u00e9os diffus\u00e9es sur Facebook ? <em>Wait and see\u2026<\/em><\/p>\n\n\n\n<p>En attendant de conna\u00eetre le sort qui sera r\u00e9serv\u00e9 par le m\u00eame tribunal au recours d\u00e9pos\u00e9 par Imed Da\u00efmi (ceux de Abir Moussi et Bechir Aouani ayant d\u00e9j\u00e0 \u00e9t\u00e9 rejet\u00e9s), la pr\u00e9sidentielle du 6 octobre, qui a perdu tout int\u00e9r\u00eat aux yeux d\u2019un grand nombre de Tunisiens, tant les jeux semblaient d\u00e9j\u00e0 faits, reprend quelques couleurs gr\u00e2ce aux derniers verdicts du tribunal administratif invalidant les d\u00e9cisions de la commission \u00e9lectorale.<\/p>\n\n\n\n<p>Y aurait-il vraiment match \u00e0 suspense comme ce fut le cas en 2014 et 2019? C\u2019est tout le mal que nous nous souhaitons&nbsp;!<\/p>\n\n\n\n<p class=\"has-text-align-right\"><strong>I. B. &nbsp;&nbsp;&nbsp;&nbsp;&nbsp;<\/strong><\/p>\n","protected":false},"excerpt":{"rendered":"<p>Mondher Zena\u00efdi remis en course pour la pr\u00e9sentielle gr\u00e2ce \u00e0 une d\u00e9cision du tribunal administratif. <\/p>\n","protected":false},"author":8,"featured_media":12165118,"comment_status":"closed","ping_status":"open","sticky":false,"template":"","format":"standard","meta":{"footnotes":""},"categories":[997,2433],"tags":[17,15144,31970,99253,76012,6521,4797,62643,4896],"class_list":["post-13891107","post","type-post","status-publish","format-standard","has-post-thumbnail","hentry","category-politique","category-tunisie","tag-abdellatif-mekki","tag-abir-moussi","tag-ayachi-hammami","tag-commission-electorale","tag-kais-saied-2","tag-mondher-zenaidi","tag-presidentielle","tag-tunisie","tag-zouhair-maghzaoui"],"yoast_head":"<!-- This site is optimized with the Yoast SEO plugin v26.6 - https:\/\/yoast.com\/wordpress\/plugins\/seo\/ -->\n<title>Pr\u00e9sidentielle tunisienne\u00a0: le tribunal administratif remet Zena\u00efdi en course - Kapitalis<\/title>\n<meta name=\"robots\" content=\"index, follow, max-snippet:-1, max-image-preview:large, max-video-preview:-1\" \/>\n<link rel=\"canonical\" href=\"https:\/\/kapitalis.com\/tunisie\/2024\/08\/29\/presidentielle-tunisienne-le-tribunal-administratif-remet-zenaidi-en-course\/\" \/>\n<meta property=\"og:locale\" content=\"fr_FR\" \/>\n<meta property=\"og:type\" content=\"article\" \/>\n<meta property=\"og:title\" content=\"Pr\u00e9sidentielle tunisienne\u00a0: le tribunal administratif remet Zena\u00efdi en course - Kapitalis\" \/>\n<meta property=\"og:description\" content=\"Mondher Zena\u00efdi remis en course pour la pr\u00e9sentielle gr\u00e2ce \u00e0 une d\u00e9cision du tribunal administratif.\" \/>\n<meta property=\"og:url\" content=\"https:\/\/kapitalis.com\/tunisie\/2024\/08\/29\/presidentielle-tunisienne-le-tribunal-administratif-remet-zenaidi-en-course\/\" \/>\n<meta property=\"og:site_name\" content=\"Kapitalis\" \/>\n<meta property=\"article:publisher\" content=\"https:\/\/www.facebook.com\/KapitalisInfo\/\" \/>\n<meta property=\"article:published_time\" content=\"2024-08-29T10:00:37+00:00\" \/>\n<meta property=\"article:modified_time\" content=\"2024-08-30T12:04:30+00:00\" \/>\n<meta property=\"og:image\" content=\"https:\/\/kapitalis.com\/tunisie\/wp-content\/uploads\/2024\/03\/Mondher-Zenaidi.jpg\" \/>\n\t<meta property=\"og:image:width\" content=\"1200\" \/>\n\t<meta property=\"og:image:height\" content=\"630\" \/>\n\t<meta property=\"og:image:type\" content=\"image\/jpeg\" \/>\n<meta name=\"author\" content=\"webmaster kapitalis\" \/>\n<meta name=\"twitter:card\" content=\"summary_large_image\" \/>\n<meta name=\"twitter:creator\" content=\"@KapitalisInfo\" \/>\n<meta name=\"twitter:site\" content=\"@KapitalisInfo\" \/>\n<meta name=\"twitter:label1\" content=\"\u00c9crit par\" \/>\n\t<meta name=\"twitter:data1\" content=\"webmaster kapitalis\" \/>\n\t<meta name=\"twitter:label2\" content=\"Dur\u00e9e de lecture estim\u00e9e\" \/>\n\t<meta name=\"twitter:data2\" content=\"2 minutes\" \/>\n<script type=\"application\/ld+json\" class=\"yoast-schema-graph\">{\"@context\":\"https:\/\/schema.org\",\"@graph\":[{\"@type\":\"Article\",\"@id\":\"https:\/\/kapitalis.com\/tunisie\/2024\/08\/29\/presidentielle-tunisienne-le-tribunal-administratif-remet-zenaidi-en-course\/#article\",\"isPartOf\":{\"@id\":\"https:\/\/kapitalis.com\/tunisie\/2024\/08\/29\/presidentielle-tunisienne-le-tribunal-administratif-remet-zenaidi-en-course\/\"},\"author\":{\"name\":\"webmaster kapitalis\",\"@id\":\"https:\/\/kapitalis.com\/tunisie\/#\/schema\/person\/d71f33a9ca44f7bad4698210b480c8e9\"},\"headline\":\"Pr\u00e9sidentielle tunisienne\u00a0: le tribunal administratif remet Zena\u00efdi en course\",\"datePublished\":\"2024-08-29T10:00:37+00:00\",\"dateModified\":\"2024-08-30T12:04:30+00:00\",\"mainEntityOfPage\":{\"@id\":\"https:\/\/kapitalis.com\/tunisie\/2024\/08\/29\/presidentielle-tunisienne-le-tribunal-administratif-remet-zenaidi-en-course\/\"},\"wordCount\":406,\"publisher\":{\"@id\":\"https:\/\/kapitalis.com\/tunisie\/#organization\"},\"image\":{\"@id\":\"https:\/\/kapitalis.com\/tunisie\/2024\/08\/29\/presidentielle-tunisienne-le-tribunal-administratif-remet-zenaidi-en-course\/#primaryimage\"},\"thumbnailUrl\":\"https:\/\/kapitalis.com\/tunisie\/wp-content\/uploads\/2024\/03\/Mondher-Zenaidi.jpg\",\"keywords\":[\"Abdellatif Mekki\",\"Abir Moussi\",\"Ayachi Hammami\",\"commission \u00e9lectorale\",\"Ka\u00efs Sa\u00efed\",\"Mondher Zenaidi\",\"pr\u00e9sidentielle\",\"Tunisie\",\"Zouhair Maghzaoui\"],\"articleSection\":[\"POLITIQUE\",\"Tunisie\"],\"inLanguage\":\"fr-FR\"},{\"@type\":\"WebPage\",\"@id\":\"https:\/\/kapitalis.com\/tunisie\/2024\/08\/29\/presidentielle-tunisienne-le-tribunal-administratif-remet-zenaidi-en-course\/\",\"url\":\"https:\/\/kapitalis.com\/tunisie\/2024\/08\/29\/presidentielle-tunisienne-le-tribunal-administratif-remet-zenaidi-en-course\/\",\"name\":\"Pr\u00e9sidentielle tunisienne\u00a0: le tribunal administratif remet Zena\u00efdi en course - Kapitalis\",\"isPartOf\":{\"@id\":\"https:\/\/kapitalis.com\/tunisie\/#website\"},\"primaryImageOfPage\":{\"@id\":\"https:\/\/kapitalis.com\/tunisie\/2024\/08\/29\/presidentielle-tunisienne-le-tribunal-administratif-remet-zenaidi-en-course\/#primaryimage\"},\"image\":{\"@id\":\"https:\/\/kapitalis.com\/tunisie\/2024\/08\/29\/presidentielle-tunisienne-le-tribunal-administratif-remet-zenaidi-en-course\/#primaryimage\"},\"thumbnailUrl\":\"https:\/\/kapitalis.com\/tunisie\/wp-content\/uploads\/2024\/03\/Mondher-Zenaidi.jpg\",\"datePublished\":\"2024-08-29T10:00:37+00:00\",\"dateModified\":\"2024-08-30T12:04:30+00:00\",\"breadcrumb\":{\"@id\":\"https:\/\/kapitalis.com\/tunisie\/2024\/08\/29\/presidentielle-tunisienne-le-tribunal-administratif-remet-zenaidi-en-course\/#breadcrumb\"},\"inLanguage\":\"fr-FR\",\"potentialAction\":[{\"@type\":\"ReadAction\",\"target\":[\"https:\/\/kapitalis.com\/tunisie\/2024\/08\/29\/presidentielle-tunisienne-le-tribunal-administratif-remet-zenaidi-en-course\/\"]}]},{\"@type\":\"ImageObject\",\"inLanguage\":\"fr-FR\",\"@id\":\"https:\/\/kapitalis.com\/tunisie\/2024\/08\/29\/presidentielle-tunisienne-le-tribunal-administratif-remet-zenaidi-en-course\/#primaryimage\",\"url\":\"https:\/\/kapitalis.com\/tunisie\/wp-content\/uploads\/2024\/03\/Mondher-Zenaidi.jpg\",\"contentUrl\":\"https:\/\/kapitalis.com\/tunisie\/wp-content\/uploads\/2024\/03\/Mondher-Zenaidi.jpg\",\"width\":1200,\"height\":630},{\"@type\":\"BreadcrumbList\",\"@id\":\"https:\/\/kapitalis.com\/tunisie\/2024\/08\/29\/presidentielle-tunisienne-le-tribunal-administratif-remet-zenaidi-en-course\/#breadcrumb\",\"itemListElement\":[{\"@type\":\"ListItem\",\"position\":1,\"name\":\"Accueil\",\"item\":\"https:\/\/kapitalis.com\/tunisie\/\"},{\"@type\":\"ListItem\",\"position\":2,\"name\":\"Pr\u00e9sidentielle tunisienne\u00a0: le tribunal administratif remet Zena\u00efdi en course\"}]},{\"@type\":\"WebSite\",\"@id\":\"https:\/\/kapitalis.com\/tunisie\/#website\",\"url\":\"https:\/\/kapitalis.com\/tunisie\/\",\"name\":\"Kapitalis\",\"description\":\"L&#039;actualit\u00e9 en Tunisie et dans le monde\",\"publisher\":{\"@id\":\"https:\/\/kapitalis.com\/tunisie\/#organization\"},\"potentialAction\":[{\"@type\":\"SearchAction\",\"target\":{\"@type\":\"EntryPoint\",\"urlTemplate\":\"https:\/\/kapitalis.com\/tunisie\/?s={search_term_string}\"},\"query-input\":{\"@type\":\"PropertyValueSpecification\",\"valueRequired\":true,\"valueName\":\"search_term_string\"}}],\"inLanguage\":\"fr-FR\"},{\"@type\":\"Organization\",\"@id\":\"https:\/\/kapitalis.com\/tunisie\/#organization\",\"name\":\"Kapitalis\",\"url\":\"https:\/\/kapitalis.com\/tunisie\/\",\"logo\":{\"@type\":\"ImageObject\",\"inLanguage\":\"fr-FR\",\"@id\":\"https:\/\/kapitalis.com\/tunisie\/#\/schema\/logo\/image\/\",\"url\":\"https:\/\/kapitalis.com\/tunisie\/wp-content\/uploads\/2022\/05\/Kapitalis-big-size.png\",\"contentUrl\":\"https:\/\/kapitalis.com\/tunisie\/wp-content\/uploads\/2022\/05\/Kapitalis-big-size.png\",\"width\":5000,\"height\":1500,\"caption\":\"Kapitalis\"},\"image\":{\"@id\":\"https:\/\/kapitalis.com\/tunisie\/#\/schema\/logo\/image\/\"},\"sameAs\":[\"https:\/\/www.facebook.com\/KapitalisInfo\/\",\"https:\/\/x.com\/KapitalisInfo\",\"https:\/\/www.youtube.com\/channel\/UC-yDYrHyfFBWWZaOw3FPg9Q\"]},{\"@type\":\"Person\",\"@id\":\"https:\/\/kapitalis.com\/tunisie\/#\/schema\/person\/d71f33a9ca44f7bad4698210b480c8e9\",\"name\":\"webmaster kapitalis\",\"url\":\"https:\/\/kapitalis.com\/tunisie\/author\/webmaster-kapitalis\/\"}]}<\/script>\n<!-- \/ Yoast SEO plugin. -->","yoast_head_json":{"title":"Pr\u00e9sidentielle tunisienne\u00a0: le tribunal administratif remet Zena\u00efdi en course - Kapitalis","robots":{"index":"index","follow":"follow","max-snippet":"max-snippet:-1","max-image-preview":"max-image-preview:large","max-video-preview":"max-video-preview:-1"},"canonical":"https:\/\/kapitalis.com\/tunisie\/2024\/08\/29\/presidentielle-tunisienne-le-tribunal-administratif-remet-zenaidi-en-course\/","og_locale":"fr_FR","og_type":"article","og_title":"Pr\u00e9sidentielle tunisienne\u00a0: le tribunal administratif remet Zena\u00efdi en course - Kapitalis","og_description":"Mondher Zena\u00efdi remis en course pour la pr\u00e9sentielle gr\u00e2ce \u00e0 une d\u00e9cision du tribunal administratif.","og_url":"https:\/\/kapitalis.com\/tunisie\/2024\/08\/29\/presidentielle-tunisienne-le-tribunal-administratif-remet-zenaidi-en-course\/","og_site_name":"Kapitalis","article_publisher":"https:\/\/www.facebook.com\/KapitalisInfo\/","article_published_time":"2024-08-29T10:00:37+00:00","article_modified_time":"2024-08-30T12:04:30+00:00","og_image":[{"width":1200,"height":630,"url":"https:\/\/kapitalis.com\/tunisie\/wp-content\/uploads\/2024\/03\/Mondher-Zenaidi.jpg","type":"image\/jpeg"}],"author":"webmaster kapitalis","twitter_card":"summary_large_image","twitter_creator":"@KapitalisInfo","twitter_site":"@KapitalisInfo","twitter_misc":{"\u00c9crit par":"webmaster kapitalis","Dur\u00e9e de lecture estim\u00e9e":"2 minutes"},"schema":{"@context":"https:\/\/schema.org","@graph":[{"@type":"Article","@id":"https:\/\/kapitalis.com\/tunisie\/2024\/08\/29\/presidentielle-tunisienne-le-tribunal-administratif-remet-zenaidi-en-course\/#article","isPartOf":{"@id":"https:\/\/kapitalis.com\/tunisie\/2024\/08\/29\/presidentielle-tunisienne-le-tribunal-administratif-remet-zenaidi-en-course\/"},"author":{"name":"webmaster kapitalis","@id":"https:\/\/kapitalis.com\/tunisie\/#\/schema\/person\/d71f33a9ca44f7bad4698210b480c8e9"},"headline":"Pr\u00e9sidentielle tunisienne\u00a0: le tribunal administratif remet Zena\u00efdi en course","datePublished":"2024-08-29T10:00:37+00:00","dateModified":"2024-08-30T12:04:30+00:00","mainEntityOfPage":{"@id":"https:\/\/kapitalis.com\/tunisie\/2024\/08\/29\/presidentielle-tunisienne-le-tribunal-administratif-remet-zenaidi-en-course\/"},"wordCount":406,"publisher":{"@id":"https:\/\/kapitalis.com\/tunisie\/#organization"},"image":{"@id":"https:\/\/kapitalis.com\/tunisie\/2024\/08\/29\/presidentielle-tunisienne-le-tribunal-administratif-remet-zenaidi-en-course\/#primaryimage"},"thumbnailUrl":"https:\/\/kapitalis.com\/tunisie\/wp-content\/uploads\/2024\/03\/Mondher-Zenaidi.jpg","keywords":["Abdellatif Mekki","Abir Moussi","Ayachi Hammami","commission \u00e9lectorale","Ka\u00efs Sa\u00efed","Mondher Zenaidi","pr\u00e9sidentielle","Tunisie","Zouhair Maghzaoui"],"articleSection":["POLITIQUE","Tunisie"],"inLanguage":"fr-FR"},{"@type":"WebPage","@id":"https:\/\/kapitalis.com\/tunisie\/2024\/08\/29\/presidentielle-tunisienne-le-tribunal-administratif-remet-zenaidi-en-course\/","url":"https:\/\/kapitalis.com\/tunisie\/2024\/08\/29\/presidentielle-tunisienne-le-tribunal-administratif-remet-zenaidi-en-course\/","name":"Pr\u00e9sidentielle tunisienne\u00a0: le tribunal administratif remet Zena\u00efdi en course - Kapitalis","isPartOf":{"@id":"https:\/\/kapitalis.com\/tunisie\/#website"},"primaryImageOfPage":{"@id":"https:\/\/kapitalis.com\/tunisie\/2024\/08\/29\/presidentielle-tunisienne-le-tribunal-administratif-remet-zenaidi-en-course\/#primaryimage"},"image":{"@id":"https:\/\/kapitalis.com\/tunisie\/2024\/08\/29\/presidentielle-tunisienne-le-tribunal-administratif-remet-zenaidi-en-course\/#primaryimage"},"thumbnailUrl":"https:\/\/kapitalis.com\/tunisie\/wp-content\/uploads\/2024\/03\/Mondher-Zenaidi.jpg","datePublished":"2024-08-29T10:00:37+00:00","dateModified":"2024-08-30T12:04:30+00:00","breadcrumb":{"@id":"https:\/\/kapitalis.com\/tunisie\/2024\/08\/29\/presidentielle-tunisienne-le-tribunal-administratif-remet-zenaidi-en-course\/#breadcrumb"},"inLanguage":"fr-FR","potentialAction":[{"@type":"ReadAction","target":["https:\/\/kapitalis.com\/tunisie\/2024\/08\/29\/presidentielle-tunisienne-le-tribunal-administratif-remet-zenaidi-en-course\/"]}]},{"@type":"ImageObject","inLanguage":"fr-FR","@id":"https:\/\/kapitalis.com\/tunisie\/2024\/08\/29\/presidentielle-tunisienne-le-tribunal-administratif-remet-zenaidi-en-course\/#primaryimage","url":"https:\/\/kapitalis.com\/tunisie\/wp-content\/uploads\/2024\/03\/Mondher-Zenaidi.jpg","contentUrl":"https:\/\/kapitalis.com\/tunisie\/wp-content\/uploads\/2024\/03\/Mondher-Zenaidi.jpg","width":1200,"height":630},{"@type":"BreadcrumbList","@id":"https:\/\/kapitalis.com\/tunisie\/2024\/08\/29\/presidentielle-tunisienne-le-tribunal-administratif-remet-zenaidi-en-course\/#breadcrumb","itemListElement":[{"@type":"ListItem","position":1,"name":"Accueil","item":"https:\/\/kapitalis.com\/tunisie\/"},{"@type":"ListItem","position":2,"name":"Pr\u00e9sidentielle tunisienne\u00a0: le tribunal administratif remet Zena\u00efdi en course"}]},{"@type":"WebSite","@id":"https:\/\/kapitalis.com\/tunisie\/#website","url":"https:\/\/kapitalis.com\/tunisie\/","name":"Kapitalis","description":"L&#039;actualit\u00e9 en Tunisie et dans le monde","publisher":{"@id":"https:\/\/kapitalis.com\/tunisie\/#organization"},"potentialAction":[{"@type":"SearchAction","target":{"@type":"EntryPoint","urlTemplate":"https:\/\/kapitalis.com\/tunisie\/?s={search_term_string}"},"query-input":{"@type":"PropertyValueSpecification","valueRequired":true,"valueName":"search_term_string"}}],"inLanguage":"fr-FR"},{"@type":"Organization","@id":"https:\/\/kapitalis.com\/tunisie\/#organization","name":"Kapitalis","url":"https:\/\/kapitalis.com\/tunisie\/","logo":{"@type":"ImageObject","inLanguage":"fr-FR","@id":"https:\/\/kapitalis.com\/tunisie\/#\/schema\/logo\/image\/","url":"https:\/\/kapitalis.com\/tunisie\/wp-content\/uploads\/2022\/05\/Kapitalis-big-size.png","contentUrl":"https:\/\/kapitalis.com\/tunisie\/wp-content\/uploads\/2022\/05\/Kapitalis-big-size.png","width":5000,"height":1500,"caption":"Kapitalis"},"image":{"@id":"https:\/\/kapitalis.com\/tunisie\/#\/schema\/logo\/image\/"},"sameAs":["https:\/\/www.facebook.com\/KapitalisInfo\/","https:\/\/x.com\/KapitalisInfo","https:\/\/www.youtube.com\/channel\/UC-yDYrHyfFBWWZaOw3FPg9Q"]},{"@type":"Person","@id":"https:\/\/kapitalis.com\/tunisie\/#\/schema\/person\/d71f33a9ca44f7bad4698210b480c8e9","name":"webmaster kapitalis","url":"https:\/\/kapitalis.com\/tunisie\/author\/webmaster-kapitalis\/"}]}},"_links":{"self":[{"href":"https:\/\/kapitalis.com\/tunisie\/wp-json\/wp\/v2\/posts\/13891107","targetHints":{"allow":["GET"]}}],"collection":[{"href":"https:\/\/kapitalis.com\/tunisie\/wp-json\/wp\/v2\/posts"}],"about":[{"href":"https:\/\/kapitalis.com\/tunisie\/wp-json\/wp\/v2\/types\/post"}],"author":[{"embeddable":true,"href":"https:\/\/kapitalis.com\/tunisie\/wp-json\/wp\/v2\/users\/8"}],"replies":[{"embeddable":true,"href":"https:\/\/kapitalis.com\/tunisie\/wp-json\/wp\/v2\/comments?post=13891107"}],"version-history":[{"count":6,"href":"https:\/\/kapitalis.com\/tunisie\/wp-json\/wp\/v2\/posts\/13891107\/revisions"}],"predecessor-version":[{"id":13900465,"href":"https:\/\/kapitalis.com\/tunisie\/wp-json\/wp\/v2\/posts\/13891107\/revisions\/13900465"}],"wp:featuredmedia":[{"embeddable":true,"href":"https:\/\/kapitalis.com\/tunisie\/wp-json\/wp\/v2\/media\/12165118"}],"wp:attachment":[{"href":"https:\/\/kapitalis.com\/tunisie\/wp-json\/wp\/v2\/media?parent=13891107"}],"wp:term":[{"taxonomy":"category","embeddable":true,"href":"https:\/\/kapitalis.com\/tunisie\/wp-json\/wp\/v2\/categories?post=13891107"},{"taxonomy":"post_tag","embeddable":true,"href":"https:\/\/kapitalis.com\/tunisie\/wp-json\/wp\/v2\/tags?post=13891107"}],"curies":[{"name":"wp","href":"https:\/\/api.w.org\/{rel}","templated":true}]}}