{"id":13897187,"date":"2024-08-29T22:39:52","date_gmt":"2024-08-29T21:39:52","guid":{"rendered":"https:\/\/kapitalis.com\/tunisie\/?p=13897187"},"modified":"2024-08-29T22:41:31","modified_gmt":"2024-08-29T21:41:31","slug":"message-de-mondher-zenaidi-apres-sa-reintegration-dans-la-course-a-la-presidentielle","status":"publish","type":"post","link":"https:\/\/kapitalis.com\/tunisie\/2024\/08\/29\/message-de-mondher-zenaidi-apres-sa-reintegration-dans-la-course-a-la-presidentielle\/","title":{"rendered":"Message de Mondher Zenaidi, apr\u00e8s sa r\u00e9int\u00e9gration dans la course \u00e0 la pr\u00e9sidentielle"},"content":{"rendered":"\n<p><em><strong>Mondher Zenaidi candidat \u00e0 la pr\u00e9sidentielle du 6 octobre a adress\u00e9 un message aux Tunisiens apr\u00e8s sa r\u00e9int\u00e9gration dans la course \u00e9lectorale.<\/strong><\/em><\/p>\n\n\n\n<!--more-->\n\n\n\n<p>Le tribunal administratif a d\u00e9cid\u00e9 d\u2019accepter le recours d\u00e9pos\u00e9 par Mondher Zena\u00efdi contre la d\u00e9cision de la commission \u00e9lectorale invalidant son dossier de candidature \u00e0 la pr\u00e9sidentielle sur la forme et sur le fond et retourne ainsi dans la course \u00e0 la pr\u00e9sidentielle, aux c\u00f4t\u00e9s de Ka\u00efs Sa\u00efed, Zouhaier Maghzaoui, Ayachi Hammami et Abdellatif Mekki.<\/p>\n\n\n\n<p>Dans son message, l&rsquo;ancien ministre sous Ben Ali a estim\u00e9 que son retour \u00e0 la course pr\u00e9sidentielle \u00ab<em> confirme la l\u00e9gitimit\u00e9 du combat de sauvetage et de r\u00e9forme qu&rsquo;il s&rsquo;est engag\u00e9 \u00e0 mener pour la Tunisie<\/em> \u00bb et a exprim\u00e9 ses remerciements et sa reconnaissance aux juges <em>\u00ab qui ont suivi leur conscience et ont choisi de dire la v\u00e9rit\u00e9 et de faire respecter l&rsquo;\u00c9tat de droit <\/em>\u00bb, a-t-il \u00e9crit, en affirmant \u00ab que d\u00e9sormais il n\u2019est plus question de l&rsquo;avenir politique de Mondher Zenaidi ou de tout autre candidat, mais celle du destin de la Tunisie et de son avenir.<\/p>\n\n\n\n<p>\u00ab <em>Le populisme a divis\u00e9 les Tunisiens et il est aujourd\u2019hui temps de s\u2019unir, de sauver le pays et de commencer \u00e0 r\u00e9parer ce qui a ruin\u00e9. Voulons-nous un pays dirig\u00e9 par la m\u00e9diocrit\u00e9 et le populisme vers l&rsquo;effondrement, ou un pays dirig\u00e9 par quelqu&rsquo;un de plus digne vers un un avenir meilleur ? \u2026 La bataille de sauvetage et de la r\u00e9forme inclut tout le monde, et nous ne pouvons la mener que si toutes les bonnes volont\u00e9s sont r\u00e9unies<\/em> \u00bb, a-t-il encore \u00e9crit, en appelant les \u00ab <em>patriotes libres \u00e0 se rallier \u00e0 sa bataille pour mener les r\u00e9formes n\u00e9cessaires pour sauver le pays<\/em> \u00bb.<\/p>\n\n\n\n<p>Et de conclure : \u00ab<em> Imaginez un cauchemar qui prend fin dans quarante jours, imaginez un espoir qui se r\u00e9alise dans quarante jours, imaginez un pays sans populisme dans quarante jours, imaginez une belle Tunisie qui retrouve le sourire dans quarante jours ! Soyez avec nous \u00e0 temps et faites des quarante prochains jours une \u00e9pop\u00e9e nationale et un honneur personnel <\/em>\u00bb.<\/p>\n\n\n\n<p class=\"has-text-align-right\"><strong>Y. N.<\/strong><\/p>\n\n\n\n<figure class=\"wp-block-embed is-type-wp-embed is-provider-kapitalis wp-block-embed-kapitalis\"><div class=\"wp-block-embed__wrapper\">\n<blockquote class=\"wp-embedded-content\" data-secret=\"eCPBBUBbJP\"><a href=\"https:\/\/kapitalis.com\/tunisie\/2024\/08\/29\/presidentielle-tunisienne-le-tribunal-administratif-remet-zenaidi-en-course\/\">Pr\u00e9sidentielle tunisienne\u00a0: le tribunal administratif remet Zena\u00efdi en course<\/a><\/blockquote><iframe loading=\"lazy\" class=\"wp-embedded-content\" sandbox=\"allow-scripts\" security=\"restricted\" style=\"position: absolute; visibility: hidden;\" title=\"\u00ab\u00a0Pr\u00e9sidentielle tunisienne\u00a0: le tribunal administratif remet Zena\u00efdi en course\u00a0\u00bb &#8212; Kapitalis\" src=\"https:\/\/kapitalis.com\/tunisie\/2024\/08\/29\/presidentielle-tunisienne-le-tribunal-administratif-remet-zenaidi-en-course\/embed\/#?secret=4WTPhA991D#?secret=eCPBBUBbJP\" data-secret=\"eCPBBUBbJP\" width=\"600\" height=\"338\" frameborder=\"0\" marginwidth=\"0\" marginheight=\"0\" scrolling=\"no\"><\/iframe>\n<\/div><\/figure>\n","protected":false},"excerpt":{"rendered":"<p>Mondher Zenaidi candidat \u00e0 la pr\u00e9sidentielle du 6 octobre a adress\u00e9 un message aux Tunisiens apr\u00e8s sa r\u00e9int\u00e9gration dans la course \u00e9lectorale.<\/p>\n","protected":false},"author":6,"featured_media":13504205,"comment_status":"closed","ping_status":"open","sticky":false,"template":"","format":"standard","meta":{"footnotes":""},"categories":[997,2433],"tags":[117000,499,6521,4797,65013,62643],"class_list":["post-13897187","post","type-post","status-publish","format-standard","has-post-thumbnail","hentry","category-politique","category-tunisie","tag-6-octobre","tag-isie","tag-mondher-zenaidi","tag-presidentielle","tag-ta","tag-tunisie"],"yoast_head":"<!-- This site is optimized with the Yoast SEO plugin v26.6 - https:\/\/yoast.com\/wordpress\/plugins\/seo\/ -->\n<title>Message de Mondher Zenaidi, apr\u00e8s sa r\u00e9int\u00e9gration dans la course \u00e0 la pr\u00e9sidentielle - Kapitalis<\/title>\n<meta name=\"robots\" content=\"index, follow, max-snippet:-1, max-image-preview:large, max-video-preview:-1\" \/>\n<link rel=\"canonical\" href=\"https:\/\/kapitalis.com\/tunisie\/2024\/08\/29\/message-de-mondher-zenaidi-apres-sa-reintegration-dans-la-course-a-la-presidentielle\/\" \/>\n<meta property=\"og:locale\" content=\"fr_FR\" \/>\n<meta property=\"og:type\" content=\"article\" \/>\n<meta property=\"og:title\" content=\"Message de Mondher Zenaidi, apr\u00e8s sa r\u00e9int\u00e9gration dans la course \u00e0 la pr\u00e9sidentielle - Kapitalis\" \/>\n<meta property=\"og:description\" content=\"Mondher Zenaidi candidat \u00e0 la pr\u00e9sidentielle du 6 octobre a adress\u00e9 un message aux Tunisiens apr\u00e8s sa r\u00e9int\u00e9gration dans la course \u00e9lectorale.\" \/>\n<meta property=\"og:url\" content=\"https:\/\/kapitalis.com\/tunisie\/2024\/08\/29\/message-de-mondher-zenaidi-apres-sa-reintegration-dans-la-course-a-la-presidentielle\/\" \/>\n<meta property=\"og:site_name\" content=\"Kapitalis\" \/>\n<meta property=\"article:publisher\" content=\"https:\/\/www.facebook.com\/KapitalisInfo\/\" \/>\n<meta property=\"article:published_time\" content=\"2024-08-29T21:39:52+00:00\" \/>\n<meta property=\"article:modified_time\" content=\"2024-08-29T21:41:31+00:00\" \/>\n<meta property=\"og:image\" content=\"https:\/\/kapitalis.com\/tunisie\/wp-content\/uploads\/2024\/07\/Mondher-Zenaidi.jpg\" \/>\n\t<meta property=\"og:image:width\" content=\"1200\" \/>\n\t<meta property=\"og:image:height\" content=\"630\" \/>\n\t<meta property=\"og:image:type\" content=\"image\/jpeg\" \/>\n<meta name=\"author\" content=\"Yusra NY\" \/>\n<meta name=\"twitter:card\" content=\"summary_large_image\" \/>\n<meta name=\"twitter:creator\" content=\"@KapitalisInfo\" \/>\n<meta name=\"twitter:site\" content=\"@KapitalisInfo\" \/>\n<meta name=\"twitter:label1\" content=\"\u00c9crit par\" \/>\n\t<meta name=\"twitter:data1\" content=\"Yusra NY\" \/>\n\t<meta name=\"twitter:label2\" content=\"Dur\u00e9e de lecture estim\u00e9e\" \/>\n\t<meta name=\"twitter:data2\" content=\"2 minutes\" \/>\n<script type=\"application\/ld+json\" class=\"yoast-schema-graph\">{\"@context\":\"https:\/\/schema.org\",\"@graph\":[{\"@type\":\"Article\",\"@id\":\"https:\/\/kapitalis.com\/tunisie\/2024\/08\/29\/message-de-mondher-zenaidi-apres-sa-reintegration-dans-la-course-a-la-presidentielle\/#article\",\"isPartOf\":{\"@id\":\"https:\/\/kapitalis.com\/tunisie\/2024\/08\/29\/message-de-mondher-zenaidi-apres-sa-reintegration-dans-la-course-a-la-presidentielle\/\"},\"author\":{\"name\":\"Yusra NY\",\"@id\":\"https:\/\/kapitalis.com\/tunisie\/#\/schema\/person\/74bbde0154d49d790a92aaeac5bc01d5\"},\"headline\":\"Message de Mondher Zenaidi, apr\u00e8s sa r\u00e9int\u00e9gration dans la course \u00e0 la pr\u00e9sidentielle\",\"datePublished\":\"2024-08-29T21:39:52+00:00\",\"dateModified\":\"2024-08-29T21:41:31+00:00\",\"mainEntityOfPage\":{\"@id\":\"https:\/\/kapitalis.com\/tunisie\/2024\/08\/29\/message-de-mondher-zenaidi-apres-sa-reintegration-dans-la-course-a-la-presidentielle\/\"},\"wordCount\":378,\"publisher\":{\"@id\":\"https:\/\/kapitalis.com\/tunisie\/#organization\"},\"image\":{\"@id\":\"https:\/\/kapitalis.com\/tunisie\/2024\/08\/29\/message-de-mondher-zenaidi-apres-sa-reintegration-dans-la-course-a-la-presidentielle\/#primaryimage\"},\"thumbnailUrl\":\"https:\/\/kapitalis.com\/tunisie\/wp-content\/uploads\/2024\/07\/Mondher-Zenaidi.jpg\",\"keywords\":[\"6 octobre\",\"Isie\",\"Mondher Zenaidi\",\"pr\u00e9sidentielle\",\"ta\",\"Tunisie\"],\"articleSection\":[\"POLITIQUE\",\"Tunisie\"],\"inLanguage\":\"fr-FR\"},{\"@type\":\"WebPage\",\"@id\":\"https:\/\/kapitalis.com\/tunisie\/2024\/08\/29\/message-de-mondher-zenaidi-apres-sa-reintegration-dans-la-course-a-la-presidentielle\/\",\"url\":\"https:\/\/kapitalis.com\/tunisie\/2024\/08\/29\/message-de-mondher-zenaidi-apres-sa-reintegration-dans-la-course-a-la-presidentielle\/\",\"name\":\"Message de Mondher Zenaidi, apr\u00e8s sa r\u00e9int\u00e9gration dans la course \u00e0 la pr\u00e9sidentielle - Kapitalis\",\"isPartOf\":{\"@id\":\"https:\/\/kapitalis.com\/tunisie\/#website\"},\"primaryImageOfPage\":{\"@id\":\"https:\/\/kapitalis.com\/tunisie\/2024\/08\/29\/message-de-mondher-zenaidi-apres-sa-reintegration-dans-la-course-a-la-presidentielle\/#primaryimage\"},\"image\":{\"@id\":\"https:\/\/kapitalis.com\/tunisie\/2024\/08\/29\/message-de-mondher-zenaidi-apres-sa-reintegration-dans-la-course-a-la-presidentielle\/#primaryimage\"},\"thumbnailUrl\":\"https:\/\/kapitalis.com\/tunisie\/wp-content\/uploads\/2024\/07\/Mondher-Zenaidi.jpg\",\"datePublished\":\"2024-08-29T21:39:52+00:00\",\"dateModified\":\"2024-08-29T21:41:31+00:00\",\"breadcrumb\":{\"@id\":\"https:\/\/kapitalis.com\/tunisie\/2024\/08\/29\/message-de-mondher-zenaidi-apres-sa-reintegration-dans-la-course-a-la-presidentielle\/#breadcrumb\"},\"inLanguage\":\"fr-FR\",\"potentialAction\":[{\"@type\":\"ReadAction\",\"target\":[\"https:\/\/kapitalis.com\/tunisie\/2024\/08\/29\/message-de-mondher-zenaidi-apres-sa-reintegration-dans-la-course-a-la-presidentielle\/\"]}]},{\"@type\":\"ImageObject\",\"inLanguage\":\"fr-FR\",\"@id\":\"https:\/\/kapitalis.com\/tunisie\/2024\/08\/29\/message-de-mondher-zenaidi-apres-sa-reintegration-dans-la-course-a-la-presidentielle\/#primaryimage\",\"url\":\"https:\/\/kapitalis.com\/tunisie\/wp-content\/uploads\/2024\/07\/Mondher-Zenaidi.jpg\",\"contentUrl\":\"https:\/\/kapitalis.com\/tunisie\/wp-content\/uploads\/2024\/07\/Mondher-Zenaidi.jpg\",\"width\":1200,\"height\":630},{\"@type\":\"BreadcrumbList\",\"@id\":\"https:\/\/kapitalis.com\/tunisie\/2024\/08\/29\/message-de-mondher-zenaidi-apres-sa-reintegration-dans-la-course-a-la-presidentielle\/#breadcrumb\",\"itemListElement\":[{\"@type\":\"ListItem\",\"position\":1,\"name\":\"Accueil\",\"item\":\"https:\/\/kapitalis.com\/tunisie\/\"},{\"@type\":\"ListItem\",\"position\":2,\"name\":\"Message de Mondher Zenaidi, apr\u00e8s sa r\u00e9int\u00e9gration dans la course \u00e0 la pr\u00e9sidentielle\"}]},{\"@type\":\"WebSite\",\"@id\":\"https:\/\/kapitalis.com\/tunisie\/#website\",\"url\":\"https:\/\/kapitalis.com\/tunisie\/\",\"name\":\"Kapitalis\",\"description\":\"L&#039;actualit\u00e9 en Tunisie et dans le monde\",\"publisher\":{\"@id\":\"https:\/\/kapitalis.com\/tunisie\/#organization\"},\"potentialAction\":[{\"@type\":\"SearchAction\",\"target\":{\"@type\":\"EntryPoint\",\"urlTemplate\":\"https:\/\/kapitalis.com\/tunisie\/?s={search_term_string}\"},\"query-input\":{\"@type\":\"PropertyValueSpecification\",\"valueRequired\":true,\"valueName\":\"search_term_string\"}}],\"inLanguage\":\"fr-FR\"},{\"@type\":\"Organization\",\"@id\":\"https:\/\/kapitalis.com\/tunisie\/#organization\",\"name\":\"Kapitalis\",\"url\":\"https:\/\/kapitalis.com\/tunisie\/\",\"logo\":{\"@type\":\"ImageObject\",\"inLanguage\":\"fr-FR\",\"@id\":\"https:\/\/kapitalis.com\/tunisie\/#\/schema\/logo\/image\/\",\"url\":\"https:\/\/kapitalis.com\/tunisie\/wp-content\/uploads\/2022\/05\/Kapitalis-big-size.png\",\"contentUrl\":\"https:\/\/kapitalis.com\/tunisie\/wp-content\/uploads\/2022\/05\/Kapitalis-big-size.png\",\"width\":5000,\"height\":1500,\"caption\":\"Kapitalis\"},\"image\":{\"@id\":\"https:\/\/kapitalis.com\/tunisie\/#\/schema\/logo\/image\/\"},\"sameAs\":[\"https:\/\/www.facebook.com\/KapitalisInfo\/\",\"https:\/\/x.com\/KapitalisInfo\",\"https:\/\/www.youtube.com\/channel\/UC-yDYrHyfFBWWZaOw3FPg9Q\"]},{\"@type\":\"Person\",\"@id\":\"https:\/\/kapitalis.com\/tunisie\/#\/schema\/person\/74bbde0154d49d790a92aaeac5bc01d5\",\"name\":\"Yusra NY\",\"url\":\"https:\/\/kapitalis.com\/tunisie\/author\/yuza_adam\/\"}]}<\/script>\n<!-- \/ Yoast SEO plugin. -->","yoast_head_json":{"title":"Message de Mondher Zenaidi, apr\u00e8s sa r\u00e9int\u00e9gration dans la course \u00e0 la pr\u00e9sidentielle - Kapitalis","robots":{"index":"index","follow":"follow","max-snippet":"max-snippet:-1","max-image-preview":"max-image-preview:large","max-video-preview":"max-video-preview:-1"},"canonical":"https:\/\/kapitalis.com\/tunisie\/2024\/08\/29\/message-de-mondher-zenaidi-apres-sa-reintegration-dans-la-course-a-la-presidentielle\/","og_locale":"fr_FR","og_type":"article","og_title":"Message de Mondher Zenaidi, apr\u00e8s sa r\u00e9int\u00e9gration dans la course \u00e0 la pr\u00e9sidentielle - Kapitalis","og_description":"Mondher Zenaidi candidat \u00e0 la pr\u00e9sidentielle du 6 octobre a adress\u00e9 un message aux Tunisiens apr\u00e8s sa r\u00e9int\u00e9gration dans la course \u00e9lectorale.","og_url":"https:\/\/kapitalis.com\/tunisie\/2024\/08\/29\/message-de-mondher-zenaidi-apres-sa-reintegration-dans-la-course-a-la-presidentielle\/","og_site_name":"Kapitalis","article_publisher":"https:\/\/www.facebook.com\/KapitalisInfo\/","article_published_time":"2024-08-29T21:39:52+00:00","article_modified_time":"2024-08-29T21:41:31+00:00","og_image":[{"width":1200,"height":630,"url":"https:\/\/kapitalis.com\/tunisie\/wp-content\/uploads\/2024\/07\/Mondher-Zenaidi.jpg","type":"image\/jpeg"}],"author":"Yusra NY","twitter_card":"summary_large_image","twitter_creator":"@KapitalisInfo","twitter_site":"@KapitalisInfo","twitter_misc":{"\u00c9crit par":"Yusra NY","Dur\u00e9e de lecture estim\u00e9e":"2 minutes"},"schema":{"@context":"https:\/\/schema.org","@graph":[{"@type":"Article","@id":"https:\/\/kapitalis.com\/tunisie\/2024\/08\/29\/message-de-mondher-zenaidi-apres-sa-reintegration-dans-la-course-a-la-presidentielle\/#article","isPartOf":{"@id":"https:\/\/kapitalis.com\/tunisie\/2024\/08\/29\/message-de-mondher-zenaidi-apres-sa-reintegration-dans-la-course-a-la-presidentielle\/"},"author":{"name":"Yusra NY","@id":"https:\/\/kapitalis.com\/tunisie\/#\/schema\/person\/74bbde0154d49d790a92aaeac5bc01d5"},"headline":"Message de Mondher Zenaidi, apr\u00e8s sa r\u00e9int\u00e9gration dans la course \u00e0 la pr\u00e9sidentielle","datePublished":"2024-08-29T21:39:52+00:00","dateModified":"2024-08-29T21:41:31+00:00","mainEntityOfPage":{"@id":"https:\/\/kapitalis.com\/tunisie\/2024\/08\/29\/message-de-mondher-zenaidi-apres-sa-reintegration-dans-la-course-a-la-presidentielle\/"},"wordCount":378,"publisher":{"@id":"https:\/\/kapitalis.com\/tunisie\/#organization"},"image":{"@id":"https:\/\/kapitalis.com\/tunisie\/2024\/08\/29\/message-de-mondher-zenaidi-apres-sa-reintegration-dans-la-course-a-la-presidentielle\/#primaryimage"},"thumbnailUrl":"https:\/\/kapitalis.com\/tunisie\/wp-content\/uploads\/2024\/07\/Mondher-Zenaidi.jpg","keywords":["6 octobre","Isie","Mondher Zenaidi","pr\u00e9sidentielle","ta","Tunisie"],"articleSection":["POLITIQUE","Tunisie"],"inLanguage":"fr-FR"},{"@type":"WebPage","@id":"https:\/\/kapitalis.com\/tunisie\/2024\/08\/29\/message-de-mondher-zenaidi-apres-sa-reintegration-dans-la-course-a-la-presidentielle\/","url":"https:\/\/kapitalis.com\/tunisie\/2024\/08\/29\/message-de-mondher-zenaidi-apres-sa-reintegration-dans-la-course-a-la-presidentielle\/","name":"Message de Mondher Zenaidi, apr\u00e8s sa r\u00e9int\u00e9gration dans la course \u00e0 la pr\u00e9sidentielle - Kapitalis","isPartOf":{"@id":"https:\/\/kapitalis.com\/tunisie\/#website"},"primaryImageOfPage":{"@id":"https:\/\/kapitalis.com\/tunisie\/2024\/08\/29\/message-de-mondher-zenaidi-apres-sa-reintegration-dans-la-course-a-la-presidentielle\/#primaryimage"},"image":{"@id":"https:\/\/kapitalis.com\/tunisie\/2024\/08\/29\/message-de-mondher-zenaidi-apres-sa-reintegration-dans-la-course-a-la-presidentielle\/#primaryimage"},"thumbnailUrl":"https:\/\/kapitalis.com\/tunisie\/wp-content\/uploads\/2024\/07\/Mondher-Zenaidi.jpg","datePublished":"2024-08-29T21:39:52+00:00","dateModified":"2024-08-29T21:41:31+00:00","breadcrumb":{"@id":"https:\/\/kapitalis.com\/tunisie\/2024\/08\/29\/message-de-mondher-zenaidi-apres-sa-reintegration-dans-la-course-a-la-presidentielle\/#breadcrumb"},"inLanguage":"fr-FR","potentialAction":[{"@type":"ReadAction","target":["https:\/\/kapitalis.com\/tunisie\/2024\/08\/29\/message-de-mondher-zenaidi-apres-sa-reintegration-dans-la-course-a-la-presidentielle\/"]}]},{"@type":"ImageObject","inLanguage":"fr-FR","@id":"https:\/\/kapitalis.com\/tunisie\/2024\/08\/29\/message-de-mondher-zenaidi-apres-sa-reintegration-dans-la-course-a-la-presidentielle\/#primaryimage","url":"https:\/\/kapitalis.com\/tunisie\/wp-content\/uploads\/2024\/07\/Mondher-Zenaidi.jpg","contentUrl":"https:\/\/kapitalis.com\/tunisie\/wp-content\/uploads\/2024\/07\/Mondher-Zenaidi.jpg","width":1200,"height":630},{"@type":"BreadcrumbList","@id":"https:\/\/kapitalis.com\/tunisie\/2024\/08\/29\/message-de-mondher-zenaidi-apres-sa-reintegration-dans-la-course-a-la-presidentielle\/#breadcrumb","itemListElement":[{"@type":"ListItem","position":1,"name":"Accueil","item":"https:\/\/kapitalis.com\/tunisie\/"},{"@type":"ListItem","position":2,"name":"Message de Mondher Zenaidi, apr\u00e8s sa r\u00e9int\u00e9gration dans la course \u00e0 la pr\u00e9sidentielle"}]},{"@type":"WebSite","@id":"https:\/\/kapitalis.com\/tunisie\/#website","url":"https:\/\/kapitalis.com\/tunisie\/","name":"Kapitalis","description":"L&#039;actualit\u00e9 en Tunisie et dans le monde","publisher":{"@id":"https:\/\/kapitalis.com\/tunisie\/#organization"},"potentialAction":[{"@type":"SearchAction","target":{"@type":"EntryPoint","urlTemplate":"https:\/\/kapitalis.com\/tunisie\/?s={search_term_string}"},"query-input":{"@type":"PropertyValueSpecification","valueRequired":true,"valueName":"search_term_string"}}],"inLanguage":"fr-FR"},{"@type":"Organization","@id":"https:\/\/kapitalis.com\/tunisie\/#organization","name":"Kapitalis","url":"https:\/\/kapitalis.com\/tunisie\/","logo":{"@type":"ImageObject","inLanguage":"fr-FR","@id":"https:\/\/kapitalis.com\/tunisie\/#\/schema\/logo\/image\/","url":"https:\/\/kapitalis.com\/tunisie\/wp-content\/uploads\/2022\/05\/Kapitalis-big-size.png","contentUrl":"https:\/\/kapitalis.com\/tunisie\/wp-content\/uploads\/2022\/05\/Kapitalis-big-size.png","width":5000,"height":1500,"caption":"Kapitalis"},"image":{"@id":"https:\/\/kapitalis.com\/tunisie\/#\/schema\/logo\/image\/"},"sameAs":["https:\/\/www.facebook.com\/KapitalisInfo\/","https:\/\/x.com\/KapitalisInfo","https:\/\/www.youtube.com\/channel\/UC-yDYrHyfFBWWZaOw3FPg9Q"]},{"@type":"Person","@id":"https:\/\/kapitalis.com\/tunisie\/#\/schema\/person\/74bbde0154d49d790a92aaeac5bc01d5","name":"Yusra NY","url":"https:\/\/kapitalis.com\/tunisie\/author\/yuza_adam\/"}]}},"_links":{"self":[{"href":"https:\/\/kapitalis.com\/tunisie\/wp-json\/wp\/v2\/posts\/13897187","targetHints":{"allow":["GET"]}}],"collection":[{"href":"https:\/\/kapitalis.com\/tunisie\/wp-json\/wp\/v2\/posts"}],"about":[{"href":"https:\/\/kapitalis.com\/tunisie\/wp-json\/wp\/v2\/types\/post"}],"author":[{"embeddable":true,"href":"https:\/\/kapitalis.com\/tunisie\/wp-json\/wp\/v2\/users\/6"}],"replies":[{"embeddable":true,"href":"https:\/\/kapitalis.com\/tunisie\/wp-json\/wp\/v2\/comments?post=13897187"}],"version-history":[{"count":2,"href":"https:\/\/kapitalis.com\/tunisie\/wp-json\/wp\/v2\/posts\/13897187\/revisions"}],"predecessor-version":[{"id":13897355,"href":"https:\/\/kapitalis.com\/tunisie\/wp-json\/wp\/v2\/posts\/13897187\/revisions\/13897355"}],"wp:featuredmedia":[{"embeddable":true,"href":"https:\/\/kapitalis.com\/tunisie\/wp-json\/wp\/v2\/media\/13504205"}],"wp:attachment":[{"href":"https:\/\/kapitalis.com\/tunisie\/wp-json\/wp\/v2\/media?parent=13897187"}],"wp:term":[{"taxonomy":"category","embeddable":true,"href":"https:\/\/kapitalis.com\/tunisie\/wp-json\/wp\/v2\/categories?post=13897187"},{"taxonomy":"post_tag","embeddable":true,"href":"https:\/\/kapitalis.com\/tunisie\/wp-json\/wp\/v2\/tags?post=13897187"}],"curies":[{"name":"wp","href":"https:\/\/api.w.org\/{rel}","templated":true}]}}