{"id":13897834,"date":"2024-08-29T23:37:55","date_gmt":"2024-08-29T22:37:55","guid":{"rendered":"https:\/\/kapitalis.com\/tunisie\/?p=13897834"},"modified":"2024-08-29T23:40:13","modified_gmt":"2024-08-29T22:40:13","slug":"presidentielle-la-tresoriere-du-parti-azimoun-liberee-laffaire-reportee","status":"publish","type":"post","link":"https:\/\/kapitalis.com\/tunisie\/2024\/08\/29\/presidentielle-la-tresoriere-du-parti-azimoun-liberee-laffaire-reportee\/","title":{"rendered":"Pr\u00e9sidentielle : La tr\u00e9sori\u00e8re du parti Azimoun lib\u00e9r\u00e9e, l&rsquo;affaire report\u00e9e"},"content":{"rendered":"\n<p><strong><em>Le tribunal de premi\u00e8re instance de Tunis a d\u00e9cid\u00e9, ce jeudi 28 ao\u00fbt 2024, de remettre en libert\u00e9 Siwar Bargaoui, tr\u00e9sori\u00e8re du parti Azimoun, charg\u00e9e de la collecte des parrainages du candidat \u00e0 la pr\u00e9sidentielle Ayachi Zammel.<\/em><\/strong><\/p>\n\n\n\n<!--more-->\n\n\n\n<p>Il a \u00e9galement \u00e9t\u00e9 d\u00e9cid\u00e9 de placer Siwar Bargaoui membre de l\u2019\u00e9quipe de campagne de Ayachi Zammel sous surveillance administrative, a pr\u00e9cis\u00e9 son avocat Faouzi Jaballah dans une d\u00e9claration \u00e0 l&rsquo;agence Tap<\/p>\n\n\n\n<p>Le Tribunal a par ailleurs report\u00e9 l&rsquo;examen de cette affaire de suspicion de falsification des parrainages pour la candidature \u00e0 la pr\u00e9sidentielle, visant \u00e9galement le candidat Ayachi Zammel, au 19 septembre prochain.<\/p>\n\n\n\n<p>Rappelons que Siwar Bargaoui avait \u00e9t\u00e9 arr\u00eat\u00e9e le 19 ao\u00fbt puis plac\u00e9e en d\u00e9tention, alors que Ayachi Zammel avait \u00e9t\u00e9 entendu dans le cadre de cette m\u00eame affaire puis laiss\u00e9 en libert\u00e9.<\/p>\n\n\n\n<p class=\"has-text-align-right\"><strong>Y. N.<\/strong><\/p>\n","protected":false},"excerpt":{"rendered":"<p>Le tribunal de premi\u00e8re instance de Tunis a d\u00e9cid\u00e9, ce jeudi 28 ao\u00fbt 2024, de remettre en libert\u00e9 Siwar Bargaoui, tr\u00e9sori\u00e8re du parti Azimoun, charg\u00e9e de la collecte des parrainages du candidat \u00e0 la pr\u00e9sidentielle Ayachi Zammel.<\/p>\n","protected":false},"author":6,"featured_media":2969525,"comment_status":"closed","ping_status":"open","sticky":false,"template":"","format":"standard","meta":{"footnotes":""},"categories":[997,2433],"tags":[79858,100800,4797,117537,62643],"class_list":["post-13897834","post","type-post","status-publish","format-standard","has-post-thumbnail","hentry","category-politique","category-tunisie","tag-ayachi-zammel","tag-azimoun","tag-presidentielle","tag-siwar-bargaoui","tag-tunisie"],"yoast_head":"<!-- This site is optimized with the Yoast SEO plugin v26.6 - https:\/\/yoast.com\/wordpress\/plugins\/seo\/ -->\n<title>Pr\u00e9sidentielle : La tr\u00e9sori\u00e8re du parti Azimoun lib\u00e9r\u00e9e, l&#039;affaire report\u00e9e - Kapitalis<\/title>\n<meta name=\"robots\" content=\"index, follow, max-snippet:-1, max-image-preview:large, max-video-preview:-1\" \/>\n<link rel=\"canonical\" href=\"https:\/\/kapitalis.com\/tunisie\/2024\/08\/29\/presidentielle-la-tresoriere-du-parti-azimoun-liberee-laffaire-reportee\/\" \/>\n<meta property=\"og:locale\" content=\"fr_FR\" \/>\n<meta property=\"og:type\" content=\"article\" \/>\n<meta property=\"og:title\" content=\"Pr\u00e9sidentielle : La tr\u00e9sori\u00e8re du parti Azimoun lib\u00e9r\u00e9e, l&#039;affaire report\u00e9e - Kapitalis\" \/>\n<meta property=\"og:description\" content=\"Le tribunal de premi\u00e8re instance de Tunis a d\u00e9cid\u00e9, ce jeudi 28 ao\u00fbt 2024, de remettre en libert\u00e9 Siwar Bargaoui, tr\u00e9sori\u00e8re du parti Azimoun, charg\u00e9e de la collecte des parrainages du candidat \u00e0 la pr\u00e9sidentielle Ayachi Zammel.\" \/>\n<meta property=\"og:url\" content=\"https:\/\/kapitalis.com\/tunisie\/2024\/08\/29\/presidentielle-la-tresoriere-du-parti-azimoun-liberee-laffaire-reportee\/\" \/>\n<meta property=\"og:site_name\" content=\"Kapitalis\" \/>\n<meta property=\"article:publisher\" content=\"https:\/\/www.facebook.com\/KapitalisInfo\/\" \/>\n<meta property=\"article:published_time\" content=\"2024-08-29T22:37:55+00:00\" \/>\n<meta property=\"article:modified_time\" content=\"2024-08-29T22:40:13+00:00\" \/>\n<meta property=\"og:image\" content=\"https:\/\/kapitalis.com\/tunisie\/wp-content\/uploads\/2022\/08\/justice-juge.jpg\" \/>\n\t<meta property=\"og:image:width\" content=\"1200\" \/>\n\t<meta property=\"og:image:height\" content=\"630\" \/>\n\t<meta property=\"og:image:type\" content=\"image\/jpeg\" \/>\n<meta name=\"author\" content=\"Yusra NY\" \/>\n<meta name=\"twitter:card\" content=\"summary_large_image\" \/>\n<meta name=\"twitter:creator\" content=\"@KapitalisInfo\" \/>\n<meta name=\"twitter:site\" content=\"@KapitalisInfo\" \/>\n<meta name=\"twitter:label1\" content=\"\u00c9crit par\" \/>\n\t<meta name=\"twitter:data1\" content=\"Yusra NY\" \/>\n\t<meta name=\"twitter:label2\" content=\"Dur\u00e9e de lecture estim\u00e9e\" \/>\n\t<meta name=\"twitter:data2\" content=\"1 minute\" \/>\n<script type=\"application\/ld+json\" class=\"yoast-schema-graph\">{\"@context\":\"https:\/\/schema.org\",\"@graph\":[{\"@type\":\"Article\",\"@id\":\"https:\/\/kapitalis.com\/tunisie\/2024\/08\/29\/presidentielle-la-tresoriere-du-parti-azimoun-liberee-laffaire-reportee\/#article\",\"isPartOf\":{\"@id\":\"https:\/\/kapitalis.com\/tunisie\/2024\/08\/29\/presidentielle-la-tresoriere-du-parti-azimoun-liberee-laffaire-reportee\/\"},\"author\":{\"name\":\"Yusra NY\",\"@id\":\"https:\/\/kapitalis.com\/tunisie\/#\/schema\/person\/74bbde0154d49d790a92aaeac5bc01d5\"},\"headline\":\"Pr\u00e9sidentielle : La tr\u00e9sori\u00e8re du parti Azimoun lib\u00e9r\u00e9e, l&rsquo;affaire report\u00e9e\",\"datePublished\":\"2024-08-29T22:37:55+00:00\",\"dateModified\":\"2024-08-29T22:40:13+00:00\",\"mainEntityOfPage\":{\"@id\":\"https:\/\/kapitalis.com\/tunisie\/2024\/08\/29\/presidentielle-la-tresoriere-du-parti-azimoun-liberee-laffaire-reportee\/\"},\"wordCount\":161,\"publisher\":{\"@id\":\"https:\/\/kapitalis.com\/tunisie\/#organization\"},\"image\":{\"@id\":\"https:\/\/kapitalis.com\/tunisie\/2024\/08\/29\/presidentielle-la-tresoriere-du-parti-azimoun-liberee-laffaire-reportee\/#primaryimage\"},\"thumbnailUrl\":\"https:\/\/kapitalis.com\/tunisie\/wp-content\/uploads\/2022\/08\/justice-juge.jpg\",\"keywords\":[\"Ayachi Zammel\",\"Azimoun\",\"pr\u00e9sidentielle\",\"Siwar Bargaoui\",\"Tunisie\"],\"articleSection\":[\"POLITIQUE\",\"Tunisie\"],\"inLanguage\":\"fr-FR\"},{\"@type\":\"WebPage\",\"@id\":\"https:\/\/kapitalis.com\/tunisie\/2024\/08\/29\/presidentielle-la-tresoriere-du-parti-azimoun-liberee-laffaire-reportee\/\",\"url\":\"https:\/\/kapitalis.com\/tunisie\/2024\/08\/29\/presidentielle-la-tresoriere-du-parti-azimoun-liberee-laffaire-reportee\/\",\"name\":\"Pr\u00e9sidentielle : La tr\u00e9sori\u00e8re du parti Azimoun lib\u00e9r\u00e9e, l'affaire report\u00e9e - Kapitalis\",\"isPartOf\":{\"@id\":\"https:\/\/kapitalis.com\/tunisie\/#website\"},\"primaryImageOfPage\":{\"@id\":\"https:\/\/kapitalis.com\/tunisie\/2024\/08\/29\/presidentielle-la-tresoriere-du-parti-azimoun-liberee-laffaire-reportee\/#primaryimage\"},\"image\":{\"@id\":\"https:\/\/kapitalis.com\/tunisie\/2024\/08\/29\/presidentielle-la-tresoriere-du-parti-azimoun-liberee-laffaire-reportee\/#primaryimage\"},\"thumbnailUrl\":\"https:\/\/kapitalis.com\/tunisie\/wp-content\/uploads\/2022\/08\/justice-juge.jpg\",\"datePublished\":\"2024-08-29T22:37:55+00:00\",\"dateModified\":\"2024-08-29T22:40:13+00:00\",\"breadcrumb\":{\"@id\":\"https:\/\/kapitalis.com\/tunisie\/2024\/08\/29\/presidentielle-la-tresoriere-du-parti-azimoun-liberee-laffaire-reportee\/#breadcrumb\"},\"inLanguage\":\"fr-FR\",\"potentialAction\":[{\"@type\":\"ReadAction\",\"target\":[\"https:\/\/kapitalis.com\/tunisie\/2024\/08\/29\/presidentielle-la-tresoriere-du-parti-azimoun-liberee-laffaire-reportee\/\"]}]},{\"@type\":\"ImageObject\",\"inLanguage\":\"fr-FR\",\"@id\":\"https:\/\/kapitalis.com\/tunisie\/2024\/08\/29\/presidentielle-la-tresoriere-du-parti-azimoun-liberee-laffaire-reportee\/#primaryimage\",\"url\":\"https:\/\/kapitalis.com\/tunisie\/wp-content\/uploads\/2022\/08\/justice-juge.jpg\",\"contentUrl\":\"https:\/\/kapitalis.com\/tunisie\/wp-content\/uploads\/2022\/08\/justice-juge.jpg\",\"width\":1200,\"height\":630},{\"@type\":\"BreadcrumbList\",\"@id\":\"https:\/\/kapitalis.com\/tunisie\/2024\/08\/29\/presidentielle-la-tresoriere-du-parti-azimoun-liberee-laffaire-reportee\/#breadcrumb\",\"itemListElement\":[{\"@type\":\"ListItem\",\"position\":1,\"name\":\"Accueil\",\"item\":\"https:\/\/kapitalis.com\/tunisie\/\"},{\"@type\":\"ListItem\",\"position\":2,\"name\":\"Pr\u00e9sidentielle : La tr\u00e9sori\u00e8re du parti Azimoun lib\u00e9r\u00e9e, l&rsquo;affaire report\u00e9e\"}]},{\"@type\":\"WebSite\",\"@id\":\"https:\/\/kapitalis.com\/tunisie\/#website\",\"url\":\"https:\/\/kapitalis.com\/tunisie\/\",\"name\":\"Kapitalis\",\"description\":\"L&#039;actualit\u00e9 en Tunisie et dans le monde\",\"publisher\":{\"@id\":\"https:\/\/kapitalis.com\/tunisie\/#organization\"},\"potentialAction\":[{\"@type\":\"SearchAction\",\"target\":{\"@type\":\"EntryPoint\",\"urlTemplate\":\"https:\/\/kapitalis.com\/tunisie\/?s={search_term_string}\"},\"query-input\":{\"@type\":\"PropertyValueSpecification\",\"valueRequired\":true,\"valueName\":\"search_term_string\"}}],\"inLanguage\":\"fr-FR\"},{\"@type\":\"Organization\",\"@id\":\"https:\/\/kapitalis.com\/tunisie\/#organization\",\"name\":\"Kapitalis\",\"url\":\"https:\/\/kapitalis.com\/tunisie\/\",\"logo\":{\"@type\":\"ImageObject\",\"inLanguage\":\"fr-FR\",\"@id\":\"https:\/\/kapitalis.com\/tunisie\/#\/schema\/logo\/image\/\",\"url\":\"https:\/\/kapitalis.com\/tunisie\/wp-content\/uploads\/2022\/05\/Kapitalis-big-size.png\",\"contentUrl\":\"https:\/\/kapitalis.com\/tunisie\/wp-content\/uploads\/2022\/05\/Kapitalis-big-size.png\",\"width\":5000,\"height\":1500,\"caption\":\"Kapitalis\"},\"image\":{\"@id\":\"https:\/\/kapitalis.com\/tunisie\/#\/schema\/logo\/image\/\"},\"sameAs\":[\"https:\/\/www.facebook.com\/KapitalisInfo\/\",\"https:\/\/x.com\/KapitalisInfo\",\"https:\/\/www.youtube.com\/channel\/UC-yDYrHyfFBWWZaOw3FPg9Q\"]},{\"@type\":\"Person\",\"@id\":\"https:\/\/kapitalis.com\/tunisie\/#\/schema\/person\/74bbde0154d49d790a92aaeac5bc01d5\",\"name\":\"Yusra NY\",\"url\":\"https:\/\/kapitalis.com\/tunisie\/author\/yuza_adam\/\"}]}<\/script>\n<!-- \/ Yoast SEO plugin. -->","yoast_head_json":{"title":"Pr\u00e9sidentielle : La tr\u00e9sori\u00e8re du parti Azimoun lib\u00e9r\u00e9e, l'affaire report\u00e9e - Kapitalis","robots":{"index":"index","follow":"follow","max-snippet":"max-snippet:-1","max-image-preview":"max-image-preview:large","max-video-preview":"max-video-preview:-1"},"canonical":"https:\/\/kapitalis.com\/tunisie\/2024\/08\/29\/presidentielle-la-tresoriere-du-parti-azimoun-liberee-laffaire-reportee\/","og_locale":"fr_FR","og_type":"article","og_title":"Pr\u00e9sidentielle : La tr\u00e9sori\u00e8re du parti Azimoun lib\u00e9r\u00e9e, l'affaire report\u00e9e - Kapitalis","og_description":"Le tribunal de premi\u00e8re instance de Tunis a d\u00e9cid\u00e9, ce jeudi 28 ao\u00fbt 2024, de remettre en libert\u00e9 Siwar Bargaoui, tr\u00e9sori\u00e8re du parti Azimoun, charg\u00e9e de la collecte des parrainages du candidat \u00e0 la pr\u00e9sidentielle Ayachi Zammel.","og_url":"https:\/\/kapitalis.com\/tunisie\/2024\/08\/29\/presidentielle-la-tresoriere-du-parti-azimoun-liberee-laffaire-reportee\/","og_site_name":"Kapitalis","article_publisher":"https:\/\/www.facebook.com\/KapitalisInfo\/","article_published_time":"2024-08-29T22:37:55+00:00","article_modified_time":"2024-08-29T22:40:13+00:00","og_image":[{"width":1200,"height":630,"url":"https:\/\/kapitalis.com\/tunisie\/wp-content\/uploads\/2022\/08\/justice-juge.jpg","type":"image\/jpeg"}],"author":"Yusra NY","twitter_card":"summary_large_image","twitter_creator":"@KapitalisInfo","twitter_site":"@KapitalisInfo","twitter_misc":{"\u00c9crit par":"Yusra NY","Dur\u00e9e de lecture estim\u00e9e":"1 minute"},"schema":{"@context":"https:\/\/schema.org","@graph":[{"@type":"Article","@id":"https:\/\/kapitalis.com\/tunisie\/2024\/08\/29\/presidentielle-la-tresoriere-du-parti-azimoun-liberee-laffaire-reportee\/#article","isPartOf":{"@id":"https:\/\/kapitalis.com\/tunisie\/2024\/08\/29\/presidentielle-la-tresoriere-du-parti-azimoun-liberee-laffaire-reportee\/"},"author":{"name":"Yusra NY","@id":"https:\/\/kapitalis.com\/tunisie\/#\/schema\/person\/74bbde0154d49d790a92aaeac5bc01d5"},"headline":"Pr\u00e9sidentielle : La tr\u00e9sori\u00e8re du parti Azimoun lib\u00e9r\u00e9e, l&rsquo;affaire report\u00e9e","datePublished":"2024-08-29T22:37:55+00:00","dateModified":"2024-08-29T22:40:13+00:00","mainEntityOfPage":{"@id":"https:\/\/kapitalis.com\/tunisie\/2024\/08\/29\/presidentielle-la-tresoriere-du-parti-azimoun-liberee-laffaire-reportee\/"},"wordCount":161,"publisher":{"@id":"https:\/\/kapitalis.com\/tunisie\/#organization"},"image":{"@id":"https:\/\/kapitalis.com\/tunisie\/2024\/08\/29\/presidentielle-la-tresoriere-du-parti-azimoun-liberee-laffaire-reportee\/#primaryimage"},"thumbnailUrl":"https:\/\/kapitalis.com\/tunisie\/wp-content\/uploads\/2022\/08\/justice-juge.jpg","keywords":["Ayachi Zammel","Azimoun","pr\u00e9sidentielle","Siwar Bargaoui","Tunisie"],"articleSection":["POLITIQUE","Tunisie"],"inLanguage":"fr-FR"},{"@type":"WebPage","@id":"https:\/\/kapitalis.com\/tunisie\/2024\/08\/29\/presidentielle-la-tresoriere-du-parti-azimoun-liberee-laffaire-reportee\/","url":"https:\/\/kapitalis.com\/tunisie\/2024\/08\/29\/presidentielle-la-tresoriere-du-parti-azimoun-liberee-laffaire-reportee\/","name":"Pr\u00e9sidentielle : La tr\u00e9sori\u00e8re du parti Azimoun lib\u00e9r\u00e9e, l'affaire report\u00e9e - Kapitalis","isPartOf":{"@id":"https:\/\/kapitalis.com\/tunisie\/#website"},"primaryImageOfPage":{"@id":"https:\/\/kapitalis.com\/tunisie\/2024\/08\/29\/presidentielle-la-tresoriere-du-parti-azimoun-liberee-laffaire-reportee\/#primaryimage"},"image":{"@id":"https:\/\/kapitalis.com\/tunisie\/2024\/08\/29\/presidentielle-la-tresoriere-du-parti-azimoun-liberee-laffaire-reportee\/#primaryimage"},"thumbnailUrl":"https:\/\/kapitalis.com\/tunisie\/wp-content\/uploads\/2022\/08\/justice-juge.jpg","datePublished":"2024-08-29T22:37:55+00:00","dateModified":"2024-08-29T22:40:13+00:00","breadcrumb":{"@id":"https:\/\/kapitalis.com\/tunisie\/2024\/08\/29\/presidentielle-la-tresoriere-du-parti-azimoun-liberee-laffaire-reportee\/#breadcrumb"},"inLanguage":"fr-FR","potentialAction":[{"@type":"ReadAction","target":["https:\/\/kapitalis.com\/tunisie\/2024\/08\/29\/presidentielle-la-tresoriere-du-parti-azimoun-liberee-laffaire-reportee\/"]}]},{"@type":"ImageObject","inLanguage":"fr-FR","@id":"https:\/\/kapitalis.com\/tunisie\/2024\/08\/29\/presidentielle-la-tresoriere-du-parti-azimoun-liberee-laffaire-reportee\/#primaryimage","url":"https:\/\/kapitalis.com\/tunisie\/wp-content\/uploads\/2022\/08\/justice-juge.jpg","contentUrl":"https:\/\/kapitalis.com\/tunisie\/wp-content\/uploads\/2022\/08\/justice-juge.jpg","width":1200,"height":630},{"@type":"BreadcrumbList","@id":"https:\/\/kapitalis.com\/tunisie\/2024\/08\/29\/presidentielle-la-tresoriere-du-parti-azimoun-liberee-laffaire-reportee\/#breadcrumb","itemListElement":[{"@type":"ListItem","position":1,"name":"Accueil","item":"https:\/\/kapitalis.com\/tunisie\/"},{"@type":"ListItem","position":2,"name":"Pr\u00e9sidentielle : La tr\u00e9sori\u00e8re du parti Azimoun lib\u00e9r\u00e9e, l&rsquo;affaire report\u00e9e"}]},{"@type":"WebSite","@id":"https:\/\/kapitalis.com\/tunisie\/#website","url":"https:\/\/kapitalis.com\/tunisie\/","name":"Kapitalis","description":"L&#039;actualit\u00e9 en Tunisie et dans le monde","publisher":{"@id":"https:\/\/kapitalis.com\/tunisie\/#organization"},"potentialAction":[{"@type":"SearchAction","target":{"@type":"EntryPoint","urlTemplate":"https:\/\/kapitalis.com\/tunisie\/?s={search_term_string}"},"query-input":{"@type":"PropertyValueSpecification","valueRequired":true,"valueName":"search_term_string"}}],"inLanguage":"fr-FR"},{"@type":"Organization","@id":"https:\/\/kapitalis.com\/tunisie\/#organization","name":"Kapitalis","url":"https:\/\/kapitalis.com\/tunisie\/","logo":{"@type":"ImageObject","inLanguage":"fr-FR","@id":"https:\/\/kapitalis.com\/tunisie\/#\/schema\/logo\/image\/","url":"https:\/\/kapitalis.com\/tunisie\/wp-content\/uploads\/2022\/05\/Kapitalis-big-size.png","contentUrl":"https:\/\/kapitalis.com\/tunisie\/wp-content\/uploads\/2022\/05\/Kapitalis-big-size.png","width":5000,"height":1500,"caption":"Kapitalis"},"image":{"@id":"https:\/\/kapitalis.com\/tunisie\/#\/schema\/logo\/image\/"},"sameAs":["https:\/\/www.facebook.com\/KapitalisInfo\/","https:\/\/x.com\/KapitalisInfo","https:\/\/www.youtube.com\/channel\/UC-yDYrHyfFBWWZaOw3FPg9Q"]},{"@type":"Person","@id":"https:\/\/kapitalis.com\/tunisie\/#\/schema\/person\/74bbde0154d49d790a92aaeac5bc01d5","name":"Yusra NY","url":"https:\/\/kapitalis.com\/tunisie\/author\/yuza_adam\/"}]}},"_links":{"self":[{"href":"https:\/\/kapitalis.com\/tunisie\/wp-json\/wp\/v2\/posts\/13897834","targetHints":{"allow":["GET"]}}],"collection":[{"href":"https:\/\/kapitalis.com\/tunisie\/wp-json\/wp\/v2\/posts"}],"about":[{"href":"https:\/\/kapitalis.com\/tunisie\/wp-json\/wp\/v2\/types\/post"}],"author":[{"embeddable":true,"href":"https:\/\/kapitalis.com\/tunisie\/wp-json\/wp\/v2\/users\/6"}],"replies":[{"embeddable":true,"href":"https:\/\/kapitalis.com\/tunisie\/wp-json\/wp\/v2\/comments?post=13897834"}],"version-history":[{"count":1,"href":"https:\/\/kapitalis.com\/tunisie\/wp-json\/wp\/v2\/posts\/13897834\/revisions"}],"predecessor-version":[{"id":13897840,"href":"https:\/\/kapitalis.com\/tunisie\/wp-json\/wp\/v2\/posts\/13897834\/revisions\/13897840"}],"wp:featuredmedia":[{"embeddable":true,"href":"https:\/\/kapitalis.com\/tunisie\/wp-json\/wp\/v2\/media\/2969525"}],"wp:attachment":[{"href":"https:\/\/kapitalis.com\/tunisie\/wp-json\/wp\/v2\/media?parent=13897834"}],"wp:term":[{"taxonomy":"category","embeddable":true,"href":"https:\/\/kapitalis.com\/tunisie\/wp-json\/wp\/v2\/categories?post=13897834"},{"taxonomy":"post_tag","embeddable":true,"href":"https:\/\/kapitalis.com\/tunisie\/wp-json\/wp\/v2\/tags?post=13897834"}],"curies":[{"name":"wp","href":"https:\/\/api.w.org\/{rel}","templated":true}]}}