{"id":13906945,"date":"2024-08-31T20:49:52","date_gmt":"2024-08-31T19:49:52","guid":{"rendered":"https:\/\/kapitalis.com\/tunisie\/?p=13906945"},"modified":"2024-08-31T20:57:12","modified_gmt":"2024-08-31T19:57:12","slug":"tunisie-fin-de-cavale-pour-un-terroriste-condamne-a-la-prison-ferme","status":"publish","type":"post","link":"https:\/\/kapitalis.com\/tunisie\/2024\/08\/31\/tunisie-fin-de-cavale-pour-un-terroriste-condamne-a-la-prison-ferme\/","title":{"rendered":"Tunisie : Fin de cavale pour un terroriste condamn\u00e9 \u00e0 la prison ferme"},"content":{"rendered":"\n<p><strong><em>La Direction g\u00e9n\u00e9rale de la garde nationale (DGGN) a annonc\u00e9, ce samedi 31 ao\u00fbt 2024, l&rsquo;arrestation d&rsquo;un terroriste en fuite, condamn\u00e9 \u00e0 la prison pour terrorisme.<\/em><\/strong><\/p>\n\n\n\n<!--more-->\n\n\n\n<p>Une patrouille de l&rsquo;Unit\u00e9 de renseignements de la garde nationale de T\u00e9bourba et la brigade antiterroriste de Tunis en coordination avec des patrouilles de la Direction antiterroriste de Laouina sont parvenus \u00e0 arr\u00eater un individu recherch\u00e9 et condamn\u00e9 pour appartenance \u00e0 une organisation terroriste.<\/p>\n\n\n\n<p>Recherch\u00e9 par diff\u00e9rents districts s\u00e9curitaires et poursuivi pour des crimes terroristes, il a \u00e9t\u00e9 plac\u00e9 en d\u00e9tention sur ordre du minist\u00e8re public, ajoute la DGGN.<\/p>\n\n\n\n<p class=\"has-text-align-right\"><strong>Y. N.<\/strong><\/p>\n","protected":false},"excerpt":{"rendered":"<p>La Direction g\u00e9n\u00e9rale de la garde nationale (DGGN) a annonc\u00e9, ce samedi 31 ao\u00fbt 2024, l&rsquo;arrestation d&rsquo;un terroriste en fuite, condamn\u00e9 \u00e0 la prison pour terrorisme.<\/p>\n","protected":false},"author":6,"featured_media":5652935,"comment_status":"closed","ping_status":"open","sticky":false,"template":"","format":"standard","meta":{"footnotes":""},"categories":[998,2433],"tags":[76858,64560,898,62643],"class_list":["post-13906945","post","type-post","status-publish","format-standard","has-post-thumbnail","hentry","category-societe","category-tunisie","tag-dggn","tag-garde-nationale","tag-terroriste","tag-tunisie"],"yoast_head":"<!-- This site is optimized with the Yoast SEO plugin v26.6 - https:\/\/yoast.com\/wordpress\/plugins\/seo\/ -->\n<title>Tunisie : Fin de cavale pour un terroriste condamn\u00e9 \u00e0 la prison ferme - Kapitalis<\/title>\n<meta name=\"robots\" content=\"index, follow, max-snippet:-1, max-image-preview:large, max-video-preview:-1\" \/>\n<link rel=\"canonical\" href=\"https:\/\/kapitalis.com\/tunisie\/2024\/08\/31\/tunisie-fin-de-cavale-pour-un-terroriste-condamne-a-la-prison-ferme\/\" \/>\n<meta property=\"og:locale\" content=\"fr_FR\" \/>\n<meta property=\"og:type\" content=\"article\" \/>\n<meta property=\"og:title\" content=\"Tunisie : Fin de cavale pour un terroriste condamn\u00e9 \u00e0 la prison ferme - Kapitalis\" \/>\n<meta property=\"og:description\" content=\"La Direction g\u00e9n\u00e9rale de la garde nationale (DGGN) a annonc\u00e9, ce samedi 31 ao\u00fbt 2024, l&rsquo;arrestation d&rsquo;un terroriste en fuite, condamn\u00e9 \u00e0 la prison pour terrorisme.\" \/>\n<meta property=\"og:url\" content=\"https:\/\/kapitalis.com\/tunisie\/2024\/08\/31\/tunisie-fin-de-cavale-pour-un-terroriste-condamne-a-la-prison-ferme\/\" \/>\n<meta property=\"og:site_name\" content=\"Kapitalis\" \/>\n<meta property=\"article:publisher\" content=\"https:\/\/www.facebook.com\/KapitalisInfo\/\" \/>\n<meta property=\"article:published_time\" content=\"2024-08-31T19:49:52+00:00\" \/>\n<meta property=\"article:modified_time\" content=\"2024-08-31T19:57:12+00:00\" \/>\n<meta property=\"og:image\" content=\"https:\/\/kapitalis.com\/tunisie\/wp-content\/uploads\/2022\/12\/arrestation-terroriste.jpg\" \/>\n\t<meta property=\"og:image:width\" content=\"1200\" \/>\n\t<meta property=\"og:image:height\" content=\"630\" \/>\n\t<meta property=\"og:image:type\" content=\"image\/jpeg\" \/>\n<meta name=\"author\" content=\"Yusra NY\" \/>\n<meta name=\"twitter:card\" content=\"summary_large_image\" \/>\n<meta name=\"twitter:creator\" content=\"@KapitalisInfo\" \/>\n<meta name=\"twitter:site\" content=\"@KapitalisInfo\" \/>\n<meta name=\"twitter:label1\" content=\"\u00c9crit par\" \/>\n\t<meta name=\"twitter:data1\" content=\"Yusra NY\" \/>\n\t<meta name=\"twitter:label2\" content=\"Dur\u00e9e de lecture estim\u00e9e\" \/>\n\t<meta name=\"twitter:data2\" content=\"1 minute\" \/>\n<script type=\"application\/ld+json\" class=\"yoast-schema-graph\">{\"@context\":\"https:\/\/schema.org\",\"@graph\":[{\"@type\":\"Article\",\"@id\":\"https:\/\/kapitalis.com\/tunisie\/2024\/08\/31\/tunisie-fin-de-cavale-pour-un-terroriste-condamne-a-la-prison-ferme\/#article\",\"isPartOf\":{\"@id\":\"https:\/\/kapitalis.com\/tunisie\/2024\/08\/31\/tunisie-fin-de-cavale-pour-un-terroriste-condamne-a-la-prison-ferme\/\"},\"author\":{\"name\":\"Yusra NY\",\"@id\":\"https:\/\/kapitalis.com\/tunisie\/#\/schema\/person\/74bbde0154d49d790a92aaeac5bc01d5\"},\"headline\":\"Tunisie : Fin de cavale pour un terroriste condamn\u00e9 \u00e0 la prison ferme\",\"datePublished\":\"2024-08-31T19:49:52+00:00\",\"dateModified\":\"2024-08-31T19:57:12+00:00\",\"mainEntityOfPage\":{\"@id\":\"https:\/\/kapitalis.com\/tunisie\/2024\/08\/31\/tunisie-fin-de-cavale-pour-un-terroriste-condamne-a-la-prison-ferme\/\"},\"wordCount\":112,\"publisher\":{\"@id\":\"https:\/\/kapitalis.com\/tunisie\/#organization\"},\"image\":{\"@id\":\"https:\/\/kapitalis.com\/tunisie\/2024\/08\/31\/tunisie-fin-de-cavale-pour-un-terroriste-condamne-a-la-prison-ferme\/#primaryimage\"},\"thumbnailUrl\":\"https:\/\/kapitalis.com\/tunisie\/wp-content\/uploads\/2022\/12\/arrestation-terroriste.jpg\",\"keywords\":[\"DGGN\",\"garde nationale\",\"terroriste\",\"Tunisie\"],\"articleSection\":[\"SOCIETE\",\"Tunisie\"],\"inLanguage\":\"fr-FR\"},{\"@type\":\"WebPage\",\"@id\":\"https:\/\/kapitalis.com\/tunisie\/2024\/08\/31\/tunisie-fin-de-cavale-pour-un-terroriste-condamne-a-la-prison-ferme\/\",\"url\":\"https:\/\/kapitalis.com\/tunisie\/2024\/08\/31\/tunisie-fin-de-cavale-pour-un-terroriste-condamne-a-la-prison-ferme\/\",\"name\":\"Tunisie : Fin de cavale pour un terroriste condamn\u00e9 \u00e0 la prison ferme - Kapitalis\",\"isPartOf\":{\"@id\":\"https:\/\/kapitalis.com\/tunisie\/#website\"},\"primaryImageOfPage\":{\"@id\":\"https:\/\/kapitalis.com\/tunisie\/2024\/08\/31\/tunisie-fin-de-cavale-pour-un-terroriste-condamne-a-la-prison-ferme\/#primaryimage\"},\"image\":{\"@id\":\"https:\/\/kapitalis.com\/tunisie\/2024\/08\/31\/tunisie-fin-de-cavale-pour-un-terroriste-condamne-a-la-prison-ferme\/#primaryimage\"},\"thumbnailUrl\":\"https:\/\/kapitalis.com\/tunisie\/wp-content\/uploads\/2022\/12\/arrestation-terroriste.jpg\",\"datePublished\":\"2024-08-31T19:49:52+00:00\",\"dateModified\":\"2024-08-31T19:57:12+00:00\",\"breadcrumb\":{\"@id\":\"https:\/\/kapitalis.com\/tunisie\/2024\/08\/31\/tunisie-fin-de-cavale-pour-un-terroriste-condamne-a-la-prison-ferme\/#breadcrumb\"},\"inLanguage\":\"fr-FR\",\"potentialAction\":[{\"@type\":\"ReadAction\",\"target\":[\"https:\/\/kapitalis.com\/tunisie\/2024\/08\/31\/tunisie-fin-de-cavale-pour-un-terroriste-condamne-a-la-prison-ferme\/\"]}]},{\"@type\":\"ImageObject\",\"inLanguage\":\"fr-FR\",\"@id\":\"https:\/\/kapitalis.com\/tunisie\/2024\/08\/31\/tunisie-fin-de-cavale-pour-un-terroriste-condamne-a-la-prison-ferme\/#primaryimage\",\"url\":\"https:\/\/kapitalis.com\/tunisie\/wp-content\/uploads\/2022\/12\/arrestation-terroriste.jpg\",\"contentUrl\":\"https:\/\/kapitalis.com\/tunisie\/wp-content\/uploads\/2022\/12\/arrestation-terroriste.jpg\",\"width\":1200,\"height\":630},{\"@type\":\"BreadcrumbList\",\"@id\":\"https:\/\/kapitalis.com\/tunisie\/2024\/08\/31\/tunisie-fin-de-cavale-pour-un-terroriste-condamne-a-la-prison-ferme\/#breadcrumb\",\"itemListElement\":[{\"@type\":\"ListItem\",\"position\":1,\"name\":\"Accueil\",\"item\":\"https:\/\/kapitalis.com\/tunisie\/\"},{\"@type\":\"ListItem\",\"position\":2,\"name\":\"Tunisie : Fin de cavale pour un terroriste condamn\u00e9 \u00e0 la prison ferme\"}]},{\"@type\":\"WebSite\",\"@id\":\"https:\/\/kapitalis.com\/tunisie\/#website\",\"url\":\"https:\/\/kapitalis.com\/tunisie\/\",\"name\":\"Kapitalis\",\"description\":\"L&#039;actualit\u00e9 en Tunisie et dans le monde\",\"publisher\":{\"@id\":\"https:\/\/kapitalis.com\/tunisie\/#organization\"},\"potentialAction\":[{\"@type\":\"SearchAction\",\"target\":{\"@type\":\"EntryPoint\",\"urlTemplate\":\"https:\/\/kapitalis.com\/tunisie\/?s={search_term_string}\"},\"query-input\":{\"@type\":\"PropertyValueSpecification\",\"valueRequired\":true,\"valueName\":\"search_term_string\"}}],\"inLanguage\":\"fr-FR\"},{\"@type\":\"Organization\",\"@id\":\"https:\/\/kapitalis.com\/tunisie\/#organization\",\"name\":\"Kapitalis\",\"url\":\"https:\/\/kapitalis.com\/tunisie\/\",\"logo\":{\"@type\":\"ImageObject\",\"inLanguage\":\"fr-FR\",\"@id\":\"https:\/\/kapitalis.com\/tunisie\/#\/schema\/logo\/image\/\",\"url\":\"https:\/\/kapitalis.com\/tunisie\/wp-content\/uploads\/2022\/05\/Kapitalis-big-size.png\",\"contentUrl\":\"https:\/\/kapitalis.com\/tunisie\/wp-content\/uploads\/2022\/05\/Kapitalis-big-size.png\",\"width\":5000,\"height\":1500,\"caption\":\"Kapitalis\"},\"image\":{\"@id\":\"https:\/\/kapitalis.com\/tunisie\/#\/schema\/logo\/image\/\"},\"sameAs\":[\"https:\/\/www.facebook.com\/KapitalisInfo\/\",\"https:\/\/x.com\/KapitalisInfo\",\"https:\/\/www.youtube.com\/channel\/UC-yDYrHyfFBWWZaOw3FPg9Q\"]},{\"@type\":\"Person\",\"@id\":\"https:\/\/kapitalis.com\/tunisie\/#\/schema\/person\/74bbde0154d49d790a92aaeac5bc01d5\",\"name\":\"Yusra NY\",\"url\":\"https:\/\/kapitalis.com\/tunisie\/author\/yuza_adam\/\"}]}<\/script>\n<!-- \/ Yoast SEO plugin. -->","yoast_head_json":{"title":"Tunisie : Fin de cavale pour un terroriste condamn\u00e9 \u00e0 la prison ferme - Kapitalis","robots":{"index":"index","follow":"follow","max-snippet":"max-snippet:-1","max-image-preview":"max-image-preview:large","max-video-preview":"max-video-preview:-1"},"canonical":"https:\/\/kapitalis.com\/tunisie\/2024\/08\/31\/tunisie-fin-de-cavale-pour-un-terroriste-condamne-a-la-prison-ferme\/","og_locale":"fr_FR","og_type":"article","og_title":"Tunisie : Fin de cavale pour un terroriste condamn\u00e9 \u00e0 la prison ferme - Kapitalis","og_description":"La Direction g\u00e9n\u00e9rale de la garde nationale (DGGN) a annonc\u00e9, ce samedi 31 ao\u00fbt 2024, l&rsquo;arrestation d&rsquo;un terroriste en fuite, condamn\u00e9 \u00e0 la prison pour terrorisme.","og_url":"https:\/\/kapitalis.com\/tunisie\/2024\/08\/31\/tunisie-fin-de-cavale-pour-un-terroriste-condamne-a-la-prison-ferme\/","og_site_name":"Kapitalis","article_publisher":"https:\/\/www.facebook.com\/KapitalisInfo\/","article_published_time":"2024-08-31T19:49:52+00:00","article_modified_time":"2024-08-31T19:57:12+00:00","og_image":[{"width":1200,"height":630,"url":"https:\/\/kapitalis.com\/tunisie\/wp-content\/uploads\/2022\/12\/arrestation-terroriste.jpg","type":"image\/jpeg"}],"author":"Yusra NY","twitter_card":"summary_large_image","twitter_creator":"@KapitalisInfo","twitter_site":"@KapitalisInfo","twitter_misc":{"\u00c9crit par":"Yusra NY","Dur\u00e9e de lecture estim\u00e9e":"1 minute"},"schema":{"@context":"https:\/\/schema.org","@graph":[{"@type":"Article","@id":"https:\/\/kapitalis.com\/tunisie\/2024\/08\/31\/tunisie-fin-de-cavale-pour-un-terroriste-condamne-a-la-prison-ferme\/#article","isPartOf":{"@id":"https:\/\/kapitalis.com\/tunisie\/2024\/08\/31\/tunisie-fin-de-cavale-pour-un-terroriste-condamne-a-la-prison-ferme\/"},"author":{"name":"Yusra NY","@id":"https:\/\/kapitalis.com\/tunisie\/#\/schema\/person\/74bbde0154d49d790a92aaeac5bc01d5"},"headline":"Tunisie : Fin de cavale pour un terroriste condamn\u00e9 \u00e0 la prison ferme","datePublished":"2024-08-31T19:49:52+00:00","dateModified":"2024-08-31T19:57:12+00:00","mainEntityOfPage":{"@id":"https:\/\/kapitalis.com\/tunisie\/2024\/08\/31\/tunisie-fin-de-cavale-pour-un-terroriste-condamne-a-la-prison-ferme\/"},"wordCount":112,"publisher":{"@id":"https:\/\/kapitalis.com\/tunisie\/#organization"},"image":{"@id":"https:\/\/kapitalis.com\/tunisie\/2024\/08\/31\/tunisie-fin-de-cavale-pour-un-terroriste-condamne-a-la-prison-ferme\/#primaryimage"},"thumbnailUrl":"https:\/\/kapitalis.com\/tunisie\/wp-content\/uploads\/2022\/12\/arrestation-terroriste.jpg","keywords":["DGGN","garde nationale","terroriste","Tunisie"],"articleSection":["SOCIETE","Tunisie"],"inLanguage":"fr-FR"},{"@type":"WebPage","@id":"https:\/\/kapitalis.com\/tunisie\/2024\/08\/31\/tunisie-fin-de-cavale-pour-un-terroriste-condamne-a-la-prison-ferme\/","url":"https:\/\/kapitalis.com\/tunisie\/2024\/08\/31\/tunisie-fin-de-cavale-pour-un-terroriste-condamne-a-la-prison-ferme\/","name":"Tunisie : Fin de cavale pour un terroriste condamn\u00e9 \u00e0 la prison ferme - Kapitalis","isPartOf":{"@id":"https:\/\/kapitalis.com\/tunisie\/#website"},"primaryImageOfPage":{"@id":"https:\/\/kapitalis.com\/tunisie\/2024\/08\/31\/tunisie-fin-de-cavale-pour-un-terroriste-condamne-a-la-prison-ferme\/#primaryimage"},"image":{"@id":"https:\/\/kapitalis.com\/tunisie\/2024\/08\/31\/tunisie-fin-de-cavale-pour-un-terroriste-condamne-a-la-prison-ferme\/#primaryimage"},"thumbnailUrl":"https:\/\/kapitalis.com\/tunisie\/wp-content\/uploads\/2022\/12\/arrestation-terroriste.jpg","datePublished":"2024-08-31T19:49:52+00:00","dateModified":"2024-08-31T19:57:12+00:00","breadcrumb":{"@id":"https:\/\/kapitalis.com\/tunisie\/2024\/08\/31\/tunisie-fin-de-cavale-pour-un-terroriste-condamne-a-la-prison-ferme\/#breadcrumb"},"inLanguage":"fr-FR","potentialAction":[{"@type":"ReadAction","target":["https:\/\/kapitalis.com\/tunisie\/2024\/08\/31\/tunisie-fin-de-cavale-pour-un-terroriste-condamne-a-la-prison-ferme\/"]}]},{"@type":"ImageObject","inLanguage":"fr-FR","@id":"https:\/\/kapitalis.com\/tunisie\/2024\/08\/31\/tunisie-fin-de-cavale-pour-un-terroriste-condamne-a-la-prison-ferme\/#primaryimage","url":"https:\/\/kapitalis.com\/tunisie\/wp-content\/uploads\/2022\/12\/arrestation-terroriste.jpg","contentUrl":"https:\/\/kapitalis.com\/tunisie\/wp-content\/uploads\/2022\/12\/arrestation-terroriste.jpg","width":1200,"height":630},{"@type":"BreadcrumbList","@id":"https:\/\/kapitalis.com\/tunisie\/2024\/08\/31\/tunisie-fin-de-cavale-pour-un-terroriste-condamne-a-la-prison-ferme\/#breadcrumb","itemListElement":[{"@type":"ListItem","position":1,"name":"Accueil","item":"https:\/\/kapitalis.com\/tunisie\/"},{"@type":"ListItem","position":2,"name":"Tunisie : Fin de cavale pour un terroriste condamn\u00e9 \u00e0 la prison ferme"}]},{"@type":"WebSite","@id":"https:\/\/kapitalis.com\/tunisie\/#website","url":"https:\/\/kapitalis.com\/tunisie\/","name":"Kapitalis","description":"L&#039;actualit\u00e9 en Tunisie et dans le monde","publisher":{"@id":"https:\/\/kapitalis.com\/tunisie\/#organization"},"potentialAction":[{"@type":"SearchAction","target":{"@type":"EntryPoint","urlTemplate":"https:\/\/kapitalis.com\/tunisie\/?s={search_term_string}"},"query-input":{"@type":"PropertyValueSpecification","valueRequired":true,"valueName":"search_term_string"}}],"inLanguage":"fr-FR"},{"@type":"Organization","@id":"https:\/\/kapitalis.com\/tunisie\/#organization","name":"Kapitalis","url":"https:\/\/kapitalis.com\/tunisie\/","logo":{"@type":"ImageObject","inLanguage":"fr-FR","@id":"https:\/\/kapitalis.com\/tunisie\/#\/schema\/logo\/image\/","url":"https:\/\/kapitalis.com\/tunisie\/wp-content\/uploads\/2022\/05\/Kapitalis-big-size.png","contentUrl":"https:\/\/kapitalis.com\/tunisie\/wp-content\/uploads\/2022\/05\/Kapitalis-big-size.png","width":5000,"height":1500,"caption":"Kapitalis"},"image":{"@id":"https:\/\/kapitalis.com\/tunisie\/#\/schema\/logo\/image\/"},"sameAs":["https:\/\/www.facebook.com\/KapitalisInfo\/","https:\/\/x.com\/KapitalisInfo","https:\/\/www.youtube.com\/channel\/UC-yDYrHyfFBWWZaOw3FPg9Q"]},{"@type":"Person","@id":"https:\/\/kapitalis.com\/tunisie\/#\/schema\/person\/74bbde0154d49d790a92aaeac5bc01d5","name":"Yusra NY","url":"https:\/\/kapitalis.com\/tunisie\/author\/yuza_adam\/"}]}},"_links":{"self":[{"href":"https:\/\/kapitalis.com\/tunisie\/wp-json\/wp\/v2\/posts\/13906945","targetHints":{"allow":["GET"]}}],"collection":[{"href":"https:\/\/kapitalis.com\/tunisie\/wp-json\/wp\/v2\/posts"}],"about":[{"href":"https:\/\/kapitalis.com\/tunisie\/wp-json\/wp\/v2\/types\/post"}],"author":[{"embeddable":true,"href":"https:\/\/kapitalis.com\/tunisie\/wp-json\/wp\/v2\/users\/6"}],"replies":[{"embeddable":true,"href":"https:\/\/kapitalis.com\/tunisie\/wp-json\/wp\/v2\/comments?post=13906945"}],"version-history":[{"count":1,"href":"https:\/\/kapitalis.com\/tunisie\/wp-json\/wp\/v2\/posts\/13906945\/revisions"}],"predecessor-version":[{"id":13906958,"href":"https:\/\/kapitalis.com\/tunisie\/wp-json\/wp\/v2\/posts\/13906945\/revisions\/13906958"}],"wp:featuredmedia":[{"embeddable":true,"href":"https:\/\/kapitalis.com\/tunisie\/wp-json\/wp\/v2\/media\/5652935"}],"wp:attachment":[{"href":"https:\/\/kapitalis.com\/tunisie\/wp-json\/wp\/v2\/media?parent=13906945"}],"wp:term":[{"taxonomy":"category","embeddable":true,"href":"https:\/\/kapitalis.com\/tunisie\/wp-json\/wp\/v2\/categories?post=13906945"},{"taxonomy":"post_tag","embeddable":true,"href":"https:\/\/kapitalis.com\/tunisie\/wp-json\/wp\/v2\/tags?post=13906945"}],"curies":[{"name":"wp","href":"https:\/\/api.w.org\/{rel}","templated":true}]}}