{"id":139136,"date":"2018-02-17T10:18:50","date_gmt":"2018-02-17T09:18:50","guid":{"rendered":"http:\/\/kapitalis.com\/tunisie\/?p=139136"},"modified":"2018-02-17T10:18:50","modified_gmt":"2018-02-17T09:18:50","slug":"berd-lance-projet-promouvoir-laeronautique-tunisie","status":"publish","type":"post","link":"https:\/\/kapitalis.com\/tunisie\/2018\/02\/17\/berd-lance-projet-promouvoir-laeronautique-tunisie\/","title":{"rendered":"La Berd lance un projet pour promouvoir l&rsquo;a\u00e9ronautique en Tunisie"},"content":{"rendered":"<p style=\"text-align: center;\"><img loading=\"lazy\" decoding=\"async\" class=\"alignnone size-full wp-image-139137\" src=\"http:\/\/kapitalis.com\/tunisie\/wp-content\/uploads\/2018\/02\/FGA-Tunisie.jpg\" alt=\"\" width=\"626\" height=\"380\" \/><\/p>\n<p><em><strong>La Berd lance, avec Figeac A\u00e9ro Tunisie, le 1er projet du \u00abProgramme pour la comp\u00e9titivit\u00e9 des cha\u00eenes de valeur\u00bb, financ\u00e9 par l\u2019Union europ\u00e9enne (UE).<\/strong><\/em><\/p>\n<p><!--more--><\/p>\n<p>La Banque europ\u00e9enne pour la reconstruction et le d\u00e9veloppement (Berd) et l\u2019UE apportent leur soutien \u00e0 l\u2019\u00e9conomie tunisienne, et plus particuli\u00e8rement \u00e0 la cha\u00eene d\u2019approvisionnement de l\u2019industrie a\u00e9rospatiale, dans le cadre d\u2019un nouveau projet avec Figeac A\u00e9ro Tunisie et les PME sous-traitantes.<\/p>\n<p>Ce projet sera pr\u00e9sent\u00e9 le mardi 20 f\u00e9vrier 2018, au site de production de Figeac A\u00e9ro Tunisie, dans la zone industrielle d\u2019El Mghira, \u00e0 Ben Arous, au sud de Tunis.<\/p>\n<p>L\u2019\u00e9v\u00e9nement sera ouvert par Sophie Vanhaeverbeke, responsable de la coop\u00e9ration au sein de la d\u00e9l\u00e9gation de l\u2019UE en Tunisie, Alain Pilloux, vice-pr\u00e9sident de la Berd en charge des op\u00e9rations bancaires, et Olivier Sergent, directeur de Figeac A\u00e9ro Tunisie.<\/p>\n<p>Des repr\u00e9sentants d\u2019autres entreprises actives dans le secteur a\u00e9ronautique et des membres du Groupement des industries tunisiennes a\u00e9ronautiques et spatiales (Gitas) participeront \u00e9galement \u00e0 l\u2019\u00e9v\u00e9nement.<br \/>\nCette coop\u00e9ration s\u2019inscrit dans le cadre d\u2019une plus vaste initiative, le <em>\u00abProgramme pour la comp\u00e9titivit\u00e9 des cha\u00eenes de valeur\u00bb<\/em> financ\u00e9 par l\u2019UE et mis en \u0153uvre par la Berd en Tunisie, au Maroc, en \u00c9gypte et en Jordanie.<\/p>\n<p>Le programme a \u00e9t\u00e9 con\u00e7u pour stimuler la comp\u00e9titivit\u00e9 des petites et moyennes entreprises (PME) dans les secteurs de l\u2019agroalimentaire, des industries manufacturi\u00e8res et des services, de la logistique\/distribution ainsi que des technologies de l\u2019information et de la communication, et pour renforcer l\u2019int\u00e9gration des quatre pays dans les cha\u00eenes de valeur industrielles mondiales.<\/p>\n<p>Les fournisseurs de Figeac A\u00e9ro sont les premi\u00e8res entreprises en Tunisie \u00e0 b\u00e9n\u00e9ficier de ce programme. Les PME sous-traitantes locales pourront ainsi obtenir des services de conseil adapt\u00e9s en vue d\u2019am\u00e9liorer leur comp\u00e9titivit\u00e9 dans l\u2019optique d\u2019une expansion de leurs activit\u00e9s.<\/p>\n<p>Le programme pour la comp\u00e9titivit\u00e9 des cha\u00eenes de valeurs vise \u00e0 am\u00e9liorer la comp\u00e9titivit\u00e9 des PME en Tunisie, au Maroc, en \u00c9gypte et en Jordanie, et \u00e0 faciliter l\u2019acc\u00e8s de ces entreprises \u00e0 un financement. Lanc\u00e9 par la Berd et l\u2019UE, il offrira aux PME locales la possibilit\u00e9 de b\u00e9n\u00e9ficier \u00e0 la fois de subventions \u00e0 des fins d\u2019investissement et de prestations de conseil.<\/p>\n<p>Le programme permettra d\u2019\u00e9tablir des liens entre les PME et les agr\u00e9gateurs, \u00e0 savoir les acheteurs et autres intervenants majeurs tourn\u00e9s vers l\u2019exportation, et de passer d\u2019une production \u00e0 faible valeur ajout\u00e9e \u00e0 une production fond\u00e9e sur le savoir ainsi que de solides comp\u00e9tences, et ax\u00e9e sur l\u2019innovation. L\u2019optimisation des cha\u00eenes de valeur aidera les PME \u00e0 adopter des processus de production perfectionn\u00e9s, \u00e0 am\u00e9liorer leurs normes op\u00e9rationnelles et \u00e0 acc\u00e9der plus facilement au march\u00e9 de l\u2019UE et autres march\u00e9s avanc\u00e9s.<\/p>\n<h3>Figeac A\u00e9ro et l\u2019industrie a\u00e9rospatiale tunisienne<\/h3>\n<p>L\u2019industrie a\u00e9rospatiale tunisienne, qui a connu une nette expansion ces dix derni\u00e8res ann\u00e9es, a \u00e9t\u00e9 identifi\u00e9e comme un secteur de croissance essentiel. Avec pr\u00e8s de 80 entreprises employant 13.000 personnes, cette industrie tunisienne occupe une place importante dans la cha\u00eene de valeur mondiale. Ses activit\u00e9s, \u00e0 forte valeur ajout\u00e9e, couvrent tous les m\u00e9tiers d\u00e9di\u00e9s \u00e0 l\u2019a\u00e9ronautique, notamment les services de conception et d\u2019ing\u00e9nierie, la maintenance, l\u2019usinage et en particulier l\u2019usinage de pr\u00e9cision, le c\u00e2blage, la fabrication d\u2019a\u00e9rostructures, le traitement de surface et les composites. Le secteur offre aux PME d\u2019excellentes perspectives.<\/p>\n<p>Figeac A\u00e9ro est un fournisseur de premier plan d\u2019a\u00e9rostructures et de pi\u00e8ces m\u00e9talliques de haute pr\u00e9cision pour les grands industriels de l\u2019a\u00e9ronautique, comme Airbus. En 2018, la Berd a accord\u00e9 un pr\u00eat de 38 millions d\u2019euros \u00e0 Figeac A\u00e9ro pour l\u2019expansion de sa production en Tunisie et au Maroc.<\/p>\n<p>La soci\u00e9t\u00e9 compte parmi ses fournisseurs un certain nombre d\u2019entreprises locales dans les deux pays, les fournisseurs en Tunisie \u00e9tant \u00e9tablis dans le parc industriel a\u00e9rospatial d\u2019El Mghira ou aux alentours.<\/p>\n<p>Le soutien sous forme de conseil fourni au titre du Programme pour la comp\u00e9titivit\u00e9 des cha\u00eenes de valeur vise \u00e0 am\u00e9liorer les performances des PME sous-traitantes locales de Figeac afin de constituer une cha\u00eene d\u2019approvisionnement plus solide pour Figeac A\u00e9ro et d\u2019am\u00e9liorer les performances du secteur a\u00e9ronautique en Tunisie.<\/p>\n<p><em><strong>Source<\/strong><\/em> : communiqu\u00e9.<\/p>\n","protected":false},"excerpt":{"rendered":"<p>La Berd lance, avec Figeac A\u00e9ro Tunisie, le 1er projet du \u00abProgramme pour la comp\u00e9titivit\u00e9 des cha\u00eenes de valeur\u00bb, financ\u00e9 par l\u2019Union europ\u00e9enne (UE).<\/p>\n","protected":false},"author":8,"featured_media":139137,"comment_status":"open","ping_status":"open","sticky":false,"template":"","format":"standard","meta":{"footnotes":""},"categories":[995,2433],"tags":[33,18342,1952,31276,937],"class_list":["post-139136","post","type-post","status-publish","format-standard","has-post-thumbnail","hentry","category-economie","category-tunisie","tag-aeronautique","tag-banque-europeenne-pour-la-reconstruction-et-le-developpement","tag-berd","tag-el-mghira","tag-union-europeenne"],"yoast_head":"<!-- This site is optimized with the Yoast SEO plugin v26.6 - https:\/\/yoast.com\/wordpress\/plugins\/seo\/ -->\n<title>La Berd lance un projet pour promouvoir l&#039;a\u00e9ronautique en Tunisie - Kapitalis<\/title>\n<meta name=\"robots\" content=\"index, follow, max-snippet:-1, max-image-preview:large, max-video-preview:-1\" \/>\n<link rel=\"canonical\" href=\"https:\/\/kapitalis.com\/tunisie\/2018\/02\/17\/berd-lance-projet-promouvoir-laeronautique-tunisie\/\" \/>\n<meta property=\"og:locale\" content=\"fr_FR\" \/>\n<meta property=\"og:type\" content=\"article\" \/>\n<meta property=\"og:title\" content=\"La Berd lance un projet pour promouvoir l&#039;a\u00e9ronautique en Tunisie - Kapitalis\" \/>\n<meta property=\"og:description\" content=\"La Berd lance, avec Figeac A\u00e9ro Tunisie, le 1er projet du \u00abProgramme pour la comp\u00e9titivit\u00e9 des cha\u00eenes de valeur\u00bb, financ\u00e9 par l\u2019Union europ\u00e9enne (UE).\" \/>\n<meta property=\"og:url\" content=\"https:\/\/kapitalis.com\/tunisie\/2018\/02\/17\/berd-lance-projet-promouvoir-laeronautique-tunisie\/\" \/>\n<meta property=\"og:site_name\" content=\"Kapitalis\" \/>\n<meta property=\"article:publisher\" content=\"https:\/\/www.facebook.com\/KapitalisInfo\/\" \/>\n<meta property=\"article:published_time\" content=\"2018-02-17T09:18:50+00:00\" \/>\n<meta property=\"og:image\" content=\"https:\/\/kapitalis.com\/tunisie\/wp-content\/uploads\/2022\/05\/kapitalis-logo-fb.png\" \/>\n\t<meta property=\"og:image:width\" content=\"1200\" \/>\n\t<meta property=\"og:image:height\" content=\"630\" \/>\n\t<meta property=\"og:image:type\" content=\"image\/png\" \/>\n<meta name=\"author\" content=\"webmaster kapitalis\" \/>\n<meta name=\"twitter:card\" content=\"summary_large_image\" \/>\n<meta name=\"twitter:creator\" content=\"@KapitalisInfo\" \/>\n<meta name=\"twitter:site\" content=\"@KapitalisInfo\" \/>\n<meta name=\"twitter:label1\" content=\"\u00c9crit par\" \/>\n\t<meta name=\"twitter:data1\" content=\"webmaster kapitalis\" \/>\n\t<meta name=\"twitter:label2\" content=\"Dur\u00e9e de lecture estim\u00e9e\" \/>\n\t<meta name=\"twitter:data2\" content=\"4 minutes\" \/>\n<script type=\"application\/ld+json\" class=\"yoast-schema-graph\">{\"@context\":\"https:\/\/schema.org\",\"@graph\":[{\"@type\":\"Article\",\"@id\":\"https:\/\/kapitalis.com\/tunisie\/2018\/02\/17\/berd-lance-projet-promouvoir-laeronautique-tunisie\/#article\",\"isPartOf\":{\"@id\":\"https:\/\/kapitalis.com\/tunisie\/2018\/02\/17\/berd-lance-projet-promouvoir-laeronautique-tunisie\/\"},\"author\":{\"name\":\"webmaster kapitalis\",\"@id\":\"https:\/\/kapitalis.com\/tunisie\/#\/schema\/person\/d71f33a9ca44f7bad4698210b480c8e9\"},\"headline\":\"La Berd lance un projet pour promouvoir l&rsquo;a\u00e9ronautique en Tunisie\",\"datePublished\":\"2018-02-17T09:18:50+00:00\",\"mainEntityOfPage\":{\"@id\":\"https:\/\/kapitalis.com\/tunisie\/2018\/02\/17\/berd-lance-projet-promouvoir-laeronautique-tunisie\/\"},\"wordCount\":789,\"commentCount\":0,\"publisher\":{\"@id\":\"https:\/\/kapitalis.com\/tunisie\/#organization\"},\"image\":{\"@id\":\"https:\/\/kapitalis.com\/tunisie\/2018\/02\/17\/berd-lance-projet-promouvoir-laeronautique-tunisie\/#primaryimage\"},\"thumbnailUrl\":\"\",\"keywords\":[\"a\u00e9ronautique\",\"Banque europ\u00e9enne pour la reconstruction et le d\u00e9veloppement\",\"Berd\",\"El Mghira\",\"Union europ\u00e9enne\"],\"articleSection\":[\"ECONOMIE\",\"Tunisie\"],\"inLanguage\":\"fr-FR\",\"potentialAction\":[{\"@type\":\"CommentAction\",\"name\":\"Comment\",\"target\":[\"https:\/\/kapitalis.com\/tunisie\/2018\/02\/17\/berd-lance-projet-promouvoir-laeronautique-tunisie\/#respond\"]}]},{\"@type\":\"WebPage\",\"@id\":\"https:\/\/kapitalis.com\/tunisie\/2018\/02\/17\/berd-lance-projet-promouvoir-laeronautique-tunisie\/\",\"url\":\"https:\/\/kapitalis.com\/tunisie\/2018\/02\/17\/berd-lance-projet-promouvoir-laeronautique-tunisie\/\",\"name\":\"La Berd lance un projet pour promouvoir l'a\u00e9ronautique en Tunisie - Kapitalis\",\"isPartOf\":{\"@id\":\"https:\/\/kapitalis.com\/tunisie\/#website\"},\"primaryImageOfPage\":{\"@id\":\"https:\/\/kapitalis.com\/tunisie\/2018\/02\/17\/berd-lance-projet-promouvoir-laeronautique-tunisie\/#primaryimage\"},\"image\":{\"@id\":\"https:\/\/kapitalis.com\/tunisie\/2018\/02\/17\/berd-lance-projet-promouvoir-laeronautique-tunisie\/#primaryimage\"},\"thumbnailUrl\":\"\",\"datePublished\":\"2018-02-17T09:18:50+00:00\",\"breadcrumb\":{\"@id\":\"https:\/\/kapitalis.com\/tunisie\/2018\/02\/17\/berd-lance-projet-promouvoir-laeronautique-tunisie\/#breadcrumb\"},\"inLanguage\":\"fr-FR\",\"potentialAction\":[{\"@type\":\"ReadAction\",\"target\":[\"https:\/\/kapitalis.com\/tunisie\/2018\/02\/17\/berd-lance-projet-promouvoir-laeronautique-tunisie\/\"]}]},{\"@type\":\"ImageObject\",\"inLanguage\":\"fr-FR\",\"@id\":\"https:\/\/kapitalis.com\/tunisie\/2018\/02\/17\/berd-lance-projet-promouvoir-laeronautique-tunisie\/#primaryimage\",\"url\":\"\",\"contentUrl\":\"\"},{\"@type\":\"BreadcrumbList\",\"@id\":\"https:\/\/kapitalis.com\/tunisie\/2018\/02\/17\/berd-lance-projet-promouvoir-laeronautique-tunisie\/#breadcrumb\",\"itemListElement\":[{\"@type\":\"ListItem\",\"position\":1,\"name\":\"Accueil\",\"item\":\"https:\/\/kapitalis.com\/tunisie\/\"},{\"@type\":\"ListItem\",\"position\":2,\"name\":\"La Berd lance un projet pour promouvoir l&rsquo;a\u00e9ronautique en Tunisie\"}]},{\"@type\":\"WebSite\",\"@id\":\"https:\/\/kapitalis.com\/tunisie\/#website\",\"url\":\"https:\/\/kapitalis.com\/tunisie\/\",\"name\":\"Kapitalis\",\"description\":\"L&#039;actualit\u00e9 en Tunisie et dans le monde\",\"publisher\":{\"@id\":\"https:\/\/kapitalis.com\/tunisie\/#organization\"},\"potentialAction\":[{\"@type\":\"SearchAction\",\"target\":{\"@type\":\"EntryPoint\",\"urlTemplate\":\"https:\/\/kapitalis.com\/tunisie\/?s={search_term_string}\"},\"query-input\":{\"@type\":\"PropertyValueSpecification\",\"valueRequired\":true,\"valueName\":\"search_term_string\"}}],\"inLanguage\":\"fr-FR\"},{\"@type\":\"Organization\",\"@id\":\"https:\/\/kapitalis.com\/tunisie\/#organization\",\"name\":\"Kapitalis\",\"url\":\"https:\/\/kapitalis.com\/tunisie\/\",\"logo\":{\"@type\":\"ImageObject\",\"inLanguage\":\"fr-FR\",\"@id\":\"https:\/\/kapitalis.com\/tunisie\/#\/schema\/logo\/image\/\",\"url\":\"https:\/\/kapitalis.com\/tunisie\/wp-content\/uploads\/2022\/05\/Kapitalis-big-size.png\",\"contentUrl\":\"https:\/\/kapitalis.com\/tunisie\/wp-content\/uploads\/2022\/05\/Kapitalis-big-size.png\",\"width\":5000,\"height\":1500,\"caption\":\"Kapitalis\"},\"image\":{\"@id\":\"https:\/\/kapitalis.com\/tunisie\/#\/schema\/logo\/image\/\"},\"sameAs\":[\"https:\/\/www.facebook.com\/KapitalisInfo\/\",\"https:\/\/x.com\/KapitalisInfo\",\"https:\/\/www.youtube.com\/channel\/UC-yDYrHyfFBWWZaOw3FPg9Q\"]},{\"@type\":\"Person\",\"@id\":\"https:\/\/kapitalis.com\/tunisie\/#\/schema\/person\/d71f33a9ca44f7bad4698210b480c8e9\",\"name\":\"webmaster kapitalis\",\"url\":\"https:\/\/kapitalis.com\/tunisie\/author\/webmaster-kapitalis\/\"}]}<\/script>\n<!-- \/ Yoast SEO plugin. -->","yoast_head_json":{"title":"La Berd lance un projet pour promouvoir l'a\u00e9ronautique en Tunisie - Kapitalis","robots":{"index":"index","follow":"follow","max-snippet":"max-snippet:-1","max-image-preview":"max-image-preview:large","max-video-preview":"max-video-preview:-1"},"canonical":"https:\/\/kapitalis.com\/tunisie\/2018\/02\/17\/berd-lance-projet-promouvoir-laeronautique-tunisie\/","og_locale":"fr_FR","og_type":"article","og_title":"La Berd lance un projet pour promouvoir l'a\u00e9ronautique en Tunisie - Kapitalis","og_description":"La Berd lance, avec Figeac A\u00e9ro Tunisie, le 1er projet du \u00abProgramme pour la comp\u00e9titivit\u00e9 des cha\u00eenes de valeur\u00bb, financ\u00e9 par l\u2019Union europ\u00e9enne (UE).","og_url":"https:\/\/kapitalis.com\/tunisie\/2018\/02\/17\/berd-lance-projet-promouvoir-laeronautique-tunisie\/","og_site_name":"Kapitalis","article_publisher":"https:\/\/www.facebook.com\/KapitalisInfo\/","article_published_time":"2018-02-17T09:18:50+00:00","og_image":[{"width":1200,"height":630,"url":"https:\/\/kapitalis.com\/tunisie\/wp-content\/uploads\/2022\/05\/kapitalis-logo-fb.png","type":"image\/png"}],"author":"webmaster kapitalis","twitter_card":"summary_large_image","twitter_creator":"@KapitalisInfo","twitter_site":"@KapitalisInfo","twitter_misc":{"\u00c9crit par":"webmaster kapitalis","Dur\u00e9e de lecture estim\u00e9e":"4 minutes"},"schema":{"@context":"https:\/\/schema.org","@graph":[{"@type":"Article","@id":"https:\/\/kapitalis.com\/tunisie\/2018\/02\/17\/berd-lance-projet-promouvoir-laeronautique-tunisie\/#article","isPartOf":{"@id":"https:\/\/kapitalis.com\/tunisie\/2018\/02\/17\/berd-lance-projet-promouvoir-laeronautique-tunisie\/"},"author":{"name":"webmaster kapitalis","@id":"https:\/\/kapitalis.com\/tunisie\/#\/schema\/person\/d71f33a9ca44f7bad4698210b480c8e9"},"headline":"La Berd lance un projet pour promouvoir l&rsquo;a\u00e9ronautique en Tunisie","datePublished":"2018-02-17T09:18:50+00:00","mainEntityOfPage":{"@id":"https:\/\/kapitalis.com\/tunisie\/2018\/02\/17\/berd-lance-projet-promouvoir-laeronautique-tunisie\/"},"wordCount":789,"commentCount":0,"publisher":{"@id":"https:\/\/kapitalis.com\/tunisie\/#organization"},"image":{"@id":"https:\/\/kapitalis.com\/tunisie\/2018\/02\/17\/berd-lance-projet-promouvoir-laeronautique-tunisie\/#primaryimage"},"thumbnailUrl":"","keywords":["a\u00e9ronautique","Banque europ\u00e9enne pour la reconstruction et le d\u00e9veloppement","Berd","El Mghira","Union europ\u00e9enne"],"articleSection":["ECONOMIE","Tunisie"],"inLanguage":"fr-FR","potentialAction":[{"@type":"CommentAction","name":"Comment","target":["https:\/\/kapitalis.com\/tunisie\/2018\/02\/17\/berd-lance-projet-promouvoir-laeronautique-tunisie\/#respond"]}]},{"@type":"WebPage","@id":"https:\/\/kapitalis.com\/tunisie\/2018\/02\/17\/berd-lance-projet-promouvoir-laeronautique-tunisie\/","url":"https:\/\/kapitalis.com\/tunisie\/2018\/02\/17\/berd-lance-projet-promouvoir-laeronautique-tunisie\/","name":"La Berd lance un projet pour promouvoir l'a\u00e9ronautique en Tunisie - Kapitalis","isPartOf":{"@id":"https:\/\/kapitalis.com\/tunisie\/#website"},"primaryImageOfPage":{"@id":"https:\/\/kapitalis.com\/tunisie\/2018\/02\/17\/berd-lance-projet-promouvoir-laeronautique-tunisie\/#primaryimage"},"image":{"@id":"https:\/\/kapitalis.com\/tunisie\/2018\/02\/17\/berd-lance-projet-promouvoir-laeronautique-tunisie\/#primaryimage"},"thumbnailUrl":"","datePublished":"2018-02-17T09:18:50+00:00","breadcrumb":{"@id":"https:\/\/kapitalis.com\/tunisie\/2018\/02\/17\/berd-lance-projet-promouvoir-laeronautique-tunisie\/#breadcrumb"},"inLanguage":"fr-FR","potentialAction":[{"@type":"ReadAction","target":["https:\/\/kapitalis.com\/tunisie\/2018\/02\/17\/berd-lance-projet-promouvoir-laeronautique-tunisie\/"]}]},{"@type":"ImageObject","inLanguage":"fr-FR","@id":"https:\/\/kapitalis.com\/tunisie\/2018\/02\/17\/berd-lance-projet-promouvoir-laeronautique-tunisie\/#primaryimage","url":"","contentUrl":""},{"@type":"BreadcrumbList","@id":"https:\/\/kapitalis.com\/tunisie\/2018\/02\/17\/berd-lance-projet-promouvoir-laeronautique-tunisie\/#breadcrumb","itemListElement":[{"@type":"ListItem","position":1,"name":"Accueil","item":"https:\/\/kapitalis.com\/tunisie\/"},{"@type":"ListItem","position":2,"name":"La Berd lance un projet pour promouvoir l&rsquo;a\u00e9ronautique en Tunisie"}]},{"@type":"WebSite","@id":"https:\/\/kapitalis.com\/tunisie\/#website","url":"https:\/\/kapitalis.com\/tunisie\/","name":"Kapitalis","description":"L&#039;actualit\u00e9 en Tunisie et dans le monde","publisher":{"@id":"https:\/\/kapitalis.com\/tunisie\/#organization"},"potentialAction":[{"@type":"SearchAction","target":{"@type":"EntryPoint","urlTemplate":"https:\/\/kapitalis.com\/tunisie\/?s={search_term_string}"},"query-input":{"@type":"PropertyValueSpecification","valueRequired":true,"valueName":"search_term_string"}}],"inLanguage":"fr-FR"},{"@type":"Organization","@id":"https:\/\/kapitalis.com\/tunisie\/#organization","name":"Kapitalis","url":"https:\/\/kapitalis.com\/tunisie\/","logo":{"@type":"ImageObject","inLanguage":"fr-FR","@id":"https:\/\/kapitalis.com\/tunisie\/#\/schema\/logo\/image\/","url":"https:\/\/kapitalis.com\/tunisie\/wp-content\/uploads\/2022\/05\/Kapitalis-big-size.png","contentUrl":"https:\/\/kapitalis.com\/tunisie\/wp-content\/uploads\/2022\/05\/Kapitalis-big-size.png","width":5000,"height":1500,"caption":"Kapitalis"},"image":{"@id":"https:\/\/kapitalis.com\/tunisie\/#\/schema\/logo\/image\/"},"sameAs":["https:\/\/www.facebook.com\/KapitalisInfo\/","https:\/\/x.com\/KapitalisInfo","https:\/\/www.youtube.com\/channel\/UC-yDYrHyfFBWWZaOw3FPg9Q"]},{"@type":"Person","@id":"https:\/\/kapitalis.com\/tunisie\/#\/schema\/person\/d71f33a9ca44f7bad4698210b480c8e9","name":"webmaster kapitalis","url":"https:\/\/kapitalis.com\/tunisie\/author\/webmaster-kapitalis\/"}]}},"_links":{"self":[{"href":"https:\/\/kapitalis.com\/tunisie\/wp-json\/wp\/v2\/posts\/139136","targetHints":{"allow":["GET"]}}],"collection":[{"href":"https:\/\/kapitalis.com\/tunisie\/wp-json\/wp\/v2\/posts"}],"about":[{"href":"https:\/\/kapitalis.com\/tunisie\/wp-json\/wp\/v2\/types\/post"}],"author":[{"embeddable":true,"href":"https:\/\/kapitalis.com\/tunisie\/wp-json\/wp\/v2\/users\/8"}],"replies":[{"embeddable":true,"href":"https:\/\/kapitalis.com\/tunisie\/wp-json\/wp\/v2\/comments?post=139136"}],"version-history":[{"count":0,"href":"https:\/\/kapitalis.com\/tunisie\/wp-json\/wp\/v2\/posts\/139136\/revisions"}],"wp:featuredmedia":[{"embeddable":true,"href":"https:\/\/kapitalis.com\/tunisie\/wp-json\/wp\/v2\/media\/139137"}],"wp:attachment":[{"href":"https:\/\/kapitalis.com\/tunisie\/wp-json\/wp\/v2\/media?parent=139136"}],"wp:term":[{"taxonomy":"category","embeddable":true,"href":"https:\/\/kapitalis.com\/tunisie\/wp-json\/wp\/v2\/categories?post=139136"},{"taxonomy":"post_tag","embeddable":true,"href":"https:\/\/kapitalis.com\/tunisie\/wp-json\/wp\/v2\/tags?post=139136"}],"curies":[{"name":"wp","href":"https:\/\/api.w.org\/{rel}","templated":true}]}}