{"id":13930479,"date":"2024-09-05T10:57:16","date_gmt":"2024-09-05T09:57:16","guid":{"rendered":"https:\/\/kapitalis.com\/tunisie\/?p=13930479"},"modified":"2024-09-05T10:57:19","modified_gmt":"2024-09-05T09:57:19","slug":"forum-a-tunis-vers-une-mediterranee-neutre-en-carbone","status":"publish","type":"post","link":"https:\/\/kapitalis.com\/tunisie\/2024\/09\/05\/forum-a-tunis-vers-une-mediterranee-neutre-en-carbone\/","title":{"rendered":"Forum \u00e0 Tunis\u00a0: Vers une M\u00e9diterran\u00e9e neutre en carbone"},"content":{"rendered":"\n<p><strong><em>La 1<sup>\u00e8re<\/sup> \u00e9dition du Forum m\u00e9diterran\u00e9en de la d\u00e9carbonation \u00abDecarboMed\u00bb se tiendra du 24 au 25 septembre 2024 \u00e0 Tunis, sous le slogan \u00abVers une M\u00e9diterran\u00e9e neutre en carbone\u00bb.<\/em><\/strong><\/p>\n\n\n\n<!--more-->\n\n\n\n<p><em>\u00abCe forum auquel 35 pays seront repr\u00e9sent\u00e9s et plus de 2000 participants sont attendus, a pour objectif de pr\u00e9senter les initiatives cl\u00e9s, les strat\u00e9gies de pointe dans le domaine de la d\u00e9carbonation et les technologies associ\u00e9es, ainsi que les m\u00e9canismes et les solutions offerts pour se pr\u00e9parer \u00e0 r\u00e9duire l\u2019empreinte carbone. Il s\u2019agit \u00e9galement d\u2019\u00e9tablir des partenariats avec d\u2019autres entreprises et des structures des autres pays m\u00e9diterran\u00e9ens\u00bb<\/em>, a indiqu\u00e9, mercredi 4 septembre, \u00e0 Tunis, le directeur g\u00e9n\u00e9ral de l\u2019Agence nationale pour la ma\u00eetrise de l\u2019\u00e9nergie (ANME), Fathi Hanchi,&nbsp;lors d\u2019un point de presse consacr\u00e9 \u00e0 cet \u00e9v\u00e8nement.<\/p>\n\n\n\n<p>Plus de 100 intervenants, dont des experts, des praticiens, des chercheurs et d\u00e9cideurs et des repr\u00e9sentants d\u2019organisations internationales et r\u00e9gionales, vont partager, lors de ce forum, leurs exp\u00e9riences et expertises et pr\u00e9senteront des perspectives et innovations en mati\u00e8re de politiques, d\u00e9marches et technologies de d\u00e9carbonation.<\/p>\n\n\n<div class=\"wp-block-image\">\n<figure class=\"aligncenter size-large\"><img loading=\"lazy\" decoding=\"async\" width=\"1024\" height=\"538\" src=\"https:\/\/kapitalis.com\/tunisie\/wp-content\/uploads\/2024\/09\/Fathi-Hanchi-1024x538.jpg\" alt=\"\" class=\"wp-image-13930527\" srcset=\"https:\/\/kapitalis.com\/tunisie\/wp-content\/uploads\/2024\/09\/Fathi-Hanchi-1024x538.jpg 1024w, https:\/\/kapitalis.com\/tunisie\/wp-content\/uploads\/2024\/09\/Fathi-Hanchi-300x158.jpg 300w, https:\/\/kapitalis.com\/tunisie\/wp-content\/uploads\/2024\/09\/Fathi-Hanchi-768x403.jpg 768w, https:\/\/kapitalis.com\/tunisie\/wp-content\/uploads\/2024\/09\/Fathi-Hanchi-580x305.jpg 580w, https:\/\/kapitalis.com\/tunisie\/wp-content\/uploads\/2024\/09\/Fathi-Hanchi-860x452.jpg 860w, https:\/\/kapitalis.com\/tunisie\/wp-content\/uploads\/2024\/09\/Fathi-Hanchi-1160x609.jpg 1160w, https:\/\/kapitalis.com\/tunisie\/wp-content\/uploads\/2024\/09\/Fathi-Hanchi.jpg 1200w\" sizes=\"auto, (max-width: 1024px) 100vw, 1024px\" \/><figcaption class=\"wp-element-caption\"><em>Fathi Hanchi.<\/em><\/figcaption><\/figure>\n<\/div>\n\n\n<h2 class=\"wp-block-heading\">Solutions pour r\u00e9duire l\u2019empreinte carbone<\/h2>\n\n\n\n<p>Au programme de l\u2019\u00e9v\u00e9nement, des d\u00e9bats et des ateliers de travail sur les activit\u00e9s et les technologies permettant de baisser les \u00e9missions de carbone, sur les politiques nationale et mondiale dans ce domaine et aussi sur les cadres r\u00e9glementaires \u00e9labor\u00e9s par les divers pays.<\/p>\n\n\n\n<p>La strat\u00e9gie nationale de d\u00e9carbonation ainsi que les programmes sur les \u00e9nergies renouvelables, l\u2019hydrog\u00e8ne vert, l\u2019\u00e9conomie circulaire et le financement de ces programmes, seront pr\u00e9sent\u00e9s \u00e0 cet \u00e9v\u00e8nement.<\/p>\n\n\n\n<p>En parall\u00e8le, une exposition sera organis\u00e9e en marge du forum concernant les acteurs cl\u00e9s des secteurs publique et priv\u00e9 de la transition \u00e9cologique et des repr\u00e9sentants de la soci\u00e9t\u00e9 civile et des organisations internationales.<\/p>\n\n\n\n<p>Le forum sera \u00e9galement marqu\u00e9 par le lancement de la premi\u00e8re plateforme qui permettra aux entreprises de prendre connaissance des exp\u00e9riences des autres entreprises dans le domaine des \u00e9nergies renouvelables et de l\u2019\u00e9conomie circulaire, et d\u2019\u00e9valuer l\u2019emprunte carbone de leurs activit\u00e9s.<\/p>\n\n\n\n<p>Cette plateforme leur offre \u00e9galement l\u2019opportunit\u00e9 d\u2019\u00e9changer avec des experts pour introduire des solutions capables de r\u00e9duire l\u2019empreinte carbone dans les processus de production des entreprises.<\/p>\n\n\n<div class=\"wp-block-image\">\n<figure class=\"aligncenter size-large\"><img loading=\"lazy\" decoding=\"async\" width=\"1024\" height=\"538\" src=\"https:\/\/kapitalis.com\/tunisie\/wp-content\/uploads\/2024\/09\/Hichem-Elloumi-1024x538.jpg\" alt=\"\" class=\"wp-image-13930529\" srcset=\"https:\/\/kapitalis.com\/tunisie\/wp-content\/uploads\/2024\/09\/Hichem-Elloumi-1024x538.jpg 1024w, https:\/\/kapitalis.com\/tunisie\/wp-content\/uploads\/2024\/09\/Hichem-Elloumi-300x158.jpg 300w, https:\/\/kapitalis.com\/tunisie\/wp-content\/uploads\/2024\/09\/Hichem-Elloumi-768x403.jpg 768w, https:\/\/kapitalis.com\/tunisie\/wp-content\/uploads\/2024\/09\/Hichem-Elloumi-580x305.jpg 580w, https:\/\/kapitalis.com\/tunisie\/wp-content\/uploads\/2024\/09\/Hichem-Elloumi-860x452.jpg 860w, https:\/\/kapitalis.com\/tunisie\/wp-content\/uploads\/2024\/09\/Hichem-Elloumi-1160x609.jpg 1160w, https:\/\/kapitalis.com\/tunisie\/wp-content\/uploads\/2024\/09\/Hichem-Elloumi.jpg 1200w\" sizes=\"auto, (max-width: 1024px) 100vw, 1024px\" \/><figcaption class=\"wp-element-caption\"><em>Hichem Elloumi.<\/em><\/figcaption><\/figure>\n<\/div>\n\n\n<h2 class=\"wp-block-heading\">Une production industrielle plus propre<\/h2>\n\n\n\n<p>Intervenant au point de presse, le vice-pr\u00e9sident de l\u2019Union tunisienne de l\u2019industrie, du commerce et de l\u2019artisanat (Utica) Hichem Elloumi, a mis l\u2019accent sur l\u2019importance de ce forum pour le secteur priv\u00e9, qui est engag\u00e9 \u00e0 r\u00e9duire les \u00e9missions de gaz \u00e0 effet de serre. Il a rappel\u00e9 que la Tunisie devra r\u00e9duire la densit\u00e9 carbone de 45% \u00e0 l\u2019horizon de 2030, dont une part de 50% provient du secteur priv\u00e9.<\/p>\n\n\n\n<p><em>\u00abIl est important d\u2019inciter le secteur priv\u00e9 \u00e0 investir dans le secteur des \u00e9nergies renouvelables, car 75% des \u00e9missions de gaz \u00e0 effet de serre proviennent de l\u2019\u00e9nergie\u00bb<\/em>, a-t-il ajout\u00e9<\/p>\n\n\n\n<p>Les entreprises tunisiennes exportatrices op\u00e9rant dans le secteur industriel sont appel\u00e9es \u00e0 se conformer aux nouvelles lois exig\u00e9es par l\u2019Union europ\u00e9enne (UE), principal partenaire de la Tunisie, pour qu\u2019elles soient comp\u00e9titives et attractives, a soulign\u00e9 Elloumi, \u00e9voquant \u00e0 cet \u00e9gard le m\u00e9canisme d\u2019ajustement carbone aux fronti\u00e8res (MACF) de l\u2019UE.<\/p>\n\n\n\n<p>Le MACF est un outil pour fixer un prix \u00e9quitable au carbone \u00e9mis lors de la production de biens \u00e0 forte intensit\u00e9 de carbone qui entrent dans l\u2019UE, et pour encourager une production industrielle plus propre dans les pays tiers.<\/p>\n\n\n<div class=\"wp-block-image\">\n<figure class=\"aligncenter size-large\"><img loading=\"lazy\" decoding=\"async\" width=\"1024\" height=\"538\" src=\"https:\/\/kapitalis.com\/tunisie\/wp-content\/uploads\/2024\/09\/Celine-Moyroud-1024x538.jpg\" alt=\"\" class=\"wp-image-13930544\" srcset=\"https:\/\/kapitalis.com\/tunisie\/wp-content\/uploads\/2024\/09\/Celine-Moyroud-1024x538.jpg 1024w, https:\/\/kapitalis.com\/tunisie\/wp-content\/uploads\/2024\/09\/Celine-Moyroud-300x158.jpg 300w, https:\/\/kapitalis.com\/tunisie\/wp-content\/uploads\/2024\/09\/Celine-Moyroud-768x403.jpg 768w, https:\/\/kapitalis.com\/tunisie\/wp-content\/uploads\/2024\/09\/Celine-Moyroud-580x305.jpg 580w, https:\/\/kapitalis.com\/tunisie\/wp-content\/uploads\/2024\/09\/Celine-Moyroud-860x452.jpg 860w, https:\/\/kapitalis.com\/tunisie\/wp-content\/uploads\/2024\/09\/Celine-Moyroud-1160x609.jpg 1160w, https:\/\/kapitalis.com\/tunisie\/wp-content\/uploads\/2024\/09\/Celine-Moyroud.jpg 1200w\" sizes=\"auto, (max-width: 1024px) 100vw, 1024px\" \/><figcaption class=\"wp-element-caption\"><em>C\u00e9line Moyroud.<\/em><\/figcaption><\/figure>\n<\/div>\n\n\n<p>Pour sa part, C\u00e9line Moyroud, repr\u00e9sentante r\u00e9sidente du Programme des Nations unies pour le d\u00e9veloppement (Pnud) en Tunisie, organisme qui accompagne la Tunisie dans son processus de d\u00e9carbonation et de transition \u00e9nerg\u00e9tique, a indiqu\u00e9 que ce forum s\u2019inscrit dans le cadre de partenariat du Pnud avec la Tunisie, notamment l\u2019ANME, pour r\u00e9ussir les d\u00e9marches de transition \u00e9nerg\u00e9tique et d\u2019efficacit\u00e9 \u00e9nerg\u00e9tique.<\/p>\n\n\n\n<p>Elle a fait remarquer que le PNUD assiste l\u2019ANME \u00e0 d\u00e9velopper la plateforme qui permettra aux entreprises tunisiennes de calculer leur empreinte carbone, qualifiant cette initiative de <em>\u00abpremier pas pour avancer vers une d\u00e9carbonation de l&rsquo;industrie\u00bb<\/em>.<\/p>\n\n\n\n<p>Organis\u00e9 par l\u2019ANME et l\u2019Utica en partenariat avec le Pnud, l\u2019UE et la GIZ, l\u2019agence de coop\u00e9ration allemande au d\u00e9veloppement, ce forum constitue une plateforme pour catalyser un dialogue r\u00e9gional et international autour des opportunit\u00e9s et des d\u00e9fis de la cha\u00eene de valeur industrielle, logistique et technologique de la d\u00e9carbonation.<\/p>\n\n\n\n<p><strong><em>D\u2019apr\u00e8s Tap<\/em><\/strong>.<\/p>\n","protected":false},"excerpt":{"rendered":"<p>La 1\u00e8re \u00e9dition du Forum m\u00e9diterran\u00e9en de la d\u00e9carbonation \u00abDecarboMed\u00bb se tiendra du 24 au 25 septembre 2024 \u00e0 Tunis. <\/p>\n","protected":false},"author":8,"featured_media":13930526,"comment_status":"closed","ping_status":"open","sticky":false,"template":"","format":"standard","meta":{"footnotes":""},"categories":[995,2433],"tags":[102117,117802,107056,84938,5640,93625,1331,91928,80209,62643],"class_list":["post-13930479","post","type-post","status-publish","format-standard","has-post-thumbnail","hentry","category-economie","category-tunisie","tag-celine-moyroud","tag-decarbomed","tag-decarbonation","tag-economie-circulaire","tag-energies-renouvelables","tag-fathi-hanchi","tag-hichem-elloumi","tag-hydrogene-vert","tag-transition-energetique","tag-tunisie"],"yoast_head":"<!-- This site is optimized with the Yoast SEO plugin v26.6 - https:\/\/yoast.com\/wordpress\/plugins\/seo\/ -->\n<title>Forum \u00e0 Tunis\u00a0: Vers une M\u00e9diterran\u00e9e neutre en carbone - Kapitalis<\/title>\n<meta name=\"robots\" content=\"index, follow, max-snippet:-1, max-image-preview:large, max-video-preview:-1\" \/>\n<link rel=\"canonical\" href=\"https:\/\/kapitalis.com\/tunisie\/2024\/09\/05\/forum-a-tunis-vers-une-mediterranee-neutre-en-carbone\/\" \/>\n<meta property=\"og:locale\" content=\"fr_FR\" \/>\n<meta property=\"og:type\" content=\"article\" \/>\n<meta property=\"og:title\" content=\"Forum \u00e0 Tunis\u00a0: Vers une M\u00e9diterran\u00e9e neutre en carbone - Kapitalis\" \/>\n<meta property=\"og:description\" content=\"La 1\u00e8re \u00e9dition du Forum m\u00e9diterran\u00e9en de la d\u00e9carbonation \u00abDecarboMed\u00bb se tiendra du 24 au 25 septembre 2024 \u00e0 Tunis.\" \/>\n<meta property=\"og:url\" content=\"https:\/\/kapitalis.com\/tunisie\/2024\/09\/05\/forum-a-tunis-vers-une-mediterranee-neutre-en-carbone\/\" \/>\n<meta property=\"og:site_name\" content=\"Kapitalis\" \/>\n<meta property=\"article:publisher\" content=\"https:\/\/www.facebook.com\/KapitalisInfo\/\" \/>\n<meta property=\"article:published_time\" content=\"2024-09-05T09:57:16+00:00\" \/>\n<meta property=\"article:modified_time\" content=\"2024-09-05T09:57:19+00:00\" \/>\n<meta property=\"og:image\" content=\"https:\/\/kapitalis.com\/tunisie\/wp-content\/uploads\/2024\/09\/Decarbomed.jpg\" \/>\n\t<meta property=\"og:image:width\" content=\"1200\" \/>\n\t<meta property=\"og:image:height\" content=\"630\" \/>\n\t<meta property=\"og:image:type\" content=\"image\/jpeg\" \/>\n<meta name=\"author\" content=\"webmaster kapitalis\" \/>\n<meta name=\"twitter:card\" content=\"summary_large_image\" \/>\n<meta name=\"twitter:creator\" content=\"@KapitalisInfo\" \/>\n<meta name=\"twitter:site\" content=\"@KapitalisInfo\" \/>\n<meta name=\"twitter:label1\" content=\"\u00c9crit par\" \/>\n\t<meta name=\"twitter:data1\" content=\"webmaster kapitalis\" \/>\n\t<meta name=\"twitter:label2\" content=\"Dur\u00e9e de lecture estim\u00e9e\" \/>\n\t<meta name=\"twitter:data2\" content=\"5 minutes\" \/>\n<script type=\"application\/ld+json\" class=\"yoast-schema-graph\">{\"@context\":\"https:\/\/schema.org\",\"@graph\":[{\"@type\":\"Article\",\"@id\":\"https:\/\/kapitalis.com\/tunisie\/2024\/09\/05\/forum-a-tunis-vers-une-mediterranee-neutre-en-carbone\/#article\",\"isPartOf\":{\"@id\":\"https:\/\/kapitalis.com\/tunisie\/2024\/09\/05\/forum-a-tunis-vers-une-mediterranee-neutre-en-carbone\/\"},\"author\":{\"name\":\"webmaster kapitalis\",\"@id\":\"https:\/\/kapitalis.com\/tunisie\/#\/schema\/person\/d71f33a9ca44f7bad4698210b480c8e9\"},\"headline\":\"Forum \u00e0 Tunis\u00a0: Vers une M\u00e9diterran\u00e9e neutre en carbone\",\"datePublished\":\"2024-09-05T09:57:16+00:00\",\"dateModified\":\"2024-09-05T09:57:19+00:00\",\"mainEntityOfPage\":{\"@id\":\"https:\/\/kapitalis.com\/tunisie\/2024\/09\/05\/forum-a-tunis-vers-une-mediterranee-neutre-en-carbone\/\"},\"wordCount\":805,\"publisher\":{\"@id\":\"https:\/\/kapitalis.com\/tunisie\/#organization\"},\"image\":{\"@id\":\"https:\/\/kapitalis.com\/tunisie\/2024\/09\/05\/forum-a-tunis-vers-une-mediterranee-neutre-en-carbone\/#primaryimage\"},\"thumbnailUrl\":\"https:\/\/kapitalis.com\/tunisie\/wp-content\/uploads\/2024\/09\/Decarbomed.jpg\",\"keywords\":[\"C\u00e9line Moyroud\",\"DecarboMed\",\"d\u00e9carbonation\",\"\u00e9conomie circulaire\",\"\u00e9nergies renouvelables\",\"Fathi Hanchi\",\"Hichem Elloumi\",\"hydrog\u00e8ne vert\",\"Transition \u00e9nerg\u00e9tique\",\"Tunisie\"],\"articleSection\":[\"ECONOMIE\",\"Tunisie\"],\"inLanguage\":\"fr-FR\"},{\"@type\":\"WebPage\",\"@id\":\"https:\/\/kapitalis.com\/tunisie\/2024\/09\/05\/forum-a-tunis-vers-une-mediterranee-neutre-en-carbone\/\",\"url\":\"https:\/\/kapitalis.com\/tunisie\/2024\/09\/05\/forum-a-tunis-vers-une-mediterranee-neutre-en-carbone\/\",\"name\":\"Forum \u00e0 Tunis\u00a0: Vers une M\u00e9diterran\u00e9e neutre en carbone - Kapitalis\",\"isPartOf\":{\"@id\":\"https:\/\/kapitalis.com\/tunisie\/#website\"},\"primaryImageOfPage\":{\"@id\":\"https:\/\/kapitalis.com\/tunisie\/2024\/09\/05\/forum-a-tunis-vers-une-mediterranee-neutre-en-carbone\/#primaryimage\"},\"image\":{\"@id\":\"https:\/\/kapitalis.com\/tunisie\/2024\/09\/05\/forum-a-tunis-vers-une-mediterranee-neutre-en-carbone\/#primaryimage\"},\"thumbnailUrl\":\"https:\/\/kapitalis.com\/tunisie\/wp-content\/uploads\/2024\/09\/Decarbomed.jpg\",\"datePublished\":\"2024-09-05T09:57:16+00:00\",\"dateModified\":\"2024-09-05T09:57:19+00:00\",\"breadcrumb\":{\"@id\":\"https:\/\/kapitalis.com\/tunisie\/2024\/09\/05\/forum-a-tunis-vers-une-mediterranee-neutre-en-carbone\/#breadcrumb\"},\"inLanguage\":\"fr-FR\",\"potentialAction\":[{\"@type\":\"ReadAction\",\"target\":[\"https:\/\/kapitalis.com\/tunisie\/2024\/09\/05\/forum-a-tunis-vers-une-mediterranee-neutre-en-carbone\/\"]}]},{\"@type\":\"ImageObject\",\"inLanguage\":\"fr-FR\",\"@id\":\"https:\/\/kapitalis.com\/tunisie\/2024\/09\/05\/forum-a-tunis-vers-une-mediterranee-neutre-en-carbone\/#primaryimage\",\"url\":\"https:\/\/kapitalis.com\/tunisie\/wp-content\/uploads\/2024\/09\/Decarbomed.jpg\",\"contentUrl\":\"https:\/\/kapitalis.com\/tunisie\/wp-content\/uploads\/2024\/09\/Decarbomed.jpg\",\"width\":1200,\"height\":630},{\"@type\":\"BreadcrumbList\",\"@id\":\"https:\/\/kapitalis.com\/tunisie\/2024\/09\/05\/forum-a-tunis-vers-une-mediterranee-neutre-en-carbone\/#breadcrumb\",\"itemListElement\":[{\"@type\":\"ListItem\",\"position\":1,\"name\":\"Accueil\",\"item\":\"https:\/\/kapitalis.com\/tunisie\/\"},{\"@type\":\"ListItem\",\"position\":2,\"name\":\"Forum \u00e0 Tunis\u00a0: Vers une M\u00e9diterran\u00e9e neutre en carbone\"}]},{\"@type\":\"WebSite\",\"@id\":\"https:\/\/kapitalis.com\/tunisie\/#website\",\"url\":\"https:\/\/kapitalis.com\/tunisie\/\",\"name\":\"Kapitalis\",\"description\":\"L&#039;actualit\u00e9 en Tunisie et dans le monde\",\"publisher\":{\"@id\":\"https:\/\/kapitalis.com\/tunisie\/#organization\"},\"potentialAction\":[{\"@type\":\"SearchAction\",\"target\":{\"@type\":\"EntryPoint\",\"urlTemplate\":\"https:\/\/kapitalis.com\/tunisie\/?s={search_term_string}\"},\"query-input\":{\"@type\":\"PropertyValueSpecification\",\"valueRequired\":true,\"valueName\":\"search_term_string\"}}],\"inLanguage\":\"fr-FR\"},{\"@type\":\"Organization\",\"@id\":\"https:\/\/kapitalis.com\/tunisie\/#organization\",\"name\":\"Kapitalis\",\"url\":\"https:\/\/kapitalis.com\/tunisie\/\",\"logo\":{\"@type\":\"ImageObject\",\"inLanguage\":\"fr-FR\",\"@id\":\"https:\/\/kapitalis.com\/tunisie\/#\/schema\/logo\/image\/\",\"url\":\"https:\/\/kapitalis.com\/tunisie\/wp-content\/uploads\/2022\/05\/Kapitalis-big-size.png\",\"contentUrl\":\"https:\/\/kapitalis.com\/tunisie\/wp-content\/uploads\/2022\/05\/Kapitalis-big-size.png\",\"width\":5000,\"height\":1500,\"caption\":\"Kapitalis\"},\"image\":{\"@id\":\"https:\/\/kapitalis.com\/tunisie\/#\/schema\/logo\/image\/\"},\"sameAs\":[\"https:\/\/www.facebook.com\/KapitalisInfo\/\",\"https:\/\/x.com\/KapitalisInfo\",\"https:\/\/www.youtube.com\/channel\/UC-yDYrHyfFBWWZaOw3FPg9Q\"]},{\"@type\":\"Person\",\"@id\":\"https:\/\/kapitalis.com\/tunisie\/#\/schema\/person\/d71f33a9ca44f7bad4698210b480c8e9\",\"name\":\"webmaster kapitalis\",\"url\":\"https:\/\/kapitalis.com\/tunisie\/author\/webmaster-kapitalis\/\"}]}<\/script>\n<!-- \/ Yoast SEO plugin. -->","yoast_head_json":{"title":"Forum \u00e0 Tunis\u00a0: Vers une M\u00e9diterran\u00e9e neutre en carbone - Kapitalis","robots":{"index":"index","follow":"follow","max-snippet":"max-snippet:-1","max-image-preview":"max-image-preview:large","max-video-preview":"max-video-preview:-1"},"canonical":"https:\/\/kapitalis.com\/tunisie\/2024\/09\/05\/forum-a-tunis-vers-une-mediterranee-neutre-en-carbone\/","og_locale":"fr_FR","og_type":"article","og_title":"Forum \u00e0 Tunis\u00a0: Vers une M\u00e9diterran\u00e9e neutre en carbone - Kapitalis","og_description":"La 1\u00e8re \u00e9dition du Forum m\u00e9diterran\u00e9en de la d\u00e9carbonation \u00abDecarboMed\u00bb se tiendra du 24 au 25 septembre 2024 \u00e0 Tunis.","og_url":"https:\/\/kapitalis.com\/tunisie\/2024\/09\/05\/forum-a-tunis-vers-une-mediterranee-neutre-en-carbone\/","og_site_name":"Kapitalis","article_publisher":"https:\/\/www.facebook.com\/KapitalisInfo\/","article_published_time":"2024-09-05T09:57:16+00:00","article_modified_time":"2024-09-05T09:57:19+00:00","og_image":[{"width":1200,"height":630,"url":"https:\/\/kapitalis.com\/tunisie\/wp-content\/uploads\/2024\/09\/Decarbomed.jpg","type":"image\/jpeg"}],"author":"webmaster kapitalis","twitter_card":"summary_large_image","twitter_creator":"@KapitalisInfo","twitter_site":"@KapitalisInfo","twitter_misc":{"\u00c9crit par":"webmaster kapitalis","Dur\u00e9e de lecture estim\u00e9e":"5 minutes"},"schema":{"@context":"https:\/\/schema.org","@graph":[{"@type":"Article","@id":"https:\/\/kapitalis.com\/tunisie\/2024\/09\/05\/forum-a-tunis-vers-une-mediterranee-neutre-en-carbone\/#article","isPartOf":{"@id":"https:\/\/kapitalis.com\/tunisie\/2024\/09\/05\/forum-a-tunis-vers-une-mediterranee-neutre-en-carbone\/"},"author":{"name":"webmaster kapitalis","@id":"https:\/\/kapitalis.com\/tunisie\/#\/schema\/person\/d71f33a9ca44f7bad4698210b480c8e9"},"headline":"Forum \u00e0 Tunis\u00a0: Vers une M\u00e9diterran\u00e9e neutre en carbone","datePublished":"2024-09-05T09:57:16+00:00","dateModified":"2024-09-05T09:57:19+00:00","mainEntityOfPage":{"@id":"https:\/\/kapitalis.com\/tunisie\/2024\/09\/05\/forum-a-tunis-vers-une-mediterranee-neutre-en-carbone\/"},"wordCount":805,"publisher":{"@id":"https:\/\/kapitalis.com\/tunisie\/#organization"},"image":{"@id":"https:\/\/kapitalis.com\/tunisie\/2024\/09\/05\/forum-a-tunis-vers-une-mediterranee-neutre-en-carbone\/#primaryimage"},"thumbnailUrl":"https:\/\/kapitalis.com\/tunisie\/wp-content\/uploads\/2024\/09\/Decarbomed.jpg","keywords":["C\u00e9line Moyroud","DecarboMed","d\u00e9carbonation","\u00e9conomie circulaire","\u00e9nergies renouvelables","Fathi Hanchi","Hichem Elloumi","hydrog\u00e8ne vert","Transition \u00e9nerg\u00e9tique","Tunisie"],"articleSection":["ECONOMIE","Tunisie"],"inLanguage":"fr-FR"},{"@type":"WebPage","@id":"https:\/\/kapitalis.com\/tunisie\/2024\/09\/05\/forum-a-tunis-vers-une-mediterranee-neutre-en-carbone\/","url":"https:\/\/kapitalis.com\/tunisie\/2024\/09\/05\/forum-a-tunis-vers-une-mediterranee-neutre-en-carbone\/","name":"Forum \u00e0 Tunis\u00a0: Vers une M\u00e9diterran\u00e9e neutre en carbone - Kapitalis","isPartOf":{"@id":"https:\/\/kapitalis.com\/tunisie\/#website"},"primaryImageOfPage":{"@id":"https:\/\/kapitalis.com\/tunisie\/2024\/09\/05\/forum-a-tunis-vers-une-mediterranee-neutre-en-carbone\/#primaryimage"},"image":{"@id":"https:\/\/kapitalis.com\/tunisie\/2024\/09\/05\/forum-a-tunis-vers-une-mediterranee-neutre-en-carbone\/#primaryimage"},"thumbnailUrl":"https:\/\/kapitalis.com\/tunisie\/wp-content\/uploads\/2024\/09\/Decarbomed.jpg","datePublished":"2024-09-05T09:57:16+00:00","dateModified":"2024-09-05T09:57:19+00:00","breadcrumb":{"@id":"https:\/\/kapitalis.com\/tunisie\/2024\/09\/05\/forum-a-tunis-vers-une-mediterranee-neutre-en-carbone\/#breadcrumb"},"inLanguage":"fr-FR","potentialAction":[{"@type":"ReadAction","target":["https:\/\/kapitalis.com\/tunisie\/2024\/09\/05\/forum-a-tunis-vers-une-mediterranee-neutre-en-carbone\/"]}]},{"@type":"ImageObject","inLanguage":"fr-FR","@id":"https:\/\/kapitalis.com\/tunisie\/2024\/09\/05\/forum-a-tunis-vers-une-mediterranee-neutre-en-carbone\/#primaryimage","url":"https:\/\/kapitalis.com\/tunisie\/wp-content\/uploads\/2024\/09\/Decarbomed.jpg","contentUrl":"https:\/\/kapitalis.com\/tunisie\/wp-content\/uploads\/2024\/09\/Decarbomed.jpg","width":1200,"height":630},{"@type":"BreadcrumbList","@id":"https:\/\/kapitalis.com\/tunisie\/2024\/09\/05\/forum-a-tunis-vers-une-mediterranee-neutre-en-carbone\/#breadcrumb","itemListElement":[{"@type":"ListItem","position":1,"name":"Accueil","item":"https:\/\/kapitalis.com\/tunisie\/"},{"@type":"ListItem","position":2,"name":"Forum \u00e0 Tunis\u00a0: Vers une M\u00e9diterran\u00e9e neutre en carbone"}]},{"@type":"WebSite","@id":"https:\/\/kapitalis.com\/tunisie\/#website","url":"https:\/\/kapitalis.com\/tunisie\/","name":"Kapitalis","description":"L&#039;actualit\u00e9 en Tunisie et dans le monde","publisher":{"@id":"https:\/\/kapitalis.com\/tunisie\/#organization"},"potentialAction":[{"@type":"SearchAction","target":{"@type":"EntryPoint","urlTemplate":"https:\/\/kapitalis.com\/tunisie\/?s={search_term_string}"},"query-input":{"@type":"PropertyValueSpecification","valueRequired":true,"valueName":"search_term_string"}}],"inLanguage":"fr-FR"},{"@type":"Organization","@id":"https:\/\/kapitalis.com\/tunisie\/#organization","name":"Kapitalis","url":"https:\/\/kapitalis.com\/tunisie\/","logo":{"@type":"ImageObject","inLanguage":"fr-FR","@id":"https:\/\/kapitalis.com\/tunisie\/#\/schema\/logo\/image\/","url":"https:\/\/kapitalis.com\/tunisie\/wp-content\/uploads\/2022\/05\/Kapitalis-big-size.png","contentUrl":"https:\/\/kapitalis.com\/tunisie\/wp-content\/uploads\/2022\/05\/Kapitalis-big-size.png","width":5000,"height":1500,"caption":"Kapitalis"},"image":{"@id":"https:\/\/kapitalis.com\/tunisie\/#\/schema\/logo\/image\/"},"sameAs":["https:\/\/www.facebook.com\/KapitalisInfo\/","https:\/\/x.com\/KapitalisInfo","https:\/\/www.youtube.com\/channel\/UC-yDYrHyfFBWWZaOw3FPg9Q"]},{"@type":"Person","@id":"https:\/\/kapitalis.com\/tunisie\/#\/schema\/person\/d71f33a9ca44f7bad4698210b480c8e9","name":"webmaster kapitalis","url":"https:\/\/kapitalis.com\/tunisie\/author\/webmaster-kapitalis\/"}]}},"_links":{"self":[{"href":"https:\/\/kapitalis.com\/tunisie\/wp-json\/wp\/v2\/posts\/13930479","targetHints":{"allow":["GET"]}}],"collection":[{"href":"https:\/\/kapitalis.com\/tunisie\/wp-json\/wp\/v2\/posts"}],"about":[{"href":"https:\/\/kapitalis.com\/tunisie\/wp-json\/wp\/v2\/types\/post"}],"author":[{"embeddable":true,"href":"https:\/\/kapitalis.com\/tunisie\/wp-json\/wp\/v2\/users\/8"}],"replies":[{"embeddable":true,"href":"https:\/\/kapitalis.com\/tunisie\/wp-json\/wp\/v2\/comments?post=13930479"}],"version-history":[{"count":1,"href":"https:\/\/kapitalis.com\/tunisie\/wp-json\/wp\/v2\/posts\/13930479\/revisions"}],"predecessor-version":[{"id":13930556,"href":"https:\/\/kapitalis.com\/tunisie\/wp-json\/wp\/v2\/posts\/13930479\/revisions\/13930556"}],"wp:featuredmedia":[{"embeddable":true,"href":"https:\/\/kapitalis.com\/tunisie\/wp-json\/wp\/v2\/media\/13930526"}],"wp:attachment":[{"href":"https:\/\/kapitalis.com\/tunisie\/wp-json\/wp\/v2\/media?parent=13930479"}],"wp:term":[{"taxonomy":"category","embeddable":true,"href":"https:\/\/kapitalis.com\/tunisie\/wp-json\/wp\/v2\/categories?post=13930479"},{"taxonomy":"post_tag","embeddable":true,"href":"https:\/\/kapitalis.com\/tunisie\/wp-json\/wp\/v2\/tags?post=13930479"}],"curies":[{"name":"wp","href":"https:\/\/api.w.org\/{rel}","templated":true}]}}