{"id":139351,"date":"2018-02-19T11:38:12","date_gmt":"2018-02-19T10:38:12","guid":{"rendered":"http:\/\/kapitalis.com\/tunisie\/?p=139351"},"modified":"2018-02-19T11:43:17","modified_gmt":"2018-02-19T10:43:17","slug":"enfants-autistes-tortures-vers-fermeture-centre-de-lariana","status":"publish","type":"post","link":"https:\/\/kapitalis.com\/tunisie\/2018\/02\/19\/enfants-autistes-tortures-vers-fermeture-centre-de-lariana\/","title":{"rendered":"Enfants autistes tortur\u00e9s : Vers la fermeture du centre de l\u2019Ariana"},"content":{"rendered":"<p style=\"text-align: center;\"><img loading=\"lazy\" decoding=\"async\" class=\"alignnone size-full wp-image-105913\" src=\"http:\/\/kapitalis.com\/tunisie\/wp-content\/uploads\/2017\/07\/ado-enfants-viol-enlevement.jpg\" alt=\"\" width=\"626\" height=\"380\" \/><\/p>\n<p><em><strong>Une enqu\u00eate a \u00e9t\u00e9 ouverte, ce lundi 19 f\u00e9vrier 2018, sur les sc\u00e8nes de tortures film\u00e9es dans un centre pour enfants autistes \u00e0 l\u2019Ariana (nord de Tunis).<\/strong><\/em><\/p>\n<p><!--more--><\/p>\n<p>Une vid\u00e9o a \u00e9t\u00e9 diffus\u00e9e, le weekend dernier, sur les r\u00e9seaux sociaux, montrant des \u00e9ducateurs battre, maltraiter et insulter des autistes. Ces sc\u00e8nes choquantes auraient \u00e9t\u00e9 film\u00e9es par une stagiaire et la vid\u00e9o transmise au journal <em>\u00ab\u00a0Al-Sada\u00a0\u00bb<\/em>.<\/p>\n<p>Interpell\u00e9 \u00e0 ce sujet, le d\u00e9l\u00e9gu\u00e9 g\u00e9n\u00e9ral \u00e0 la protection de l\u2019enfance, Mehyar Hamadi, a d\u00e9clar\u00e9 aux m\u00e9dias que la justice a \u00e9t\u00e9 saisie et que le centre serait ferm\u00e9 si ces d\u00e9passements et crimes contre l\u2019enfance sont prouv\u00e9s. Et en attendant, les enfants seraient replac\u00e9s rapidement dans centres sp\u00e9cifiques.<\/p>\n<div class=\"embed\">\n<div class=\"video\"><iframe loading=\"lazy\" src=\"https:\/\/www.youtube.com\/embed\/MIeUu1UG4Ow?rel=0&amp;showinfo=0\" width=\"560\" height=\"315\" frameborder=\"0\" allowfullscreen=\"allowfullscreen\"><\/iframe><\/div>\n<\/div>\n<p> &nbsp;<br \/>\nD\u2019autre part, des parents ayant reconnu leurs enfants et les \u00e9ducatrices H. C, orthophoniste de son \u00e9tat, et H. J., porteront \u00e9galement plainte contre le centre et contre celles qu\u2019ils ont qualifi\u00e9es de \u00ab<em>bourreaux<\/em>\u00bb.<\/p>\n<p>Rappelons qu&rsquo;en novembre 2017, une histoire avait fait couler beaucoup d\u2019encre sur des cas de violences commises dans un centre \u00e9ducatif pour enfants handicap\u00e9s \u00e0 El-Mourouj, au sud de Tunis. A en croire les parents, les enfants souffrant de handicap ou de retard mental sont souvent victimes d&rsquo;abus, les \u00e9ducateurs \u00e9tant conscients que ces derniers ne pouvaient pas r\u00e9v\u00e9ler ce qu&rsquo;il subissaient dans le centre&#8230;<\/p>\n<p style=\"text-align: right;\"><strong>Y. N.<\/strong><\/p>\n<blockquote class=\"wp-embedded-content\" data-secret=\"iHnNSI470N\"><p><a href=\"https:\/\/kapitalis.com\/tunisie\/2017\/11\/06\/el-mourouj-enfants-handicapes-violentes-dans-un-centre-educatif\/\">El-Mourouj : Enfants handicap\u00e9s violent\u00e9s dans un centre \u00e9ducatif<\/a><\/p><\/blockquote>\n<p><iframe loading=\"lazy\" class=\"wp-embedded-content\" sandbox=\"allow-scripts\" security=\"restricted\" style=\"position: absolute; clip: rect(1px, 1px, 1px, 1px);\" title=\"\u00ab\u00a0El-Mourouj : Enfants handicap\u00e9s violent\u00e9s dans un centre \u00e9ducatif\u00a0\u00bb &#8212; Kapitalis\" src=\"https:\/\/kapitalis.com\/tunisie\/2017\/11\/06\/el-mourouj-enfants-handicapes-violentes-dans-un-centre-educatif\/embed\/#?secret=CCFki9irDd#?secret=iHnNSI470N\" data-secret=\"iHnNSI470N\" width=\"600\" height=\"338\" frameborder=\"0\" marginwidth=\"0\" marginheight=\"0\" scrolling=\"no\"><\/iframe><\/p>\n<p>&nbsp;<\/p>\n<blockquote class=\"wp-embedded-content\" data-secret=\"YlNyL9EMVX\"><p><a href=\"https:\/\/kapitalis.com\/tunisie\/2016\/11\/08\/ariana-pour-calmer-mohamed-ali-son-educatrice-le-brule-avec-des-cigarettes\/\">Ariana : Pour calmer Mohamed Ali, son \u00e9ducatrice le br\u00fble avec des cigarettes<\/a><\/p><\/blockquote>\n<p><iframe loading=\"lazy\" class=\"wp-embedded-content\" sandbox=\"allow-scripts\" security=\"restricted\" style=\"position: absolute; clip: rect(1px, 1px, 1px, 1px);\" title=\"\u00ab\u00a0Ariana : Pour calmer Mohamed Ali, son \u00e9ducatrice le br\u00fble avec des cigarettes\u00a0\u00bb &#8212; Kapitalis\" src=\"https:\/\/kapitalis.com\/tunisie\/2016\/11\/08\/ariana-pour-calmer-mohamed-ali-son-educatrice-le-brule-avec-des-cigarettes\/embed\/#?secret=hHMALIlXzR#?secret=YlNyL9EMVX\" data-secret=\"YlNyL9EMVX\" width=\"600\" height=\"338\" frameborder=\"0\" marginwidth=\"0\" marginheight=\"0\" scrolling=\"no\"><\/iframe><\/p>\n","protected":false},"excerpt":{"rendered":"<p>Une enqu\u00eate a \u00e9t\u00e9 ouverte, ce lundi 19 f\u00e9vrier 2018, sur les sc\u00e8nes de tortures film\u00e9es dans un centre pour enfants autistes \u00e0 l\u2019Ariana (nord de Tunis).<\/p>\n","protected":false},"author":6,"featured_media":0,"comment_status":"open","ping_status":"open","sticky":false,"template":"","format":"standard","meta":{"footnotes":""},"categories":[998,2433,4806],"tags":[79,31197,1645,321,3272,906,6581],"class_list":["post-139351","post","type-post","status-publish","format-standard","hentry","category-societe","category-tunisie","category-videos","tag-ariana","tag-autistes","tag-centre","tag-enfants","tag-protection-enfance","tag-torture","tag-violences"],"yoast_head":"<!-- This site is optimized with the Yoast SEO plugin v26.6 - https:\/\/yoast.com\/wordpress\/plugins\/seo\/ -->\n<title>Enfants autistes tortur\u00e9s : Vers la fermeture du centre de l\u2019Ariana - Kapitalis<\/title>\n<meta name=\"robots\" content=\"index, follow, max-snippet:-1, max-image-preview:large, max-video-preview:-1\" \/>\n<link rel=\"canonical\" href=\"https:\/\/kapitalis.com\/tunisie\/2018\/02\/19\/enfants-autistes-tortures-vers-fermeture-centre-de-lariana\/\" \/>\n<meta property=\"og:locale\" content=\"fr_FR\" \/>\n<meta property=\"og:type\" content=\"article\" \/>\n<meta property=\"og:title\" content=\"Enfants autistes tortur\u00e9s : Vers la fermeture du centre de l\u2019Ariana - Kapitalis\" \/>\n<meta property=\"og:description\" content=\"Une enqu\u00eate a \u00e9t\u00e9 ouverte, ce lundi 19 f\u00e9vrier 2018, sur les sc\u00e8nes de tortures film\u00e9es dans un centre pour enfants autistes \u00e0 l\u2019Ariana (nord de Tunis).\" \/>\n<meta property=\"og:url\" content=\"https:\/\/kapitalis.com\/tunisie\/2018\/02\/19\/enfants-autistes-tortures-vers-fermeture-centre-de-lariana\/\" \/>\n<meta property=\"og:site_name\" content=\"Kapitalis\" \/>\n<meta property=\"article:publisher\" content=\"https:\/\/www.facebook.com\/KapitalisInfo\/\" \/>\n<meta property=\"article:published_time\" content=\"2018-02-19T10:38:12+00:00\" \/>\n<meta property=\"article:modified_time\" content=\"2018-02-19T10:43:17+00:00\" \/>\n<meta property=\"og:image\" content=\"http:\/\/kapitalis.com\/tunisie\/wp-content\/uploads\/2017\/07\/ado-enfants-viol-enlevement.jpg\" \/>\n<meta name=\"author\" content=\"Yusra NY\" \/>\n<meta name=\"twitter:card\" content=\"summary_large_image\" \/>\n<meta name=\"twitter:creator\" content=\"@KapitalisInfo\" \/>\n<meta name=\"twitter:site\" content=\"@KapitalisInfo\" \/>\n<meta name=\"twitter:label1\" content=\"\u00c9crit par\" \/>\n\t<meta name=\"twitter:data1\" content=\"Yusra NY\" \/>\n\t<meta name=\"twitter:label2\" content=\"Dur\u00e9e de lecture estim\u00e9e\" \/>\n\t<meta name=\"twitter:data2\" content=\"1 minute\" \/>\n<script type=\"application\/ld+json\" class=\"yoast-schema-graph\">{\"@context\":\"https:\/\/schema.org\",\"@graph\":[{\"@type\":\"Article\",\"@id\":\"https:\/\/kapitalis.com\/tunisie\/2018\/02\/19\/enfants-autistes-tortures-vers-fermeture-centre-de-lariana\/#article\",\"isPartOf\":{\"@id\":\"https:\/\/kapitalis.com\/tunisie\/2018\/02\/19\/enfants-autistes-tortures-vers-fermeture-centre-de-lariana\/\"},\"author\":{\"name\":\"Yusra NY\",\"@id\":\"https:\/\/kapitalis.com\/tunisie\/#\/schema\/person\/74bbde0154d49d790a92aaeac5bc01d5\"},\"headline\":\"Enfants autistes tortur\u00e9s : Vers la fermeture du centre de l\u2019Ariana\",\"datePublished\":\"2018-02-19T10:38:12+00:00\",\"dateModified\":\"2018-02-19T10:43:17+00:00\",\"mainEntityOfPage\":{\"@id\":\"https:\/\/kapitalis.com\/tunisie\/2018\/02\/19\/enfants-autistes-tortures-vers-fermeture-centre-de-lariana\/\"},\"wordCount\":262,\"commentCount\":7,\"publisher\":{\"@id\":\"https:\/\/kapitalis.com\/tunisie\/#organization\"},\"image\":{\"@id\":\"https:\/\/kapitalis.com\/tunisie\/2018\/02\/19\/enfants-autistes-tortures-vers-fermeture-centre-de-lariana\/#primaryimage\"},\"thumbnailUrl\":\"http:\/\/kapitalis.com\/tunisie\/wp-content\/uploads\/2017\/07\/ado-enfants-viol-enlevement.jpg\",\"keywords\":[\"Ariana\",\"autistes\",\"centre\",\"enfants\",\"protection enfance\",\"torture\",\"violences\"],\"articleSection\":[\"SOCIETE\",\"Tunisie\",\"VIDEOS\"],\"inLanguage\":\"fr-FR\",\"potentialAction\":[{\"@type\":\"CommentAction\",\"name\":\"Comment\",\"target\":[\"https:\/\/kapitalis.com\/tunisie\/2018\/02\/19\/enfants-autistes-tortures-vers-fermeture-centre-de-lariana\/#respond\"]}]},{\"@type\":\"WebPage\",\"@id\":\"https:\/\/kapitalis.com\/tunisie\/2018\/02\/19\/enfants-autistes-tortures-vers-fermeture-centre-de-lariana\/\",\"url\":\"https:\/\/kapitalis.com\/tunisie\/2018\/02\/19\/enfants-autistes-tortures-vers-fermeture-centre-de-lariana\/\",\"name\":\"Enfants autistes tortur\u00e9s : Vers la fermeture du centre de l\u2019Ariana - Kapitalis\",\"isPartOf\":{\"@id\":\"https:\/\/kapitalis.com\/tunisie\/#website\"},\"primaryImageOfPage\":{\"@id\":\"https:\/\/kapitalis.com\/tunisie\/2018\/02\/19\/enfants-autistes-tortures-vers-fermeture-centre-de-lariana\/#primaryimage\"},\"image\":{\"@id\":\"https:\/\/kapitalis.com\/tunisie\/2018\/02\/19\/enfants-autistes-tortures-vers-fermeture-centre-de-lariana\/#primaryimage\"},\"thumbnailUrl\":\"http:\/\/kapitalis.com\/tunisie\/wp-content\/uploads\/2017\/07\/ado-enfants-viol-enlevement.jpg\",\"datePublished\":\"2018-02-19T10:38:12+00:00\",\"dateModified\":\"2018-02-19T10:43:17+00:00\",\"breadcrumb\":{\"@id\":\"https:\/\/kapitalis.com\/tunisie\/2018\/02\/19\/enfants-autistes-tortures-vers-fermeture-centre-de-lariana\/#breadcrumb\"},\"inLanguage\":\"fr-FR\",\"potentialAction\":[{\"@type\":\"ReadAction\",\"target\":[\"https:\/\/kapitalis.com\/tunisie\/2018\/02\/19\/enfants-autistes-tortures-vers-fermeture-centre-de-lariana\/\"]}]},{\"@type\":\"ImageObject\",\"inLanguage\":\"fr-FR\",\"@id\":\"https:\/\/kapitalis.com\/tunisie\/2018\/02\/19\/enfants-autistes-tortures-vers-fermeture-centre-de-lariana\/#primaryimage\",\"url\":\"http:\/\/kapitalis.com\/tunisie\/wp-content\/uploads\/2017\/07\/ado-enfants-viol-enlevement.jpg\",\"contentUrl\":\"http:\/\/kapitalis.com\/tunisie\/wp-content\/uploads\/2017\/07\/ado-enfants-viol-enlevement.jpg\"},{\"@type\":\"BreadcrumbList\",\"@id\":\"https:\/\/kapitalis.com\/tunisie\/2018\/02\/19\/enfants-autistes-tortures-vers-fermeture-centre-de-lariana\/#breadcrumb\",\"itemListElement\":[{\"@type\":\"ListItem\",\"position\":1,\"name\":\"Accueil\",\"item\":\"https:\/\/kapitalis.com\/tunisie\/\"},{\"@type\":\"ListItem\",\"position\":2,\"name\":\"Enfants autistes tortur\u00e9s : Vers la fermeture du centre de l\u2019Ariana\"}]},{\"@type\":\"WebSite\",\"@id\":\"https:\/\/kapitalis.com\/tunisie\/#website\",\"url\":\"https:\/\/kapitalis.com\/tunisie\/\",\"name\":\"Kapitalis\",\"description\":\"L&#039;actualit\u00e9 en Tunisie et dans le monde\",\"publisher\":{\"@id\":\"https:\/\/kapitalis.com\/tunisie\/#organization\"},\"potentialAction\":[{\"@type\":\"SearchAction\",\"target\":{\"@type\":\"EntryPoint\",\"urlTemplate\":\"https:\/\/kapitalis.com\/tunisie\/?s={search_term_string}\"},\"query-input\":{\"@type\":\"PropertyValueSpecification\",\"valueRequired\":true,\"valueName\":\"search_term_string\"}}],\"inLanguage\":\"fr-FR\"},{\"@type\":\"Organization\",\"@id\":\"https:\/\/kapitalis.com\/tunisie\/#organization\",\"name\":\"Kapitalis\",\"url\":\"https:\/\/kapitalis.com\/tunisie\/\",\"logo\":{\"@type\":\"ImageObject\",\"inLanguage\":\"fr-FR\",\"@id\":\"https:\/\/kapitalis.com\/tunisie\/#\/schema\/logo\/image\/\",\"url\":\"https:\/\/kapitalis.com\/tunisie\/wp-content\/uploads\/2022\/05\/Kapitalis-big-size.png\",\"contentUrl\":\"https:\/\/kapitalis.com\/tunisie\/wp-content\/uploads\/2022\/05\/Kapitalis-big-size.png\",\"width\":5000,\"height\":1500,\"caption\":\"Kapitalis\"},\"image\":{\"@id\":\"https:\/\/kapitalis.com\/tunisie\/#\/schema\/logo\/image\/\"},\"sameAs\":[\"https:\/\/www.facebook.com\/KapitalisInfo\/\",\"https:\/\/x.com\/KapitalisInfo\",\"https:\/\/www.youtube.com\/channel\/UC-yDYrHyfFBWWZaOw3FPg9Q\"]},{\"@type\":\"Person\",\"@id\":\"https:\/\/kapitalis.com\/tunisie\/#\/schema\/person\/74bbde0154d49d790a92aaeac5bc01d5\",\"name\":\"Yusra NY\",\"url\":\"https:\/\/kapitalis.com\/tunisie\/author\/yuza_adam\/\"}]}<\/script>\n<!-- \/ Yoast SEO plugin. -->","yoast_head_json":{"title":"Enfants autistes tortur\u00e9s : Vers la fermeture du centre de l\u2019Ariana - Kapitalis","robots":{"index":"index","follow":"follow","max-snippet":"max-snippet:-1","max-image-preview":"max-image-preview:large","max-video-preview":"max-video-preview:-1"},"canonical":"https:\/\/kapitalis.com\/tunisie\/2018\/02\/19\/enfants-autistes-tortures-vers-fermeture-centre-de-lariana\/","og_locale":"fr_FR","og_type":"article","og_title":"Enfants autistes tortur\u00e9s : Vers la fermeture du centre de l\u2019Ariana - Kapitalis","og_description":"Une enqu\u00eate a \u00e9t\u00e9 ouverte, ce lundi 19 f\u00e9vrier 2018, sur les sc\u00e8nes de tortures film\u00e9es dans un centre pour enfants autistes \u00e0 l\u2019Ariana (nord de Tunis).","og_url":"https:\/\/kapitalis.com\/tunisie\/2018\/02\/19\/enfants-autistes-tortures-vers-fermeture-centre-de-lariana\/","og_site_name":"Kapitalis","article_publisher":"https:\/\/www.facebook.com\/KapitalisInfo\/","article_published_time":"2018-02-19T10:38:12+00:00","article_modified_time":"2018-02-19T10:43:17+00:00","og_image":[{"url":"http:\/\/kapitalis.com\/tunisie\/wp-content\/uploads\/2017\/07\/ado-enfants-viol-enlevement.jpg","type":"","width":"","height":""}],"author":"Yusra NY","twitter_card":"summary_large_image","twitter_creator":"@KapitalisInfo","twitter_site":"@KapitalisInfo","twitter_misc":{"\u00c9crit par":"Yusra NY","Dur\u00e9e de lecture estim\u00e9e":"1 minute"},"schema":{"@context":"https:\/\/schema.org","@graph":[{"@type":"Article","@id":"https:\/\/kapitalis.com\/tunisie\/2018\/02\/19\/enfants-autistes-tortures-vers-fermeture-centre-de-lariana\/#article","isPartOf":{"@id":"https:\/\/kapitalis.com\/tunisie\/2018\/02\/19\/enfants-autistes-tortures-vers-fermeture-centre-de-lariana\/"},"author":{"name":"Yusra NY","@id":"https:\/\/kapitalis.com\/tunisie\/#\/schema\/person\/74bbde0154d49d790a92aaeac5bc01d5"},"headline":"Enfants autistes tortur\u00e9s : Vers la fermeture du centre de l\u2019Ariana","datePublished":"2018-02-19T10:38:12+00:00","dateModified":"2018-02-19T10:43:17+00:00","mainEntityOfPage":{"@id":"https:\/\/kapitalis.com\/tunisie\/2018\/02\/19\/enfants-autistes-tortures-vers-fermeture-centre-de-lariana\/"},"wordCount":262,"commentCount":7,"publisher":{"@id":"https:\/\/kapitalis.com\/tunisie\/#organization"},"image":{"@id":"https:\/\/kapitalis.com\/tunisie\/2018\/02\/19\/enfants-autistes-tortures-vers-fermeture-centre-de-lariana\/#primaryimage"},"thumbnailUrl":"http:\/\/kapitalis.com\/tunisie\/wp-content\/uploads\/2017\/07\/ado-enfants-viol-enlevement.jpg","keywords":["Ariana","autistes","centre","enfants","protection enfance","torture","violences"],"articleSection":["SOCIETE","Tunisie","VIDEOS"],"inLanguage":"fr-FR","potentialAction":[{"@type":"CommentAction","name":"Comment","target":["https:\/\/kapitalis.com\/tunisie\/2018\/02\/19\/enfants-autistes-tortures-vers-fermeture-centre-de-lariana\/#respond"]}]},{"@type":"WebPage","@id":"https:\/\/kapitalis.com\/tunisie\/2018\/02\/19\/enfants-autistes-tortures-vers-fermeture-centre-de-lariana\/","url":"https:\/\/kapitalis.com\/tunisie\/2018\/02\/19\/enfants-autistes-tortures-vers-fermeture-centre-de-lariana\/","name":"Enfants autistes tortur\u00e9s : Vers la fermeture du centre de l\u2019Ariana - Kapitalis","isPartOf":{"@id":"https:\/\/kapitalis.com\/tunisie\/#website"},"primaryImageOfPage":{"@id":"https:\/\/kapitalis.com\/tunisie\/2018\/02\/19\/enfants-autistes-tortures-vers-fermeture-centre-de-lariana\/#primaryimage"},"image":{"@id":"https:\/\/kapitalis.com\/tunisie\/2018\/02\/19\/enfants-autistes-tortures-vers-fermeture-centre-de-lariana\/#primaryimage"},"thumbnailUrl":"http:\/\/kapitalis.com\/tunisie\/wp-content\/uploads\/2017\/07\/ado-enfants-viol-enlevement.jpg","datePublished":"2018-02-19T10:38:12+00:00","dateModified":"2018-02-19T10:43:17+00:00","breadcrumb":{"@id":"https:\/\/kapitalis.com\/tunisie\/2018\/02\/19\/enfants-autistes-tortures-vers-fermeture-centre-de-lariana\/#breadcrumb"},"inLanguage":"fr-FR","potentialAction":[{"@type":"ReadAction","target":["https:\/\/kapitalis.com\/tunisie\/2018\/02\/19\/enfants-autistes-tortures-vers-fermeture-centre-de-lariana\/"]}]},{"@type":"ImageObject","inLanguage":"fr-FR","@id":"https:\/\/kapitalis.com\/tunisie\/2018\/02\/19\/enfants-autistes-tortures-vers-fermeture-centre-de-lariana\/#primaryimage","url":"http:\/\/kapitalis.com\/tunisie\/wp-content\/uploads\/2017\/07\/ado-enfants-viol-enlevement.jpg","contentUrl":"http:\/\/kapitalis.com\/tunisie\/wp-content\/uploads\/2017\/07\/ado-enfants-viol-enlevement.jpg"},{"@type":"BreadcrumbList","@id":"https:\/\/kapitalis.com\/tunisie\/2018\/02\/19\/enfants-autistes-tortures-vers-fermeture-centre-de-lariana\/#breadcrumb","itemListElement":[{"@type":"ListItem","position":1,"name":"Accueil","item":"https:\/\/kapitalis.com\/tunisie\/"},{"@type":"ListItem","position":2,"name":"Enfants autistes tortur\u00e9s : Vers la fermeture du centre de l\u2019Ariana"}]},{"@type":"WebSite","@id":"https:\/\/kapitalis.com\/tunisie\/#website","url":"https:\/\/kapitalis.com\/tunisie\/","name":"Kapitalis","description":"L&#039;actualit\u00e9 en Tunisie et dans le monde","publisher":{"@id":"https:\/\/kapitalis.com\/tunisie\/#organization"},"potentialAction":[{"@type":"SearchAction","target":{"@type":"EntryPoint","urlTemplate":"https:\/\/kapitalis.com\/tunisie\/?s={search_term_string}"},"query-input":{"@type":"PropertyValueSpecification","valueRequired":true,"valueName":"search_term_string"}}],"inLanguage":"fr-FR"},{"@type":"Organization","@id":"https:\/\/kapitalis.com\/tunisie\/#organization","name":"Kapitalis","url":"https:\/\/kapitalis.com\/tunisie\/","logo":{"@type":"ImageObject","inLanguage":"fr-FR","@id":"https:\/\/kapitalis.com\/tunisie\/#\/schema\/logo\/image\/","url":"https:\/\/kapitalis.com\/tunisie\/wp-content\/uploads\/2022\/05\/Kapitalis-big-size.png","contentUrl":"https:\/\/kapitalis.com\/tunisie\/wp-content\/uploads\/2022\/05\/Kapitalis-big-size.png","width":5000,"height":1500,"caption":"Kapitalis"},"image":{"@id":"https:\/\/kapitalis.com\/tunisie\/#\/schema\/logo\/image\/"},"sameAs":["https:\/\/www.facebook.com\/KapitalisInfo\/","https:\/\/x.com\/KapitalisInfo","https:\/\/www.youtube.com\/channel\/UC-yDYrHyfFBWWZaOw3FPg9Q"]},{"@type":"Person","@id":"https:\/\/kapitalis.com\/tunisie\/#\/schema\/person\/74bbde0154d49d790a92aaeac5bc01d5","name":"Yusra NY","url":"https:\/\/kapitalis.com\/tunisie\/author\/yuza_adam\/"}]}},"_links":{"self":[{"href":"https:\/\/kapitalis.com\/tunisie\/wp-json\/wp\/v2\/posts\/139351","targetHints":{"allow":["GET"]}}],"collection":[{"href":"https:\/\/kapitalis.com\/tunisie\/wp-json\/wp\/v2\/posts"}],"about":[{"href":"https:\/\/kapitalis.com\/tunisie\/wp-json\/wp\/v2\/types\/post"}],"author":[{"embeddable":true,"href":"https:\/\/kapitalis.com\/tunisie\/wp-json\/wp\/v2\/users\/6"}],"replies":[{"embeddable":true,"href":"https:\/\/kapitalis.com\/tunisie\/wp-json\/wp\/v2\/comments?post=139351"}],"version-history":[{"count":0,"href":"https:\/\/kapitalis.com\/tunisie\/wp-json\/wp\/v2\/posts\/139351\/revisions"}],"wp:attachment":[{"href":"https:\/\/kapitalis.com\/tunisie\/wp-json\/wp\/v2\/media?parent=139351"}],"wp:term":[{"taxonomy":"category","embeddable":true,"href":"https:\/\/kapitalis.com\/tunisie\/wp-json\/wp\/v2\/categories?post=139351"},{"taxonomy":"post_tag","embeddable":true,"href":"https:\/\/kapitalis.com\/tunisie\/wp-json\/wp\/v2\/tags?post=139351"}],"curies":[{"name":"wp","href":"https:\/\/api.w.org\/{rel}","templated":true}]}}