{"id":1393992,"date":"2022-06-11T19:49:04","date_gmt":"2022-06-11T18:49:04","guid":{"rendered":"https:\/\/kapitalis.com\/tunisie\/?p=1393992"},"modified":"2022-06-11T19:49:06","modified_gmt":"2022-06-11T18:49:06","slug":"tunisie-les-magistrats-prolongent-leur-greve-dune-semaine","status":"publish","type":"post","link":"https:\/\/kapitalis.com\/tunisie\/2022\/06\/11\/tunisie-les-magistrats-prolongent-leur-greve-dune-semaine\/","title":{"rendered":"Tunisie : Les magistrats prolongent leur gr\u00e8ve d&rsquo;une semaine"},"content":{"rendered":"\n<p><strong><em>Sans surprise, la coordination des structures judiciaires, et \u00e0 leur t\u00eate l&rsquo;Association tunisienne des magistrats (AMT), a d\u00e9cid\u00e9, ce samedi 11 juin 2022,de prolonger la gr\u00e8ve des juges d&rsquo;une semaine, \u00e0 compter du lundi 13 juin.<\/em><\/strong><\/p>\n\n\n\n<!--more-->\n\n\n\n<p>En gr\u00e8ve depuis le 6 juin pour d\u00e9noncer la r\u00e9vocation de 57 juges par le chef de l&rsquo;Etat, les juges poursuivront leur mouvement de protestation par la suspension de l&rsquo;ensemble des s\u00e9ances et des services au sein des tribunaux, \u00e0 l\u2019exception de l\u2019obtention des autorisations d&rsquo;inhumation et les affaires de terrorisme hautement importantes, lit-on dans le communiqu\u00e9 publi\u00e9 par la coordination des structures judiciaires, qui d\u00e9nonce le mutisme du pr\u00e9sident de la r\u00e9publique et de la ministre de la Justice.<\/p>\n\n\n\n<p>Les protestataires ont \u00e9galement affirm\u00e9 que des sit-in seront organis\u00e9s dans l\u2019ensemble des \u00e9tablissements judiciaires, sachant que les magistrats gr\u00e9vistes avaient d\u00e9j\u00e0 d\u00e9cid\u00e9 de ne ne pas se pr\u00e9senter aux postes vacants, ni ceux des instances r\u00e9gionales relevant de l\u2019Instance sup\u00e9rieure ind\u00e9pendante pour les \u00e9lections.<\/p>\n\n\n\n<p>Rappelons que le chef de l&rsquo;Etat avait soulign\u00e9 pour sa part, lors d&rsquo;une rencontre avec la ministre de la justice la semaine derni\u00e8re, la n\u00e9cessit\u00e9 de recourir aux pr\u00e9l\u00e8vements sur salaires des gr\u00e9vistes pour qu\u2019il n\u2019y ait pas atteinte aux int\u00e9r\u00eats des justiciables.<\/p>\n\n\n\n<p class=\"has-text-align-right\"><strong>Y. N<\/strong><\/p>\n\n\n\n<figure class=\"wp-block-embed is-type-wp-embed is-provider-kapitalis wp-block-embed-kapitalis\"><div class=\"wp-block-embed__wrapper\">\n<blockquote class=\"wp-embedded-content\" data-secret=\"eRWIANBbnD\"><a href=\"https:\/\/kapitalis.com\/tunisie\/2022\/06\/07\/tunisie-presidence-les-juges-en-greve-ne-seront-pas-payes-pour-les-jours-non-travailles\/\">Tunisie-Pr\u00e9sidence : Les juges en gr\u00e8ve ne seront pas pay\u00e9s pour les jours non-travaill\u00e9s<\/a><\/blockquote><iframe loading=\"lazy\" class=\"wp-embedded-content\" sandbox=\"allow-scripts\" security=\"restricted\" style=\"position: absolute; clip: rect(1px, 1px, 1px, 1px);\" title=\"\u00ab\u00a0Tunisie-Pr\u00e9sidence : Les juges en gr\u00e8ve ne seront pas pay\u00e9s pour les jours non-travaill\u00e9s\u00a0\u00bb &#8212; Kapitalis\" src=\"https:\/\/kapitalis.com\/tunisie\/2022\/06\/07\/tunisie-presidence-les-juges-en-greve-ne-seront-pas-payes-pour-les-jours-non-travailles\/embed\/#?secret=7xV5HCM2fT#?secret=eRWIANBbnD\" data-secret=\"eRWIANBbnD\" width=\"600\" height=\"338\" frameborder=\"0\" marginwidth=\"0\" marginheight=\"0\" scrolling=\"no\"><\/iframe>\n<\/div><\/figure>\n","protected":false},"excerpt":{"rendered":"<p>Tunisie : Les magistrats prolongent leur gr\u00e8ve d&rsquo;une semaine<\/p>\n","protected":false},"author":6,"featured_media":1394331,"comment_status":"open","ping_status":"open","sticky":false,"template":"","format":"standard","meta":{"footnotes":""},"categories":[998,2433],"tags":[425,2319,76012,4650,100305,12853,62643],"class_list":["post-1393992","post","type-post","status-publish","format-standard","has-post-thumbnail","hentry","category-societe","category-tunisie","tag-greve","tag-juges","tag-kais-saied-2","tag-magistrats","tag-revocation","tag-tribunaux","tag-tunisie"],"yoast_head":"<!-- This site is optimized with the Yoast SEO plugin v26.6 - https:\/\/yoast.com\/wordpress\/plugins\/seo\/ -->\n<title>Tunisie : Les magistrats prolongent leur gr\u00e8ve d&#039;une semaine - Kapitalis<\/title>\n<meta name=\"description\" content=\"Sans surprise, la coordination des structures judiciaires, et \u00e0 leur t\u00eate l&#039;Association tunisienne des magistrats. a annonc\u00e9, ce samedi 11 juin 2022, qu&#039;il a \u00e9t\u00e9 d\u00e9cid\u00e9 de prolonger la gr\u00e8ve des juges d&#039;une semaine, \u00e0 compter du lundi 13 juin.\" \/>\n<meta name=\"robots\" content=\"index, follow, max-snippet:-1, max-image-preview:large, max-video-preview:-1\" \/>\n<link rel=\"canonical\" href=\"https:\/\/kapitalis.com\/tunisie\/2022\/06\/11\/tunisie-les-magistrats-prolongent-leur-greve-dune-semaine\/\" \/>\n<meta property=\"og:locale\" content=\"fr_FR\" \/>\n<meta property=\"og:type\" content=\"article\" \/>\n<meta property=\"og:title\" content=\"Tunisie : Les magistrats prolongent leur gr\u00e8ve d&#039;une semaine - Kapitalis\" \/>\n<meta property=\"og:description\" content=\"Sans surprise, la coordination des structures judiciaires, et \u00e0 leur t\u00eate l&#039;Association tunisienne des magistrats. a annonc\u00e9, ce samedi 11 juin 2022, qu&#039;il a \u00e9t\u00e9 d\u00e9cid\u00e9 de prolonger la gr\u00e8ve des juges d&#039;une semaine, \u00e0 compter du lundi 13 juin.\" \/>\n<meta property=\"og:url\" content=\"https:\/\/kapitalis.com\/tunisie\/2022\/06\/11\/tunisie-les-magistrats-prolongent-leur-greve-dune-semaine\/\" \/>\n<meta property=\"og:site_name\" content=\"Kapitalis\" \/>\n<meta property=\"article:publisher\" content=\"https:\/\/www.facebook.com\/KapitalisInfo\/\" \/>\n<meta property=\"article:published_time\" content=\"2022-06-11T18:49:04+00:00\" \/>\n<meta property=\"article:modified_time\" content=\"2022-06-11T18:49:06+00:00\" \/>\n<meta property=\"og:image\" content=\"https:\/\/kapitalis.com\/tunisie\/wp-content\/uploads\/2022\/06\/AMT-magistrats.jpg\" \/>\n\t<meta property=\"og:image:width\" content=\"1200\" \/>\n\t<meta property=\"og:image:height\" content=\"630\" \/>\n\t<meta property=\"og:image:type\" content=\"image\/jpeg\" \/>\n<meta name=\"author\" content=\"Yusra NY\" \/>\n<meta name=\"twitter:card\" content=\"summary_large_image\" \/>\n<meta name=\"twitter:creator\" content=\"@KapitalisInfo\" \/>\n<meta name=\"twitter:site\" content=\"@KapitalisInfo\" \/>\n<meta name=\"twitter:label1\" content=\"\u00c9crit par\" \/>\n\t<meta name=\"twitter:data1\" content=\"Yusra NY\" \/>\n\t<meta name=\"twitter:label2\" content=\"Dur\u00e9e de lecture estim\u00e9e\" \/>\n\t<meta name=\"twitter:data2\" content=\"2 minutes\" \/>\n<script type=\"application\/ld+json\" class=\"yoast-schema-graph\">{\"@context\":\"https:\/\/schema.org\",\"@graph\":[{\"@type\":\"Article\",\"@id\":\"https:\/\/kapitalis.com\/tunisie\/2022\/06\/11\/tunisie-les-magistrats-prolongent-leur-greve-dune-semaine\/#article\",\"isPartOf\":{\"@id\":\"https:\/\/kapitalis.com\/tunisie\/2022\/06\/11\/tunisie-les-magistrats-prolongent-leur-greve-dune-semaine\/\"},\"author\":{\"name\":\"Yusra NY\",\"@id\":\"https:\/\/kapitalis.com\/tunisie\/#\/schema\/person\/74bbde0154d49d790a92aaeac5bc01d5\"},\"headline\":\"Tunisie : Les magistrats prolongent leur gr\u00e8ve d&rsquo;une semaine\",\"datePublished\":\"2022-06-11T18:49:04+00:00\",\"dateModified\":\"2022-06-11T18:49:06+00:00\",\"mainEntityOfPage\":{\"@id\":\"https:\/\/kapitalis.com\/tunisie\/2022\/06\/11\/tunisie-les-magistrats-prolongent-leur-greve-dune-semaine\/\"},\"wordCount\":244,\"commentCount\":3,\"publisher\":{\"@id\":\"https:\/\/kapitalis.com\/tunisie\/#organization\"},\"image\":{\"@id\":\"https:\/\/kapitalis.com\/tunisie\/2022\/06\/11\/tunisie-les-magistrats-prolongent-leur-greve-dune-semaine\/#primaryimage\"},\"thumbnailUrl\":\"https:\/\/kapitalis.com\/tunisie\/wp-content\/uploads\/2022\/06\/AMT-magistrats.jpg\",\"keywords\":[\"gr\u00e8ve\",\"juges\",\"Ka\u00efs Sa\u00efed\",\"magistrats\",\"r\u00e9vocation\",\"tribunaux\",\"Tunisie\"],\"articleSection\":[\"SOCIETE\",\"Tunisie\"],\"inLanguage\":\"fr-FR\",\"potentialAction\":[{\"@type\":\"CommentAction\",\"name\":\"Comment\",\"target\":[\"https:\/\/kapitalis.com\/tunisie\/2022\/06\/11\/tunisie-les-magistrats-prolongent-leur-greve-dune-semaine\/#respond\"]}]},{\"@type\":\"WebPage\",\"@id\":\"https:\/\/kapitalis.com\/tunisie\/2022\/06\/11\/tunisie-les-magistrats-prolongent-leur-greve-dune-semaine\/\",\"url\":\"https:\/\/kapitalis.com\/tunisie\/2022\/06\/11\/tunisie-les-magistrats-prolongent-leur-greve-dune-semaine\/\",\"name\":\"Tunisie : Les magistrats prolongent leur gr\u00e8ve d'une semaine - Kapitalis\",\"isPartOf\":{\"@id\":\"https:\/\/kapitalis.com\/tunisie\/#website\"},\"primaryImageOfPage\":{\"@id\":\"https:\/\/kapitalis.com\/tunisie\/2022\/06\/11\/tunisie-les-magistrats-prolongent-leur-greve-dune-semaine\/#primaryimage\"},\"image\":{\"@id\":\"https:\/\/kapitalis.com\/tunisie\/2022\/06\/11\/tunisie-les-magistrats-prolongent-leur-greve-dune-semaine\/#primaryimage\"},\"thumbnailUrl\":\"https:\/\/kapitalis.com\/tunisie\/wp-content\/uploads\/2022\/06\/AMT-magistrats.jpg\",\"datePublished\":\"2022-06-11T18:49:04+00:00\",\"dateModified\":\"2022-06-11T18:49:06+00:00\",\"description\":\"Sans surprise, la coordination des structures judiciaires, et \u00e0 leur t\u00eate l'Association tunisienne des magistrats. a annonc\u00e9, ce samedi 11 juin 2022, qu'il a \u00e9t\u00e9 d\u00e9cid\u00e9 de prolonger la gr\u00e8ve des juges d'une semaine, \u00e0 compter du lundi 13 juin.\",\"breadcrumb\":{\"@id\":\"https:\/\/kapitalis.com\/tunisie\/2022\/06\/11\/tunisie-les-magistrats-prolongent-leur-greve-dune-semaine\/#breadcrumb\"},\"inLanguage\":\"fr-FR\",\"potentialAction\":[{\"@type\":\"ReadAction\",\"target\":[\"https:\/\/kapitalis.com\/tunisie\/2022\/06\/11\/tunisie-les-magistrats-prolongent-leur-greve-dune-semaine\/\"]}]},{\"@type\":\"ImageObject\",\"inLanguage\":\"fr-FR\",\"@id\":\"https:\/\/kapitalis.com\/tunisie\/2022\/06\/11\/tunisie-les-magistrats-prolongent-leur-greve-dune-semaine\/#primaryimage\",\"url\":\"https:\/\/kapitalis.com\/tunisie\/wp-content\/uploads\/2022\/06\/AMT-magistrats.jpg\",\"contentUrl\":\"https:\/\/kapitalis.com\/tunisie\/wp-content\/uploads\/2022\/06\/AMT-magistrats.jpg\",\"width\":1200,\"height\":630},{\"@type\":\"BreadcrumbList\",\"@id\":\"https:\/\/kapitalis.com\/tunisie\/2022\/06\/11\/tunisie-les-magistrats-prolongent-leur-greve-dune-semaine\/#breadcrumb\",\"itemListElement\":[{\"@type\":\"ListItem\",\"position\":1,\"name\":\"Accueil\",\"item\":\"https:\/\/kapitalis.com\/tunisie\/\"},{\"@type\":\"ListItem\",\"position\":2,\"name\":\"Tunisie : Les magistrats prolongent leur gr\u00e8ve d&rsquo;une semaine\"}]},{\"@type\":\"WebSite\",\"@id\":\"https:\/\/kapitalis.com\/tunisie\/#website\",\"url\":\"https:\/\/kapitalis.com\/tunisie\/\",\"name\":\"Kapitalis\",\"description\":\"L&#039;actualit\u00e9 en Tunisie et dans le monde\",\"publisher\":{\"@id\":\"https:\/\/kapitalis.com\/tunisie\/#organization\"},\"potentialAction\":[{\"@type\":\"SearchAction\",\"target\":{\"@type\":\"EntryPoint\",\"urlTemplate\":\"https:\/\/kapitalis.com\/tunisie\/?s={search_term_string}\"},\"query-input\":{\"@type\":\"PropertyValueSpecification\",\"valueRequired\":true,\"valueName\":\"search_term_string\"}}],\"inLanguage\":\"fr-FR\"},{\"@type\":\"Organization\",\"@id\":\"https:\/\/kapitalis.com\/tunisie\/#organization\",\"name\":\"Kapitalis\",\"url\":\"https:\/\/kapitalis.com\/tunisie\/\",\"logo\":{\"@type\":\"ImageObject\",\"inLanguage\":\"fr-FR\",\"@id\":\"https:\/\/kapitalis.com\/tunisie\/#\/schema\/logo\/image\/\",\"url\":\"https:\/\/kapitalis.com\/tunisie\/wp-content\/uploads\/2022\/05\/Kapitalis-big-size.png\",\"contentUrl\":\"https:\/\/kapitalis.com\/tunisie\/wp-content\/uploads\/2022\/05\/Kapitalis-big-size.png\",\"width\":5000,\"height\":1500,\"caption\":\"Kapitalis\"},\"image\":{\"@id\":\"https:\/\/kapitalis.com\/tunisie\/#\/schema\/logo\/image\/\"},\"sameAs\":[\"https:\/\/www.facebook.com\/KapitalisInfo\/\",\"https:\/\/x.com\/KapitalisInfo\",\"https:\/\/www.youtube.com\/channel\/UC-yDYrHyfFBWWZaOw3FPg9Q\"]},{\"@type\":\"Person\",\"@id\":\"https:\/\/kapitalis.com\/tunisie\/#\/schema\/person\/74bbde0154d49d790a92aaeac5bc01d5\",\"name\":\"Yusra NY\",\"url\":\"https:\/\/kapitalis.com\/tunisie\/author\/yuza_adam\/\"}]}<\/script>\n<!-- \/ Yoast SEO plugin. -->","yoast_head_json":{"title":"Tunisie : Les magistrats prolongent leur gr\u00e8ve d'une semaine - Kapitalis","description":"Sans surprise, la coordination des structures judiciaires, et \u00e0 leur t\u00eate l'Association tunisienne des magistrats. a annonc\u00e9, ce samedi 11 juin 2022, qu'il a \u00e9t\u00e9 d\u00e9cid\u00e9 de prolonger la gr\u00e8ve des juges d'une semaine, \u00e0 compter du lundi 13 juin.","robots":{"index":"index","follow":"follow","max-snippet":"max-snippet:-1","max-image-preview":"max-image-preview:large","max-video-preview":"max-video-preview:-1"},"canonical":"https:\/\/kapitalis.com\/tunisie\/2022\/06\/11\/tunisie-les-magistrats-prolongent-leur-greve-dune-semaine\/","og_locale":"fr_FR","og_type":"article","og_title":"Tunisie : Les magistrats prolongent leur gr\u00e8ve d'une semaine - Kapitalis","og_description":"Sans surprise, la coordination des structures judiciaires, et \u00e0 leur t\u00eate l'Association tunisienne des magistrats. a annonc\u00e9, ce samedi 11 juin 2022, qu'il a \u00e9t\u00e9 d\u00e9cid\u00e9 de prolonger la gr\u00e8ve des juges d'une semaine, \u00e0 compter du lundi 13 juin.","og_url":"https:\/\/kapitalis.com\/tunisie\/2022\/06\/11\/tunisie-les-magistrats-prolongent-leur-greve-dune-semaine\/","og_site_name":"Kapitalis","article_publisher":"https:\/\/www.facebook.com\/KapitalisInfo\/","article_published_time":"2022-06-11T18:49:04+00:00","article_modified_time":"2022-06-11T18:49:06+00:00","og_image":[{"width":1200,"height":630,"url":"https:\/\/kapitalis.com\/tunisie\/wp-content\/uploads\/2022\/06\/AMT-magistrats.jpg","type":"image\/jpeg"}],"author":"Yusra NY","twitter_card":"summary_large_image","twitter_creator":"@KapitalisInfo","twitter_site":"@KapitalisInfo","twitter_misc":{"\u00c9crit par":"Yusra NY","Dur\u00e9e de lecture estim\u00e9e":"2 minutes"},"schema":{"@context":"https:\/\/schema.org","@graph":[{"@type":"Article","@id":"https:\/\/kapitalis.com\/tunisie\/2022\/06\/11\/tunisie-les-magistrats-prolongent-leur-greve-dune-semaine\/#article","isPartOf":{"@id":"https:\/\/kapitalis.com\/tunisie\/2022\/06\/11\/tunisie-les-magistrats-prolongent-leur-greve-dune-semaine\/"},"author":{"name":"Yusra NY","@id":"https:\/\/kapitalis.com\/tunisie\/#\/schema\/person\/74bbde0154d49d790a92aaeac5bc01d5"},"headline":"Tunisie : Les magistrats prolongent leur gr\u00e8ve d&rsquo;une semaine","datePublished":"2022-06-11T18:49:04+00:00","dateModified":"2022-06-11T18:49:06+00:00","mainEntityOfPage":{"@id":"https:\/\/kapitalis.com\/tunisie\/2022\/06\/11\/tunisie-les-magistrats-prolongent-leur-greve-dune-semaine\/"},"wordCount":244,"commentCount":3,"publisher":{"@id":"https:\/\/kapitalis.com\/tunisie\/#organization"},"image":{"@id":"https:\/\/kapitalis.com\/tunisie\/2022\/06\/11\/tunisie-les-magistrats-prolongent-leur-greve-dune-semaine\/#primaryimage"},"thumbnailUrl":"https:\/\/kapitalis.com\/tunisie\/wp-content\/uploads\/2022\/06\/AMT-magistrats.jpg","keywords":["gr\u00e8ve","juges","Ka\u00efs Sa\u00efed","magistrats","r\u00e9vocation","tribunaux","Tunisie"],"articleSection":["SOCIETE","Tunisie"],"inLanguage":"fr-FR","potentialAction":[{"@type":"CommentAction","name":"Comment","target":["https:\/\/kapitalis.com\/tunisie\/2022\/06\/11\/tunisie-les-magistrats-prolongent-leur-greve-dune-semaine\/#respond"]}]},{"@type":"WebPage","@id":"https:\/\/kapitalis.com\/tunisie\/2022\/06\/11\/tunisie-les-magistrats-prolongent-leur-greve-dune-semaine\/","url":"https:\/\/kapitalis.com\/tunisie\/2022\/06\/11\/tunisie-les-magistrats-prolongent-leur-greve-dune-semaine\/","name":"Tunisie : Les magistrats prolongent leur gr\u00e8ve d'une semaine - Kapitalis","isPartOf":{"@id":"https:\/\/kapitalis.com\/tunisie\/#website"},"primaryImageOfPage":{"@id":"https:\/\/kapitalis.com\/tunisie\/2022\/06\/11\/tunisie-les-magistrats-prolongent-leur-greve-dune-semaine\/#primaryimage"},"image":{"@id":"https:\/\/kapitalis.com\/tunisie\/2022\/06\/11\/tunisie-les-magistrats-prolongent-leur-greve-dune-semaine\/#primaryimage"},"thumbnailUrl":"https:\/\/kapitalis.com\/tunisie\/wp-content\/uploads\/2022\/06\/AMT-magistrats.jpg","datePublished":"2022-06-11T18:49:04+00:00","dateModified":"2022-06-11T18:49:06+00:00","description":"Sans surprise, la coordination des structures judiciaires, et \u00e0 leur t\u00eate l'Association tunisienne des magistrats. a annonc\u00e9, ce samedi 11 juin 2022, qu'il a \u00e9t\u00e9 d\u00e9cid\u00e9 de prolonger la gr\u00e8ve des juges d'une semaine, \u00e0 compter du lundi 13 juin.","breadcrumb":{"@id":"https:\/\/kapitalis.com\/tunisie\/2022\/06\/11\/tunisie-les-magistrats-prolongent-leur-greve-dune-semaine\/#breadcrumb"},"inLanguage":"fr-FR","potentialAction":[{"@type":"ReadAction","target":["https:\/\/kapitalis.com\/tunisie\/2022\/06\/11\/tunisie-les-magistrats-prolongent-leur-greve-dune-semaine\/"]}]},{"@type":"ImageObject","inLanguage":"fr-FR","@id":"https:\/\/kapitalis.com\/tunisie\/2022\/06\/11\/tunisie-les-magistrats-prolongent-leur-greve-dune-semaine\/#primaryimage","url":"https:\/\/kapitalis.com\/tunisie\/wp-content\/uploads\/2022\/06\/AMT-magistrats.jpg","contentUrl":"https:\/\/kapitalis.com\/tunisie\/wp-content\/uploads\/2022\/06\/AMT-magistrats.jpg","width":1200,"height":630},{"@type":"BreadcrumbList","@id":"https:\/\/kapitalis.com\/tunisie\/2022\/06\/11\/tunisie-les-magistrats-prolongent-leur-greve-dune-semaine\/#breadcrumb","itemListElement":[{"@type":"ListItem","position":1,"name":"Accueil","item":"https:\/\/kapitalis.com\/tunisie\/"},{"@type":"ListItem","position":2,"name":"Tunisie : Les magistrats prolongent leur gr\u00e8ve d&rsquo;une semaine"}]},{"@type":"WebSite","@id":"https:\/\/kapitalis.com\/tunisie\/#website","url":"https:\/\/kapitalis.com\/tunisie\/","name":"Kapitalis","description":"L&#039;actualit\u00e9 en Tunisie et dans le monde","publisher":{"@id":"https:\/\/kapitalis.com\/tunisie\/#organization"},"potentialAction":[{"@type":"SearchAction","target":{"@type":"EntryPoint","urlTemplate":"https:\/\/kapitalis.com\/tunisie\/?s={search_term_string}"},"query-input":{"@type":"PropertyValueSpecification","valueRequired":true,"valueName":"search_term_string"}}],"inLanguage":"fr-FR"},{"@type":"Organization","@id":"https:\/\/kapitalis.com\/tunisie\/#organization","name":"Kapitalis","url":"https:\/\/kapitalis.com\/tunisie\/","logo":{"@type":"ImageObject","inLanguage":"fr-FR","@id":"https:\/\/kapitalis.com\/tunisie\/#\/schema\/logo\/image\/","url":"https:\/\/kapitalis.com\/tunisie\/wp-content\/uploads\/2022\/05\/Kapitalis-big-size.png","contentUrl":"https:\/\/kapitalis.com\/tunisie\/wp-content\/uploads\/2022\/05\/Kapitalis-big-size.png","width":5000,"height":1500,"caption":"Kapitalis"},"image":{"@id":"https:\/\/kapitalis.com\/tunisie\/#\/schema\/logo\/image\/"},"sameAs":["https:\/\/www.facebook.com\/KapitalisInfo\/","https:\/\/x.com\/KapitalisInfo","https:\/\/www.youtube.com\/channel\/UC-yDYrHyfFBWWZaOw3FPg9Q"]},{"@type":"Person","@id":"https:\/\/kapitalis.com\/tunisie\/#\/schema\/person\/74bbde0154d49d790a92aaeac5bc01d5","name":"Yusra NY","url":"https:\/\/kapitalis.com\/tunisie\/author\/yuza_adam\/"}]}},"_links":{"self":[{"href":"https:\/\/kapitalis.com\/tunisie\/wp-json\/wp\/v2\/posts\/1393992","targetHints":{"allow":["GET"]}}],"collection":[{"href":"https:\/\/kapitalis.com\/tunisie\/wp-json\/wp\/v2\/posts"}],"about":[{"href":"https:\/\/kapitalis.com\/tunisie\/wp-json\/wp\/v2\/types\/post"}],"author":[{"embeddable":true,"href":"https:\/\/kapitalis.com\/tunisie\/wp-json\/wp\/v2\/users\/6"}],"replies":[{"embeddable":true,"href":"https:\/\/kapitalis.com\/tunisie\/wp-json\/wp\/v2\/comments?post=1393992"}],"version-history":[{"count":0,"href":"https:\/\/kapitalis.com\/tunisie\/wp-json\/wp\/v2\/posts\/1393992\/revisions"}],"wp:featuredmedia":[{"embeddable":true,"href":"https:\/\/kapitalis.com\/tunisie\/wp-json\/wp\/v2\/media\/1394331"}],"wp:attachment":[{"href":"https:\/\/kapitalis.com\/tunisie\/wp-json\/wp\/v2\/media?parent=1393992"}],"wp:term":[{"taxonomy":"category","embeddable":true,"href":"https:\/\/kapitalis.com\/tunisie\/wp-json\/wp\/v2\/categories?post=1393992"},{"taxonomy":"post_tag","embeddable":true,"href":"https:\/\/kapitalis.com\/tunisie\/wp-json\/wp\/v2\/tags?post=1393992"}],"curies":[{"name":"wp","href":"https:\/\/api.w.org\/{rel}","templated":true}]}}