{"id":139505,"date":"2018-02-20T09:29:51","date_gmt":"2018-02-20T08:29:51","guid":{"rendered":"http:\/\/kapitalis.com\/tunisie\/?p=139505"},"modified":"2018-02-20T09:29:51","modified_gmt":"2018-02-20T08:29:51","slug":"ariana-la-directrice-du-centre-pour-enfants-autistes-placee-en-garde-a-vue","status":"publish","type":"post","link":"https:\/\/kapitalis.com\/tunisie\/2018\/02\/20\/ariana-la-directrice-du-centre-pour-enfants-autistes-placee-en-garde-a-vue\/","title":{"rendered":"Ariana : La directrice du centre pour enfants autistes plac\u00e9e en garde \u00e0 vue"},"content":{"rendered":"<p style=\"text-align: center;\"><img loading=\"lazy\" decoding=\"async\" class=\"alignnone size-full wp-image-94617\" src=\"http:\/\/kapitalis.com\/tunisie\/wp-content\/uploads\/2017\/05\/Protection-enfant-enfance-viol-agression.jpg\" alt=\"\" width=\"626\" height=\"380\" \/><\/p>\n<p><em><strong>Selon le procureur de la r\u00e9publique du tribunal de 1\u00e8re instance de l&rsquo;Ariana, la directrice du centre pour enfants autistes et 2 \u00e9ducatrices ont \u00e9t\u00e9 plac\u00e9es en garde \u00e0 vue.\u00a0<\/strong><\/em><!--more--><\/p>\n<p>Dans une d\u00e9claration \u00e0 l&rsquo;agence Tunis Afrique Presse (Tap), lundi 19 f\u00e9vrier 2018, Moez Ghribi a indiqu\u00e9 que plusieurs parents d&rsquo;enfants autistes inscrits dans ce centre ont port\u00e9 plainte aupr\u00e8s de la justice suite \u00e0 la diffusion de s\u00e9quences vid\u00e9os montrant des \u00e9ducatrices battre et maltraiter les enfants, ajoutant que la police judiciaire de l&rsquo;Ariana a \u00e9t\u00e9 charg\u00e9e de mener l&rsquo;enqu\u00eate.<\/p>\n<p>Notons que le minist\u00e8re des Affaires sociales a indiqu\u00e9, dans un communiqu\u00e9 publi\u00e9 hier, que le centre en question exerce ill\u00e9galement et ne respecte pas les conditions et crit\u00e8res mentionn\u00e9s dans le cahier des charges.<\/p>\n<p>La pr\u00e9sidence du gouvernement a, quant \u00e0 elle, d\u00e9cid\u00e9 de placer les enfants autistes sous contr\u00f4le m\u00e9dical et psychologique de sp\u00e9cialistes op\u00e9rant sous la tutelle des d\u00e9partements des Affaires sociales et de l&rsquo;Education.<\/p>\n<p style=\"text-align: right;\"><strong>E. B. A.<\/strong><\/p>\n<blockquote class=\"wp-embedded-content\" data-secret=\"2z1KbbxR9N\"><p><a href=\"https:\/\/kapitalis.com\/tunisie\/2018\/02\/19\/ariana-du-nouveau-dans-laffaire-de-maltraitance-des-enfants-autistes\/\">Ariana : Du nouveau dans l&rsquo;affaire de maltraitance des enfants autistes<\/a><\/p><\/blockquote>\n<p><iframe loading=\"lazy\" class=\"wp-embedded-content\" sandbox=\"allow-scripts\" security=\"restricted\" style=\"position: absolute; clip: rect(1px, 1px, 1px, 1px);\" title=\"\u00ab\u00a0Ariana : Du nouveau dans l&rsquo;affaire de maltraitance des enfants autistes\u00a0\u00bb &#8212; Kapitalis\" src=\"https:\/\/kapitalis.com\/tunisie\/2018\/02\/19\/ariana-du-nouveau-dans-laffaire-de-maltraitance-des-enfants-autistes\/embed\/#?secret=hSBn56Fx8j#?secret=2z1KbbxR9N\" data-secret=\"2z1KbbxR9N\" width=\"600\" height=\"338\" frameborder=\"0\" marginwidth=\"0\" marginheight=\"0\" scrolling=\"no\"><\/iframe><\/p>\n<blockquote class=\"wp-embedded-content\" data-secret=\"kPV7VhXfCH\"><p><a href=\"https:\/\/kapitalis.com\/tunisie\/2018\/02\/19\/enfants-autistes-tortures-vers-fermeture-centre-de-lariana\/\">Enfants autistes tortur\u00e9s : Vers la fermeture du centre de l\u2019Ariana<\/a><\/p><\/blockquote>\n<p><iframe loading=\"lazy\" class=\"wp-embedded-content\" sandbox=\"allow-scripts\" security=\"restricted\" style=\"position: absolute; clip: rect(1px, 1px, 1px, 1px);\" title=\"\u00ab\u00a0Enfants autistes tortur\u00e9s : Vers la fermeture du centre de l\u2019Ariana\u00a0\u00bb &#8212; Kapitalis\" src=\"https:\/\/kapitalis.com\/tunisie\/2018\/02\/19\/enfants-autistes-tortures-vers-fermeture-centre-de-lariana\/embed\/#?secret=uA0tVdcHdB#?secret=kPV7VhXfCH\" data-secret=\"kPV7VhXfCH\" width=\"600\" height=\"338\" frameborder=\"0\" marginwidth=\"0\" marginheight=\"0\" scrolling=\"no\"><\/iframe><\/p>\n","protected":false},"excerpt":{"rendered":"<p>Selon le procureur de la r\u00e9publique du tribunal de 1\u00e8re instance de l&rsquo;Ariana, la directrice du centre pour enfants autistes et 2 \u00e9ducatrices ont \u00e9t\u00e9 plac\u00e9es en garde \u00e0 vue.\u00a0<\/p>\n","protected":false},"author":16,"featured_media":0,"comment_status":"open","ping_status":"open","sticky":false,"template":"","format":"standard","meta":{"footnotes":""},"categories":[998,2433],"tags":[79,21451,2201,8080,952],"class_list":["post-139505","post","type-post","status-publish","format-standard","hentry","category-societe","category-tunisie","tag-ariana","tag-enfants-autistes","tag-garde-a-vue","tag-maltraitance","tag-violence"],"yoast_head":"<!-- This site is optimized with the Yoast SEO plugin v26.6 - https:\/\/yoast.com\/wordpress\/plugins\/seo\/ -->\n<title>Ariana : La directrice du centre pour enfants autistes plac\u00e9e en garde \u00e0 vue - Kapitalis<\/title>\n<meta name=\"robots\" content=\"index, follow, max-snippet:-1, max-image-preview:large, max-video-preview:-1\" \/>\n<link rel=\"canonical\" href=\"https:\/\/kapitalis.com\/tunisie\/2018\/02\/20\/ariana-la-directrice-du-centre-pour-enfants-autistes-placee-en-garde-a-vue\/\" \/>\n<meta property=\"og:locale\" content=\"fr_FR\" \/>\n<meta property=\"og:type\" content=\"article\" \/>\n<meta property=\"og:title\" content=\"Ariana : La directrice du centre pour enfants autistes plac\u00e9e en garde \u00e0 vue - Kapitalis\" \/>\n<meta property=\"og:description\" content=\"Selon le procureur de la r\u00e9publique du tribunal de 1\u00e8re instance de l&rsquo;Ariana, la directrice du centre pour enfants autistes et 2 \u00e9ducatrices ont \u00e9t\u00e9 plac\u00e9es en garde \u00e0 vue.\u00a0\" \/>\n<meta property=\"og:url\" content=\"https:\/\/kapitalis.com\/tunisie\/2018\/02\/20\/ariana-la-directrice-du-centre-pour-enfants-autistes-placee-en-garde-a-vue\/\" \/>\n<meta property=\"og:site_name\" content=\"Kapitalis\" \/>\n<meta property=\"article:publisher\" content=\"https:\/\/www.facebook.com\/KapitalisInfo\/\" \/>\n<meta property=\"article:published_time\" content=\"2018-02-20T08:29:51+00:00\" \/>\n<meta property=\"og:image\" content=\"http:\/\/kapitalis.com\/tunisie\/wp-content\/uploads\/2017\/05\/Protection-enfant-enfance-viol-agression.jpg\" \/>\n<meta name=\"author\" content=\"emna benabdallah\" \/>\n<meta name=\"twitter:card\" content=\"summary_large_image\" \/>\n<meta name=\"twitter:creator\" content=\"@KapitalisInfo\" \/>\n<meta name=\"twitter:site\" content=\"@KapitalisInfo\" \/>\n<meta name=\"twitter:label1\" content=\"\u00c9crit par\" \/>\n\t<meta name=\"twitter:data1\" content=\"emna benabdallah\" \/>\n\t<meta name=\"twitter:label2\" content=\"Dur\u00e9e de lecture estim\u00e9e\" \/>\n\t<meta name=\"twitter:data2\" content=\"1 minute\" \/>\n<script type=\"application\/ld+json\" class=\"yoast-schema-graph\">{\"@context\":\"https:\/\/schema.org\",\"@graph\":[{\"@type\":\"Article\",\"@id\":\"https:\/\/kapitalis.com\/tunisie\/2018\/02\/20\/ariana-la-directrice-du-centre-pour-enfants-autistes-placee-en-garde-a-vue\/#article\",\"isPartOf\":{\"@id\":\"https:\/\/kapitalis.com\/tunisie\/2018\/02\/20\/ariana-la-directrice-du-centre-pour-enfants-autistes-placee-en-garde-a-vue\/\"},\"author\":{\"name\":\"emna benabdallah\",\"@id\":\"https:\/\/kapitalis.com\/tunisie\/#\/schema\/person\/2c6e134b2f3369dffcd1daf5f087d28b\"},\"headline\":\"Ariana : La directrice du centre pour enfants autistes plac\u00e9e en garde \u00e0 vue\",\"datePublished\":\"2018-02-20T08:29:51+00:00\",\"mainEntityOfPage\":{\"@id\":\"https:\/\/kapitalis.com\/tunisie\/2018\/02\/20\/ariana-la-directrice-du-centre-pour-enfants-autistes-placee-en-garde-a-vue\/\"},\"wordCount\":198,\"commentCount\":0,\"publisher\":{\"@id\":\"https:\/\/kapitalis.com\/tunisie\/#organization\"},\"image\":{\"@id\":\"https:\/\/kapitalis.com\/tunisie\/2018\/02\/20\/ariana-la-directrice-du-centre-pour-enfants-autistes-placee-en-garde-a-vue\/#primaryimage\"},\"thumbnailUrl\":\"http:\/\/kapitalis.com\/tunisie\/wp-content\/uploads\/2017\/05\/Protection-enfant-enfance-viol-agression.jpg\",\"keywords\":[\"Ariana\",\"enfants autistes\",\"garde \u00e0 vue\",\"maltraitance\",\"violence\"],\"articleSection\":[\"SOCIETE\",\"Tunisie\"],\"inLanguage\":\"fr-FR\",\"potentialAction\":[{\"@type\":\"CommentAction\",\"name\":\"Comment\",\"target\":[\"https:\/\/kapitalis.com\/tunisie\/2018\/02\/20\/ariana-la-directrice-du-centre-pour-enfants-autistes-placee-en-garde-a-vue\/#respond\"]}]},{\"@type\":\"WebPage\",\"@id\":\"https:\/\/kapitalis.com\/tunisie\/2018\/02\/20\/ariana-la-directrice-du-centre-pour-enfants-autistes-placee-en-garde-a-vue\/\",\"url\":\"https:\/\/kapitalis.com\/tunisie\/2018\/02\/20\/ariana-la-directrice-du-centre-pour-enfants-autistes-placee-en-garde-a-vue\/\",\"name\":\"Ariana : La directrice du centre pour enfants autistes plac\u00e9e en garde \u00e0 vue - Kapitalis\",\"isPartOf\":{\"@id\":\"https:\/\/kapitalis.com\/tunisie\/#website\"},\"primaryImageOfPage\":{\"@id\":\"https:\/\/kapitalis.com\/tunisie\/2018\/02\/20\/ariana-la-directrice-du-centre-pour-enfants-autistes-placee-en-garde-a-vue\/#primaryimage\"},\"image\":{\"@id\":\"https:\/\/kapitalis.com\/tunisie\/2018\/02\/20\/ariana-la-directrice-du-centre-pour-enfants-autistes-placee-en-garde-a-vue\/#primaryimage\"},\"thumbnailUrl\":\"http:\/\/kapitalis.com\/tunisie\/wp-content\/uploads\/2017\/05\/Protection-enfant-enfance-viol-agression.jpg\",\"datePublished\":\"2018-02-20T08:29:51+00:00\",\"breadcrumb\":{\"@id\":\"https:\/\/kapitalis.com\/tunisie\/2018\/02\/20\/ariana-la-directrice-du-centre-pour-enfants-autistes-placee-en-garde-a-vue\/#breadcrumb\"},\"inLanguage\":\"fr-FR\",\"potentialAction\":[{\"@type\":\"ReadAction\",\"target\":[\"https:\/\/kapitalis.com\/tunisie\/2018\/02\/20\/ariana-la-directrice-du-centre-pour-enfants-autistes-placee-en-garde-a-vue\/\"]}]},{\"@type\":\"ImageObject\",\"inLanguage\":\"fr-FR\",\"@id\":\"https:\/\/kapitalis.com\/tunisie\/2018\/02\/20\/ariana-la-directrice-du-centre-pour-enfants-autistes-placee-en-garde-a-vue\/#primaryimage\",\"url\":\"http:\/\/kapitalis.com\/tunisie\/wp-content\/uploads\/2017\/05\/Protection-enfant-enfance-viol-agression.jpg\",\"contentUrl\":\"http:\/\/kapitalis.com\/tunisie\/wp-content\/uploads\/2017\/05\/Protection-enfant-enfance-viol-agression.jpg\"},{\"@type\":\"BreadcrumbList\",\"@id\":\"https:\/\/kapitalis.com\/tunisie\/2018\/02\/20\/ariana-la-directrice-du-centre-pour-enfants-autistes-placee-en-garde-a-vue\/#breadcrumb\",\"itemListElement\":[{\"@type\":\"ListItem\",\"position\":1,\"name\":\"Accueil\",\"item\":\"https:\/\/kapitalis.com\/tunisie\/\"},{\"@type\":\"ListItem\",\"position\":2,\"name\":\"Ariana : La directrice du centre pour enfants autistes plac\u00e9e en garde \u00e0 vue\"}]},{\"@type\":\"WebSite\",\"@id\":\"https:\/\/kapitalis.com\/tunisie\/#website\",\"url\":\"https:\/\/kapitalis.com\/tunisie\/\",\"name\":\"Kapitalis\",\"description\":\"L&#039;actualit\u00e9 en Tunisie et dans le monde\",\"publisher\":{\"@id\":\"https:\/\/kapitalis.com\/tunisie\/#organization\"},\"potentialAction\":[{\"@type\":\"SearchAction\",\"target\":{\"@type\":\"EntryPoint\",\"urlTemplate\":\"https:\/\/kapitalis.com\/tunisie\/?s={search_term_string}\"},\"query-input\":{\"@type\":\"PropertyValueSpecification\",\"valueRequired\":true,\"valueName\":\"search_term_string\"}}],\"inLanguage\":\"fr-FR\"},{\"@type\":\"Organization\",\"@id\":\"https:\/\/kapitalis.com\/tunisie\/#organization\",\"name\":\"Kapitalis\",\"url\":\"https:\/\/kapitalis.com\/tunisie\/\",\"logo\":{\"@type\":\"ImageObject\",\"inLanguage\":\"fr-FR\",\"@id\":\"https:\/\/kapitalis.com\/tunisie\/#\/schema\/logo\/image\/\",\"url\":\"https:\/\/kapitalis.com\/tunisie\/wp-content\/uploads\/2022\/05\/Kapitalis-big-size.png\",\"contentUrl\":\"https:\/\/kapitalis.com\/tunisie\/wp-content\/uploads\/2022\/05\/Kapitalis-big-size.png\",\"width\":5000,\"height\":1500,\"caption\":\"Kapitalis\"},\"image\":{\"@id\":\"https:\/\/kapitalis.com\/tunisie\/#\/schema\/logo\/image\/\"},\"sameAs\":[\"https:\/\/www.facebook.com\/KapitalisInfo\/\",\"https:\/\/x.com\/KapitalisInfo\",\"https:\/\/www.youtube.com\/channel\/UC-yDYrHyfFBWWZaOw3FPg9Q\"]},{\"@type\":\"Person\",\"@id\":\"https:\/\/kapitalis.com\/tunisie\/#\/schema\/person\/2c6e134b2f3369dffcd1daf5f087d28b\",\"name\":\"emna benabdallah\",\"url\":\"https:\/\/kapitalis.com\/tunisie\/author\/emna\/\"}]}<\/script>\n<!-- \/ Yoast SEO plugin. -->","yoast_head_json":{"title":"Ariana : La directrice du centre pour enfants autistes plac\u00e9e en garde \u00e0 vue - Kapitalis","robots":{"index":"index","follow":"follow","max-snippet":"max-snippet:-1","max-image-preview":"max-image-preview:large","max-video-preview":"max-video-preview:-1"},"canonical":"https:\/\/kapitalis.com\/tunisie\/2018\/02\/20\/ariana-la-directrice-du-centre-pour-enfants-autistes-placee-en-garde-a-vue\/","og_locale":"fr_FR","og_type":"article","og_title":"Ariana : La directrice du centre pour enfants autistes plac\u00e9e en garde \u00e0 vue - Kapitalis","og_description":"Selon le procureur de la r\u00e9publique du tribunal de 1\u00e8re instance de l&rsquo;Ariana, la directrice du centre pour enfants autistes et 2 \u00e9ducatrices ont \u00e9t\u00e9 plac\u00e9es en garde \u00e0 vue.\u00a0","og_url":"https:\/\/kapitalis.com\/tunisie\/2018\/02\/20\/ariana-la-directrice-du-centre-pour-enfants-autistes-placee-en-garde-a-vue\/","og_site_name":"Kapitalis","article_publisher":"https:\/\/www.facebook.com\/KapitalisInfo\/","article_published_time":"2018-02-20T08:29:51+00:00","og_image":[{"url":"http:\/\/kapitalis.com\/tunisie\/wp-content\/uploads\/2017\/05\/Protection-enfant-enfance-viol-agression.jpg","type":"","width":"","height":""}],"author":"emna benabdallah","twitter_card":"summary_large_image","twitter_creator":"@KapitalisInfo","twitter_site":"@KapitalisInfo","twitter_misc":{"\u00c9crit par":"emna benabdallah","Dur\u00e9e de lecture estim\u00e9e":"1 minute"},"schema":{"@context":"https:\/\/schema.org","@graph":[{"@type":"Article","@id":"https:\/\/kapitalis.com\/tunisie\/2018\/02\/20\/ariana-la-directrice-du-centre-pour-enfants-autistes-placee-en-garde-a-vue\/#article","isPartOf":{"@id":"https:\/\/kapitalis.com\/tunisie\/2018\/02\/20\/ariana-la-directrice-du-centre-pour-enfants-autistes-placee-en-garde-a-vue\/"},"author":{"name":"emna benabdallah","@id":"https:\/\/kapitalis.com\/tunisie\/#\/schema\/person\/2c6e134b2f3369dffcd1daf5f087d28b"},"headline":"Ariana : La directrice du centre pour enfants autistes plac\u00e9e en garde \u00e0 vue","datePublished":"2018-02-20T08:29:51+00:00","mainEntityOfPage":{"@id":"https:\/\/kapitalis.com\/tunisie\/2018\/02\/20\/ariana-la-directrice-du-centre-pour-enfants-autistes-placee-en-garde-a-vue\/"},"wordCount":198,"commentCount":0,"publisher":{"@id":"https:\/\/kapitalis.com\/tunisie\/#organization"},"image":{"@id":"https:\/\/kapitalis.com\/tunisie\/2018\/02\/20\/ariana-la-directrice-du-centre-pour-enfants-autistes-placee-en-garde-a-vue\/#primaryimage"},"thumbnailUrl":"http:\/\/kapitalis.com\/tunisie\/wp-content\/uploads\/2017\/05\/Protection-enfant-enfance-viol-agression.jpg","keywords":["Ariana","enfants autistes","garde \u00e0 vue","maltraitance","violence"],"articleSection":["SOCIETE","Tunisie"],"inLanguage":"fr-FR","potentialAction":[{"@type":"CommentAction","name":"Comment","target":["https:\/\/kapitalis.com\/tunisie\/2018\/02\/20\/ariana-la-directrice-du-centre-pour-enfants-autistes-placee-en-garde-a-vue\/#respond"]}]},{"@type":"WebPage","@id":"https:\/\/kapitalis.com\/tunisie\/2018\/02\/20\/ariana-la-directrice-du-centre-pour-enfants-autistes-placee-en-garde-a-vue\/","url":"https:\/\/kapitalis.com\/tunisie\/2018\/02\/20\/ariana-la-directrice-du-centre-pour-enfants-autistes-placee-en-garde-a-vue\/","name":"Ariana : La directrice du centre pour enfants autistes plac\u00e9e en garde \u00e0 vue - Kapitalis","isPartOf":{"@id":"https:\/\/kapitalis.com\/tunisie\/#website"},"primaryImageOfPage":{"@id":"https:\/\/kapitalis.com\/tunisie\/2018\/02\/20\/ariana-la-directrice-du-centre-pour-enfants-autistes-placee-en-garde-a-vue\/#primaryimage"},"image":{"@id":"https:\/\/kapitalis.com\/tunisie\/2018\/02\/20\/ariana-la-directrice-du-centre-pour-enfants-autistes-placee-en-garde-a-vue\/#primaryimage"},"thumbnailUrl":"http:\/\/kapitalis.com\/tunisie\/wp-content\/uploads\/2017\/05\/Protection-enfant-enfance-viol-agression.jpg","datePublished":"2018-02-20T08:29:51+00:00","breadcrumb":{"@id":"https:\/\/kapitalis.com\/tunisie\/2018\/02\/20\/ariana-la-directrice-du-centre-pour-enfants-autistes-placee-en-garde-a-vue\/#breadcrumb"},"inLanguage":"fr-FR","potentialAction":[{"@type":"ReadAction","target":["https:\/\/kapitalis.com\/tunisie\/2018\/02\/20\/ariana-la-directrice-du-centre-pour-enfants-autistes-placee-en-garde-a-vue\/"]}]},{"@type":"ImageObject","inLanguage":"fr-FR","@id":"https:\/\/kapitalis.com\/tunisie\/2018\/02\/20\/ariana-la-directrice-du-centre-pour-enfants-autistes-placee-en-garde-a-vue\/#primaryimage","url":"http:\/\/kapitalis.com\/tunisie\/wp-content\/uploads\/2017\/05\/Protection-enfant-enfance-viol-agression.jpg","contentUrl":"http:\/\/kapitalis.com\/tunisie\/wp-content\/uploads\/2017\/05\/Protection-enfant-enfance-viol-agression.jpg"},{"@type":"BreadcrumbList","@id":"https:\/\/kapitalis.com\/tunisie\/2018\/02\/20\/ariana-la-directrice-du-centre-pour-enfants-autistes-placee-en-garde-a-vue\/#breadcrumb","itemListElement":[{"@type":"ListItem","position":1,"name":"Accueil","item":"https:\/\/kapitalis.com\/tunisie\/"},{"@type":"ListItem","position":2,"name":"Ariana : La directrice du centre pour enfants autistes plac\u00e9e en garde \u00e0 vue"}]},{"@type":"WebSite","@id":"https:\/\/kapitalis.com\/tunisie\/#website","url":"https:\/\/kapitalis.com\/tunisie\/","name":"Kapitalis","description":"L&#039;actualit\u00e9 en Tunisie et dans le monde","publisher":{"@id":"https:\/\/kapitalis.com\/tunisie\/#organization"},"potentialAction":[{"@type":"SearchAction","target":{"@type":"EntryPoint","urlTemplate":"https:\/\/kapitalis.com\/tunisie\/?s={search_term_string}"},"query-input":{"@type":"PropertyValueSpecification","valueRequired":true,"valueName":"search_term_string"}}],"inLanguage":"fr-FR"},{"@type":"Organization","@id":"https:\/\/kapitalis.com\/tunisie\/#organization","name":"Kapitalis","url":"https:\/\/kapitalis.com\/tunisie\/","logo":{"@type":"ImageObject","inLanguage":"fr-FR","@id":"https:\/\/kapitalis.com\/tunisie\/#\/schema\/logo\/image\/","url":"https:\/\/kapitalis.com\/tunisie\/wp-content\/uploads\/2022\/05\/Kapitalis-big-size.png","contentUrl":"https:\/\/kapitalis.com\/tunisie\/wp-content\/uploads\/2022\/05\/Kapitalis-big-size.png","width":5000,"height":1500,"caption":"Kapitalis"},"image":{"@id":"https:\/\/kapitalis.com\/tunisie\/#\/schema\/logo\/image\/"},"sameAs":["https:\/\/www.facebook.com\/KapitalisInfo\/","https:\/\/x.com\/KapitalisInfo","https:\/\/www.youtube.com\/channel\/UC-yDYrHyfFBWWZaOw3FPg9Q"]},{"@type":"Person","@id":"https:\/\/kapitalis.com\/tunisie\/#\/schema\/person\/2c6e134b2f3369dffcd1daf5f087d28b","name":"emna benabdallah","url":"https:\/\/kapitalis.com\/tunisie\/author\/emna\/"}]}},"_links":{"self":[{"href":"https:\/\/kapitalis.com\/tunisie\/wp-json\/wp\/v2\/posts\/139505","targetHints":{"allow":["GET"]}}],"collection":[{"href":"https:\/\/kapitalis.com\/tunisie\/wp-json\/wp\/v2\/posts"}],"about":[{"href":"https:\/\/kapitalis.com\/tunisie\/wp-json\/wp\/v2\/types\/post"}],"author":[{"embeddable":true,"href":"https:\/\/kapitalis.com\/tunisie\/wp-json\/wp\/v2\/users\/16"}],"replies":[{"embeddable":true,"href":"https:\/\/kapitalis.com\/tunisie\/wp-json\/wp\/v2\/comments?post=139505"}],"version-history":[{"count":0,"href":"https:\/\/kapitalis.com\/tunisie\/wp-json\/wp\/v2\/posts\/139505\/revisions"}],"wp:attachment":[{"href":"https:\/\/kapitalis.com\/tunisie\/wp-json\/wp\/v2\/media?parent=139505"}],"wp:term":[{"taxonomy":"category","embeddable":true,"href":"https:\/\/kapitalis.com\/tunisie\/wp-json\/wp\/v2\/categories?post=139505"},{"taxonomy":"post_tag","embeddable":true,"href":"https:\/\/kapitalis.com\/tunisie\/wp-json\/wp\/v2\/tags?post=139505"}],"curies":[{"name":"wp","href":"https:\/\/api.w.org\/{rel}","templated":true}]}}