{"id":139512,"date":"2018-02-20T10:20:22","date_gmt":"2018-02-20T09:20:22","guid":{"rendered":"http:\/\/kapitalis.com\/tunisie\/?p=139512"},"modified":"2018-02-20T18:44:14","modified_gmt":"2018-02-20T17:44:14","slug":"sfax-laffaire-du-navire-russe-devant-le-pole-antiterroriste","status":"publish","type":"post","link":"https:\/\/kapitalis.com\/tunisie\/2018\/02\/20\/sfax-laffaire-du-navire-russe-devant-le-pole-antiterroriste\/","title":{"rendered":"Sfax : L&rsquo;affaire du navire russe devant le p\u00f4le antiterroriste"},"content":{"rendered":"<p style=\"text-align: center;\">\n<p style=\"text-align: center;\"><img loading=\"lazy\" decoding=\"async\" class=\"alignnone size-full wp-image-139675\" src=\"http:\/\/kapitalis.com\/tunisie\/wp-content\/uploads\/2018\/02\/Bateau-russe-Tunisie-mat\u00e9riel-militaire-saisi.jpg\" alt=\"\" width=\"626\" height=\"380\" \/><\/p>\n<p style=\"text-align: center;\"><em>Le navire russe transportant des \u00e9quipements militaires.<\/em><\/p>\n<p><em><strong>Le porte-parole du tribunal de 1\u00e8re instance de Sfax, Mourad Turki, a indiqu\u00e9 que l&rsquo;affaire du navire russe transportant des \u00e9quipements militaires sera transf\u00e9r\u00e9e au p\u00f4le antiterroriste.<\/strong><\/em><!--more--><\/p>\n<p>Dans une d\u00e9claration aux m\u00e9dias, lundi 19 f\u00e9vrier 2018, Mourak Turki a indiqu\u00e9 que le p\u00f4le judiciaire antiterroriste a \u00e9t\u00e9 charg\u00e9 de mener une enqu\u00eate sur ce navire, intercept\u00e9 \u00e0 Sfax, vendredi dernier, suspect\u00e9 de transporter ill\u00e9galement des armes de guerre.<\/p>\n<p>Le porte-parole de la direction g\u00e9n\u00e9rale de la douane, Haythem Zanned, a, de son c\u00f4t\u00e9, indiqu\u00e9 que les agents de la douane ont d\u00e9couvert que le navire russe transportait une voiture d&rsquo;ambulance, des camions citernes, des v\u00e9hicules militaires, des v\u00e9hicules blind\u00e9es, des bulldozer, des g\u00e9n\u00e9rateurs \u00e9lectriques, des appareils de communication radio et satellite et\u00a0diff\u00e9rents uniformes militaires, ajoutant qu&rsquo;il n&rsquo;y avait aucune arme ou de munition \u00e0 bord.<\/p>\n<p>M. Zanned a, par ailleurs, indiqu\u00e9 que le navire avait fait une route al\u00e9atoire depuis son d\u00e9part de la Russie sur le chemin du Cameroun, sa destination finale.<\/p>\n<p>Il s&rsquo;est av\u00e9r\u00e9 que le bateau avait fait escale \u00e0 Benghazi et \u00e0 Tripoli, en Libye, un pays en guerre, avant de faire escale \u00e0 Sfax et demander une autorisation pour effectuer des op\u00e9rations de maintenance, a ajout\u00e9 le porte-parole de la direction g\u00e9n\u00e9rale de la douane.<\/p>\n<p style=\"text-align: right;\"><strong style=\"text-align: right;\">E. B. A.<\/strong><\/p>\n<blockquote class=\"wp-embedded-content\" data-secret=\"uEbAZNSfR9\"><p><a href=\"https:\/\/kapitalis.com\/tunisie\/2018\/02\/16\/sfax-fouille-dun-navire-russe-suspecte-de-transporter-des-armes\/\">Sfax : Fouille d\u2019un navire russe suspect\u00e9 de transporter des armes<\/a><\/p><\/blockquote>\n<p><iframe loading=\"lazy\" class=\"wp-embedded-content\" sandbox=\"allow-scripts\" security=\"restricted\" style=\"position: absolute; clip: rect(1px, 1px, 1px, 1px);\" title=\"\u00ab\u00a0Sfax : Fouille d\u2019un navire russe suspect\u00e9 de transporter des armes\u00a0\u00bb &#8212; Kapitalis\" src=\"https:\/\/kapitalis.com\/tunisie\/2018\/02\/16\/sfax-fouille-dun-navire-russe-suspecte-de-transporter-des-armes\/embed\/#?secret=3f8T6eFp8W#?secret=uEbAZNSfR9\" data-secret=\"uEbAZNSfR9\" width=\"600\" height=\"338\" frameborder=\"0\" marginwidth=\"0\" marginheight=\"0\" scrolling=\"no\"><\/iframe><\/p>\n","protected":false},"excerpt":{"rendered":"<p>Le navire russe transportant des \u00e9quipements militaires. Le porte-parole du tribunal de 1\u00e8re instance de Sfax, Mourad Turki, a indiqu\u00e9 que l&rsquo;affaire du navire russe transportant des \u00e9quipements militaires sera transf\u00e9r\u00e9e au p\u00f4le antiterroriste.<\/p>\n","protected":false},"author":16,"featured_media":139513,"comment_status":"open","ping_status":"open","sticky":false,"template":"","format":"standard","meta":{"footnotes":""},"categories":[998,2433],"tags":[21473],"class_list":["post-139512","post","type-post","status-publish","format-standard","has-post-thumbnail","hentry","category-societe","category-tunisie","tag-pole-judiciaire-antiterroriste"],"yoast_head":"<!-- This site is optimized with the Yoast SEO plugin v26.6 - https:\/\/yoast.com\/wordpress\/plugins\/seo\/ -->\n<title>Sfax : L&#039;affaire du navire russe devant le p\u00f4le antiterroriste - Kapitalis<\/title>\n<meta name=\"robots\" content=\"index, follow, max-snippet:-1, max-image-preview:large, max-video-preview:-1\" \/>\n<link rel=\"canonical\" href=\"https:\/\/kapitalis.com\/tunisie\/2018\/02\/20\/sfax-laffaire-du-navire-russe-devant-le-pole-antiterroriste\/\" \/>\n<meta property=\"og:locale\" content=\"fr_FR\" \/>\n<meta property=\"og:type\" content=\"article\" \/>\n<meta property=\"og:title\" content=\"Sfax : L&#039;affaire du navire russe devant le p\u00f4le antiterroriste - Kapitalis\" \/>\n<meta property=\"og:description\" content=\"Le navire russe transportant des \u00e9quipements militaires. Le porte-parole du tribunal de 1\u00e8re instance de Sfax, Mourad Turki, a indiqu\u00e9 que l&rsquo;affaire du navire russe transportant des \u00e9quipements militaires sera transf\u00e9r\u00e9e au p\u00f4le antiterroriste.\" \/>\n<meta property=\"og:url\" content=\"https:\/\/kapitalis.com\/tunisie\/2018\/02\/20\/sfax-laffaire-du-navire-russe-devant-le-pole-antiterroriste\/\" \/>\n<meta property=\"og:site_name\" content=\"Kapitalis\" \/>\n<meta property=\"article:publisher\" content=\"https:\/\/www.facebook.com\/KapitalisInfo\/\" \/>\n<meta property=\"article:published_time\" content=\"2018-02-20T09:20:22+00:00\" \/>\n<meta property=\"article:modified_time\" content=\"2018-02-20T17:44:14+00:00\" \/>\n<meta property=\"og:image\" content=\"https:\/\/kapitalis.com\/tunisie\/wp-content\/uploads\/2022\/05\/kapitalis-logo-fb.png\" \/>\n\t<meta property=\"og:image:width\" content=\"1200\" \/>\n\t<meta property=\"og:image:height\" content=\"630\" \/>\n\t<meta property=\"og:image:type\" content=\"image\/png\" \/>\n<meta name=\"author\" content=\"emna benabdallah\" \/>\n<meta name=\"twitter:card\" content=\"summary_large_image\" \/>\n<meta name=\"twitter:creator\" content=\"@KapitalisInfo\" \/>\n<meta name=\"twitter:site\" content=\"@KapitalisInfo\" \/>\n<meta name=\"twitter:label1\" content=\"\u00c9crit par\" \/>\n\t<meta name=\"twitter:data1\" content=\"emna benabdallah\" \/>\n\t<meta name=\"twitter:label2\" content=\"Dur\u00e9e de lecture estim\u00e9e\" \/>\n\t<meta name=\"twitter:data2\" content=\"1 minute\" \/>\n<script type=\"application\/ld+json\" class=\"yoast-schema-graph\">{\"@context\":\"https:\/\/schema.org\",\"@graph\":[{\"@type\":\"Article\",\"@id\":\"https:\/\/kapitalis.com\/tunisie\/2018\/02\/20\/sfax-laffaire-du-navire-russe-devant-le-pole-antiterroriste\/#article\",\"isPartOf\":{\"@id\":\"https:\/\/kapitalis.com\/tunisie\/2018\/02\/20\/sfax-laffaire-du-navire-russe-devant-le-pole-antiterroriste\/\"},\"author\":{\"name\":\"emna benabdallah\",\"@id\":\"https:\/\/kapitalis.com\/tunisie\/#\/schema\/person\/2c6e134b2f3369dffcd1daf5f087d28b\"},\"headline\":\"Sfax : L&rsquo;affaire du navire russe devant le p\u00f4le antiterroriste\",\"datePublished\":\"2018-02-20T09:20:22+00:00\",\"dateModified\":\"2018-02-20T17:44:14+00:00\",\"mainEntityOfPage\":{\"@id\":\"https:\/\/kapitalis.com\/tunisie\/2018\/02\/20\/sfax-laffaire-du-navire-russe-devant-le-pole-antiterroriste\/\"},\"wordCount\":254,\"commentCount\":1,\"publisher\":{\"@id\":\"https:\/\/kapitalis.com\/tunisie\/#organization\"},\"image\":{\"@id\":\"https:\/\/kapitalis.com\/tunisie\/2018\/02\/20\/sfax-laffaire-du-navire-russe-devant-le-pole-antiterroriste\/#primaryimage\"},\"thumbnailUrl\":\"\",\"keywords\":[\"P\u00f4le judiciaire antiterroriste\"],\"articleSection\":[\"SOCIETE\",\"Tunisie\"],\"inLanguage\":\"fr-FR\",\"potentialAction\":[{\"@type\":\"CommentAction\",\"name\":\"Comment\",\"target\":[\"https:\/\/kapitalis.com\/tunisie\/2018\/02\/20\/sfax-laffaire-du-navire-russe-devant-le-pole-antiterroriste\/#respond\"]}]},{\"@type\":\"WebPage\",\"@id\":\"https:\/\/kapitalis.com\/tunisie\/2018\/02\/20\/sfax-laffaire-du-navire-russe-devant-le-pole-antiterroriste\/\",\"url\":\"https:\/\/kapitalis.com\/tunisie\/2018\/02\/20\/sfax-laffaire-du-navire-russe-devant-le-pole-antiterroriste\/\",\"name\":\"Sfax : L'affaire du navire russe devant le p\u00f4le antiterroriste - Kapitalis\",\"isPartOf\":{\"@id\":\"https:\/\/kapitalis.com\/tunisie\/#website\"},\"primaryImageOfPage\":{\"@id\":\"https:\/\/kapitalis.com\/tunisie\/2018\/02\/20\/sfax-laffaire-du-navire-russe-devant-le-pole-antiterroriste\/#primaryimage\"},\"image\":{\"@id\":\"https:\/\/kapitalis.com\/tunisie\/2018\/02\/20\/sfax-laffaire-du-navire-russe-devant-le-pole-antiterroriste\/#primaryimage\"},\"thumbnailUrl\":\"\",\"datePublished\":\"2018-02-20T09:20:22+00:00\",\"dateModified\":\"2018-02-20T17:44:14+00:00\",\"breadcrumb\":{\"@id\":\"https:\/\/kapitalis.com\/tunisie\/2018\/02\/20\/sfax-laffaire-du-navire-russe-devant-le-pole-antiterroriste\/#breadcrumb\"},\"inLanguage\":\"fr-FR\",\"potentialAction\":[{\"@type\":\"ReadAction\",\"target\":[\"https:\/\/kapitalis.com\/tunisie\/2018\/02\/20\/sfax-laffaire-du-navire-russe-devant-le-pole-antiterroriste\/\"]}]},{\"@type\":\"ImageObject\",\"inLanguage\":\"fr-FR\",\"@id\":\"https:\/\/kapitalis.com\/tunisie\/2018\/02\/20\/sfax-laffaire-du-navire-russe-devant-le-pole-antiterroriste\/#primaryimage\",\"url\":\"\",\"contentUrl\":\"\"},{\"@type\":\"BreadcrumbList\",\"@id\":\"https:\/\/kapitalis.com\/tunisie\/2018\/02\/20\/sfax-laffaire-du-navire-russe-devant-le-pole-antiterroriste\/#breadcrumb\",\"itemListElement\":[{\"@type\":\"ListItem\",\"position\":1,\"name\":\"Accueil\",\"item\":\"https:\/\/kapitalis.com\/tunisie\/\"},{\"@type\":\"ListItem\",\"position\":2,\"name\":\"Sfax : L&rsquo;affaire du navire russe devant le p\u00f4le antiterroriste\"}]},{\"@type\":\"WebSite\",\"@id\":\"https:\/\/kapitalis.com\/tunisie\/#website\",\"url\":\"https:\/\/kapitalis.com\/tunisie\/\",\"name\":\"Kapitalis\",\"description\":\"L&#039;actualit\u00e9 en Tunisie et dans le monde\",\"publisher\":{\"@id\":\"https:\/\/kapitalis.com\/tunisie\/#organization\"},\"potentialAction\":[{\"@type\":\"SearchAction\",\"target\":{\"@type\":\"EntryPoint\",\"urlTemplate\":\"https:\/\/kapitalis.com\/tunisie\/?s={search_term_string}\"},\"query-input\":{\"@type\":\"PropertyValueSpecification\",\"valueRequired\":true,\"valueName\":\"search_term_string\"}}],\"inLanguage\":\"fr-FR\"},{\"@type\":\"Organization\",\"@id\":\"https:\/\/kapitalis.com\/tunisie\/#organization\",\"name\":\"Kapitalis\",\"url\":\"https:\/\/kapitalis.com\/tunisie\/\",\"logo\":{\"@type\":\"ImageObject\",\"inLanguage\":\"fr-FR\",\"@id\":\"https:\/\/kapitalis.com\/tunisie\/#\/schema\/logo\/image\/\",\"url\":\"https:\/\/kapitalis.com\/tunisie\/wp-content\/uploads\/2022\/05\/Kapitalis-big-size.png\",\"contentUrl\":\"https:\/\/kapitalis.com\/tunisie\/wp-content\/uploads\/2022\/05\/Kapitalis-big-size.png\",\"width\":5000,\"height\":1500,\"caption\":\"Kapitalis\"},\"image\":{\"@id\":\"https:\/\/kapitalis.com\/tunisie\/#\/schema\/logo\/image\/\"},\"sameAs\":[\"https:\/\/www.facebook.com\/KapitalisInfo\/\",\"https:\/\/x.com\/KapitalisInfo\",\"https:\/\/www.youtube.com\/channel\/UC-yDYrHyfFBWWZaOw3FPg9Q\"]},{\"@type\":\"Person\",\"@id\":\"https:\/\/kapitalis.com\/tunisie\/#\/schema\/person\/2c6e134b2f3369dffcd1daf5f087d28b\",\"name\":\"emna benabdallah\",\"url\":\"https:\/\/kapitalis.com\/tunisie\/author\/emna\/\"}]}<\/script>\n<!-- \/ Yoast SEO plugin. -->","yoast_head_json":{"title":"Sfax : L'affaire du navire russe devant le p\u00f4le antiterroriste - Kapitalis","robots":{"index":"index","follow":"follow","max-snippet":"max-snippet:-1","max-image-preview":"max-image-preview:large","max-video-preview":"max-video-preview:-1"},"canonical":"https:\/\/kapitalis.com\/tunisie\/2018\/02\/20\/sfax-laffaire-du-navire-russe-devant-le-pole-antiterroriste\/","og_locale":"fr_FR","og_type":"article","og_title":"Sfax : L'affaire du navire russe devant le p\u00f4le antiterroriste - Kapitalis","og_description":"Le navire russe transportant des \u00e9quipements militaires. Le porte-parole du tribunal de 1\u00e8re instance de Sfax, Mourad Turki, a indiqu\u00e9 que l&rsquo;affaire du navire russe transportant des \u00e9quipements militaires sera transf\u00e9r\u00e9e au p\u00f4le antiterroriste.","og_url":"https:\/\/kapitalis.com\/tunisie\/2018\/02\/20\/sfax-laffaire-du-navire-russe-devant-le-pole-antiterroriste\/","og_site_name":"Kapitalis","article_publisher":"https:\/\/www.facebook.com\/KapitalisInfo\/","article_published_time":"2018-02-20T09:20:22+00:00","article_modified_time":"2018-02-20T17:44:14+00:00","og_image":[{"width":1200,"height":630,"url":"https:\/\/kapitalis.com\/tunisie\/wp-content\/uploads\/2022\/05\/kapitalis-logo-fb.png","type":"image\/png"}],"author":"emna benabdallah","twitter_card":"summary_large_image","twitter_creator":"@KapitalisInfo","twitter_site":"@KapitalisInfo","twitter_misc":{"\u00c9crit par":"emna benabdallah","Dur\u00e9e de lecture estim\u00e9e":"1 minute"},"schema":{"@context":"https:\/\/schema.org","@graph":[{"@type":"Article","@id":"https:\/\/kapitalis.com\/tunisie\/2018\/02\/20\/sfax-laffaire-du-navire-russe-devant-le-pole-antiterroriste\/#article","isPartOf":{"@id":"https:\/\/kapitalis.com\/tunisie\/2018\/02\/20\/sfax-laffaire-du-navire-russe-devant-le-pole-antiterroriste\/"},"author":{"name":"emna benabdallah","@id":"https:\/\/kapitalis.com\/tunisie\/#\/schema\/person\/2c6e134b2f3369dffcd1daf5f087d28b"},"headline":"Sfax : L&rsquo;affaire du navire russe devant le p\u00f4le antiterroriste","datePublished":"2018-02-20T09:20:22+00:00","dateModified":"2018-02-20T17:44:14+00:00","mainEntityOfPage":{"@id":"https:\/\/kapitalis.com\/tunisie\/2018\/02\/20\/sfax-laffaire-du-navire-russe-devant-le-pole-antiterroriste\/"},"wordCount":254,"commentCount":1,"publisher":{"@id":"https:\/\/kapitalis.com\/tunisie\/#organization"},"image":{"@id":"https:\/\/kapitalis.com\/tunisie\/2018\/02\/20\/sfax-laffaire-du-navire-russe-devant-le-pole-antiterroriste\/#primaryimage"},"thumbnailUrl":"","keywords":["P\u00f4le judiciaire antiterroriste"],"articleSection":["SOCIETE","Tunisie"],"inLanguage":"fr-FR","potentialAction":[{"@type":"CommentAction","name":"Comment","target":["https:\/\/kapitalis.com\/tunisie\/2018\/02\/20\/sfax-laffaire-du-navire-russe-devant-le-pole-antiterroriste\/#respond"]}]},{"@type":"WebPage","@id":"https:\/\/kapitalis.com\/tunisie\/2018\/02\/20\/sfax-laffaire-du-navire-russe-devant-le-pole-antiterroriste\/","url":"https:\/\/kapitalis.com\/tunisie\/2018\/02\/20\/sfax-laffaire-du-navire-russe-devant-le-pole-antiterroriste\/","name":"Sfax : L'affaire du navire russe devant le p\u00f4le antiterroriste - Kapitalis","isPartOf":{"@id":"https:\/\/kapitalis.com\/tunisie\/#website"},"primaryImageOfPage":{"@id":"https:\/\/kapitalis.com\/tunisie\/2018\/02\/20\/sfax-laffaire-du-navire-russe-devant-le-pole-antiterroriste\/#primaryimage"},"image":{"@id":"https:\/\/kapitalis.com\/tunisie\/2018\/02\/20\/sfax-laffaire-du-navire-russe-devant-le-pole-antiterroriste\/#primaryimage"},"thumbnailUrl":"","datePublished":"2018-02-20T09:20:22+00:00","dateModified":"2018-02-20T17:44:14+00:00","breadcrumb":{"@id":"https:\/\/kapitalis.com\/tunisie\/2018\/02\/20\/sfax-laffaire-du-navire-russe-devant-le-pole-antiterroriste\/#breadcrumb"},"inLanguage":"fr-FR","potentialAction":[{"@type":"ReadAction","target":["https:\/\/kapitalis.com\/tunisie\/2018\/02\/20\/sfax-laffaire-du-navire-russe-devant-le-pole-antiterroriste\/"]}]},{"@type":"ImageObject","inLanguage":"fr-FR","@id":"https:\/\/kapitalis.com\/tunisie\/2018\/02\/20\/sfax-laffaire-du-navire-russe-devant-le-pole-antiterroriste\/#primaryimage","url":"","contentUrl":""},{"@type":"BreadcrumbList","@id":"https:\/\/kapitalis.com\/tunisie\/2018\/02\/20\/sfax-laffaire-du-navire-russe-devant-le-pole-antiterroriste\/#breadcrumb","itemListElement":[{"@type":"ListItem","position":1,"name":"Accueil","item":"https:\/\/kapitalis.com\/tunisie\/"},{"@type":"ListItem","position":2,"name":"Sfax : L&rsquo;affaire du navire russe devant le p\u00f4le antiterroriste"}]},{"@type":"WebSite","@id":"https:\/\/kapitalis.com\/tunisie\/#website","url":"https:\/\/kapitalis.com\/tunisie\/","name":"Kapitalis","description":"L&#039;actualit\u00e9 en Tunisie et dans le monde","publisher":{"@id":"https:\/\/kapitalis.com\/tunisie\/#organization"},"potentialAction":[{"@type":"SearchAction","target":{"@type":"EntryPoint","urlTemplate":"https:\/\/kapitalis.com\/tunisie\/?s={search_term_string}"},"query-input":{"@type":"PropertyValueSpecification","valueRequired":true,"valueName":"search_term_string"}}],"inLanguage":"fr-FR"},{"@type":"Organization","@id":"https:\/\/kapitalis.com\/tunisie\/#organization","name":"Kapitalis","url":"https:\/\/kapitalis.com\/tunisie\/","logo":{"@type":"ImageObject","inLanguage":"fr-FR","@id":"https:\/\/kapitalis.com\/tunisie\/#\/schema\/logo\/image\/","url":"https:\/\/kapitalis.com\/tunisie\/wp-content\/uploads\/2022\/05\/Kapitalis-big-size.png","contentUrl":"https:\/\/kapitalis.com\/tunisie\/wp-content\/uploads\/2022\/05\/Kapitalis-big-size.png","width":5000,"height":1500,"caption":"Kapitalis"},"image":{"@id":"https:\/\/kapitalis.com\/tunisie\/#\/schema\/logo\/image\/"},"sameAs":["https:\/\/www.facebook.com\/KapitalisInfo\/","https:\/\/x.com\/KapitalisInfo","https:\/\/www.youtube.com\/channel\/UC-yDYrHyfFBWWZaOw3FPg9Q"]},{"@type":"Person","@id":"https:\/\/kapitalis.com\/tunisie\/#\/schema\/person\/2c6e134b2f3369dffcd1daf5f087d28b","name":"emna benabdallah","url":"https:\/\/kapitalis.com\/tunisie\/author\/emna\/"}]}},"_links":{"self":[{"href":"https:\/\/kapitalis.com\/tunisie\/wp-json\/wp\/v2\/posts\/139512","targetHints":{"allow":["GET"]}}],"collection":[{"href":"https:\/\/kapitalis.com\/tunisie\/wp-json\/wp\/v2\/posts"}],"about":[{"href":"https:\/\/kapitalis.com\/tunisie\/wp-json\/wp\/v2\/types\/post"}],"author":[{"embeddable":true,"href":"https:\/\/kapitalis.com\/tunisie\/wp-json\/wp\/v2\/users\/16"}],"replies":[{"embeddable":true,"href":"https:\/\/kapitalis.com\/tunisie\/wp-json\/wp\/v2\/comments?post=139512"}],"version-history":[{"count":0,"href":"https:\/\/kapitalis.com\/tunisie\/wp-json\/wp\/v2\/posts\/139512\/revisions"}],"wp:featuredmedia":[{"embeddable":true,"href":"https:\/\/kapitalis.com\/tunisie\/wp-json\/wp\/v2\/media\/139513"}],"wp:attachment":[{"href":"https:\/\/kapitalis.com\/tunisie\/wp-json\/wp\/v2\/media?parent=139512"}],"wp:term":[{"taxonomy":"category","embeddable":true,"href":"https:\/\/kapitalis.com\/tunisie\/wp-json\/wp\/v2\/categories?post=139512"},{"taxonomy":"post_tag","embeddable":true,"href":"https:\/\/kapitalis.com\/tunisie\/wp-json\/wp\/v2\/tags?post=139512"}],"curies":[{"name":"wp","href":"https:\/\/api.w.org\/{rel}","templated":true}]}}