{"id":13955107,"date":"2024-09-08T10:00:35","date_gmt":"2024-09-08T09:00:35","guid":{"rendered":"https:\/\/kapitalis.com\/tunisie\/?p=13955107"},"modified":"2024-09-08T10:00:37","modified_gmt":"2024-09-08T09:00:37","slug":"exposition-au-musee-du-bardo-salammbo-de-flaubert-a-carthage","status":"publish","type":"post","link":"https:\/\/kapitalis.com\/tunisie\/2024\/09\/08\/exposition-au-musee-du-bardo-salammbo-de-flaubert-a-carthage\/","title":{"rendered":"Exposition au Mus\u00e9e du Bardo\u00a0: \u00abSalammb\u00f4. De Flaubert \u00e0 Carthage\u00bb"},"content":{"rendered":"\n<p><strong><em>Apr\u00e8s le Mus\u00e9e des Beaux-Arts de Rouen en 2021 et le Mucem \u00e0 Marseille en 2022, le Mus\u00e9e du Bardo de Tunis accueillera, du 24 septembre 2024 au 12 janvier 2025, l\u2019exposition phare \u00abSalammb\u00f4. De Flaubert \u00e0 Carthage\u00bb, d\u00e9di\u00e9e au roman homonyme de l\u2019auteur fran\u00e7ais, qui sera compos\u00e9e de chefs d\u2019\u0153uvres tunisiens et de pr\u00eats exceptionnels d\u2019objets de collections fran\u00e7aises.<\/em><\/strong><\/p>\n\n\n\n<!--more-->\n\n\n\n<p>L\u2019exposition est organis\u00e9e par l&rsquo;Institut national du patrimoine (INP) \u00e0 Tunis, l\u2019Agence de mise en valeur du patrimoine et de promotion culturelle (AMVPPC), le Mus\u00e9e des civilisations de l\u2019Europe et de la M\u00e9diterran\u00e9e (Mucem), la R\u00e9union des mus\u00e9es m\u00e9tropolitains Rouen Normandie (RMM), la M\u00e9tropole Rouen Normandie et l\u2019Institut fran\u00e7ais de Tunisie (IFT), avec le soutien du minist\u00e8re de la Culture fran\u00e7ais, du minist\u00e8re des Affaires culturelles, et en partenariat avec Sybel, Digit-S, l\u2019Office national du tourisme tunisien (ONTT) et la Caisse des d\u00e9p\u00f4ts et consignations (CDC).<\/p>\n\n\n\n<p>Cette exposition r\u00e9unit plus de 50 \u0153uvres issues des collections tunisiennes et fran\u00e7aises, dont celles du Mus\u00e9e national du Bardo, du Mus\u00e9e de Carthage, des mus\u00e9es de la m\u00e9tropole Rouen Normandie, de la Biblioth\u00e8que patrimoniale Villon, du mus\u00e9e d\u2019Orsay, de la Biblioth\u00e8que nationale de France, des mus\u00e9es de la ville de Marseille, ainsi que de pr\u00e9teurs priv\u00e9s, lit-on sur le site du Mucem. Elle a rencontr\u00e9 un grand succ\u00e8s au Mus\u00e9e des Beaux-Arts de Rouen en 2021 et au Mucem en 2022, o\u00f9 elle a accueilli plus de 75 000 visiteurs.<\/p>\n\n\n\n<p><em>\u00abC\u2019\u00e9tait \u00e0 M\u00e9gara, faubourg de Carthage, dans les jardins d\u2019Hamilcar\u00bb<\/em>. La premi\u00e8re phrase de \u2018\u2018Salammb\u00f4\u2019\u2019, roman de Flaubert publi\u00e9 en 1862, a \u00e9t\u00e9 pour des g\u00e9n\u00e9rations de lecteurs l\u2019\u00e9l\u00e9ment d\u00e9clencheur d\u2019une exp\u00e9rience unique. L\u2019attraction fatale entre Salammb\u00f4, pr\u00eatresse de Tanit, et Math\u00f4, chef des mercenaires r\u00e9volt\u00e9s, mais aussi l\u2019opulente Carthage et ses invincibles murailles, les \u00e9l\u00e9phants incendi\u00e9s et les lions crucifi\u00e9s; tout, dans ce roman stup\u00e9fiant, \u00e9tait propice \u00e0 enflammer les imaginaires.<\/p>\n\n\n\n<p>Centrant son propos sur ce chef-d\u2019\u0153uvre de la litt\u00e9rature moderne, l\u2019exposition <em>\u2018\u2018Salammb\u00f4. De Flaubert \u00e0 Carthage\u2019\u2019<\/em> nous plonge au c\u0153ur d\u2019un tourbillon d\u2019images et de sensations qui r\u00e9v\u00e8le sa port\u00e9e consid\u00e9rable sur les arts et les repr\u00e9sentations, mais aussi son h\u00e9ritage dans l\u2019histoire de la M\u00e9diterran\u00e9e. Elle offre un voyage dans l\u2019univers fascinant de Carthage \u00e0 travers les yeux de Flaubert et son roman qui transporte les lecteurs dans une aventure \u00e9pique o\u00f9 la passion et la grandeur se m\u00ealent au d\u00e9cor grandiose de l\u2019antique Carthage.<\/p>\n\n\n\n<p>L\u2019exposition invite \u00e0 explorer l\u2019impact culturel et artistique de ce chef-d\u2019\u0153uvre litt\u00e9raire, en rassemblant des tr\u00e9sors arch\u00e9ologiques et des \u0153uvres d\u2019art exceptionnelles provenant des plus grandes collections tunisiennes et fran\u00e7aises. Ne se contentant pas de revisiter le pass\u00e9, elle propose une r\u00e9flexion sur les pr\u00e9occupations contemporaines \u00e0 travers le prisme de l\u2019\u0153uvre flaubertienne.<\/p>\n\n\n\n<p>L\u2019exposition s\u2019accompagne d\u2019une programmation culturelle : concert, lectures musicales, ateliers cr\u00e9atifs, atelier d\u2019\u00e9criture, exp\u00e9rience en r\u00e9alit\u00e9 virtuelle, conf\u00e9rence et de rencontres professionnelles et scientifiques.<\/p>\n","protected":false},"excerpt":{"rendered":"<p>Le Mus\u00e9e du Bardo de Tunis accueillera, du 24 septembre 2024 au 12 janvier 2025, l\u2019exposition phare \u00abSalammb\u00f4. De Flaubert \u00e0 Carthage\u00bb.<\/p>\n","protected":false},"author":8,"featured_media":13955146,"comment_status":"closed","ping_status":"open","sticky":false,"template":"","format":"standard","meta":{"footnotes":""},"categories":[994,2433],"tags":[1234,95729,117845,4975,11902,112594],"class_list":["post-13955107","post","type-post","status-publish","format-standard","has-post-thumbnail","hentry","category-culture","category-tunisie","tag-carthage","tag-gustave-flaubert","tag-mucem","tag-musee-du-bardo","tag-rouen","tag-salammbo"],"yoast_head":"<!-- This site is optimized with the Yoast SEO plugin v26.6 - https:\/\/yoast.com\/wordpress\/plugins\/seo\/ -->\n<title>Exposition au Mus\u00e9e du Bardo\u00a0: \u00abSalammb\u00f4. De Flaubert \u00e0 Carthage\u00bb - Kapitalis<\/title>\n<meta name=\"robots\" content=\"index, follow, max-snippet:-1, max-image-preview:large, max-video-preview:-1\" \/>\n<link rel=\"canonical\" href=\"https:\/\/kapitalis.com\/tunisie\/2024\/09\/08\/exposition-au-musee-du-bardo-salammbo-de-flaubert-a-carthage\/\" \/>\n<meta property=\"og:locale\" content=\"fr_FR\" \/>\n<meta property=\"og:type\" content=\"article\" \/>\n<meta property=\"og:title\" content=\"Exposition au Mus\u00e9e du Bardo\u00a0: \u00abSalammb\u00f4. De Flaubert \u00e0 Carthage\u00bb - Kapitalis\" \/>\n<meta property=\"og:description\" content=\"Le Mus\u00e9e du Bardo de Tunis accueillera, du 24 septembre 2024 au 12 janvier 2025, l\u2019exposition phare \u00abSalammb\u00f4. De Flaubert \u00e0 Carthage\u00bb.\" \/>\n<meta property=\"og:url\" content=\"https:\/\/kapitalis.com\/tunisie\/2024\/09\/08\/exposition-au-musee-du-bardo-salammbo-de-flaubert-a-carthage\/\" \/>\n<meta property=\"og:site_name\" content=\"Kapitalis\" \/>\n<meta property=\"article:publisher\" content=\"https:\/\/www.facebook.com\/KapitalisInfo\/\" \/>\n<meta property=\"article:published_time\" content=\"2024-09-08T09:00:35+00:00\" \/>\n<meta property=\"article:modified_time\" content=\"2024-09-08T09:00:37+00:00\" \/>\n<meta property=\"og:image\" content=\"https:\/\/kapitalis.com\/tunisie\/wp-content\/uploads\/2024\/09\/Salammbo-Expo.jpg\" \/>\n\t<meta property=\"og:image:width\" content=\"1200\" \/>\n\t<meta property=\"og:image:height\" content=\"630\" \/>\n\t<meta property=\"og:image:type\" content=\"image\/jpeg\" \/>\n<meta name=\"author\" content=\"webmaster kapitalis\" \/>\n<meta name=\"twitter:card\" content=\"summary_large_image\" \/>\n<meta name=\"twitter:creator\" content=\"@KapitalisInfo\" \/>\n<meta name=\"twitter:site\" content=\"@KapitalisInfo\" \/>\n<meta name=\"twitter:label1\" content=\"\u00c9crit par\" \/>\n\t<meta name=\"twitter:data1\" content=\"webmaster kapitalis\" \/>\n\t<meta name=\"twitter:label2\" content=\"Dur\u00e9e de lecture estim\u00e9e\" \/>\n\t<meta name=\"twitter:data2\" content=\"3 minutes\" \/>\n<script type=\"application\/ld+json\" class=\"yoast-schema-graph\">{\"@context\":\"https:\/\/schema.org\",\"@graph\":[{\"@type\":\"Article\",\"@id\":\"https:\/\/kapitalis.com\/tunisie\/2024\/09\/08\/exposition-au-musee-du-bardo-salammbo-de-flaubert-a-carthage\/#article\",\"isPartOf\":{\"@id\":\"https:\/\/kapitalis.com\/tunisie\/2024\/09\/08\/exposition-au-musee-du-bardo-salammbo-de-flaubert-a-carthage\/\"},\"author\":{\"name\":\"webmaster kapitalis\",\"@id\":\"https:\/\/kapitalis.com\/tunisie\/#\/schema\/person\/d71f33a9ca44f7bad4698210b480c8e9\"},\"headline\":\"Exposition au Mus\u00e9e du Bardo\u00a0: \u00abSalammb\u00f4. De Flaubert \u00e0 Carthage\u00bb\",\"datePublished\":\"2024-09-08T09:00:35+00:00\",\"dateModified\":\"2024-09-08T09:00:37+00:00\",\"mainEntityOfPage\":{\"@id\":\"https:\/\/kapitalis.com\/tunisie\/2024\/09\/08\/exposition-au-musee-du-bardo-salammbo-de-flaubert-a-carthage\/\"},\"wordCount\":565,\"publisher\":{\"@id\":\"https:\/\/kapitalis.com\/tunisie\/#organization\"},\"image\":{\"@id\":\"https:\/\/kapitalis.com\/tunisie\/2024\/09\/08\/exposition-au-musee-du-bardo-salammbo-de-flaubert-a-carthage\/#primaryimage\"},\"thumbnailUrl\":\"https:\/\/kapitalis.com\/tunisie\/wp-content\/uploads\/2024\/09\/Salammbo-Expo.jpg\",\"keywords\":[\"Carthage\",\"Gustave Flaubert\",\"Mucem\",\"Mus\u00e9e du Bardo\",\"Rouen\",\"Salammb\u00f4\"],\"articleSection\":[\"CULTURE\",\"Tunisie\"],\"inLanguage\":\"fr-FR\"},{\"@type\":\"WebPage\",\"@id\":\"https:\/\/kapitalis.com\/tunisie\/2024\/09\/08\/exposition-au-musee-du-bardo-salammbo-de-flaubert-a-carthage\/\",\"url\":\"https:\/\/kapitalis.com\/tunisie\/2024\/09\/08\/exposition-au-musee-du-bardo-salammbo-de-flaubert-a-carthage\/\",\"name\":\"Exposition au Mus\u00e9e du Bardo\u00a0: \u00abSalammb\u00f4. De Flaubert \u00e0 Carthage\u00bb - Kapitalis\",\"isPartOf\":{\"@id\":\"https:\/\/kapitalis.com\/tunisie\/#website\"},\"primaryImageOfPage\":{\"@id\":\"https:\/\/kapitalis.com\/tunisie\/2024\/09\/08\/exposition-au-musee-du-bardo-salammbo-de-flaubert-a-carthage\/#primaryimage\"},\"image\":{\"@id\":\"https:\/\/kapitalis.com\/tunisie\/2024\/09\/08\/exposition-au-musee-du-bardo-salammbo-de-flaubert-a-carthage\/#primaryimage\"},\"thumbnailUrl\":\"https:\/\/kapitalis.com\/tunisie\/wp-content\/uploads\/2024\/09\/Salammbo-Expo.jpg\",\"datePublished\":\"2024-09-08T09:00:35+00:00\",\"dateModified\":\"2024-09-08T09:00:37+00:00\",\"breadcrumb\":{\"@id\":\"https:\/\/kapitalis.com\/tunisie\/2024\/09\/08\/exposition-au-musee-du-bardo-salammbo-de-flaubert-a-carthage\/#breadcrumb\"},\"inLanguage\":\"fr-FR\",\"potentialAction\":[{\"@type\":\"ReadAction\",\"target\":[\"https:\/\/kapitalis.com\/tunisie\/2024\/09\/08\/exposition-au-musee-du-bardo-salammbo-de-flaubert-a-carthage\/\"]}]},{\"@type\":\"ImageObject\",\"inLanguage\":\"fr-FR\",\"@id\":\"https:\/\/kapitalis.com\/tunisie\/2024\/09\/08\/exposition-au-musee-du-bardo-salammbo-de-flaubert-a-carthage\/#primaryimage\",\"url\":\"https:\/\/kapitalis.com\/tunisie\/wp-content\/uploads\/2024\/09\/Salammbo-Expo.jpg\",\"contentUrl\":\"https:\/\/kapitalis.com\/tunisie\/wp-content\/uploads\/2024\/09\/Salammbo-Expo.jpg\",\"width\":1200,\"height\":630},{\"@type\":\"BreadcrumbList\",\"@id\":\"https:\/\/kapitalis.com\/tunisie\/2024\/09\/08\/exposition-au-musee-du-bardo-salammbo-de-flaubert-a-carthage\/#breadcrumb\",\"itemListElement\":[{\"@type\":\"ListItem\",\"position\":1,\"name\":\"Accueil\",\"item\":\"https:\/\/kapitalis.com\/tunisie\/\"},{\"@type\":\"ListItem\",\"position\":2,\"name\":\"Exposition au Mus\u00e9e du Bardo\u00a0: \u00abSalammb\u00f4. De Flaubert \u00e0 Carthage\u00bb\"}]},{\"@type\":\"WebSite\",\"@id\":\"https:\/\/kapitalis.com\/tunisie\/#website\",\"url\":\"https:\/\/kapitalis.com\/tunisie\/\",\"name\":\"Kapitalis\",\"description\":\"L&#039;actualit\u00e9 en Tunisie et dans le monde\",\"publisher\":{\"@id\":\"https:\/\/kapitalis.com\/tunisie\/#organization\"},\"potentialAction\":[{\"@type\":\"SearchAction\",\"target\":{\"@type\":\"EntryPoint\",\"urlTemplate\":\"https:\/\/kapitalis.com\/tunisie\/?s={search_term_string}\"},\"query-input\":{\"@type\":\"PropertyValueSpecification\",\"valueRequired\":true,\"valueName\":\"search_term_string\"}}],\"inLanguage\":\"fr-FR\"},{\"@type\":\"Organization\",\"@id\":\"https:\/\/kapitalis.com\/tunisie\/#organization\",\"name\":\"Kapitalis\",\"url\":\"https:\/\/kapitalis.com\/tunisie\/\",\"logo\":{\"@type\":\"ImageObject\",\"inLanguage\":\"fr-FR\",\"@id\":\"https:\/\/kapitalis.com\/tunisie\/#\/schema\/logo\/image\/\",\"url\":\"https:\/\/kapitalis.com\/tunisie\/wp-content\/uploads\/2022\/05\/Kapitalis-big-size.png\",\"contentUrl\":\"https:\/\/kapitalis.com\/tunisie\/wp-content\/uploads\/2022\/05\/Kapitalis-big-size.png\",\"width\":5000,\"height\":1500,\"caption\":\"Kapitalis\"},\"image\":{\"@id\":\"https:\/\/kapitalis.com\/tunisie\/#\/schema\/logo\/image\/\"},\"sameAs\":[\"https:\/\/www.facebook.com\/KapitalisInfo\/\",\"https:\/\/x.com\/KapitalisInfo\",\"https:\/\/www.youtube.com\/channel\/UC-yDYrHyfFBWWZaOw3FPg9Q\"]},{\"@type\":\"Person\",\"@id\":\"https:\/\/kapitalis.com\/tunisie\/#\/schema\/person\/d71f33a9ca44f7bad4698210b480c8e9\",\"name\":\"webmaster kapitalis\",\"url\":\"https:\/\/kapitalis.com\/tunisie\/author\/webmaster-kapitalis\/\"}]}<\/script>\n<!-- \/ Yoast SEO plugin. -->","yoast_head_json":{"title":"Exposition au Mus\u00e9e du Bardo\u00a0: \u00abSalammb\u00f4. De Flaubert \u00e0 Carthage\u00bb - Kapitalis","robots":{"index":"index","follow":"follow","max-snippet":"max-snippet:-1","max-image-preview":"max-image-preview:large","max-video-preview":"max-video-preview:-1"},"canonical":"https:\/\/kapitalis.com\/tunisie\/2024\/09\/08\/exposition-au-musee-du-bardo-salammbo-de-flaubert-a-carthage\/","og_locale":"fr_FR","og_type":"article","og_title":"Exposition au Mus\u00e9e du Bardo\u00a0: \u00abSalammb\u00f4. De Flaubert \u00e0 Carthage\u00bb - Kapitalis","og_description":"Le Mus\u00e9e du Bardo de Tunis accueillera, du 24 septembre 2024 au 12 janvier 2025, l\u2019exposition phare \u00abSalammb\u00f4. De Flaubert \u00e0 Carthage\u00bb.","og_url":"https:\/\/kapitalis.com\/tunisie\/2024\/09\/08\/exposition-au-musee-du-bardo-salammbo-de-flaubert-a-carthage\/","og_site_name":"Kapitalis","article_publisher":"https:\/\/www.facebook.com\/KapitalisInfo\/","article_published_time":"2024-09-08T09:00:35+00:00","article_modified_time":"2024-09-08T09:00:37+00:00","og_image":[{"width":1200,"height":630,"url":"https:\/\/kapitalis.com\/tunisie\/wp-content\/uploads\/2024\/09\/Salammbo-Expo.jpg","type":"image\/jpeg"}],"author":"webmaster kapitalis","twitter_card":"summary_large_image","twitter_creator":"@KapitalisInfo","twitter_site":"@KapitalisInfo","twitter_misc":{"\u00c9crit par":"webmaster kapitalis","Dur\u00e9e de lecture estim\u00e9e":"3 minutes"},"schema":{"@context":"https:\/\/schema.org","@graph":[{"@type":"Article","@id":"https:\/\/kapitalis.com\/tunisie\/2024\/09\/08\/exposition-au-musee-du-bardo-salammbo-de-flaubert-a-carthage\/#article","isPartOf":{"@id":"https:\/\/kapitalis.com\/tunisie\/2024\/09\/08\/exposition-au-musee-du-bardo-salammbo-de-flaubert-a-carthage\/"},"author":{"name":"webmaster kapitalis","@id":"https:\/\/kapitalis.com\/tunisie\/#\/schema\/person\/d71f33a9ca44f7bad4698210b480c8e9"},"headline":"Exposition au Mus\u00e9e du Bardo\u00a0: \u00abSalammb\u00f4. De Flaubert \u00e0 Carthage\u00bb","datePublished":"2024-09-08T09:00:35+00:00","dateModified":"2024-09-08T09:00:37+00:00","mainEntityOfPage":{"@id":"https:\/\/kapitalis.com\/tunisie\/2024\/09\/08\/exposition-au-musee-du-bardo-salammbo-de-flaubert-a-carthage\/"},"wordCount":565,"publisher":{"@id":"https:\/\/kapitalis.com\/tunisie\/#organization"},"image":{"@id":"https:\/\/kapitalis.com\/tunisie\/2024\/09\/08\/exposition-au-musee-du-bardo-salammbo-de-flaubert-a-carthage\/#primaryimage"},"thumbnailUrl":"https:\/\/kapitalis.com\/tunisie\/wp-content\/uploads\/2024\/09\/Salammbo-Expo.jpg","keywords":["Carthage","Gustave Flaubert","Mucem","Mus\u00e9e du Bardo","Rouen","Salammb\u00f4"],"articleSection":["CULTURE","Tunisie"],"inLanguage":"fr-FR"},{"@type":"WebPage","@id":"https:\/\/kapitalis.com\/tunisie\/2024\/09\/08\/exposition-au-musee-du-bardo-salammbo-de-flaubert-a-carthage\/","url":"https:\/\/kapitalis.com\/tunisie\/2024\/09\/08\/exposition-au-musee-du-bardo-salammbo-de-flaubert-a-carthage\/","name":"Exposition au Mus\u00e9e du Bardo\u00a0: \u00abSalammb\u00f4. De Flaubert \u00e0 Carthage\u00bb - Kapitalis","isPartOf":{"@id":"https:\/\/kapitalis.com\/tunisie\/#website"},"primaryImageOfPage":{"@id":"https:\/\/kapitalis.com\/tunisie\/2024\/09\/08\/exposition-au-musee-du-bardo-salammbo-de-flaubert-a-carthage\/#primaryimage"},"image":{"@id":"https:\/\/kapitalis.com\/tunisie\/2024\/09\/08\/exposition-au-musee-du-bardo-salammbo-de-flaubert-a-carthage\/#primaryimage"},"thumbnailUrl":"https:\/\/kapitalis.com\/tunisie\/wp-content\/uploads\/2024\/09\/Salammbo-Expo.jpg","datePublished":"2024-09-08T09:00:35+00:00","dateModified":"2024-09-08T09:00:37+00:00","breadcrumb":{"@id":"https:\/\/kapitalis.com\/tunisie\/2024\/09\/08\/exposition-au-musee-du-bardo-salammbo-de-flaubert-a-carthage\/#breadcrumb"},"inLanguage":"fr-FR","potentialAction":[{"@type":"ReadAction","target":["https:\/\/kapitalis.com\/tunisie\/2024\/09\/08\/exposition-au-musee-du-bardo-salammbo-de-flaubert-a-carthage\/"]}]},{"@type":"ImageObject","inLanguage":"fr-FR","@id":"https:\/\/kapitalis.com\/tunisie\/2024\/09\/08\/exposition-au-musee-du-bardo-salammbo-de-flaubert-a-carthage\/#primaryimage","url":"https:\/\/kapitalis.com\/tunisie\/wp-content\/uploads\/2024\/09\/Salammbo-Expo.jpg","contentUrl":"https:\/\/kapitalis.com\/tunisie\/wp-content\/uploads\/2024\/09\/Salammbo-Expo.jpg","width":1200,"height":630},{"@type":"BreadcrumbList","@id":"https:\/\/kapitalis.com\/tunisie\/2024\/09\/08\/exposition-au-musee-du-bardo-salammbo-de-flaubert-a-carthage\/#breadcrumb","itemListElement":[{"@type":"ListItem","position":1,"name":"Accueil","item":"https:\/\/kapitalis.com\/tunisie\/"},{"@type":"ListItem","position":2,"name":"Exposition au Mus\u00e9e du Bardo\u00a0: \u00abSalammb\u00f4. De Flaubert \u00e0 Carthage\u00bb"}]},{"@type":"WebSite","@id":"https:\/\/kapitalis.com\/tunisie\/#website","url":"https:\/\/kapitalis.com\/tunisie\/","name":"Kapitalis","description":"L&#039;actualit\u00e9 en Tunisie et dans le monde","publisher":{"@id":"https:\/\/kapitalis.com\/tunisie\/#organization"},"potentialAction":[{"@type":"SearchAction","target":{"@type":"EntryPoint","urlTemplate":"https:\/\/kapitalis.com\/tunisie\/?s={search_term_string}"},"query-input":{"@type":"PropertyValueSpecification","valueRequired":true,"valueName":"search_term_string"}}],"inLanguage":"fr-FR"},{"@type":"Organization","@id":"https:\/\/kapitalis.com\/tunisie\/#organization","name":"Kapitalis","url":"https:\/\/kapitalis.com\/tunisie\/","logo":{"@type":"ImageObject","inLanguage":"fr-FR","@id":"https:\/\/kapitalis.com\/tunisie\/#\/schema\/logo\/image\/","url":"https:\/\/kapitalis.com\/tunisie\/wp-content\/uploads\/2022\/05\/Kapitalis-big-size.png","contentUrl":"https:\/\/kapitalis.com\/tunisie\/wp-content\/uploads\/2022\/05\/Kapitalis-big-size.png","width":5000,"height":1500,"caption":"Kapitalis"},"image":{"@id":"https:\/\/kapitalis.com\/tunisie\/#\/schema\/logo\/image\/"},"sameAs":["https:\/\/www.facebook.com\/KapitalisInfo\/","https:\/\/x.com\/KapitalisInfo","https:\/\/www.youtube.com\/channel\/UC-yDYrHyfFBWWZaOw3FPg9Q"]},{"@type":"Person","@id":"https:\/\/kapitalis.com\/tunisie\/#\/schema\/person\/d71f33a9ca44f7bad4698210b480c8e9","name":"webmaster kapitalis","url":"https:\/\/kapitalis.com\/tunisie\/author\/webmaster-kapitalis\/"}]}},"_links":{"self":[{"href":"https:\/\/kapitalis.com\/tunisie\/wp-json\/wp\/v2\/posts\/13955107","targetHints":{"allow":["GET"]}}],"collection":[{"href":"https:\/\/kapitalis.com\/tunisie\/wp-json\/wp\/v2\/posts"}],"about":[{"href":"https:\/\/kapitalis.com\/tunisie\/wp-json\/wp\/v2\/types\/post"}],"author":[{"embeddable":true,"href":"https:\/\/kapitalis.com\/tunisie\/wp-json\/wp\/v2\/users\/8"}],"replies":[{"embeddable":true,"href":"https:\/\/kapitalis.com\/tunisie\/wp-json\/wp\/v2\/comments?post=13955107"}],"version-history":[{"count":1,"href":"https:\/\/kapitalis.com\/tunisie\/wp-json\/wp\/v2\/posts\/13955107\/revisions"}],"predecessor-version":[{"id":13955154,"href":"https:\/\/kapitalis.com\/tunisie\/wp-json\/wp\/v2\/posts\/13955107\/revisions\/13955154"}],"wp:featuredmedia":[{"embeddable":true,"href":"https:\/\/kapitalis.com\/tunisie\/wp-json\/wp\/v2\/media\/13955146"}],"wp:attachment":[{"href":"https:\/\/kapitalis.com\/tunisie\/wp-json\/wp\/v2\/media?parent=13955107"}],"wp:term":[{"taxonomy":"category","embeddable":true,"href":"https:\/\/kapitalis.com\/tunisie\/wp-json\/wp\/v2\/categories?post=13955107"},{"taxonomy":"post_tag","embeddable":true,"href":"https:\/\/kapitalis.com\/tunisie\/wp-json\/wp\/v2\/tags?post=13955107"}],"curies":[{"name":"wp","href":"https:\/\/api.w.org\/{rel}","templated":true}]}}