{"id":13955623,"date":"2024-09-08T11:23:31","date_gmt":"2024-09-08T10:23:31","guid":{"rendered":"https:\/\/kapitalis.com\/tunisie\/?p=13955623"},"modified":"2024-09-08T11:26:38","modified_gmt":"2024-09-08T10:26:38","slug":"football-can-maroc-2025-quelle-equipe-de-tunisie-face-a-la-gambie","status":"publish","type":"post","link":"https:\/\/kapitalis.com\/tunisie\/2024\/09\/08\/football-can-maroc-2025-quelle-equipe-de-tunisie-face-a-la-gambie\/","title":{"rendered":"Football &#8211; CAN Maroc 2025\u00a0: Quelle \u00e9quipe de Tunisie face \u00e0 la Gambie\u00a0?"},"content":{"rendered":"\n<p><strong><em>L\u2019\u00e9quipe de Tunisie&nbsp;de football affrontera ce dimanche 8 septembre 2024 \u00e0 partir de 17h00 son homologue de&nbsp;la Gambie&nbsp;au stade El-Abdi \u00e0 El-Jadida au Maroc pour le compte de la deuxi\u00e8me journ\u00e9e du&nbsp;groupe A. de la Coupe d\u2019Afrique des Nations Maroc 2025.<\/em><\/strong><\/p>\n\n\n\n<!--more-->\n\n\n\n<p>La Tunisie avait remport\u00e9 le premier match de son groupe, jeudi dernier, \u00e0 Rad\u00e8s, face \u00e0 Madagascar (1-0), but marqu\u00e9 \u00e0 la 8<sup>e<\/sup> minute apr\u00e8s la fin du temps r\u00e9glementaire par le \u00abrevenant\u00bb Ferjani Sassi d\u2019une t\u00eate imparable, au terme d\u2019un match poussif, insipide et ennuyeux au cours duquel les Aigles de Carthage ont montr\u00e9 une grande indigence en attaque. Esp\u00e9rons qu\u2019ils se rattraperont ce soir et montreront de meilleurs dispositions face \u00e0 une \u00e9quipe gambienne qui a beaucoup \u00e9volu\u00e9 ces derni\u00e8res ann\u00e9es, mais qui reste tout de m\u00eame modeste.<\/p>\n\n\n\n<p>Le match pourra \u00eatre suivi sur beIN Sports ar (Moyen Orient), beIN Sports fr 2 (France) et Sport Digital (Allemagne).<\/p>\n\n\n\n<p>La formation probable sera compos\u00e9e de Amanallah Memmiche (dans les buts), Raed Bouchniba, Ali Abdi, Montassar Talbi et Yassine Meriah (en d\u00e9fense), Aissa Laidouni, Mohamed Ali Ben Romdhane, Ferjani Sassi et Hamza Rafia (au milieu) et Sayfallah Ltaief et Ali Youssef (en attaque).<\/p>\n\n\n\n<p>Ce sera le second match officiel des Tunisiens sous la conduite de leur nouveau coach, le revenant Faouzi Benzarti \u00e0 qui la s\u00e9lection nationale avait rarement r\u00e9ussi par le pass\u00e9. On attend toujours de voir sa touche&#8230; <\/p>\n\n\n\n<p class=\"has-text-align-right\"><strong>I. B.<\/strong><\/p>\n","protected":false},"excerpt":{"rendered":"<p>Contre la Gambie ce soir, la Tunisie jouera son second match officiel sous la f\u00e9rule de son nouveau coach Faouzi Benzarti.   <\/p>\n","protected":false},"author":8,"featured_media":13955674,"comment_status":"closed","ping_status":"open","sticky":false,"template":"","format":"standard","meta":{"footnotes":""},"categories":[999,2433],"tags":[32892,111736,117848,117849,26578,93840,577,36649,114846,62643],"class_list":["post-13955623","post","type-post","status-publish","format-standard","has-post-thumbnail","hentry","category-sport","category-tunisie","tag-ali-abdi","tag-amanallah-memmiche","tag-can-maroc-2025","tag-el-jadida","tag-ferjani-sassi","tag-gambie","tag-maroc","tag-montassar-talbi","tag-raed-bouchniba","tag-tunisie"],"yoast_head":"<!-- This site is optimized with the Yoast SEO plugin v26.6 - https:\/\/yoast.com\/wordpress\/plugins\/seo\/ -->\n<title>Football - CAN Maroc 2025\u00a0: Quelle \u00e9quipe de Tunisie face \u00e0 la Gambie\u00a0? - Kapitalis<\/title>\n<meta name=\"robots\" content=\"index, follow, max-snippet:-1, max-image-preview:large, max-video-preview:-1\" \/>\n<link rel=\"canonical\" href=\"https:\/\/kapitalis.com\/tunisie\/2024\/09\/08\/football-can-maroc-2025-quelle-equipe-de-tunisie-face-a-la-gambie\/\" \/>\n<meta property=\"og:locale\" content=\"fr_FR\" \/>\n<meta property=\"og:type\" content=\"article\" \/>\n<meta property=\"og:title\" content=\"Football - CAN Maroc 2025\u00a0: Quelle \u00e9quipe de Tunisie face \u00e0 la Gambie\u00a0? - Kapitalis\" \/>\n<meta property=\"og:description\" content=\"Contre la Gambie ce soir, la Tunisie jouera son second match officiel sous la f\u00e9rule de son nouveau coach Faouzi Benzarti.\" \/>\n<meta property=\"og:url\" content=\"https:\/\/kapitalis.com\/tunisie\/2024\/09\/08\/football-can-maroc-2025-quelle-equipe-de-tunisie-face-a-la-gambie\/\" \/>\n<meta property=\"og:site_name\" content=\"Kapitalis\" \/>\n<meta property=\"article:publisher\" content=\"https:\/\/www.facebook.com\/KapitalisInfo\/\" \/>\n<meta property=\"article:published_time\" content=\"2024-09-08T10:23:31+00:00\" \/>\n<meta property=\"article:modified_time\" content=\"2024-09-08T10:26:38+00:00\" \/>\n<meta property=\"og:image\" content=\"https:\/\/kapitalis.com\/tunisie\/wp-content\/uploads\/2024\/09\/Faouzi-Benzarti.jpg\" \/>\n\t<meta property=\"og:image:width\" content=\"1200\" \/>\n\t<meta property=\"og:image:height\" content=\"630\" \/>\n\t<meta property=\"og:image:type\" content=\"image\/jpeg\" \/>\n<meta name=\"author\" content=\"webmaster kapitalis\" \/>\n<meta name=\"twitter:card\" content=\"summary_large_image\" \/>\n<meta name=\"twitter:creator\" content=\"@KapitalisInfo\" \/>\n<meta name=\"twitter:site\" content=\"@KapitalisInfo\" \/>\n<meta name=\"twitter:label1\" content=\"\u00c9crit par\" \/>\n\t<meta name=\"twitter:data1\" content=\"webmaster kapitalis\" \/>\n\t<meta name=\"twitter:label2\" content=\"Dur\u00e9e de lecture estim\u00e9e\" \/>\n\t<meta name=\"twitter:data2\" content=\"2 minutes\" \/>\n<script type=\"application\/ld+json\" class=\"yoast-schema-graph\">{\"@context\":\"https:\/\/schema.org\",\"@graph\":[{\"@type\":\"Article\",\"@id\":\"https:\/\/kapitalis.com\/tunisie\/2024\/09\/08\/football-can-maroc-2025-quelle-equipe-de-tunisie-face-a-la-gambie\/#article\",\"isPartOf\":{\"@id\":\"https:\/\/kapitalis.com\/tunisie\/2024\/09\/08\/football-can-maroc-2025-quelle-equipe-de-tunisie-face-a-la-gambie\/\"},\"author\":{\"name\":\"webmaster kapitalis\",\"@id\":\"https:\/\/kapitalis.com\/tunisie\/#\/schema\/person\/d71f33a9ca44f7bad4698210b480c8e9\"},\"headline\":\"Football &#8211; CAN Maroc 2025\u00a0: Quelle \u00e9quipe de Tunisie face \u00e0 la Gambie\u00a0?\",\"datePublished\":\"2024-09-08T10:23:31+00:00\",\"dateModified\":\"2024-09-08T10:26:38+00:00\",\"mainEntityOfPage\":{\"@id\":\"https:\/\/kapitalis.com\/tunisie\/2024\/09\/08\/football-can-maroc-2025-quelle-equipe-de-tunisie-face-a-la-gambie\/\"},\"wordCount\":260,\"publisher\":{\"@id\":\"https:\/\/kapitalis.com\/tunisie\/#organization\"},\"image\":{\"@id\":\"https:\/\/kapitalis.com\/tunisie\/2024\/09\/08\/football-can-maroc-2025-quelle-equipe-de-tunisie-face-a-la-gambie\/#primaryimage\"},\"thumbnailUrl\":\"https:\/\/kapitalis.com\/tunisie\/wp-content\/uploads\/2024\/09\/Faouzi-Benzarti.jpg\",\"keywords\":[\"Ali Abdi\",\"Amanallah Memmiche\",\"CAN Maroc 2025\",\"El-Jadida\",\"Ferjani Sassi\",\"Gambie\",\"Maroc\",\"Montassar Talbi\",\"Raed Bouchniba\",\"Tunisie\"],\"articleSection\":[\"SPORT\",\"Tunisie\"],\"inLanguage\":\"fr-FR\"},{\"@type\":\"WebPage\",\"@id\":\"https:\/\/kapitalis.com\/tunisie\/2024\/09\/08\/football-can-maroc-2025-quelle-equipe-de-tunisie-face-a-la-gambie\/\",\"url\":\"https:\/\/kapitalis.com\/tunisie\/2024\/09\/08\/football-can-maroc-2025-quelle-equipe-de-tunisie-face-a-la-gambie\/\",\"name\":\"Football - CAN Maroc 2025\u00a0: Quelle \u00e9quipe de Tunisie face \u00e0 la Gambie\u00a0? - Kapitalis\",\"isPartOf\":{\"@id\":\"https:\/\/kapitalis.com\/tunisie\/#website\"},\"primaryImageOfPage\":{\"@id\":\"https:\/\/kapitalis.com\/tunisie\/2024\/09\/08\/football-can-maroc-2025-quelle-equipe-de-tunisie-face-a-la-gambie\/#primaryimage\"},\"image\":{\"@id\":\"https:\/\/kapitalis.com\/tunisie\/2024\/09\/08\/football-can-maroc-2025-quelle-equipe-de-tunisie-face-a-la-gambie\/#primaryimage\"},\"thumbnailUrl\":\"https:\/\/kapitalis.com\/tunisie\/wp-content\/uploads\/2024\/09\/Faouzi-Benzarti.jpg\",\"datePublished\":\"2024-09-08T10:23:31+00:00\",\"dateModified\":\"2024-09-08T10:26:38+00:00\",\"breadcrumb\":{\"@id\":\"https:\/\/kapitalis.com\/tunisie\/2024\/09\/08\/football-can-maroc-2025-quelle-equipe-de-tunisie-face-a-la-gambie\/#breadcrumb\"},\"inLanguage\":\"fr-FR\",\"potentialAction\":[{\"@type\":\"ReadAction\",\"target\":[\"https:\/\/kapitalis.com\/tunisie\/2024\/09\/08\/football-can-maroc-2025-quelle-equipe-de-tunisie-face-a-la-gambie\/\"]}]},{\"@type\":\"ImageObject\",\"inLanguage\":\"fr-FR\",\"@id\":\"https:\/\/kapitalis.com\/tunisie\/2024\/09\/08\/football-can-maroc-2025-quelle-equipe-de-tunisie-face-a-la-gambie\/#primaryimage\",\"url\":\"https:\/\/kapitalis.com\/tunisie\/wp-content\/uploads\/2024\/09\/Faouzi-Benzarti.jpg\",\"contentUrl\":\"https:\/\/kapitalis.com\/tunisie\/wp-content\/uploads\/2024\/09\/Faouzi-Benzarti.jpg\",\"width\":1200,\"height\":630},{\"@type\":\"BreadcrumbList\",\"@id\":\"https:\/\/kapitalis.com\/tunisie\/2024\/09\/08\/football-can-maroc-2025-quelle-equipe-de-tunisie-face-a-la-gambie\/#breadcrumb\",\"itemListElement\":[{\"@type\":\"ListItem\",\"position\":1,\"name\":\"Accueil\",\"item\":\"https:\/\/kapitalis.com\/tunisie\/\"},{\"@type\":\"ListItem\",\"position\":2,\"name\":\"Football &#8211; CAN Maroc 2025\u00a0: Quelle \u00e9quipe de Tunisie face \u00e0 la Gambie\u00a0?\"}]},{\"@type\":\"WebSite\",\"@id\":\"https:\/\/kapitalis.com\/tunisie\/#website\",\"url\":\"https:\/\/kapitalis.com\/tunisie\/\",\"name\":\"Kapitalis\",\"description\":\"L&#039;actualit\u00e9 en Tunisie et dans le monde\",\"publisher\":{\"@id\":\"https:\/\/kapitalis.com\/tunisie\/#organization\"},\"potentialAction\":[{\"@type\":\"SearchAction\",\"target\":{\"@type\":\"EntryPoint\",\"urlTemplate\":\"https:\/\/kapitalis.com\/tunisie\/?s={search_term_string}\"},\"query-input\":{\"@type\":\"PropertyValueSpecification\",\"valueRequired\":true,\"valueName\":\"search_term_string\"}}],\"inLanguage\":\"fr-FR\"},{\"@type\":\"Organization\",\"@id\":\"https:\/\/kapitalis.com\/tunisie\/#organization\",\"name\":\"Kapitalis\",\"url\":\"https:\/\/kapitalis.com\/tunisie\/\",\"logo\":{\"@type\":\"ImageObject\",\"inLanguage\":\"fr-FR\",\"@id\":\"https:\/\/kapitalis.com\/tunisie\/#\/schema\/logo\/image\/\",\"url\":\"https:\/\/kapitalis.com\/tunisie\/wp-content\/uploads\/2022\/05\/Kapitalis-big-size.png\",\"contentUrl\":\"https:\/\/kapitalis.com\/tunisie\/wp-content\/uploads\/2022\/05\/Kapitalis-big-size.png\",\"width\":5000,\"height\":1500,\"caption\":\"Kapitalis\"},\"image\":{\"@id\":\"https:\/\/kapitalis.com\/tunisie\/#\/schema\/logo\/image\/\"},\"sameAs\":[\"https:\/\/www.facebook.com\/KapitalisInfo\/\",\"https:\/\/x.com\/KapitalisInfo\",\"https:\/\/www.youtube.com\/channel\/UC-yDYrHyfFBWWZaOw3FPg9Q\"]},{\"@type\":\"Person\",\"@id\":\"https:\/\/kapitalis.com\/tunisie\/#\/schema\/person\/d71f33a9ca44f7bad4698210b480c8e9\",\"name\":\"webmaster kapitalis\",\"url\":\"https:\/\/kapitalis.com\/tunisie\/author\/webmaster-kapitalis\/\"}]}<\/script>\n<!-- \/ Yoast SEO plugin. -->","yoast_head_json":{"title":"Football - CAN Maroc 2025\u00a0: Quelle \u00e9quipe de Tunisie face \u00e0 la Gambie\u00a0? - Kapitalis","robots":{"index":"index","follow":"follow","max-snippet":"max-snippet:-1","max-image-preview":"max-image-preview:large","max-video-preview":"max-video-preview:-1"},"canonical":"https:\/\/kapitalis.com\/tunisie\/2024\/09\/08\/football-can-maroc-2025-quelle-equipe-de-tunisie-face-a-la-gambie\/","og_locale":"fr_FR","og_type":"article","og_title":"Football - CAN Maroc 2025\u00a0: Quelle \u00e9quipe de Tunisie face \u00e0 la Gambie\u00a0? - Kapitalis","og_description":"Contre la Gambie ce soir, la Tunisie jouera son second match officiel sous la f\u00e9rule de son nouveau coach Faouzi Benzarti.","og_url":"https:\/\/kapitalis.com\/tunisie\/2024\/09\/08\/football-can-maroc-2025-quelle-equipe-de-tunisie-face-a-la-gambie\/","og_site_name":"Kapitalis","article_publisher":"https:\/\/www.facebook.com\/KapitalisInfo\/","article_published_time":"2024-09-08T10:23:31+00:00","article_modified_time":"2024-09-08T10:26:38+00:00","og_image":[{"width":1200,"height":630,"url":"https:\/\/kapitalis.com\/tunisie\/wp-content\/uploads\/2024\/09\/Faouzi-Benzarti.jpg","type":"image\/jpeg"}],"author":"webmaster kapitalis","twitter_card":"summary_large_image","twitter_creator":"@KapitalisInfo","twitter_site":"@KapitalisInfo","twitter_misc":{"\u00c9crit par":"webmaster kapitalis","Dur\u00e9e de lecture estim\u00e9e":"2 minutes"},"schema":{"@context":"https:\/\/schema.org","@graph":[{"@type":"Article","@id":"https:\/\/kapitalis.com\/tunisie\/2024\/09\/08\/football-can-maroc-2025-quelle-equipe-de-tunisie-face-a-la-gambie\/#article","isPartOf":{"@id":"https:\/\/kapitalis.com\/tunisie\/2024\/09\/08\/football-can-maroc-2025-quelle-equipe-de-tunisie-face-a-la-gambie\/"},"author":{"name":"webmaster kapitalis","@id":"https:\/\/kapitalis.com\/tunisie\/#\/schema\/person\/d71f33a9ca44f7bad4698210b480c8e9"},"headline":"Football &#8211; CAN Maroc 2025\u00a0: Quelle \u00e9quipe de Tunisie face \u00e0 la Gambie\u00a0?","datePublished":"2024-09-08T10:23:31+00:00","dateModified":"2024-09-08T10:26:38+00:00","mainEntityOfPage":{"@id":"https:\/\/kapitalis.com\/tunisie\/2024\/09\/08\/football-can-maroc-2025-quelle-equipe-de-tunisie-face-a-la-gambie\/"},"wordCount":260,"publisher":{"@id":"https:\/\/kapitalis.com\/tunisie\/#organization"},"image":{"@id":"https:\/\/kapitalis.com\/tunisie\/2024\/09\/08\/football-can-maroc-2025-quelle-equipe-de-tunisie-face-a-la-gambie\/#primaryimage"},"thumbnailUrl":"https:\/\/kapitalis.com\/tunisie\/wp-content\/uploads\/2024\/09\/Faouzi-Benzarti.jpg","keywords":["Ali Abdi","Amanallah Memmiche","CAN Maroc 2025","El-Jadida","Ferjani Sassi","Gambie","Maroc","Montassar Talbi","Raed Bouchniba","Tunisie"],"articleSection":["SPORT","Tunisie"],"inLanguage":"fr-FR"},{"@type":"WebPage","@id":"https:\/\/kapitalis.com\/tunisie\/2024\/09\/08\/football-can-maroc-2025-quelle-equipe-de-tunisie-face-a-la-gambie\/","url":"https:\/\/kapitalis.com\/tunisie\/2024\/09\/08\/football-can-maroc-2025-quelle-equipe-de-tunisie-face-a-la-gambie\/","name":"Football - CAN Maroc 2025\u00a0: Quelle \u00e9quipe de Tunisie face \u00e0 la Gambie\u00a0? - Kapitalis","isPartOf":{"@id":"https:\/\/kapitalis.com\/tunisie\/#website"},"primaryImageOfPage":{"@id":"https:\/\/kapitalis.com\/tunisie\/2024\/09\/08\/football-can-maroc-2025-quelle-equipe-de-tunisie-face-a-la-gambie\/#primaryimage"},"image":{"@id":"https:\/\/kapitalis.com\/tunisie\/2024\/09\/08\/football-can-maroc-2025-quelle-equipe-de-tunisie-face-a-la-gambie\/#primaryimage"},"thumbnailUrl":"https:\/\/kapitalis.com\/tunisie\/wp-content\/uploads\/2024\/09\/Faouzi-Benzarti.jpg","datePublished":"2024-09-08T10:23:31+00:00","dateModified":"2024-09-08T10:26:38+00:00","breadcrumb":{"@id":"https:\/\/kapitalis.com\/tunisie\/2024\/09\/08\/football-can-maroc-2025-quelle-equipe-de-tunisie-face-a-la-gambie\/#breadcrumb"},"inLanguage":"fr-FR","potentialAction":[{"@type":"ReadAction","target":["https:\/\/kapitalis.com\/tunisie\/2024\/09\/08\/football-can-maroc-2025-quelle-equipe-de-tunisie-face-a-la-gambie\/"]}]},{"@type":"ImageObject","inLanguage":"fr-FR","@id":"https:\/\/kapitalis.com\/tunisie\/2024\/09\/08\/football-can-maroc-2025-quelle-equipe-de-tunisie-face-a-la-gambie\/#primaryimage","url":"https:\/\/kapitalis.com\/tunisie\/wp-content\/uploads\/2024\/09\/Faouzi-Benzarti.jpg","contentUrl":"https:\/\/kapitalis.com\/tunisie\/wp-content\/uploads\/2024\/09\/Faouzi-Benzarti.jpg","width":1200,"height":630},{"@type":"BreadcrumbList","@id":"https:\/\/kapitalis.com\/tunisie\/2024\/09\/08\/football-can-maroc-2025-quelle-equipe-de-tunisie-face-a-la-gambie\/#breadcrumb","itemListElement":[{"@type":"ListItem","position":1,"name":"Accueil","item":"https:\/\/kapitalis.com\/tunisie\/"},{"@type":"ListItem","position":2,"name":"Football &#8211; CAN Maroc 2025\u00a0: Quelle \u00e9quipe de Tunisie face \u00e0 la Gambie\u00a0?"}]},{"@type":"WebSite","@id":"https:\/\/kapitalis.com\/tunisie\/#website","url":"https:\/\/kapitalis.com\/tunisie\/","name":"Kapitalis","description":"L&#039;actualit\u00e9 en Tunisie et dans le monde","publisher":{"@id":"https:\/\/kapitalis.com\/tunisie\/#organization"},"potentialAction":[{"@type":"SearchAction","target":{"@type":"EntryPoint","urlTemplate":"https:\/\/kapitalis.com\/tunisie\/?s={search_term_string}"},"query-input":{"@type":"PropertyValueSpecification","valueRequired":true,"valueName":"search_term_string"}}],"inLanguage":"fr-FR"},{"@type":"Organization","@id":"https:\/\/kapitalis.com\/tunisie\/#organization","name":"Kapitalis","url":"https:\/\/kapitalis.com\/tunisie\/","logo":{"@type":"ImageObject","inLanguage":"fr-FR","@id":"https:\/\/kapitalis.com\/tunisie\/#\/schema\/logo\/image\/","url":"https:\/\/kapitalis.com\/tunisie\/wp-content\/uploads\/2022\/05\/Kapitalis-big-size.png","contentUrl":"https:\/\/kapitalis.com\/tunisie\/wp-content\/uploads\/2022\/05\/Kapitalis-big-size.png","width":5000,"height":1500,"caption":"Kapitalis"},"image":{"@id":"https:\/\/kapitalis.com\/tunisie\/#\/schema\/logo\/image\/"},"sameAs":["https:\/\/www.facebook.com\/KapitalisInfo\/","https:\/\/x.com\/KapitalisInfo","https:\/\/www.youtube.com\/channel\/UC-yDYrHyfFBWWZaOw3FPg9Q"]},{"@type":"Person","@id":"https:\/\/kapitalis.com\/tunisie\/#\/schema\/person\/d71f33a9ca44f7bad4698210b480c8e9","name":"webmaster kapitalis","url":"https:\/\/kapitalis.com\/tunisie\/author\/webmaster-kapitalis\/"}]}},"_links":{"self":[{"href":"https:\/\/kapitalis.com\/tunisie\/wp-json\/wp\/v2\/posts\/13955623","targetHints":{"allow":["GET"]}}],"collection":[{"href":"https:\/\/kapitalis.com\/tunisie\/wp-json\/wp\/v2\/posts"}],"about":[{"href":"https:\/\/kapitalis.com\/tunisie\/wp-json\/wp\/v2\/types\/post"}],"author":[{"embeddable":true,"href":"https:\/\/kapitalis.com\/tunisie\/wp-json\/wp\/v2\/users\/8"}],"replies":[{"embeddable":true,"href":"https:\/\/kapitalis.com\/tunisie\/wp-json\/wp\/v2\/comments?post=13955623"}],"version-history":[{"count":2,"href":"https:\/\/kapitalis.com\/tunisie\/wp-json\/wp\/v2\/posts\/13955623\/revisions"}],"predecessor-version":[{"id":13955703,"href":"https:\/\/kapitalis.com\/tunisie\/wp-json\/wp\/v2\/posts\/13955623\/revisions\/13955703"}],"wp:featuredmedia":[{"embeddable":true,"href":"https:\/\/kapitalis.com\/tunisie\/wp-json\/wp\/v2\/media\/13955674"}],"wp:attachment":[{"href":"https:\/\/kapitalis.com\/tunisie\/wp-json\/wp\/v2\/media?parent=13955623"}],"wp:term":[{"taxonomy":"category","embeddable":true,"href":"https:\/\/kapitalis.com\/tunisie\/wp-json\/wp\/v2\/categories?post=13955623"},{"taxonomy":"post_tag","embeddable":true,"href":"https:\/\/kapitalis.com\/tunisie\/wp-json\/wp\/v2\/tags?post=13955623"}],"curies":[{"name":"wp","href":"https:\/\/api.w.org\/{rel}","templated":true}]}}