{"id":139577,"date":"2018-02-20T13:09:02","date_gmt":"2018-02-20T12:09:02","guid":{"rendered":"http:\/\/kapitalis.com\/tunisie\/?p=139577"},"modified":"2018-02-21T09:26:43","modified_gmt":"2018-02-21T08:26:43","slug":"tunisie-mbarka-brahmi-defend-la-directrice-du-centre-pour-enfants-autistes","status":"publish","type":"post","link":"https:\/\/kapitalis.com\/tunisie\/2018\/02\/20\/tunisie-mbarka-brahmi-defend-la-directrice-du-centre-pour-enfants-autistes\/","title":{"rendered":"Tunisie : Mbarka Brahmi d\u00e9fend la directrice du centre pour enfants autistes"},"content":{"rendered":"<p style=\"text-align: center;\"><img loading=\"lazy\" decoding=\"async\" class=\"alignnone size-full wp-image-49203\" src=\"http:\/\/kapitalis.com\/tunisie\/wp-content\/uploads\/2016\/05\/Mbarka-Brahmi-d\u00e9put\u00e9e-FP.jpg\" alt=\"\" width=\"626\" height=\"380\" \/><\/p>\n<p><em><strong>Mbarka Brahmi a indiqu\u00e9 que l&rsquo;arrestation de la directrice du centre pour enfants autistes, \u00e0 El-Menzah 7 (Ariana) est une v\u00e9ritable injustice.<\/strong><\/em><!--more--><\/p>\n<p>Dans une d\u00e9claration \u00e0 Kapitalis, aujourd&rsquo;hui, mardi 20 f\u00e9vrier 2018, la d\u00e9put\u00e9e du Front populaire (FP) a indiqu\u00e9 que 95%\u00a0des parents d&rsquo;enfants autistes\u00a0inscrits dans le centre en question ont particip\u00e9, ce matin, \u00e0 un mouvement de protestation devant le district de la s\u00e9curit\u00e9 nationale de l&rsquo;Ariana pour demander la lib\u00e9ration de la directrice, Hela Chennoufi, arr\u00eat\u00e9e depuis hier, suite \u00e0 la diffusion d&rsquo;une vid\u00e9o montrant des \u00e9ducatrices battre et maltraiter les enfants inscrits dans ce centre.<\/p>\n<p>La veuve\u00a0du martyr Mohamed Brahmi, assassin\u00e9 par balles par un extr\u00e9miste religieux, le 25 juillet 2013, et dont la fille est inscrite dans ce m\u00eame centre,\u00a0a assur\u00e9 que la directrice traitait bien les enfants autistes, ajoutant que ce centre ne devrait pas \u00eatre ferm\u00e9 \u00e9tant donn\u00e9 qu&rsquo;il est le seul \u00e0 fournir ce type de service aux malades dans la zone.<\/p>\n<p style=\"text-align: right;\"><strong>E. B. A.<\/strong><\/p>\n<blockquote class=\"wp-embedded-content\" data-secret=\"OSqd9L85Py\"><p><a href=\"https:\/\/kapitalis.com\/tunisie\/2018\/02\/20\/ariana-la-directrice-du-centre-pour-enfants-autistes-placee-en-garde-a-vue\/\">Ariana : La directrice du centre pour enfants autistes plac\u00e9e en garde \u00e0 vue<\/a><\/p><\/blockquote>\n<p><iframe loading=\"lazy\" class=\"wp-embedded-content\" sandbox=\"allow-scripts\" security=\"restricted\" style=\"position: absolute; clip: rect(1px, 1px, 1px, 1px);\" title=\"\u00ab\u00a0Ariana : La directrice du centre pour enfants autistes plac\u00e9e en garde \u00e0 vue\u00a0\u00bb &#8212; Kapitalis\" src=\"https:\/\/kapitalis.com\/tunisie\/2018\/02\/20\/ariana-la-directrice-du-centre-pour-enfants-autistes-placee-en-garde-a-vue\/embed\/#?secret=sChWxpJWF8#?secret=OSqd9L85Py\" data-secret=\"OSqd9L85Py\" width=\"600\" height=\"338\" frameborder=\"0\" marginwidth=\"0\" marginheight=\"0\" scrolling=\"no\"><\/iframe><\/p>\n<blockquote class=\"wp-embedded-content\" data-secret=\"fIsAFiRgHi\"><p><a href=\"https:\/\/kapitalis.com\/tunisie\/2018\/02\/19\/enfants-autistes-tortures-vers-fermeture-centre-de-lariana\/\">Enfants autistes tortur\u00e9s : Vers la fermeture du centre de l\u2019Ariana<\/a><\/p><\/blockquote>\n<p><iframe loading=\"lazy\" class=\"wp-embedded-content\" sandbox=\"allow-scripts\" security=\"restricted\" style=\"position: absolute; clip: rect(1px, 1px, 1px, 1px);\" title=\"\u00ab\u00a0Enfants autistes tortur\u00e9s : Vers la fermeture du centre de l\u2019Ariana\u00a0\u00bb &#8212; Kapitalis\" src=\"https:\/\/kapitalis.com\/tunisie\/2018\/02\/19\/enfants-autistes-tortures-vers-fermeture-centre-de-lariana\/embed\/#?secret=buLuwQSLIo#?secret=fIsAFiRgHi\" data-secret=\"fIsAFiRgHi\" width=\"600\" height=\"338\" frameborder=\"0\" marginwidth=\"0\" marginheight=\"0\" scrolling=\"no\"><\/iframe><\/p>\n","protected":false},"excerpt":{"rendered":"<p>Mbarka Brahmi a indiqu\u00e9 que l&rsquo;arrestation de la directrice du centre pour enfants autistes, \u00e0 El-Menzah 7 (Ariana) est une v\u00e9ritable injustice.<\/p>\n","protected":false},"author":16,"featured_media":0,"comment_status":"open","ping_status":"open","sticky":false,"template":"","format":"standard","meta":{"footnotes":""},"categories":[998,2433],"tags":[21451,399,7342,625],"class_list":["post-139577","post","type-post","status-publish","format-standard","hentry","category-societe","category-tunisie","tag-enfants-autistes","tag-front-populaire","tag-mbarka-brahmi","tag-mohamed-brahmi"],"yoast_head":"<!-- This site is optimized with the Yoast SEO plugin v26.6 - https:\/\/yoast.com\/wordpress\/plugins\/seo\/ -->\n<title>Tunisie : Mbarka Brahmi d\u00e9fend la directrice du centre pour enfants autistes - Kapitalis<\/title>\n<meta name=\"robots\" content=\"index, follow, max-snippet:-1, max-image-preview:large, max-video-preview:-1\" \/>\n<link rel=\"canonical\" href=\"https:\/\/kapitalis.com\/tunisie\/2018\/02\/20\/tunisie-mbarka-brahmi-defend-la-directrice-du-centre-pour-enfants-autistes\/\" \/>\n<meta property=\"og:locale\" content=\"fr_FR\" \/>\n<meta property=\"og:type\" content=\"article\" \/>\n<meta property=\"og:title\" content=\"Tunisie : Mbarka Brahmi d\u00e9fend la directrice du centre pour enfants autistes - Kapitalis\" \/>\n<meta property=\"og:description\" content=\"Mbarka Brahmi a indiqu\u00e9 que l&rsquo;arrestation de la directrice du centre pour enfants autistes, \u00e0 El-Menzah 7 (Ariana) est une v\u00e9ritable injustice.\" \/>\n<meta property=\"og:url\" content=\"https:\/\/kapitalis.com\/tunisie\/2018\/02\/20\/tunisie-mbarka-brahmi-defend-la-directrice-du-centre-pour-enfants-autistes\/\" \/>\n<meta property=\"og:site_name\" content=\"Kapitalis\" \/>\n<meta property=\"article:publisher\" content=\"https:\/\/www.facebook.com\/KapitalisInfo\/\" \/>\n<meta property=\"article:published_time\" content=\"2018-02-20T12:09:02+00:00\" \/>\n<meta property=\"article:modified_time\" content=\"2018-02-21T08:26:43+00:00\" \/>\n<meta property=\"og:image\" content=\"https:\/\/kapitalis.com\/tunisie\/wp-content\/uploads\/2022\/05\/kapitalis-logo-fb.png\" \/>\n\t<meta property=\"og:image:width\" content=\"1200\" \/>\n\t<meta property=\"og:image:height\" content=\"630\" \/>\n\t<meta property=\"og:image:type\" content=\"image\/png\" \/>\n<meta name=\"author\" content=\"emna benabdallah\" \/>\n<meta name=\"twitter:card\" content=\"summary_large_image\" \/>\n<meta name=\"twitter:creator\" content=\"@KapitalisInfo\" \/>\n<meta name=\"twitter:site\" content=\"@KapitalisInfo\" \/>\n<meta name=\"twitter:label1\" content=\"\u00c9crit par\" \/>\n\t<meta name=\"twitter:data1\" content=\"emna benabdallah\" \/>\n\t<meta name=\"twitter:label2\" content=\"Dur\u00e9e de lecture estim\u00e9e\" \/>\n\t<meta name=\"twitter:data2\" content=\"1 minute\" \/>\n<script type=\"application\/ld+json\" class=\"yoast-schema-graph\">{\"@context\":\"https:\/\/schema.org\",\"@graph\":[{\"@type\":\"Article\",\"@id\":\"https:\/\/kapitalis.com\/tunisie\/2018\/02\/20\/tunisie-mbarka-brahmi-defend-la-directrice-du-centre-pour-enfants-autistes\/#article\",\"isPartOf\":{\"@id\":\"https:\/\/kapitalis.com\/tunisie\/2018\/02\/20\/tunisie-mbarka-brahmi-defend-la-directrice-du-centre-pour-enfants-autistes\/\"},\"author\":{\"name\":\"emna benabdallah\",\"@id\":\"https:\/\/kapitalis.com\/tunisie\/#\/schema\/person\/2c6e134b2f3369dffcd1daf5f087d28b\"},\"headline\":\"Tunisie : Mbarka Brahmi d\u00e9fend la directrice du centre pour enfants autistes\",\"datePublished\":\"2018-02-20T12:09:02+00:00\",\"dateModified\":\"2018-02-21T08:26:43+00:00\",\"mainEntityOfPage\":{\"@id\":\"https:\/\/kapitalis.com\/tunisie\/2018\/02\/20\/tunisie-mbarka-brahmi-defend-la-directrice-du-centre-pour-enfants-autistes\/\"},\"wordCount\":189,\"commentCount\":2,\"publisher\":{\"@id\":\"https:\/\/kapitalis.com\/tunisie\/#organization\"},\"keywords\":[\"enfants autistes\",\"Front populaire\",\"Mbarka Brahmi\",\"Mohamed Brahmi\"],\"articleSection\":[\"SOCIETE\",\"Tunisie\"],\"inLanguage\":\"fr-FR\",\"potentialAction\":[{\"@type\":\"CommentAction\",\"name\":\"Comment\",\"target\":[\"https:\/\/kapitalis.com\/tunisie\/2018\/02\/20\/tunisie-mbarka-brahmi-defend-la-directrice-du-centre-pour-enfants-autistes\/#respond\"]}]},{\"@type\":\"WebPage\",\"@id\":\"https:\/\/kapitalis.com\/tunisie\/2018\/02\/20\/tunisie-mbarka-brahmi-defend-la-directrice-du-centre-pour-enfants-autistes\/\",\"url\":\"https:\/\/kapitalis.com\/tunisie\/2018\/02\/20\/tunisie-mbarka-brahmi-defend-la-directrice-du-centre-pour-enfants-autistes\/\",\"name\":\"Tunisie : Mbarka Brahmi d\u00e9fend la directrice du centre pour enfants autistes - Kapitalis\",\"isPartOf\":{\"@id\":\"https:\/\/kapitalis.com\/tunisie\/#website\"},\"datePublished\":\"2018-02-20T12:09:02+00:00\",\"dateModified\":\"2018-02-21T08:26:43+00:00\",\"breadcrumb\":{\"@id\":\"https:\/\/kapitalis.com\/tunisie\/2018\/02\/20\/tunisie-mbarka-brahmi-defend-la-directrice-du-centre-pour-enfants-autistes\/#breadcrumb\"},\"inLanguage\":\"fr-FR\",\"potentialAction\":[{\"@type\":\"ReadAction\",\"target\":[\"https:\/\/kapitalis.com\/tunisie\/2018\/02\/20\/tunisie-mbarka-brahmi-defend-la-directrice-du-centre-pour-enfants-autistes\/\"]}]},{\"@type\":\"BreadcrumbList\",\"@id\":\"https:\/\/kapitalis.com\/tunisie\/2018\/02\/20\/tunisie-mbarka-brahmi-defend-la-directrice-du-centre-pour-enfants-autistes\/#breadcrumb\",\"itemListElement\":[{\"@type\":\"ListItem\",\"position\":1,\"name\":\"Accueil\",\"item\":\"https:\/\/kapitalis.com\/tunisie\/\"},{\"@type\":\"ListItem\",\"position\":2,\"name\":\"Tunisie : Mbarka Brahmi d\u00e9fend la directrice du centre pour enfants autistes\"}]},{\"@type\":\"WebSite\",\"@id\":\"https:\/\/kapitalis.com\/tunisie\/#website\",\"url\":\"https:\/\/kapitalis.com\/tunisie\/\",\"name\":\"Kapitalis\",\"description\":\"L&#039;actualit\u00e9 en Tunisie et dans le monde\",\"publisher\":{\"@id\":\"https:\/\/kapitalis.com\/tunisie\/#organization\"},\"potentialAction\":[{\"@type\":\"SearchAction\",\"target\":{\"@type\":\"EntryPoint\",\"urlTemplate\":\"https:\/\/kapitalis.com\/tunisie\/?s={search_term_string}\"},\"query-input\":{\"@type\":\"PropertyValueSpecification\",\"valueRequired\":true,\"valueName\":\"search_term_string\"}}],\"inLanguage\":\"fr-FR\"},{\"@type\":\"Organization\",\"@id\":\"https:\/\/kapitalis.com\/tunisie\/#organization\",\"name\":\"Kapitalis\",\"url\":\"https:\/\/kapitalis.com\/tunisie\/\",\"logo\":{\"@type\":\"ImageObject\",\"inLanguage\":\"fr-FR\",\"@id\":\"https:\/\/kapitalis.com\/tunisie\/#\/schema\/logo\/image\/\",\"url\":\"https:\/\/kapitalis.com\/tunisie\/wp-content\/uploads\/2022\/05\/Kapitalis-big-size.png\",\"contentUrl\":\"https:\/\/kapitalis.com\/tunisie\/wp-content\/uploads\/2022\/05\/Kapitalis-big-size.png\",\"width\":5000,\"height\":1500,\"caption\":\"Kapitalis\"},\"image\":{\"@id\":\"https:\/\/kapitalis.com\/tunisie\/#\/schema\/logo\/image\/\"},\"sameAs\":[\"https:\/\/www.facebook.com\/KapitalisInfo\/\",\"https:\/\/x.com\/KapitalisInfo\",\"https:\/\/www.youtube.com\/channel\/UC-yDYrHyfFBWWZaOw3FPg9Q\"]},{\"@type\":\"Person\",\"@id\":\"https:\/\/kapitalis.com\/tunisie\/#\/schema\/person\/2c6e134b2f3369dffcd1daf5f087d28b\",\"name\":\"emna benabdallah\",\"url\":\"https:\/\/kapitalis.com\/tunisie\/author\/emna\/\"}]}<\/script>\n<!-- \/ Yoast SEO plugin. -->","yoast_head_json":{"title":"Tunisie : Mbarka Brahmi d\u00e9fend la directrice du centre pour enfants autistes - Kapitalis","robots":{"index":"index","follow":"follow","max-snippet":"max-snippet:-1","max-image-preview":"max-image-preview:large","max-video-preview":"max-video-preview:-1"},"canonical":"https:\/\/kapitalis.com\/tunisie\/2018\/02\/20\/tunisie-mbarka-brahmi-defend-la-directrice-du-centre-pour-enfants-autistes\/","og_locale":"fr_FR","og_type":"article","og_title":"Tunisie : Mbarka Brahmi d\u00e9fend la directrice du centre pour enfants autistes - Kapitalis","og_description":"Mbarka Brahmi a indiqu\u00e9 que l&rsquo;arrestation de la directrice du centre pour enfants autistes, \u00e0 El-Menzah 7 (Ariana) est une v\u00e9ritable injustice.","og_url":"https:\/\/kapitalis.com\/tunisie\/2018\/02\/20\/tunisie-mbarka-brahmi-defend-la-directrice-du-centre-pour-enfants-autistes\/","og_site_name":"Kapitalis","article_publisher":"https:\/\/www.facebook.com\/KapitalisInfo\/","article_published_time":"2018-02-20T12:09:02+00:00","article_modified_time":"2018-02-21T08:26:43+00:00","og_image":[{"width":1200,"height":630,"url":"https:\/\/kapitalis.com\/tunisie\/wp-content\/uploads\/2022\/05\/kapitalis-logo-fb.png","type":"image\/png"}],"author":"emna benabdallah","twitter_card":"summary_large_image","twitter_creator":"@KapitalisInfo","twitter_site":"@KapitalisInfo","twitter_misc":{"\u00c9crit par":"emna benabdallah","Dur\u00e9e de lecture estim\u00e9e":"1 minute"},"schema":{"@context":"https:\/\/schema.org","@graph":[{"@type":"Article","@id":"https:\/\/kapitalis.com\/tunisie\/2018\/02\/20\/tunisie-mbarka-brahmi-defend-la-directrice-du-centre-pour-enfants-autistes\/#article","isPartOf":{"@id":"https:\/\/kapitalis.com\/tunisie\/2018\/02\/20\/tunisie-mbarka-brahmi-defend-la-directrice-du-centre-pour-enfants-autistes\/"},"author":{"name":"emna benabdallah","@id":"https:\/\/kapitalis.com\/tunisie\/#\/schema\/person\/2c6e134b2f3369dffcd1daf5f087d28b"},"headline":"Tunisie : Mbarka Brahmi d\u00e9fend la directrice du centre pour enfants autistes","datePublished":"2018-02-20T12:09:02+00:00","dateModified":"2018-02-21T08:26:43+00:00","mainEntityOfPage":{"@id":"https:\/\/kapitalis.com\/tunisie\/2018\/02\/20\/tunisie-mbarka-brahmi-defend-la-directrice-du-centre-pour-enfants-autistes\/"},"wordCount":189,"commentCount":2,"publisher":{"@id":"https:\/\/kapitalis.com\/tunisie\/#organization"},"keywords":["enfants autistes","Front populaire","Mbarka Brahmi","Mohamed Brahmi"],"articleSection":["SOCIETE","Tunisie"],"inLanguage":"fr-FR","potentialAction":[{"@type":"CommentAction","name":"Comment","target":["https:\/\/kapitalis.com\/tunisie\/2018\/02\/20\/tunisie-mbarka-brahmi-defend-la-directrice-du-centre-pour-enfants-autistes\/#respond"]}]},{"@type":"WebPage","@id":"https:\/\/kapitalis.com\/tunisie\/2018\/02\/20\/tunisie-mbarka-brahmi-defend-la-directrice-du-centre-pour-enfants-autistes\/","url":"https:\/\/kapitalis.com\/tunisie\/2018\/02\/20\/tunisie-mbarka-brahmi-defend-la-directrice-du-centre-pour-enfants-autistes\/","name":"Tunisie : Mbarka Brahmi d\u00e9fend la directrice du centre pour enfants autistes - Kapitalis","isPartOf":{"@id":"https:\/\/kapitalis.com\/tunisie\/#website"},"datePublished":"2018-02-20T12:09:02+00:00","dateModified":"2018-02-21T08:26:43+00:00","breadcrumb":{"@id":"https:\/\/kapitalis.com\/tunisie\/2018\/02\/20\/tunisie-mbarka-brahmi-defend-la-directrice-du-centre-pour-enfants-autistes\/#breadcrumb"},"inLanguage":"fr-FR","potentialAction":[{"@type":"ReadAction","target":["https:\/\/kapitalis.com\/tunisie\/2018\/02\/20\/tunisie-mbarka-brahmi-defend-la-directrice-du-centre-pour-enfants-autistes\/"]}]},{"@type":"BreadcrumbList","@id":"https:\/\/kapitalis.com\/tunisie\/2018\/02\/20\/tunisie-mbarka-brahmi-defend-la-directrice-du-centre-pour-enfants-autistes\/#breadcrumb","itemListElement":[{"@type":"ListItem","position":1,"name":"Accueil","item":"https:\/\/kapitalis.com\/tunisie\/"},{"@type":"ListItem","position":2,"name":"Tunisie : Mbarka Brahmi d\u00e9fend la directrice du centre pour enfants autistes"}]},{"@type":"WebSite","@id":"https:\/\/kapitalis.com\/tunisie\/#website","url":"https:\/\/kapitalis.com\/tunisie\/","name":"Kapitalis","description":"L&#039;actualit\u00e9 en Tunisie et dans le monde","publisher":{"@id":"https:\/\/kapitalis.com\/tunisie\/#organization"},"potentialAction":[{"@type":"SearchAction","target":{"@type":"EntryPoint","urlTemplate":"https:\/\/kapitalis.com\/tunisie\/?s={search_term_string}"},"query-input":{"@type":"PropertyValueSpecification","valueRequired":true,"valueName":"search_term_string"}}],"inLanguage":"fr-FR"},{"@type":"Organization","@id":"https:\/\/kapitalis.com\/tunisie\/#organization","name":"Kapitalis","url":"https:\/\/kapitalis.com\/tunisie\/","logo":{"@type":"ImageObject","inLanguage":"fr-FR","@id":"https:\/\/kapitalis.com\/tunisie\/#\/schema\/logo\/image\/","url":"https:\/\/kapitalis.com\/tunisie\/wp-content\/uploads\/2022\/05\/Kapitalis-big-size.png","contentUrl":"https:\/\/kapitalis.com\/tunisie\/wp-content\/uploads\/2022\/05\/Kapitalis-big-size.png","width":5000,"height":1500,"caption":"Kapitalis"},"image":{"@id":"https:\/\/kapitalis.com\/tunisie\/#\/schema\/logo\/image\/"},"sameAs":["https:\/\/www.facebook.com\/KapitalisInfo\/","https:\/\/x.com\/KapitalisInfo","https:\/\/www.youtube.com\/channel\/UC-yDYrHyfFBWWZaOw3FPg9Q"]},{"@type":"Person","@id":"https:\/\/kapitalis.com\/tunisie\/#\/schema\/person\/2c6e134b2f3369dffcd1daf5f087d28b","name":"emna benabdallah","url":"https:\/\/kapitalis.com\/tunisie\/author\/emna\/"}]}},"_links":{"self":[{"href":"https:\/\/kapitalis.com\/tunisie\/wp-json\/wp\/v2\/posts\/139577","targetHints":{"allow":["GET"]}}],"collection":[{"href":"https:\/\/kapitalis.com\/tunisie\/wp-json\/wp\/v2\/posts"}],"about":[{"href":"https:\/\/kapitalis.com\/tunisie\/wp-json\/wp\/v2\/types\/post"}],"author":[{"embeddable":true,"href":"https:\/\/kapitalis.com\/tunisie\/wp-json\/wp\/v2\/users\/16"}],"replies":[{"embeddable":true,"href":"https:\/\/kapitalis.com\/tunisie\/wp-json\/wp\/v2\/comments?post=139577"}],"version-history":[{"count":0,"href":"https:\/\/kapitalis.com\/tunisie\/wp-json\/wp\/v2\/posts\/139577\/revisions"}],"wp:attachment":[{"href":"https:\/\/kapitalis.com\/tunisie\/wp-json\/wp\/v2\/media?parent=139577"}],"wp:term":[{"taxonomy":"category","embeddable":true,"href":"https:\/\/kapitalis.com\/tunisie\/wp-json\/wp\/v2\/categories?post=139577"},{"taxonomy":"post_tag","embeddable":true,"href":"https:\/\/kapitalis.com\/tunisie\/wp-json\/wp\/v2\/tags?post=139577"}],"curies":[{"name":"wp","href":"https:\/\/api.w.org\/{rel}","templated":true}]}}