{"id":13966927,"date":"2024-09-10T06:56:31","date_gmt":"2024-09-10T05:56:31","guid":{"rendered":"https:\/\/kapitalis.com\/tunisie\/?p=13966927"},"modified":"2024-09-10T07:03:01","modified_gmt":"2024-09-10T06:03:01","slug":"presidentielle-tunisienne-ou-est-passe-zouhair-maghzaoui","status":"publish","type":"post","link":"https:\/\/kapitalis.com\/tunisie\/2024\/09\/10\/presidentielle-tunisienne-ou-est-passe-zouhair-maghzaoui\/","title":{"rendered":"Pr\u00e9sidentielle tunisienne\u00a0: O\u00f9 est pass\u00e9 Zouhair Maghzaoui\u00a0?"},"content":{"rendered":"\n<p><strong><em>Zouhair Maghzaoui est-il encore candidat \u00e0 la pr\u00e9sidentielle du 6 octobre prochain&nbsp;? On a de bonnes raisons d\u2019avoir des doutes \u00e0 ce sujet, puisque cela fait plus d\u2019une semaine, et \u00e0 moins d\u2019un mois de ce rendez-vous d\u00e9cisif pour son avenir politique, il a compl\u00e8tement disparu de la circulation&nbsp;: ni meeting populaire, ni d\u00e9claration m\u00e9diatique, ni vid\u00e9o ou poste sur les r\u00e9seaux sociaux. Que se passe-t-il&nbsp;?<\/em><\/strong><\/p>\n\n\n\n<p><strong>Imed Bahri<\/strong><\/p>\n\n\n\n<!--more-->\n\n\n\n<p>La derni\u00e8re apparition publique du candidat du mouvement Echa\u00e2b remonte au 2 septembre courant via une <a href=\"https:\/\/kapitalis.com\/tunisie\/2024\/08\/28\/presidentielle-tunisienne-zouhair-mahgzaoui-hausse-le-ton-video\/\" target=\"_blank\" rel=\"noreferrer noopener\">vid\u00e9o<\/a> diffus\u00e9e sur sa page Facebook dans laquelle ce fervent soutien du pr\u00e9sident sortant (et candidat \u00e0 sa propre succession) est pass\u00e9 d\u2019une posture de <em>\u00absoutien critique\u00bb<\/em> \u00e0 ce dernier, selon ses termes, \u00e0 une autre de <em>\u00abcritique\u00bb<\/em> tout court.<\/p>\n\n\n\n<p>Cette posture sied mieux \u00e0 un candidat qui brigue la magistrature supr\u00eame et qui se pr\u00e9sente contre un pr\u00e9sident en exercice, ne fut-ce que pour sauver les apparences et donner un semblant de cr\u00e9dit \u00e0 une comp\u00e9tition \u00e9lectorale qui se r\u00e9duit, jour apr\u00e8s jour et \u00e0 l\u2019approche du scrutin, \u00e0 une course solitaire du locataire du Palais de Carthage.<\/p>\n\n\n\n<p>Est-il all\u00e9 trop loin dans ses critiques, se prenant trop au s\u00e9rieux, lui, qui \u00e9tait cens\u00e9 servir de faire-valoir et de candidat de d\u00e9cor? Ses propos ont-ils d\u00e9plu en haut lieu et s\u2019est-il fait taper sur les doigts, comme l\u2019affirment certains observateurs sur les r\u00e9seaux sociaux, allant m\u00eame jusqu\u2019\u00e0 pr\u00e9tendre qu\u2019il ferait lui aussi l\u2019objet de pressions amicales voire de poursuites judiciaires, \u00e0 l\u2019instar de l\u2019autre candidat Ayachi Zammel du parti Azimoun, incarc\u00e9r\u00e9 depuis une semaine, et poursuivi dans plusieurs affaires de falsification de parrainages dans son dossier de candidature. Et des falsifications de parrainages, quand on les cherche, on les trouve toujours forc\u00e9ment. &nbsp;<\/p>\n\n\n\n<p>Il faut dire que le silence assourdissant du principal concern\u00e9, des membres&nbsp; de sa campagne \u2013 si campagne il y a encore \u2013 et m\u00eame de son parti n\u2019aide pas \u00e0 dissiper les doutes sur ses dispositions actuelles \u00e0 poursuivre sa campagne \u00e9lectorale avec le m\u00eame \u00e9lan du d\u00e9part.<\/p>\n\n\n\n<p>Quoi qu\u2019il en soit, et en attendant la prochaine sortie publique de Maghzaoui, qui a trop tard\u00e9, les supputations vont bon train et cela n\u2019am\u00e9liore pas l\u2019ambiance morose et crisp\u00e9e dans laquelle se d\u00e9roule une campagne \u00e9lectorale poussive, timide et qui se r\u00e9sume depuis quelque temps aux activit\u00e9s officielles du pr\u00e9sident sortant, plus que jamais pr\u00e9sident &#8211; multipliant les limogeages et les nominations dans l&rsquo;appareil de l&rsquo;Etat &#8211; et de moins en moins candidat.<\/p>\n\n\n\n<figure class=\"wp-block-embed is-type-wp-embed is-provider-kapitalis wp-block-embed-kapitalis\"><div class=\"wp-block-embed__wrapper\">\n<blockquote class=\"wp-embedded-content\" data-secret=\"sbfxXXospt\"><a href=\"https:\/\/kapitalis.com\/tunisie\/2024\/08\/28\/presidentielle-tunisienne-zouhair-mahgzaoui-hausse-le-ton-video\/\">Pr\u00e9sidentielle tunisienne\u00a0: Zouhair Maghzaoui hausse le ton (Vid\u00e9o)<\/a><\/blockquote><iframe loading=\"lazy\" class=\"wp-embedded-content\" sandbox=\"allow-scripts\" security=\"restricted\" style=\"position: absolute; visibility: hidden;\" title=\"\u00ab\u00a0Pr\u00e9sidentielle tunisienne\u00a0: Zouhair Maghzaoui hausse le ton (Vid\u00e9o)\u00a0\u00bb &#8212; Kapitalis\" src=\"https:\/\/kapitalis.com\/tunisie\/2024\/08\/28\/presidentielle-tunisienne-zouhair-mahgzaoui-hausse-le-ton-video\/embed\/#?secret=Ljb0xZet3b#?secret=sbfxXXospt\" data-secret=\"sbfxXXospt\" width=\"600\" height=\"338\" frameborder=\"0\" marginwidth=\"0\" marginheight=\"0\" scrolling=\"no\"><\/iframe>\n<\/div><\/figure>\n","protected":false},"excerpt":{"rendered":"<p>Zouhair Maghzaoui est-il encore candidat \u00e0 la pr\u00e9sidentielle du 6 octobre prochain\u00a0?<\/p>\n","protected":false},"author":8,"featured_media":13966939,"comment_status":"closed","ping_status":"open","sticky":false,"template":"","format":"standard","meta":{"footnotes":""},"categories":[992,997,2433],"tags":[79858,76012,18689,117831,4797,62643,117528],"class_list":["post-13966927","post","type-post","status-publish","format-standard","has-post-thumbnail","hentry","category-a-la-une","category-politique","category-tunisie","tag-ayachi-zammel","tag-kais-saied-2","tag-mouvement-echaab","tag-parti-azimoun","tag-presidentielle","tag-tunisie","tag-zouhair-maghazoui"],"yoast_head":"<!-- This site is optimized with the Yoast SEO plugin v26.6 - https:\/\/yoast.com\/wordpress\/plugins\/seo\/ -->\n<title>Pr\u00e9sidentielle tunisienne\u00a0: O\u00f9 est pass\u00e9 Zouhair Maghzaoui\u00a0? - Kapitalis<\/title>\n<meta name=\"robots\" content=\"index, follow, max-snippet:-1, max-image-preview:large, max-video-preview:-1\" \/>\n<link rel=\"canonical\" href=\"https:\/\/kapitalis.com\/tunisie\/2024\/09\/10\/presidentielle-tunisienne-ou-est-passe-zouhair-maghzaoui\/\" \/>\n<meta property=\"og:locale\" content=\"fr_FR\" \/>\n<meta property=\"og:type\" content=\"article\" \/>\n<meta property=\"og:title\" content=\"Pr\u00e9sidentielle tunisienne\u00a0: O\u00f9 est pass\u00e9 Zouhair Maghzaoui\u00a0? - Kapitalis\" \/>\n<meta property=\"og:description\" content=\"Zouhair Maghzaoui est-il encore candidat \u00e0 la pr\u00e9sidentielle du 6 octobre prochain\u00a0?\" \/>\n<meta property=\"og:url\" content=\"https:\/\/kapitalis.com\/tunisie\/2024\/09\/10\/presidentielle-tunisienne-ou-est-passe-zouhair-maghzaoui\/\" \/>\n<meta property=\"og:site_name\" content=\"Kapitalis\" \/>\n<meta property=\"article:publisher\" content=\"https:\/\/www.facebook.com\/KapitalisInfo\/\" \/>\n<meta property=\"article:published_time\" content=\"2024-09-10T05:56:31+00:00\" \/>\n<meta property=\"article:modified_time\" content=\"2024-09-10T06:03:01+00:00\" \/>\n<meta property=\"og:image\" content=\"https:\/\/kapitalis.com\/tunisie\/wp-content\/uploads\/2024\/09\/Zouhair-Maghzaoui.jpg\" \/>\n\t<meta property=\"og:image:width\" content=\"1200\" \/>\n\t<meta property=\"og:image:height\" content=\"630\" \/>\n\t<meta property=\"og:image:type\" content=\"image\/jpeg\" \/>\n<meta name=\"author\" content=\"webmaster kapitalis\" \/>\n<meta name=\"twitter:card\" content=\"summary_large_image\" \/>\n<meta name=\"twitter:creator\" content=\"@KapitalisInfo\" \/>\n<meta name=\"twitter:site\" content=\"@KapitalisInfo\" \/>\n<meta name=\"twitter:label1\" content=\"\u00c9crit par\" \/>\n\t<meta name=\"twitter:data1\" content=\"webmaster kapitalis\" \/>\n\t<meta name=\"twitter:label2\" content=\"Dur\u00e9e de lecture estim\u00e9e\" \/>\n\t<meta name=\"twitter:data2\" content=\"3 minutes\" \/>\n<script type=\"application\/ld+json\" class=\"yoast-schema-graph\">{\"@context\":\"https:\/\/schema.org\",\"@graph\":[{\"@type\":\"Article\",\"@id\":\"https:\/\/kapitalis.com\/tunisie\/2024\/09\/10\/presidentielle-tunisienne-ou-est-passe-zouhair-maghzaoui\/#article\",\"isPartOf\":{\"@id\":\"https:\/\/kapitalis.com\/tunisie\/2024\/09\/10\/presidentielle-tunisienne-ou-est-passe-zouhair-maghzaoui\/\"},\"author\":{\"name\":\"webmaster kapitalis\",\"@id\":\"https:\/\/kapitalis.com\/tunisie\/#\/schema\/person\/d71f33a9ca44f7bad4698210b480c8e9\"},\"headline\":\"Pr\u00e9sidentielle tunisienne\u00a0: O\u00f9 est pass\u00e9 Zouhair Maghzaoui\u00a0?\",\"datePublished\":\"2024-09-10T05:56:31+00:00\",\"dateModified\":\"2024-09-10T06:03:01+00:00\",\"mainEntityOfPage\":{\"@id\":\"https:\/\/kapitalis.com\/tunisie\/2024\/09\/10\/presidentielle-tunisienne-ou-est-passe-zouhair-maghzaoui\/\"},\"wordCount\":463,\"publisher\":{\"@id\":\"https:\/\/kapitalis.com\/tunisie\/#organization\"},\"image\":{\"@id\":\"https:\/\/kapitalis.com\/tunisie\/2024\/09\/10\/presidentielle-tunisienne-ou-est-passe-zouhair-maghzaoui\/#primaryimage\"},\"thumbnailUrl\":\"https:\/\/kapitalis.com\/tunisie\/wp-content\/uploads\/2024\/09\/Zouhair-Maghzaoui.jpg\",\"keywords\":[\"Ayachi Zammel\",\"Ka\u00efs Sa\u00efed\",\"Mouvement Echa\u00e2b\",\"parti Azimoun\",\"pr\u00e9sidentielle\",\"Tunisie\",\"Zouhair Maghazoui\"],\"articleSection\":[\"A LA UNE\",\"POLITIQUE\",\"Tunisie\"],\"inLanguage\":\"fr-FR\"},{\"@type\":\"WebPage\",\"@id\":\"https:\/\/kapitalis.com\/tunisie\/2024\/09\/10\/presidentielle-tunisienne-ou-est-passe-zouhair-maghzaoui\/\",\"url\":\"https:\/\/kapitalis.com\/tunisie\/2024\/09\/10\/presidentielle-tunisienne-ou-est-passe-zouhair-maghzaoui\/\",\"name\":\"Pr\u00e9sidentielle tunisienne\u00a0: O\u00f9 est pass\u00e9 Zouhair Maghzaoui\u00a0? - Kapitalis\",\"isPartOf\":{\"@id\":\"https:\/\/kapitalis.com\/tunisie\/#website\"},\"primaryImageOfPage\":{\"@id\":\"https:\/\/kapitalis.com\/tunisie\/2024\/09\/10\/presidentielle-tunisienne-ou-est-passe-zouhair-maghzaoui\/#primaryimage\"},\"image\":{\"@id\":\"https:\/\/kapitalis.com\/tunisie\/2024\/09\/10\/presidentielle-tunisienne-ou-est-passe-zouhair-maghzaoui\/#primaryimage\"},\"thumbnailUrl\":\"https:\/\/kapitalis.com\/tunisie\/wp-content\/uploads\/2024\/09\/Zouhair-Maghzaoui.jpg\",\"datePublished\":\"2024-09-10T05:56:31+00:00\",\"dateModified\":\"2024-09-10T06:03:01+00:00\",\"breadcrumb\":{\"@id\":\"https:\/\/kapitalis.com\/tunisie\/2024\/09\/10\/presidentielle-tunisienne-ou-est-passe-zouhair-maghzaoui\/#breadcrumb\"},\"inLanguage\":\"fr-FR\",\"potentialAction\":[{\"@type\":\"ReadAction\",\"target\":[\"https:\/\/kapitalis.com\/tunisie\/2024\/09\/10\/presidentielle-tunisienne-ou-est-passe-zouhair-maghzaoui\/\"]}]},{\"@type\":\"ImageObject\",\"inLanguage\":\"fr-FR\",\"@id\":\"https:\/\/kapitalis.com\/tunisie\/2024\/09\/10\/presidentielle-tunisienne-ou-est-passe-zouhair-maghzaoui\/#primaryimage\",\"url\":\"https:\/\/kapitalis.com\/tunisie\/wp-content\/uploads\/2024\/09\/Zouhair-Maghzaoui.jpg\",\"contentUrl\":\"https:\/\/kapitalis.com\/tunisie\/wp-content\/uploads\/2024\/09\/Zouhair-Maghzaoui.jpg\",\"width\":1200,\"height\":630},{\"@type\":\"BreadcrumbList\",\"@id\":\"https:\/\/kapitalis.com\/tunisie\/2024\/09\/10\/presidentielle-tunisienne-ou-est-passe-zouhair-maghzaoui\/#breadcrumb\",\"itemListElement\":[{\"@type\":\"ListItem\",\"position\":1,\"name\":\"Accueil\",\"item\":\"https:\/\/kapitalis.com\/tunisie\/\"},{\"@type\":\"ListItem\",\"position\":2,\"name\":\"Pr\u00e9sidentielle tunisienne\u00a0: O\u00f9 est pass\u00e9 Zouhair Maghzaoui\u00a0?\"}]},{\"@type\":\"WebSite\",\"@id\":\"https:\/\/kapitalis.com\/tunisie\/#website\",\"url\":\"https:\/\/kapitalis.com\/tunisie\/\",\"name\":\"Kapitalis\",\"description\":\"L&#039;actualit\u00e9 en Tunisie et dans le monde\",\"publisher\":{\"@id\":\"https:\/\/kapitalis.com\/tunisie\/#organization\"},\"potentialAction\":[{\"@type\":\"SearchAction\",\"target\":{\"@type\":\"EntryPoint\",\"urlTemplate\":\"https:\/\/kapitalis.com\/tunisie\/?s={search_term_string}\"},\"query-input\":{\"@type\":\"PropertyValueSpecification\",\"valueRequired\":true,\"valueName\":\"search_term_string\"}}],\"inLanguage\":\"fr-FR\"},{\"@type\":\"Organization\",\"@id\":\"https:\/\/kapitalis.com\/tunisie\/#organization\",\"name\":\"Kapitalis\",\"url\":\"https:\/\/kapitalis.com\/tunisie\/\",\"logo\":{\"@type\":\"ImageObject\",\"inLanguage\":\"fr-FR\",\"@id\":\"https:\/\/kapitalis.com\/tunisie\/#\/schema\/logo\/image\/\",\"url\":\"https:\/\/kapitalis.com\/tunisie\/wp-content\/uploads\/2022\/05\/Kapitalis-big-size.png\",\"contentUrl\":\"https:\/\/kapitalis.com\/tunisie\/wp-content\/uploads\/2022\/05\/Kapitalis-big-size.png\",\"width\":5000,\"height\":1500,\"caption\":\"Kapitalis\"},\"image\":{\"@id\":\"https:\/\/kapitalis.com\/tunisie\/#\/schema\/logo\/image\/\"},\"sameAs\":[\"https:\/\/www.facebook.com\/KapitalisInfo\/\",\"https:\/\/x.com\/KapitalisInfo\",\"https:\/\/www.youtube.com\/channel\/UC-yDYrHyfFBWWZaOw3FPg9Q\"]},{\"@type\":\"Person\",\"@id\":\"https:\/\/kapitalis.com\/tunisie\/#\/schema\/person\/d71f33a9ca44f7bad4698210b480c8e9\",\"name\":\"webmaster kapitalis\",\"url\":\"https:\/\/kapitalis.com\/tunisie\/author\/webmaster-kapitalis\/\"}]}<\/script>\n<!-- \/ Yoast SEO plugin. -->","yoast_head_json":{"title":"Pr\u00e9sidentielle tunisienne\u00a0: O\u00f9 est pass\u00e9 Zouhair Maghzaoui\u00a0? - Kapitalis","robots":{"index":"index","follow":"follow","max-snippet":"max-snippet:-1","max-image-preview":"max-image-preview:large","max-video-preview":"max-video-preview:-1"},"canonical":"https:\/\/kapitalis.com\/tunisie\/2024\/09\/10\/presidentielle-tunisienne-ou-est-passe-zouhair-maghzaoui\/","og_locale":"fr_FR","og_type":"article","og_title":"Pr\u00e9sidentielle tunisienne\u00a0: O\u00f9 est pass\u00e9 Zouhair Maghzaoui\u00a0? - Kapitalis","og_description":"Zouhair Maghzaoui est-il encore candidat \u00e0 la pr\u00e9sidentielle du 6 octobre prochain\u00a0?","og_url":"https:\/\/kapitalis.com\/tunisie\/2024\/09\/10\/presidentielle-tunisienne-ou-est-passe-zouhair-maghzaoui\/","og_site_name":"Kapitalis","article_publisher":"https:\/\/www.facebook.com\/KapitalisInfo\/","article_published_time":"2024-09-10T05:56:31+00:00","article_modified_time":"2024-09-10T06:03:01+00:00","og_image":[{"width":1200,"height":630,"url":"https:\/\/kapitalis.com\/tunisie\/wp-content\/uploads\/2024\/09\/Zouhair-Maghzaoui.jpg","type":"image\/jpeg"}],"author":"webmaster kapitalis","twitter_card":"summary_large_image","twitter_creator":"@KapitalisInfo","twitter_site":"@KapitalisInfo","twitter_misc":{"\u00c9crit par":"webmaster kapitalis","Dur\u00e9e de lecture estim\u00e9e":"3 minutes"},"schema":{"@context":"https:\/\/schema.org","@graph":[{"@type":"Article","@id":"https:\/\/kapitalis.com\/tunisie\/2024\/09\/10\/presidentielle-tunisienne-ou-est-passe-zouhair-maghzaoui\/#article","isPartOf":{"@id":"https:\/\/kapitalis.com\/tunisie\/2024\/09\/10\/presidentielle-tunisienne-ou-est-passe-zouhair-maghzaoui\/"},"author":{"name":"webmaster kapitalis","@id":"https:\/\/kapitalis.com\/tunisie\/#\/schema\/person\/d71f33a9ca44f7bad4698210b480c8e9"},"headline":"Pr\u00e9sidentielle tunisienne\u00a0: O\u00f9 est pass\u00e9 Zouhair Maghzaoui\u00a0?","datePublished":"2024-09-10T05:56:31+00:00","dateModified":"2024-09-10T06:03:01+00:00","mainEntityOfPage":{"@id":"https:\/\/kapitalis.com\/tunisie\/2024\/09\/10\/presidentielle-tunisienne-ou-est-passe-zouhair-maghzaoui\/"},"wordCount":463,"publisher":{"@id":"https:\/\/kapitalis.com\/tunisie\/#organization"},"image":{"@id":"https:\/\/kapitalis.com\/tunisie\/2024\/09\/10\/presidentielle-tunisienne-ou-est-passe-zouhair-maghzaoui\/#primaryimage"},"thumbnailUrl":"https:\/\/kapitalis.com\/tunisie\/wp-content\/uploads\/2024\/09\/Zouhair-Maghzaoui.jpg","keywords":["Ayachi Zammel","Ka\u00efs Sa\u00efed","Mouvement Echa\u00e2b","parti Azimoun","pr\u00e9sidentielle","Tunisie","Zouhair Maghazoui"],"articleSection":["A LA UNE","POLITIQUE","Tunisie"],"inLanguage":"fr-FR"},{"@type":"WebPage","@id":"https:\/\/kapitalis.com\/tunisie\/2024\/09\/10\/presidentielle-tunisienne-ou-est-passe-zouhair-maghzaoui\/","url":"https:\/\/kapitalis.com\/tunisie\/2024\/09\/10\/presidentielle-tunisienne-ou-est-passe-zouhair-maghzaoui\/","name":"Pr\u00e9sidentielle tunisienne\u00a0: O\u00f9 est pass\u00e9 Zouhair Maghzaoui\u00a0? - Kapitalis","isPartOf":{"@id":"https:\/\/kapitalis.com\/tunisie\/#website"},"primaryImageOfPage":{"@id":"https:\/\/kapitalis.com\/tunisie\/2024\/09\/10\/presidentielle-tunisienne-ou-est-passe-zouhair-maghzaoui\/#primaryimage"},"image":{"@id":"https:\/\/kapitalis.com\/tunisie\/2024\/09\/10\/presidentielle-tunisienne-ou-est-passe-zouhair-maghzaoui\/#primaryimage"},"thumbnailUrl":"https:\/\/kapitalis.com\/tunisie\/wp-content\/uploads\/2024\/09\/Zouhair-Maghzaoui.jpg","datePublished":"2024-09-10T05:56:31+00:00","dateModified":"2024-09-10T06:03:01+00:00","breadcrumb":{"@id":"https:\/\/kapitalis.com\/tunisie\/2024\/09\/10\/presidentielle-tunisienne-ou-est-passe-zouhair-maghzaoui\/#breadcrumb"},"inLanguage":"fr-FR","potentialAction":[{"@type":"ReadAction","target":["https:\/\/kapitalis.com\/tunisie\/2024\/09\/10\/presidentielle-tunisienne-ou-est-passe-zouhair-maghzaoui\/"]}]},{"@type":"ImageObject","inLanguage":"fr-FR","@id":"https:\/\/kapitalis.com\/tunisie\/2024\/09\/10\/presidentielle-tunisienne-ou-est-passe-zouhair-maghzaoui\/#primaryimage","url":"https:\/\/kapitalis.com\/tunisie\/wp-content\/uploads\/2024\/09\/Zouhair-Maghzaoui.jpg","contentUrl":"https:\/\/kapitalis.com\/tunisie\/wp-content\/uploads\/2024\/09\/Zouhair-Maghzaoui.jpg","width":1200,"height":630},{"@type":"BreadcrumbList","@id":"https:\/\/kapitalis.com\/tunisie\/2024\/09\/10\/presidentielle-tunisienne-ou-est-passe-zouhair-maghzaoui\/#breadcrumb","itemListElement":[{"@type":"ListItem","position":1,"name":"Accueil","item":"https:\/\/kapitalis.com\/tunisie\/"},{"@type":"ListItem","position":2,"name":"Pr\u00e9sidentielle tunisienne\u00a0: O\u00f9 est pass\u00e9 Zouhair Maghzaoui\u00a0?"}]},{"@type":"WebSite","@id":"https:\/\/kapitalis.com\/tunisie\/#website","url":"https:\/\/kapitalis.com\/tunisie\/","name":"Kapitalis","description":"L&#039;actualit\u00e9 en Tunisie et dans le monde","publisher":{"@id":"https:\/\/kapitalis.com\/tunisie\/#organization"},"potentialAction":[{"@type":"SearchAction","target":{"@type":"EntryPoint","urlTemplate":"https:\/\/kapitalis.com\/tunisie\/?s={search_term_string}"},"query-input":{"@type":"PropertyValueSpecification","valueRequired":true,"valueName":"search_term_string"}}],"inLanguage":"fr-FR"},{"@type":"Organization","@id":"https:\/\/kapitalis.com\/tunisie\/#organization","name":"Kapitalis","url":"https:\/\/kapitalis.com\/tunisie\/","logo":{"@type":"ImageObject","inLanguage":"fr-FR","@id":"https:\/\/kapitalis.com\/tunisie\/#\/schema\/logo\/image\/","url":"https:\/\/kapitalis.com\/tunisie\/wp-content\/uploads\/2022\/05\/Kapitalis-big-size.png","contentUrl":"https:\/\/kapitalis.com\/tunisie\/wp-content\/uploads\/2022\/05\/Kapitalis-big-size.png","width":5000,"height":1500,"caption":"Kapitalis"},"image":{"@id":"https:\/\/kapitalis.com\/tunisie\/#\/schema\/logo\/image\/"},"sameAs":["https:\/\/www.facebook.com\/KapitalisInfo\/","https:\/\/x.com\/KapitalisInfo","https:\/\/www.youtube.com\/channel\/UC-yDYrHyfFBWWZaOw3FPg9Q"]},{"@type":"Person","@id":"https:\/\/kapitalis.com\/tunisie\/#\/schema\/person\/d71f33a9ca44f7bad4698210b480c8e9","name":"webmaster kapitalis","url":"https:\/\/kapitalis.com\/tunisie\/author\/webmaster-kapitalis\/"}]}},"_links":{"self":[{"href":"https:\/\/kapitalis.com\/tunisie\/wp-json\/wp\/v2\/posts\/13966927","targetHints":{"allow":["GET"]}}],"collection":[{"href":"https:\/\/kapitalis.com\/tunisie\/wp-json\/wp\/v2\/posts"}],"about":[{"href":"https:\/\/kapitalis.com\/tunisie\/wp-json\/wp\/v2\/types\/post"}],"author":[{"embeddable":true,"href":"https:\/\/kapitalis.com\/tunisie\/wp-json\/wp\/v2\/users\/8"}],"replies":[{"embeddable":true,"href":"https:\/\/kapitalis.com\/tunisie\/wp-json\/wp\/v2\/comments?post=13966927"}],"version-history":[{"count":3,"href":"https:\/\/kapitalis.com\/tunisie\/wp-json\/wp\/v2\/posts\/13966927\/revisions"}],"predecessor-version":[{"id":13966967,"href":"https:\/\/kapitalis.com\/tunisie\/wp-json\/wp\/v2\/posts\/13966927\/revisions\/13966967"}],"wp:featuredmedia":[{"embeddable":true,"href":"https:\/\/kapitalis.com\/tunisie\/wp-json\/wp\/v2\/media\/13966939"}],"wp:attachment":[{"href":"https:\/\/kapitalis.com\/tunisie\/wp-json\/wp\/v2\/media?parent=13966927"}],"wp:term":[{"taxonomy":"category","embeddable":true,"href":"https:\/\/kapitalis.com\/tunisie\/wp-json\/wp\/v2\/categories?post=13966927"},{"taxonomy":"post_tag","embeddable":true,"href":"https:\/\/kapitalis.com\/tunisie\/wp-json\/wp\/v2\/tags?post=13966927"}],"curies":[{"name":"wp","href":"https:\/\/api.w.org\/{rel}","templated":true}]}}