{"id":13968005,"date":"2024-09-10T11:39:41","date_gmt":"2024-09-10T10:39:41","guid":{"rendered":"https:\/\/kapitalis.com\/tunisie\/?p=13968005"},"modified":"2024-09-10T11:39:42","modified_gmt":"2024-09-10T10:39:42","slug":"tunisie-abir-moussi-alerte-sur-les-souffrances-quelle-endure-en-prison","status":"publish","type":"post","link":"https:\/\/kapitalis.com\/tunisie\/2024\/09\/10\/tunisie-abir-moussi-alerte-sur-les-souffrances-quelle-endure-en-prison\/","title":{"rendered":"Tunisie\u00a0: Abir Moussi alerte sur les souffrances qu\u2019elle endure en prison"},"content":{"rendered":"\n<p><strong><em>Abir Moussi a annonc\u00e9, hier, lundi 9 septembre 2024, qu\u2019elle boycotte les services de sant\u00e9 et les rendez-vous m\u00e9dicaux \u00e0 la prison des femmes de Manouba o\u00f9 elle est incarc\u00e9r\u00e9e depuis le 3 octobre 2023. \u00a0<\/em><\/strong>\u00a0\u00a0\u00a0<\/p>\n\n\n\n<!--more-->\n\n\n\n<p>La pr\u00e9sidente du Parti destourien libre (PDL), qui est poursuivie dans plusieurs affaires et dont la candidature \u00e0 la pr\u00e9sidentielle a \u00e9t\u00e9 rejet\u00e9e par la commission \u00e9lectorale, fait porter la responsabilit\u00e9 l\u00e9gale de toute \u00e9ventuelle d\u00e9t\u00e9rioration de son \u00e9tat de sant\u00e9 aux parties habilit\u00e9es \u00e0 prendre les mesures susceptibles de mettre fin \u00e0 ses <em>\u00abprofondes souffrances\u00bb<\/em>, selon les termes utilis\u00e9s dans un poste publi\u00e9 sur sa page Facebook. \u00a0 \u00a0<\/p>\n\n\n\n<p>Souffrant d\u2019arthrose qui lui cause de grandes douleurs, Abir Moussi a ajout\u00e9 qu\u2019elle va s\u2019adresser au tribunal administratif pour qu\u2019il ordonne l\u2019examen en urgence des cam\u00e9ras de surveillance fix\u00e9es \u00e0 l\u2019int\u00e9rieur du bureau de visite des avocats et de la cellule o\u00f9 elle est incarc\u00e9r\u00e9e afin de mesurer l\u2019ampleur de la souffrance qu\u2019elle endure en raison de l\u2019absence de volont\u00e9 de lui fournir les soins n\u00e9cessaires dont elle a besoin et de prendre les mesures qui obligent la direction de la prison.<\/p>\n\n\n\n<p>Le comit\u00e9 de d\u00e9fense de Abir Moussi a, de son c\u00f4t\u00e9, inform\u00e9 de cette situation le doyen des juges d\u2019instruction en charge du dossier de l\u2019affaire dite du <em>\u00abbureau d\u2019ordre de la pr\u00e9sidence de la r\u00e9publique\u00bb<\/em>, ajoutant qu\u2019il va \u00e9galement interpeller de mani\u00e8re officielle le comit\u00e9 de m\u00e9decins en charge du dossier m\u00e9dical de la pr\u00e9sidente du PDL, ainsi que le procureur g\u00e9n\u00e9ral de la r\u00e9publique aupr\u00e8s de la cour d\u2019appel de Tunis, le minist\u00e8re public aupr\u00e8s du tribunal de Manouba et la Direction g\u00e9n\u00e9rale des prisons et de la r\u00e9\u00e9ducation.<\/p>\n\n\n\n<p>Le comit\u00e9 affirme qu&rsquo;il demandera \u00e0 toutes ces instances, chacune dans le cadre de ses comp\u00e9tences, \u00e0 intervenir d\u2019urgence pour faire appliquer les recommandations des m\u00e9decins et mettre fin \u00e0 la torture physique et morale dont est l\u2019objet Abir Moussi en d\u00e9tention.\u00a0<\/p>\n\n\n\n<p>Le comit\u00e9 de d\u00e9fense indique aussi qu\u2019il va exiger de disposer de tous les rapports, courriers, ordonnances m\u00e9dicales et autres documents compl\u00e9tant le dossier m\u00e9dical de la pr\u00e9sidente du PDL. <\/p>\n\n\n\n<p class=\"has-text-align-right\"><strong>I. B.<\/strong><\/p>\n","protected":false},"excerpt":{"rendered":"<p>Abir Moussi boycotte les services de sant\u00e9 et les rendez-vous m\u00e9dicaux \u00e0 la prison des femmes de Manouba pour protester contre les souffrances qui lui sont inflig\u00e9es. \u00a0\u00a0\u00a0\u00a0<\/p>\n","protected":false},"author":8,"featured_media":11231398,"comment_status":"closed","ping_status":"open","sticky":false,"template":"","format":"standard","meta":{"footnotes":""},"categories":[997,2433],"tags":[15144,117874,73027,33536,76982,1772,62643],"class_list":["post-13968005","post","type-post","status-publish","format-standard","has-post-thumbnail","hentry","category-politique","category-tunisie","tag-abir-moussi","tag-arthrose","tag-parti-destourien","tag-pdl","tag-prison-de-manouba","tag-tribunal-administratif","tag-tunisie"],"yoast_head":"<!-- This site is optimized with the Yoast SEO plugin v26.6 - https:\/\/yoast.com\/wordpress\/plugins\/seo\/ -->\n<title>Tunisie\u00a0: Abir Moussi alerte sur les souffrances qu\u2019elle endure en prison - Kapitalis<\/title>\n<meta name=\"robots\" content=\"index, follow, max-snippet:-1, max-image-preview:large, max-video-preview:-1\" \/>\n<link rel=\"canonical\" href=\"https:\/\/kapitalis.com\/tunisie\/2024\/09\/10\/tunisie-abir-moussi-alerte-sur-les-souffrances-quelle-endure-en-prison\/\" \/>\n<meta property=\"og:locale\" content=\"fr_FR\" \/>\n<meta property=\"og:type\" content=\"article\" \/>\n<meta property=\"og:title\" content=\"Tunisie\u00a0: Abir Moussi alerte sur les souffrances qu\u2019elle endure en prison - Kapitalis\" \/>\n<meta property=\"og:description\" content=\"Abir Moussi boycotte les services de sant\u00e9 et les rendez-vous m\u00e9dicaux \u00e0 la prison des femmes de Manouba pour protester contre les souffrances qui lui sont inflig\u00e9es. \u00a0\u00a0\u00a0\u00a0\" \/>\n<meta property=\"og:url\" content=\"https:\/\/kapitalis.com\/tunisie\/2024\/09\/10\/tunisie-abir-moussi-alerte-sur-les-souffrances-quelle-endure-en-prison\/\" \/>\n<meta property=\"og:site_name\" content=\"Kapitalis\" \/>\n<meta property=\"article:publisher\" content=\"https:\/\/www.facebook.com\/KapitalisInfo\/\" \/>\n<meta property=\"article:published_time\" content=\"2024-09-10T10:39:41+00:00\" \/>\n<meta property=\"article:modified_time\" content=\"2024-09-10T10:39:42+00:00\" \/>\n<meta property=\"og:image\" content=\"https:\/\/kapitalis.com\/tunisie\/wp-content\/uploads\/2024\/01\/Abir-Moussi-Prison.jpg\" \/>\n\t<meta property=\"og:image:width\" content=\"1200\" \/>\n\t<meta property=\"og:image:height\" content=\"630\" \/>\n\t<meta property=\"og:image:type\" content=\"image\/jpeg\" \/>\n<meta name=\"author\" content=\"webmaster kapitalis\" \/>\n<meta name=\"twitter:card\" content=\"summary_large_image\" \/>\n<meta name=\"twitter:creator\" content=\"@KapitalisInfo\" \/>\n<meta name=\"twitter:site\" content=\"@KapitalisInfo\" \/>\n<meta name=\"twitter:label1\" content=\"\u00c9crit par\" \/>\n\t<meta name=\"twitter:data1\" content=\"webmaster kapitalis\" \/>\n\t<meta name=\"twitter:label2\" content=\"Dur\u00e9e de lecture estim\u00e9e\" \/>\n\t<meta name=\"twitter:data2\" content=\"2 minutes\" \/>\n<script type=\"application\/ld+json\" class=\"yoast-schema-graph\">{\"@context\":\"https:\/\/schema.org\",\"@graph\":[{\"@type\":\"Article\",\"@id\":\"https:\/\/kapitalis.com\/tunisie\/2024\/09\/10\/tunisie-abir-moussi-alerte-sur-les-souffrances-quelle-endure-en-prison\/#article\",\"isPartOf\":{\"@id\":\"https:\/\/kapitalis.com\/tunisie\/2024\/09\/10\/tunisie-abir-moussi-alerte-sur-les-souffrances-quelle-endure-en-prison\/\"},\"author\":{\"name\":\"webmaster kapitalis\",\"@id\":\"https:\/\/kapitalis.com\/tunisie\/#\/schema\/person\/d71f33a9ca44f7bad4698210b480c8e9\"},\"headline\":\"Tunisie\u00a0: Abir Moussi alerte sur les souffrances qu\u2019elle endure en prison\",\"datePublished\":\"2024-09-10T10:39:41+00:00\",\"dateModified\":\"2024-09-10T10:39:42+00:00\",\"mainEntityOfPage\":{\"@id\":\"https:\/\/kapitalis.com\/tunisie\/2024\/09\/10\/tunisie-abir-moussi-alerte-sur-les-souffrances-quelle-endure-en-prison\/\"},\"wordCount\":410,\"publisher\":{\"@id\":\"https:\/\/kapitalis.com\/tunisie\/#organization\"},\"image\":{\"@id\":\"https:\/\/kapitalis.com\/tunisie\/2024\/09\/10\/tunisie-abir-moussi-alerte-sur-les-souffrances-quelle-endure-en-prison\/#primaryimage\"},\"thumbnailUrl\":\"https:\/\/kapitalis.com\/tunisie\/wp-content\/uploads\/2024\/01\/Abir-Moussi-Prison.jpg\",\"keywords\":[\"Abir Moussi\",\"arthrose\",\"parti destourien\",\"PDL\",\"prison de Manouba\",\"tribunal administratif\",\"Tunisie\"],\"articleSection\":[\"POLITIQUE\",\"Tunisie\"],\"inLanguage\":\"fr-FR\"},{\"@type\":\"WebPage\",\"@id\":\"https:\/\/kapitalis.com\/tunisie\/2024\/09\/10\/tunisie-abir-moussi-alerte-sur-les-souffrances-quelle-endure-en-prison\/\",\"url\":\"https:\/\/kapitalis.com\/tunisie\/2024\/09\/10\/tunisie-abir-moussi-alerte-sur-les-souffrances-quelle-endure-en-prison\/\",\"name\":\"Tunisie\u00a0: Abir Moussi alerte sur les souffrances qu\u2019elle endure en prison - Kapitalis\",\"isPartOf\":{\"@id\":\"https:\/\/kapitalis.com\/tunisie\/#website\"},\"primaryImageOfPage\":{\"@id\":\"https:\/\/kapitalis.com\/tunisie\/2024\/09\/10\/tunisie-abir-moussi-alerte-sur-les-souffrances-quelle-endure-en-prison\/#primaryimage\"},\"image\":{\"@id\":\"https:\/\/kapitalis.com\/tunisie\/2024\/09\/10\/tunisie-abir-moussi-alerte-sur-les-souffrances-quelle-endure-en-prison\/#primaryimage\"},\"thumbnailUrl\":\"https:\/\/kapitalis.com\/tunisie\/wp-content\/uploads\/2024\/01\/Abir-Moussi-Prison.jpg\",\"datePublished\":\"2024-09-10T10:39:41+00:00\",\"dateModified\":\"2024-09-10T10:39:42+00:00\",\"breadcrumb\":{\"@id\":\"https:\/\/kapitalis.com\/tunisie\/2024\/09\/10\/tunisie-abir-moussi-alerte-sur-les-souffrances-quelle-endure-en-prison\/#breadcrumb\"},\"inLanguage\":\"fr-FR\",\"potentialAction\":[{\"@type\":\"ReadAction\",\"target\":[\"https:\/\/kapitalis.com\/tunisie\/2024\/09\/10\/tunisie-abir-moussi-alerte-sur-les-souffrances-quelle-endure-en-prison\/\"]}]},{\"@type\":\"ImageObject\",\"inLanguage\":\"fr-FR\",\"@id\":\"https:\/\/kapitalis.com\/tunisie\/2024\/09\/10\/tunisie-abir-moussi-alerte-sur-les-souffrances-quelle-endure-en-prison\/#primaryimage\",\"url\":\"https:\/\/kapitalis.com\/tunisie\/wp-content\/uploads\/2024\/01\/Abir-Moussi-Prison.jpg\",\"contentUrl\":\"https:\/\/kapitalis.com\/tunisie\/wp-content\/uploads\/2024\/01\/Abir-Moussi-Prison.jpg\",\"width\":1200,\"height\":630},{\"@type\":\"BreadcrumbList\",\"@id\":\"https:\/\/kapitalis.com\/tunisie\/2024\/09\/10\/tunisie-abir-moussi-alerte-sur-les-souffrances-quelle-endure-en-prison\/#breadcrumb\",\"itemListElement\":[{\"@type\":\"ListItem\",\"position\":1,\"name\":\"Accueil\",\"item\":\"https:\/\/kapitalis.com\/tunisie\/\"},{\"@type\":\"ListItem\",\"position\":2,\"name\":\"Tunisie\u00a0: Abir Moussi alerte sur les souffrances qu\u2019elle endure en prison\"}]},{\"@type\":\"WebSite\",\"@id\":\"https:\/\/kapitalis.com\/tunisie\/#website\",\"url\":\"https:\/\/kapitalis.com\/tunisie\/\",\"name\":\"Kapitalis\",\"description\":\"L&#039;actualit\u00e9 en Tunisie et dans le monde\",\"publisher\":{\"@id\":\"https:\/\/kapitalis.com\/tunisie\/#organization\"},\"potentialAction\":[{\"@type\":\"SearchAction\",\"target\":{\"@type\":\"EntryPoint\",\"urlTemplate\":\"https:\/\/kapitalis.com\/tunisie\/?s={search_term_string}\"},\"query-input\":{\"@type\":\"PropertyValueSpecification\",\"valueRequired\":true,\"valueName\":\"search_term_string\"}}],\"inLanguage\":\"fr-FR\"},{\"@type\":\"Organization\",\"@id\":\"https:\/\/kapitalis.com\/tunisie\/#organization\",\"name\":\"Kapitalis\",\"url\":\"https:\/\/kapitalis.com\/tunisie\/\",\"logo\":{\"@type\":\"ImageObject\",\"inLanguage\":\"fr-FR\",\"@id\":\"https:\/\/kapitalis.com\/tunisie\/#\/schema\/logo\/image\/\",\"url\":\"https:\/\/kapitalis.com\/tunisie\/wp-content\/uploads\/2022\/05\/Kapitalis-big-size.png\",\"contentUrl\":\"https:\/\/kapitalis.com\/tunisie\/wp-content\/uploads\/2022\/05\/Kapitalis-big-size.png\",\"width\":5000,\"height\":1500,\"caption\":\"Kapitalis\"},\"image\":{\"@id\":\"https:\/\/kapitalis.com\/tunisie\/#\/schema\/logo\/image\/\"},\"sameAs\":[\"https:\/\/www.facebook.com\/KapitalisInfo\/\",\"https:\/\/x.com\/KapitalisInfo\",\"https:\/\/www.youtube.com\/channel\/UC-yDYrHyfFBWWZaOw3FPg9Q\"]},{\"@type\":\"Person\",\"@id\":\"https:\/\/kapitalis.com\/tunisie\/#\/schema\/person\/d71f33a9ca44f7bad4698210b480c8e9\",\"name\":\"webmaster kapitalis\",\"url\":\"https:\/\/kapitalis.com\/tunisie\/author\/webmaster-kapitalis\/\"}]}<\/script>\n<!-- \/ Yoast SEO plugin. -->","yoast_head_json":{"title":"Tunisie\u00a0: Abir Moussi alerte sur les souffrances qu\u2019elle endure en prison - Kapitalis","robots":{"index":"index","follow":"follow","max-snippet":"max-snippet:-1","max-image-preview":"max-image-preview:large","max-video-preview":"max-video-preview:-1"},"canonical":"https:\/\/kapitalis.com\/tunisie\/2024\/09\/10\/tunisie-abir-moussi-alerte-sur-les-souffrances-quelle-endure-en-prison\/","og_locale":"fr_FR","og_type":"article","og_title":"Tunisie\u00a0: Abir Moussi alerte sur les souffrances qu\u2019elle endure en prison - Kapitalis","og_description":"Abir Moussi boycotte les services de sant\u00e9 et les rendez-vous m\u00e9dicaux \u00e0 la prison des femmes de Manouba pour protester contre les souffrances qui lui sont inflig\u00e9es. \u00a0\u00a0\u00a0\u00a0","og_url":"https:\/\/kapitalis.com\/tunisie\/2024\/09\/10\/tunisie-abir-moussi-alerte-sur-les-souffrances-quelle-endure-en-prison\/","og_site_name":"Kapitalis","article_publisher":"https:\/\/www.facebook.com\/KapitalisInfo\/","article_published_time":"2024-09-10T10:39:41+00:00","article_modified_time":"2024-09-10T10:39:42+00:00","og_image":[{"width":1200,"height":630,"url":"https:\/\/kapitalis.com\/tunisie\/wp-content\/uploads\/2024\/01\/Abir-Moussi-Prison.jpg","type":"image\/jpeg"}],"author":"webmaster kapitalis","twitter_card":"summary_large_image","twitter_creator":"@KapitalisInfo","twitter_site":"@KapitalisInfo","twitter_misc":{"\u00c9crit par":"webmaster kapitalis","Dur\u00e9e de lecture estim\u00e9e":"2 minutes"},"schema":{"@context":"https:\/\/schema.org","@graph":[{"@type":"Article","@id":"https:\/\/kapitalis.com\/tunisie\/2024\/09\/10\/tunisie-abir-moussi-alerte-sur-les-souffrances-quelle-endure-en-prison\/#article","isPartOf":{"@id":"https:\/\/kapitalis.com\/tunisie\/2024\/09\/10\/tunisie-abir-moussi-alerte-sur-les-souffrances-quelle-endure-en-prison\/"},"author":{"name":"webmaster kapitalis","@id":"https:\/\/kapitalis.com\/tunisie\/#\/schema\/person\/d71f33a9ca44f7bad4698210b480c8e9"},"headline":"Tunisie\u00a0: Abir Moussi alerte sur les souffrances qu\u2019elle endure en prison","datePublished":"2024-09-10T10:39:41+00:00","dateModified":"2024-09-10T10:39:42+00:00","mainEntityOfPage":{"@id":"https:\/\/kapitalis.com\/tunisie\/2024\/09\/10\/tunisie-abir-moussi-alerte-sur-les-souffrances-quelle-endure-en-prison\/"},"wordCount":410,"publisher":{"@id":"https:\/\/kapitalis.com\/tunisie\/#organization"},"image":{"@id":"https:\/\/kapitalis.com\/tunisie\/2024\/09\/10\/tunisie-abir-moussi-alerte-sur-les-souffrances-quelle-endure-en-prison\/#primaryimage"},"thumbnailUrl":"https:\/\/kapitalis.com\/tunisie\/wp-content\/uploads\/2024\/01\/Abir-Moussi-Prison.jpg","keywords":["Abir Moussi","arthrose","parti destourien","PDL","prison de Manouba","tribunal administratif","Tunisie"],"articleSection":["POLITIQUE","Tunisie"],"inLanguage":"fr-FR"},{"@type":"WebPage","@id":"https:\/\/kapitalis.com\/tunisie\/2024\/09\/10\/tunisie-abir-moussi-alerte-sur-les-souffrances-quelle-endure-en-prison\/","url":"https:\/\/kapitalis.com\/tunisie\/2024\/09\/10\/tunisie-abir-moussi-alerte-sur-les-souffrances-quelle-endure-en-prison\/","name":"Tunisie\u00a0: Abir Moussi alerte sur les souffrances qu\u2019elle endure en prison - Kapitalis","isPartOf":{"@id":"https:\/\/kapitalis.com\/tunisie\/#website"},"primaryImageOfPage":{"@id":"https:\/\/kapitalis.com\/tunisie\/2024\/09\/10\/tunisie-abir-moussi-alerte-sur-les-souffrances-quelle-endure-en-prison\/#primaryimage"},"image":{"@id":"https:\/\/kapitalis.com\/tunisie\/2024\/09\/10\/tunisie-abir-moussi-alerte-sur-les-souffrances-quelle-endure-en-prison\/#primaryimage"},"thumbnailUrl":"https:\/\/kapitalis.com\/tunisie\/wp-content\/uploads\/2024\/01\/Abir-Moussi-Prison.jpg","datePublished":"2024-09-10T10:39:41+00:00","dateModified":"2024-09-10T10:39:42+00:00","breadcrumb":{"@id":"https:\/\/kapitalis.com\/tunisie\/2024\/09\/10\/tunisie-abir-moussi-alerte-sur-les-souffrances-quelle-endure-en-prison\/#breadcrumb"},"inLanguage":"fr-FR","potentialAction":[{"@type":"ReadAction","target":["https:\/\/kapitalis.com\/tunisie\/2024\/09\/10\/tunisie-abir-moussi-alerte-sur-les-souffrances-quelle-endure-en-prison\/"]}]},{"@type":"ImageObject","inLanguage":"fr-FR","@id":"https:\/\/kapitalis.com\/tunisie\/2024\/09\/10\/tunisie-abir-moussi-alerte-sur-les-souffrances-quelle-endure-en-prison\/#primaryimage","url":"https:\/\/kapitalis.com\/tunisie\/wp-content\/uploads\/2024\/01\/Abir-Moussi-Prison.jpg","contentUrl":"https:\/\/kapitalis.com\/tunisie\/wp-content\/uploads\/2024\/01\/Abir-Moussi-Prison.jpg","width":1200,"height":630},{"@type":"BreadcrumbList","@id":"https:\/\/kapitalis.com\/tunisie\/2024\/09\/10\/tunisie-abir-moussi-alerte-sur-les-souffrances-quelle-endure-en-prison\/#breadcrumb","itemListElement":[{"@type":"ListItem","position":1,"name":"Accueil","item":"https:\/\/kapitalis.com\/tunisie\/"},{"@type":"ListItem","position":2,"name":"Tunisie\u00a0: Abir Moussi alerte sur les souffrances qu\u2019elle endure en prison"}]},{"@type":"WebSite","@id":"https:\/\/kapitalis.com\/tunisie\/#website","url":"https:\/\/kapitalis.com\/tunisie\/","name":"Kapitalis","description":"L&#039;actualit\u00e9 en Tunisie et dans le monde","publisher":{"@id":"https:\/\/kapitalis.com\/tunisie\/#organization"},"potentialAction":[{"@type":"SearchAction","target":{"@type":"EntryPoint","urlTemplate":"https:\/\/kapitalis.com\/tunisie\/?s={search_term_string}"},"query-input":{"@type":"PropertyValueSpecification","valueRequired":true,"valueName":"search_term_string"}}],"inLanguage":"fr-FR"},{"@type":"Organization","@id":"https:\/\/kapitalis.com\/tunisie\/#organization","name":"Kapitalis","url":"https:\/\/kapitalis.com\/tunisie\/","logo":{"@type":"ImageObject","inLanguage":"fr-FR","@id":"https:\/\/kapitalis.com\/tunisie\/#\/schema\/logo\/image\/","url":"https:\/\/kapitalis.com\/tunisie\/wp-content\/uploads\/2022\/05\/Kapitalis-big-size.png","contentUrl":"https:\/\/kapitalis.com\/tunisie\/wp-content\/uploads\/2022\/05\/Kapitalis-big-size.png","width":5000,"height":1500,"caption":"Kapitalis"},"image":{"@id":"https:\/\/kapitalis.com\/tunisie\/#\/schema\/logo\/image\/"},"sameAs":["https:\/\/www.facebook.com\/KapitalisInfo\/","https:\/\/x.com\/KapitalisInfo","https:\/\/www.youtube.com\/channel\/UC-yDYrHyfFBWWZaOw3FPg9Q"]},{"@type":"Person","@id":"https:\/\/kapitalis.com\/tunisie\/#\/schema\/person\/d71f33a9ca44f7bad4698210b480c8e9","name":"webmaster kapitalis","url":"https:\/\/kapitalis.com\/tunisie\/author\/webmaster-kapitalis\/"}]}},"_links":{"self":[{"href":"https:\/\/kapitalis.com\/tunisie\/wp-json\/wp\/v2\/posts\/13968005","targetHints":{"allow":["GET"]}}],"collection":[{"href":"https:\/\/kapitalis.com\/tunisie\/wp-json\/wp\/v2\/posts"}],"about":[{"href":"https:\/\/kapitalis.com\/tunisie\/wp-json\/wp\/v2\/types\/post"}],"author":[{"embeddable":true,"href":"https:\/\/kapitalis.com\/tunisie\/wp-json\/wp\/v2\/users\/8"}],"replies":[{"embeddable":true,"href":"https:\/\/kapitalis.com\/tunisie\/wp-json\/wp\/v2\/comments?post=13968005"}],"version-history":[{"count":1,"href":"https:\/\/kapitalis.com\/tunisie\/wp-json\/wp\/v2\/posts\/13968005\/revisions"}],"predecessor-version":[{"id":13968022,"href":"https:\/\/kapitalis.com\/tunisie\/wp-json\/wp\/v2\/posts\/13968005\/revisions\/13968022"}],"wp:featuredmedia":[{"embeddable":true,"href":"https:\/\/kapitalis.com\/tunisie\/wp-json\/wp\/v2\/media\/11231398"}],"wp:attachment":[{"href":"https:\/\/kapitalis.com\/tunisie\/wp-json\/wp\/v2\/media?parent=13968005"}],"wp:term":[{"taxonomy":"category","embeddable":true,"href":"https:\/\/kapitalis.com\/tunisie\/wp-json\/wp\/v2\/categories?post=13968005"},{"taxonomy":"post_tag","embeddable":true,"href":"https:\/\/kapitalis.com\/tunisie\/wp-json\/wp\/v2\/tags?post=13968005"}],"curies":[{"name":"wp","href":"https:\/\/api.w.org\/{rel}","templated":true}]}}