{"id":13971594,"date":"2024-09-11T11:08:37","date_gmt":"2024-09-11T10:08:37","guid":{"rendered":"https:\/\/kapitalis.com\/tunisie\/?p=13971594"},"modified":"2024-09-11T11:08:39","modified_gmt":"2024-09-11T10:08:39","slug":"la-france-en-marche-vers-la-recession-2-2-les-technologies-avancees-seront-elles-salutaires","status":"publish","type":"post","link":"https:\/\/kapitalis.com\/tunisie\/2024\/09\/11\/la-france-en-marche-vers-la-recession-2-2-les-technologies-avancees-seront-elles-salutaires\/","title":{"rendered":"La France\u00a0: en marche vers la r\u00e9cession (2-2)\u00a0: Les technologies avanc\u00e9es seront-elles salutaires\u00a0?"},"content":{"rendered":"\n<p><strong><em>M\u00eame si l\u2019industrie du secteur des technologies avanc\u00e9es se d\u00e9veloppe de mani\u00e8re remarquable en Europe et notamment en France, son poids financier dans le PIB de l\u2019UE et de la France reste relativement modeste par rapport \u00e0 celui de l\u2019industrie \u00abtraditionnelle\u00bb qui, elle, est en train de se d\u00e9sagr\u00e9ger.<\/em><\/strong><\/p>\n\n\n\n<p><strong>Oleg Nesterenko *<\/strong><strong><\/strong><\/p>\n\n\n\n<!--more-->\n\n\n<div class=\"wp-block-image\">\n<figure class=\"alignleft size-full\"><img loading=\"lazy\" decoding=\"async\" width=\"200\" height=\"200\" src=\"https:\/\/kapitalis.com\/tunisie\/wp-content\/uploads\/2024\/03\/Oleg-Nesterenko.jpg\" alt=\"\" class=\"wp-image-12235765\" srcset=\"https:\/\/kapitalis.com\/tunisie\/wp-content\/uploads\/2024\/03\/Oleg-Nesterenko.jpg 200w, https:\/\/kapitalis.com\/tunisie\/wp-content\/uploads\/2024\/03\/Oleg-Nesterenko-150x150.jpg 150w, https:\/\/kapitalis.com\/tunisie\/wp-content\/uploads\/2024\/03\/Oleg-Nesterenko-120x120.jpg 120w\" sizes=\"auto, (max-width: 200px) 100vw, 200px\" \/><\/figure>\n<\/div>\n\n\n<p>Certains \u00e9conomistes pr\u00e9conisent que la fuite du secteur \u00e9nergivore de l\u2019industrie hors Union europ\u00e9enne (UE) n\u2019est pas aussi grave qu\u2019il para\u00eet car, en ce qui concerne la part de l\u2019industrie du secteur des technologies avanc\u00e9es, telles que&nbsp;technologies quantiques, de navigation, des biotechnologies et de la robotique,&nbsp;la position de l\u2019UE et de la France est assez saine. Notamment, en 2022, 194 entreprises dans le domaine de l\u2019intelligence artificielle (IA)&nbsp;ont \u00e9t\u00e9 cr\u00e9\u00e9s dans l\u2019UE contre 160 en Chine et la part du secteur des technologies avanc\u00e9es de l\u2019UE repr\u00e9sente dans les 20% du volume mondial&nbsp;: 22% dans les technologies quantiques, 20% dans la navigation, 18% dans les biotechnologies et 18% dans la robotique (donn\u00e9es 2022).<\/p>\n\n\n\n<p>S\u2019ils ont, d\u2019une part, tout \u00e0 fait raison de souligner le d\u00e9veloppement accru&nbsp;du secteur en question dans les pays de l\u2019UE, ils n\u00e9gligent, toutefois, le facteur du poids financier actuel de ce dernier vis-\u00e0-vis de l\u2019apport dans le PIB de l\u2019UE et de la France en particulier. Et ce dernier reste relativement modeste par rapport \u00e0 celui de l\u2019industrie <em>\u00abtraditionnelle\u00bb<\/em> qui est en train de se d\u00e9sagr\u00e9ger sur le sol europ\u00e9en.<\/p>\n\n\n\n<p>D\u2019autre part,&nbsp;il n\u2019est pas \u00e0 n\u00e9gliger que le d\u00e9veloppement du secteur des&nbsp;technologies avanc\u00e9es en France et en Europe, en g\u00e9n\u00e9ral, se heurtera davantage dans un avenir tr\u00e8s proche non seulement&nbsp;\u00e0 la tr\u00e8s importante concurrence am\u00e9ricaine et chinoise d\u00e9j\u00e0 omnipr\u00e9sente, mais \u00e9galement \u00e0 la forte croissance exponentielle de cette derni\u00e8re en Chine qui affiche un grand dynamisme dans le domaine. Notamment, concernant les d\u00e9p\u00f4ts de brevets, tous secteurs confondus, en 2023 l\u2019EU accuse une croissance de 2,9% contre 8,8% en Chine pour la m\u00eame p\u00e9riode (source&nbsp;: l\u2019OEB).<\/p>\n\n\n\n<p>Le facteur de d\u00e9veloppement des hautes technologies \u00e0 lui seul n\u2019est gu\u00e8re salutaire&nbsp;: l\u2019Allemagne qui a d\u00e9pos\u00e9 en 2023 incomparablement plus de brevets que la France \u2013 24 966 contre 10 814 \u2013 est un pays dont le march\u00e9 est \u00e9galement en train d\u2019entrer \u00e0 grand pas dans une r\u00e9cession \u00e9conomique.<\/p>\n\n\n\n<p>La force toute particuli\u00e8re de la France dans le domaine des technologies avanc\u00e9es se situe dans le secteur des transports et de l\u2019a\u00e9ronautique, et, comme indiqu\u00e9 auparavant, c\u2019est bien la production du mat\u00e9riel de transport qui s\u2019est litt\u00e9ralement effondr\u00e9e dans l\u2019Hexagone \u2013 et ceci malgr\u00e9 la continuation de l\u2019innovation suivie par un important d\u00e9p\u00f4t de brevets dans le domaine.<\/p>\n\n\n\n<h2 class=\"wp-block-heading\">Le d\u00e9ficit commercial et les \u00e9nergies<\/h2>\n\n\n\n<p>En ce qui concerne le d\u00e9ficit commercial fran\u00e7ais, ce dernier se maintient dans des sommets peu enviables : 85,9 milliards d\u2019euros pour la p\u00e9riode de mai 2023 \u00e0 mai 2024, dont 8 milliards d\u2019euros pour le seul mois de mai dernier (source&nbsp;: Insee).<\/p>\n\n\n\n<p>Certes, le camp politique de Macron peut se vanter de n\u2019avoir creus\u00e9 que 85,9Mld de d\u00e9ficit contre le record absolu de 162Mld d\u2019euros qu\u2019il a r\u00e9alis\u00e9 en 2022 (source&nbsp;: Douanes Fran\u00e7aises), mais il n\u2019y a pas de quoi se r\u00e9jouir : le tr\u00e8s grave d\u00e9s\u00e9quilibre du commerce ext\u00e9rieur ne va que s\u2019accentuer car, \u00e0 ce jour et dans les horizons du visible, il n\u2019y a strictement aucun indice politico-\u00e9conomique s\u00e9rieux permettant de supposer le contraire.&nbsp;<\/p>\n\n\n\n<p>Ce ne date pas d\u2019hier, puisque depuis l\u2019ann\u00e9e 2006, la balance commerciale fran\u00e7aise est dans le rouge chaque ann\u00e9e cons\u00e9cutive sans exception et le d\u00e9ficit cumul\u00e9 des dix-huit derni\u00e8res ann\u00e9es a d\u00e9j\u00e0 d\u00e9pass\u00e9 les 650Mld d\u2019euros.<\/p>\n\n\n\n<p>Les principales raisons structurelles de ce grave d\u00e9ficit sont un important d\u00e9s\u00e9quilibre du solde des \u00e9changes des biens manufactur\u00e9s, dont la comp\u00e9titivit\u00e9 fran\u00e7aise est plomb\u00e9e par le tr\u00e8s haut niveau des prix de l\u2019\u00e9nergie faisant exploser les co\u00fbts de production; la forte d\u00e9pendance fran\u00e7aise aux \u00e9nergies fossiles import\u00e9es et, surtout, l\u2019incapacit\u00e9 d\u00e9concertante du pr\u00e9sident Emmanuel Macron et des responsables de son appareil ex\u00e9cutif \u00e0 mener une politique \u00e9conomique nationale et, surtout, une politique \u00e9trang\u00e8re qui ne serait pas profond\u00e9ment irresponsable vis-\u00e0-vis des int\u00e9r\u00eats strat\u00e9giques de la France qui exigent l\u2019att\u00e9nuation des retomb\u00e9es d\u00e9sastreuses sur l\u2019\u00e9conomie fran\u00e7aise par le maintien de relations politico-diplomatiques saines avec des pays-fournisseurs de l\u2019\u00e9nergie.&nbsp;<\/p>\n\n\n\n<p>En ce qui concerne les capacit\u00e9s de la production nationale d\u2019\u00e9lectricit\u00e9, les inqui\u00e9tudes des Fran\u00e7ais \u00e0 la suite de la privation de la France de sa premi\u00e8re source d\u2019uranium qui est le Niger ont \u00e9t\u00e9 att\u00e9nu\u00e9es par la communication d\u2019informations sur les stocks fran\u00e7ais d\u2019uranium qui semblent \u00eatre suffisants pour faire fonctionner les centrales \u00e9lectriques de l\u2019Hexagone durant les 32-40 ans ann\u00e9es \u00e0 venir.<\/p>\n\n\n\n<p>Le Texte n\u00b0 222 d\u00e9pos\u00e9 au S\u00e9nat, le 19 d\u00e9cembre 2023, d\u00e9voile : \u00ab<em>Si la France ne dispose pas directement d\u2019uranium naturel sur son territoire, les op\u00e9rations d\u2019enrichissement ont, elles, lieu en France. Aujourd\u2019hui, pour faire fonctionner nos 56 r\u00e9acteurs nucl\u00e9aires, EDF a besoin de 8 \u00e0 10 000 tonnes d\u2019uranium naturel chaque ann\u00e9e. Fin 2021, le stock d\u2019uranium appauvri entrepos\u00e9 sur notre territoire national \u00e9tait de 324 000 tonnes<\/em>\u00bb.<\/p>\n\n\n\n<p>Pourtant, l\u2019apaisement des Fran\u00e7ais \u00e0 ce sujet est bien h\u00e2tif.<\/p>\n\n\n\n<p>Ce m\u00eame texte stipule : \u00ab<em>\u2026en conservant ce rythme actuel&nbsp;<\/em>[de l\u2019accroissement des r\u00e9serves de l\u2019uranium],&nbsp;<em>il devrait avoisiner 550 000 tonnes en 2050<\/em>\u00bb. Ce qui laisse sous-entendre, \u00e0 juste titre, l\u2019importance strat\u00e9gique de la continuation de l\u2019accumulation des stocks. Pourtant, les indications des rythmes de l\u2019accumulation des r\u00e9serves de l\u2019uranium indiqu\u00e9s dans ce texte du Senat sont aujourd\u2019hui totalement coup\u00e9es de la r\u00e9alit\u00e9.<\/p>\n\n\n\n<p>Non seulement ils ne sont plus r\u00e9alisables, mais la probabilit\u00e9 est forte que les r\u00e9serves strat\u00e9giques <em>\u00abintouchables\u00bb<\/em> dont la France dispose commenceront \u00e0 \u00eatre consomm\u00e9es sous peu, faute de volumes d\u2019importations suffisantes, et cela sera le signe du d\u00e9but du d\u00e9sastre \u00e9nerg\u00e9tique \u00e0 venir.&nbsp;&nbsp;<\/p>\n\n\n\n<p>Avant d\u2019avoir retir\u00e9 ce d\u00e9but juillet 2024 le permis d\u2019exploitation d\u2019un important gisement d\u2019uranium \u00e0 Madaou\u00e9la (Nord du Niger) au groupe canadien GoviEx, le 19 juin, le gouvernement nig\u00e9rien a retir\u00e9 le permis d\u2019exploitation du gisement d\u2019uranium d\u2019Imouraren au groupe fran\u00e7ais Orano (ex-Areva). Imouraren qui est class\u00e9 comme l\u2019un des plus grands gisements d\u2019uranium au monde, avec des r\u00e9serves estim\u00e9es \u00e0 200 000 tonnes.<\/p>\n\n\n\n<p>La politique \u00e9trang\u00e8re du gouvernement de Macron a fait perdre \u00e0 la France son premier fournisseur d\u2019uranium qui est le Niger. Et ceci d\u2019une mani\u00e8re irr\u00e9vocable : les puissances \u00e9trang\u00e8res que la France a ouvertement inscrit sur la liste de ses ennemis feront et sont d\u00e9j\u00e0 en train de faire le n\u00e9cessaire pour assurer cette irr\u00e9vocabilit\u00e9. La perte par la France de l\u2019acc\u00e8s \u00e0 ces gigantesques r\u00e9serves de combustible pour ses centrales \u00e9lectriques est un \u00e9chec strat\u00e9gique qui r\u00e9duit consid\u00e9rablement les alternatives d\u2019approvisionnement et met Paris en position de d\u00e9pendance accrue vis-\u00e0-vis d\u2019autres fournisseurs actuels et potentiels restants.<\/p>\n\n\n\n<p>En parlant du second fournisseur d\u2019uranium pour la France \u2013 le Kazakhstan \u2013 qui, apr\u00e8s la perte du Niger, devient, de facto, le tout premier fournisseur, les autorit\u00e9s fran\u00e7aises n\u2019oublient pas de mentionner que l\u2019exploitation et l\u2019importation depuis ce pays de l\u2019Asie centrale se d\u00e9roulent via l\u2019entreprise locale Katco qui assure 7% de la production mondiale d\u2019uranium et dont le fran\u00e7ais Orano d\u00e9tient 51% du capital.<\/p>\n\n\n\n<p>N\u00e9anmoins, ce que l\u2019Elys\u00e9e <em>\u00aboublie\u00bb<\/em> de communiquer \u00e0 ses citoyens, c\u2019est que les 49% restants du capital de Katco sont d\u00e9tenus par l\u2019entreprise Kazatomprom, laquelle, \u00e0 son tour, appartient \u00e0 50% \u00e0 l\u2019entreprise Tsentr Obogosheniya Urana dont la F\u00e9d\u00e9ration de Russie est le copropri\u00e9taire. On ne peut que f\u00e9liciter la pr\u00e9sidence fran\u00e7aise d\u2019\u00eatre victime de tels trous de m\u00e9moire.<\/p>\n\n\n\n<h2 class=\"wp-block-heading\">IDE : les illusions et la r\u00e9alit\u00e9<\/h2>\n\n\n\n<p>Si la France, dont les flux nets des investissements directs \u00e9trangers (IDE) ont atteint 72,7 milliards d\u2019euros en 2022 et 39,1 milliards en 2023, reste depuis plusieurs ann\u00e9es cons\u00e9cutives bien en t\u00eate des IDE sur le sol europ\u00e9en \u2013 ce r\u00e9sultat positif est \u00e0 nuancer.<\/p>\n\n\n\n<p>Les stocks d\u2019investissements \u00e9trangers en France se concentrent \u00e0 pr\u00e8s de 70% sur trois secteurs : 35% pour l\u2019industrie (\u00e0 fin 2023), 14% pour les finances-assurance et 19% pour l\u2019immobilier (source : Banque de France).<\/p>\n\n\n\n<p>Malgr\u00e9 les investissements \u00e9trangers assez impressionnants, il est important de ne pas n\u00e9gliger les facteurs qui s\u2019y attachent et qui sont d\u2019une importance strat\u00e9gique. Notamment, les IDE qui ont lieu en France visent non pas la cr\u00e9ation de nouveaux emplois, de nouveaux projets de d\u00e9veloppement et de nouveaux sites, mais principalement l\u2019extension des sites d\u00e9j\u00e0 existants. En 2021, les projets visant la cr\u00e9ation de nouveaux sites ne repr\u00e9sentaient que 31%, contre 69% pour des sites d\u00e9j\u00e0 existants. Le nombre moyen d\u2019emplois cr\u00e9\u00e9s par projet \u00e9taient de 38.<\/p>\n\n\n\n<p>En m\u00eame temps et \u00e0 titre de comparaison, ces proportions sont tout \u00e0 fait diff\u00e9rentes dans d\u2019autres pays europ\u00e9ens et ceci en grande d\u00e9faveur de la France. Notamment, selon les derni\u00e8res donn\u00e9es disponibles (ann\u00e9e 2021), en Allemagne, les projets visant la cr\u00e9ation de nouveaux sites repr\u00e9sentaient 81%, contre 19% pour des sites d\u00e9j\u00e0 existants. Le nombre moyen d\u2019emplois cr\u00e9\u00e9s en Allemagne par projet \u00e9tait de 45. Au Royaume-Uni, les projets visant la cr\u00e9ation de nouveaux sites repr\u00e9sentaient 77%, contre 23% pour des sites d\u00e9j\u00e0 existants. Le nombre moyen d\u2019emplois cr\u00e9\u00e9s en Grande Bretagne par projet \u00e9tait de 68 (source : EY).<\/p>\n\n\n\n<p>Ainsi, les r\u00e9sultats de l\u2019attraction des IDE dans l\u2019\u00e9conomie fran\u00e7aise qui sont pr\u00e9sent\u00e9s par l\u2019actuel pouvoir en tant que succ\u00e8s de sa politique sont bien \u00e0 nuancer : la monnaie \u00e9trang\u00e8re investie en France g\u00e9n\u00e8re de 30 \u00e0 50% d\u2019emplois en moins qu\u2019en Allemagne ou en Grande-Bretagne, ce qui refl\u00e8te nettement la r\u00e9alit\u00e9 d\u00e9sastreuse de la politique fran\u00e7aise d\u2019emploi.<\/p>\n\n\n\n<h2 class=\"wp-block-heading\">Les d\u00e9faillances d\u2019entreprises<\/h2>\n\n\n\n<p>Plus de secret pour personne que dans la p\u00e9riode du 06\/2023 au 06\/2024, la quasi-int\u00e9gralit\u00e9 des pays de l\u2019UE ont enregistr\u00e9 un nombre de d\u00e9faillances d\u2019entreprises sup\u00e9rieur \u00e0 celui d\u2019avant la pand\u00e9mie du Covid.<\/p>\n\n\n\n<p>La France ne fait non seulement pas l\u2019exception dans la tendance g\u00e9n\u00e9ralis\u00e9e dans l\u2019espace europ\u00e9en, mais en % d\u00e9tient m\u00eame le <em>\u00ableadership\u00bb<\/em> vis-\u00e0-vis de l\u2019Allemagne et du Benelux au niveau des d\u00e9faillances d\u2019entreprises et ceci depuis le d\u00e9but de 2023.&nbsp;<\/p>\n\n\n\n<p>Pour les entreprises, les co\u00fbts dus \u00e0 plusieurs \u00e9l\u00e9ments cl\u00e9s tels que le refinancement, les salaires et l\u2019\u00e9nergie sont nettement plus \u00e9lev\u00e9s qu\u2019avant la p\u00e9riode Covid \u2013 ce qui n\u2019est gu\u00e8re le cas de la demande. Le grand manque de confiance des m\u00e9nages dans l\u2019avenir les fait privil\u00e9gier l\u2019\u00e9pargne \u00e0 la consommation, ce qui d\u00e9clenche un cercle vicieux, dont la formule est simple : la baisse de la consommation augmente les faillites d\u2019entreprises qui d\u00e9truisent l\u2019emploi et, de facto, baissent d\u2019avantage la demande des m\u00e9nages \u2013 ce qui, \u00e0 son tour, impacte directement la croissance.&nbsp;<\/p>\n\n\n\n<p>Non seulement la France enregistre 60 210 entreprises de toutes tailles confondues qui sont entr\u00e9es en proc\u00e9dure de d\u00e9faillances ou de cessation de paiement sur un an (donn\u00e9es de la Banque de France, fin mai 2024), ce chiffre inclue les 5 161 entreprises de taille interm\u00e9diaire (ETI) et les grosses PME \u2013 ce qui est sup\u00e9rieur m\u00eame \u00e0 celui du triste record de 4 825 d\u00e9faillances qui ont \u00e9t\u00e9 comptabilis\u00e9es en septembre 2009, apr\u00e8s la crise financi\u00e8re que le monde a connue. Les secteurs-cl\u00e9s, tels que l\u2019industrie, l\u2019information\/communication et le transport sont grandement impact\u00e9s et la tendance les concernant ne fait que s\u2019aggraver.&nbsp;<\/p>\n\n\n\n<h2 class=\"wp-block-heading\">Post-scriptum<\/h2>\n\n\n\n<p>Contrairement aux Etats-Unis qui ont pu, jusqu\u2019\u00e0 pr\u00e9sent, maintenir leur \u00e9conomie \u00e0 un niveau tout \u00e0 fait confortable via le d\u00e9clenchement dans le monde de guerres de r\u00e9pression des menaces \u00e0 leur h\u00e9g\u00e9monie assur\u00e9e par le statut de l\u2019outil principal op\u00e9rationnel qui est le dollar am\u00e9ricain, en couvrant grossi\u00e8rement les invasions par des slogans sur l\u2019apport de la lumi\u00e8re de la d\u00e9mocratie dans des t\u00e9n\u00e8bres dictatoriaux et en tuant au passage des millions de personnes dans ledit processus de <em>\u00abd\u00e9mocratisation\u00bb<\/em> \u2013 la France n\u2019est gu\u00e8re ni en position, ni en capacit\u00e9 d\u2019appliquer ce&nbsp;<em>modus operandi<\/em>, m\u00eame si ce dernier est consid\u00e9r\u00e9 comme le plus efficace pour obtenir gain de cause avec l\u2019engagement de la moindre contrepartie.<\/p>\n\n\n\n<p>Les \u00e9l\u00e9ments \u00e9num\u00e9r\u00e9s dans ce dossier d\u2019une mani\u00e8re non exhaustive et ne comprenant pas toute une s\u00e9rie d\u2019autres probl\u00e8mes structurels graves de l\u2019\u00e9conomie fran\u00e7aise, tels que le niveau des imp\u00f4ts et taxes le plus \u00e9lev\u00e9 au monde, le syst\u00e8me fiscal le plus complexe au monde, la dette publique exorbitante qui connait la plus grande croissance au sein de l\u2019UE et atteint 3 200 Mld \u20ac, le gigantesque d\u00e9ficit public qui se creuse davantage chaque ann\u00e9e et atteint la hauteur de 154Mld \u20ac pour la seule ann\u00e9e de 2023 apr\u00e8s 124,9Mld \u20ac pour l\u2019ann\u00e9e de 2022 \u2013 ce sont de d\u00e9sastreuses cons\u00e9quences structurelles produites par la politique nationale et \u00e9trang\u00e8re n\u00e9faste men\u00e9e par la gouvernance fran\u00e7aise et n\u00e9cessitant un changement radical de son vecteur dans les plus brefs d\u00e9lais. Le cas \u00e9ch\u00e9ant, la seule r\u00e9alit\u00e9 que conna\u00eetra la France sera celle de l\u2019entr\u00e9e inexorable de son \u00e9conomie dans une profonde r\u00e9cession.<\/p>\n\n\n\n<p><em>* Ancien professeur aupr\u00e8s des masters des grandes \u00e9coles de commerce de Paris),<\/em> pr\u00e9sident du <a href=\"http:\/\/www.c-cie.eu\" target=\"_blank\" rel=\"noreferrer noopener\">CCIE<\/a>.\u00a0<\/p>\n\n\n\n<p><strong><em>Pr\u00e9c\u00e9dent article\u00a0:<\/em><\/strong><\/p>\n\n\n\n<p><a href=\"https:\/\/kapitalis.com\/tunisie\/2024\/09\/11\/la-france-en-marche-vers-la-recession-1-2\/\" target=\"_blank\" rel=\"noreferrer noopener\">La France\u00a0: en marche vers la r\u00e9cession (1-2).<\/a> <\/p>\n","protected":false},"excerpt":{"rendered":"<p>La seule r\u00e9alit\u00e9 que conna\u00eetra la France sera celle de l\u2019entr\u00e9e inexorable de son \u00e9conomie dans une profonde r\u00e9cession.<\/p>\n","protected":false},"author":8,"featured_media":13971618,"comment_status":"closed","ping_status":"open","sticky":false,"template":"","format":"standard","meta":{"footnotes":""},"categories":[992,995,1000,2433],"tags":[5949,1874,23315,19579,395,5087,107607,117889],"class_list":["post-13971594","post","type-post","status-publish","format-standard","has-post-thumbnail","hentry","category-a-la-une","category-economie","category-tribune","category-tunisie","tag-deficit-budgetaire","tag-deficit-commercial","tag-deficit-energetique","tag-emmanuel-macron","tag-france","tag-recession","tag-union-europeeene","tag-uranium"],"yoast_head":"<!-- This site is optimized with the Yoast SEO plugin v26.6 - https:\/\/yoast.com\/wordpress\/plugins\/seo\/ -->\n<title>La France\u00a0: en marche vers la r\u00e9cession (2-2)\u00a0: Les technologies avanc\u00e9es seront-elles salutaires\u00a0? - Kapitalis<\/title>\n<meta name=\"robots\" content=\"index, follow, max-snippet:-1, max-image-preview:large, max-video-preview:-1\" \/>\n<link rel=\"canonical\" href=\"https:\/\/kapitalis.com\/tunisie\/2024\/09\/11\/la-france-en-marche-vers-la-recession-2-2-les-technologies-avancees-seront-elles-salutaires\/\" \/>\n<meta property=\"og:locale\" content=\"fr_FR\" \/>\n<meta property=\"og:type\" content=\"article\" \/>\n<meta property=\"og:title\" content=\"La France\u00a0: en marche vers la r\u00e9cession (2-2)\u00a0: Les technologies avanc\u00e9es seront-elles salutaires\u00a0? - Kapitalis\" \/>\n<meta property=\"og:description\" content=\"La seule r\u00e9alit\u00e9 que conna\u00eetra la France sera celle de l\u2019entr\u00e9e inexorable de son \u00e9conomie dans une profonde r\u00e9cession.\" \/>\n<meta property=\"og:url\" content=\"https:\/\/kapitalis.com\/tunisie\/2024\/09\/11\/la-france-en-marche-vers-la-recession-2-2-les-technologies-avancees-seront-elles-salutaires\/\" \/>\n<meta property=\"og:site_name\" content=\"Kapitalis\" \/>\n<meta property=\"article:publisher\" content=\"https:\/\/www.facebook.com\/KapitalisInfo\/\" \/>\n<meta property=\"article:published_time\" content=\"2024-09-11T10:08:37+00:00\" \/>\n<meta property=\"article:modified_time\" content=\"2024-09-11T10:08:39+00:00\" \/>\n<meta property=\"og:image\" content=\"https:\/\/kapitalis.com\/tunisie\/wp-content\/uploads\/2024\/09\/France-Recession-2.jpg\" \/>\n\t<meta property=\"og:image:width\" content=\"1200\" \/>\n\t<meta property=\"og:image:height\" content=\"630\" \/>\n\t<meta property=\"og:image:type\" content=\"image\/jpeg\" \/>\n<meta name=\"author\" content=\"webmaster kapitalis\" \/>\n<meta name=\"twitter:card\" content=\"summary_large_image\" \/>\n<meta name=\"twitter:creator\" content=\"@KapitalisInfo\" \/>\n<meta name=\"twitter:site\" content=\"@KapitalisInfo\" \/>\n<meta name=\"twitter:label1\" content=\"\u00c9crit par\" \/>\n\t<meta name=\"twitter:data1\" content=\"webmaster kapitalis\" \/>\n\t<meta name=\"twitter:label2\" content=\"Dur\u00e9e de lecture estim\u00e9e\" \/>\n\t<meta name=\"twitter:data2\" content=\"12 minutes\" \/>\n<script type=\"application\/ld+json\" class=\"yoast-schema-graph\">{\"@context\":\"https:\/\/schema.org\",\"@graph\":[{\"@type\":\"Article\",\"@id\":\"https:\/\/kapitalis.com\/tunisie\/2024\/09\/11\/la-france-en-marche-vers-la-recession-2-2-les-technologies-avancees-seront-elles-salutaires\/#article\",\"isPartOf\":{\"@id\":\"https:\/\/kapitalis.com\/tunisie\/2024\/09\/11\/la-france-en-marche-vers-la-recession-2-2-les-technologies-avancees-seront-elles-salutaires\/\"},\"author\":{\"name\":\"webmaster kapitalis\",\"@id\":\"https:\/\/kapitalis.com\/tunisie\/#\/schema\/person\/d71f33a9ca44f7bad4698210b480c8e9\"},\"headline\":\"La France\u00a0: en marche vers la r\u00e9cession (2-2)\u00a0: Les technologies avanc\u00e9es seront-elles salutaires\u00a0?\",\"datePublished\":\"2024-09-11T10:08:37+00:00\",\"dateModified\":\"2024-09-11T10:08:39+00:00\",\"mainEntityOfPage\":{\"@id\":\"https:\/\/kapitalis.com\/tunisie\/2024\/09\/11\/la-france-en-marche-vers-la-recession-2-2-les-technologies-avancees-seront-elles-salutaires\/\"},\"wordCount\":2467,\"publisher\":{\"@id\":\"https:\/\/kapitalis.com\/tunisie\/#organization\"},\"image\":{\"@id\":\"https:\/\/kapitalis.com\/tunisie\/2024\/09\/11\/la-france-en-marche-vers-la-recession-2-2-les-technologies-avancees-seront-elles-salutaires\/#primaryimage\"},\"thumbnailUrl\":\"https:\/\/kapitalis.com\/tunisie\/wp-content\/uploads\/2024\/09\/France-Recession-2.jpg\",\"keywords\":[\"d\u00e9ficit budg\u00e9taire\",\"d\u00e9ficit commercial\",\"d\u00e9ficit \u00e9nerg\u00e9tique\",\"Emmanuel Macron\",\"France\",\"r\u00e9cession\",\"Union europ\u00e9eene\",\"uranium\"],\"articleSection\":[\"A LA UNE\",\"ECONOMIE\",\"TRIBUNE\",\"Tunisie\"],\"inLanguage\":\"fr-FR\"},{\"@type\":\"WebPage\",\"@id\":\"https:\/\/kapitalis.com\/tunisie\/2024\/09\/11\/la-france-en-marche-vers-la-recession-2-2-les-technologies-avancees-seront-elles-salutaires\/\",\"url\":\"https:\/\/kapitalis.com\/tunisie\/2024\/09\/11\/la-france-en-marche-vers-la-recession-2-2-les-technologies-avancees-seront-elles-salutaires\/\",\"name\":\"La France\u00a0: en marche vers la r\u00e9cession (2-2)\u00a0: Les technologies avanc\u00e9es seront-elles salutaires\u00a0? - Kapitalis\",\"isPartOf\":{\"@id\":\"https:\/\/kapitalis.com\/tunisie\/#website\"},\"primaryImageOfPage\":{\"@id\":\"https:\/\/kapitalis.com\/tunisie\/2024\/09\/11\/la-france-en-marche-vers-la-recession-2-2-les-technologies-avancees-seront-elles-salutaires\/#primaryimage\"},\"image\":{\"@id\":\"https:\/\/kapitalis.com\/tunisie\/2024\/09\/11\/la-france-en-marche-vers-la-recession-2-2-les-technologies-avancees-seront-elles-salutaires\/#primaryimage\"},\"thumbnailUrl\":\"https:\/\/kapitalis.com\/tunisie\/wp-content\/uploads\/2024\/09\/France-Recession-2.jpg\",\"datePublished\":\"2024-09-11T10:08:37+00:00\",\"dateModified\":\"2024-09-11T10:08:39+00:00\",\"breadcrumb\":{\"@id\":\"https:\/\/kapitalis.com\/tunisie\/2024\/09\/11\/la-france-en-marche-vers-la-recession-2-2-les-technologies-avancees-seront-elles-salutaires\/#breadcrumb\"},\"inLanguage\":\"fr-FR\",\"potentialAction\":[{\"@type\":\"ReadAction\",\"target\":[\"https:\/\/kapitalis.com\/tunisie\/2024\/09\/11\/la-france-en-marche-vers-la-recession-2-2-les-technologies-avancees-seront-elles-salutaires\/\"]}]},{\"@type\":\"ImageObject\",\"inLanguage\":\"fr-FR\",\"@id\":\"https:\/\/kapitalis.com\/tunisie\/2024\/09\/11\/la-france-en-marche-vers-la-recession-2-2-les-technologies-avancees-seront-elles-salutaires\/#primaryimage\",\"url\":\"https:\/\/kapitalis.com\/tunisie\/wp-content\/uploads\/2024\/09\/France-Recession-2.jpg\",\"contentUrl\":\"https:\/\/kapitalis.com\/tunisie\/wp-content\/uploads\/2024\/09\/France-Recession-2.jpg\",\"width\":1200,\"height\":630},{\"@type\":\"BreadcrumbList\",\"@id\":\"https:\/\/kapitalis.com\/tunisie\/2024\/09\/11\/la-france-en-marche-vers-la-recession-2-2-les-technologies-avancees-seront-elles-salutaires\/#breadcrumb\",\"itemListElement\":[{\"@type\":\"ListItem\",\"position\":1,\"name\":\"Accueil\",\"item\":\"https:\/\/kapitalis.com\/tunisie\/\"},{\"@type\":\"ListItem\",\"position\":2,\"name\":\"La France\u00a0: en marche vers la r\u00e9cession (2-2)\u00a0: Les technologies avanc\u00e9es seront-elles salutaires\u00a0?\"}]},{\"@type\":\"WebSite\",\"@id\":\"https:\/\/kapitalis.com\/tunisie\/#website\",\"url\":\"https:\/\/kapitalis.com\/tunisie\/\",\"name\":\"Kapitalis\",\"description\":\"L&#039;actualit\u00e9 en Tunisie et dans le monde\",\"publisher\":{\"@id\":\"https:\/\/kapitalis.com\/tunisie\/#organization\"},\"potentialAction\":[{\"@type\":\"SearchAction\",\"target\":{\"@type\":\"EntryPoint\",\"urlTemplate\":\"https:\/\/kapitalis.com\/tunisie\/?s={search_term_string}\"},\"query-input\":{\"@type\":\"PropertyValueSpecification\",\"valueRequired\":true,\"valueName\":\"search_term_string\"}}],\"inLanguage\":\"fr-FR\"},{\"@type\":\"Organization\",\"@id\":\"https:\/\/kapitalis.com\/tunisie\/#organization\",\"name\":\"Kapitalis\",\"url\":\"https:\/\/kapitalis.com\/tunisie\/\",\"logo\":{\"@type\":\"ImageObject\",\"inLanguage\":\"fr-FR\",\"@id\":\"https:\/\/kapitalis.com\/tunisie\/#\/schema\/logo\/image\/\",\"url\":\"https:\/\/kapitalis.com\/tunisie\/wp-content\/uploads\/2022\/05\/Kapitalis-big-size.png\",\"contentUrl\":\"https:\/\/kapitalis.com\/tunisie\/wp-content\/uploads\/2022\/05\/Kapitalis-big-size.png\",\"width\":5000,\"height\":1500,\"caption\":\"Kapitalis\"},\"image\":{\"@id\":\"https:\/\/kapitalis.com\/tunisie\/#\/schema\/logo\/image\/\"},\"sameAs\":[\"https:\/\/www.facebook.com\/KapitalisInfo\/\",\"https:\/\/x.com\/KapitalisInfo\",\"https:\/\/www.youtube.com\/channel\/UC-yDYrHyfFBWWZaOw3FPg9Q\"]},{\"@type\":\"Person\",\"@id\":\"https:\/\/kapitalis.com\/tunisie\/#\/schema\/person\/d71f33a9ca44f7bad4698210b480c8e9\",\"name\":\"webmaster kapitalis\",\"url\":\"https:\/\/kapitalis.com\/tunisie\/author\/webmaster-kapitalis\/\"}]}<\/script>\n<!-- \/ Yoast SEO plugin. -->","yoast_head_json":{"title":"La France\u00a0: en marche vers la r\u00e9cession (2-2)\u00a0: Les technologies avanc\u00e9es seront-elles salutaires\u00a0? - Kapitalis","robots":{"index":"index","follow":"follow","max-snippet":"max-snippet:-1","max-image-preview":"max-image-preview:large","max-video-preview":"max-video-preview:-1"},"canonical":"https:\/\/kapitalis.com\/tunisie\/2024\/09\/11\/la-france-en-marche-vers-la-recession-2-2-les-technologies-avancees-seront-elles-salutaires\/","og_locale":"fr_FR","og_type":"article","og_title":"La France\u00a0: en marche vers la r\u00e9cession (2-2)\u00a0: Les technologies avanc\u00e9es seront-elles salutaires\u00a0? - Kapitalis","og_description":"La seule r\u00e9alit\u00e9 que conna\u00eetra la France sera celle de l\u2019entr\u00e9e inexorable de son \u00e9conomie dans une profonde r\u00e9cession.","og_url":"https:\/\/kapitalis.com\/tunisie\/2024\/09\/11\/la-france-en-marche-vers-la-recession-2-2-les-technologies-avancees-seront-elles-salutaires\/","og_site_name":"Kapitalis","article_publisher":"https:\/\/www.facebook.com\/KapitalisInfo\/","article_published_time":"2024-09-11T10:08:37+00:00","article_modified_time":"2024-09-11T10:08:39+00:00","og_image":[{"width":1200,"height":630,"url":"https:\/\/kapitalis.com\/tunisie\/wp-content\/uploads\/2024\/09\/France-Recession-2.jpg","type":"image\/jpeg"}],"author":"webmaster kapitalis","twitter_card":"summary_large_image","twitter_creator":"@KapitalisInfo","twitter_site":"@KapitalisInfo","twitter_misc":{"\u00c9crit par":"webmaster kapitalis","Dur\u00e9e de lecture estim\u00e9e":"12 minutes"},"schema":{"@context":"https:\/\/schema.org","@graph":[{"@type":"Article","@id":"https:\/\/kapitalis.com\/tunisie\/2024\/09\/11\/la-france-en-marche-vers-la-recession-2-2-les-technologies-avancees-seront-elles-salutaires\/#article","isPartOf":{"@id":"https:\/\/kapitalis.com\/tunisie\/2024\/09\/11\/la-france-en-marche-vers-la-recession-2-2-les-technologies-avancees-seront-elles-salutaires\/"},"author":{"name":"webmaster kapitalis","@id":"https:\/\/kapitalis.com\/tunisie\/#\/schema\/person\/d71f33a9ca44f7bad4698210b480c8e9"},"headline":"La France\u00a0: en marche vers la r\u00e9cession (2-2)\u00a0: Les technologies avanc\u00e9es seront-elles salutaires\u00a0?","datePublished":"2024-09-11T10:08:37+00:00","dateModified":"2024-09-11T10:08:39+00:00","mainEntityOfPage":{"@id":"https:\/\/kapitalis.com\/tunisie\/2024\/09\/11\/la-france-en-marche-vers-la-recession-2-2-les-technologies-avancees-seront-elles-salutaires\/"},"wordCount":2467,"publisher":{"@id":"https:\/\/kapitalis.com\/tunisie\/#organization"},"image":{"@id":"https:\/\/kapitalis.com\/tunisie\/2024\/09\/11\/la-france-en-marche-vers-la-recession-2-2-les-technologies-avancees-seront-elles-salutaires\/#primaryimage"},"thumbnailUrl":"https:\/\/kapitalis.com\/tunisie\/wp-content\/uploads\/2024\/09\/France-Recession-2.jpg","keywords":["d\u00e9ficit budg\u00e9taire","d\u00e9ficit commercial","d\u00e9ficit \u00e9nerg\u00e9tique","Emmanuel Macron","France","r\u00e9cession","Union europ\u00e9eene","uranium"],"articleSection":["A LA UNE","ECONOMIE","TRIBUNE","Tunisie"],"inLanguage":"fr-FR"},{"@type":"WebPage","@id":"https:\/\/kapitalis.com\/tunisie\/2024\/09\/11\/la-france-en-marche-vers-la-recession-2-2-les-technologies-avancees-seront-elles-salutaires\/","url":"https:\/\/kapitalis.com\/tunisie\/2024\/09\/11\/la-france-en-marche-vers-la-recession-2-2-les-technologies-avancees-seront-elles-salutaires\/","name":"La France\u00a0: en marche vers la r\u00e9cession (2-2)\u00a0: Les technologies avanc\u00e9es seront-elles salutaires\u00a0? - Kapitalis","isPartOf":{"@id":"https:\/\/kapitalis.com\/tunisie\/#website"},"primaryImageOfPage":{"@id":"https:\/\/kapitalis.com\/tunisie\/2024\/09\/11\/la-france-en-marche-vers-la-recession-2-2-les-technologies-avancees-seront-elles-salutaires\/#primaryimage"},"image":{"@id":"https:\/\/kapitalis.com\/tunisie\/2024\/09\/11\/la-france-en-marche-vers-la-recession-2-2-les-technologies-avancees-seront-elles-salutaires\/#primaryimage"},"thumbnailUrl":"https:\/\/kapitalis.com\/tunisie\/wp-content\/uploads\/2024\/09\/France-Recession-2.jpg","datePublished":"2024-09-11T10:08:37+00:00","dateModified":"2024-09-11T10:08:39+00:00","breadcrumb":{"@id":"https:\/\/kapitalis.com\/tunisie\/2024\/09\/11\/la-france-en-marche-vers-la-recession-2-2-les-technologies-avancees-seront-elles-salutaires\/#breadcrumb"},"inLanguage":"fr-FR","potentialAction":[{"@type":"ReadAction","target":["https:\/\/kapitalis.com\/tunisie\/2024\/09\/11\/la-france-en-marche-vers-la-recession-2-2-les-technologies-avancees-seront-elles-salutaires\/"]}]},{"@type":"ImageObject","inLanguage":"fr-FR","@id":"https:\/\/kapitalis.com\/tunisie\/2024\/09\/11\/la-france-en-marche-vers-la-recession-2-2-les-technologies-avancees-seront-elles-salutaires\/#primaryimage","url":"https:\/\/kapitalis.com\/tunisie\/wp-content\/uploads\/2024\/09\/France-Recession-2.jpg","contentUrl":"https:\/\/kapitalis.com\/tunisie\/wp-content\/uploads\/2024\/09\/France-Recession-2.jpg","width":1200,"height":630},{"@type":"BreadcrumbList","@id":"https:\/\/kapitalis.com\/tunisie\/2024\/09\/11\/la-france-en-marche-vers-la-recession-2-2-les-technologies-avancees-seront-elles-salutaires\/#breadcrumb","itemListElement":[{"@type":"ListItem","position":1,"name":"Accueil","item":"https:\/\/kapitalis.com\/tunisie\/"},{"@type":"ListItem","position":2,"name":"La France\u00a0: en marche vers la r\u00e9cession (2-2)\u00a0: Les technologies avanc\u00e9es seront-elles salutaires\u00a0?"}]},{"@type":"WebSite","@id":"https:\/\/kapitalis.com\/tunisie\/#website","url":"https:\/\/kapitalis.com\/tunisie\/","name":"Kapitalis","description":"L&#039;actualit\u00e9 en Tunisie et dans le monde","publisher":{"@id":"https:\/\/kapitalis.com\/tunisie\/#organization"},"potentialAction":[{"@type":"SearchAction","target":{"@type":"EntryPoint","urlTemplate":"https:\/\/kapitalis.com\/tunisie\/?s={search_term_string}"},"query-input":{"@type":"PropertyValueSpecification","valueRequired":true,"valueName":"search_term_string"}}],"inLanguage":"fr-FR"},{"@type":"Organization","@id":"https:\/\/kapitalis.com\/tunisie\/#organization","name":"Kapitalis","url":"https:\/\/kapitalis.com\/tunisie\/","logo":{"@type":"ImageObject","inLanguage":"fr-FR","@id":"https:\/\/kapitalis.com\/tunisie\/#\/schema\/logo\/image\/","url":"https:\/\/kapitalis.com\/tunisie\/wp-content\/uploads\/2022\/05\/Kapitalis-big-size.png","contentUrl":"https:\/\/kapitalis.com\/tunisie\/wp-content\/uploads\/2022\/05\/Kapitalis-big-size.png","width":5000,"height":1500,"caption":"Kapitalis"},"image":{"@id":"https:\/\/kapitalis.com\/tunisie\/#\/schema\/logo\/image\/"},"sameAs":["https:\/\/www.facebook.com\/KapitalisInfo\/","https:\/\/x.com\/KapitalisInfo","https:\/\/www.youtube.com\/channel\/UC-yDYrHyfFBWWZaOw3FPg9Q"]},{"@type":"Person","@id":"https:\/\/kapitalis.com\/tunisie\/#\/schema\/person\/d71f33a9ca44f7bad4698210b480c8e9","name":"webmaster kapitalis","url":"https:\/\/kapitalis.com\/tunisie\/author\/webmaster-kapitalis\/"}]}},"_links":{"self":[{"href":"https:\/\/kapitalis.com\/tunisie\/wp-json\/wp\/v2\/posts\/13971594","targetHints":{"allow":["GET"]}}],"collection":[{"href":"https:\/\/kapitalis.com\/tunisie\/wp-json\/wp\/v2\/posts"}],"about":[{"href":"https:\/\/kapitalis.com\/tunisie\/wp-json\/wp\/v2\/types\/post"}],"author":[{"embeddable":true,"href":"https:\/\/kapitalis.com\/tunisie\/wp-json\/wp\/v2\/users\/8"}],"replies":[{"embeddable":true,"href":"https:\/\/kapitalis.com\/tunisie\/wp-json\/wp\/v2\/comments?post=13971594"}],"version-history":[{"count":1,"href":"https:\/\/kapitalis.com\/tunisie\/wp-json\/wp\/v2\/posts\/13971594\/revisions"}],"predecessor-version":[{"id":13971621,"href":"https:\/\/kapitalis.com\/tunisie\/wp-json\/wp\/v2\/posts\/13971594\/revisions\/13971621"}],"wp:featuredmedia":[{"embeddable":true,"href":"https:\/\/kapitalis.com\/tunisie\/wp-json\/wp\/v2\/media\/13971618"}],"wp:attachment":[{"href":"https:\/\/kapitalis.com\/tunisie\/wp-json\/wp\/v2\/media?parent=13971594"}],"wp:term":[{"taxonomy":"category","embeddable":true,"href":"https:\/\/kapitalis.com\/tunisie\/wp-json\/wp\/v2\/categories?post=13971594"},{"taxonomy":"post_tag","embeddable":true,"href":"https:\/\/kapitalis.com\/tunisie\/wp-json\/wp\/v2\/tags?post=13971594"}],"curies":[{"name":"wp","href":"https:\/\/api.w.org\/{rel}","templated":true}]}}