{"id":13971738,"date":"2024-09-11T11:57:47","date_gmt":"2024-09-11T10:57:47","guid":{"rendered":"https:\/\/kapitalis.com\/tunisie\/?p=13971738"},"modified":"2024-09-11T12:31:26","modified_gmt":"2024-09-11T11:31:26","slug":"rentree-scolaire-les-enseignants-protestent-a-tunis","status":"publish","type":"post","link":"https:\/\/kapitalis.com\/tunisie\/2024\/09\/11\/rentree-scolaire-les-enseignants-protestent-a-tunis\/","title":{"rendered":"Rentr\u00e9e scolaire\u00a0: les enseignants protestent \u00e0 Tunis \u00a0"},"content":{"rendered":"\n<p><strong><em>Les membres des syndicats de l\u2019enseignement de base et secondaire affili\u00e9s \u00e0 l\u2019Union g\u00e9n\u00e9rale tunisienne du travail (UGTT) se sont rassembl\u00e9s ce mercredi 11 septembre 2024, devant le minist\u00e8re de l\u2019\u00c9ducation \u00e0 Tunis, dans le cadre d\u2019une journ\u00e9e nationale de col\u00e8re.<\/em><\/strong><\/p>\n\n\n\n<!--more-->\n\n\n\n<p>Cette manifestation nationale, organis\u00e9e apr\u00e8s plusieurs manifestations r\u00e9gionales, a port\u00e9 sur plusieurs revendications incluant l\u2019augmentation des salaires, l\u2019abolition de l\u2019emploi pr\u00e9caire, promise par le pr\u00e9sident de la r\u00e9publique Ka\u00efs Sa\u00efed, et la r\u00e9forme du syst\u00e8me \u00e9ducatif, a indiqu\u00e9 Ikbel Azzabi, membre du syndicat de l\u2019enseignement de base, cit\u00e9 par <a href=\"https:\/\/www.mosaiquefm.net\/ar\/%D8%AA%D9%88%D9%86%D8%B3-%D8%A3%D8%AE%D8%A8%D8%A7%D8%B1-%D9%88%D8%B7%D9%86%D9%8A%D8%A9\/1311125\/%D9%8A%D9%88%D9%85-%D8%BA%D8%B6%D8%A8-%D9%84%D8%AC%D8%A7%D9%85%D8%B9%D8%AA%D9%8A-%D8%A7%D9%84%D8%A3%D8%B3%D8%A7%D8%B3%D9%8A-%D9%88%D8%A7%D9%84%D8%AB%D8%A7%D9%86%D9%88%D9%8A-%D8%A3%D9%85%D8%A7%D9%85-%D9%88%D8%B2%D8%A7%D8%B1%D8%A9-%D8%A7%D9%84%D8%AA%D8%B1%D8%A8%D9%8A%D8%A9\" target=\"_blank\" rel=\"noreferrer noopener\">Mosa\u00efque FM<\/a>. <\/p>\n\n\n\n<p>Elle a \u00e9galement port\u00e9 sur le manque de personnel enseignant et l\u2019incertitude autour du sort des enseignants suppl\u00e9ants dont la r\u00e9gularisation, longtemps promise par les autorit\u00e9s, tarde \u00e0 \u00eatre mise en \u0153uvre, a d\u00e9clar\u00e9, de son c\u00f4t\u00e9, Taoufik Arfaoui, membre du syndicat de l\u2019enseignement secondaire, ajoutant que cette mobilisation vise \u00e0 faire respecter les accords sign\u00e9s depuis 2019 et non respect\u00e9s par les autorit\u00e9s et \u00e0 ouvrir des n\u00e9gociations sur les revendications ci-haut cit\u00e9es.<\/p>\n\n\n\n<p>En ce qui concerne les enseignants suppl\u00e9ments, dont certains sont sous contrats pr\u00e9caires depuis de nombreuses ann\u00e9es, on leur a fait miroiter, au plus haut niveau de l&rsquo;Etat, une r\u00e9gularisation de leur situation, c&rsquo;est-\u00e0-dire un emploi stable et digne, mais ils attendent toujours le respect de cette promesse. Certains sont \u00e2g\u00e9s de plus de 50 ans et se disent pi\u00e9g\u00e9s dans cette situation pr\u00e9caire depuis plus de vingt ans. <\/p>\n\n\n\n<p class=\"has-text-align-right\"><strong>I. B.<\/strong><\/p>\n\n\n\n<figure class=\"wp-block-embed is-type-wp-embed is-provider-kapitalis wp-block-embed-kapitalis\"><div class=\"wp-block-embed__wrapper\">\n<blockquote class=\"wp-embedded-content\" data-secret=\"PXxQsmOFF4\"><a href=\"https:\/\/kapitalis.com\/tunisie\/2024\/09\/11\/rentree-scolaire-7500-postes-denseignants-restent-a-pourvoir\/\">Rentr\u00e9e scolaire\u00a0: 7500 postes d\u2019enseignants restent \u00e0 pourvoir<\/a><\/blockquote><iframe loading=\"lazy\" class=\"wp-embedded-content\" sandbox=\"allow-scripts\" security=\"restricted\" style=\"position: absolute; visibility: hidden;\" title=\"\u00ab\u00a0Rentr\u00e9e scolaire\u00a0: 7500 postes d\u2019enseignants restent \u00e0 pourvoir\u00a0\u00bb &#8212; Kapitalis\" src=\"https:\/\/kapitalis.com\/tunisie\/2024\/09\/11\/rentree-scolaire-7500-postes-denseignants-restent-a-pourvoir\/embed\/#?secret=z2imUJgQ9C#?secret=PXxQsmOFF4\" data-secret=\"PXxQsmOFF4\" width=\"600\" height=\"338\" frameborder=\"0\" marginwidth=\"0\" marginheight=\"0\" scrolling=\"no\"><\/iframe>\n<\/div><\/figure>\n","protected":false},"excerpt":{"rendered":"<p>A quelques jours de la rentr\u00e9e scolaire, les enseignants ont manifest\u00e9 devant le minist\u00e8re de l&rsquo;Education \u00e0 Tunis.  <\/p>\n","protected":false},"author":8,"featured_media":13971773,"comment_status":"closed","ping_status":"open","sticky":false,"template":"","format":"standard","meta":{"footnotes":""},"categories":[998,2433],"tags":[72139,2005,5589,117890,76012,117891,62643,936],"class_list":["post-13971738","post","type-post","status-publish","format-standard","has-post-thumbnail","hentry","category-societe","category-tunisie","tag-enseignants-suppleants","tag-enseignement-de-base","tag-enseignement-secondaire","tag-journee-nationale-de-colere","tag-kais-saied-2","tag-taoufik-arfaoui","tag-tunisie","tag-ugtt"],"yoast_head":"<!-- This site is optimized with the Yoast SEO plugin v26.6 - https:\/\/yoast.com\/wordpress\/plugins\/seo\/ -->\n<title>Rentr\u00e9e scolaire\u00a0: les enseignants protestent \u00e0 Tunis \u00a0 - Kapitalis<\/title>\n<meta name=\"robots\" content=\"index, follow, max-snippet:-1, max-image-preview:large, max-video-preview:-1\" \/>\n<link rel=\"canonical\" href=\"https:\/\/kapitalis.com\/tunisie\/2024\/09\/11\/rentree-scolaire-les-enseignants-protestent-a-tunis\/\" \/>\n<meta property=\"og:locale\" content=\"fr_FR\" \/>\n<meta property=\"og:type\" content=\"article\" \/>\n<meta property=\"og:title\" content=\"Rentr\u00e9e scolaire\u00a0: les enseignants protestent \u00e0 Tunis \u00a0 - Kapitalis\" \/>\n<meta property=\"og:description\" content=\"A quelques jours de la rentr\u00e9e scolaire, les enseignants ont manifest\u00e9 devant le minist\u00e8re de l&#039;Education \u00e0 Tunis.\" \/>\n<meta property=\"og:url\" content=\"https:\/\/kapitalis.com\/tunisie\/2024\/09\/11\/rentree-scolaire-les-enseignants-protestent-a-tunis\/\" \/>\n<meta property=\"og:site_name\" content=\"Kapitalis\" \/>\n<meta property=\"article:publisher\" content=\"https:\/\/www.facebook.com\/KapitalisInfo\/\" \/>\n<meta property=\"article:published_time\" content=\"2024-09-11T10:57:47+00:00\" \/>\n<meta property=\"article:modified_time\" content=\"2024-09-11T11:31:26+00:00\" \/>\n<meta property=\"og:image\" content=\"https:\/\/kapitalis.com\/tunisie\/wp-content\/uploads\/2024\/09\/Manifestation-enseignants.jpg\" \/>\n\t<meta property=\"og:image:width\" content=\"1200\" \/>\n\t<meta property=\"og:image:height\" content=\"630\" \/>\n\t<meta property=\"og:image:type\" content=\"image\/jpeg\" \/>\n<meta name=\"author\" content=\"webmaster kapitalis\" \/>\n<meta name=\"twitter:card\" content=\"summary_large_image\" \/>\n<meta name=\"twitter:creator\" content=\"@KapitalisInfo\" \/>\n<meta name=\"twitter:site\" content=\"@KapitalisInfo\" \/>\n<meta name=\"twitter:label1\" content=\"\u00c9crit par\" \/>\n\t<meta name=\"twitter:data1\" content=\"webmaster kapitalis\" \/>\n\t<meta name=\"twitter:label2\" content=\"Dur\u00e9e de lecture estim\u00e9e\" \/>\n\t<meta name=\"twitter:data2\" content=\"2 minutes\" \/>\n<script type=\"application\/ld+json\" class=\"yoast-schema-graph\">{\"@context\":\"https:\/\/schema.org\",\"@graph\":[{\"@type\":\"Article\",\"@id\":\"https:\/\/kapitalis.com\/tunisie\/2024\/09\/11\/rentree-scolaire-les-enseignants-protestent-a-tunis\/#article\",\"isPartOf\":{\"@id\":\"https:\/\/kapitalis.com\/tunisie\/2024\/09\/11\/rentree-scolaire-les-enseignants-protestent-a-tunis\/\"},\"author\":{\"name\":\"webmaster kapitalis\",\"@id\":\"https:\/\/kapitalis.com\/tunisie\/#\/schema\/person\/d71f33a9ca44f7bad4698210b480c8e9\"},\"headline\":\"Rentr\u00e9e scolaire\u00a0: les enseignants protestent \u00e0 Tunis \u00a0\",\"datePublished\":\"2024-09-11T10:57:47+00:00\",\"dateModified\":\"2024-09-11T11:31:26+00:00\",\"mainEntityOfPage\":{\"@id\":\"https:\/\/kapitalis.com\/tunisie\/2024\/09\/11\/rentree-scolaire-les-enseignants-protestent-a-tunis\/\"},\"wordCount\":288,\"publisher\":{\"@id\":\"https:\/\/kapitalis.com\/tunisie\/#organization\"},\"image\":{\"@id\":\"https:\/\/kapitalis.com\/tunisie\/2024\/09\/11\/rentree-scolaire-les-enseignants-protestent-a-tunis\/#primaryimage\"},\"thumbnailUrl\":\"https:\/\/kapitalis.com\/tunisie\/wp-content\/uploads\/2024\/09\/Manifestation-enseignants.jpg\",\"keywords\":[\"enseignants suppl\u00e9ants\",\"enseignement de base\",\"enseignement secondaire\",\"journ\u00e9e nationale de col\u00e8re\",\"Ka\u00efs Sa\u00efed\",\"Taoufik Arfaoui\",\"Tunisie\",\"UGTT\"],\"articleSection\":[\"SOCIETE\",\"Tunisie\"],\"inLanguage\":\"fr-FR\"},{\"@type\":\"WebPage\",\"@id\":\"https:\/\/kapitalis.com\/tunisie\/2024\/09\/11\/rentree-scolaire-les-enseignants-protestent-a-tunis\/\",\"url\":\"https:\/\/kapitalis.com\/tunisie\/2024\/09\/11\/rentree-scolaire-les-enseignants-protestent-a-tunis\/\",\"name\":\"Rentr\u00e9e scolaire\u00a0: les enseignants protestent \u00e0 Tunis \u00a0 - Kapitalis\",\"isPartOf\":{\"@id\":\"https:\/\/kapitalis.com\/tunisie\/#website\"},\"primaryImageOfPage\":{\"@id\":\"https:\/\/kapitalis.com\/tunisie\/2024\/09\/11\/rentree-scolaire-les-enseignants-protestent-a-tunis\/#primaryimage\"},\"image\":{\"@id\":\"https:\/\/kapitalis.com\/tunisie\/2024\/09\/11\/rentree-scolaire-les-enseignants-protestent-a-tunis\/#primaryimage\"},\"thumbnailUrl\":\"https:\/\/kapitalis.com\/tunisie\/wp-content\/uploads\/2024\/09\/Manifestation-enseignants.jpg\",\"datePublished\":\"2024-09-11T10:57:47+00:00\",\"dateModified\":\"2024-09-11T11:31:26+00:00\",\"breadcrumb\":{\"@id\":\"https:\/\/kapitalis.com\/tunisie\/2024\/09\/11\/rentree-scolaire-les-enseignants-protestent-a-tunis\/#breadcrumb\"},\"inLanguage\":\"fr-FR\",\"potentialAction\":[{\"@type\":\"ReadAction\",\"target\":[\"https:\/\/kapitalis.com\/tunisie\/2024\/09\/11\/rentree-scolaire-les-enseignants-protestent-a-tunis\/\"]}]},{\"@type\":\"ImageObject\",\"inLanguage\":\"fr-FR\",\"@id\":\"https:\/\/kapitalis.com\/tunisie\/2024\/09\/11\/rentree-scolaire-les-enseignants-protestent-a-tunis\/#primaryimage\",\"url\":\"https:\/\/kapitalis.com\/tunisie\/wp-content\/uploads\/2024\/09\/Manifestation-enseignants.jpg\",\"contentUrl\":\"https:\/\/kapitalis.com\/tunisie\/wp-content\/uploads\/2024\/09\/Manifestation-enseignants.jpg\",\"width\":1200,\"height\":630},{\"@type\":\"BreadcrumbList\",\"@id\":\"https:\/\/kapitalis.com\/tunisie\/2024\/09\/11\/rentree-scolaire-les-enseignants-protestent-a-tunis\/#breadcrumb\",\"itemListElement\":[{\"@type\":\"ListItem\",\"position\":1,\"name\":\"Accueil\",\"item\":\"https:\/\/kapitalis.com\/tunisie\/\"},{\"@type\":\"ListItem\",\"position\":2,\"name\":\"Rentr\u00e9e scolaire\u00a0: les enseignants protestent \u00e0 Tunis \u00a0\"}]},{\"@type\":\"WebSite\",\"@id\":\"https:\/\/kapitalis.com\/tunisie\/#website\",\"url\":\"https:\/\/kapitalis.com\/tunisie\/\",\"name\":\"Kapitalis\",\"description\":\"L&#039;actualit\u00e9 en Tunisie et dans le monde\",\"publisher\":{\"@id\":\"https:\/\/kapitalis.com\/tunisie\/#organization\"},\"potentialAction\":[{\"@type\":\"SearchAction\",\"target\":{\"@type\":\"EntryPoint\",\"urlTemplate\":\"https:\/\/kapitalis.com\/tunisie\/?s={search_term_string}\"},\"query-input\":{\"@type\":\"PropertyValueSpecification\",\"valueRequired\":true,\"valueName\":\"search_term_string\"}}],\"inLanguage\":\"fr-FR\"},{\"@type\":\"Organization\",\"@id\":\"https:\/\/kapitalis.com\/tunisie\/#organization\",\"name\":\"Kapitalis\",\"url\":\"https:\/\/kapitalis.com\/tunisie\/\",\"logo\":{\"@type\":\"ImageObject\",\"inLanguage\":\"fr-FR\",\"@id\":\"https:\/\/kapitalis.com\/tunisie\/#\/schema\/logo\/image\/\",\"url\":\"https:\/\/kapitalis.com\/tunisie\/wp-content\/uploads\/2022\/05\/Kapitalis-big-size.png\",\"contentUrl\":\"https:\/\/kapitalis.com\/tunisie\/wp-content\/uploads\/2022\/05\/Kapitalis-big-size.png\",\"width\":5000,\"height\":1500,\"caption\":\"Kapitalis\"},\"image\":{\"@id\":\"https:\/\/kapitalis.com\/tunisie\/#\/schema\/logo\/image\/\"},\"sameAs\":[\"https:\/\/www.facebook.com\/KapitalisInfo\/\",\"https:\/\/x.com\/KapitalisInfo\",\"https:\/\/www.youtube.com\/channel\/UC-yDYrHyfFBWWZaOw3FPg9Q\"]},{\"@type\":\"Person\",\"@id\":\"https:\/\/kapitalis.com\/tunisie\/#\/schema\/person\/d71f33a9ca44f7bad4698210b480c8e9\",\"name\":\"webmaster kapitalis\",\"url\":\"https:\/\/kapitalis.com\/tunisie\/author\/webmaster-kapitalis\/\"}]}<\/script>\n<!-- \/ Yoast SEO plugin. -->","yoast_head_json":{"title":"Rentr\u00e9e scolaire\u00a0: les enseignants protestent \u00e0 Tunis \u00a0 - Kapitalis","robots":{"index":"index","follow":"follow","max-snippet":"max-snippet:-1","max-image-preview":"max-image-preview:large","max-video-preview":"max-video-preview:-1"},"canonical":"https:\/\/kapitalis.com\/tunisie\/2024\/09\/11\/rentree-scolaire-les-enseignants-protestent-a-tunis\/","og_locale":"fr_FR","og_type":"article","og_title":"Rentr\u00e9e scolaire\u00a0: les enseignants protestent \u00e0 Tunis \u00a0 - Kapitalis","og_description":"A quelques jours de la rentr\u00e9e scolaire, les enseignants ont manifest\u00e9 devant le minist\u00e8re de l'Education \u00e0 Tunis.","og_url":"https:\/\/kapitalis.com\/tunisie\/2024\/09\/11\/rentree-scolaire-les-enseignants-protestent-a-tunis\/","og_site_name":"Kapitalis","article_publisher":"https:\/\/www.facebook.com\/KapitalisInfo\/","article_published_time":"2024-09-11T10:57:47+00:00","article_modified_time":"2024-09-11T11:31:26+00:00","og_image":[{"width":1200,"height":630,"url":"https:\/\/kapitalis.com\/tunisie\/wp-content\/uploads\/2024\/09\/Manifestation-enseignants.jpg","type":"image\/jpeg"}],"author":"webmaster kapitalis","twitter_card":"summary_large_image","twitter_creator":"@KapitalisInfo","twitter_site":"@KapitalisInfo","twitter_misc":{"\u00c9crit par":"webmaster kapitalis","Dur\u00e9e de lecture estim\u00e9e":"2 minutes"},"schema":{"@context":"https:\/\/schema.org","@graph":[{"@type":"Article","@id":"https:\/\/kapitalis.com\/tunisie\/2024\/09\/11\/rentree-scolaire-les-enseignants-protestent-a-tunis\/#article","isPartOf":{"@id":"https:\/\/kapitalis.com\/tunisie\/2024\/09\/11\/rentree-scolaire-les-enseignants-protestent-a-tunis\/"},"author":{"name":"webmaster kapitalis","@id":"https:\/\/kapitalis.com\/tunisie\/#\/schema\/person\/d71f33a9ca44f7bad4698210b480c8e9"},"headline":"Rentr\u00e9e scolaire\u00a0: les enseignants protestent \u00e0 Tunis \u00a0","datePublished":"2024-09-11T10:57:47+00:00","dateModified":"2024-09-11T11:31:26+00:00","mainEntityOfPage":{"@id":"https:\/\/kapitalis.com\/tunisie\/2024\/09\/11\/rentree-scolaire-les-enseignants-protestent-a-tunis\/"},"wordCount":288,"publisher":{"@id":"https:\/\/kapitalis.com\/tunisie\/#organization"},"image":{"@id":"https:\/\/kapitalis.com\/tunisie\/2024\/09\/11\/rentree-scolaire-les-enseignants-protestent-a-tunis\/#primaryimage"},"thumbnailUrl":"https:\/\/kapitalis.com\/tunisie\/wp-content\/uploads\/2024\/09\/Manifestation-enseignants.jpg","keywords":["enseignants suppl\u00e9ants","enseignement de base","enseignement secondaire","journ\u00e9e nationale de col\u00e8re","Ka\u00efs Sa\u00efed","Taoufik Arfaoui","Tunisie","UGTT"],"articleSection":["SOCIETE","Tunisie"],"inLanguage":"fr-FR"},{"@type":"WebPage","@id":"https:\/\/kapitalis.com\/tunisie\/2024\/09\/11\/rentree-scolaire-les-enseignants-protestent-a-tunis\/","url":"https:\/\/kapitalis.com\/tunisie\/2024\/09\/11\/rentree-scolaire-les-enseignants-protestent-a-tunis\/","name":"Rentr\u00e9e scolaire\u00a0: les enseignants protestent \u00e0 Tunis \u00a0 - Kapitalis","isPartOf":{"@id":"https:\/\/kapitalis.com\/tunisie\/#website"},"primaryImageOfPage":{"@id":"https:\/\/kapitalis.com\/tunisie\/2024\/09\/11\/rentree-scolaire-les-enseignants-protestent-a-tunis\/#primaryimage"},"image":{"@id":"https:\/\/kapitalis.com\/tunisie\/2024\/09\/11\/rentree-scolaire-les-enseignants-protestent-a-tunis\/#primaryimage"},"thumbnailUrl":"https:\/\/kapitalis.com\/tunisie\/wp-content\/uploads\/2024\/09\/Manifestation-enseignants.jpg","datePublished":"2024-09-11T10:57:47+00:00","dateModified":"2024-09-11T11:31:26+00:00","breadcrumb":{"@id":"https:\/\/kapitalis.com\/tunisie\/2024\/09\/11\/rentree-scolaire-les-enseignants-protestent-a-tunis\/#breadcrumb"},"inLanguage":"fr-FR","potentialAction":[{"@type":"ReadAction","target":["https:\/\/kapitalis.com\/tunisie\/2024\/09\/11\/rentree-scolaire-les-enseignants-protestent-a-tunis\/"]}]},{"@type":"ImageObject","inLanguage":"fr-FR","@id":"https:\/\/kapitalis.com\/tunisie\/2024\/09\/11\/rentree-scolaire-les-enseignants-protestent-a-tunis\/#primaryimage","url":"https:\/\/kapitalis.com\/tunisie\/wp-content\/uploads\/2024\/09\/Manifestation-enseignants.jpg","contentUrl":"https:\/\/kapitalis.com\/tunisie\/wp-content\/uploads\/2024\/09\/Manifestation-enseignants.jpg","width":1200,"height":630},{"@type":"BreadcrumbList","@id":"https:\/\/kapitalis.com\/tunisie\/2024\/09\/11\/rentree-scolaire-les-enseignants-protestent-a-tunis\/#breadcrumb","itemListElement":[{"@type":"ListItem","position":1,"name":"Accueil","item":"https:\/\/kapitalis.com\/tunisie\/"},{"@type":"ListItem","position":2,"name":"Rentr\u00e9e scolaire\u00a0: les enseignants protestent \u00e0 Tunis \u00a0"}]},{"@type":"WebSite","@id":"https:\/\/kapitalis.com\/tunisie\/#website","url":"https:\/\/kapitalis.com\/tunisie\/","name":"Kapitalis","description":"L&#039;actualit\u00e9 en Tunisie et dans le monde","publisher":{"@id":"https:\/\/kapitalis.com\/tunisie\/#organization"},"potentialAction":[{"@type":"SearchAction","target":{"@type":"EntryPoint","urlTemplate":"https:\/\/kapitalis.com\/tunisie\/?s={search_term_string}"},"query-input":{"@type":"PropertyValueSpecification","valueRequired":true,"valueName":"search_term_string"}}],"inLanguage":"fr-FR"},{"@type":"Organization","@id":"https:\/\/kapitalis.com\/tunisie\/#organization","name":"Kapitalis","url":"https:\/\/kapitalis.com\/tunisie\/","logo":{"@type":"ImageObject","inLanguage":"fr-FR","@id":"https:\/\/kapitalis.com\/tunisie\/#\/schema\/logo\/image\/","url":"https:\/\/kapitalis.com\/tunisie\/wp-content\/uploads\/2022\/05\/Kapitalis-big-size.png","contentUrl":"https:\/\/kapitalis.com\/tunisie\/wp-content\/uploads\/2022\/05\/Kapitalis-big-size.png","width":5000,"height":1500,"caption":"Kapitalis"},"image":{"@id":"https:\/\/kapitalis.com\/tunisie\/#\/schema\/logo\/image\/"},"sameAs":["https:\/\/www.facebook.com\/KapitalisInfo\/","https:\/\/x.com\/KapitalisInfo","https:\/\/www.youtube.com\/channel\/UC-yDYrHyfFBWWZaOw3FPg9Q"]},{"@type":"Person","@id":"https:\/\/kapitalis.com\/tunisie\/#\/schema\/person\/d71f33a9ca44f7bad4698210b480c8e9","name":"webmaster kapitalis","url":"https:\/\/kapitalis.com\/tunisie\/author\/webmaster-kapitalis\/"}]}},"_links":{"self":[{"href":"https:\/\/kapitalis.com\/tunisie\/wp-json\/wp\/v2\/posts\/13971738","targetHints":{"allow":["GET"]}}],"collection":[{"href":"https:\/\/kapitalis.com\/tunisie\/wp-json\/wp\/v2\/posts"}],"about":[{"href":"https:\/\/kapitalis.com\/tunisie\/wp-json\/wp\/v2\/types\/post"}],"author":[{"embeddable":true,"href":"https:\/\/kapitalis.com\/tunisie\/wp-json\/wp\/v2\/users\/8"}],"replies":[{"embeddable":true,"href":"https:\/\/kapitalis.com\/tunisie\/wp-json\/wp\/v2\/comments?post=13971738"}],"version-history":[{"count":3,"href":"https:\/\/kapitalis.com\/tunisie\/wp-json\/wp\/v2\/posts\/13971738\/revisions"}],"predecessor-version":[{"id":13971919,"href":"https:\/\/kapitalis.com\/tunisie\/wp-json\/wp\/v2\/posts\/13971738\/revisions\/13971919"}],"wp:featuredmedia":[{"embeddable":true,"href":"https:\/\/kapitalis.com\/tunisie\/wp-json\/wp\/v2\/media\/13971773"}],"wp:attachment":[{"href":"https:\/\/kapitalis.com\/tunisie\/wp-json\/wp\/v2\/media?parent=13971738"}],"wp:term":[{"taxonomy":"category","embeddable":true,"href":"https:\/\/kapitalis.com\/tunisie\/wp-json\/wp\/v2\/categories?post=13971738"},{"taxonomy":"post_tag","embeddable":true,"href":"https:\/\/kapitalis.com\/tunisie\/wp-json\/wp\/v2\/tags?post=13971738"}],"curies":[{"name":"wp","href":"https:\/\/api.w.org\/{rel}","templated":true}]}}