{"id":13982076,"date":"2024-09-14T09:28:46","date_gmt":"2024-09-14T08:28:46","guid":{"rendered":"https:\/\/kapitalis.com\/tunisie\/?p=13982076"},"modified":"2024-09-14T09:28:48","modified_gmt":"2024-09-14T08:28:48","slug":"le-soudan-la-grande-tragedie-oubliee","status":"publish","type":"post","link":"https:\/\/kapitalis.com\/tunisie\/2024\/09\/14\/le-soudan-la-grande-tragedie-oubliee\/","title":{"rendered":"Le Soudan, la grande trag\u00e9die oubli\u00e9e"},"content":{"rendered":"\n<p><strong><em>Plus de 150 000 morts, plus de 10 millions de personnes condamn\u00e9s au d\u00e9placement forc\u00e9 sur une population de 49 millions, 25 millions en proie \u00e0 la famine et aux violences notamment sexuelles sur les mineurs. Les Soudanais subissent l\u2019horreur depuis 16 mois et pr\u00e9cis\u00e9ment depuis le 15 avril 2023 \u00e0 cause d\u2019une guerre pour le pouvoir qui s\u2019\u00e9ternise entre deux alli\u00e9s d\u2019hier devenus des ennemis irr\u00e9ductibles en l\u2019occurrence Abdel Fattah Al-Burhan qui dirige l\u2019arm\u00e9e r\u00e9guli\u00e8re, les Forces arm\u00e9es soudanaises (FAS), et Mohamed Hamdan Degalo qui dirige la puissante formation paramilitaire des Forces de soutien rapide (FSR). Une trag\u00e9die h\u00e9las oubli\u00e9e et qui ne b\u00e9n\u00e9ficie pas de l\u2019attention du monde.<\/em><\/strong>\u00a0(Illustration : la guerre civile au Soudan condamne 10 millions de personnes au d\u00e9placement forc\u00e9). <\/p>\n\n\n\n<p><strong>Imed Bahri<\/strong><\/p>\n\n\n\n<!--more-->\n\n\n\n<p>Sur ce conflit soudanais s\u2019est greff\u00e9 un conflit r\u00e9gional car les puissances r\u00e9gionales et internationales qui soutiennent l\u2019un des deux bellig\u00e9rants lorgnent les richesses de ce pays et en premier lieu l\u2019or.<\/p>\n\n\n\n<p>Le Soudan est devenu le th\u00e9\u00e2tre d\u2019une guerre par procuration pour des puissances cyniques et cupides qui n\u2019ont que faire de la trag\u00e9die insupportable et interminable du peuple soudanais.<\/p>\n\n\n\n<p><a href=\"https:\/\/www.ft.com\/content\/da1c7bd2-3ad9-4a06-8295-e746e4cd3f58\" target=\"_blank\" rel=\"noreferrer noopener\">The Financial Times<\/a> a publi\u00e9 un enqu\u00eate pr\u00e9par\u00e9e par Andres Schipani dans laquelle il affirme que la guerre civile au Soudan s\u2019est transform\u00e9e en un champ de bataille international dans lequel les pays se battent pour l\u2019influence et l\u2019exploitation des sources d\u2019or du Soudan et pour sa situation strat\u00e9gique.\u00a0<\/p>\n\n\n\n<p>Au d\u00e9but de l\u2019enqu\u00eate, Schipani a fait r\u00e9f\u00e9rence \u00e0 un gar\u00e7on de 15 ans rencontr\u00e9 dans la ville d\u2019Omdurman qui frissonnait chaque fois qu\u2019il entendait le bruit des coups de feu. Cette ann\u00e9e, il jouait au football sur un terrain lorsqu\u2019il a \u00e9t\u00e9 arr\u00eat\u00e9 par des miliciens affili\u00e9s aux FSR. Il a \u00e9t\u00e9 emprisonn\u00e9 avec plusieurs gar\u00e7ons de son \u00e2ge et ils ont \u00e9t\u00e9 exploit\u00e9s en \u00e9tant initialement utilis\u00e9s pour servir les combattants FSR comme laver et repasser leurs v\u00eatements et cirant leurs chaussures et apr\u00e8s ils ont \u00e9t\u00e9 viol\u00e9s. Ensuite, ils ont \u00e9t\u00e9 forc\u00e9s de se battre contre l\u2019arm\u00e9e soudanaise, ont re\u00e7u des stimulants et ont \u00e9t\u00e9 plac\u00e9s dans une voiture pour les emmener sur le champ de bataille du sud de Khartoum o\u00f9 ils ont pu \u00e9chapper \u00e0 une attaque surprise d\u2019un drone et l\u2019arm\u00e9e soudanaise les a arr\u00eat\u00e9s.<\/p>\n\n\n\n<p>Le gar\u00e7on, qui se trouve maintenant dans une maison s\u00fbre dans la ville d\u2019Omdurman, a d\u00e9clar\u00e9: <em>\u00abJ\u2019aurais aim\u00e9 que cette guerre n\u2019\u00e9clate pas\u00bb<\/em>. D\u2019autant qu\u2019elle s\u2019est transform\u00e9e, depuis le 15 avril 2023, en une guerre f\u00e9roce dans laquelle deux g\u00e9n\u00e9raux en d\u00e9saccord sur le pouvoir m\u00e8nent des combats fratricides&nbsp;: Al-Burhan et Dagalo, dit Hemedti, dont les forces sont accus\u00e9es d\u2019op\u00e9rations de nettoyage ethnique.<\/p>\n\n\n\n<h2 class=\"wp-block-heading\">Crimes de guerre<\/h2>\n\n\n\n<p>Les deux hommes s\u2019\u00e9taient associ\u00e9s pour renverser Omar Al-Bashir en 2019. Mais ils se disputent d\u00e9sormais le butin, alors que les responsables am\u00e9ricains estiment que la guerre a jusqu\u2019\u00e0 pr\u00e9sent tu\u00e9 plus de 150 000 personnes. Tous deux sont accus\u00e9s d\u2019avoir commis des crimes de guerre alors que les Nations Unies ont pr\u00e9venu que le Soudan \u00e9tait confront\u00e9 \u00e0 une crise sans pr\u00e9c\u00e9dent avec plus de 10 millions de personnes d\u00e9plac\u00e9es soit un cinqui\u00e8me de la population du pays.<\/p>\n\n\n\n<p>La moiti\u00e9 des 49 millions d\u2019habitants souffre de faim et d\u2019ins\u00e9curit\u00e9 alimentaire, les pires conditions que le pays ait connues depuis longtemps. Il s\u2019agit peut-\u00eatre de la guerre la plus d\u00e9vastatrice au monde et il n\u2019y a aucun signe d\u2019issue d\u00e9cisive ou de vainqueur clair, encore moins de r\u00e8glement pacifique. Outre les combattants des pays voisins, cette guerre a attir\u00e9 une s\u00e9rie d\u2019acteurs mondiaux et r\u00e9gionaux, chacun rivalisant d\u2019influence et de pouvoir dans un pays qui est l\u2019un des plus grands producteurs d\u2019or d\u2019Afrique.<\/p>\n\n\n\n<figure class=\"wp-block-embed is-type-wp-embed is-provider-kapitalis wp-block-embed-kapitalis\"><div class=\"wp-block-embed__wrapper\">\n<blockquote class=\"wp-embedded-content\" data-secret=\"QVgJtcuyGw\"><a href=\"https:\/\/kapitalis.com\/tunisie\/2024\/01\/07\/la-tunisie-face-a-lafflux-de-refugies-en-provenance-du-soudan\/\">La Tunisie face \u00e0 l\u2019afflux de r\u00e9fugi\u00e9s en provenance du Soudan<\/a><\/blockquote><iframe loading=\"lazy\" class=\"wp-embedded-content\" sandbox=\"allow-scripts\" security=\"restricted\" style=\"position: absolute; visibility: hidden;\" title=\"\u00ab\u00a0La Tunisie face \u00e0 l\u2019afflux de r\u00e9fugi\u00e9s en provenance du Soudan\u00a0\u00bb &#8212; Kapitalis\" src=\"https:\/\/kapitalis.com\/tunisie\/2024\/01\/07\/la-tunisie-face-a-lafflux-de-refugies-en-provenance-du-soudan\/embed\/#?secret=gtHJAx4enc#?secret=QVgJtcuyGw\" data-secret=\"QVgJtcuyGw\" width=\"600\" height=\"338\" frameborder=\"0\" marginwidth=\"0\" marginheight=\"0\" scrolling=\"no\"><\/iframe>\n<\/div><\/figure>\n\n\n\n<p><em>\u00abLa guerre dure depuis 16 mois et nous n\u2019en voyons pas la fin\u00bb<\/em>, d\u00e9clare Clementine Nkweta Salami, la coordinatrice humanitaire des Nations unies pour le Soudan. <em>\u00abCe que nous voyons, ce sont des combats, la faim et la maladie\u00bb<\/em>, ajoute-t-elle.<\/p>\n\n\n\n<p>Comme c\u2019est le cas dans les guerres en Afrique y compris celle dans l\u2019est de la R\u00e9publique d\u00e9mocratique du Congo, les \u00e9v\u00e9nements au Soudan ont continu\u00e9 \u00e0 se d\u00e9rouler sous le radar de l\u2019attention internationale. Les conflits en Ukraine et \u00e0 Gaza, &nbsp;qui sont des conflits strat\u00e9giques aux implications g\u00e9opolitiques \u00e9videntes, ont suscit\u00e9 des sentiments de solidarit\u00e9 et des protestations massives et il y a eu peu d\u2019inqui\u00e9tudes et de tensions \u00e0 propos du Soudan.<\/p>\n\n\n\n<p>Tout cela malgr\u00e9 le fait que les enjeux sont importants au Soudan notamment en raison de sa situation au bord de la mer Rouge, \u00e0 proximit\u00e9 du canal de Suez, le corridor commercial mondial.<\/p>\n\n\n\n<p>La Russie et les pays du Moyen-Orient sont accus\u00e9s d\u2019injecter de l\u2019argent et des armes dans cette guerre. Ahmed Othman Hamza, gouverneur de l\u2019\u00c9tat de Khartoum, d\u00e9clare:&nbsp;<em>\u00abLe 15 avril 2023 a tout chang\u00e9 au Soudan et cette guerre est contre le peuple\u00bb<\/em>. Les forces de Hemedti contr\u00f4lent d\u00e9sormais certaines zones de son principal fief au Darfour (\u00e0 l\u2019ouest et au sud-ouest du pays). Il a pris le contr\u00f4le de la plupart des zones autour de Khartoum l\u2019ann\u00e9e derni\u00e8re. La capitale est assi\u00e9g\u00e9e tandis qu\u2019Al-Burhan et ses forces se replient vers Port-Soudan situ\u00e9 \u00e0 670 kilom\u00e8tres au nord-est de Khartoum. 14 des 18 \u00c9tats du Soudan sont d\u00e9sormais en pleine guerre.<\/p>\n\n\n\n<h2 class=\"wp-block-heading\">Russes, Ukrainiens et Emiratis de la partie<\/h2>\n\n\n\n<p>Le <a href=\"https:\/\/www.ft.com\/content\/da1c7bd2-3ad9-4a06-8295-e746e4cd3f58\" target=\"_blank\" rel=\"noreferrer noopener\"><em>FT<\/em> <\/a>estime que le contexte g\u00e9opolitique de cette guerre est complexe. Tandis que des pilotes ukrainiens \u00e0 la retraite sirotent du jus de mangue et mangent du homard \u00e0 Port-Soudan aux c\u00f4t\u00e9s des dirigeants des forces arm\u00e9es soudanaises, des tireurs d\u2019\u00e9lite russes entra\u00eenent \u00e9galement l\u2019arm\u00e9e de Burhan, selon des officiers des renseignements soudanais.<\/p>\n\n\n\n<p>Pendant ce temps, des g\u00e9n\u00e9raux soudanais affirment que les FSR ont recrut\u00e9 des mercenaires en provenance de R\u00e9publique centrafricaine, du Tchad et du Soudan du Sud. Des rapports r\u00e9cents publi\u00e9s par Amnesty International et Human Rights Watch indiquent que le nombre d\u2019armes fabriqu\u00e9es par plusieurs pays tels que la Chine, l\u2019Iran, la Turquie, la Russie et les \u00c9mirats arabes unis augmente au milieu d\u2019appels croissants en faveur d\u2019un \u00e9largissement de l\u2019embargo sur les armes.<\/p>\n\n\n\n<p>Les responsables de Port-Soudan confirment que le financement de la machine militaire des forces arm\u00e9es soudanaises provient en partie des exportations d\u2019or en plus de ce qui reste des \u00e9normes soci\u00e9t\u00e9s commerciales affili\u00e9es \u00e0 l\u2019arm\u00e9e.<\/p>\n\n\n\n<p>Tout cela est soutenu par les approvisionnements en p\u00e9trole russes puisque Moscou a envoy\u00e9 huit cargaisons de produits p\u00e9troliers, pour la plupart du diesel, depuis le d\u00e9but de la guerre. Les experts de l\u2019Onu estiment que les RSF est soutenue par les activit\u00e9s de Hemedti dans le commerce de l\u2019or et par les \u00c9mirats arabes unis.<\/p>\n\n\n\n<p>Un comit\u00e9 de l\u2019Onu a pr\u00e9sent\u00e9 ce qu\u2019il a qualifi\u00e9 de preuves <em>\u00abcr\u00e9dibles\u00bb<\/em> selon lesquelles Abou Dhabi fournissait des armes au Soudan. Ce sont des all\u00e9gations que les \u00c9mirats rejettent fermement affirmant qu\u2019ils ont \u00e0 une position neutre sur la guerre et que ce qui est dit sur leur soutien aux FSR est sans fondement et vise \u00e0 d\u00e9tourner l\u2019attention des questions fondamentales.<\/p>\n\n\n\n<p>Les observateurs internationaux estiment que le soutien des \u00c9mirats \u00e0 Hemedti est motiv\u00e9 par des soup\u00e7ons \u00e0 l\u2019\u00e9gard d\u2019Al-Burhan selon lesquels il serait proche des islamistes, lesquels \u00e9taient dominants durant l\u2019\u00e8re Al-Bashir. <em>\u00abLes \u00c9mirats arabes unis consid\u00e8rent les Fr\u00e8res musulmans comme un acteur important au Soudan et c\u2019est ce qui les motive\u00bb<\/em>, explique un haut diplomate \u00e9tranger.<\/p>\n\n\n\n<figure class=\"wp-block-embed is-type-wp-embed is-provider-kapitalis wp-block-embed-kapitalis\"><div class=\"wp-block-embed__wrapper\">\n<blockquote class=\"wp-embedded-content\" data-secret=\"L0mVcSyDYI\"><a href=\"https:\/\/kapitalis.com\/tunisie\/2023\/06\/19\/tunis-condamne-fermement-le-pillage-de-la-residence-de-son-ambassadeur-au-soudan\/\">Tunis condamne fermement le pillage de la r\u00e9sidence de son ambassadeur au Soudan<\/a><\/blockquote><iframe loading=\"lazy\" class=\"wp-embedded-content\" sandbox=\"allow-scripts\" security=\"restricted\" style=\"position: absolute; visibility: hidden;\" title=\"\u00ab\u00a0Tunis condamne fermement le pillage de la r\u00e9sidence de son ambassadeur au Soudan\u00a0\u00bb &#8212; Kapitalis\" src=\"https:\/\/kapitalis.com\/tunisie\/2023\/06\/19\/tunis-condamne-fermement-le-pillage-de-la-residence-de-son-ambassadeur-au-soudan\/embed\/#?secret=pptdegTDif#?secret=L0mVcSyDYI\" data-secret=\"L0mVcSyDYI\" width=\"600\" height=\"338\" frameborder=\"0\" marginwidth=\"0\" marginheight=\"0\" scrolling=\"no\"><\/iframe>\n<\/div><\/figure>\n\n\n\n<p>La guerre a mis en danger les ressources du Soudan, fait d\u00e9railler le programme de r\u00e9formes soutenu par le FMI et affaibli la capacit\u00e9 de Khartoum \u00e0 rembourser ses cr\u00e9anciers y compris la Chine \u00e0 un moment o\u00f9 le pays n\u00e9gociait un all\u00e8gement de sa dette.<\/p>\n\n\n\n<p>L\u2019\u00e9conomie soudanaise a connu un d\u00e9clin de 40 % l\u2019an pass\u00e9 selon les estimations de Jibril Ibrahim, ministre des Finances des institutions contr\u00f4l\u00e9es par Al-Burhan. Le Soudan est non seulement le plus grand producteur d\u2019or d\u2019Afrique mais il poss\u00e8de \u00e9galement des ressources qui ne sont pas disponibles dans d\u2019autres pays notamment des zones de terres arables le long du Nil. Plus important encore, sa c\u00f4te s\u2019\u00e9tend sur 750 kilom\u00e8tres le long de la mer Rouge jusqu\u2019au canal de Suez o\u00f9 des pays comme l\u2019Iran, la Russie et les \u00c9mirats rivalisent pour prendre pied.<\/p>\n\n\n\n<p>Apr\u00e8s le renversement d\u2019Al-Bashir qui continuait d\u2019osciller entre l\u2019Iran et l\u2019Arabie saoudite, Al-Burhan a renforc\u00e9 ses relations avec les \u00c9mirats, l\u2019Arabie saoudite et l\u2019\u00c9gypte et est m\u00eame parvenu \u00e0 un rapprochement avec Isra\u00ebl. Lorsque le dernier conflit a \u00e9clat\u00e9, Al-Burhan a commenc\u00e9 \u00e0 chercher des alli\u00e9s et les g\u00e9n\u00e9raux ont r\u00e9tabli les relations avec T\u00e9h\u00e9ran qui a mis des drones \u00e0 la disposition de l\u2019arm\u00e9e soudanaise. Un diplomate occidental commente: <em>\u00abIl s\u2019agit d\u00e9sormais d\u2019une guerre au Moyen-Orient qui se d\u00e9roule en Afrique.\u00bb<\/em><\/p>\n\n\n\n<p>Alors que les mercenaires russes du groupe Wagner fournissaient auparavant soutien et formation aux forces FSR de Hemedti, les Russes sont actuellement favorables \u00e0 Burhan.<\/p>\n\n\n\n<p>Les chefs militaires soudanais et les responsables russes parlent de relancer les projets visant \u00e0 permettre l\u2019\u00e9tablissement d\u2019une base navale russe sur la mer Rouge. Suleiman Baldo du Centre soudanais pour la transparence et le suivi politique d\u00e9clare: <em>\u00abLes \u00c9mirats arabes unis, l\u2019Arabie saoudite, l\u2019Iran et la Russie veulent prendre pied au Soudan et&nbsp; la Russie veut l\u2019or soudanais\u00bb<\/em>.<\/p>\n\n\n\n<h2 class=\"wp-block-heading\">Accusations contre les deux camps<\/h2>\n\n\n\n<p>L\u2019envoy\u00e9 am\u00e9ricain pour le&nbsp; Soudan Tom Perello a appel\u00e9 les pays et les forces jouant un r\u00f4le n\u00e9gatif en versant de l\u2019huile sur le conflit soudanais \u00e0 cesser d\u2019alimenter la guerre et d\u2019armer les bellig\u00e9rants. La guerre a d\u00e9clench\u00e9 des massacres qui ont conduit les organisations p\u00e9nales internationales \u00e0 ouvrir des enqu\u00eates \u00e0 leur sujet. Les combattants des FSR sont accus\u00e9s d\u2019avoir commis des massacres dans la guerre actuelle tout comme les Janjawids ont commis avant eux des massacres au Darfour au d\u00e9but de ce si\u00e8cle.<\/p>\n\n\n\n<p>Le<a href=\"https:\/\/www.ft.com\/content\/da1c7bd2-3ad9-4a06-8295-e746e4cd3f58\" target=\"_blank\" rel=\"noreferrer noopener\"> <em>FT <\/em><\/a>a rapport\u00e9 qu\u2019une jeune fille de 16 ans avait \u00e9t\u00e9 kidnapp\u00e9e au d\u00e9but de l\u2019ann\u00e9e \u00e0 Omdurman. Elle a d\u00e9clar\u00e9 que les combattants de FSR l\u2019avaient ligot\u00e9e, battue et viol\u00e9e \u00e0 plusieurs reprises. Le bruit de la torture a \u00e9t\u00e9 enregistr\u00e9 pour son fr\u00e8re qui a \u00e9t\u00e9 arr\u00eat\u00e9 pour collaboration avec l\u2019arm\u00e9e et elle ne l\u2019a jamais revu. Cependant, les deux camps sont accus\u00e9s de violations selon le Conseil des droits de l\u2019homme des Nations Unies.<\/p>\n\n\n\n<p>En d\u00e9pit des accusations principalement port\u00e9es contre les FSR, l\u2019arm\u00e9e soudanaise est accus\u00e9e d\u2019attaques contre des civils, des \u00e9coles, des h\u00f4pitaux et d\u2019autres infrastructures. Le procureur g\u00e9n\u00e9ral associ\u00e9 au gouvernement militaire, Al-Fatih Muhammad Issa Tayfour, a confirm\u00e9 que les FSR sont responsables de la majorit\u00e9 des massacres. Un homme d\u2019affaires soudanais a d\u00e9clar\u00e9 \u00e0 leur propos: <em>\u00abCe qui se passe au Soudan ne s\u2019est pas produit depuis le Moyen \u00c2ge et il y a eu plusieurs guerres et guerres civiles dans le monde mais personne n\u2019a fait ce que ces hommes ont fait de mani\u00e8re r\u00e9fl\u00e9chie.\u00bb<\/em><\/p>\n","protected":false},"excerpt":{"rendered":"<p>La guerre civile au Soudan a fait plus de 150 000 morts et condamne plus de 10 millions de personnes au d\u00e9placement forc\u00e9. <\/p>\n","protected":false},"author":8,"featured_media":13982136,"comment_status":"closed","ping_status":"open","sticky":false,"template":"","format":"standard","meta":{"footnotes":""},"categories":[992,997,2433],"tags":[117918,76259,1859,20703,9954,117919,117921,117920,9953],"class_list":["post-13982076","post","type-post","status-publish","format-standard","has-post-thumbnail","hentry","category-a-la-une","category-politique","category-tunisie","tag-abdel-fattah-al-burhan","tag-darfour","tag-freres-musulmans","tag-guerre-civile","tag-khartoum","tag-mohamed-hamdan-degalo","tag-omar-al-bashir","tag-omdurman","tag-soudan"],"yoast_head":"<!-- This site is optimized with the Yoast SEO plugin v26.6 - https:\/\/yoast.com\/wordpress\/plugins\/seo\/ -->\n<title>Le Soudan, la grande trag\u00e9die oubli\u00e9e - Kapitalis<\/title>\n<meta name=\"robots\" content=\"index, follow, max-snippet:-1, max-image-preview:large, max-video-preview:-1\" \/>\n<link rel=\"canonical\" href=\"https:\/\/kapitalis.com\/tunisie\/2024\/09\/14\/le-soudan-la-grande-tragedie-oubliee\/\" \/>\n<meta property=\"og:locale\" content=\"fr_FR\" \/>\n<meta property=\"og:type\" content=\"article\" \/>\n<meta property=\"og:title\" content=\"Le Soudan, la grande trag\u00e9die oubli\u00e9e - Kapitalis\" \/>\n<meta property=\"og:description\" content=\"La guerre civile au Soudan a fait plus de 150 000 morts et condamne plus de 10 millions de personnes au d\u00e9placement forc\u00e9.\" \/>\n<meta property=\"og:url\" content=\"https:\/\/kapitalis.com\/tunisie\/2024\/09\/14\/le-soudan-la-grande-tragedie-oubliee\/\" \/>\n<meta property=\"og:site_name\" content=\"Kapitalis\" \/>\n<meta property=\"article:publisher\" content=\"https:\/\/www.facebook.com\/KapitalisInfo\/\" \/>\n<meta property=\"article:published_time\" content=\"2024-09-14T08:28:46+00:00\" \/>\n<meta property=\"article:modified_time\" content=\"2024-09-14T08:28:48+00:00\" \/>\n<meta property=\"og:image\" content=\"https:\/\/kapitalis.com\/tunisie\/wp-content\/uploads\/2024\/09\/Soudan-deplaces.jpg\" \/>\n\t<meta property=\"og:image:width\" content=\"1200\" \/>\n\t<meta property=\"og:image:height\" content=\"630\" \/>\n\t<meta property=\"og:image:type\" content=\"image\/jpeg\" \/>\n<meta name=\"author\" content=\"webmaster kapitalis\" \/>\n<meta name=\"twitter:card\" content=\"summary_large_image\" \/>\n<meta name=\"twitter:creator\" content=\"@KapitalisInfo\" \/>\n<meta name=\"twitter:site\" content=\"@KapitalisInfo\" \/>\n<meta name=\"twitter:label1\" content=\"\u00c9crit par\" \/>\n\t<meta name=\"twitter:data1\" content=\"webmaster kapitalis\" \/>\n\t<meta name=\"twitter:label2\" content=\"Dur\u00e9e de lecture estim\u00e9e\" \/>\n\t<meta name=\"twitter:data2\" content=\"10 minutes\" \/>\n<script type=\"application\/ld+json\" class=\"yoast-schema-graph\">{\"@context\":\"https:\/\/schema.org\",\"@graph\":[{\"@type\":\"Article\",\"@id\":\"https:\/\/kapitalis.com\/tunisie\/2024\/09\/14\/le-soudan-la-grande-tragedie-oubliee\/#article\",\"isPartOf\":{\"@id\":\"https:\/\/kapitalis.com\/tunisie\/2024\/09\/14\/le-soudan-la-grande-tragedie-oubliee\/\"},\"author\":{\"name\":\"webmaster kapitalis\",\"@id\":\"https:\/\/kapitalis.com\/tunisie\/#\/schema\/person\/d71f33a9ca44f7bad4698210b480c8e9\"},\"headline\":\"Le Soudan, la grande trag\u00e9die oubli\u00e9e\",\"datePublished\":\"2024-09-14T08:28:46+00:00\",\"dateModified\":\"2024-09-14T08:28:48+00:00\",\"mainEntityOfPage\":{\"@id\":\"https:\/\/kapitalis.com\/tunisie\/2024\/09\/14\/le-soudan-la-grande-tragedie-oubliee\/\"},\"wordCount\":2036,\"publisher\":{\"@id\":\"https:\/\/kapitalis.com\/tunisie\/#organization\"},\"image\":{\"@id\":\"https:\/\/kapitalis.com\/tunisie\/2024\/09\/14\/le-soudan-la-grande-tragedie-oubliee\/#primaryimage\"},\"thumbnailUrl\":\"https:\/\/kapitalis.com\/tunisie\/wp-content\/uploads\/2024\/09\/Soudan-deplaces.jpg\",\"keywords\":[\"Abdel Fattah Al-Burhan\",\"Darfour\",\"Fr\u00e8res musulmans\",\"guerre civile\",\"Khartoum\",\"Mohamed Hamdan Degalo\",\"Omar Al-Bashir\",\"Omdurman\",\"Soudan\"],\"articleSection\":[\"A LA UNE\",\"POLITIQUE\",\"Tunisie\"],\"inLanguage\":\"fr-FR\"},{\"@type\":\"WebPage\",\"@id\":\"https:\/\/kapitalis.com\/tunisie\/2024\/09\/14\/le-soudan-la-grande-tragedie-oubliee\/\",\"url\":\"https:\/\/kapitalis.com\/tunisie\/2024\/09\/14\/le-soudan-la-grande-tragedie-oubliee\/\",\"name\":\"Le Soudan, la grande trag\u00e9die oubli\u00e9e - Kapitalis\",\"isPartOf\":{\"@id\":\"https:\/\/kapitalis.com\/tunisie\/#website\"},\"primaryImageOfPage\":{\"@id\":\"https:\/\/kapitalis.com\/tunisie\/2024\/09\/14\/le-soudan-la-grande-tragedie-oubliee\/#primaryimage\"},\"image\":{\"@id\":\"https:\/\/kapitalis.com\/tunisie\/2024\/09\/14\/le-soudan-la-grande-tragedie-oubliee\/#primaryimage\"},\"thumbnailUrl\":\"https:\/\/kapitalis.com\/tunisie\/wp-content\/uploads\/2024\/09\/Soudan-deplaces.jpg\",\"datePublished\":\"2024-09-14T08:28:46+00:00\",\"dateModified\":\"2024-09-14T08:28:48+00:00\",\"breadcrumb\":{\"@id\":\"https:\/\/kapitalis.com\/tunisie\/2024\/09\/14\/le-soudan-la-grande-tragedie-oubliee\/#breadcrumb\"},\"inLanguage\":\"fr-FR\",\"potentialAction\":[{\"@type\":\"ReadAction\",\"target\":[\"https:\/\/kapitalis.com\/tunisie\/2024\/09\/14\/le-soudan-la-grande-tragedie-oubliee\/\"]}]},{\"@type\":\"ImageObject\",\"inLanguage\":\"fr-FR\",\"@id\":\"https:\/\/kapitalis.com\/tunisie\/2024\/09\/14\/le-soudan-la-grande-tragedie-oubliee\/#primaryimage\",\"url\":\"https:\/\/kapitalis.com\/tunisie\/wp-content\/uploads\/2024\/09\/Soudan-deplaces.jpg\",\"contentUrl\":\"https:\/\/kapitalis.com\/tunisie\/wp-content\/uploads\/2024\/09\/Soudan-deplaces.jpg\",\"width\":1200,\"height\":630},{\"@type\":\"BreadcrumbList\",\"@id\":\"https:\/\/kapitalis.com\/tunisie\/2024\/09\/14\/le-soudan-la-grande-tragedie-oubliee\/#breadcrumb\",\"itemListElement\":[{\"@type\":\"ListItem\",\"position\":1,\"name\":\"Accueil\",\"item\":\"https:\/\/kapitalis.com\/tunisie\/\"},{\"@type\":\"ListItem\",\"position\":2,\"name\":\"Le Soudan, la grande trag\u00e9die oubli\u00e9e\"}]},{\"@type\":\"WebSite\",\"@id\":\"https:\/\/kapitalis.com\/tunisie\/#website\",\"url\":\"https:\/\/kapitalis.com\/tunisie\/\",\"name\":\"Kapitalis\",\"description\":\"L&#039;actualit\u00e9 en Tunisie et dans le monde\",\"publisher\":{\"@id\":\"https:\/\/kapitalis.com\/tunisie\/#organization\"},\"potentialAction\":[{\"@type\":\"SearchAction\",\"target\":{\"@type\":\"EntryPoint\",\"urlTemplate\":\"https:\/\/kapitalis.com\/tunisie\/?s={search_term_string}\"},\"query-input\":{\"@type\":\"PropertyValueSpecification\",\"valueRequired\":true,\"valueName\":\"search_term_string\"}}],\"inLanguage\":\"fr-FR\"},{\"@type\":\"Organization\",\"@id\":\"https:\/\/kapitalis.com\/tunisie\/#organization\",\"name\":\"Kapitalis\",\"url\":\"https:\/\/kapitalis.com\/tunisie\/\",\"logo\":{\"@type\":\"ImageObject\",\"inLanguage\":\"fr-FR\",\"@id\":\"https:\/\/kapitalis.com\/tunisie\/#\/schema\/logo\/image\/\",\"url\":\"https:\/\/kapitalis.com\/tunisie\/wp-content\/uploads\/2022\/05\/Kapitalis-big-size.png\",\"contentUrl\":\"https:\/\/kapitalis.com\/tunisie\/wp-content\/uploads\/2022\/05\/Kapitalis-big-size.png\",\"width\":5000,\"height\":1500,\"caption\":\"Kapitalis\"},\"image\":{\"@id\":\"https:\/\/kapitalis.com\/tunisie\/#\/schema\/logo\/image\/\"},\"sameAs\":[\"https:\/\/www.facebook.com\/KapitalisInfo\/\",\"https:\/\/x.com\/KapitalisInfo\",\"https:\/\/www.youtube.com\/channel\/UC-yDYrHyfFBWWZaOw3FPg9Q\"]},{\"@type\":\"Person\",\"@id\":\"https:\/\/kapitalis.com\/tunisie\/#\/schema\/person\/d71f33a9ca44f7bad4698210b480c8e9\",\"name\":\"webmaster kapitalis\",\"url\":\"https:\/\/kapitalis.com\/tunisie\/author\/webmaster-kapitalis\/\"}]}<\/script>\n<!-- \/ Yoast SEO plugin. -->","yoast_head_json":{"title":"Le Soudan, la grande trag\u00e9die oubli\u00e9e - Kapitalis","robots":{"index":"index","follow":"follow","max-snippet":"max-snippet:-1","max-image-preview":"max-image-preview:large","max-video-preview":"max-video-preview:-1"},"canonical":"https:\/\/kapitalis.com\/tunisie\/2024\/09\/14\/le-soudan-la-grande-tragedie-oubliee\/","og_locale":"fr_FR","og_type":"article","og_title":"Le Soudan, la grande trag\u00e9die oubli\u00e9e - Kapitalis","og_description":"La guerre civile au Soudan a fait plus de 150 000 morts et condamne plus de 10 millions de personnes au d\u00e9placement forc\u00e9.","og_url":"https:\/\/kapitalis.com\/tunisie\/2024\/09\/14\/le-soudan-la-grande-tragedie-oubliee\/","og_site_name":"Kapitalis","article_publisher":"https:\/\/www.facebook.com\/KapitalisInfo\/","article_published_time":"2024-09-14T08:28:46+00:00","article_modified_time":"2024-09-14T08:28:48+00:00","og_image":[{"width":1200,"height":630,"url":"https:\/\/kapitalis.com\/tunisie\/wp-content\/uploads\/2024\/09\/Soudan-deplaces.jpg","type":"image\/jpeg"}],"author":"webmaster kapitalis","twitter_card":"summary_large_image","twitter_creator":"@KapitalisInfo","twitter_site":"@KapitalisInfo","twitter_misc":{"\u00c9crit par":"webmaster kapitalis","Dur\u00e9e de lecture estim\u00e9e":"10 minutes"},"schema":{"@context":"https:\/\/schema.org","@graph":[{"@type":"Article","@id":"https:\/\/kapitalis.com\/tunisie\/2024\/09\/14\/le-soudan-la-grande-tragedie-oubliee\/#article","isPartOf":{"@id":"https:\/\/kapitalis.com\/tunisie\/2024\/09\/14\/le-soudan-la-grande-tragedie-oubliee\/"},"author":{"name":"webmaster kapitalis","@id":"https:\/\/kapitalis.com\/tunisie\/#\/schema\/person\/d71f33a9ca44f7bad4698210b480c8e9"},"headline":"Le Soudan, la grande trag\u00e9die oubli\u00e9e","datePublished":"2024-09-14T08:28:46+00:00","dateModified":"2024-09-14T08:28:48+00:00","mainEntityOfPage":{"@id":"https:\/\/kapitalis.com\/tunisie\/2024\/09\/14\/le-soudan-la-grande-tragedie-oubliee\/"},"wordCount":2036,"publisher":{"@id":"https:\/\/kapitalis.com\/tunisie\/#organization"},"image":{"@id":"https:\/\/kapitalis.com\/tunisie\/2024\/09\/14\/le-soudan-la-grande-tragedie-oubliee\/#primaryimage"},"thumbnailUrl":"https:\/\/kapitalis.com\/tunisie\/wp-content\/uploads\/2024\/09\/Soudan-deplaces.jpg","keywords":["Abdel Fattah Al-Burhan","Darfour","Fr\u00e8res musulmans","guerre civile","Khartoum","Mohamed Hamdan Degalo","Omar Al-Bashir","Omdurman","Soudan"],"articleSection":["A LA UNE","POLITIQUE","Tunisie"],"inLanguage":"fr-FR"},{"@type":"WebPage","@id":"https:\/\/kapitalis.com\/tunisie\/2024\/09\/14\/le-soudan-la-grande-tragedie-oubliee\/","url":"https:\/\/kapitalis.com\/tunisie\/2024\/09\/14\/le-soudan-la-grande-tragedie-oubliee\/","name":"Le Soudan, la grande trag\u00e9die oubli\u00e9e - Kapitalis","isPartOf":{"@id":"https:\/\/kapitalis.com\/tunisie\/#website"},"primaryImageOfPage":{"@id":"https:\/\/kapitalis.com\/tunisie\/2024\/09\/14\/le-soudan-la-grande-tragedie-oubliee\/#primaryimage"},"image":{"@id":"https:\/\/kapitalis.com\/tunisie\/2024\/09\/14\/le-soudan-la-grande-tragedie-oubliee\/#primaryimage"},"thumbnailUrl":"https:\/\/kapitalis.com\/tunisie\/wp-content\/uploads\/2024\/09\/Soudan-deplaces.jpg","datePublished":"2024-09-14T08:28:46+00:00","dateModified":"2024-09-14T08:28:48+00:00","breadcrumb":{"@id":"https:\/\/kapitalis.com\/tunisie\/2024\/09\/14\/le-soudan-la-grande-tragedie-oubliee\/#breadcrumb"},"inLanguage":"fr-FR","potentialAction":[{"@type":"ReadAction","target":["https:\/\/kapitalis.com\/tunisie\/2024\/09\/14\/le-soudan-la-grande-tragedie-oubliee\/"]}]},{"@type":"ImageObject","inLanguage":"fr-FR","@id":"https:\/\/kapitalis.com\/tunisie\/2024\/09\/14\/le-soudan-la-grande-tragedie-oubliee\/#primaryimage","url":"https:\/\/kapitalis.com\/tunisie\/wp-content\/uploads\/2024\/09\/Soudan-deplaces.jpg","contentUrl":"https:\/\/kapitalis.com\/tunisie\/wp-content\/uploads\/2024\/09\/Soudan-deplaces.jpg","width":1200,"height":630},{"@type":"BreadcrumbList","@id":"https:\/\/kapitalis.com\/tunisie\/2024\/09\/14\/le-soudan-la-grande-tragedie-oubliee\/#breadcrumb","itemListElement":[{"@type":"ListItem","position":1,"name":"Accueil","item":"https:\/\/kapitalis.com\/tunisie\/"},{"@type":"ListItem","position":2,"name":"Le Soudan, la grande trag\u00e9die oubli\u00e9e"}]},{"@type":"WebSite","@id":"https:\/\/kapitalis.com\/tunisie\/#website","url":"https:\/\/kapitalis.com\/tunisie\/","name":"Kapitalis","description":"L&#039;actualit\u00e9 en Tunisie et dans le monde","publisher":{"@id":"https:\/\/kapitalis.com\/tunisie\/#organization"},"potentialAction":[{"@type":"SearchAction","target":{"@type":"EntryPoint","urlTemplate":"https:\/\/kapitalis.com\/tunisie\/?s={search_term_string}"},"query-input":{"@type":"PropertyValueSpecification","valueRequired":true,"valueName":"search_term_string"}}],"inLanguage":"fr-FR"},{"@type":"Organization","@id":"https:\/\/kapitalis.com\/tunisie\/#organization","name":"Kapitalis","url":"https:\/\/kapitalis.com\/tunisie\/","logo":{"@type":"ImageObject","inLanguage":"fr-FR","@id":"https:\/\/kapitalis.com\/tunisie\/#\/schema\/logo\/image\/","url":"https:\/\/kapitalis.com\/tunisie\/wp-content\/uploads\/2022\/05\/Kapitalis-big-size.png","contentUrl":"https:\/\/kapitalis.com\/tunisie\/wp-content\/uploads\/2022\/05\/Kapitalis-big-size.png","width":5000,"height":1500,"caption":"Kapitalis"},"image":{"@id":"https:\/\/kapitalis.com\/tunisie\/#\/schema\/logo\/image\/"},"sameAs":["https:\/\/www.facebook.com\/KapitalisInfo\/","https:\/\/x.com\/KapitalisInfo","https:\/\/www.youtube.com\/channel\/UC-yDYrHyfFBWWZaOw3FPg9Q"]},{"@type":"Person","@id":"https:\/\/kapitalis.com\/tunisie\/#\/schema\/person\/d71f33a9ca44f7bad4698210b480c8e9","name":"webmaster kapitalis","url":"https:\/\/kapitalis.com\/tunisie\/author\/webmaster-kapitalis\/"}]}},"_links":{"self":[{"href":"https:\/\/kapitalis.com\/tunisie\/wp-json\/wp\/v2\/posts\/13982076","targetHints":{"allow":["GET"]}}],"collection":[{"href":"https:\/\/kapitalis.com\/tunisie\/wp-json\/wp\/v2\/posts"}],"about":[{"href":"https:\/\/kapitalis.com\/tunisie\/wp-json\/wp\/v2\/types\/post"}],"author":[{"embeddable":true,"href":"https:\/\/kapitalis.com\/tunisie\/wp-json\/wp\/v2\/users\/8"}],"replies":[{"embeddable":true,"href":"https:\/\/kapitalis.com\/tunisie\/wp-json\/wp\/v2\/comments?post=13982076"}],"version-history":[{"count":1,"href":"https:\/\/kapitalis.com\/tunisie\/wp-json\/wp\/v2\/posts\/13982076\/revisions"}],"predecessor-version":[{"id":13982156,"href":"https:\/\/kapitalis.com\/tunisie\/wp-json\/wp\/v2\/posts\/13982076\/revisions\/13982156"}],"wp:featuredmedia":[{"embeddable":true,"href":"https:\/\/kapitalis.com\/tunisie\/wp-json\/wp\/v2\/media\/13982136"}],"wp:attachment":[{"href":"https:\/\/kapitalis.com\/tunisie\/wp-json\/wp\/v2\/media?parent=13982076"}],"wp:term":[{"taxonomy":"category","embeddable":true,"href":"https:\/\/kapitalis.com\/tunisie\/wp-json\/wp\/v2\/categories?post=13982076"},{"taxonomy":"post_tag","embeddable":true,"href":"https:\/\/kapitalis.com\/tunisie\/wp-json\/wp\/v2\/tags?post=13982076"}],"curies":[{"name":"wp","href":"https:\/\/api.w.org\/{rel}","templated":true}]}}