{"id":13982815,"date":"2024-09-14T11:35:05","date_gmt":"2024-09-14T10:35:05","guid":{"rendered":"https:\/\/kapitalis.com\/tunisie\/?p=13982815"},"modified":"2024-09-14T11:35:07","modified_gmt":"2024-09-14T10:35:07","slug":"hammamet-accueille-la-1ere-conference-africa-adapt-2024","status":"publish","type":"post","link":"https:\/\/kapitalis.com\/tunisie\/2024\/09\/14\/hammamet-accueille-la-1ere-conference-africa-adapt-2024\/","title":{"rendered":"Hammamet accueille la 1\u00e8re conf\u00e9rence Africa Adapt 2024"},"content":{"rendered":"\n<p><strong><em>La Tunisie accueillera, du 18 au 20 octobre 2024, \u00e0 la Medina Conference &amp; Expo Center \u00e0 Hammamet, la premi\u00e8re \u00e9dition d\u2019Africa Adapt 2024, la conf\u00e9rence internationale africaine sur la continuit\u00e9 des activit\u00e9s et la r\u00e9silience face aux crises.<\/em><\/strong><\/p>\n\n\n\n<!--more-->\n\n\n\n<p>Cet \u00e9v\u00e9nement vise \u00e0 consolider les strat\u00e9gies de continuit\u00e9 d\u2019activit\u00e9 et de r\u00e9silience face aux diff\u00e9rentes crises rencontr\u00e9es par les entreprises publiques ou priv\u00e9es, a expliqu\u00e9 \u00e0 l\u2019agence Tap son coordinateur g\u00e9n\u00e9ral Raouf Riahi, selon lequel le salon organis\u00e9 en parall\u00e8le sera \u00e9galement l\u2019occasion pour les participants d\u2019examiner les possibilit\u00e9s de cr\u00e9er un organisme africain sp\u00e9cialis\u00e9 dans le domaine de la gestion des entreprises et de la r\u00e9silience, qui serait bas\u00e9 en Tunisie.<\/p>\n\n\n\n<p>L\u2019accent sera \u00e9galement mis sur la possibilit\u00e9 d\u2019introduire une nouvelle mati\u00e8re dans les universit\u00e9s tunisiennes, \u00e0 savoir la continuit\u00e9 des activit\u00e9s.<\/p>\n\n\n\n<p>Africa Adapt 2024 proposera des rencontres d\u2019affaires (B2B), plusieurs s\u00e9ances pl\u00e9ni\u00e8res et des ateliers anim\u00e9s par plus de 30 experts. Des d\u00e9l\u00e9gations et des intervenants de divers pays y participeront, notamment l\u2019Arabie saoudite, les \u00c9mirats arabes unis, le Soudan, l\u2019\u00c9gypte, la Libye, l\u2019Alg\u00e9rie, le Maroc, l\u2019Italie, la France, le Royaume-Uni, l\u2019Australie, les \u00c9tats-Unis et l\u2019Afrique du Sud.<\/p>\n\n\n\n<p class=\"has-text-align-right\"><strong>I. B.<\/strong> <\/p>\n","protected":false},"excerpt":{"rendered":"<p>Hammamet accueille la 1\u00e8re \u00e9dition d\u2019Africa Adapt 2024, la conf\u00e9rence internationale africaine sur la continuit\u00e9 des activit\u00e9s et la r\u00e9silience face aux crises. <\/p>\n","protected":false},"author":8,"featured_media":13982862,"comment_status":"closed","ping_status":"open","sticky":false,"template":"","format":"standard","meta":{"footnotes":""},"categories":[995,2433],"tags":[117927,77036,117928,439,117929,113168,62643],"class_list":["post-13982815","post","type-post","status-publish","format-standard","has-post-thumbnail","hentry","category-economie","category-tunisie","tag-africa-adapt-2024","tag-continuite-dactivite","tag-crises","tag-hammamet","tag-raouf-riahi","tag-resilience","tag-tunisie"],"yoast_head":"<!-- This site is optimized with the Yoast SEO plugin v26.6 - https:\/\/yoast.com\/wordpress\/plugins\/seo\/ -->\n<title>Hammamet accueille la 1\u00e8re conf\u00e9rence Africa Adapt 2024 - Kapitalis<\/title>\n<meta name=\"robots\" content=\"index, follow, max-snippet:-1, max-image-preview:large, max-video-preview:-1\" \/>\n<link rel=\"canonical\" href=\"https:\/\/kapitalis.com\/tunisie\/2024\/09\/14\/hammamet-accueille-la-1ere-conference-africa-adapt-2024\/\" \/>\n<meta property=\"og:locale\" content=\"fr_FR\" \/>\n<meta property=\"og:type\" content=\"article\" \/>\n<meta property=\"og:title\" content=\"Hammamet accueille la 1\u00e8re conf\u00e9rence Africa Adapt 2024 - Kapitalis\" \/>\n<meta property=\"og:description\" content=\"Hammamet accueille la 1\u00e8re \u00e9dition d\u2019Africa Adapt 2024, la conf\u00e9rence internationale africaine sur la continuit\u00e9 des activit\u00e9s et la r\u00e9silience face aux crises.\" \/>\n<meta property=\"og:url\" content=\"https:\/\/kapitalis.com\/tunisie\/2024\/09\/14\/hammamet-accueille-la-1ere-conference-africa-adapt-2024\/\" \/>\n<meta property=\"og:site_name\" content=\"Kapitalis\" \/>\n<meta property=\"article:publisher\" content=\"https:\/\/www.facebook.com\/KapitalisInfo\/\" \/>\n<meta property=\"article:published_time\" content=\"2024-09-14T10:35:05+00:00\" \/>\n<meta property=\"article:modified_time\" content=\"2024-09-14T10:35:07+00:00\" \/>\n<meta property=\"og:image\" content=\"https:\/\/kapitalis.com\/tunisie\/wp-content\/uploads\/2024\/09\/Adapt-Africa-2024.jpg\" \/>\n\t<meta property=\"og:image:width\" content=\"1200\" \/>\n\t<meta property=\"og:image:height\" content=\"630\" \/>\n\t<meta property=\"og:image:type\" content=\"image\/jpeg\" \/>\n<meta name=\"author\" content=\"webmaster kapitalis\" \/>\n<meta name=\"twitter:card\" content=\"summary_large_image\" \/>\n<meta name=\"twitter:creator\" content=\"@KapitalisInfo\" \/>\n<meta name=\"twitter:site\" content=\"@KapitalisInfo\" \/>\n<meta name=\"twitter:label1\" content=\"\u00c9crit par\" \/>\n\t<meta name=\"twitter:data1\" content=\"webmaster kapitalis\" \/>\n\t<meta name=\"twitter:label2\" content=\"Dur\u00e9e de lecture estim\u00e9e\" \/>\n\t<meta name=\"twitter:data2\" content=\"2 minutes\" \/>\n<script type=\"application\/ld+json\" class=\"yoast-schema-graph\">{\"@context\":\"https:\/\/schema.org\",\"@graph\":[{\"@type\":\"Article\",\"@id\":\"https:\/\/kapitalis.com\/tunisie\/2024\/09\/14\/hammamet-accueille-la-1ere-conference-africa-adapt-2024\/#article\",\"isPartOf\":{\"@id\":\"https:\/\/kapitalis.com\/tunisie\/2024\/09\/14\/hammamet-accueille-la-1ere-conference-africa-adapt-2024\/\"},\"author\":{\"name\":\"webmaster kapitalis\",\"@id\":\"https:\/\/kapitalis.com\/tunisie\/#\/schema\/person\/d71f33a9ca44f7bad4698210b480c8e9\"},\"headline\":\"Hammamet accueille la 1\u00e8re conf\u00e9rence Africa Adapt 2024\",\"datePublished\":\"2024-09-14T10:35:05+00:00\",\"dateModified\":\"2024-09-14T10:35:07+00:00\",\"mainEntityOfPage\":{\"@id\":\"https:\/\/kapitalis.com\/tunisie\/2024\/09\/14\/hammamet-accueille-la-1ere-conference-africa-adapt-2024\/\"},\"wordCount\":231,\"publisher\":{\"@id\":\"https:\/\/kapitalis.com\/tunisie\/#organization\"},\"image\":{\"@id\":\"https:\/\/kapitalis.com\/tunisie\/2024\/09\/14\/hammamet-accueille-la-1ere-conference-africa-adapt-2024\/#primaryimage\"},\"thumbnailUrl\":\"https:\/\/kapitalis.com\/tunisie\/wp-content\/uploads\/2024\/09\/Adapt-Africa-2024.jpg\",\"keywords\":[\"Africa Adapt 2024\",\"continuit\u00e9 d\u2019activit\u00e9\",\"crises\",\"Hammamet\",\"Raouf Riahi\",\"r\u00e9silience\",\"Tunisie\"],\"articleSection\":[\"ECONOMIE\",\"Tunisie\"],\"inLanguage\":\"fr-FR\"},{\"@type\":\"WebPage\",\"@id\":\"https:\/\/kapitalis.com\/tunisie\/2024\/09\/14\/hammamet-accueille-la-1ere-conference-africa-adapt-2024\/\",\"url\":\"https:\/\/kapitalis.com\/tunisie\/2024\/09\/14\/hammamet-accueille-la-1ere-conference-africa-adapt-2024\/\",\"name\":\"Hammamet accueille la 1\u00e8re conf\u00e9rence Africa Adapt 2024 - Kapitalis\",\"isPartOf\":{\"@id\":\"https:\/\/kapitalis.com\/tunisie\/#website\"},\"primaryImageOfPage\":{\"@id\":\"https:\/\/kapitalis.com\/tunisie\/2024\/09\/14\/hammamet-accueille-la-1ere-conference-africa-adapt-2024\/#primaryimage\"},\"image\":{\"@id\":\"https:\/\/kapitalis.com\/tunisie\/2024\/09\/14\/hammamet-accueille-la-1ere-conference-africa-adapt-2024\/#primaryimage\"},\"thumbnailUrl\":\"https:\/\/kapitalis.com\/tunisie\/wp-content\/uploads\/2024\/09\/Adapt-Africa-2024.jpg\",\"datePublished\":\"2024-09-14T10:35:05+00:00\",\"dateModified\":\"2024-09-14T10:35:07+00:00\",\"breadcrumb\":{\"@id\":\"https:\/\/kapitalis.com\/tunisie\/2024\/09\/14\/hammamet-accueille-la-1ere-conference-africa-adapt-2024\/#breadcrumb\"},\"inLanguage\":\"fr-FR\",\"potentialAction\":[{\"@type\":\"ReadAction\",\"target\":[\"https:\/\/kapitalis.com\/tunisie\/2024\/09\/14\/hammamet-accueille-la-1ere-conference-africa-adapt-2024\/\"]}]},{\"@type\":\"ImageObject\",\"inLanguage\":\"fr-FR\",\"@id\":\"https:\/\/kapitalis.com\/tunisie\/2024\/09\/14\/hammamet-accueille-la-1ere-conference-africa-adapt-2024\/#primaryimage\",\"url\":\"https:\/\/kapitalis.com\/tunisie\/wp-content\/uploads\/2024\/09\/Adapt-Africa-2024.jpg\",\"contentUrl\":\"https:\/\/kapitalis.com\/tunisie\/wp-content\/uploads\/2024\/09\/Adapt-Africa-2024.jpg\",\"width\":1200,\"height\":630},{\"@type\":\"BreadcrumbList\",\"@id\":\"https:\/\/kapitalis.com\/tunisie\/2024\/09\/14\/hammamet-accueille-la-1ere-conference-africa-adapt-2024\/#breadcrumb\",\"itemListElement\":[{\"@type\":\"ListItem\",\"position\":1,\"name\":\"Accueil\",\"item\":\"https:\/\/kapitalis.com\/tunisie\/\"},{\"@type\":\"ListItem\",\"position\":2,\"name\":\"Hammamet accueille la 1\u00e8re conf\u00e9rence Africa Adapt 2024\"}]},{\"@type\":\"WebSite\",\"@id\":\"https:\/\/kapitalis.com\/tunisie\/#website\",\"url\":\"https:\/\/kapitalis.com\/tunisie\/\",\"name\":\"Kapitalis\",\"description\":\"L&#039;actualit\u00e9 en Tunisie et dans le monde\",\"publisher\":{\"@id\":\"https:\/\/kapitalis.com\/tunisie\/#organization\"},\"potentialAction\":[{\"@type\":\"SearchAction\",\"target\":{\"@type\":\"EntryPoint\",\"urlTemplate\":\"https:\/\/kapitalis.com\/tunisie\/?s={search_term_string}\"},\"query-input\":{\"@type\":\"PropertyValueSpecification\",\"valueRequired\":true,\"valueName\":\"search_term_string\"}}],\"inLanguage\":\"fr-FR\"},{\"@type\":\"Organization\",\"@id\":\"https:\/\/kapitalis.com\/tunisie\/#organization\",\"name\":\"Kapitalis\",\"url\":\"https:\/\/kapitalis.com\/tunisie\/\",\"logo\":{\"@type\":\"ImageObject\",\"inLanguage\":\"fr-FR\",\"@id\":\"https:\/\/kapitalis.com\/tunisie\/#\/schema\/logo\/image\/\",\"url\":\"https:\/\/kapitalis.com\/tunisie\/wp-content\/uploads\/2022\/05\/Kapitalis-big-size.png\",\"contentUrl\":\"https:\/\/kapitalis.com\/tunisie\/wp-content\/uploads\/2022\/05\/Kapitalis-big-size.png\",\"width\":5000,\"height\":1500,\"caption\":\"Kapitalis\"},\"image\":{\"@id\":\"https:\/\/kapitalis.com\/tunisie\/#\/schema\/logo\/image\/\"},\"sameAs\":[\"https:\/\/www.facebook.com\/KapitalisInfo\/\",\"https:\/\/x.com\/KapitalisInfo\",\"https:\/\/www.youtube.com\/channel\/UC-yDYrHyfFBWWZaOw3FPg9Q\"]},{\"@type\":\"Person\",\"@id\":\"https:\/\/kapitalis.com\/tunisie\/#\/schema\/person\/d71f33a9ca44f7bad4698210b480c8e9\",\"name\":\"webmaster kapitalis\",\"url\":\"https:\/\/kapitalis.com\/tunisie\/author\/webmaster-kapitalis\/\"}]}<\/script>\n<!-- \/ Yoast SEO plugin. -->","yoast_head_json":{"title":"Hammamet accueille la 1\u00e8re conf\u00e9rence Africa Adapt 2024 - Kapitalis","robots":{"index":"index","follow":"follow","max-snippet":"max-snippet:-1","max-image-preview":"max-image-preview:large","max-video-preview":"max-video-preview:-1"},"canonical":"https:\/\/kapitalis.com\/tunisie\/2024\/09\/14\/hammamet-accueille-la-1ere-conference-africa-adapt-2024\/","og_locale":"fr_FR","og_type":"article","og_title":"Hammamet accueille la 1\u00e8re conf\u00e9rence Africa Adapt 2024 - Kapitalis","og_description":"Hammamet accueille la 1\u00e8re \u00e9dition d\u2019Africa Adapt 2024, la conf\u00e9rence internationale africaine sur la continuit\u00e9 des activit\u00e9s et la r\u00e9silience face aux crises.","og_url":"https:\/\/kapitalis.com\/tunisie\/2024\/09\/14\/hammamet-accueille-la-1ere-conference-africa-adapt-2024\/","og_site_name":"Kapitalis","article_publisher":"https:\/\/www.facebook.com\/KapitalisInfo\/","article_published_time":"2024-09-14T10:35:05+00:00","article_modified_time":"2024-09-14T10:35:07+00:00","og_image":[{"width":1200,"height":630,"url":"https:\/\/kapitalis.com\/tunisie\/wp-content\/uploads\/2024\/09\/Adapt-Africa-2024.jpg","type":"image\/jpeg"}],"author":"webmaster kapitalis","twitter_card":"summary_large_image","twitter_creator":"@KapitalisInfo","twitter_site":"@KapitalisInfo","twitter_misc":{"\u00c9crit par":"webmaster kapitalis","Dur\u00e9e de lecture estim\u00e9e":"2 minutes"},"schema":{"@context":"https:\/\/schema.org","@graph":[{"@type":"Article","@id":"https:\/\/kapitalis.com\/tunisie\/2024\/09\/14\/hammamet-accueille-la-1ere-conference-africa-adapt-2024\/#article","isPartOf":{"@id":"https:\/\/kapitalis.com\/tunisie\/2024\/09\/14\/hammamet-accueille-la-1ere-conference-africa-adapt-2024\/"},"author":{"name":"webmaster kapitalis","@id":"https:\/\/kapitalis.com\/tunisie\/#\/schema\/person\/d71f33a9ca44f7bad4698210b480c8e9"},"headline":"Hammamet accueille la 1\u00e8re conf\u00e9rence Africa Adapt 2024","datePublished":"2024-09-14T10:35:05+00:00","dateModified":"2024-09-14T10:35:07+00:00","mainEntityOfPage":{"@id":"https:\/\/kapitalis.com\/tunisie\/2024\/09\/14\/hammamet-accueille-la-1ere-conference-africa-adapt-2024\/"},"wordCount":231,"publisher":{"@id":"https:\/\/kapitalis.com\/tunisie\/#organization"},"image":{"@id":"https:\/\/kapitalis.com\/tunisie\/2024\/09\/14\/hammamet-accueille-la-1ere-conference-africa-adapt-2024\/#primaryimage"},"thumbnailUrl":"https:\/\/kapitalis.com\/tunisie\/wp-content\/uploads\/2024\/09\/Adapt-Africa-2024.jpg","keywords":["Africa Adapt 2024","continuit\u00e9 d\u2019activit\u00e9","crises","Hammamet","Raouf Riahi","r\u00e9silience","Tunisie"],"articleSection":["ECONOMIE","Tunisie"],"inLanguage":"fr-FR"},{"@type":"WebPage","@id":"https:\/\/kapitalis.com\/tunisie\/2024\/09\/14\/hammamet-accueille-la-1ere-conference-africa-adapt-2024\/","url":"https:\/\/kapitalis.com\/tunisie\/2024\/09\/14\/hammamet-accueille-la-1ere-conference-africa-adapt-2024\/","name":"Hammamet accueille la 1\u00e8re conf\u00e9rence Africa Adapt 2024 - Kapitalis","isPartOf":{"@id":"https:\/\/kapitalis.com\/tunisie\/#website"},"primaryImageOfPage":{"@id":"https:\/\/kapitalis.com\/tunisie\/2024\/09\/14\/hammamet-accueille-la-1ere-conference-africa-adapt-2024\/#primaryimage"},"image":{"@id":"https:\/\/kapitalis.com\/tunisie\/2024\/09\/14\/hammamet-accueille-la-1ere-conference-africa-adapt-2024\/#primaryimage"},"thumbnailUrl":"https:\/\/kapitalis.com\/tunisie\/wp-content\/uploads\/2024\/09\/Adapt-Africa-2024.jpg","datePublished":"2024-09-14T10:35:05+00:00","dateModified":"2024-09-14T10:35:07+00:00","breadcrumb":{"@id":"https:\/\/kapitalis.com\/tunisie\/2024\/09\/14\/hammamet-accueille-la-1ere-conference-africa-adapt-2024\/#breadcrumb"},"inLanguage":"fr-FR","potentialAction":[{"@type":"ReadAction","target":["https:\/\/kapitalis.com\/tunisie\/2024\/09\/14\/hammamet-accueille-la-1ere-conference-africa-adapt-2024\/"]}]},{"@type":"ImageObject","inLanguage":"fr-FR","@id":"https:\/\/kapitalis.com\/tunisie\/2024\/09\/14\/hammamet-accueille-la-1ere-conference-africa-adapt-2024\/#primaryimage","url":"https:\/\/kapitalis.com\/tunisie\/wp-content\/uploads\/2024\/09\/Adapt-Africa-2024.jpg","contentUrl":"https:\/\/kapitalis.com\/tunisie\/wp-content\/uploads\/2024\/09\/Adapt-Africa-2024.jpg","width":1200,"height":630},{"@type":"BreadcrumbList","@id":"https:\/\/kapitalis.com\/tunisie\/2024\/09\/14\/hammamet-accueille-la-1ere-conference-africa-adapt-2024\/#breadcrumb","itemListElement":[{"@type":"ListItem","position":1,"name":"Accueil","item":"https:\/\/kapitalis.com\/tunisie\/"},{"@type":"ListItem","position":2,"name":"Hammamet accueille la 1\u00e8re conf\u00e9rence Africa Adapt 2024"}]},{"@type":"WebSite","@id":"https:\/\/kapitalis.com\/tunisie\/#website","url":"https:\/\/kapitalis.com\/tunisie\/","name":"Kapitalis","description":"L&#039;actualit\u00e9 en Tunisie et dans le monde","publisher":{"@id":"https:\/\/kapitalis.com\/tunisie\/#organization"},"potentialAction":[{"@type":"SearchAction","target":{"@type":"EntryPoint","urlTemplate":"https:\/\/kapitalis.com\/tunisie\/?s={search_term_string}"},"query-input":{"@type":"PropertyValueSpecification","valueRequired":true,"valueName":"search_term_string"}}],"inLanguage":"fr-FR"},{"@type":"Organization","@id":"https:\/\/kapitalis.com\/tunisie\/#organization","name":"Kapitalis","url":"https:\/\/kapitalis.com\/tunisie\/","logo":{"@type":"ImageObject","inLanguage":"fr-FR","@id":"https:\/\/kapitalis.com\/tunisie\/#\/schema\/logo\/image\/","url":"https:\/\/kapitalis.com\/tunisie\/wp-content\/uploads\/2022\/05\/Kapitalis-big-size.png","contentUrl":"https:\/\/kapitalis.com\/tunisie\/wp-content\/uploads\/2022\/05\/Kapitalis-big-size.png","width":5000,"height":1500,"caption":"Kapitalis"},"image":{"@id":"https:\/\/kapitalis.com\/tunisie\/#\/schema\/logo\/image\/"},"sameAs":["https:\/\/www.facebook.com\/KapitalisInfo\/","https:\/\/x.com\/KapitalisInfo","https:\/\/www.youtube.com\/channel\/UC-yDYrHyfFBWWZaOw3FPg9Q"]},{"@type":"Person","@id":"https:\/\/kapitalis.com\/tunisie\/#\/schema\/person\/d71f33a9ca44f7bad4698210b480c8e9","name":"webmaster kapitalis","url":"https:\/\/kapitalis.com\/tunisie\/author\/webmaster-kapitalis\/"}]}},"_links":{"self":[{"href":"https:\/\/kapitalis.com\/tunisie\/wp-json\/wp\/v2\/posts\/13982815","targetHints":{"allow":["GET"]}}],"collection":[{"href":"https:\/\/kapitalis.com\/tunisie\/wp-json\/wp\/v2\/posts"}],"about":[{"href":"https:\/\/kapitalis.com\/tunisie\/wp-json\/wp\/v2\/types\/post"}],"author":[{"embeddable":true,"href":"https:\/\/kapitalis.com\/tunisie\/wp-json\/wp\/v2\/users\/8"}],"replies":[{"embeddable":true,"href":"https:\/\/kapitalis.com\/tunisie\/wp-json\/wp\/v2\/comments?post=13982815"}],"version-history":[{"count":1,"href":"https:\/\/kapitalis.com\/tunisie\/wp-json\/wp\/v2\/posts\/13982815\/revisions"}],"predecessor-version":[{"id":13982864,"href":"https:\/\/kapitalis.com\/tunisie\/wp-json\/wp\/v2\/posts\/13982815\/revisions\/13982864"}],"wp:featuredmedia":[{"embeddable":true,"href":"https:\/\/kapitalis.com\/tunisie\/wp-json\/wp\/v2\/media\/13982862"}],"wp:attachment":[{"href":"https:\/\/kapitalis.com\/tunisie\/wp-json\/wp\/v2\/media?parent=13982815"}],"wp:term":[{"taxonomy":"category","embeddable":true,"href":"https:\/\/kapitalis.com\/tunisie\/wp-json\/wp\/v2\/categories?post=13982815"},{"taxonomy":"post_tag","embeddable":true,"href":"https:\/\/kapitalis.com\/tunisie\/wp-json\/wp\/v2\/tags?post=13982815"}],"curies":[{"name":"wp","href":"https:\/\/api.w.org\/{rel}","templated":true}]}}