{"id":139945,"date":"2018-02-22T10:38:07","date_gmt":"2018-02-22T09:38:07","guid":{"rendered":"http:\/\/kapitalis.com\/tunisie\/?p=139945"},"modified":"2018-02-22T10:38:07","modified_gmt":"2018-02-22T09:38:07","slug":"incendie-foyer-de-sidi-bouzid-piste-criminelle-privilegiee","status":"publish","type":"post","link":"https:\/\/kapitalis.com\/tunisie\/2018\/02\/22\/incendie-foyer-de-sidi-bouzid-piste-criminelle-privilegiee\/","title":{"rendered":"Incendie au foyer de Sidi Bouzid : La piste criminelle privil\u00e9gi\u00e9e"},"content":{"rendered":"<p style=\"text-align: center;\"><img loading=\"lazy\" decoding=\"async\" class=\"alignnone size-full wp-image-48594\" src=\"http:\/\/kapitalis.com\/tunisie\/wp-content\/uploads\/2016\/04\/Incendie-Kairouan-foyer-universitaire.jpg\" alt=\"\" width=\"626\" height=\"380\" \/><\/p>\n<p style=\"text-align: center;\"><em>Ph. d&rsquo;archives.<\/em><\/p>\n<p><em><strong>Un incendie s\u2019est d\u00e9clar\u00e9 \u00e0 l\u2019aube de ce jeudi 22 f\u00e9vrier 2018, au foyer du coll\u00e8ge Aboubaker Gammoudi, \u00e0 Sidi Bouzid. La piste criminelle est privil\u00e9gi\u00e9e. <\/strong><\/em><!--more--><\/p>\n<p>La protection civile est intervenue vers 2 heures du matin et a r\u00e9ussi \u00e0 ma\u00eetriser les flammes qui ont d\u00e9truit une partie du foyer et plusieurs matelas. Cependant, on ne d\u00e9nombre aucune victime, les 53 coll\u00e9giens ayant \u00e9t\u00e9 regroup\u00e9s, par le personnel du foyer, dans une salle de classe du coll\u00e8ge.<\/p>\n<p>Les causes de l\u2019incendie sont inconnues, mais la piste criminelle est privil\u00e9gi\u00e9e, car le foyer est conforme aux normes de s\u00e9curit\u00e9 et aucune trace de court-circuit ou autre fait accidentel n\u2019a encore \u00e9t\u00e9 d\u00e9couverte.<\/p>\n<p>Rappelons que les \u00e9l\u00e8ves Sourour Hichri et Rahma Saidi sont d\u00e9c\u00e9d\u00e9es, le 6 \u00a0f\u00e9vrier courant, des suites de leurs br\u00fblures provoqu\u00e9es par un incendie au foyer du coll\u00e8ge 25-Juillet \u00e0 Thala (Kasserine).<\/p>\n<p>Trois jours apr\u00e8s ce drame, un autre incendie\u00a0a \u00e9t\u00e9 enregistr\u00e9 au foyer du coll\u00e8ge de Bouzguem \u00e0 Kasserine, puis le 13 f\u00e9vrier, les m\u00eames faits se sont reproduits au pensionnat de jeunes filles \u00e0 Kesra, (Siliana).<\/p>\n<p style=\"text-align: right;\"><strong>Y. N.<\/strong><\/p>\n<blockquote class=\"wp-embedded-content\" data-secret=\"NGph8AT2FQ\"><p><a href=\"https:\/\/kapitalis.com\/tunisie\/2018\/02\/13\/ben-salem-incendies-foyers-filles-ne-coincidence\/\">Ben Salem : Les incendies dans les foyers pour filles ne sont pas une co\u00efncidence<\/a><\/p><\/blockquote>\n<p><iframe loading=\"lazy\" class=\"wp-embedded-content\" sandbox=\"allow-scripts\" security=\"restricted\" style=\"position: absolute; clip: rect(1px, 1px, 1px, 1px);\" title=\"\u00ab\u00a0Ben Salem : Les incendies dans les foyers pour filles ne sont pas une co\u00efncidence\u00a0\u00bb &#8212; Kapitalis\" src=\"https:\/\/kapitalis.com\/tunisie\/2018\/02\/13\/ben-salem-incendies-foyers-filles-ne-coincidence\/embed\/#?secret=rxpWiVE0wo#?secret=NGph8AT2FQ\" data-secret=\"NGph8AT2FQ\" width=\"600\" height=\"338\" frameborder=\"0\" marginwidth=\"0\" marginheight=\"0\" scrolling=\"no\"><\/iframe><\/p>\n<blockquote class=\"wp-embedded-content\" data-secret=\"vHH7eTVxw5\"><p><a href=\"https:\/\/kapitalis.com\/tunisie\/2018\/02\/07\/deces-de-2-eleves-dans-un-incendie-greve-generale-a-thala\/\">D\u00e9c\u00e8s de 2 \u00e9l\u00e8ves dans un incendie : Gr\u00e8ve g\u00e9n\u00e9rale \u00e0 Thala<\/a><\/p><\/blockquote>\n<p><iframe loading=\"lazy\" class=\"wp-embedded-content\" sandbox=\"allow-scripts\" security=\"restricted\" style=\"position: absolute; clip: rect(1px, 1px, 1px, 1px);\" title=\"\u00ab\u00a0D\u00e9c\u00e8s de 2 \u00e9l\u00e8ves dans un incendie : Gr\u00e8ve g\u00e9n\u00e9rale \u00e0 Thala\u00a0\u00bb &#8212; Kapitalis\" src=\"https:\/\/kapitalis.com\/tunisie\/2018\/02\/07\/deces-de-2-eleves-dans-un-incendie-greve-generale-a-thala\/embed\/#?secret=QZxG8eav3h#?secret=vHH7eTVxw5\" data-secret=\"vHH7eTVxw5\" width=\"600\" height=\"338\" frameborder=\"0\" marginwidth=\"0\" marginheight=\"0\" scrolling=\"no\"><\/iframe><\/p>\n","protected":false},"excerpt":{"rendered":"<p>Ph. d&rsquo;archives. Un incendie s\u2019est d\u00e9clar\u00e9 \u00e0 l\u2019aube de ce jeudi 22 f\u00e9vrier 2018, au foyer du coll\u00e8ge Aboubaker Gammoudi, \u00e0 Sidi Bouzid. La piste criminelle est privil\u00e9gi\u00e9e.<\/p>\n","protected":false},"author":6,"featured_media":0,"comment_status":"open","ping_status":"open","sticky":false,"template":"","format":"standard","meta":{"footnotes":""},"categories":[998,2433],"tags":[5204,19717,315,7173,1035,828],"class_list":["post-139945","post","type-post","status-publish","format-standard","hentry","category-societe","category-tunisie","tag-college","tag-collegiens","tag-eleves","tag-foyer","tag-incendie","tag-sidi-bouzid"],"yoast_head":"<!-- This site is optimized with the Yoast SEO plugin v26.6 - https:\/\/yoast.com\/wordpress\/plugins\/seo\/ -->\n<title>Incendie au foyer de Sidi Bouzid : La piste criminelle privil\u00e9gi\u00e9e - Kapitalis<\/title>\n<meta name=\"robots\" content=\"index, follow, max-snippet:-1, max-image-preview:large, max-video-preview:-1\" \/>\n<link rel=\"canonical\" href=\"https:\/\/kapitalis.com\/tunisie\/2018\/02\/22\/incendie-foyer-de-sidi-bouzid-piste-criminelle-privilegiee\/\" \/>\n<meta property=\"og:locale\" content=\"fr_FR\" \/>\n<meta property=\"og:type\" content=\"article\" \/>\n<meta property=\"og:title\" content=\"Incendie au foyer de Sidi Bouzid : La piste criminelle privil\u00e9gi\u00e9e - Kapitalis\" \/>\n<meta property=\"og:description\" content=\"Ph. d&rsquo;archives. Un incendie s\u2019est d\u00e9clar\u00e9 \u00e0 l\u2019aube de ce jeudi 22 f\u00e9vrier 2018, au foyer du coll\u00e8ge Aboubaker Gammoudi, \u00e0 Sidi Bouzid. La piste criminelle est privil\u00e9gi\u00e9e.\" \/>\n<meta property=\"og:url\" content=\"https:\/\/kapitalis.com\/tunisie\/2018\/02\/22\/incendie-foyer-de-sidi-bouzid-piste-criminelle-privilegiee\/\" \/>\n<meta property=\"og:site_name\" content=\"Kapitalis\" \/>\n<meta property=\"article:publisher\" content=\"https:\/\/www.facebook.com\/KapitalisInfo\/\" \/>\n<meta property=\"article:published_time\" content=\"2018-02-22T09:38:07+00:00\" \/>\n<meta property=\"og:image\" content=\"http:\/\/kapitalis.com\/tunisie\/wp-content\/uploads\/2016\/04\/Incendie-Kairouan-foyer-universitaire.jpg\" \/>\n<meta name=\"author\" content=\"Yusra NY\" \/>\n<meta name=\"twitter:card\" content=\"summary_large_image\" \/>\n<meta name=\"twitter:creator\" content=\"@KapitalisInfo\" \/>\n<meta name=\"twitter:site\" content=\"@KapitalisInfo\" \/>\n<meta name=\"twitter:label1\" content=\"\u00c9crit par\" \/>\n\t<meta name=\"twitter:data1\" content=\"Yusra NY\" \/>\n\t<meta name=\"twitter:label2\" content=\"Dur\u00e9e de lecture estim\u00e9e\" \/>\n\t<meta name=\"twitter:data2\" content=\"1 minute\" \/>\n<script type=\"application\/ld+json\" class=\"yoast-schema-graph\">{\"@context\":\"https:\/\/schema.org\",\"@graph\":[{\"@type\":\"Article\",\"@id\":\"https:\/\/kapitalis.com\/tunisie\/2018\/02\/22\/incendie-foyer-de-sidi-bouzid-piste-criminelle-privilegiee\/#article\",\"isPartOf\":{\"@id\":\"https:\/\/kapitalis.com\/tunisie\/2018\/02\/22\/incendie-foyer-de-sidi-bouzid-piste-criminelle-privilegiee\/\"},\"author\":{\"name\":\"Yusra NY\",\"@id\":\"https:\/\/kapitalis.com\/tunisie\/#\/schema\/person\/74bbde0154d49d790a92aaeac5bc01d5\"},\"headline\":\"Incendie au foyer de Sidi Bouzid : La piste criminelle privil\u00e9gi\u00e9e\",\"datePublished\":\"2018-02-22T09:38:07+00:00\",\"mainEntityOfPage\":{\"@id\":\"https:\/\/kapitalis.com\/tunisie\/2018\/02\/22\/incendie-foyer-de-sidi-bouzid-piste-criminelle-privilegiee\/\"},\"wordCount\":227,\"commentCount\":1,\"publisher\":{\"@id\":\"https:\/\/kapitalis.com\/tunisie\/#organization\"},\"image\":{\"@id\":\"https:\/\/kapitalis.com\/tunisie\/2018\/02\/22\/incendie-foyer-de-sidi-bouzid-piste-criminelle-privilegiee\/#primaryimage\"},\"thumbnailUrl\":\"http:\/\/kapitalis.com\/tunisie\/wp-content\/uploads\/2016\/04\/Incendie-Kairouan-foyer-universitaire.jpg\",\"keywords\":[\"coll\u00e8ge\",\"coll\u00e9giens\",\"\u00e9l\u00e8ves\",\"foyer\",\"Incendie\",\"Sidi Bouzid\"],\"articleSection\":[\"SOCIETE\",\"Tunisie\"],\"inLanguage\":\"fr-FR\",\"potentialAction\":[{\"@type\":\"CommentAction\",\"name\":\"Comment\",\"target\":[\"https:\/\/kapitalis.com\/tunisie\/2018\/02\/22\/incendie-foyer-de-sidi-bouzid-piste-criminelle-privilegiee\/#respond\"]}]},{\"@type\":\"WebPage\",\"@id\":\"https:\/\/kapitalis.com\/tunisie\/2018\/02\/22\/incendie-foyer-de-sidi-bouzid-piste-criminelle-privilegiee\/\",\"url\":\"https:\/\/kapitalis.com\/tunisie\/2018\/02\/22\/incendie-foyer-de-sidi-bouzid-piste-criminelle-privilegiee\/\",\"name\":\"Incendie au foyer de Sidi Bouzid : La piste criminelle privil\u00e9gi\u00e9e - Kapitalis\",\"isPartOf\":{\"@id\":\"https:\/\/kapitalis.com\/tunisie\/#website\"},\"primaryImageOfPage\":{\"@id\":\"https:\/\/kapitalis.com\/tunisie\/2018\/02\/22\/incendie-foyer-de-sidi-bouzid-piste-criminelle-privilegiee\/#primaryimage\"},\"image\":{\"@id\":\"https:\/\/kapitalis.com\/tunisie\/2018\/02\/22\/incendie-foyer-de-sidi-bouzid-piste-criminelle-privilegiee\/#primaryimage\"},\"thumbnailUrl\":\"http:\/\/kapitalis.com\/tunisie\/wp-content\/uploads\/2016\/04\/Incendie-Kairouan-foyer-universitaire.jpg\",\"datePublished\":\"2018-02-22T09:38:07+00:00\",\"breadcrumb\":{\"@id\":\"https:\/\/kapitalis.com\/tunisie\/2018\/02\/22\/incendie-foyer-de-sidi-bouzid-piste-criminelle-privilegiee\/#breadcrumb\"},\"inLanguage\":\"fr-FR\",\"potentialAction\":[{\"@type\":\"ReadAction\",\"target\":[\"https:\/\/kapitalis.com\/tunisie\/2018\/02\/22\/incendie-foyer-de-sidi-bouzid-piste-criminelle-privilegiee\/\"]}]},{\"@type\":\"ImageObject\",\"inLanguage\":\"fr-FR\",\"@id\":\"https:\/\/kapitalis.com\/tunisie\/2018\/02\/22\/incendie-foyer-de-sidi-bouzid-piste-criminelle-privilegiee\/#primaryimage\",\"url\":\"http:\/\/kapitalis.com\/tunisie\/wp-content\/uploads\/2016\/04\/Incendie-Kairouan-foyer-universitaire.jpg\",\"contentUrl\":\"http:\/\/kapitalis.com\/tunisie\/wp-content\/uploads\/2016\/04\/Incendie-Kairouan-foyer-universitaire.jpg\"},{\"@type\":\"BreadcrumbList\",\"@id\":\"https:\/\/kapitalis.com\/tunisie\/2018\/02\/22\/incendie-foyer-de-sidi-bouzid-piste-criminelle-privilegiee\/#breadcrumb\",\"itemListElement\":[{\"@type\":\"ListItem\",\"position\":1,\"name\":\"Accueil\",\"item\":\"https:\/\/kapitalis.com\/tunisie\/\"},{\"@type\":\"ListItem\",\"position\":2,\"name\":\"Incendie au foyer de Sidi Bouzid : La piste criminelle privil\u00e9gi\u00e9e\"}]},{\"@type\":\"WebSite\",\"@id\":\"https:\/\/kapitalis.com\/tunisie\/#website\",\"url\":\"https:\/\/kapitalis.com\/tunisie\/\",\"name\":\"Kapitalis\",\"description\":\"L&#039;actualit\u00e9 en Tunisie et dans le monde\",\"publisher\":{\"@id\":\"https:\/\/kapitalis.com\/tunisie\/#organization\"},\"potentialAction\":[{\"@type\":\"SearchAction\",\"target\":{\"@type\":\"EntryPoint\",\"urlTemplate\":\"https:\/\/kapitalis.com\/tunisie\/?s={search_term_string}\"},\"query-input\":{\"@type\":\"PropertyValueSpecification\",\"valueRequired\":true,\"valueName\":\"search_term_string\"}}],\"inLanguage\":\"fr-FR\"},{\"@type\":\"Organization\",\"@id\":\"https:\/\/kapitalis.com\/tunisie\/#organization\",\"name\":\"Kapitalis\",\"url\":\"https:\/\/kapitalis.com\/tunisie\/\",\"logo\":{\"@type\":\"ImageObject\",\"inLanguage\":\"fr-FR\",\"@id\":\"https:\/\/kapitalis.com\/tunisie\/#\/schema\/logo\/image\/\",\"url\":\"https:\/\/kapitalis.com\/tunisie\/wp-content\/uploads\/2022\/05\/Kapitalis-big-size.png\",\"contentUrl\":\"https:\/\/kapitalis.com\/tunisie\/wp-content\/uploads\/2022\/05\/Kapitalis-big-size.png\",\"width\":5000,\"height\":1500,\"caption\":\"Kapitalis\"},\"image\":{\"@id\":\"https:\/\/kapitalis.com\/tunisie\/#\/schema\/logo\/image\/\"},\"sameAs\":[\"https:\/\/www.facebook.com\/KapitalisInfo\/\",\"https:\/\/x.com\/KapitalisInfo\",\"https:\/\/www.youtube.com\/channel\/UC-yDYrHyfFBWWZaOw3FPg9Q\"]},{\"@type\":\"Person\",\"@id\":\"https:\/\/kapitalis.com\/tunisie\/#\/schema\/person\/74bbde0154d49d790a92aaeac5bc01d5\",\"name\":\"Yusra NY\",\"url\":\"https:\/\/kapitalis.com\/tunisie\/author\/yuza_adam\/\"}]}<\/script>\n<!-- \/ Yoast SEO plugin. -->","yoast_head_json":{"title":"Incendie au foyer de Sidi Bouzid : La piste criminelle privil\u00e9gi\u00e9e - Kapitalis","robots":{"index":"index","follow":"follow","max-snippet":"max-snippet:-1","max-image-preview":"max-image-preview:large","max-video-preview":"max-video-preview:-1"},"canonical":"https:\/\/kapitalis.com\/tunisie\/2018\/02\/22\/incendie-foyer-de-sidi-bouzid-piste-criminelle-privilegiee\/","og_locale":"fr_FR","og_type":"article","og_title":"Incendie au foyer de Sidi Bouzid : La piste criminelle privil\u00e9gi\u00e9e - Kapitalis","og_description":"Ph. d&rsquo;archives. Un incendie s\u2019est d\u00e9clar\u00e9 \u00e0 l\u2019aube de ce jeudi 22 f\u00e9vrier 2018, au foyer du coll\u00e8ge Aboubaker Gammoudi, \u00e0 Sidi Bouzid. La piste criminelle est privil\u00e9gi\u00e9e.","og_url":"https:\/\/kapitalis.com\/tunisie\/2018\/02\/22\/incendie-foyer-de-sidi-bouzid-piste-criminelle-privilegiee\/","og_site_name":"Kapitalis","article_publisher":"https:\/\/www.facebook.com\/KapitalisInfo\/","article_published_time":"2018-02-22T09:38:07+00:00","og_image":[{"url":"http:\/\/kapitalis.com\/tunisie\/wp-content\/uploads\/2016\/04\/Incendie-Kairouan-foyer-universitaire.jpg","type":"","width":"","height":""}],"author":"Yusra NY","twitter_card":"summary_large_image","twitter_creator":"@KapitalisInfo","twitter_site":"@KapitalisInfo","twitter_misc":{"\u00c9crit par":"Yusra NY","Dur\u00e9e de lecture estim\u00e9e":"1 minute"},"schema":{"@context":"https:\/\/schema.org","@graph":[{"@type":"Article","@id":"https:\/\/kapitalis.com\/tunisie\/2018\/02\/22\/incendie-foyer-de-sidi-bouzid-piste-criminelle-privilegiee\/#article","isPartOf":{"@id":"https:\/\/kapitalis.com\/tunisie\/2018\/02\/22\/incendie-foyer-de-sidi-bouzid-piste-criminelle-privilegiee\/"},"author":{"name":"Yusra NY","@id":"https:\/\/kapitalis.com\/tunisie\/#\/schema\/person\/74bbde0154d49d790a92aaeac5bc01d5"},"headline":"Incendie au foyer de Sidi Bouzid : La piste criminelle privil\u00e9gi\u00e9e","datePublished":"2018-02-22T09:38:07+00:00","mainEntityOfPage":{"@id":"https:\/\/kapitalis.com\/tunisie\/2018\/02\/22\/incendie-foyer-de-sidi-bouzid-piste-criminelle-privilegiee\/"},"wordCount":227,"commentCount":1,"publisher":{"@id":"https:\/\/kapitalis.com\/tunisie\/#organization"},"image":{"@id":"https:\/\/kapitalis.com\/tunisie\/2018\/02\/22\/incendie-foyer-de-sidi-bouzid-piste-criminelle-privilegiee\/#primaryimage"},"thumbnailUrl":"http:\/\/kapitalis.com\/tunisie\/wp-content\/uploads\/2016\/04\/Incendie-Kairouan-foyer-universitaire.jpg","keywords":["coll\u00e8ge","coll\u00e9giens","\u00e9l\u00e8ves","foyer","Incendie","Sidi Bouzid"],"articleSection":["SOCIETE","Tunisie"],"inLanguage":"fr-FR","potentialAction":[{"@type":"CommentAction","name":"Comment","target":["https:\/\/kapitalis.com\/tunisie\/2018\/02\/22\/incendie-foyer-de-sidi-bouzid-piste-criminelle-privilegiee\/#respond"]}]},{"@type":"WebPage","@id":"https:\/\/kapitalis.com\/tunisie\/2018\/02\/22\/incendie-foyer-de-sidi-bouzid-piste-criminelle-privilegiee\/","url":"https:\/\/kapitalis.com\/tunisie\/2018\/02\/22\/incendie-foyer-de-sidi-bouzid-piste-criminelle-privilegiee\/","name":"Incendie au foyer de Sidi Bouzid : La piste criminelle privil\u00e9gi\u00e9e - Kapitalis","isPartOf":{"@id":"https:\/\/kapitalis.com\/tunisie\/#website"},"primaryImageOfPage":{"@id":"https:\/\/kapitalis.com\/tunisie\/2018\/02\/22\/incendie-foyer-de-sidi-bouzid-piste-criminelle-privilegiee\/#primaryimage"},"image":{"@id":"https:\/\/kapitalis.com\/tunisie\/2018\/02\/22\/incendie-foyer-de-sidi-bouzid-piste-criminelle-privilegiee\/#primaryimage"},"thumbnailUrl":"http:\/\/kapitalis.com\/tunisie\/wp-content\/uploads\/2016\/04\/Incendie-Kairouan-foyer-universitaire.jpg","datePublished":"2018-02-22T09:38:07+00:00","breadcrumb":{"@id":"https:\/\/kapitalis.com\/tunisie\/2018\/02\/22\/incendie-foyer-de-sidi-bouzid-piste-criminelle-privilegiee\/#breadcrumb"},"inLanguage":"fr-FR","potentialAction":[{"@type":"ReadAction","target":["https:\/\/kapitalis.com\/tunisie\/2018\/02\/22\/incendie-foyer-de-sidi-bouzid-piste-criminelle-privilegiee\/"]}]},{"@type":"ImageObject","inLanguage":"fr-FR","@id":"https:\/\/kapitalis.com\/tunisie\/2018\/02\/22\/incendie-foyer-de-sidi-bouzid-piste-criminelle-privilegiee\/#primaryimage","url":"http:\/\/kapitalis.com\/tunisie\/wp-content\/uploads\/2016\/04\/Incendie-Kairouan-foyer-universitaire.jpg","contentUrl":"http:\/\/kapitalis.com\/tunisie\/wp-content\/uploads\/2016\/04\/Incendie-Kairouan-foyer-universitaire.jpg"},{"@type":"BreadcrumbList","@id":"https:\/\/kapitalis.com\/tunisie\/2018\/02\/22\/incendie-foyer-de-sidi-bouzid-piste-criminelle-privilegiee\/#breadcrumb","itemListElement":[{"@type":"ListItem","position":1,"name":"Accueil","item":"https:\/\/kapitalis.com\/tunisie\/"},{"@type":"ListItem","position":2,"name":"Incendie au foyer de Sidi Bouzid : La piste criminelle privil\u00e9gi\u00e9e"}]},{"@type":"WebSite","@id":"https:\/\/kapitalis.com\/tunisie\/#website","url":"https:\/\/kapitalis.com\/tunisie\/","name":"Kapitalis","description":"L&#039;actualit\u00e9 en Tunisie et dans le monde","publisher":{"@id":"https:\/\/kapitalis.com\/tunisie\/#organization"},"potentialAction":[{"@type":"SearchAction","target":{"@type":"EntryPoint","urlTemplate":"https:\/\/kapitalis.com\/tunisie\/?s={search_term_string}"},"query-input":{"@type":"PropertyValueSpecification","valueRequired":true,"valueName":"search_term_string"}}],"inLanguage":"fr-FR"},{"@type":"Organization","@id":"https:\/\/kapitalis.com\/tunisie\/#organization","name":"Kapitalis","url":"https:\/\/kapitalis.com\/tunisie\/","logo":{"@type":"ImageObject","inLanguage":"fr-FR","@id":"https:\/\/kapitalis.com\/tunisie\/#\/schema\/logo\/image\/","url":"https:\/\/kapitalis.com\/tunisie\/wp-content\/uploads\/2022\/05\/Kapitalis-big-size.png","contentUrl":"https:\/\/kapitalis.com\/tunisie\/wp-content\/uploads\/2022\/05\/Kapitalis-big-size.png","width":5000,"height":1500,"caption":"Kapitalis"},"image":{"@id":"https:\/\/kapitalis.com\/tunisie\/#\/schema\/logo\/image\/"},"sameAs":["https:\/\/www.facebook.com\/KapitalisInfo\/","https:\/\/x.com\/KapitalisInfo","https:\/\/www.youtube.com\/channel\/UC-yDYrHyfFBWWZaOw3FPg9Q"]},{"@type":"Person","@id":"https:\/\/kapitalis.com\/tunisie\/#\/schema\/person\/74bbde0154d49d790a92aaeac5bc01d5","name":"Yusra NY","url":"https:\/\/kapitalis.com\/tunisie\/author\/yuza_adam\/"}]}},"_links":{"self":[{"href":"https:\/\/kapitalis.com\/tunisie\/wp-json\/wp\/v2\/posts\/139945","targetHints":{"allow":["GET"]}}],"collection":[{"href":"https:\/\/kapitalis.com\/tunisie\/wp-json\/wp\/v2\/posts"}],"about":[{"href":"https:\/\/kapitalis.com\/tunisie\/wp-json\/wp\/v2\/types\/post"}],"author":[{"embeddable":true,"href":"https:\/\/kapitalis.com\/tunisie\/wp-json\/wp\/v2\/users\/6"}],"replies":[{"embeddable":true,"href":"https:\/\/kapitalis.com\/tunisie\/wp-json\/wp\/v2\/comments?post=139945"}],"version-history":[{"count":0,"href":"https:\/\/kapitalis.com\/tunisie\/wp-json\/wp\/v2\/posts\/139945\/revisions"}],"wp:attachment":[{"href":"https:\/\/kapitalis.com\/tunisie\/wp-json\/wp\/v2\/media?parent=139945"}],"wp:term":[{"taxonomy":"category","embeddable":true,"href":"https:\/\/kapitalis.com\/tunisie\/wp-json\/wp\/v2\/categories?post=139945"},{"taxonomy":"post_tag","embeddable":true,"href":"https:\/\/kapitalis.com\/tunisie\/wp-json\/wp\/v2\/tags?post=139945"}],"curies":[{"name":"wp","href":"https:\/\/api.w.org\/{rel}","templated":true}]}}