{"id":139971,"date":"2018-02-22T11:56:08","date_gmt":"2018-02-22T10:56:08","guid":{"rendered":"http:\/\/kapitalis.com\/tunisie\/?p=139971"},"modified":"2018-02-22T11:56:08","modified_gmt":"2018-02-22T10:56:08","slug":"tunisie-agression-president-de-lassociation-libres-penseurs","status":"publish","type":"post","link":"https:\/\/kapitalis.com\/tunisie\/2018\/02\/22\/tunisie-agression-president-de-lassociation-libres-penseurs\/","title":{"rendered":"Tunisie : Agression du pr\u00e9sident de l&rsquo;Association des libres penseurs"},"content":{"rendered":"<p style=\"text-align: center;\"><img loading=\"lazy\" decoding=\"async\" class=\"alignnone size-full wp-image-139972\" src=\"http:\/\/kapitalis.com\/tunisie\/wp-content\/uploads\/2018\/02\/Hatem-Al-Imam.jpg\" alt=\"\" width=\"626\" height=\"380\" \/><\/p>\n<p><em><strong>Le pr\u00e9sident de l&rsquo;Association des libres penseurs (ALP), Hatem Limam, a \u00e9t\u00e9 victime, hier, mercredi 21 f\u00e9vrier 2018, d&rsquo;une agression \u00e0 Bab Saadoun (centre-ville de Tunis).<\/strong><\/em><!--more--><\/p>\n<p>Dans une d\u00e9claration \u00e0 Kapitalis, aujourd&rsquo;hui, Hatem Limam a indiqu\u00e9 que des d\u00e9linquants l&rsquo;ont agress\u00e9 et frapp\u00e9, la nuit derni\u00e8re, alors qu&rsquo;il rentrait chez lui avant de prendre la fuite, assurant qu&rsquo;il n&rsquo;a pas \u00e9t\u00e9 victime d&rsquo;un braquage.<\/p>\n<p>\u00ab<em>A un moment donn\u00e9, j&rsquo;ai r\u00e9ussi \u00e0 prendre la fuite et je me suis r\u00e9fugi\u00e9 \u00e0 la maison. Mais, ils m&rsquo;ont poursuivi et sont rentr\u00e9s chez moi pour encore me frapper<\/em>\u00bb, a-t-il d\u00e9clar\u00e9.<\/p>\n<p>Le pr\u00e9sident de l&rsquo;ALP a, par ailleurs, indiqu\u00e9 que son visage et son corps sont couvert de bleus et de contusions, ajoutant qu&rsquo;il compte porter plainte.<\/p>\n<p>Notons que cette association, d\u00e9fendant les droits des areligieux, avait obtenu son visa, en octobre dernier. Cette annonce avait suscit\u00e9 de vives r\u00e9actions en Tunisie et dans le monde arabe, car l&rsquo;ALP s&rsquo;oppose\u00a0aux dogmes religieux et d\u00e9fend le principe de la la\u00efcit\u00e9.<\/p>\n<p>En d&rsquo;autres termes, les agresseurs pourraient bien \u00eatre des extr\u00e9mistes religieux, c&rsquo;est-\u00e0-dire des islamistes.<\/p>\n<p style=\"text-align: right;\"><strong>E. B. A.<\/strong><\/p>\n<blockquote class=\"wp-embedded-content\" data-secret=\"rrziuHO4ZW\"><p><a href=\"https:\/\/kapitalis.com\/tunisie\/2017\/10\/27\/tunisie-les-athees-autorises-a-creer-une-association\/\">Tunisie : Les ath\u00e9es autoris\u00e9s \u00e0 cr\u00e9er une association<\/a><\/p><\/blockquote>\n<p><iframe loading=\"lazy\" class=\"wp-embedded-content\" sandbox=\"allow-scripts\" security=\"restricted\" style=\"position: absolute; clip: rect(1px, 1px, 1px, 1px);\" title=\"\u00ab\u00a0Tunisie : Les ath\u00e9es autoris\u00e9s \u00e0 cr\u00e9er une association\u00a0\u00bb &#8212; Kapitalis\" src=\"https:\/\/kapitalis.com\/tunisie\/2017\/10\/27\/tunisie-les-athees-autorises-a-creer-une-association\/embed\/#?secret=9gkw7Mh2fE#?secret=rrziuHO4ZW\" data-secret=\"rrziuHO4ZW\" width=\"600\" height=\"338\" frameborder=\"0\" marginwidth=\"0\" marginheight=\"0\" scrolling=\"no\"><\/iframe><\/p>\n","protected":false},"excerpt":{"rendered":"<p>Le pr\u00e9sident de l&rsquo;Association des libres penseurs (ALP), Hatem Limam, a \u00e9t\u00e9 victime, hier, mercredi 21 f\u00e9vrier 2018, d&rsquo;une agression \u00e0 Bab Saadoun (centre-ville de Tunis).<\/p>\n","protected":false},"author":16,"featured_media":139972,"comment_status":"open","ping_status":"open","sticky":false,"template":"","format":"standard","meta":{"footnotes":""},"categories":[998,2433],"tags":[45,41556,2608],"class_list":["post-139971","post","type-post","status-publish","format-standard","has-post-thumbnail","hentry","category-societe","category-tunisie","tag-agression","tag-association-des-libres-penseurs","tag-bab-saadoun"],"yoast_head":"<!-- This site is optimized with the Yoast SEO plugin v26.6 - https:\/\/yoast.com\/wordpress\/plugins\/seo\/ -->\n<title>Tunisie : Agression du pr\u00e9sident de l&#039;Association des libres penseurs - Kapitalis<\/title>\n<meta name=\"robots\" content=\"index, follow, max-snippet:-1, max-image-preview:large, max-video-preview:-1\" \/>\n<link rel=\"canonical\" href=\"https:\/\/kapitalis.com\/tunisie\/2018\/02\/22\/tunisie-agression-president-de-lassociation-libres-penseurs\/\" \/>\n<meta property=\"og:locale\" content=\"fr_FR\" \/>\n<meta property=\"og:type\" content=\"article\" \/>\n<meta property=\"og:title\" content=\"Tunisie : Agression du pr\u00e9sident de l&#039;Association des libres penseurs - Kapitalis\" \/>\n<meta property=\"og:description\" content=\"Le pr\u00e9sident de l&rsquo;Association des libres penseurs (ALP), Hatem Limam, a \u00e9t\u00e9 victime, hier, mercredi 21 f\u00e9vrier 2018, d&rsquo;une agression \u00e0 Bab Saadoun (centre-ville de Tunis).\" \/>\n<meta property=\"og:url\" content=\"https:\/\/kapitalis.com\/tunisie\/2018\/02\/22\/tunisie-agression-president-de-lassociation-libres-penseurs\/\" \/>\n<meta property=\"og:site_name\" content=\"Kapitalis\" \/>\n<meta property=\"article:publisher\" content=\"https:\/\/www.facebook.com\/KapitalisInfo\/\" \/>\n<meta property=\"article:published_time\" content=\"2018-02-22T10:56:08+00:00\" \/>\n<meta property=\"og:image\" content=\"https:\/\/kapitalis.com\/tunisie\/wp-content\/uploads\/2022\/05\/kapitalis-logo-fb.png\" \/>\n\t<meta property=\"og:image:width\" content=\"1200\" \/>\n\t<meta property=\"og:image:height\" content=\"630\" \/>\n\t<meta property=\"og:image:type\" content=\"image\/png\" \/>\n<meta name=\"author\" content=\"emna benabdallah\" \/>\n<meta name=\"twitter:card\" content=\"summary_large_image\" \/>\n<meta name=\"twitter:creator\" content=\"@KapitalisInfo\" \/>\n<meta name=\"twitter:site\" content=\"@KapitalisInfo\" \/>\n<meta name=\"twitter:label1\" content=\"\u00c9crit par\" \/>\n\t<meta name=\"twitter:data1\" content=\"emna benabdallah\" \/>\n\t<meta name=\"twitter:label2\" content=\"Dur\u00e9e de lecture estim\u00e9e\" \/>\n\t<meta name=\"twitter:data2\" content=\"1 minute\" \/>\n<script type=\"application\/ld+json\" class=\"yoast-schema-graph\">{\"@context\":\"https:\/\/schema.org\",\"@graph\":[{\"@type\":\"Article\",\"@id\":\"https:\/\/kapitalis.com\/tunisie\/2018\/02\/22\/tunisie-agression-president-de-lassociation-libres-penseurs\/#article\",\"isPartOf\":{\"@id\":\"https:\/\/kapitalis.com\/tunisie\/2018\/02\/22\/tunisie-agression-president-de-lassociation-libres-penseurs\/\"},\"author\":{\"name\":\"emna benabdallah\",\"@id\":\"https:\/\/kapitalis.com\/tunisie\/#\/schema\/person\/2c6e134b2f3369dffcd1daf5f087d28b\"},\"headline\":\"Tunisie : Agression du pr\u00e9sident de l&rsquo;Association des libres penseurs\",\"datePublished\":\"2018-02-22T10:56:08+00:00\",\"mainEntityOfPage\":{\"@id\":\"https:\/\/kapitalis.com\/tunisie\/2018\/02\/22\/tunisie-agression-president-de-lassociation-libres-penseurs\/\"},\"wordCount\":208,\"commentCount\":6,\"publisher\":{\"@id\":\"https:\/\/kapitalis.com\/tunisie\/#organization\"},\"image\":{\"@id\":\"https:\/\/kapitalis.com\/tunisie\/2018\/02\/22\/tunisie-agression-president-de-lassociation-libres-penseurs\/#primaryimage\"},\"thumbnailUrl\":\"\",\"keywords\":[\"agression\",\"Association des libres penseurs\",\"Bab Saadoun\"],\"articleSection\":[\"SOCIETE\",\"Tunisie\"],\"inLanguage\":\"fr-FR\",\"potentialAction\":[{\"@type\":\"CommentAction\",\"name\":\"Comment\",\"target\":[\"https:\/\/kapitalis.com\/tunisie\/2018\/02\/22\/tunisie-agression-president-de-lassociation-libres-penseurs\/#respond\"]}]},{\"@type\":\"WebPage\",\"@id\":\"https:\/\/kapitalis.com\/tunisie\/2018\/02\/22\/tunisie-agression-president-de-lassociation-libres-penseurs\/\",\"url\":\"https:\/\/kapitalis.com\/tunisie\/2018\/02\/22\/tunisie-agression-president-de-lassociation-libres-penseurs\/\",\"name\":\"Tunisie : Agression du pr\u00e9sident de l'Association des libres penseurs - Kapitalis\",\"isPartOf\":{\"@id\":\"https:\/\/kapitalis.com\/tunisie\/#website\"},\"primaryImageOfPage\":{\"@id\":\"https:\/\/kapitalis.com\/tunisie\/2018\/02\/22\/tunisie-agression-president-de-lassociation-libres-penseurs\/#primaryimage\"},\"image\":{\"@id\":\"https:\/\/kapitalis.com\/tunisie\/2018\/02\/22\/tunisie-agression-president-de-lassociation-libres-penseurs\/#primaryimage\"},\"thumbnailUrl\":\"\",\"datePublished\":\"2018-02-22T10:56:08+00:00\",\"breadcrumb\":{\"@id\":\"https:\/\/kapitalis.com\/tunisie\/2018\/02\/22\/tunisie-agression-president-de-lassociation-libres-penseurs\/#breadcrumb\"},\"inLanguage\":\"fr-FR\",\"potentialAction\":[{\"@type\":\"ReadAction\",\"target\":[\"https:\/\/kapitalis.com\/tunisie\/2018\/02\/22\/tunisie-agression-president-de-lassociation-libres-penseurs\/\"]}]},{\"@type\":\"ImageObject\",\"inLanguage\":\"fr-FR\",\"@id\":\"https:\/\/kapitalis.com\/tunisie\/2018\/02\/22\/tunisie-agression-president-de-lassociation-libres-penseurs\/#primaryimage\",\"url\":\"\",\"contentUrl\":\"\"},{\"@type\":\"BreadcrumbList\",\"@id\":\"https:\/\/kapitalis.com\/tunisie\/2018\/02\/22\/tunisie-agression-president-de-lassociation-libres-penseurs\/#breadcrumb\",\"itemListElement\":[{\"@type\":\"ListItem\",\"position\":1,\"name\":\"Accueil\",\"item\":\"https:\/\/kapitalis.com\/tunisie\/\"},{\"@type\":\"ListItem\",\"position\":2,\"name\":\"Tunisie : Agression du pr\u00e9sident de l&rsquo;Association des libres penseurs\"}]},{\"@type\":\"WebSite\",\"@id\":\"https:\/\/kapitalis.com\/tunisie\/#website\",\"url\":\"https:\/\/kapitalis.com\/tunisie\/\",\"name\":\"Kapitalis\",\"description\":\"L&#039;actualit\u00e9 en Tunisie et dans le monde\",\"publisher\":{\"@id\":\"https:\/\/kapitalis.com\/tunisie\/#organization\"},\"potentialAction\":[{\"@type\":\"SearchAction\",\"target\":{\"@type\":\"EntryPoint\",\"urlTemplate\":\"https:\/\/kapitalis.com\/tunisie\/?s={search_term_string}\"},\"query-input\":{\"@type\":\"PropertyValueSpecification\",\"valueRequired\":true,\"valueName\":\"search_term_string\"}}],\"inLanguage\":\"fr-FR\"},{\"@type\":\"Organization\",\"@id\":\"https:\/\/kapitalis.com\/tunisie\/#organization\",\"name\":\"Kapitalis\",\"url\":\"https:\/\/kapitalis.com\/tunisie\/\",\"logo\":{\"@type\":\"ImageObject\",\"inLanguage\":\"fr-FR\",\"@id\":\"https:\/\/kapitalis.com\/tunisie\/#\/schema\/logo\/image\/\",\"url\":\"https:\/\/kapitalis.com\/tunisie\/wp-content\/uploads\/2022\/05\/Kapitalis-big-size.png\",\"contentUrl\":\"https:\/\/kapitalis.com\/tunisie\/wp-content\/uploads\/2022\/05\/Kapitalis-big-size.png\",\"width\":5000,\"height\":1500,\"caption\":\"Kapitalis\"},\"image\":{\"@id\":\"https:\/\/kapitalis.com\/tunisie\/#\/schema\/logo\/image\/\"},\"sameAs\":[\"https:\/\/www.facebook.com\/KapitalisInfo\/\",\"https:\/\/x.com\/KapitalisInfo\",\"https:\/\/www.youtube.com\/channel\/UC-yDYrHyfFBWWZaOw3FPg9Q\"]},{\"@type\":\"Person\",\"@id\":\"https:\/\/kapitalis.com\/tunisie\/#\/schema\/person\/2c6e134b2f3369dffcd1daf5f087d28b\",\"name\":\"emna benabdallah\",\"url\":\"https:\/\/kapitalis.com\/tunisie\/author\/emna\/\"}]}<\/script>\n<!-- \/ Yoast SEO plugin. -->","yoast_head_json":{"title":"Tunisie : Agression du pr\u00e9sident de l'Association des libres penseurs - Kapitalis","robots":{"index":"index","follow":"follow","max-snippet":"max-snippet:-1","max-image-preview":"max-image-preview:large","max-video-preview":"max-video-preview:-1"},"canonical":"https:\/\/kapitalis.com\/tunisie\/2018\/02\/22\/tunisie-agression-president-de-lassociation-libres-penseurs\/","og_locale":"fr_FR","og_type":"article","og_title":"Tunisie : Agression du pr\u00e9sident de l'Association des libres penseurs - Kapitalis","og_description":"Le pr\u00e9sident de l&rsquo;Association des libres penseurs (ALP), Hatem Limam, a \u00e9t\u00e9 victime, hier, mercredi 21 f\u00e9vrier 2018, d&rsquo;une agression \u00e0 Bab Saadoun (centre-ville de Tunis).","og_url":"https:\/\/kapitalis.com\/tunisie\/2018\/02\/22\/tunisie-agression-president-de-lassociation-libres-penseurs\/","og_site_name":"Kapitalis","article_publisher":"https:\/\/www.facebook.com\/KapitalisInfo\/","article_published_time":"2018-02-22T10:56:08+00:00","og_image":[{"width":1200,"height":630,"url":"https:\/\/kapitalis.com\/tunisie\/wp-content\/uploads\/2022\/05\/kapitalis-logo-fb.png","type":"image\/png"}],"author":"emna benabdallah","twitter_card":"summary_large_image","twitter_creator":"@KapitalisInfo","twitter_site":"@KapitalisInfo","twitter_misc":{"\u00c9crit par":"emna benabdallah","Dur\u00e9e de lecture estim\u00e9e":"1 minute"},"schema":{"@context":"https:\/\/schema.org","@graph":[{"@type":"Article","@id":"https:\/\/kapitalis.com\/tunisie\/2018\/02\/22\/tunisie-agression-president-de-lassociation-libres-penseurs\/#article","isPartOf":{"@id":"https:\/\/kapitalis.com\/tunisie\/2018\/02\/22\/tunisie-agression-president-de-lassociation-libres-penseurs\/"},"author":{"name":"emna benabdallah","@id":"https:\/\/kapitalis.com\/tunisie\/#\/schema\/person\/2c6e134b2f3369dffcd1daf5f087d28b"},"headline":"Tunisie : Agression du pr\u00e9sident de l&rsquo;Association des libres penseurs","datePublished":"2018-02-22T10:56:08+00:00","mainEntityOfPage":{"@id":"https:\/\/kapitalis.com\/tunisie\/2018\/02\/22\/tunisie-agression-president-de-lassociation-libres-penseurs\/"},"wordCount":208,"commentCount":6,"publisher":{"@id":"https:\/\/kapitalis.com\/tunisie\/#organization"},"image":{"@id":"https:\/\/kapitalis.com\/tunisie\/2018\/02\/22\/tunisie-agression-president-de-lassociation-libres-penseurs\/#primaryimage"},"thumbnailUrl":"","keywords":["agression","Association des libres penseurs","Bab Saadoun"],"articleSection":["SOCIETE","Tunisie"],"inLanguage":"fr-FR","potentialAction":[{"@type":"CommentAction","name":"Comment","target":["https:\/\/kapitalis.com\/tunisie\/2018\/02\/22\/tunisie-agression-president-de-lassociation-libres-penseurs\/#respond"]}]},{"@type":"WebPage","@id":"https:\/\/kapitalis.com\/tunisie\/2018\/02\/22\/tunisie-agression-president-de-lassociation-libres-penseurs\/","url":"https:\/\/kapitalis.com\/tunisie\/2018\/02\/22\/tunisie-agression-president-de-lassociation-libres-penseurs\/","name":"Tunisie : Agression du pr\u00e9sident de l'Association des libres penseurs - Kapitalis","isPartOf":{"@id":"https:\/\/kapitalis.com\/tunisie\/#website"},"primaryImageOfPage":{"@id":"https:\/\/kapitalis.com\/tunisie\/2018\/02\/22\/tunisie-agression-president-de-lassociation-libres-penseurs\/#primaryimage"},"image":{"@id":"https:\/\/kapitalis.com\/tunisie\/2018\/02\/22\/tunisie-agression-president-de-lassociation-libres-penseurs\/#primaryimage"},"thumbnailUrl":"","datePublished":"2018-02-22T10:56:08+00:00","breadcrumb":{"@id":"https:\/\/kapitalis.com\/tunisie\/2018\/02\/22\/tunisie-agression-president-de-lassociation-libres-penseurs\/#breadcrumb"},"inLanguage":"fr-FR","potentialAction":[{"@type":"ReadAction","target":["https:\/\/kapitalis.com\/tunisie\/2018\/02\/22\/tunisie-agression-president-de-lassociation-libres-penseurs\/"]}]},{"@type":"ImageObject","inLanguage":"fr-FR","@id":"https:\/\/kapitalis.com\/tunisie\/2018\/02\/22\/tunisie-agression-president-de-lassociation-libres-penseurs\/#primaryimage","url":"","contentUrl":""},{"@type":"BreadcrumbList","@id":"https:\/\/kapitalis.com\/tunisie\/2018\/02\/22\/tunisie-agression-president-de-lassociation-libres-penseurs\/#breadcrumb","itemListElement":[{"@type":"ListItem","position":1,"name":"Accueil","item":"https:\/\/kapitalis.com\/tunisie\/"},{"@type":"ListItem","position":2,"name":"Tunisie : Agression du pr\u00e9sident de l&rsquo;Association des libres penseurs"}]},{"@type":"WebSite","@id":"https:\/\/kapitalis.com\/tunisie\/#website","url":"https:\/\/kapitalis.com\/tunisie\/","name":"Kapitalis","description":"L&#039;actualit\u00e9 en Tunisie et dans le monde","publisher":{"@id":"https:\/\/kapitalis.com\/tunisie\/#organization"},"potentialAction":[{"@type":"SearchAction","target":{"@type":"EntryPoint","urlTemplate":"https:\/\/kapitalis.com\/tunisie\/?s={search_term_string}"},"query-input":{"@type":"PropertyValueSpecification","valueRequired":true,"valueName":"search_term_string"}}],"inLanguage":"fr-FR"},{"@type":"Organization","@id":"https:\/\/kapitalis.com\/tunisie\/#organization","name":"Kapitalis","url":"https:\/\/kapitalis.com\/tunisie\/","logo":{"@type":"ImageObject","inLanguage":"fr-FR","@id":"https:\/\/kapitalis.com\/tunisie\/#\/schema\/logo\/image\/","url":"https:\/\/kapitalis.com\/tunisie\/wp-content\/uploads\/2022\/05\/Kapitalis-big-size.png","contentUrl":"https:\/\/kapitalis.com\/tunisie\/wp-content\/uploads\/2022\/05\/Kapitalis-big-size.png","width":5000,"height":1500,"caption":"Kapitalis"},"image":{"@id":"https:\/\/kapitalis.com\/tunisie\/#\/schema\/logo\/image\/"},"sameAs":["https:\/\/www.facebook.com\/KapitalisInfo\/","https:\/\/x.com\/KapitalisInfo","https:\/\/www.youtube.com\/channel\/UC-yDYrHyfFBWWZaOw3FPg9Q"]},{"@type":"Person","@id":"https:\/\/kapitalis.com\/tunisie\/#\/schema\/person\/2c6e134b2f3369dffcd1daf5f087d28b","name":"emna benabdallah","url":"https:\/\/kapitalis.com\/tunisie\/author\/emna\/"}]}},"_links":{"self":[{"href":"https:\/\/kapitalis.com\/tunisie\/wp-json\/wp\/v2\/posts\/139971","targetHints":{"allow":["GET"]}}],"collection":[{"href":"https:\/\/kapitalis.com\/tunisie\/wp-json\/wp\/v2\/posts"}],"about":[{"href":"https:\/\/kapitalis.com\/tunisie\/wp-json\/wp\/v2\/types\/post"}],"author":[{"embeddable":true,"href":"https:\/\/kapitalis.com\/tunisie\/wp-json\/wp\/v2\/users\/16"}],"replies":[{"embeddable":true,"href":"https:\/\/kapitalis.com\/tunisie\/wp-json\/wp\/v2\/comments?post=139971"}],"version-history":[{"count":0,"href":"https:\/\/kapitalis.com\/tunisie\/wp-json\/wp\/v2\/posts\/139971\/revisions"}],"wp:featuredmedia":[{"embeddable":true,"href":"https:\/\/kapitalis.com\/tunisie\/wp-json\/wp\/v2\/media\/139972"}],"wp:attachment":[{"href":"https:\/\/kapitalis.com\/tunisie\/wp-json\/wp\/v2\/media?parent=139971"}],"wp:term":[{"taxonomy":"category","embeddable":true,"href":"https:\/\/kapitalis.com\/tunisie\/wp-json\/wp\/v2\/categories?post=139971"},{"taxonomy":"post_tag","embeddable":true,"href":"https:\/\/kapitalis.com\/tunisie\/wp-json\/wp\/v2\/tags?post=139971"}],"curies":[{"name":"wp","href":"https:\/\/api.w.org\/{rel}","templated":true}]}}