{"id":13998078,"date":"2024-09-16T07:03:45","date_gmt":"2024-09-16T06:03:45","guid":{"rendered":"https:\/\/kapitalis.com\/tunisie\/?p=13998078"},"modified":"2024-09-16T07:03:47","modified_gmt":"2024-09-16T06:03:47","slug":"deces-de-lecrivain-libanais-elias-khoury-au-coeur-de-la-tragedie-palestinienne","status":"publish","type":"post","link":"https:\/\/kapitalis.com\/tunisie\/2024\/09\/16\/deces-de-lecrivain-libanais-elias-khoury-au-coeur-de-la-tragedie-palestinienne\/","title":{"rendered":"D\u00e9c\u00e8s de l\u2019\u00e9crivain libanais Elias Khoury \u00a0: au c\u0153ur de la trag\u00e9die palestinienne"},"content":{"rendered":"\n<p><em><strong>La sc\u00e8ne litt\u00e9raire arabe et libanaise vient de perdre l\u2019une de ses grandes figures des cinquante derni\u00e8res ann\u00e9es, le romancier,\u00a0dramaturge et critique\u00a0litt\u00e9raire libanais Elias Khoury qui est d\u00e9c\u00e9d\u00e9 le 15 septembre 2024 \u00e0 l\u2019\u00e2ge de 76 ans.<\/strong><\/em><\/p>\n\n\n\n<!--more-->\n\n\n\n<p>N\u00e9 le\u00a012 juillet 1948\u00a0\u00e0\u00a0Beyrouth, le d\u00e9funt est un\u00a0intellectuel de renomm\u00e9e internationale, auteur d\u2019une dizaine de romans, traduits dans de nombreuses langues, trois pi\u00e8ces de th\u00e9\u00e2tre ainsi que divers ouvrages de critiques litt\u00e9raires. Il \u00e9tait aussi r\u00e9dacteur en chef du journal\u00a0<em>Al-Mulhaq<\/em>, le suppl\u00e9ment hebdomadaire du quotidien libanais <em>Al-Nahar.<\/em><\/p>\n\n\n\n<p>N\u00e9 dans une famille chr\u00e9tienne, il \u00e9tait proche des cercles de la gauche libanaise et soutenait la cause palestinienne. Il a d\u2019ailleurs \u00e9t\u00e9 membre du Fatah, la plus importante organisation palestinienne au sein de l\u2019OLP, et prit part \u00e0 la guerre civile libanaise et fut bless\u00e9, perdant temporairement la vue. Sur le plan litt\u00e9raire, il sera tr\u00e8s proche des intellectuels palestiniens comme Hicham Charabi et Mahmoud Darwich \u00a0\u00a0<\/p>\n\n\n\n<p>Il a aussi enseign\u00e9 \u00e0 l&rsquo;universit\u00e9 Columbia&nbsp;\u00e0&nbsp;New York, \u00e0 l&rsquo;universit\u00e9 am\u00e9ricaine de Beyrouth, \u00e0 l&rsquo;universit\u00e9 libanaise&nbsp;et \u00e0 l&rsquo;universit\u00e9 de New York.<\/p>\n\n\n\n<p><em>Son roman \u2018\u2018La porte du Soleil\u2019\u2019<\/em>\u00a0(1998) raconte l\u2019\u00e9pop\u00e9e des r\u00e9fugi\u00e9s palestiniens au\u00a0Liban\u00a0depuis la\u00a0Nakba\u00a0en\u00a01948, et \u00e9voque de fa\u00e7on subtile les id\u00e9es de m\u00e9moire, de v\u00e9rit\u00e9 et de t\u00e9moignage. Il a \u00e9t\u00e9 transpos\u00e9 \u00e0 l\u2019\u00e9cran par le cin\u00e9aste\u00a0\u00c9gyptien\u00a0Yousry Nasrallah. Interview\u00e9 par le journal\u00a0isra\u00e9lien Yediot Aharonot \u00e0 la suite de l&rsquo;\u00e9dition en\u00a0h\u00e9breu\u00a0de ce roman, Khoury expliqua\u00a0: <em>\u00abQuand je travaillais sur ce livre, j&rsquo;ai d\u00e9couvert que l&rsquo;\u2018\u2018autre\u2019\u2019 est un miroir de \u2018\u2018Je\u2019\u2019. \u00c9tant donn\u00e9 que j\u2019\u00e9cris depuis pr\u00e8s d\u2019un demi-si\u00e8cle sur l\u2019exp\u00e9rience palestinienne, il est impossible de lire cette exp\u00e9rience autrement que dans le miroir de l\u2019\u2018\u2018autre\u2019\u2019 isra\u00e9lien. Pour cette raison, quand j\u2019\u00e9crivais ce roman, j\u2019ai fait beaucoup d\u2019efforts pour essayer d\u2019\u00e9viter les st\u00e9r\u00e9otypes du Palestinien mais aussi les st\u00e9r\u00e9otypes de l\u2019Isra\u00e9lien comme il appara\u00eet dans la litt\u00e9rature arabe et sp\u00e9cifiquement dans la litt\u00e9rature palestinienne de Ghassan Kanafani, par exemple, ou m\u00eame d\u2019Emil Habibi. L\u2019Isra\u00e9lien n\u2019est pas seulement le policier ou l\u2019occupant, il est l\u2019\u201cautre\u201d, qui a aussi une exp\u00e9rience humaine, et nous avons besoin de cette exp\u00e9rience. Notre lecture de son exp\u00e9rience est un miroir pour notre lecture de l\u2019exp\u00e9rience palestinienne.\u00bb<\/em><\/p>\n\n\n\n<p>L\u2019un des r\u00e9cents romans de Khoury,&nbsp;\u2018\u2018<em>Yalo\u2019\u2019 <\/em>(2004), raconte l\u2019histoire controvers\u00e9e d\u2019un ancien milicien accus\u00e9 de crimes pendant la guerre civile et d\u00e9crit l\u2019utilisation de la&nbsp;<a href=\"https:\/\/fr.wikipedia.org\/wiki\/Torture\">torture<\/a>&nbsp;dans le syst\u00e8me judiciaire libanais.<\/p>\n\n\n\n<p>Les romans de Khoury sont remarquables pour leur approche complexe \u00e0 la fois des th\u00e9matiques politiques et des questions plus fondamentales sur le comportement humain. Ils impliquent souvent un monologue int\u00e9rieur. Dans ses \u0153uvres r\u00e9centes, Khoury utilise beaucoup d\u2019\u00e9l\u00e9ments de l\u2019arabe&nbsp;familier, m\u00eame si le langage de ses romans reste principalement l\u2019arabe classique. Cette utilisation du vocabulaire dialectal aide \u00e0 la cr\u00e9dibilit\u00e9 et \u00e0 la spontan\u00e9it\u00e9 de la voix narrative. Alors que l&rsquo;utilisation du dialecte au sein des dialogues est tr\u00e8s courante dans la litt\u00e9rature arabe moderne, Khoury introduit l\u2019arabe familier dans les narrations, ce qui est inhabituel.<\/p>\n\n\n\n<p>Les \u0153uvres d\u2019Elias Khoury ont \u00e9t\u00e9 traduites en anglais, fran\u00e7ais, allemand, h\u00e9breu, italien, catalan et su\u00e9dois.<\/p>\n\n\n\n<p>D\u2019apr\u00e8s <em><a href=\"https:\/\/fr.wikipedia.org\/wiki\/Elias_Khoury\" target=\"_blank\" rel=\"noreferrer noopener\">Wikipedia<\/a><\/em><\/p>\n","protected":false},"excerpt":{"rendered":"<p>D\u00e9c\u00e8s du romancier ,\u00a0dramaturge et critique\u00a0litt\u00e9raire libanais Elias Khoury. <\/p>\n","protected":false},"author":8,"featured_media":13998096,"comment_status":"closed","ping_status":"open","sticky":false,"template":"","format":"standard","meta":{"footnotes":""},"categories":[994,2433],"tags":[8600,117938,91019,20703,117940,117939,8563,21487,108832,4026],"class_list":["post-13998078","post","type-post","status-publish","format-standard","has-post-thumbnail","hentry","category-culture","category-tunisie","tag-beyrouth","tag-elias-khoury","tag-fatah","tag-guerre-civile","tag-hicham-charabi","tag-hisham-sharabi","tag-liban","tag-mahmoud-darwich","tag-olp","tag-palestine"],"yoast_head":"<!-- This site is optimized with the Yoast SEO plugin v26.6 - https:\/\/yoast.com\/wordpress\/plugins\/seo\/ -->\n<title>D\u00e9c\u00e8s de l\u2019\u00e9crivain libanais Elias Khoury \u00a0: au c\u0153ur de la trag\u00e9die palestinienne - Kapitalis<\/title>\n<meta name=\"robots\" content=\"index, follow, max-snippet:-1, max-image-preview:large, max-video-preview:-1\" \/>\n<link rel=\"canonical\" href=\"https:\/\/kapitalis.com\/tunisie\/2024\/09\/16\/deces-de-lecrivain-libanais-elias-khoury-au-coeur-de-la-tragedie-palestinienne\/\" \/>\n<meta property=\"og:locale\" content=\"fr_FR\" \/>\n<meta property=\"og:type\" content=\"article\" \/>\n<meta property=\"og:title\" content=\"D\u00e9c\u00e8s de l\u2019\u00e9crivain libanais Elias Khoury \u00a0: au c\u0153ur de la trag\u00e9die palestinienne - Kapitalis\" \/>\n<meta property=\"og:description\" content=\"D\u00e9c\u00e8s du romancier ,\u00a0dramaturge et critique\u00a0litt\u00e9raire libanais Elias Khoury.\" \/>\n<meta property=\"og:url\" content=\"https:\/\/kapitalis.com\/tunisie\/2024\/09\/16\/deces-de-lecrivain-libanais-elias-khoury-au-coeur-de-la-tragedie-palestinienne\/\" \/>\n<meta property=\"og:site_name\" content=\"Kapitalis\" \/>\n<meta property=\"article:publisher\" content=\"https:\/\/www.facebook.com\/KapitalisInfo\/\" \/>\n<meta property=\"article:published_time\" content=\"2024-09-16T06:03:45+00:00\" \/>\n<meta property=\"article:modified_time\" content=\"2024-09-16T06:03:47+00:00\" \/>\n<meta property=\"og:image\" content=\"https:\/\/kapitalis.com\/tunisie\/wp-content\/uploads\/2024\/09\/Elias-Khoury.jpg\" \/>\n\t<meta property=\"og:image:width\" content=\"1200\" \/>\n\t<meta property=\"og:image:height\" content=\"630\" \/>\n\t<meta property=\"og:image:type\" content=\"image\/jpeg\" \/>\n<meta name=\"author\" content=\"webmaster kapitalis\" \/>\n<meta name=\"twitter:card\" content=\"summary_large_image\" \/>\n<meta name=\"twitter:creator\" content=\"@KapitalisInfo\" \/>\n<meta name=\"twitter:site\" content=\"@KapitalisInfo\" \/>\n<meta name=\"twitter:label1\" content=\"\u00c9crit par\" \/>\n\t<meta name=\"twitter:data1\" content=\"webmaster kapitalis\" \/>\n\t<meta name=\"twitter:label2\" content=\"Dur\u00e9e de lecture estim\u00e9e\" \/>\n\t<meta name=\"twitter:data2\" content=\"3 minutes\" \/>\n<script type=\"application\/ld+json\" class=\"yoast-schema-graph\">{\"@context\":\"https:\/\/schema.org\",\"@graph\":[{\"@type\":\"Article\",\"@id\":\"https:\/\/kapitalis.com\/tunisie\/2024\/09\/16\/deces-de-lecrivain-libanais-elias-khoury-au-coeur-de-la-tragedie-palestinienne\/#article\",\"isPartOf\":{\"@id\":\"https:\/\/kapitalis.com\/tunisie\/2024\/09\/16\/deces-de-lecrivain-libanais-elias-khoury-au-coeur-de-la-tragedie-palestinienne\/\"},\"author\":{\"name\":\"webmaster kapitalis\",\"@id\":\"https:\/\/kapitalis.com\/tunisie\/#\/schema\/person\/d71f33a9ca44f7bad4698210b480c8e9\"},\"headline\":\"D\u00e9c\u00e8s de l\u2019\u00e9crivain libanais Elias Khoury \u00a0: au c\u0153ur de la trag\u00e9die palestinienne\",\"datePublished\":\"2024-09-16T06:03:45+00:00\",\"dateModified\":\"2024-09-16T06:03:47+00:00\",\"mainEntityOfPage\":{\"@id\":\"https:\/\/kapitalis.com\/tunisie\/2024\/09\/16\/deces-de-lecrivain-libanais-elias-khoury-au-coeur-de-la-tragedie-palestinienne\/\"},\"wordCount\":623,\"publisher\":{\"@id\":\"https:\/\/kapitalis.com\/tunisie\/#organization\"},\"image\":{\"@id\":\"https:\/\/kapitalis.com\/tunisie\/2024\/09\/16\/deces-de-lecrivain-libanais-elias-khoury-au-coeur-de-la-tragedie-palestinienne\/#primaryimage\"},\"thumbnailUrl\":\"https:\/\/kapitalis.com\/tunisie\/wp-content\/uploads\/2024\/09\/Elias-Khoury.jpg\",\"keywords\":[\"Beyrouth\",\"Elias Khoury\",\"Fatah\",\"guerre civile\",\"Hicham Charabi\",\"Hisham Sharabi\",\"Liban\",\"Mahmoud Darwich\",\"OLP\",\"Palestine\"],\"articleSection\":[\"CULTURE\",\"Tunisie\"],\"inLanguage\":\"fr-FR\"},{\"@type\":\"WebPage\",\"@id\":\"https:\/\/kapitalis.com\/tunisie\/2024\/09\/16\/deces-de-lecrivain-libanais-elias-khoury-au-coeur-de-la-tragedie-palestinienne\/\",\"url\":\"https:\/\/kapitalis.com\/tunisie\/2024\/09\/16\/deces-de-lecrivain-libanais-elias-khoury-au-coeur-de-la-tragedie-palestinienne\/\",\"name\":\"D\u00e9c\u00e8s de l\u2019\u00e9crivain libanais Elias Khoury \u00a0: au c\u0153ur de la trag\u00e9die palestinienne - Kapitalis\",\"isPartOf\":{\"@id\":\"https:\/\/kapitalis.com\/tunisie\/#website\"},\"primaryImageOfPage\":{\"@id\":\"https:\/\/kapitalis.com\/tunisie\/2024\/09\/16\/deces-de-lecrivain-libanais-elias-khoury-au-coeur-de-la-tragedie-palestinienne\/#primaryimage\"},\"image\":{\"@id\":\"https:\/\/kapitalis.com\/tunisie\/2024\/09\/16\/deces-de-lecrivain-libanais-elias-khoury-au-coeur-de-la-tragedie-palestinienne\/#primaryimage\"},\"thumbnailUrl\":\"https:\/\/kapitalis.com\/tunisie\/wp-content\/uploads\/2024\/09\/Elias-Khoury.jpg\",\"datePublished\":\"2024-09-16T06:03:45+00:00\",\"dateModified\":\"2024-09-16T06:03:47+00:00\",\"breadcrumb\":{\"@id\":\"https:\/\/kapitalis.com\/tunisie\/2024\/09\/16\/deces-de-lecrivain-libanais-elias-khoury-au-coeur-de-la-tragedie-palestinienne\/#breadcrumb\"},\"inLanguage\":\"fr-FR\",\"potentialAction\":[{\"@type\":\"ReadAction\",\"target\":[\"https:\/\/kapitalis.com\/tunisie\/2024\/09\/16\/deces-de-lecrivain-libanais-elias-khoury-au-coeur-de-la-tragedie-palestinienne\/\"]}]},{\"@type\":\"ImageObject\",\"inLanguage\":\"fr-FR\",\"@id\":\"https:\/\/kapitalis.com\/tunisie\/2024\/09\/16\/deces-de-lecrivain-libanais-elias-khoury-au-coeur-de-la-tragedie-palestinienne\/#primaryimage\",\"url\":\"https:\/\/kapitalis.com\/tunisie\/wp-content\/uploads\/2024\/09\/Elias-Khoury.jpg\",\"contentUrl\":\"https:\/\/kapitalis.com\/tunisie\/wp-content\/uploads\/2024\/09\/Elias-Khoury.jpg\",\"width\":1200,\"height\":630},{\"@type\":\"BreadcrumbList\",\"@id\":\"https:\/\/kapitalis.com\/tunisie\/2024\/09\/16\/deces-de-lecrivain-libanais-elias-khoury-au-coeur-de-la-tragedie-palestinienne\/#breadcrumb\",\"itemListElement\":[{\"@type\":\"ListItem\",\"position\":1,\"name\":\"Accueil\",\"item\":\"https:\/\/kapitalis.com\/tunisie\/\"},{\"@type\":\"ListItem\",\"position\":2,\"name\":\"D\u00e9c\u00e8s de l\u2019\u00e9crivain libanais Elias Khoury \u00a0: au c\u0153ur de la trag\u00e9die palestinienne\"}]},{\"@type\":\"WebSite\",\"@id\":\"https:\/\/kapitalis.com\/tunisie\/#website\",\"url\":\"https:\/\/kapitalis.com\/tunisie\/\",\"name\":\"Kapitalis\",\"description\":\"L&#039;actualit\u00e9 en Tunisie et dans le monde\",\"publisher\":{\"@id\":\"https:\/\/kapitalis.com\/tunisie\/#organization\"},\"potentialAction\":[{\"@type\":\"SearchAction\",\"target\":{\"@type\":\"EntryPoint\",\"urlTemplate\":\"https:\/\/kapitalis.com\/tunisie\/?s={search_term_string}\"},\"query-input\":{\"@type\":\"PropertyValueSpecification\",\"valueRequired\":true,\"valueName\":\"search_term_string\"}}],\"inLanguage\":\"fr-FR\"},{\"@type\":\"Organization\",\"@id\":\"https:\/\/kapitalis.com\/tunisie\/#organization\",\"name\":\"Kapitalis\",\"url\":\"https:\/\/kapitalis.com\/tunisie\/\",\"logo\":{\"@type\":\"ImageObject\",\"inLanguage\":\"fr-FR\",\"@id\":\"https:\/\/kapitalis.com\/tunisie\/#\/schema\/logo\/image\/\",\"url\":\"https:\/\/kapitalis.com\/tunisie\/wp-content\/uploads\/2022\/05\/Kapitalis-big-size.png\",\"contentUrl\":\"https:\/\/kapitalis.com\/tunisie\/wp-content\/uploads\/2022\/05\/Kapitalis-big-size.png\",\"width\":5000,\"height\":1500,\"caption\":\"Kapitalis\"},\"image\":{\"@id\":\"https:\/\/kapitalis.com\/tunisie\/#\/schema\/logo\/image\/\"},\"sameAs\":[\"https:\/\/www.facebook.com\/KapitalisInfo\/\",\"https:\/\/x.com\/KapitalisInfo\",\"https:\/\/www.youtube.com\/channel\/UC-yDYrHyfFBWWZaOw3FPg9Q\"]},{\"@type\":\"Person\",\"@id\":\"https:\/\/kapitalis.com\/tunisie\/#\/schema\/person\/d71f33a9ca44f7bad4698210b480c8e9\",\"name\":\"webmaster kapitalis\",\"url\":\"https:\/\/kapitalis.com\/tunisie\/author\/webmaster-kapitalis\/\"}]}<\/script>\n<!-- \/ Yoast SEO plugin. -->","yoast_head_json":{"title":"D\u00e9c\u00e8s de l\u2019\u00e9crivain libanais Elias Khoury \u00a0: au c\u0153ur de la trag\u00e9die palestinienne - Kapitalis","robots":{"index":"index","follow":"follow","max-snippet":"max-snippet:-1","max-image-preview":"max-image-preview:large","max-video-preview":"max-video-preview:-1"},"canonical":"https:\/\/kapitalis.com\/tunisie\/2024\/09\/16\/deces-de-lecrivain-libanais-elias-khoury-au-coeur-de-la-tragedie-palestinienne\/","og_locale":"fr_FR","og_type":"article","og_title":"D\u00e9c\u00e8s de l\u2019\u00e9crivain libanais Elias Khoury \u00a0: au c\u0153ur de la trag\u00e9die palestinienne - Kapitalis","og_description":"D\u00e9c\u00e8s du romancier ,\u00a0dramaturge et critique\u00a0litt\u00e9raire libanais Elias Khoury.","og_url":"https:\/\/kapitalis.com\/tunisie\/2024\/09\/16\/deces-de-lecrivain-libanais-elias-khoury-au-coeur-de-la-tragedie-palestinienne\/","og_site_name":"Kapitalis","article_publisher":"https:\/\/www.facebook.com\/KapitalisInfo\/","article_published_time":"2024-09-16T06:03:45+00:00","article_modified_time":"2024-09-16T06:03:47+00:00","og_image":[{"width":1200,"height":630,"url":"https:\/\/kapitalis.com\/tunisie\/wp-content\/uploads\/2024\/09\/Elias-Khoury.jpg","type":"image\/jpeg"}],"author":"webmaster kapitalis","twitter_card":"summary_large_image","twitter_creator":"@KapitalisInfo","twitter_site":"@KapitalisInfo","twitter_misc":{"\u00c9crit par":"webmaster kapitalis","Dur\u00e9e de lecture estim\u00e9e":"3 minutes"},"schema":{"@context":"https:\/\/schema.org","@graph":[{"@type":"Article","@id":"https:\/\/kapitalis.com\/tunisie\/2024\/09\/16\/deces-de-lecrivain-libanais-elias-khoury-au-coeur-de-la-tragedie-palestinienne\/#article","isPartOf":{"@id":"https:\/\/kapitalis.com\/tunisie\/2024\/09\/16\/deces-de-lecrivain-libanais-elias-khoury-au-coeur-de-la-tragedie-palestinienne\/"},"author":{"name":"webmaster kapitalis","@id":"https:\/\/kapitalis.com\/tunisie\/#\/schema\/person\/d71f33a9ca44f7bad4698210b480c8e9"},"headline":"D\u00e9c\u00e8s de l\u2019\u00e9crivain libanais Elias Khoury \u00a0: au c\u0153ur de la trag\u00e9die palestinienne","datePublished":"2024-09-16T06:03:45+00:00","dateModified":"2024-09-16T06:03:47+00:00","mainEntityOfPage":{"@id":"https:\/\/kapitalis.com\/tunisie\/2024\/09\/16\/deces-de-lecrivain-libanais-elias-khoury-au-coeur-de-la-tragedie-palestinienne\/"},"wordCount":623,"publisher":{"@id":"https:\/\/kapitalis.com\/tunisie\/#organization"},"image":{"@id":"https:\/\/kapitalis.com\/tunisie\/2024\/09\/16\/deces-de-lecrivain-libanais-elias-khoury-au-coeur-de-la-tragedie-palestinienne\/#primaryimage"},"thumbnailUrl":"https:\/\/kapitalis.com\/tunisie\/wp-content\/uploads\/2024\/09\/Elias-Khoury.jpg","keywords":["Beyrouth","Elias Khoury","Fatah","guerre civile","Hicham Charabi","Hisham Sharabi","Liban","Mahmoud Darwich","OLP","Palestine"],"articleSection":["CULTURE","Tunisie"],"inLanguage":"fr-FR"},{"@type":"WebPage","@id":"https:\/\/kapitalis.com\/tunisie\/2024\/09\/16\/deces-de-lecrivain-libanais-elias-khoury-au-coeur-de-la-tragedie-palestinienne\/","url":"https:\/\/kapitalis.com\/tunisie\/2024\/09\/16\/deces-de-lecrivain-libanais-elias-khoury-au-coeur-de-la-tragedie-palestinienne\/","name":"D\u00e9c\u00e8s de l\u2019\u00e9crivain libanais Elias Khoury \u00a0: au c\u0153ur de la trag\u00e9die palestinienne - Kapitalis","isPartOf":{"@id":"https:\/\/kapitalis.com\/tunisie\/#website"},"primaryImageOfPage":{"@id":"https:\/\/kapitalis.com\/tunisie\/2024\/09\/16\/deces-de-lecrivain-libanais-elias-khoury-au-coeur-de-la-tragedie-palestinienne\/#primaryimage"},"image":{"@id":"https:\/\/kapitalis.com\/tunisie\/2024\/09\/16\/deces-de-lecrivain-libanais-elias-khoury-au-coeur-de-la-tragedie-palestinienne\/#primaryimage"},"thumbnailUrl":"https:\/\/kapitalis.com\/tunisie\/wp-content\/uploads\/2024\/09\/Elias-Khoury.jpg","datePublished":"2024-09-16T06:03:45+00:00","dateModified":"2024-09-16T06:03:47+00:00","breadcrumb":{"@id":"https:\/\/kapitalis.com\/tunisie\/2024\/09\/16\/deces-de-lecrivain-libanais-elias-khoury-au-coeur-de-la-tragedie-palestinienne\/#breadcrumb"},"inLanguage":"fr-FR","potentialAction":[{"@type":"ReadAction","target":["https:\/\/kapitalis.com\/tunisie\/2024\/09\/16\/deces-de-lecrivain-libanais-elias-khoury-au-coeur-de-la-tragedie-palestinienne\/"]}]},{"@type":"ImageObject","inLanguage":"fr-FR","@id":"https:\/\/kapitalis.com\/tunisie\/2024\/09\/16\/deces-de-lecrivain-libanais-elias-khoury-au-coeur-de-la-tragedie-palestinienne\/#primaryimage","url":"https:\/\/kapitalis.com\/tunisie\/wp-content\/uploads\/2024\/09\/Elias-Khoury.jpg","contentUrl":"https:\/\/kapitalis.com\/tunisie\/wp-content\/uploads\/2024\/09\/Elias-Khoury.jpg","width":1200,"height":630},{"@type":"BreadcrumbList","@id":"https:\/\/kapitalis.com\/tunisie\/2024\/09\/16\/deces-de-lecrivain-libanais-elias-khoury-au-coeur-de-la-tragedie-palestinienne\/#breadcrumb","itemListElement":[{"@type":"ListItem","position":1,"name":"Accueil","item":"https:\/\/kapitalis.com\/tunisie\/"},{"@type":"ListItem","position":2,"name":"D\u00e9c\u00e8s de l\u2019\u00e9crivain libanais Elias Khoury \u00a0: au c\u0153ur de la trag\u00e9die palestinienne"}]},{"@type":"WebSite","@id":"https:\/\/kapitalis.com\/tunisie\/#website","url":"https:\/\/kapitalis.com\/tunisie\/","name":"Kapitalis","description":"L&#039;actualit\u00e9 en Tunisie et dans le monde","publisher":{"@id":"https:\/\/kapitalis.com\/tunisie\/#organization"},"potentialAction":[{"@type":"SearchAction","target":{"@type":"EntryPoint","urlTemplate":"https:\/\/kapitalis.com\/tunisie\/?s={search_term_string}"},"query-input":{"@type":"PropertyValueSpecification","valueRequired":true,"valueName":"search_term_string"}}],"inLanguage":"fr-FR"},{"@type":"Organization","@id":"https:\/\/kapitalis.com\/tunisie\/#organization","name":"Kapitalis","url":"https:\/\/kapitalis.com\/tunisie\/","logo":{"@type":"ImageObject","inLanguage":"fr-FR","@id":"https:\/\/kapitalis.com\/tunisie\/#\/schema\/logo\/image\/","url":"https:\/\/kapitalis.com\/tunisie\/wp-content\/uploads\/2022\/05\/Kapitalis-big-size.png","contentUrl":"https:\/\/kapitalis.com\/tunisie\/wp-content\/uploads\/2022\/05\/Kapitalis-big-size.png","width":5000,"height":1500,"caption":"Kapitalis"},"image":{"@id":"https:\/\/kapitalis.com\/tunisie\/#\/schema\/logo\/image\/"},"sameAs":["https:\/\/www.facebook.com\/KapitalisInfo\/","https:\/\/x.com\/KapitalisInfo","https:\/\/www.youtube.com\/channel\/UC-yDYrHyfFBWWZaOw3FPg9Q"]},{"@type":"Person","@id":"https:\/\/kapitalis.com\/tunisie\/#\/schema\/person\/d71f33a9ca44f7bad4698210b480c8e9","name":"webmaster kapitalis","url":"https:\/\/kapitalis.com\/tunisie\/author\/webmaster-kapitalis\/"}]}},"_links":{"self":[{"href":"https:\/\/kapitalis.com\/tunisie\/wp-json\/wp\/v2\/posts\/13998078","targetHints":{"allow":["GET"]}}],"collection":[{"href":"https:\/\/kapitalis.com\/tunisie\/wp-json\/wp\/v2\/posts"}],"about":[{"href":"https:\/\/kapitalis.com\/tunisie\/wp-json\/wp\/v2\/types\/post"}],"author":[{"embeddable":true,"href":"https:\/\/kapitalis.com\/tunisie\/wp-json\/wp\/v2\/users\/8"}],"replies":[{"embeddable":true,"href":"https:\/\/kapitalis.com\/tunisie\/wp-json\/wp\/v2\/comments?post=13998078"}],"version-history":[{"count":2,"href":"https:\/\/kapitalis.com\/tunisie\/wp-json\/wp\/v2\/posts\/13998078\/revisions"}],"predecessor-version":[{"id":13998124,"href":"https:\/\/kapitalis.com\/tunisie\/wp-json\/wp\/v2\/posts\/13998078\/revisions\/13998124"}],"wp:featuredmedia":[{"embeddable":true,"href":"https:\/\/kapitalis.com\/tunisie\/wp-json\/wp\/v2\/media\/13998096"}],"wp:attachment":[{"href":"https:\/\/kapitalis.com\/tunisie\/wp-json\/wp\/v2\/media?parent=13998078"}],"wp:term":[{"taxonomy":"category","embeddable":true,"href":"https:\/\/kapitalis.com\/tunisie\/wp-json\/wp\/v2\/categories?post=13998078"},{"taxonomy":"post_tag","embeddable":true,"href":"https:\/\/kapitalis.com\/tunisie\/wp-json\/wp\/v2\/tags?post=13998078"}],"curies":[{"name":"wp","href":"https:\/\/api.w.org\/{rel}","templated":true}]}}