{"id":14014063,"date":"2024-09-18T16:44:04","date_gmt":"2024-09-18T15:44:04","guid":{"rendered":"https:\/\/kapitalis.com\/tunisie\/?p=14014063"},"modified":"2024-09-18T18:06:05","modified_gmt":"2024-09-18T17:06:05","slug":"le-candidat-a-la-presidentielle-ayachi-zammel-decide-de-boycotter-toutes-ses-audiences","status":"publish","type":"post","link":"https:\/\/kapitalis.com\/tunisie\/2024\/09\/18\/le-candidat-a-la-presidentielle-ayachi-zammel-decide-de-boycotter-toutes-ses-audiences\/","title":{"rendered":"Le candidat \u00e0 la pr\u00e9sidentielle Ayachi Zammel d\u00e9cide de boycotter toutes ses audiences"},"content":{"rendered":"\n<p><em><strong>Le candidat \u00e0 la pr\u00e9sidentielle Ayachi Zammel a d\u00e9cid\u00e9 de boycotter toutes les audiences pr\u00e9vues dans le cadre des instructions engag\u00e9es \u00e0 son encontre, annonce un communiqu\u00e9 publi\u00e9 ce mercredi 18 septembre 2024, sur la page Facebook du concern\u00e9.<\/strong><\/em><\/p>\n\n\n\n<!--more-->\n\n\n\n<p>En d\u00e9tention depuis deux semaines et poursuivi dans plusieurs affaires li\u00e9es \u00e0 des soup\u00e7ons de falsifications de parrainages, le candidat \u00e0 la pr\u00e9sidentielle affirme que cette d\u00e9cision a \u00e9t\u00e9 prise \u00ab <em>afin de protester contre le harc\u00e8lement judiciaire et les proc\u00e8s politiques le visant et qui l\u2019emp\u00eachent de mener sa campagne \u00e9lectorale<\/em> \u00bb.<\/p>\n\n\n\n<p>Ayachi Zammel estime par ailleurs que les accusations le visant \u00ab<em> sont bas\u00e9es sur des dossiers fabriqu\u00e9s dans le but de l&rsquo;\u00e9puiser psychologiquement et physiquement afin de l&#8217;emp\u00eacher de mener sa campagne et de pr\u00e9senter son programme en sa qualit\u00e9 de candidat officiel \u00e0 la pr\u00e9sidentielle du 6 octobre 2024 <\/em>\u00bb.<\/p>\n\n\n\n<p class=\"has-text-align-right\"><strong>Y. N.<\/strong><\/p>\n\n\n\n<figure class=\"wp-block-embed is-type-wp-embed is-provider-kapitalis wp-block-embed-kapitalis\"><div class=\"wp-block-embed__wrapper\">\n<blockquote class=\"wp-embedded-content\" data-secret=\"oSLs7bbw7X\"><a href=\"https:\/\/kapitalis.com\/tunisie\/2024\/09\/18\/presidentielle-tunisienne-nouveau-proces-contre-le-candidat-ayachi-zammel\/\">Pr\u00e9sidentielle tunisienne\u00a0: nouveau proc\u00e8s contre le candidat Ayachi Zammel<\/a><\/blockquote><iframe loading=\"lazy\" class=\"wp-embedded-content\" sandbox=\"allow-scripts\" security=\"restricted\" style=\"position: absolute; visibility: hidden;\" title=\"\u00ab\u00a0Pr\u00e9sidentielle tunisienne\u00a0: nouveau proc\u00e8s contre le candidat Ayachi Zammel\u00a0\u00bb &#8212; Kapitalis\" src=\"https:\/\/kapitalis.com\/tunisie\/2024\/09\/18\/presidentielle-tunisienne-nouveau-proces-contre-le-candidat-ayachi-zammel\/embed\/#?secret=OiKJpsOHHU#?secret=oSLs7bbw7X\" data-secret=\"oSLs7bbw7X\" width=\"600\" height=\"338\" frameborder=\"0\" marginwidth=\"0\" marginheight=\"0\" scrolling=\"no\"><\/iframe>\n<\/div><\/figure>\n","protected":false},"excerpt":{"rendered":"<p>Le candidat \u00e0 la pr\u00e9sidentielle Ayachi Zammel a d\u00e9cid\u00e9 de boycotter toutes les audiences pr\u00e9vues dans le cadre des instructions engag\u00e9es \u00e0 son encontre, annonce un communiqu\u00e9 publi\u00e9 ce mercredi 18 septembre 2024, sur la page Facebook du concern\u00e9.<\/p>\n","protected":false},"author":6,"featured_media":4333574,"comment_status":"closed","ping_status":"open","sticky":false,"template":"","format":"standard","meta":{"footnotes":""},"categories":[997,2433],"tags":[117000,79858,5590,1363,103320,4797,62643],"class_list":["post-14014063","post","type-post","status-publish","format-standard","has-post-thumbnail","hentry","category-politique","category-tunisie","tag-6-octobre","tag-ayachi-zammel","tag-boycott","tag-candidat","tag-parrainages","tag-presidentielle","tag-tunisie"],"yoast_head":"<!-- This site is optimized with the Yoast SEO plugin v26.6 - https:\/\/yoast.com\/wordpress\/plugins\/seo\/ -->\n<title>Le candidat \u00e0 la pr\u00e9sidentielle Ayachi Zammel d\u00e9cide de boycotter toutes ses audiences - Kapitalis<\/title>\n<meta name=\"robots\" content=\"index, follow, max-snippet:-1, max-image-preview:large, max-video-preview:-1\" \/>\n<link rel=\"canonical\" href=\"https:\/\/kapitalis.com\/tunisie\/2024\/09\/18\/le-candidat-a-la-presidentielle-ayachi-zammel-decide-de-boycotter-toutes-ses-audiences\/\" \/>\n<meta property=\"og:locale\" content=\"fr_FR\" \/>\n<meta property=\"og:type\" content=\"article\" \/>\n<meta property=\"og:title\" content=\"Le candidat \u00e0 la pr\u00e9sidentielle Ayachi Zammel d\u00e9cide de boycotter toutes ses audiences - Kapitalis\" \/>\n<meta property=\"og:description\" content=\"Le candidat \u00e0 la pr\u00e9sidentielle Ayachi Zammel a d\u00e9cid\u00e9 de boycotter toutes les audiences pr\u00e9vues dans le cadre des instructions engag\u00e9es \u00e0 son encontre, annonce un communiqu\u00e9 publi\u00e9 ce mercredi 18 septembre 2024, sur la page Facebook du concern\u00e9.\" \/>\n<meta property=\"og:url\" content=\"https:\/\/kapitalis.com\/tunisie\/2024\/09\/18\/le-candidat-a-la-presidentielle-ayachi-zammel-decide-de-boycotter-toutes-ses-audiences\/\" \/>\n<meta property=\"og:site_name\" content=\"Kapitalis\" \/>\n<meta property=\"article:publisher\" content=\"https:\/\/www.facebook.com\/KapitalisInfo\/\" \/>\n<meta property=\"article:published_time\" content=\"2024-09-18T15:44:04+00:00\" \/>\n<meta property=\"article:modified_time\" content=\"2024-09-18T17:06:05+00:00\" \/>\n<meta property=\"og:image\" content=\"https:\/\/kapitalis.com\/tunisie\/wp-content\/uploads\/2022\/09\/Ayachi-Zammel.jpg\" \/>\n\t<meta property=\"og:image:width\" content=\"1200\" \/>\n\t<meta property=\"og:image:height\" content=\"630\" \/>\n\t<meta property=\"og:image:type\" content=\"image\/jpeg\" \/>\n<meta name=\"author\" content=\"Yusra NY\" \/>\n<meta name=\"twitter:card\" content=\"summary_large_image\" \/>\n<meta name=\"twitter:creator\" content=\"@KapitalisInfo\" \/>\n<meta name=\"twitter:site\" content=\"@KapitalisInfo\" \/>\n<meta name=\"twitter:label1\" content=\"\u00c9crit par\" \/>\n\t<meta name=\"twitter:data1\" content=\"Yusra NY\" \/>\n\t<meta name=\"twitter:label2\" content=\"Dur\u00e9e de lecture estim\u00e9e\" \/>\n\t<meta name=\"twitter:data2\" content=\"1 minute\" \/>\n<script type=\"application\/ld+json\" class=\"yoast-schema-graph\">{\"@context\":\"https:\/\/schema.org\",\"@graph\":[{\"@type\":\"Article\",\"@id\":\"https:\/\/kapitalis.com\/tunisie\/2024\/09\/18\/le-candidat-a-la-presidentielle-ayachi-zammel-decide-de-boycotter-toutes-ses-audiences\/#article\",\"isPartOf\":{\"@id\":\"https:\/\/kapitalis.com\/tunisie\/2024\/09\/18\/le-candidat-a-la-presidentielle-ayachi-zammel-decide-de-boycotter-toutes-ses-audiences\/\"},\"author\":{\"name\":\"Yusra NY\",\"@id\":\"https:\/\/kapitalis.com\/tunisie\/#\/schema\/person\/74bbde0154d49d790a92aaeac5bc01d5\"},\"headline\":\"Le candidat \u00e0 la pr\u00e9sidentielle Ayachi Zammel d\u00e9cide de boycotter toutes ses audiences\",\"datePublished\":\"2024-09-18T15:44:04+00:00\",\"dateModified\":\"2024-09-18T17:06:05+00:00\",\"mainEntityOfPage\":{\"@id\":\"https:\/\/kapitalis.com\/tunisie\/2024\/09\/18\/le-candidat-a-la-presidentielle-ayachi-zammel-decide-de-boycotter-toutes-ses-audiences\/\"},\"wordCount\":170,\"publisher\":{\"@id\":\"https:\/\/kapitalis.com\/tunisie\/#organization\"},\"image\":{\"@id\":\"https:\/\/kapitalis.com\/tunisie\/2024\/09\/18\/le-candidat-a-la-presidentielle-ayachi-zammel-decide-de-boycotter-toutes-ses-audiences\/#primaryimage\"},\"thumbnailUrl\":\"https:\/\/kapitalis.com\/tunisie\/wp-content\/uploads\/2022\/09\/Ayachi-Zammel.jpg\",\"keywords\":[\"6 octobre\",\"Ayachi Zammel\",\"boycott\",\"candidat\",\"parrainages\",\"pr\u00e9sidentielle\",\"Tunisie\"],\"articleSection\":[\"POLITIQUE\",\"Tunisie\"],\"inLanguage\":\"fr-FR\"},{\"@type\":\"WebPage\",\"@id\":\"https:\/\/kapitalis.com\/tunisie\/2024\/09\/18\/le-candidat-a-la-presidentielle-ayachi-zammel-decide-de-boycotter-toutes-ses-audiences\/\",\"url\":\"https:\/\/kapitalis.com\/tunisie\/2024\/09\/18\/le-candidat-a-la-presidentielle-ayachi-zammel-decide-de-boycotter-toutes-ses-audiences\/\",\"name\":\"Le candidat \u00e0 la pr\u00e9sidentielle Ayachi Zammel d\u00e9cide de boycotter toutes ses audiences - Kapitalis\",\"isPartOf\":{\"@id\":\"https:\/\/kapitalis.com\/tunisie\/#website\"},\"primaryImageOfPage\":{\"@id\":\"https:\/\/kapitalis.com\/tunisie\/2024\/09\/18\/le-candidat-a-la-presidentielle-ayachi-zammel-decide-de-boycotter-toutes-ses-audiences\/#primaryimage\"},\"image\":{\"@id\":\"https:\/\/kapitalis.com\/tunisie\/2024\/09\/18\/le-candidat-a-la-presidentielle-ayachi-zammel-decide-de-boycotter-toutes-ses-audiences\/#primaryimage\"},\"thumbnailUrl\":\"https:\/\/kapitalis.com\/tunisie\/wp-content\/uploads\/2022\/09\/Ayachi-Zammel.jpg\",\"datePublished\":\"2024-09-18T15:44:04+00:00\",\"dateModified\":\"2024-09-18T17:06:05+00:00\",\"breadcrumb\":{\"@id\":\"https:\/\/kapitalis.com\/tunisie\/2024\/09\/18\/le-candidat-a-la-presidentielle-ayachi-zammel-decide-de-boycotter-toutes-ses-audiences\/#breadcrumb\"},\"inLanguage\":\"fr-FR\",\"potentialAction\":[{\"@type\":\"ReadAction\",\"target\":[\"https:\/\/kapitalis.com\/tunisie\/2024\/09\/18\/le-candidat-a-la-presidentielle-ayachi-zammel-decide-de-boycotter-toutes-ses-audiences\/\"]}]},{\"@type\":\"ImageObject\",\"inLanguage\":\"fr-FR\",\"@id\":\"https:\/\/kapitalis.com\/tunisie\/2024\/09\/18\/le-candidat-a-la-presidentielle-ayachi-zammel-decide-de-boycotter-toutes-ses-audiences\/#primaryimage\",\"url\":\"https:\/\/kapitalis.com\/tunisie\/wp-content\/uploads\/2022\/09\/Ayachi-Zammel.jpg\",\"contentUrl\":\"https:\/\/kapitalis.com\/tunisie\/wp-content\/uploads\/2022\/09\/Ayachi-Zammel.jpg\",\"width\":1200,\"height\":630},{\"@type\":\"BreadcrumbList\",\"@id\":\"https:\/\/kapitalis.com\/tunisie\/2024\/09\/18\/le-candidat-a-la-presidentielle-ayachi-zammel-decide-de-boycotter-toutes-ses-audiences\/#breadcrumb\",\"itemListElement\":[{\"@type\":\"ListItem\",\"position\":1,\"name\":\"Accueil\",\"item\":\"https:\/\/kapitalis.com\/tunisie\/\"},{\"@type\":\"ListItem\",\"position\":2,\"name\":\"Le candidat \u00e0 la pr\u00e9sidentielle Ayachi Zammel d\u00e9cide de boycotter toutes ses audiences\"}]},{\"@type\":\"WebSite\",\"@id\":\"https:\/\/kapitalis.com\/tunisie\/#website\",\"url\":\"https:\/\/kapitalis.com\/tunisie\/\",\"name\":\"Kapitalis\",\"description\":\"L&#039;actualit\u00e9 en Tunisie et dans le monde\",\"publisher\":{\"@id\":\"https:\/\/kapitalis.com\/tunisie\/#organization\"},\"potentialAction\":[{\"@type\":\"SearchAction\",\"target\":{\"@type\":\"EntryPoint\",\"urlTemplate\":\"https:\/\/kapitalis.com\/tunisie\/?s={search_term_string}\"},\"query-input\":{\"@type\":\"PropertyValueSpecification\",\"valueRequired\":true,\"valueName\":\"search_term_string\"}}],\"inLanguage\":\"fr-FR\"},{\"@type\":\"Organization\",\"@id\":\"https:\/\/kapitalis.com\/tunisie\/#organization\",\"name\":\"Kapitalis\",\"url\":\"https:\/\/kapitalis.com\/tunisie\/\",\"logo\":{\"@type\":\"ImageObject\",\"inLanguage\":\"fr-FR\",\"@id\":\"https:\/\/kapitalis.com\/tunisie\/#\/schema\/logo\/image\/\",\"url\":\"https:\/\/kapitalis.com\/tunisie\/wp-content\/uploads\/2022\/05\/Kapitalis-big-size.png\",\"contentUrl\":\"https:\/\/kapitalis.com\/tunisie\/wp-content\/uploads\/2022\/05\/Kapitalis-big-size.png\",\"width\":5000,\"height\":1500,\"caption\":\"Kapitalis\"},\"image\":{\"@id\":\"https:\/\/kapitalis.com\/tunisie\/#\/schema\/logo\/image\/\"},\"sameAs\":[\"https:\/\/www.facebook.com\/KapitalisInfo\/\",\"https:\/\/x.com\/KapitalisInfo\",\"https:\/\/www.youtube.com\/channel\/UC-yDYrHyfFBWWZaOw3FPg9Q\"]},{\"@type\":\"Person\",\"@id\":\"https:\/\/kapitalis.com\/tunisie\/#\/schema\/person\/74bbde0154d49d790a92aaeac5bc01d5\",\"name\":\"Yusra NY\",\"url\":\"https:\/\/kapitalis.com\/tunisie\/author\/yuza_adam\/\"}]}<\/script>\n<!-- \/ Yoast SEO plugin. -->","yoast_head_json":{"title":"Le candidat \u00e0 la pr\u00e9sidentielle Ayachi Zammel d\u00e9cide de boycotter toutes ses audiences - Kapitalis","robots":{"index":"index","follow":"follow","max-snippet":"max-snippet:-1","max-image-preview":"max-image-preview:large","max-video-preview":"max-video-preview:-1"},"canonical":"https:\/\/kapitalis.com\/tunisie\/2024\/09\/18\/le-candidat-a-la-presidentielle-ayachi-zammel-decide-de-boycotter-toutes-ses-audiences\/","og_locale":"fr_FR","og_type":"article","og_title":"Le candidat \u00e0 la pr\u00e9sidentielle Ayachi Zammel d\u00e9cide de boycotter toutes ses audiences - Kapitalis","og_description":"Le candidat \u00e0 la pr\u00e9sidentielle Ayachi Zammel a d\u00e9cid\u00e9 de boycotter toutes les audiences pr\u00e9vues dans le cadre des instructions engag\u00e9es \u00e0 son encontre, annonce un communiqu\u00e9 publi\u00e9 ce mercredi 18 septembre 2024, sur la page Facebook du concern\u00e9.","og_url":"https:\/\/kapitalis.com\/tunisie\/2024\/09\/18\/le-candidat-a-la-presidentielle-ayachi-zammel-decide-de-boycotter-toutes-ses-audiences\/","og_site_name":"Kapitalis","article_publisher":"https:\/\/www.facebook.com\/KapitalisInfo\/","article_published_time":"2024-09-18T15:44:04+00:00","article_modified_time":"2024-09-18T17:06:05+00:00","og_image":[{"width":1200,"height":630,"url":"https:\/\/kapitalis.com\/tunisie\/wp-content\/uploads\/2022\/09\/Ayachi-Zammel.jpg","type":"image\/jpeg"}],"author":"Yusra NY","twitter_card":"summary_large_image","twitter_creator":"@KapitalisInfo","twitter_site":"@KapitalisInfo","twitter_misc":{"\u00c9crit par":"Yusra NY","Dur\u00e9e de lecture estim\u00e9e":"1 minute"},"schema":{"@context":"https:\/\/schema.org","@graph":[{"@type":"Article","@id":"https:\/\/kapitalis.com\/tunisie\/2024\/09\/18\/le-candidat-a-la-presidentielle-ayachi-zammel-decide-de-boycotter-toutes-ses-audiences\/#article","isPartOf":{"@id":"https:\/\/kapitalis.com\/tunisie\/2024\/09\/18\/le-candidat-a-la-presidentielle-ayachi-zammel-decide-de-boycotter-toutes-ses-audiences\/"},"author":{"name":"Yusra NY","@id":"https:\/\/kapitalis.com\/tunisie\/#\/schema\/person\/74bbde0154d49d790a92aaeac5bc01d5"},"headline":"Le candidat \u00e0 la pr\u00e9sidentielle Ayachi Zammel d\u00e9cide de boycotter toutes ses audiences","datePublished":"2024-09-18T15:44:04+00:00","dateModified":"2024-09-18T17:06:05+00:00","mainEntityOfPage":{"@id":"https:\/\/kapitalis.com\/tunisie\/2024\/09\/18\/le-candidat-a-la-presidentielle-ayachi-zammel-decide-de-boycotter-toutes-ses-audiences\/"},"wordCount":170,"publisher":{"@id":"https:\/\/kapitalis.com\/tunisie\/#organization"},"image":{"@id":"https:\/\/kapitalis.com\/tunisie\/2024\/09\/18\/le-candidat-a-la-presidentielle-ayachi-zammel-decide-de-boycotter-toutes-ses-audiences\/#primaryimage"},"thumbnailUrl":"https:\/\/kapitalis.com\/tunisie\/wp-content\/uploads\/2022\/09\/Ayachi-Zammel.jpg","keywords":["6 octobre","Ayachi Zammel","boycott","candidat","parrainages","pr\u00e9sidentielle","Tunisie"],"articleSection":["POLITIQUE","Tunisie"],"inLanguage":"fr-FR"},{"@type":"WebPage","@id":"https:\/\/kapitalis.com\/tunisie\/2024\/09\/18\/le-candidat-a-la-presidentielle-ayachi-zammel-decide-de-boycotter-toutes-ses-audiences\/","url":"https:\/\/kapitalis.com\/tunisie\/2024\/09\/18\/le-candidat-a-la-presidentielle-ayachi-zammel-decide-de-boycotter-toutes-ses-audiences\/","name":"Le candidat \u00e0 la pr\u00e9sidentielle Ayachi Zammel d\u00e9cide de boycotter toutes ses audiences - Kapitalis","isPartOf":{"@id":"https:\/\/kapitalis.com\/tunisie\/#website"},"primaryImageOfPage":{"@id":"https:\/\/kapitalis.com\/tunisie\/2024\/09\/18\/le-candidat-a-la-presidentielle-ayachi-zammel-decide-de-boycotter-toutes-ses-audiences\/#primaryimage"},"image":{"@id":"https:\/\/kapitalis.com\/tunisie\/2024\/09\/18\/le-candidat-a-la-presidentielle-ayachi-zammel-decide-de-boycotter-toutes-ses-audiences\/#primaryimage"},"thumbnailUrl":"https:\/\/kapitalis.com\/tunisie\/wp-content\/uploads\/2022\/09\/Ayachi-Zammel.jpg","datePublished":"2024-09-18T15:44:04+00:00","dateModified":"2024-09-18T17:06:05+00:00","breadcrumb":{"@id":"https:\/\/kapitalis.com\/tunisie\/2024\/09\/18\/le-candidat-a-la-presidentielle-ayachi-zammel-decide-de-boycotter-toutes-ses-audiences\/#breadcrumb"},"inLanguage":"fr-FR","potentialAction":[{"@type":"ReadAction","target":["https:\/\/kapitalis.com\/tunisie\/2024\/09\/18\/le-candidat-a-la-presidentielle-ayachi-zammel-decide-de-boycotter-toutes-ses-audiences\/"]}]},{"@type":"ImageObject","inLanguage":"fr-FR","@id":"https:\/\/kapitalis.com\/tunisie\/2024\/09\/18\/le-candidat-a-la-presidentielle-ayachi-zammel-decide-de-boycotter-toutes-ses-audiences\/#primaryimage","url":"https:\/\/kapitalis.com\/tunisie\/wp-content\/uploads\/2022\/09\/Ayachi-Zammel.jpg","contentUrl":"https:\/\/kapitalis.com\/tunisie\/wp-content\/uploads\/2022\/09\/Ayachi-Zammel.jpg","width":1200,"height":630},{"@type":"BreadcrumbList","@id":"https:\/\/kapitalis.com\/tunisie\/2024\/09\/18\/le-candidat-a-la-presidentielle-ayachi-zammel-decide-de-boycotter-toutes-ses-audiences\/#breadcrumb","itemListElement":[{"@type":"ListItem","position":1,"name":"Accueil","item":"https:\/\/kapitalis.com\/tunisie\/"},{"@type":"ListItem","position":2,"name":"Le candidat \u00e0 la pr\u00e9sidentielle Ayachi Zammel d\u00e9cide de boycotter toutes ses audiences"}]},{"@type":"WebSite","@id":"https:\/\/kapitalis.com\/tunisie\/#website","url":"https:\/\/kapitalis.com\/tunisie\/","name":"Kapitalis","description":"L&#039;actualit\u00e9 en Tunisie et dans le monde","publisher":{"@id":"https:\/\/kapitalis.com\/tunisie\/#organization"},"potentialAction":[{"@type":"SearchAction","target":{"@type":"EntryPoint","urlTemplate":"https:\/\/kapitalis.com\/tunisie\/?s={search_term_string}"},"query-input":{"@type":"PropertyValueSpecification","valueRequired":true,"valueName":"search_term_string"}}],"inLanguage":"fr-FR"},{"@type":"Organization","@id":"https:\/\/kapitalis.com\/tunisie\/#organization","name":"Kapitalis","url":"https:\/\/kapitalis.com\/tunisie\/","logo":{"@type":"ImageObject","inLanguage":"fr-FR","@id":"https:\/\/kapitalis.com\/tunisie\/#\/schema\/logo\/image\/","url":"https:\/\/kapitalis.com\/tunisie\/wp-content\/uploads\/2022\/05\/Kapitalis-big-size.png","contentUrl":"https:\/\/kapitalis.com\/tunisie\/wp-content\/uploads\/2022\/05\/Kapitalis-big-size.png","width":5000,"height":1500,"caption":"Kapitalis"},"image":{"@id":"https:\/\/kapitalis.com\/tunisie\/#\/schema\/logo\/image\/"},"sameAs":["https:\/\/www.facebook.com\/KapitalisInfo\/","https:\/\/x.com\/KapitalisInfo","https:\/\/www.youtube.com\/channel\/UC-yDYrHyfFBWWZaOw3FPg9Q"]},{"@type":"Person","@id":"https:\/\/kapitalis.com\/tunisie\/#\/schema\/person\/74bbde0154d49d790a92aaeac5bc01d5","name":"Yusra NY","url":"https:\/\/kapitalis.com\/tunisie\/author\/yuza_adam\/"}]}},"_links":{"self":[{"href":"https:\/\/kapitalis.com\/tunisie\/wp-json\/wp\/v2\/posts\/14014063","targetHints":{"allow":["GET"]}}],"collection":[{"href":"https:\/\/kapitalis.com\/tunisie\/wp-json\/wp\/v2\/posts"}],"about":[{"href":"https:\/\/kapitalis.com\/tunisie\/wp-json\/wp\/v2\/types\/post"}],"author":[{"embeddable":true,"href":"https:\/\/kapitalis.com\/tunisie\/wp-json\/wp\/v2\/users\/6"}],"replies":[{"embeddable":true,"href":"https:\/\/kapitalis.com\/tunisie\/wp-json\/wp\/v2\/comments?post=14014063"}],"version-history":[{"count":1,"href":"https:\/\/kapitalis.com\/tunisie\/wp-json\/wp\/v2\/posts\/14014063\/revisions"}],"predecessor-version":[{"id":14014087,"href":"https:\/\/kapitalis.com\/tunisie\/wp-json\/wp\/v2\/posts\/14014063\/revisions\/14014087"}],"wp:featuredmedia":[{"embeddable":true,"href":"https:\/\/kapitalis.com\/tunisie\/wp-json\/wp\/v2\/media\/4333574"}],"wp:attachment":[{"href":"https:\/\/kapitalis.com\/tunisie\/wp-json\/wp\/v2\/media?parent=14014063"}],"wp:term":[{"taxonomy":"category","embeddable":true,"href":"https:\/\/kapitalis.com\/tunisie\/wp-json\/wp\/v2\/categories?post=14014063"},{"taxonomy":"post_tag","embeddable":true,"href":"https:\/\/kapitalis.com\/tunisie\/wp-json\/wp\/v2\/tags?post=14014063"}],"curies":[{"name":"wp","href":"https:\/\/api.w.org\/{rel}","templated":true}]}}