{"id":140178,"date":"2018-02-23T11:58:11","date_gmt":"2018-02-23T10:58:11","guid":{"rendered":"http:\/\/kapitalis.com\/tunisie\/?p=140178"},"modified":"2018-02-23T11:58:11","modified_gmt":"2018-02-23T10:58:11","slug":"municipales-2018-2173-listes-electorales-presentees-a-lisie","status":"publish","type":"post","link":"https:\/\/kapitalis.com\/tunisie\/2018\/02\/23\/municipales-2018-2173-listes-electorales-presentees-a-lisie\/","title":{"rendered":"Municipales 2018 : 2173 listes \u00e9lectorales pr\u00e9sent\u00e9es \u00e0 l&rsquo;Isie"},"content":{"rendered":"<p style=\"text-align: center;\"><img loading=\"lazy\" decoding=\"async\" class=\"alignnone size-full wp-image-130156\" src=\"http:\/\/kapitalis.com\/tunisie\/wp-content\/uploads\/2017\/12\/\u00e9lection-Tunisie.jpg\" alt=\"\" width=\"626\" height=\"380\" \/><\/p>\n<p><em><strong>L&rsquo;Instance sup\u00e9rieure ind\u00e9pendante des \u00e9lections (Isie) a annonc\u00e9 ce vendredi 23 f\u00e9vrier 2018, lors d&rsquo;une conf\u00e9rence de presse \u00e0 son si\u00e8ge, \u00e0 Tunis,\u00a0<\/strong><\/em><em><strong>le nombre d\u00e9finitif des listes pr\u00e9sent\u00e9es pour les municipales du 6 mai 2018.<\/strong><\/em><!--more--><\/p>\n<p>Selon Nabil Bouhouch, membre de cette instance, 2173 listes ont \u00e9t\u00e9 enregistr\u00e9es, dont le nombre est r\u00e9parti entre 1099 listes partisanes, 897 ind\u00e9pendantes et 177 de coalition.<\/p>\n<p>Le mouvement islamiste Ennahdha et le parti de Nidaa Tounes arrivent en t\u00eate avec chacun 350 listes, suivit du Front populaire (FP, 132), Machrou Tounes (84), le Courant d\u00e9mocratique (72), Harak Tounes Al-Irada (47), Afek Tounes (46), l&rsquo;Union civile (43), le mouvement Achaab (40), le Parti destourien libre (PDL, 32), le parti Al-Bina Watani (20), Bani Watani (9), Al-Moubadara (9) et Al-Badil Ettounsi (4).<\/p>\n<p style=\"text-align: right;\"><strong>E. B. A.<\/strong><\/p>\n<blockquote class=\"wp-embedded-content\" data-secret=\"d8lCD3yUJ9\"><p><a href=\"https:\/\/kapitalis.com\/tunisie\/2018\/02\/22\/municipales-nidaa-et-ennahdha-accaparent-la-moitie-des-listes-presentees\/\">Municipales : Nidaa et Ennahdha accaparent la moiti\u00e9 des listes pr\u00e9sent\u00e9es<\/a><\/p><\/blockquote>\n<p><iframe loading=\"lazy\" class=\"wp-embedded-content\" sandbox=\"allow-scripts\" security=\"restricted\" style=\"position: absolute; clip: rect(1px, 1px, 1px, 1px);\" title=\"\u00ab\u00a0Municipales : Nidaa et Ennahdha accaparent la moiti\u00e9 des listes pr\u00e9sent\u00e9es\u00a0\u00bb &#8212; Kapitalis\" src=\"https:\/\/kapitalis.com\/tunisie\/2018\/02\/22\/municipales-nidaa-et-ennahdha-accaparent-la-moitie-des-listes-presentees\/embed\/#?secret=Rfv6asr6FG#?secret=d8lCD3yUJ9\" data-secret=\"d8lCD3yUJ9\" width=\"600\" height=\"338\" frameborder=\"0\" marginwidth=\"0\" marginheight=\"0\" scrolling=\"no\"><\/iframe><\/p>\n","protected":false},"excerpt":{"rendered":"<p>L&rsquo;Instance sup\u00e9rieure ind\u00e9pendante des \u00e9lections (Isie) a annonc\u00e9 ce vendredi 23 f\u00e9vrier 2018, lors d&rsquo;une conf\u00e9rence de presse \u00e0 son si\u00e8ge, \u00e0 Tunis,\u00a0le nombre d\u00e9finitif des listes pr\u00e9sent\u00e9es pour les municipales du 6 mai 2018.<\/p>\n","protected":false},"author":16,"featured_media":0,"comment_status":"open","ping_status":"open","sticky":false,"template":"","format":"standard","meta":{"footnotes":""},"categories":[997,2433],"tags":[35241,499,12248],"class_list":["post-140178","post","type-post","status-publish","format-standard","hentry","category-politique","category-tunisie","tag-instance-superieure-independantes-des-elections","tag-isie","tag-municipales"],"yoast_head":"<!-- This site is optimized with the Yoast SEO plugin v26.6 - https:\/\/yoast.com\/wordpress\/plugins\/seo\/ -->\n<title>Municipales 2018 : 2173 listes \u00e9lectorales pr\u00e9sent\u00e9es \u00e0 l&#039;Isie - Kapitalis<\/title>\n<meta name=\"robots\" content=\"index, follow, max-snippet:-1, max-image-preview:large, max-video-preview:-1\" \/>\n<link rel=\"canonical\" href=\"https:\/\/kapitalis.com\/tunisie\/2018\/02\/23\/municipales-2018-2173-listes-electorales-presentees-a-lisie\/\" \/>\n<meta property=\"og:locale\" content=\"fr_FR\" \/>\n<meta property=\"og:type\" content=\"article\" \/>\n<meta property=\"og:title\" content=\"Municipales 2018 : 2173 listes \u00e9lectorales pr\u00e9sent\u00e9es \u00e0 l&#039;Isie - Kapitalis\" \/>\n<meta property=\"og:description\" content=\"L&rsquo;Instance sup\u00e9rieure ind\u00e9pendante des \u00e9lections (Isie) a annonc\u00e9 ce vendredi 23 f\u00e9vrier 2018, lors d&rsquo;une conf\u00e9rence de presse \u00e0 son si\u00e8ge, \u00e0 Tunis,\u00a0le nombre d\u00e9finitif des listes pr\u00e9sent\u00e9es pour les municipales du 6 mai 2018.\" \/>\n<meta property=\"og:url\" content=\"https:\/\/kapitalis.com\/tunisie\/2018\/02\/23\/municipales-2018-2173-listes-electorales-presentees-a-lisie\/\" \/>\n<meta property=\"og:site_name\" content=\"Kapitalis\" \/>\n<meta property=\"article:publisher\" content=\"https:\/\/www.facebook.com\/KapitalisInfo\/\" \/>\n<meta property=\"article:published_time\" content=\"2018-02-23T10:58:11+00:00\" \/>\n<meta property=\"og:image\" content=\"https:\/\/kapitalis.com\/tunisie\/wp-content\/uploads\/2022\/05\/kapitalis-logo-fb.png\" \/>\n\t<meta property=\"og:image:width\" content=\"1200\" \/>\n\t<meta property=\"og:image:height\" content=\"630\" \/>\n\t<meta property=\"og:image:type\" content=\"image\/png\" \/>\n<meta name=\"author\" content=\"emna benabdallah\" \/>\n<meta name=\"twitter:card\" content=\"summary_large_image\" \/>\n<meta name=\"twitter:creator\" content=\"@KapitalisInfo\" \/>\n<meta name=\"twitter:site\" content=\"@KapitalisInfo\" \/>\n<meta name=\"twitter:label1\" content=\"\u00c9crit par\" \/>\n\t<meta name=\"twitter:data1\" content=\"emna benabdallah\" \/>\n\t<meta name=\"twitter:label2\" content=\"Dur\u00e9e de lecture estim\u00e9e\" \/>\n\t<meta name=\"twitter:data2\" content=\"1 minute\" \/>\n<script type=\"application\/ld+json\" class=\"yoast-schema-graph\">{\"@context\":\"https:\/\/schema.org\",\"@graph\":[{\"@type\":\"Article\",\"@id\":\"https:\/\/kapitalis.com\/tunisie\/2018\/02\/23\/municipales-2018-2173-listes-electorales-presentees-a-lisie\/#article\",\"isPartOf\":{\"@id\":\"https:\/\/kapitalis.com\/tunisie\/2018\/02\/23\/municipales-2018-2173-listes-electorales-presentees-a-lisie\/\"},\"author\":{\"name\":\"emna benabdallah\",\"@id\":\"https:\/\/kapitalis.com\/tunisie\/#\/schema\/person\/2c6e134b2f3369dffcd1daf5f087d28b\"},\"headline\":\"Municipales 2018 : 2173 listes \u00e9lectorales pr\u00e9sent\u00e9es \u00e0 l&rsquo;Isie\",\"datePublished\":\"2018-02-23T10:58:11+00:00\",\"mainEntityOfPage\":{\"@id\":\"https:\/\/kapitalis.com\/tunisie\/2018\/02\/23\/municipales-2018-2173-listes-electorales-presentees-a-lisie\/\"},\"wordCount\":132,\"commentCount\":0,\"publisher\":{\"@id\":\"https:\/\/kapitalis.com\/tunisie\/#organization\"},\"keywords\":[\"Instance sup\u00e9rieure ind\u00e9pendantes des \u00e9lections\",\"Isie\",\"municipales\"],\"articleSection\":[\"POLITIQUE\",\"Tunisie\"],\"inLanguage\":\"fr-FR\",\"potentialAction\":[{\"@type\":\"CommentAction\",\"name\":\"Comment\",\"target\":[\"https:\/\/kapitalis.com\/tunisie\/2018\/02\/23\/municipales-2018-2173-listes-electorales-presentees-a-lisie\/#respond\"]}]},{\"@type\":\"WebPage\",\"@id\":\"https:\/\/kapitalis.com\/tunisie\/2018\/02\/23\/municipales-2018-2173-listes-electorales-presentees-a-lisie\/\",\"url\":\"https:\/\/kapitalis.com\/tunisie\/2018\/02\/23\/municipales-2018-2173-listes-electorales-presentees-a-lisie\/\",\"name\":\"Municipales 2018 : 2173 listes \u00e9lectorales pr\u00e9sent\u00e9es \u00e0 l'Isie - Kapitalis\",\"isPartOf\":{\"@id\":\"https:\/\/kapitalis.com\/tunisie\/#website\"},\"datePublished\":\"2018-02-23T10:58:11+00:00\",\"breadcrumb\":{\"@id\":\"https:\/\/kapitalis.com\/tunisie\/2018\/02\/23\/municipales-2018-2173-listes-electorales-presentees-a-lisie\/#breadcrumb\"},\"inLanguage\":\"fr-FR\",\"potentialAction\":[{\"@type\":\"ReadAction\",\"target\":[\"https:\/\/kapitalis.com\/tunisie\/2018\/02\/23\/municipales-2018-2173-listes-electorales-presentees-a-lisie\/\"]}]},{\"@type\":\"BreadcrumbList\",\"@id\":\"https:\/\/kapitalis.com\/tunisie\/2018\/02\/23\/municipales-2018-2173-listes-electorales-presentees-a-lisie\/#breadcrumb\",\"itemListElement\":[{\"@type\":\"ListItem\",\"position\":1,\"name\":\"Accueil\",\"item\":\"https:\/\/kapitalis.com\/tunisie\/\"},{\"@type\":\"ListItem\",\"position\":2,\"name\":\"Municipales 2018 : 2173 listes \u00e9lectorales pr\u00e9sent\u00e9es \u00e0 l&rsquo;Isie\"}]},{\"@type\":\"WebSite\",\"@id\":\"https:\/\/kapitalis.com\/tunisie\/#website\",\"url\":\"https:\/\/kapitalis.com\/tunisie\/\",\"name\":\"Kapitalis\",\"description\":\"L&#039;actualit\u00e9 en Tunisie et dans le monde\",\"publisher\":{\"@id\":\"https:\/\/kapitalis.com\/tunisie\/#organization\"},\"potentialAction\":[{\"@type\":\"SearchAction\",\"target\":{\"@type\":\"EntryPoint\",\"urlTemplate\":\"https:\/\/kapitalis.com\/tunisie\/?s={search_term_string}\"},\"query-input\":{\"@type\":\"PropertyValueSpecification\",\"valueRequired\":true,\"valueName\":\"search_term_string\"}}],\"inLanguage\":\"fr-FR\"},{\"@type\":\"Organization\",\"@id\":\"https:\/\/kapitalis.com\/tunisie\/#organization\",\"name\":\"Kapitalis\",\"url\":\"https:\/\/kapitalis.com\/tunisie\/\",\"logo\":{\"@type\":\"ImageObject\",\"inLanguage\":\"fr-FR\",\"@id\":\"https:\/\/kapitalis.com\/tunisie\/#\/schema\/logo\/image\/\",\"url\":\"https:\/\/kapitalis.com\/tunisie\/wp-content\/uploads\/2022\/05\/Kapitalis-big-size.png\",\"contentUrl\":\"https:\/\/kapitalis.com\/tunisie\/wp-content\/uploads\/2022\/05\/Kapitalis-big-size.png\",\"width\":5000,\"height\":1500,\"caption\":\"Kapitalis\"},\"image\":{\"@id\":\"https:\/\/kapitalis.com\/tunisie\/#\/schema\/logo\/image\/\"},\"sameAs\":[\"https:\/\/www.facebook.com\/KapitalisInfo\/\",\"https:\/\/x.com\/KapitalisInfo\",\"https:\/\/www.youtube.com\/channel\/UC-yDYrHyfFBWWZaOw3FPg9Q\"]},{\"@type\":\"Person\",\"@id\":\"https:\/\/kapitalis.com\/tunisie\/#\/schema\/person\/2c6e134b2f3369dffcd1daf5f087d28b\",\"name\":\"emna benabdallah\",\"url\":\"https:\/\/kapitalis.com\/tunisie\/author\/emna\/\"}]}<\/script>\n<!-- \/ Yoast SEO plugin. -->","yoast_head_json":{"title":"Municipales 2018 : 2173 listes \u00e9lectorales pr\u00e9sent\u00e9es \u00e0 l'Isie - Kapitalis","robots":{"index":"index","follow":"follow","max-snippet":"max-snippet:-1","max-image-preview":"max-image-preview:large","max-video-preview":"max-video-preview:-1"},"canonical":"https:\/\/kapitalis.com\/tunisie\/2018\/02\/23\/municipales-2018-2173-listes-electorales-presentees-a-lisie\/","og_locale":"fr_FR","og_type":"article","og_title":"Municipales 2018 : 2173 listes \u00e9lectorales pr\u00e9sent\u00e9es \u00e0 l'Isie - Kapitalis","og_description":"L&rsquo;Instance sup\u00e9rieure ind\u00e9pendante des \u00e9lections (Isie) a annonc\u00e9 ce vendredi 23 f\u00e9vrier 2018, lors d&rsquo;une conf\u00e9rence de presse \u00e0 son si\u00e8ge, \u00e0 Tunis,\u00a0le nombre d\u00e9finitif des listes pr\u00e9sent\u00e9es pour les municipales du 6 mai 2018.","og_url":"https:\/\/kapitalis.com\/tunisie\/2018\/02\/23\/municipales-2018-2173-listes-electorales-presentees-a-lisie\/","og_site_name":"Kapitalis","article_publisher":"https:\/\/www.facebook.com\/KapitalisInfo\/","article_published_time":"2018-02-23T10:58:11+00:00","og_image":[{"width":1200,"height":630,"url":"https:\/\/kapitalis.com\/tunisie\/wp-content\/uploads\/2022\/05\/kapitalis-logo-fb.png","type":"image\/png"}],"author":"emna benabdallah","twitter_card":"summary_large_image","twitter_creator":"@KapitalisInfo","twitter_site":"@KapitalisInfo","twitter_misc":{"\u00c9crit par":"emna benabdallah","Dur\u00e9e de lecture estim\u00e9e":"1 minute"},"schema":{"@context":"https:\/\/schema.org","@graph":[{"@type":"Article","@id":"https:\/\/kapitalis.com\/tunisie\/2018\/02\/23\/municipales-2018-2173-listes-electorales-presentees-a-lisie\/#article","isPartOf":{"@id":"https:\/\/kapitalis.com\/tunisie\/2018\/02\/23\/municipales-2018-2173-listes-electorales-presentees-a-lisie\/"},"author":{"name":"emna benabdallah","@id":"https:\/\/kapitalis.com\/tunisie\/#\/schema\/person\/2c6e134b2f3369dffcd1daf5f087d28b"},"headline":"Municipales 2018 : 2173 listes \u00e9lectorales pr\u00e9sent\u00e9es \u00e0 l&rsquo;Isie","datePublished":"2018-02-23T10:58:11+00:00","mainEntityOfPage":{"@id":"https:\/\/kapitalis.com\/tunisie\/2018\/02\/23\/municipales-2018-2173-listes-electorales-presentees-a-lisie\/"},"wordCount":132,"commentCount":0,"publisher":{"@id":"https:\/\/kapitalis.com\/tunisie\/#organization"},"keywords":["Instance sup\u00e9rieure ind\u00e9pendantes des \u00e9lections","Isie","municipales"],"articleSection":["POLITIQUE","Tunisie"],"inLanguage":"fr-FR","potentialAction":[{"@type":"CommentAction","name":"Comment","target":["https:\/\/kapitalis.com\/tunisie\/2018\/02\/23\/municipales-2018-2173-listes-electorales-presentees-a-lisie\/#respond"]}]},{"@type":"WebPage","@id":"https:\/\/kapitalis.com\/tunisie\/2018\/02\/23\/municipales-2018-2173-listes-electorales-presentees-a-lisie\/","url":"https:\/\/kapitalis.com\/tunisie\/2018\/02\/23\/municipales-2018-2173-listes-electorales-presentees-a-lisie\/","name":"Municipales 2018 : 2173 listes \u00e9lectorales pr\u00e9sent\u00e9es \u00e0 l'Isie - Kapitalis","isPartOf":{"@id":"https:\/\/kapitalis.com\/tunisie\/#website"},"datePublished":"2018-02-23T10:58:11+00:00","breadcrumb":{"@id":"https:\/\/kapitalis.com\/tunisie\/2018\/02\/23\/municipales-2018-2173-listes-electorales-presentees-a-lisie\/#breadcrumb"},"inLanguage":"fr-FR","potentialAction":[{"@type":"ReadAction","target":["https:\/\/kapitalis.com\/tunisie\/2018\/02\/23\/municipales-2018-2173-listes-electorales-presentees-a-lisie\/"]}]},{"@type":"BreadcrumbList","@id":"https:\/\/kapitalis.com\/tunisie\/2018\/02\/23\/municipales-2018-2173-listes-electorales-presentees-a-lisie\/#breadcrumb","itemListElement":[{"@type":"ListItem","position":1,"name":"Accueil","item":"https:\/\/kapitalis.com\/tunisie\/"},{"@type":"ListItem","position":2,"name":"Municipales 2018 : 2173 listes \u00e9lectorales pr\u00e9sent\u00e9es \u00e0 l&rsquo;Isie"}]},{"@type":"WebSite","@id":"https:\/\/kapitalis.com\/tunisie\/#website","url":"https:\/\/kapitalis.com\/tunisie\/","name":"Kapitalis","description":"L&#039;actualit\u00e9 en Tunisie et dans le monde","publisher":{"@id":"https:\/\/kapitalis.com\/tunisie\/#organization"},"potentialAction":[{"@type":"SearchAction","target":{"@type":"EntryPoint","urlTemplate":"https:\/\/kapitalis.com\/tunisie\/?s={search_term_string}"},"query-input":{"@type":"PropertyValueSpecification","valueRequired":true,"valueName":"search_term_string"}}],"inLanguage":"fr-FR"},{"@type":"Organization","@id":"https:\/\/kapitalis.com\/tunisie\/#organization","name":"Kapitalis","url":"https:\/\/kapitalis.com\/tunisie\/","logo":{"@type":"ImageObject","inLanguage":"fr-FR","@id":"https:\/\/kapitalis.com\/tunisie\/#\/schema\/logo\/image\/","url":"https:\/\/kapitalis.com\/tunisie\/wp-content\/uploads\/2022\/05\/Kapitalis-big-size.png","contentUrl":"https:\/\/kapitalis.com\/tunisie\/wp-content\/uploads\/2022\/05\/Kapitalis-big-size.png","width":5000,"height":1500,"caption":"Kapitalis"},"image":{"@id":"https:\/\/kapitalis.com\/tunisie\/#\/schema\/logo\/image\/"},"sameAs":["https:\/\/www.facebook.com\/KapitalisInfo\/","https:\/\/x.com\/KapitalisInfo","https:\/\/www.youtube.com\/channel\/UC-yDYrHyfFBWWZaOw3FPg9Q"]},{"@type":"Person","@id":"https:\/\/kapitalis.com\/tunisie\/#\/schema\/person\/2c6e134b2f3369dffcd1daf5f087d28b","name":"emna benabdallah","url":"https:\/\/kapitalis.com\/tunisie\/author\/emna\/"}]}},"_links":{"self":[{"href":"https:\/\/kapitalis.com\/tunisie\/wp-json\/wp\/v2\/posts\/140178","targetHints":{"allow":["GET"]}}],"collection":[{"href":"https:\/\/kapitalis.com\/tunisie\/wp-json\/wp\/v2\/posts"}],"about":[{"href":"https:\/\/kapitalis.com\/tunisie\/wp-json\/wp\/v2\/types\/post"}],"author":[{"embeddable":true,"href":"https:\/\/kapitalis.com\/tunisie\/wp-json\/wp\/v2\/users\/16"}],"replies":[{"embeddable":true,"href":"https:\/\/kapitalis.com\/tunisie\/wp-json\/wp\/v2\/comments?post=140178"}],"version-history":[{"count":0,"href":"https:\/\/kapitalis.com\/tunisie\/wp-json\/wp\/v2\/posts\/140178\/revisions"}],"wp:attachment":[{"href":"https:\/\/kapitalis.com\/tunisie\/wp-json\/wp\/v2\/media?parent=140178"}],"wp:term":[{"taxonomy":"category","embeddable":true,"href":"https:\/\/kapitalis.com\/tunisie\/wp-json\/wp\/v2\/categories?post=140178"},{"taxonomy":"post_tag","embeddable":true,"href":"https:\/\/kapitalis.com\/tunisie\/wp-json\/wp\/v2\/tags?post=140178"}],"curies":[{"name":"wp","href":"https:\/\/api.w.org\/{rel}","templated":true}]}}