{"id":140233,"date":"2018-02-23T14:01:57","date_gmt":"2018-02-23T13:01:57","guid":{"rendered":"http:\/\/kapitalis.com\/tunisie\/?p=140233"},"modified":"2018-02-23T14:01:57","modified_gmt":"2018-02-23T13:01:57","slug":"yassine-khenissi-rallume-lespoir-dun-enfant-luttant-contre-le-cancer","status":"publish","type":"post","link":"https:\/\/kapitalis.com\/tunisie\/2018\/02\/23\/yassine-khenissi-rallume-lespoir-dun-enfant-luttant-contre-le-cancer\/","title":{"rendered":"Yassine Khenissi rallume l&rsquo;espoir d\u2019un enfant luttant contre le cancer"},"content":{"rendered":"<p>&nbsp;<\/p>\n<p style=\"text-align: center;\"><img loading=\"lazy\" decoding=\"async\" class=\"alignnone size-full wp-image-140239\" src=\"http:\/\/kapitalis.com\/tunisie\/wp-content\/uploads\/2018\/02\/Taha-Yassine-Khenissi-Omar-enfant-cancer-Maram-.jpg\" alt=\"\" width=\"626\" height=\"380\" \/><\/p>\n<p><em><strong>Le footballeur Taha Yassine Khenissi a fait le bonheur d\u2019un enfant de 9 ans se battant contre un m\u00e9chant cancer, et qui est clo\u00eetr\u00e9 dans une chambre st\u00e9rile, apr\u00e8s avoir subi une lourde greffe.<\/strong><\/em><!--more--><\/p>\n<p>Gr\u00e2ce \u00e0 l\u2019association Maram, le r\u00eave d&rsquo;Omar est devenu r\u00e9alit\u00e9. Admis au Centre national de greffe de moelle osseuse, \u00e0 Bab Sa\u00e2doun, Tunis, ce dernier refusait m\u00eame d\u2019ouvrir les volets de sa chambre.<\/p>\n<p>Il avait cependant un r\u00eave\u00a0: rencontrer son idole, Taha Yassine Khenissi, l\u2019attaquant de l\u2019Esp\u00e9rance sportive de Tunis (EST) et de l&rsquo;\u00e9quipe de Tunisie.<\/p>\n<p>Inform\u00e9e Manel Gharbi, vice-pr\u00e9sidente de l\u2019association, a pris contact avec ses connaissances pour transmettre le message au footballeur, qui a imm\u00e9diatement accept\u00e9 de rencontrer le petit.<\/p>\n<p>Taha Yassine Khenissi s\u2019est rendu hier, jeudi 22 f\u00e9vrier 2018, au chevet d&rsquo;Omar et a jou\u00e9 avec une partie de football sur un jeu vid\u00e9o, et c\u2019est le petit qui a gagn\u00e9.<\/p>\n<p>\u00ab<em>Mon \u00e9toile est enferm\u00e9e depuis des mois dans une chambre st\u00e9rile. Cela fait des semaines qu&rsquo;il \u00a0refuse d&rsquo;allumer la lumi\u00e8re et lever le store de la chambre, mais le sourire que j&rsquo;ai vu aujourd&rsquo;hui est unique et magique, c\u2019est un nouvel espoir, un nouveau souffle<\/em>\u00bb, a comment\u00e9 Manel Gharbi, qui remercie toutes les personnes ayant permis de r\u00e9aliser le r\u00eave du petit patient.<\/p>\n<p style=\"text-align: right;\"><strong>Y. N.<\/strong><\/p>\n<blockquote class=\"wp-embedded-content\" data-secret=\"6eGXOxj6Ez\"><p><a href=\"https:\/\/kapitalis.com\/tunisie\/2017\/05\/19\/les-autogreffes-pediatriques-enfin-possibles-en-tunisie\/\">Les autogreffes p\u00e9diatriques enfin possibles en Tunisie<\/a><\/p><\/blockquote>\n<p><iframe loading=\"lazy\" class=\"wp-embedded-content\" sandbox=\"allow-scripts\" security=\"restricted\" style=\"position: absolute; clip: rect(1px, 1px, 1px, 1px);\" title=\"\u00ab\u00a0Les autogreffes p\u00e9diatriques enfin possibles en Tunisie\u00a0\u00bb &#8212; Kapitalis\" src=\"https:\/\/kapitalis.com\/tunisie\/2017\/05\/19\/les-autogreffes-pediatriques-enfin-possibles-en-tunisie\/embed\/#?secret=haqAnSKcJM#?secret=6eGXOxj6Ez\" data-secret=\"6eGXOxj6Ez\" width=\"600\" height=\"338\" frameborder=\"0\" marginwidth=\"0\" marginheight=\"0\" scrolling=\"no\"><\/iframe><\/p>\n<blockquote class=\"wp-embedded-content\" data-secret=\"QPFNcP0amb\"><p><a href=\"https:\/\/kapitalis.com\/tunisie\/2015\/08\/12\/saber-rebai-et-fathi-haddaoui-realisent-le-reve-de-chayma\/\">Saber Reba\u00ef et Fathi Haddaoui r\u00e9alisent le r\u00eave de Chayma<\/a><\/p><\/blockquote>\n<p><iframe loading=\"lazy\" class=\"wp-embedded-content\" sandbox=\"allow-scripts\" security=\"restricted\" style=\"position: absolute; clip: rect(1px, 1px, 1px, 1px);\" title=\"\u00ab\u00a0Saber Reba\u00ef et Fathi Haddaoui r\u00e9alisent le r\u00eave de Chayma\u00a0\u00bb &#8212; Kapitalis\" src=\"https:\/\/kapitalis.com\/tunisie\/2015\/08\/12\/saber-rebai-et-fathi-haddaoui-realisent-le-reve-de-chayma\/embed\/#?secret=ogv0HB6nRg#?secret=QPFNcP0amb\" data-secret=\"QPFNcP0amb\" width=\"600\" height=\"338\" frameborder=\"0\" marginwidth=\"0\" marginheight=\"0\" scrolling=\"no\"><\/iframe><\/p>\n","protected":false},"excerpt":{"rendered":"<p>&nbsp; Le footballeur Taha Yassine Khenissi a fait le bonheur d\u2019un enfant de 9 ans se battant contre un m\u00e9chant cancer, et qui est clo\u00eetr\u00e9 dans une chambre st\u00e9rile, apr\u00e8s avoir subi une lourde greffe.<\/p>\n","protected":false},"author":6,"featured_media":140239,"comment_status":"open","ping_status":"open","sticky":false,"template":"","format":"standard","meta":{"footnotes":""},"categories":[998,2433],"tags":[29615,3188,346,1161,20865,3223,18924],"class_list":["post-140233","post","type-post","status-publish","format-standard","has-post-thumbnail","hentry","category-societe","category-tunisie","tag-association-maram","tag-esperance-tunis","tag-est","tag-footballeur","tag-manel-gharbi","tag-selection-nationale","tag-taha-yassine-khenissi"],"yoast_head":"<!-- This site is optimized with the Yoast SEO plugin v26.6 - https:\/\/yoast.com\/wordpress\/plugins\/seo\/ -->\n<title>Yassine Khenissi rallume l&#039;espoir d\u2019un enfant luttant contre le cancer - Kapitalis<\/title>\n<meta name=\"robots\" content=\"index, follow, max-snippet:-1, max-image-preview:large, max-video-preview:-1\" \/>\n<link rel=\"canonical\" href=\"https:\/\/kapitalis.com\/tunisie\/2018\/02\/23\/yassine-khenissi-rallume-lespoir-dun-enfant-luttant-contre-le-cancer\/\" \/>\n<meta property=\"og:locale\" content=\"fr_FR\" \/>\n<meta property=\"og:type\" content=\"article\" \/>\n<meta property=\"og:title\" content=\"Yassine Khenissi rallume l&#039;espoir d\u2019un enfant luttant contre le cancer - Kapitalis\" \/>\n<meta property=\"og:description\" content=\"&nbsp; Le footballeur Taha Yassine Khenissi a fait le bonheur d\u2019un enfant de 9 ans se battant contre un m\u00e9chant cancer, et qui est clo\u00eetr\u00e9 dans une chambre st\u00e9rile, apr\u00e8s avoir subi une lourde greffe.\" \/>\n<meta property=\"og:url\" content=\"https:\/\/kapitalis.com\/tunisie\/2018\/02\/23\/yassine-khenissi-rallume-lespoir-dun-enfant-luttant-contre-le-cancer\/\" \/>\n<meta property=\"og:site_name\" content=\"Kapitalis\" \/>\n<meta property=\"article:publisher\" content=\"https:\/\/www.facebook.com\/KapitalisInfo\/\" \/>\n<meta property=\"article:published_time\" content=\"2018-02-23T13:01:57+00:00\" \/>\n<meta property=\"og:image\" content=\"https:\/\/kapitalis.com\/tunisie\/wp-content\/uploads\/2022\/05\/kapitalis-logo-fb.png\" \/>\n\t<meta property=\"og:image:width\" content=\"1200\" \/>\n\t<meta property=\"og:image:height\" content=\"630\" \/>\n\t<meta property=\"og:image:type\" content=\"image\/png\" \/>\n<meta name=\"author\" content=\"Yusra NY\" \/>\n<meta name=\"twitter:card\" content=\"summary_large_image\" \/>\n<meta name=\"twitter:creator\" content=\"@KapitalisInfo\" \/>\n<meta name=\"twitter:site\" content=\"@KapitalisInfo\" \/>\n<meta name=\"twitter:label1\" content=\"\u00c9crit par\" \/>\n\t<meta name=\"twitter:data1\" content=\"Yusra NY\" \/>\n\t<meta name=\"twitter:label2\" content=\"Dur\u00e9e de lecture estim\u00e9e\" \/>\n\t<meta name=\"twitter:data2\" content=\"1 minute\" \/>\n<script type=\"application\/ld+json\" class=\"yoast-schema-graph\">{\"@context\":\"https:\/\/schema.org\",\"@graph\":[{\"@type\":\"Article\",\"@id\":\"https:\/\/kapitalis.com\/tunisie\/2018\/02\/23\/yassine-khenissi-rallume-lespoir-dun-enfant-luttant-contre-le-cancer\/#article\",\"isPartOf\":{\"@id\":\"https:\/\/kapitalis.com\/tunisie\/2018\/02\/23\/yassine-khenissi-rallume-lespoir-dun-enfant-luttant-contre-le-cancer\/\"},\"author\":{\"name\":\"Yusra NY\",\"@id\":\"https:\/\/kapitalis.com\/tunisie\/#\/schema\/person\/74bbde0154d49d790a92aaeac5bc01d5\"},\"headline\":\"Yassine Khenissi rallume l&rsquo;espoir d\u2019un enfant luttant contre le cancer\",\"datePublished\":\"2018-02-23T13:01:57+00:00\",\"mainEntityOfPage\":{\"@id\":\"https:\/\/kapitalis.com\/tunisie\/2018\/02\/23\/yassine-khenissi-rallume-lespoir-dun-enfant-luttant-contre-le-cancer\/\"},\"wordCount\":261,\"commentCount\":0,\"publisher\":{\"@id\":\"https:\/\/kapitalis.com\/tunisie\/#organization\"},\"image\":{\"@id\":\"https:\/\/kapitalis.com\/tunisie\/2018\/02\/23\/yassine-khenissi-rallume-lespoir-dun-enfant-luttant-contre-le-cancer\/#primaryimage\"},\"thumbnailUrl\":\"\",\"keywords\":[\"association Maram\",\"Esp\u00e9rance Tunis\",\"EST\",\"footballeur\",\"Manel Gharbi\",\"s\u00e9lection nationale\",\"Taha Yassine Khenissi\"],\"articleSection\":[\"SOCIETE\",\"Tunisie\"],\"inLanguage\":\"fr-FR\",\"potentialAction\":[{\"@type\":\"CommentAction\",\"name\":\"Comment\",\"target\":[\"https:\/\/kapitalis.com\/tunisie\/2018\/02\/23\/yassine-khenissi-rallume-lespoir-dun-enfant-luttant-contre-le-cancer\/#respond\"]}]},{\"@type\":\"WebPage\",\"@id\":\"https:\/\/kapitalis.com\/tunisie\/2018\/02\/23\/yassine-khenissi-rallume-lespoir-dun-enfant-luttant-contre-le-cancer\/\",\"url\":\"https:\/\/kapitalis.com\/tunisie\/2018\/02\/23\/yassine-khenissi-rallume-lespoir-dun-enfant-luttant-contre-le-cancer\/\",\"name\":\"Yassine Khenissi rallume l'espoir d\u2019un enfant luttant contre le cancer - Kapitalis\",\"isPartOf\":{\"@id\":\"https:\/\/kapitalis.com\/tunisie\/#website\"},\"primaryImageOfPage\":{\"@id\":\"https:\/\/kapitalis.com\/tunisie\/2018\/02\/23\/yassine-khenissi-rallume-lespoir-dun-enfant-luttant-contre-le-cancer\/#primaryimage\"},\"image\":{\"@id\":\"https:\/\/kapitalis.com\/tunisie\/2018\/02\/23\/yassine-khenissi-rallume-lespoir-dun-enfant-luttant-contre-le-cancer\/#primaryimage\"},\"thumbnailUrl\":\"\",\"datePublished\":\"2018-02-23T13:01:57+00:00\",\"breadcrumb\":{\"@id\":\"https:\/\/kapitalis.com\/tunisie\/2018\/02\/23\/yassine-khenissi-rallume-lespoir-dun-enfant-luttant-contre-le-cancer\/#breadcrumb\"},\"inLanguage\":\"fr-FR\",\"potentialAction\":[{\"@type\":\"ReadAction\",\"target\":[\"https:\/\/kapitalis.com\/tunisie\/2018\/02\/23\/yassine-khenissi-rallume-lespoir-dun-enfant-luttant-contre-le-cancer\/\"]}]},{\"@type\":\"ImageObject\",\"inLanguage\":\"fr-FR\",\"@id\":\"https:\/\/kapitalis.com\/tunisie\/2018\/02\/23\/yassine-khenissi-rallume-lespoir-dun-enfant-luttant-contre-le-cancer\/#primaryimage\",\"url\":\"\",\"contentUrl\":\"\"},{\"@type\":\"BreadcrumbList\",\"@id\":\"https:\/\/kapitalis.com\/tunisie\/2018\/02\/23\/yassine-khenissi-rallume-lespoir-dun-enfant-luttant-contre-le-cancer\/#breadcrumb\",\"itemListElement\":[{\"@type\":\"ListItem\",\"position\":1,\"name\":\"Accueil\",\"item\":\"https:\/\/kapitalis.com\/tunisie\/\"},{\"@type\":\"ListItem\",\"position\":2,\"name\":\"Yassine Khenissi rallume l&rsquo;espoir d\u2019un enfant luttant contre le cancer\"}]},{\"@type\":\"WebSite\",\"@id\":\"https:\/\/kapitalis.com\/tunisie\/#website\",\"url\":\"https:\/\/kapitalis.com\/tunisie\/\",\"name\":\"Kapitalis\",\"description\":\"L&#039;actualit\u00e9 en Tunisie et dans le monde\",\"publisher\":{\"@id\":\"https:\/\/kapitalis.com\/tunisie\/#organization\"},\"potentialAction\":[{\"@type\":\"SearchAction\",\"target\":{\"@type\":\"EntryPoint\",\"urlTemplate\":\"https:\/\/kapitalis.com\/tunisie\/?s={search_term_string}\"},\"query-input\":{\"@type\":\"PropertyValueSpecification\",\"valueRequired\":true,\"valueName\":\"search_term_string\"}}],\"inLanguage\":\"fr-FR\"},{\"@type\":\"Organization\",\"@id\":\"https:\/\/kapitalis.com\/tunisie\/#organization\",\"name\":\"Kapitalis\",\"url\":\"https:\/\/kapitalis.com\/tunisie\/\",\"logo\":{\"@type\":\"ImageObject\",\"inLanguage\":\"fr-FR\",\"@id\":\"https:\/\/kapitalis.com\/tunisie\/#\/schema\/logo\/image\/\",\"url\":\"https:\/\/kapitalis.com\/tunisie\/wp-content\/uploads\/2022\/05\/Kapitalis-big-size.png\",\"contentUrl\":\"https:\/\/kapitalis.com\/tunisie\/wp-content\/uploads\/2022\/05\/Kapitalis-big-size.png\",\"width\":5000,\"height\":1500,\"caption\":\"Kapitalis\"},\"image\":{\"@id\":\"https:\/\/kapitalis.com\/tunisie\/#\/schema\/logo\/image\/\"},\"sameAs\":[\"https:\/\/www.facebook.com\/KapitalisInfo\/\",\"https:\/\/x.com\/KapitalisInfo\",\"https:\/\/www.youtube.com\/channel\/UC-yDYrHyfFBWWZaOw3FPg9Q\"]},{\"@type\":\"Person\",\"@id\":\"https:\/\/kapitalis.com\/tunisie\/#\/schema\/person\/74bbde0154d49d790a92aaeac5bc01d5\",\"name\":\"Yusra NY\",\"url\":\"https:\/\/kapitalis.com\/tunisie\/author\/yuza_adam\/\"}]}<\/script>\n<!-- \/ Yoast SEO plugin. -->","yoast_head_json":{"title":"Yassine Khenissi rallume l'espoir d\u2019un enfant luttant contre le cancer - Kapitalis","robots":{"index":"index","follow":"follow","max-snippet":"max-snippet:-1","max-image-preview":"max-image-preview:large","max-video-preview":"max-video-preview:-1"},"canonical":"https:\/\/kapitalis.com\/tunisie\/2018\/02\/23\/yassine-khenissi-rallume-lespoir-dun-enfant-luttant-contre-le-cancer\/","og_locale":"fr_FR","og_type":"article","og_title":"Yassine Khenissi rallume l'espoir d\u2019un enfant luttant contre le cancer - Kapitalis","og_description":"&nbsp; Le footballeur Taha Yassine Khenissi a fait le bonheur d\u2019un enfant de 9 ans se battant contre un m\u00e9chant cancer, et qui est clo\u00eetr\u00e9 dans une chambre st\u00e9rile, apr\u00e8s avoir subi une lourde greffe.","og_url":"https:\/\/kapitalis.com\/tunisie\/2018\/02\/23\/yassine-khenissi-rallume-lespoir-dun-enfant-luttant-contre-le-cancer\/","og_site_name":"Kapitalis","article_publisher":"https:\/\/www.facebook.com\/KapitalisInfo\/","article_published_time":"2018-02-23T13:01:57+00:00","og_image":[{"width":1200,"height":630,"url":"https:\/\/kapitalis.com\/tunisie\/wp-content\/uploads\/2022\/05\/kapitalis-logo-fb.png","type":"image\/png"}],"author":"Yusra NY","twitter_card":"summary_large_image","twitter_creator":"@KapitalisInfo","twitter_site":"@KapitalisInfo","twitter_misc":{"\u00c9crit par":"Yusra NY","Dur\u00e9e de lecture estim\u00e9e":"1 minute"},"schema":{"@context":"https:\/\/schema.org","@graph":[{"@type":"Article","@id":"https:\/\/kapitalis.com\/tunisie\/2018\/02\/23\/yassine-khenissi-rallume-lespoir-dun-enfant-luttant-contre-le-cancer\/#article","isPartOf":{"@id":"https:\/\/kapitalis.com\/tunisie\/2018\/02\/23\/yassine-khenissi-rallume-lespoir-dun-enfant-luttant-contre-le-cancer\/"},"author":{"name":"Yusra NY","@id":"https:\/\/kapitalis.com\/tunisie\/#\/schema\/person\/74bbde0154d49d790a92aaeac5bc01d5"},"headline":"Yassine Khenissi rallume l&rsquo;espoir d\u2019un enfant luttant contre le cancer","datePublished":"2018-02-23T13:01:57+00:00","mainEntityOfPage":{"@id":"https:\/\/kapitalis.com\/tunisie\/2018\/02\/23\/yassine-khenissi-rallume-lespoir-dun-enfant-luttant-contre-le-cancer\/"},"wordCount":261,"commentCount":0,"publisher":{"@id":"https:\/\/kapitalis.com\/tunisie\/#organization"},"image":{"@id":"https:\/\/kapitalis.com\/tunisie\/2018\/02\/23\/yassine-khenissi-rallume-lespoir-dun-enfant-luttant-contre-le-cancer\/#primaryimage"},"thumbnailUrl":"","keywords":["association Maram","Esp\u00e9rance Tunis","EST","footballeur","Manel Gharbi","s\u00e9lection nationale","Taha Yassine Khenissi"],"articleSection":["SOCIETE","Tunisie"],"inLanguage":"fr-FR","potentialAction":[{"@type":"CommentAction","name":"Comment","target":["https:\/\/kapitalis.com\/tunisie\/2018\/02\/23\/yassine-khenissi-rallume-lespoir-dun-enfant-luttant-contre-le-cancer\/#respond"]}]},{"@type":"WebPage","@id":"https:\/\/kapitalis.com\/tunisie\/2018\/02\/23\/yassine-khenissi-rallume-lespoir-dun-enfant-luttant-contre-le-cancer\/","url":"https:\/\/kapitalis.com\/tunisie\/2018\/02\/23\/yassine-khenissi-rallume-lespoir-dun-enfant-luttant-contre-le-cancer\/","name":"Yassine Khenissi rallume l'espoir d\u2019un enfant luttant contre le cancer - Kapitalis","isPartOf":{"@id":"https:\/\/kapitalis.com\/tunisie\/#website"},"primaryImageOfPage":{"@id":"https:\/\/kapitalis.com\/tunisie\/2018\/02\/23\/yassine-khenissi-rallume-lespoir-dun-enfant-luttant-contre-le-cancer\/#primaryimage"},"image":{"@id":"https:\/\/kapitalis.com\/tunisie\/2018\/02\/23\/yassine-khenissi-rallume-lespoir-dun-enfant-luttant-contre-le-cancer\/#primaryimage"},"thumbnailUrl":"","datePublished":"2018-02-23T13:01:57+00:00","breadcrumb":{"@id":"https:\/\/kapitalis.com\/tunisie\/2018\/02\/23\/yassine-khenissi-rallume-lespoir-dun-enfant-luttant-contre-le-cancer\/#breadcrumb"},"inLanguage":"fr-FR","potentialAction":[{"@type":"ReadAction","target":["https:\/\/kapitalis.com\/tunisie\/2018\/02\/23\/yassine-khenissi-rallume-lespoir-dun-enfant-luttant-contre-le-cancer\/"]}]},{"@type":"ImageObject","inLanguage":"fr-FR","@id":"https:\/\/kapitalis.com\/tunisie\/2018\/02\/23\/yassine-khenissi-rallume-lespoir-dun-enfant-luttant-contre-le-cancer\/#primaryimage","url":"","contentUrl":""},{"@type":"BreadcrumbList","@id":"https:\/\/kapitalis.com\/tunisie\/2018\/02\/23\/yassine-khenissi-rallume-lespoir-dun-enfant-luttant-contre-le-cancer\/#breadcrumb","itemListElement":[{"@type":"ListItem","position":1,"name":"Accueil","item":"https:\/\/kapitalis.com\/tunisie\/"},{"@type":"ListItem","position":2,"name":"Yassine Khenissi rallume l&rsquo;espoir d\u2019un enfant luttant contre le cancer"}]},{"@type":"WebSite","@id":"https:\/\/kapitalis.com\/tunisie\/#website","url":"https:\/\/kapitalis.com\/tunisie\/","name":"Kapitalis","description":"L&#039;actualit\u00e9 en Tunisie et dans le monde","publisher":{"@id":"https:\/\/kapitalis.com\/tunisie\/#organization"},"potentialAction":[{"@type":"SearchAction","target":{"@type":"EntryPoint","urlTemplate":"https:\/\/kapitalis.com\/tunisie\/?s={search_term_string}"},"query-input":{"@type":"PropertyValueSpecification","valueRequired":true,"valueName":"search_term_string"}}],"inLanguage":"fr-FR"},{"@type":"Organization","@id":"https:\/\/kapitalis.com\/tunisie\/#organization","name":"Kapitalis","url":"https:\/\/kapitalis.com\/tunisie\/","logo":{"@type":"ImageObject","inLanguage":"fr-FR","@id":"https:\/\/kapitalis.com\/tunisie\/#\/schema\/logo\/image\/","url":"https:\/\/kapitalis.com\/tunisie\/wp-content\/uploads\/2022\/05\/Kapitalis-big-size.png","contentUrl":"https:\/\/kapitalis.com\/tunisie\/wp-content\/uploads\/2022\/05\/Kapitalis-big-size.png","width":5000,"height":1500,"caption":"Kapitalis"},"image":{"@id":"https:\/\/kapitalis.com\/tunisie\/#\/schema\/logo\/image\/"},"sameAs":["https:\/\/www.facebook.com\/KapitalisInfo\/","https:\/\/x.com\/KapitalisInfo","https:\/\/www.youtube.com\/channel\/UC-yDYrHyfFBWWZaOw3FPg9Q"]},{"@type":"Person","@id":"https:\/\/kapitalis.com\/tunisie\/#\/schema\/person\/74bbde0154d49d790a92aaeac5bc01d5","name":"Yusra NY","url":"https:\/\/kapitalis.com\/tunisie\/author\/yuza_adam\/"}]}},"_links":{"self":[{"href":"https:\/\/kapitalis.com\/tunisie\/wp-json\/wp\/v2\/posts\/140233","targetHints":{"allow":["GET"]}}],"collection":[{"href":"https:\/\/kapitalis.com\/tunisie\/wp-json\/wp\/v2\/posts"}],"about":[{"href":"https:\/\/kapitalis.com\/tunisie\/wp-json\/wp\/v2\/types\/post"}],"author":[{"embeddable":true,"href":"https:\/\/kapitalis.com\/tunisie\/wp-json\/wp\/v2\/users\/6"}],"replies":[{"embeddable":true,"href":"https:\/\/kapitalis.com\/tunisie\/wp-json\/wp\/v2\/comments?post=140233"}],"version-history":[{"count":0,"href":"https:\/\/kapitalis.com\/tunisie\/wp-json\/wp\/v2\/posts\/140233\/revisions"}],"wp:featuredmedia":[{"embeddable":true,"href":"https:\/\/kapitalis.com\/tunisie\/wp-json\/wp\/v2\/media\/140239"}],"wp:attachment":[{"href":"https:\/\/kapitalis.com\/tunisie\/wp-json\/wp\/v2\/media?parent=140233"}],"wp:term":[{"taxonomy":"category","embeddable":true,"href":"https:\/\/kapitalis.com\/tunisie\/wp-json\/wp\/v2\/categories?post=140233"},{"taxonomy":"post_tag","embeddable":true,"href":"https:\/\/kapitalis.com\/tunisie\/wp-json\/wp\/v2\/tags?post=140233"}],"curies":[{"name":"wp","href":"https:\/\/api.w.org\/{rel}","templated":true}]}}