{"id":14025610,"date":"2024-09-20T10:54:16","date_gmt":"2024-09-20T09:54:16","guid":{"rendered":"https:\/\/kapitalis.com\/tunisie\/?p=14025610"},"modified":"2024-09-20T10:55:11","modified_gmt":"2024-09-20T09:55:11","slug":"presidentielle-tunisienne-ayachi-zammel-ou-la-priere-de-labsent","status":"publish","type":"post","link":"https:\/\/kapitalis.com\/tunisie\/2024\/09\/20\/presidentielle-tunisienne-ayachi-zammel-ou-la-priere-de-labsent\/","title":{"rendered":"Pr\u00e9sidentielle tunisienne\u00a0: Ayachi Zammel ou la pri\u00e8re de l\u2019absent \u00a0\u00a0"},"content":{"rendered":"\n<p><strong><em>A en croire le porte-parole de la commission \u00e9lectorale, les jugements prononc\u00e9s contre le candidat Ayachi Zammel n\u2019influent pas sur son maintien dans la course \u00e0 la pr\u00e9sidence ni n\u2019affectent le processus \u00e9lectoral.<\/em><\/strong> <strong><em>Il reste cependant \u00e0 se demander s&rsquo;il y aurait vraiment une course&#8230; <\/em><\/strong><\/p>\n\n\n\n<p><strong>Imed Bahri <\/strong><\/p>\n\n\n\n<!--more-->\n\n\n\n<p>Mohamed Tlili Mansri a fait cette d\u00e9claration \u00e0 l\u2019agence Tap, jeudi 19 septembre 2024, \u00e0 deux semaines du scrutin fix\u00e9 au 6 octobre prochain, ajoutant que les deux processus, \u00e9lectoral et judiciaire, sont diff\u00e9rents, d\u2019autant que l\u2019arrestation et les proc\u00e8s ont eu lieu apr\u00e8s l\u2019annonce de la liste finale des candidats par l\u2019Instance sup\u00e9rieure ind\u00e9pendante pour les \u00e9lections (Isie) et sa publication par le Journal officiel de la r\u00e9publique tunisienne (Jort).<\/p>\n\n\n\n<p>Cependant, les jugements prononc\u00e9s par la justice durant la p\u00e9riode \u00e9lectorale, qui a d\u00e9marr\u00e9 le 14 juillet et se poursuivra jusqu\u2019\u00e0 la proclamation des r\u00e9sultats, seront discut\u00e9s durant les d\u00e9lib\u00e9rations finales pr\u00e9c\u00e9dant l\u2019annonce des r\u00e9sultats, a cru devoir pr\u00e9ciser Mansri, laissant ainsi entendre qu\u2019en cas de victoire de Zammel (ce n&rsquo;est qu&rsquo;une hypoth\u00e8se de travail), ce dernier pourrait s\u2019en voir priv\u00e9 par la commission \u00e9lectorale.<\/p>\n\n\n\n<p>Rappelons, dans ce contexte, que Najla Abrougui, autre membre du bureau de l\u2019Isie, avait d\u00e9clar\u00e9 que les membres de l\u2019\u00e9quipe de Zammel peuvent mener campagne pour leur candidat, puisque ce dernier est incarc\u00e9r\u00e9 depuis le 3 septembre et trimbal\u00e9 d\u2019un tribunal \u00e0 un autre pour \u00eatre jug\u00e9 pour des soup\u00e7ons de falsification de parrainages dans son dossier de candidature. &nbsp;&nbsp;<\/p>\n\n\n\n<p>Reste que Mansri et Abrougui se contentent d\u2019 appr\u00e9hender le <em>\u00abcas Zammel\u00bb<\/em> sur le plan purement juridique, alors qu\u2019il rev\u00eat un caract\u00e8re \u00e9minemment politique, puisque le concern\u00e9 d\u00e9nonce des affaires mont\u00e9es de toute pi\u00e8ces et un harc\u00e8lement judiciaire visant \u00e0 l\u2019exclure de la course.<\/p>\n\n\n\n<p>Par ailleurs, quel cr\u00e9dit donner \u00e0 une consultation \u00e9lectorale o\u00f9 l\u2019un des trois candidats est emp\u00each\u00e9 de mener campagne et de parler aux \u00e9lecteurs? Cela ne jetterait-il pas une ombre sur le processus \u00e9lectoral dans son ensemble et ne ferait-il pas peser de lourdes suspicions sur la transparence et la cr\u00e9dibilit\u00e9 des r\u00e9sultats, d\u2019autant que l\u2019on peut s\u00e9rieusement s\u2019attendre \u00e0 ce que l\u2019un des candidats d\u00e9pose un recours contre ces r\u00e9sultats devant le tribunal administratif, et ce en l&rsquo;absence de cour constitutionnelle. Hypoth\u00e8se \u00e0 ne pas \u00e9carter\u2026<\/p>\n","protected":false},"excerpt":{"rendered":"<p>La commission \u00e9lectorale appr\u00e9hender le cas Ayachi Zammel sur le plan purement juridique, alors qu\u2019il rev\u00eat un caract\u00e8re \u00e9minemment politique. <\/p>\n","protected":false},"author":8,"featured_media":13834719,"comment_status":"closed","ping_status":"open","sticky":false,"template":"","format":"standard","meta":{"footnotes":""},"categories":[992,997,2433],"tags":[79858,99253,7476,114700,38963,110933,4797,64374,1772,62643],"class_list":["post-14025610","post","type-post","status-publish","format-standard","has-post-thumbnail","hentry","category-a-la-une","category-politique","category-tunisie","tag-ayachi-zammel","tag-commission-electorale","tag-cour-constitutionnelle","tag-harcelement-judiciaire","tag-mohamed-tlili-mansri","tag-najla-abrougui","tag-presidentielle","tag-processus-electoral","tag-tribunal-administratif","tag-tunisie"],"yoast_head":"<!-- This site is optimized with the Yoast SEO plugin v26.6 - https:\/\/yoast.com\/wordpress\/plugins\/seo\/ -->\n<title>Pr\u00e9sidentielle tunisienne\u00a0: Ayachi Zammel ou la pri\u00e8re de l\u2019absent \u00a0\u00a0 - Kapitalis<\/title>\n<meta name=\"robots\" content=\"index, follow, max-snippet:-1, max-image-preview:large, max-video-preview:-1\" \/>\n<link rel=\"canonical\" href=\"https:\/\/kapitalis.com\/tunisie\/2024\/09\/20\/presidentielle-tunisienne-ayachi-zammel-ou-la-priere-de-labsent\/\" \/>\n<meta property=\"og:locale\" content=\"fr_FR\" \/>\n<meta property=\"og:type\" content=\"article\" \/>\n<meta property=\"og:title\" content=\"Pr\u00e9sidentielle tunisienne\u00a0: Ayachi Zammel ou la pri\u00e8re de l\u2019absent \u00a0\u00a0 - Kapitalis\" \/>\n<meta property=\"og:description\" content=\"La commission \u00e9lectorale appr\u00e9hender le cas Ayachi Zammel sur le plan purement juridique, alors qu\u2019il rev\u00eat un caract\u00e8re \u00e9minemment politique.\" \/>\n<meta property=\"og:url\" content=\"https:\/\/kapitalis.com\/tunisie\/2024\/09\/20\/presidentielle-tunisienne-ayachi-zammel-ou-la-priere-de-labsent\/\" \/>\n<meta property=\"og:site_name\" content=\"Kapitalis\" \/>\n<meta property=\"article:publisher\" content=\"https:\/\/www.facebook.com\/KapitalisInfo\/\" \/>\n<meta property=\"article:published_time\" content=\"2024-09-20T09:54:16+00:00\" \/>\n<meta property=\"article:modified_time\" content=\"2024-09-20T09:55:11+00:00\" \/>\n<meta property=\"og:image\" content=\"https:\/\/kapitalis.com\/tunisie\/wp-content\/uploads\/2024\/08\/Ayachi-Zammel.jpg\" \/>\n\t<meta property=\"og:image:width\" content=\"1200\" \/>\n\t<meta property=\"og:image:height\" content=\"630\" \/>\n\t<meta property=\"og:image:type\" content=\"image\/jpeg\" \/>\n<meta name=\"author\" content=\"webmaster kapitalis\" \/>\n<meta name=\"twitter:card\" content=\"summary_large_image\" \/>\n<meta name=\"twitter:creator\" content=\"@KapitalisInfo\" \/>\n<meta name=\"twitter:site\" content=\"@KapitalisInfo\" \/>\n<meta name=\"twitter:label1\" content=\"\u00c9crit par\" \/>\n\t<meta name=\"twitter:data1\" content=\"webmaster kapitalis\" \/>\n\t<meta name=\"twitter:label2\" content=\"Dur\u00e9e de lecture estim\u00e9e\" \/>\n\t<meta name=\"twitter:data2\" content=\"3 minutes\" \/>\n<script type=\"application\/ld+json\" class=\"yoast-schema-graph\">{\"@context\":\"https:\/\/schema.org\",\"@graph\":[{\"@type\":\"Article\",\"@id\":\"https:\/\/kapitalis.com\/tunisie\/2024\/09\/20\/presidentielle-tunisienne-ayachi-zammel-ou-la-priere-de-labsent\/#article\",\"isPartOf\":{\"@id\":\"https:\/\/kapitalis.com\/tunisie\/2024\/09\/20\/presidentielle-tunisienne-ayachi-zammel-ou-la-priere-de-labsent\/\"},\"author\":{\"name\":\"webmaster kapitalis\",\"@id\":\"https:\/\/kapitalis.com\/tunisie\/#\/schema\/person\/d71f33a9ca44f7bad4698210b480c8e9\"},\"headline\":\"Pr\u00e9sidentielle tunisienne\u00a0: Ayachi Zammel ou la pri\u00e8re de l\u2019absent \u00a0\u00a0\",\"datePublished\":\"2024-09-20T09:54:16+00:00\",\"dateModified\":\"2024-09-20T09:55:11+00:00\",\"mainEntityOfPage\":{\"@id\":\"https:\/\/kapitalis.com\/tunisie\/2024\/09\/20\/presidentielle-tunisienne-ayachi-zammel-ou-la-priere-de-labsent\/\"},\"wordCount\":432,\"publisher\":{\"@id\":\"https:\/\/kapitalis.com\/tunisie\/#organization\"},\"image\":{\"@id\":\"https:\/\/kapitalis.com\/tunisie\/2024\/09\/20\/presidentielle-tunisienne-ayachi-zammel-ou-la-priere-de-labsent\/#primaryimage\"},\"thumbnailUrl\":\"https:\/\/kapitalis.com\/tunisie\/wp-content\/uploads\/2024\/08\/Ayachi-Zammel.jpg\",\"keywords\":[\"Ayachi Zammel\",\"commission \u00e9lectorale\",\"Cour constitutionnelle\",\"harc\u00e8lement judiciaire\",\"Mohamed Tlili Mansri\",\"Najla Abrougui\",\"pr\u00e9sidentielle\",\"processus \u00e9lectoral\",\"tribunal administratif\",\"Tunisie\"],\"articleSection\":[\"A LA UNE\",\"POLITIQUE\",\"Tunisie\"],\"inLanguage\":\"fr-FR\"},{\"@type\":\"WebPage\",\"@id\":\"https:\/\/kapitalis.com\/tunisie\/2024\/09\/20\/presidentielle-tunisienne-ayachi-zammel-ou-la-priere-de-labsent\/\",\"url\":\"https:\/\/kapitalis.com\/tunisie\/2024\/09\/20\/presidentielle-tunisienne-ayachi-zammel-ou-la-priere-de-labsent\/\",\"name\":\"Pr\u00e9sidentielle tunisienne\u00a0: Ayachi Zammel ou la pri\u00e8re de l\u2019absent \u00a0\u00a0 - Kapitalis\",\"isPartOf\":{\"@id\":\"https:\/\/kapitalis.com\/tunisie\/#website\"},\"primaryImageOfPage\":{\"@id\":\"https:\/\/kapitalis.com\/tunisie\/2024\/09\/20\/presidentielle-tunisienne-ayachi-zammel-ou-la-priere-de-labsent\/#primaryimage\"},\"image\":{\"@id\":\"https:\/\/kapitalis.com\/tunisie\/2024\/09\/20\/presidentielle-tunisienne-ayachi-zammel-ou-la-priere-de-labsent\/#primaryimage\"},\"thumbnailUrl\":\"https:\/\/kapitalis.com\/tunisie\/wp-content\/uploads\/2024\/08\/Ayachi-Zammel.jpg\",\"datePublished\":\"2024-09-20T09:54:16+00:00\",\"dateModified\":\"2024-09-20T09:55:11+00:00\",\"breadcrumb\":{\"@id\":\"https:\/\/kapitalis.com\/tunisie\/2024\/09\/20\/presidentielle-tunisienne-ayachi-zammel-ou-la-priere-de-labsent\/#breadcrumb\"},\"inLanguage\":\"fr-FR\",\"potentialAction\":[{\"@type\":\"ReadAction\",\"target\":[\"https:\/\/kapitalis.com\/tunisie\/2024\/09\/20\/presidentielle-tunisienne-ayachi-zammel-ou-la-priere-de-labsent\/\"]}]},{\"@type\":\"ImageObject\",\"inLanguage\":\"fr-FR\",\"@id\":\"https:\/\/kapitalis.com\/tunisie\/2024\/09\/20\/presidentielle-tunisienne-ayachi-zammel-ou-la-priere-de-labsent\/#primaryimage\",\"url\":\"https:\/\/kapitalis.com\/tunisie\/wp-content\/uploads\/2024\/08\/Ayachi-Zammel.jpg\",\"contentUrl\":\"https:\/\/kapitalis.com\/tunisie\/wp-content\/uploads\/2024\/08\/Ayachi-Zammel.jpg\",\"width\":1200,\"height\":630},{\"@type\":\"BreadcrumbList\",\"@id\":\"https:\/\/kapitalis.com\/tunisie\/2024\/09\/20\/presidentielle-tunisienne-ayachi-zammel-ou-la-priere-de-labsent\/#breadcrumb\",\"itemListElement\":[{\"@type\":\"ListItem\",\"position\":1,\"name\":\"Accueil\",\"item\":\"https:\/\/kapitalis.com\/tunisie\/\"},{\"@type\":\"ListItem\",\"position\":2,\"name\":\"Pr\u00e9sidentielle tunisienne\u00a0: Ayachi Zammel ou la pri\u00e8re de l\u2019absent \u00a0\u00a0\"}]},{\"@type\":\"WebSite\",\"@id\":\"https:\/\/kapitalis.com\/tunisie\/#website\",\"url\":\"https:\/\/kapitalis.com\/tunisie\/\",\"name\":\"Kapitalis\",\"description\":\"L&#039;actualit\u00e9 en Tunisie et dans le monde\",\"publisher\":{\"@id\":\"https:\/\/kapitalis.com\/tunisie\/#organization\"},\"potentialAction\":[{\"@type\":\"SearchAction\",\"target\":{\"@type\":\"EntryPoint\",\"urlTemplate\":\"https:\/\/kapitalis.com\/tunisie\/?s={search_term_string}\"},\"query-input\":{\"@type\":\"PropertyValueSpecification\",\"valueRequired\":true,\"valueName\":\"search_term_string\"}}],\"inLanguage\":\"fr-FR\"},{\"@type\":\"Organization\",\"@id\":\"https:\/\/kapitalis.com\/tunisie\/#organization\",\"name\":\"Kapitalis\",\"url\":\"https:\/\/kapitalis.com\/tunisie\/\",\"logo\":{\"@type\":\"ImageObject\",\"inLanguage\":\"fr-FR\",\"@id\":\"https:\/\/kapitalis.com\/tunisie\/#\/schema\/logo\/image\/\",\"url\":\"https:\/\/kapitalis.com\/tunisie\/wp-content\/uploads\/2022\/05\/Kapitalis-big-size.png\",\"contentUrl\":\"https:\/\/kapitalis.com\/tunisie\/wp-content\/uploads\/2022\/05\/Kapitalis-big-size.png\",\"width\":5000,\"height\":1500,\"caption\":\"Kapitalis\"},\"image\":{\"@id\":\"https:\/\/kapitalis.com\/tunisie\/#\/schema\/logo\/image\/\"},\"sameAs\":[\"https:\/\/www.facebook.com\/KapitalisInfo\/\",\"https:\/\/x.com\/KapitalisInfo\",\"https:\/\/www.youtube.com\/channel\/UC-yDYrHyfFBWWZaOw3FPg9Q\"]},{\"@type\":\"Person\",\"@id\":\"https:\/\/kapitalis.com\/tunisie\/#\/schema\/person\/d71f33a9ca44f7bad4698210b480c8e9\",\"name\":\"webmaster kapitalis\",\"url\":\"https:\/\/kapitalis.com\/tunisie\/author\/webmaster-kapitalis\/\"}]}<\/script>\n<!-- \/ Yoast SEO plugin. -->","yoast_head_json":{"title":"Pr\u00e9sidentielle tunisienne\u00a0: Ayachi Zammel ou la pri\u00e8re de l\u2019absent \u00a0\u00a0 - Kapitalis","robots":{"index":"index","follow":"follow","max-snippet":"max-snippet:-1","max-image-preview":"max-image-preview:large","max-video-preview":"max-video-preview:-1"},"canonical":"https:\/\/kapitalis.com\/tunisie\/2024\/09\/20\/presidentielle-tunisienne-ayachi-zammel-ou-la-priere-de-labsent\/","og_locale":"fr_FR","og_type":"article","og_title":"Pr\u00e9sidentielle tunisienne\u00a0: Ayachi Zammel ou la pri\u00e8re de l\u2019absent \u00a0\u00a0 - Kapitalis","og_description":"La commission \u00e9lectorale appr\u00e9hender le cas Ayachi Zammel sur le plan purement juridique, alors qu\u2019il rev\u00eat un caract\u00e8re \u00e9minemment politique.","og_url":"https:\/\/kapitalis.com\/tunisie\/2024\/09\/20\/presidentielle-tunisienne-ayachi-zammel-ou-la-priere-de-labsent\/","og_site_name":"Kapitalis","article_publisher":"https:\/\/www.facebook.com\/KapitalisInfo\/","article_published_time":"2024-09-20T09:54:16+00:00","article_modified_time":"2024-09-20T09:55:11+00:00","og_image":[{"width":1200,"height":630,"url":"https:\/\/kapitalis.com\/tunisie\/wp-content\/uploads\/2024\/08\/Ayachi-Zammel.jpg","type":"image\/jpeg"}],"author":"webmaster kapitalis","twitter_card":"summary_large_image","twitter_creator":"@KapitalisInfo","twitter_site":"@KapitalisInfo","twitter_misc":{"\u00c9crit par":"webmaster kapitalis","Dur\u00e9e de lecture estim\u00e9e":"3 minutes"},"schema":{"@context":"https:\/\/schema.org","@graph":[{"@type":"Article","@id":"https:\/\/kapitalis.com\/tunisie\/2024\/09\/20\/presidentielle-tunisienne-ayachi-zammel-ou-la-priere-de-labsent\/#article","isPartOf":{"@id":"https:\/\/kapitalis.com\/tunisie\/2024\/09\/20\/presidentielle-tunisienne-ayachi-zammel-ou-la-priere-de-labsent\/"},"author":{"name":"webmaster kapitalis","@id":"https:\/\/kapitalis.com\/tunisie\/#\/schema\/person\/d71f33a9ca44f7bad4698210b480c8e9"},"headline":"Pr\u00e9sidentielle tunisienne\u00a0: Ayachi Zammel ou la pri\u00e8re de l\u2019absent \u00a0\u00a0","datePublished":"2024-09-20T09:54:16+00:00","dateModified":"2024-09-20T09:55:11+00:00","mainEntityOfPage":{"@id":"https:\/\/kapitalis.com\/tunisie\/2024\/09\/20\/presidentielle-tunisienne-ayachi-zammel-ou-la-priere-de-labsent\/"},"wordCount":432,"publisher":{"@id":"https:\/\/kapitalis.com\/tunisie\/#organization"},"image":{"@id":"https:\/\/kapitalis.com\/tunisie\/2024\/09\/20\/presidentielle-tunisienne-ayachi-zammel-ou-la-priere-de-labsent\/#primaryimage"},"thumbnailUrl":"https:\/\/kapitalis.com\/tunisie\/wp-content\/uploads\/2024\/08\/Ayachi-Zammel.jpg","keywords":["Ayachi Zammel","commission \u00e9lectorale","Cour constitutionnelle","harc\u00e8lement judiciaire","Mohamed Tlili Mansri","Najla Abrougui","pr\u00e9sidentielle","processus \u00e9lectoral","tribunal administratif","Tunisie"],"articleSection":["A LA UNE","POLITIQUE","Tunisie"],"inLanguage":"fr-FR"},{"@type":"WebPage","@id":"https:\/\/kapitalis.com\/tunisie\/2024\/09\/20\/presidentielle-tunisienne-ayachi-zammel-ou-la-priere-de-labsent\/","url":"https:\/\/kapitalis.com\/tunisie\/2024\/09\/20\/presidentielle-tunisienne-ayachi-zammel-ou-la-priere-de-labsent\/","name":"Pr\u00e9sidentielle tunisienne\u00a0: Ayachi Zammel ou la pri\u00e8re de l\u2019absent \u00a0\u00a0 - Kapitalis","isPartOf":{"@id":"https:\/\/kapitalis.com\/tunisie\/#website"},"primaryImageOfPage":{"@id":"https:\/\/kapitalis.com\/tunisie\/2024\/09\/20\/presidentielle-tunisienne-ayachi-zammel-ou-la-priere-de-labsent\/#primaryimage"},"image":{"@id":"https:\/\/kapitalis.com\/tunisie\/2024\/09\/20\/presidentielle-tunisienne-ayachi-zammel-ou-la-priere-de-labsent\/#primaryimage"},"thumbnailUrl":"https:\/\/kapitalis.com\/tunisie\/wp-content\/uploads\/2024\/08\/Ayachi-Zammel.jpg","datePublished":"2024-09-20T09:54:16+00:00","dateModified":"2024-09-20T09:55:11+00:00","breadcrumb":{"@id":"https:\/\/kapitalis.com\/tunisie\/2024\/09\/20\/presidentielle-tunisienne-ayachi-zammel-ou-la-priere-de-labsent\/#breadcrumb"},"inLanguage":"fr-FR","potentialAction":[{"@type":"ReadAction","target":["https:\/\/kapitalis.com\/tunisie\/2024\/09\/20\/presidentielle-tunisienne-ayachi-zammel-ou-la-priere-de-labsent\/"]}]},{"@type":"ImageObject","inLanguage":"fr-FR","@id":"https:\/\/kapitalis.com\/tunisie\/2024\/09\/20\/presidentielle-tunisienne-ayachi-zammel-ou-la-priere-de-labsent\/#primaryimage","url":"https:\/\/kapitalis.com\/tunisie\/wp-content\/uploads\/2024\/08\/Ayachi-Zammel.jpg","contentUrl":"https:\/\/kapitalis.com\/tunisie\/wp-content\/uploads\/2024\/08\/Ayachi-Zammel.jpg","width":1200,"height":630},{"@type":"BreadcrumbList","@id":"https:\/\/kapitalis.com\/tunisie\/2024\/09\/20\/presidentielle-tunisienne-ayachi-zammel-ou-la-priere-de-labsent\/#breadcrumb","itemListElement":[{"@type":"ListItem","position":1,"name":"Accueil","item":"https:\/\/kapitalis.com\/tunisie\/"},{"@type":"ListItem","position":2,"name":"Pr\u00e9sidentielle tunisienne\u00a0: Ayachi Zammel ou la pri\u00e8re de l\u2019absent \u00a0\u00a0"}]},{"@type":"WebSite","@id":"https:\/\/kapitalis.com\/tunisie\/#website","url":"https:\/\/kapitalis.com\/tunisie\/","name":"Kapitalis","description":"L&#039;actualit\u00e9 en Tunisie et dans le monde","publisher":{"@id":"https:\/\/kapitalis.com\/tunisie\/#organization"},"potentialAction":[{"@type":"SearchAction","target":{"@type":"EntryPoint","urlTemplate":"https:\/\/kapitalis.com\/tunisie\/?s={search_term_string}"},"query-input":{"@type":"PropertyValueSpecification","valueRequired":true,"valueName":"search_term_string"}}],"inLanguage":"fr-FR"},{"@type":"Organization","@id":"https:\/\/kapitalis.com\/tunisie\/#organization","name":"Kapitalis","url":"https:\/\/kapitalis.com\/tunisie\/","logo":{"@type":"ImageObject","inLanguage":"fr-FR","@id":"https:\/\/kapitalis.com\/tunisie\/#\/schema\/logo\/image\/","url":"https:\/\/kapitalis.com\/tunisie\/wp-content\/uploads\/2022\/05\/Kapitalis-big-size.png","contentUrl":"https:\/\/kapitalis.com\/tunisie\/wp-content\/uploads\/2022\/05\/Kapitalis-big-size.png","width":5000,"height":1500,"caption":"Kapitalis"},"image":{"@id":"https:\/\/kapitalis.com\/tunisie\/#\/schema\/logo\/image\/"},"sameAs":["https:\/\/www.facebook.com\/KapitalisInfo\/","https:\/\/x.com\/KapitalisInfo","https:\/\/www.youtube.com\/channel\/UC-yDYrHyfFBWWZaOw3FPg9Q"]},{"@type":"Person","@id":"https:\/\/kapitalis.com\/tunisie\/#\/schema\/person\/d71f33a9ca44f7bad4698210b480c8e9","name":"webmaster kapitalis","url":"https:\/\/kapitalis.com\/tunisie\/author\/webmaster-kapitalis\/"}]}},"_links":{"self":[{"href":"https:\/\/kapitalis.com\/tunisie\/wp-json\/wp\/v2\/posts\/14025610","targetHints":{"allow":["GET"]}}],"collection":[{"href":"https:\/\/kapitalis.com\/tunisie\/wp-json\/wp\/v2\/posts"}],"about":[{"href":"https:\/\/kapitalis.com\/tunisie\/wp-json\/wp\/v2\/types\/post"}],"author":[{"embeddable":true,"href":"https:\/\/kapitalis.com\/tunisie\/wp-json\/wp\/v2\/users\/8"}],"replies":[{"embeddable":true,"href":"https:\/\/kapitalis.com\/tunisie\/wp-json\/wp\/v2\/comments?post=14025610"}],"version-history":[{"count":2,"href":"https:\/\/kapitalis.com\/tunisie\/wp-json\/wp\/v2\/posts\/14025610\/revisions"}],"predecessor-version":[{"id":14025667,"href":"https:\/\/kapitalis.com\/tunisie\/wp-json\/wp\/v2\/posts\/14025610\/revisions\/14025667"}],"wp:featuredmedia":[{"embeddable":true,"href":"https:\/\/kapitalis.com\/tunisie\/wp-json\/wp\/v2\/media\/13834719"}],"wp:attachment":[{"href":"https:\/\/kapitalis.com\/tunisie\/wp-json\/wp\/v2\/media?parent=14025610"}],"wp:term":[{"taxonomy":"category","embeddable":true,"href":"https:\/\/kapitalis.com\/tunisie\/wp-json\/wp\/v2\/categories?post=14025610"},{"taxonomy":"post_tag","embeddable":true,"href":"https:\/\/kapitalis.com\/tunisie\/wp-json\/wp\/v2\/tags?post=14025610"}],"curies":[{"name":"wp","href":"https:\/\/api.w.org\/{rel}","templated":true}]}}