{"id":14029535,"date":"2024-09-20T21:11:10","date_gmt":"2024-09-20T20:11:10","guid":{"rendered":"https:\/\/kapitalis.com\/tunisie\/?p=14029535"},"modified":"2024-09-20T21:47:10","modified_gmt":"2024-09-20T20:47:10","slug":"un-reseau-de-trafic-de-pieces-archeologiques-demantele-aux-jardins-del-menzah","status":"publish","type":"post","link":"https:\/\/kapitalis.com\/tunisie\/2024\/09\/20\/un-reseau-de-trafic-de-pieces-archeologiques-demantele-aux-jardins-del-menzah\/","title":{"rendered":"Un r\u00e9seau de trafic de pi\u00e8ces arch\u00e9ologiques d\u00e9mantel\u00e9 aux Jardins d&rsquo;El-Menzah"},"content":{"rendered":"\n<p><em><strong>La Direction g\u00e9n\u00e9rale de la garde nationale (DGGN) a annonc\u00e9, ce vendredi 20 septembre 2024, le d\u00e9mant\u00e8lement d&rsquo;un r\u00e9seau de trafic de pi\u00e8ces arch\u00e9ologiques et l\u2019arrestation de deux suspects aux Jardins d&rsquo;El-Menzah<\/strong><\/em><\/p>\n\n\n\n<!--more-->\n\n\n\n<p>L&rsquo;op\u00e9ration a \u00e9t\u00e9 men\u00e9e par les unit\u00e9s de la garde nationale des Jardins d\u2019El Menzah (gouvernorat de l\u2019Ariana) dans le cadre de la lutte contre le trafic de biens culturels, pr\u00e9cise la DGSN en affirmant que deux membres dudit r\u00e9seau ont \u00e9t\u00e9 arr\u00eat\u00e9s au niveau de la Cit\u00e9 Errafaha.<\/p>\n\n\n\n<figure class=\"wp-block-gallery aligncenter has-nested-images columns-default is-cropped wp-block-gallery-1 is-layout-flex wp-block-gallery-is-layout-flex\">\n<figure class=\"wp-block-image size-large\"><img loading=\"lazy\" decoding=\"async\" width=\"1024\" height=\"768\" data-id=\"14029562\" src=\"https:\/\/kapitalis.com\/tunisie\/wp-content\/uploads\/2024\/09\/pieces-archeologiques-2-1024x768.jpg\" alt=\"\" class=\"wp-image-14029562\" srcset=\"https:\/\/kapitalis.com\/tunisie\/wp-content\/uploads\/2024\/09\/pieces-archeologiques-2-1024x768.jpg 1024w, https:\/\/kapitalis.com\/tunisie\/wp-content\/uploads\/2024\/09\/pieces-archeologiques-2-300x225.jpg 300w, https:\/\/kapitalis.com\/tunisie\/wp-content\/uploads\/2024\/09\/pieces-archeologiques-2-768x576.jpg 768w, https:\/\/kapitalis.com\/tunisie\/wp-content\/uploads\/2024\/09\/pieces-archeologiques-2-1536x1152.jpg 1536w, https:\/\/kapitalis.com\/tunisie\/wp-content\/uploads\/2024\/09\/pieces-archeologiques-2-580x435.jpg 580w, https:\/\/kapitalis.com\/tunisie\/wp-content\/uploads\/2024\/09\/pieces-archeologiques-2-860x645.jpg 860w, https:\/\/kapitalis.com\/tunisie\/wp-content\/uploads\/2024\/09\/pieces-archeologiques-2-1160x870.jpg 1160w, https:\/\/kapitalis.com\/tunisie\/wp-content\/uploads\/2024\/09\/pieces-archeologiques-2.jpg 1600w\" sizes=\"auto, (max-width: 1024px) 100vw, 1024px\" \/><\/figure>\n\n\n\n<figure class=\"wp-block-image size-large\"><img loading=\"lazy\" decoding=\"async\" width=\"768\" height=\"1024\" data-id=\"14029563\" src=\"https:\/\/kapitalis.com\/tunisie\/wp-content\/uploads\/2024\/09\/pieces-archeologiques-1-768x1024.jpg\" alt=\"\" class=\"wp-image-14029563\" srcset=\"https:\/\/kapitalis.com\/tunisie\/wp-content\/uploads\/2024\/09\/pieces-archeologiques-1-768x1024.jpg 768w, https:\/\/kapitalis.com\/tunisie\/wp-content\/uploads\/2024\/09\/pieces-archeologiques-1-225x300.jpg 225w, https:\/\/kapitalis.com\/tunisie\/wp-content\/uploads\/2024\/09\/pieces-archeologiques-1-1152x1536.jpg 1152w, https:\/\/kapitalis.com\/tunisie\/wp-content\/uploads\/2024\/09\/pieces-archeologiques-1-580x773.jpg 580w, https:\/\/kapitalis.com\/tunisie\/wp-content\/uploads\/2024\/09\/pieces-archeologiques-1-860x1147.jpg 860w, https:\/\/kapitalis.com\/tunisie\/wp-content\/uploads\/2024\/09\/pieces-archeologiques-1-1160x1547.jpg 1160w, https:\/\/kapitalis.com\/tunisie\/wp-content\/uploads\/2024\/09\/pieces-archeologiques-1.jpg 1200w\" sizes=\"auto, (max-width: 768px) 100vw, 768px\" \/><\/figure>\n<\/figure>\n\n\n\n<p>Lors de leur interpellation, ces derniers \u00e9taient en possession d\u2019objets arch\u00e9ologiques qu&rsquo;ils avaient l&rsquo;intention de revendre ill\u00e9galement \u00e0 une tierce personne.<\/p>\n\n\n\n<p>Le Parquet a ordonn\u00e9 leur mise en d\u00e9tention et la poursuite de l&rsquo;enqu\u00eate, indique encore la DGGN.<\/p>\n\n\n\n<p class=\"has-text-align-right\"><strong>Y. N.<\/strong><\/p>\n","protected":false},"excerpt":{"rendered":"<p>La Direction g\u00e9n\u00e9rale de la garde nationale (DGGN) a annonc\u00e9, ce vendredi 20 septembre 2024, le d\u00e9mant\u00e8lement d&rsquo;un r\u00e9seau de trafic de pi\u00e8ces arch\u00e9ologiques et l\u2019arrestation de deux suspects aux Jardins d&rsquo;El-Menzah<\/p>\n","protected":false},"author":6,"featured_media":14029564,"comment_status":"closed","ping_status":"open","sticky":false,"template":"","format":"standard","meta":{"footnotes":""},"categories":[994,998,2433],"tags":[79,64560,10542,17665,912,62643],"class_list":["post-14029535","post","type-post","status-publish","format-standard","has-post-thumbnail","hentry","category-culture","category-societe","category-tunisie","tag-ariana","tag-garde-nationale","tag-jardins-del-menzah","tag-pieces-archeologiques","tag-trafic","tag-tunisie"],"yoast_head":"<!-- This site is optimized with the Yoast SEO plugin v26.6 - https:\/\/yoast.com\/wordpress\/plugins\/seo\/ -->\n<title>Un r\u00e9seau de trafic de pi\u00e8ces arch\u00e9ologiques d\u00e9mantel\u00e9 aux Jardins d&#039;El-Menzah - Kapitalis<\/title>\n<meta name=\"robots\" content=\"index, follow, max-snippet:-1, max-image-preview:large, max-video-preview:-1\" \/>\n<link rel=\"canonical\" href=\"https:\/\/kapitalis.com\/tunisie\/2024\/09\/20\/un-reseau-de-trafic-de-pieces-archeologiques-demantele-aux-jardins-del-menzah\/\" \/>\n<meta property=\"og:locale\" content=\"fr_FR\" \/>\n<meta property=\"og:type\" content=\"article\" \/>\n<meta property=\"og:title\" content=\"Un r\u00e9seau de trafic de pi\u00e8ces arch\u00e9ologiques d\u00e9mantel\u00e9 aux Jardins d&#039;El-Menzah - Kapitalis\" \/>\n<meta property=\"og:description\" content=\"La Direction g\u00e9n\u00e9rale de la garde nationale (DGGN) a annonc\u00e9, ce vendredi 20 septembre 2024, le d\u00e9mant\u00e8lement d&rsquo;un r\u00e9seau de trafic de pi\u00e8ces arch\u00e9ologiques et l\u2019arrestation de deux suspects aux Jardins d&rsquo;El-Menzah\" \/>\n<meta property=\"og:url\" content=\"https:\/\/kapitalis.com\/tunisie\/2024\/09\/20\/un-reseau-de-trafic-de-pieces-archeologiques-demantele-aux-jardins-del-menzah\/\" \/>\n<meta property=\"og:site_name\" content=\"Kapitalis\" \/>\n<meta property=\"article:publisher\" content=\"https:\/\/www.facebook.com\/KapitalisInfo\/\" \/>\n<meta property=\"article:published_time\" content=\"2024-09-20T20:11:10+00:00\" \/>\n<meta property=\"article:modified_time\" content=\"2024-09-20T20:47:10+00:00\" \/>\n<meta property=\"og:image\" content=\"https:\/\/kapitalis.com\/tunisie\/wp-content\/uploads\/2024\/09\/trafic-pieces-archeologiques.jpg\" \/>\n\t<meta property=\"og:image:width\" content=\"1200\" \/>\n\t<meta property=\"og:image:height\" content=\"630\" \/>\n\t<meta property=\"og:image:type\" content=\"image\/jpeg\" \/>\n<meta name=\"author\" content=\"Yusra NY\" \/>\n<meta name=\"twitter:card\" content=\"summary_large_image\" \/>\n<meta name=\"twitter:creator\" content=\"@KapitalisInfo\" \/>\n<meta name=\"twitter:site\" content=\"@KapitalisInfo\" \/>\n<meta name=\"twitter:label1\" content=\"\u00c9crit par\" \/>\n\t<meta name=\"twitter:data1\" content=\"Yusra NY\" \/>\n\t<meta name=\"twitter:label2\" content=\"Dur\u00e9e de lecture estim\u00e9e\" \/>\n\t<meta name=\"twitter:data2\" content=\"2 minutes\" \/>\n<script type=\"application\/ld+json\" class=\"yoast-schema-graph\">{\"@context\":\"https:\/\/schema.org\",\"@graph\":[{\"@type\":\"Article\",\"@id\":\"https:\/\/kapitalis.com\/tunisie\/2024\/09\/20\/un-reseau-de-trafic-de-pieces-archeologiques-demantele-aux-jardins-del-menzah\/#article\",\"isPartOf\":{\"@id\":\"https:\/\/kapitalis.com\/tunisie\/2024\/09\/20\/un-reseau-de-trafic-de-pieces-archeologiques-demantele-aux-jardins-del-menzah\/\"},\"author\":{\"name\":\"Yusra NY\",\"@id\":\"https:\/\/kapitalis.com\/tunisie\/#\/schema\/person\/74bbde0154d49d790a92aaeac5bc01d5\"},\"headline\":\"Un r\u00e9seau de trafic de pi\u00e8ces arch\u00e9ologiques d\u00e9mantel\u00e9 aux Jardins d&rsquo;El-Menzah\",\"datePublished\":\"2024-09-20T20:11:10+00:00\",\"dateModified\":\"2024-09-20T20:47:10+00:00\",\"mainEntityOfPage\":{\"@id\":\"https:\/\/kapitalis.com\/tunisie\/2024\/09\/20\/un-reseau-de-trafic-de-pieces-archeologiques-demantele-aux-jardins-del-menzah\/\"},\"wordCount\":155,\"publisher\":{\"@id\":\"https:\/\/kapitalis.com\/tunisie\/#organization\"},\"image\":{\"@id\":\"https:\/\/kapitalis.com\/tunisie\/2024\/09\/20\/un-reseau-de-trafic-de-pieces-archeologiques-demantele-aux-jardins-del-menzah\/#primaryimage\"},\"thumbnailUrl\":\"https:\/\/kapitalis.com\/tunisie\/wp-content\/uploads\/2024\/09\/trafic-pieces-archeologiques.jpg\",\"keywords\":[\"Ariana\",\"garde nationale\",\"Jardins d'El-Menzah\",\"pi\u00e8ces arch\u00e9ologiques\",\"trafic\",\"Tunisie\"],\"articleSection\":[\"CULTURE\",\"SOCIETE\",\"Tunisie\"],\"inLanguage\":\"fr-FR\"},{\"@type\":\"WebPage\",\"@id\":\"https:\/\/kapitalis.com\/tunisie\/2024\/09\/20\/un-reseau-de-trafic-de-pieces-archeologiques-demantele-aux-jardins-del-menzah\/\",\"url\":\"https:\/\/kapitalis.com\/tunisie\/2024\/09\/20\/un-reseau-de-trafic-de-pieces-archeologiques-demantele-aux-jardins-del-menzah\/\",\"name\":\"Un r\u00e9seau de trafic de pi\u00e8ces arch\u00e9ologiques d\u00e9mantel\u00e9 aux Jardins d'El-Menzah - Kapitalis\",\"isPartOf\":{\"@id\":\"https:\/\/kapitalis.com\/tunisie\/#website\"},\"primaryImageOfPage\":{\"@id\":\"https:\/\/kapitalis.com\/tunisie\/2024\/09\/20\/un-reseau-de-trafic-de-pieces-archeologiques-demantele-aux-jardins-del-menzah\/#primaryimage\"},\"image\":{\"@id\":\"https:\/\/kapitalis.com\/tunisie\/2024\/09\/20\/un-reseau-de-trafic-de-pieces-archeologiques-demantele-aux-jardins-del-menzah\/#primaryimage\"},\"thumbnailUrl\":\"https:\/\/kapitalis.com\/tunisie\/wp-content\/uploads\/2024\/09\/trafic-pieces-archeologiques.jpg\",\"datePublished\":\"2024-09-20T20:11:10+00:00\",\"dateModified\":\"2024-09-20T20:47:10+00:00\",\"breadcrumb\":{\"@id\":\"https:\/\/kapitalis.com\/tunisie\/2024\/09\/20\/un-reseau-de-trafic-de-pieces-archeologiques-demantele-aux-jardins-del-menzah\/#breadcrumb\"},\"inLanguage\":\"fr-FR\",\"potentialAction\":[{\"@type\":\"ReadAction\",\"target\":[\"https:\/\/kapitalis.com\/tunisie\/2024\/09\/20\/un-reseau-de-trafic-de-pieces-archeologiques-demantele-aux-jardins-del-menzah\/\"]}]},{\"@type\":\"ImageObject\",\"inLanguage\":\"fr-FR\",\"@id\":\"https:\/\/kapitalis.com\/tunisie\/2024\/09\/20\/un-reseau-de-trafic-de-pieces-archeologiques-demantele-aux-jardins-del-menzah\/#primaryimage\",\"url\":\"https:\/\/kapitalis.com\/tunisie\/wp-content\/uploads\/2024\/09\/trafic-pieces-archeologiques.jpg\",\"contentUrl\":\"https:\/\/kapitalis.com\/tunisie\/wp-content\/uploads\/2024\/09\/trafic-pieces-archeologiques.jpg\",\"width\":1200,\"height\":630},{\"@type\":\"BreadcrumbList\",\"@id\":\"https:\/\/kapitalis.com\/tunisie\/2024\/09\/20\/un-reseau-de-trafic-de-pieces-archeologiques-demantele-aux-jardins-del-menzah\/#breadcrumb\",\"itemListElement\":[{\"@type\":\"ListItem\",\"position\":1,\"name\":\"Accueil\",\"item\":\"https:\/\/kapitalis.com\/tunisie\/\"},{\"@type\":\"ListItem\",\"position\":2,\"name\":\"Un r\u00e9seau de trafic de pi\u00e8ces arch\u00e9ologiques d\u00e9mantel\u00e9 aux Jardins d&rsquo;El-Menzah\"}]},{\"@type\":\"WebSite\",\"@id\":\"https:\/\/kapitalis.com\/tunisie\/#website\",\"url\":\"https:\/\/kapitalis.com\/tunisie\/\",\"name\":\"Kapitalis\",\"description\":\"L&#039;actualit\u00e9 en Tunisie et dans le monde\",\"publisher\":{\"@id\":\"https:\/\/kapitalis.com\/tunisie\/#organization\"},\"potentialAction\":[{\"@type\":\"SearchAction\",\"target\":{\"@type\":\"EntryPoint\",\"urlTemplate\":\"https:\/\/kapitalis.com\/tunisie\/?s={search_term_string}\"},\"query-input\":{\"@type\":\"PropertyValueSpecification\",\"valueRequired\":true,\"valueName\":\"search_term_string\"}}],\"inLanguage\":\"fr-FR\"},{\"@type\":\"Organization\",\"@id\":\"https:\/\/kapitalis.com\/tunisie\/#organization\",\"name\":\"Kapitalis\",\"url\":\"https:\/\/kapitalis.com\/tunisie\/\",\"logo\":{\"@type\":\"ImageObject\",\"inLanguage\":\"fr-FR\",\"@id\":\"https:\/\/kapitalis.com\/tunisie\/#\/schema\/logo\/image\/\",\"url\":\"https:\/\/kapitalis.com\/tunisie\/wp-content\/uploads\/2022\/05\/Kapitalis-big-size.png\",\"contentUrl\":\"https:\/\/kapitalis.com\/tunisie\/wp-content\/uploads\/2022\/05\/Kapitalis-big-size.png\",\"width\":5000,\"height\":1500,\"caption\":\"Kapitalis\"},\"image\":{\"@id\":\"https:\/\/kapitalis.com\/tunisie\/#\/schema\/logo\/image\/\"},\"sameAs\":[\"https:\/\/www.facebook.com\/KapitalisInfo\/\",\"https:\/\/x.com\/KapitalisInfo\",\"https:\/\/www.youtube.com\/channel\/UC-yDYrHyfFBWWZaOw3FPg9Q\"]},{\"@type\":\"Person\",\"@id\":\"https:\/\/kapitalis.com\/tunisie\/#\/schema\/person\/74bbde0154d49d790a92aaeac5bc01d5\",\"name\":\"Yusra NY\",\"url\":\"https:\/\/kapitalis.com\/tunisie\/author\/yuza_adam\/\"}]}<\/script>\n<!-- \/ Yoast SEO plugin. -->","yoast_head_json":{"title":"Un r\u00e9seau de trafic de pi\u00e8ces arch\u00e9ologiques d\u00e9mantel\u00e9 aux Jardins d'El-Menzah - Kapitalis","robots":{"index":"index","follow":"follow","max-snippet":"max-snippet:-1","max-image-preview":"max-image-preview:large","max-video-preview":"max-video-preview:-1"},"canonical":"https:\/\/kapitalis.com\/tunisie\/2024\/09\/20\/un-reseau-de-trafic-de-pieces-archeologiques-demantele-aux-jardins-del-menzah\/","og_locale":"fr_FR","og_type":"article","og_title":"Un r\u00e9seau de trafic de pi\u00e8ces arch\u00e9ologiques d\u00e9mantel\u00e9 aux Jardins d'El-Menzah - Kapitalis","og_description":"La Direction g\u00e9n\u00e9rale de la garde nationale (DGGN) a annonc\u00e9, ce vendredi 20 septembre 2024, le d\u00e9mant\u00e8lement d&rsquo;un r\u00e9seau de trafic de pi\u00e8ces arch\u00e9ologiques et l\u2019arrestation de deux suspects aux Jardins d&rsquo;El-Menzah","og_url":"https:\/\/kapitalis.com\/tunisie\/2024\/09\/20\/un-reseau-de-trafic-de-pieces-archeologiques-demantele-aux-jardins-del-menzah\/","og_site_name":"Kapitalis","article_publisher":"https:\/\/www.facebook.com\/KapitalisInfo\/","article_published_time":"2024-09-20T20:11:10+00:00","article_modified_time":"2024-09-20T20:47:10+00:00","og_image":[{"width":1200,"height":630,"url":"https:\/\/kapitalis.com\/tunisie\/wp-content\/uploads\/2024\/09\/trafic-pieces-archeologiques.jpg","type":"image\/jpeg"}],"author":"Yusra NY","twitter_card":"summary_large_image","twitter_creator":"@KapitalisInfo","twitter_site":"@KapitalisInfo","twitter_misc":{"\u00c9crit par":"Yusra NY","Dur\u00e9e de lecture estim\u00e9e":"2 minutes"},"schema":{"@context":"https:\/\/schema.org","@graph":[{"@type":"Article","@id":"https:\/\/kapitalis.com\/tunisie\/2024\/09\/20\/un-reseau-de-trafic-de-pieces-archeologiques-demantele-aux-jardins-del-menzah\/#article","isPartOf":{"@id":"https:\/\/kapitalis.com\/tunisie\/2024\/09\/20\/un-reseau-de-trafic-de-pieces-archeologiques-demantele-aux-jardins-del-menzah\/"},"author":{"name":"Yusra NY","@id":"https:\/\/kapitalis.com\/tunisie\/#\/schema\/person\/74bbde0154d49d790a92aaeac5bc01d5"},"headline":"Un r\u00e9seau de trafic de pi\u00e8ces arch\u00e9ologiques d\u00e9mantel\u00e9 aux Jardins d&rsquo;El-Menzah","datePublished":"2024-09-20T20:11:10+00:00","dateModified":"2024-09-20T20:47:10+00:00","mainEntityOfPage":{"@id":"https:\/\/kapitalis.com\/tunisie\/2024\/09\/20\/un-reseau-de-trafic-de-pieces-archeologiques-demantele-aux-jardins-del-menzah\/"},"wordCount":155,"publisher":{"@id":"https:\/\/kapitalis.com\/tunisie\/#organization"},"image":{"@id":"https:\/\/kapitalis.com\/tunisie\/2024\/09\/20\/un-reseau-de-trafic-de-pieces-archeologiques-demantele-aux-jardins-del-menzah\/#primaryimage"},"thumbnailUrl":"https:\/\/kapitalis.com\/tunisie\/wp-content\/uploads\/2024\/09\/trafic-pieces-archeologiques.jpg","keywords":["Ariana","garde nationale","Jardins d'El-Menzah","pi\u00e8ces arch\u00e9ologiques","trafic","Tunisie"],"articleSection":["CULTURE","SOCIETE","Tunisie"],"inLanguage":"fr-FR"},{"@type":"WebPage","@id":"https:\/\/kapitalis.com\/tunisie\/2024\/09\/20\/un-reseau-de-trafic-de-pieces-archeologiques-demantele-aux-jardins-del-menzah\/","url":"https:\/\/kapitalis.com\/tunisie\/2024\/09\/20\/un-reseau-de-trafic-de-pieces-archeologiques-demantele-aux-jardins-del-menzah\/","name":"Un r\u00e9seau de trafic de pi\u00e8ces arch\u00e9ologiques d\u00e9mantel\u00e9 aux Jardins d'El-Menzah - Kapitalis","isPartOf":{"@id":"https:\/\/kapitalis.com\/tunisie\/#website"},"primaryImageOfPage":{"@id":"https:\/\/kapitalis.com\/tunisie\/2024\/09\/20\/un-reseau-de-trafic-de-pieces-archeologiques-demantele-aux-jardins-del-menzah\/#primaryimage"},"image":{"@id":"https:\/\/kapitalis.com\/tunisie\/2024\/09\/20\/un-reseau-de-trafic-de-pieces-archeologiques-demantele-aux-jardins-del-menzah\/#primaryimage"},"thumbnailUrl":"https:\/\/kapitalis.com\/tunisie\/wp-content\/uploads\/2024\/09\/trafic-pieces-archeologiques.jpg","datePublished":"2024-09-20T20:11:10+00:00","dateModified":"2024-09-20T20:47:10+00:00","breadcrumb":{"@id":"https:\/\/kapitalis.com\/tunisie\/2024\/09\/20\/un-reseau-de-trafic-de-pieces-archeologiques-demantele-aux-jardins-del-menzah\/#breadcrumb"},"inLanguage":"fr-FR","potentialAction":[{"@type":"ReadAction","target":["https:\/\/kapitalis.com\/tunisie\/2024\/09\/20\/un-reseau-de-trafic-de-pieces-archeologiques-demantele-aux-jardins-del-menzah\/"]}]},{"@type":"ImageObject","inLanguage":"fr-FR","@id":"https:\/\/kapitalis.com\/tunisie\/2024\/09\/20\/un-reseau-de-trafic-de-pieces-archeologiques-demantele-aux-jardins-del-menzah\/#primaryimage","url":"https:\/\/kapitalis.com\/tunisie\/wp-content\/uploads\/2024\/09\/trafic-pieces-archeologiques.jpg","contentUrl":"https:\/\/kapitalis.com\/tunisie\/wp-content\/uploads\/2024\/09\/trafic-pieces-archeologiques.jpg","width":1200,"height":630},{"@type":"BreadcrumbList","@id":"https:\/\/kapitalis.com\/tunisie\/2024\/09\/20\/un-reseau-de-trafic-de-pieces-archeologiques-demantele-aux-jardins-del-menzah\/#breadcrumb","itemListElement":[{"@type":"ListItem","position":1,"name":"Accueil","item":"https:\/\/kapitalis.com\/tunisie\/"},{"@type":"ListItem","position":2,"name":"Un r\u00e9seau de trafic de pi\u00e8ces arch\u00e9ologiques d\u00e9mantel\u00e9 aux Jardins d&rsquo;El-Menzah"}]},{"@type":"WebSite","@id":"https:\/\/kapitalis.com\/tunisie\/#website","url":"https:\/\/kapitalis.com\/tunisie\/","name":"Kapitalis","description":"L&#039;actualit\u00e9 en Tunisie et dans le monde","publisher":{"@id":"https:\/\/kapitalis.com\/tunisie\/#organization"},"potentialAction":[{"@type":"SearchAction","target":{"@type":"EntryPoint","urlTemplate":"https:\/\/kapitalis.com\/tunisie\/?s={search_term_string}"},"query-input":{"@type":"PropertyValueSpecification","valueRequired":true,"valueName":"search_term_string"}}],"inLanguage":"fr-FR"},{"@type":"Organization","@id":"https:\/\/kapitalis.com\/tunisie\/#organization","name":"Kapitalis","url":"https:\/\/kapitalis.com\/tunisie\/","logo":{"@type":"ImageObject","inLanguage":"fr-FR","@id":"https:\/\/kapitalis.com\/tunisie\/#\/schema\/logo\/image\/","url":"https:\/\/kapitalis.com\/tunisie\/wp-content\/uploads\/2022\/05\/Kapitalis-big-size.png","contentUrl":"https:\/\/kapitalis.com\/tunisie\/wp-content\/uploads\/2022\/05\/Kapitalis-big-size.png","width":5000,"height":1500,"caption":"Kapitalis"},"image":{"@id":"https:\/\/kapitalis.com\/tunisie\/#\/schema\/logo\/image\/"},"sameAs":["https:\/\/www.facebook.com\/KapitalisInfo\/","https:\/\/x.com\/KapitalisInfo","https:\/\/www.youtube.com\/channel\/UC-yDYrHyfFBWWZaOw3FPg9Q"]},{"@type":"Person","@id":"https:\/\/kapitalis.com\/tunisie\/#\/schema\/person\/74bbde0154d49d790a92aaeac5bc01d5","name":"Yusra NY","url":"https:\/\/kapitalis.com\/tunisie\/author\/yuza_adam\/"}]}},"_links":{"self":[{"href":"https:\/\/kapitalis.com\/tunisie\/wp-json\/wp\/v2\/posts\/14029535","targetHints":{"allow":["GET"]}}],"collection":[{"href":"https:\/\/kapitalis.com\/tunisie\/wp-json\/wp\/v2\/posts"}],"about":[{"href":"https:\/\/kapitalis.com\/tunisie\/wp-json\/wp\/v2\/types\/post"}],"author":[{"embeddable":true,"href":"https:\/\/kapitalis.com\/tunisie\/wp-json\/wp\/v2\/users\/6"}],"replies":[{"embeddable":true,"href":"https:\/\/kapitalis.com\/tunisie\/wp-json\/wp\/v2\/comments?post=14029535"}],"version-history":[{"count":3,"href":"https:\/\/kapitalis.com\/tunisie\/wp-json\/wp\/v2\/posts\/14029535\/revisions"}],"predecessor-version":[{"id":14029590,"href":"https:\/\/kapitalis.com\/tunisie\/wp-json\/wp\/v2\/posts\/14029535\/revisions\/14029590"}],"wp:featuredmedia":[{"embeddable":true,"href":"https:\/\/kapitalis.com\/tunisie\/wp-json\/wp\/v2\/media\/14029564"}],"wp:attachment":[{"href":"https:\/\/kapitalis.com\/tunisie\/wp-json\/wp\/v2\/media?parent=14029535"}],"wp:term":[{"taxonomy":"category","embeddable":true,"href":"https:\/\/kapitalis.com\/tunisie\/wp-json\/wp\/v2\/categories?post=14029535"},{"taxonomy":"post_tag","embeddable":true,"href":"https:\/\/kapitalis.com\/tunisie\/wp-json\/wp\/v2\/tags?post=14029535"}],"curies":[{"name":"wp","href":"https:\/\/api.w.org\/{rel}","templated":true}]}}