{"id":14031285,"date":"2024-09-21T06:54:53","date_gmt":"2024-09-21T05:54:53","guid":{"rendered":"https:\/\/kapitalis.com\/tunisie\/?p=14031285"},"modified":"2024-09-21T06:54:56","modified_gmt":"2024-09-21T05:54:56","slug":"israel-face-au-neant-arabe","status":"publish","type":"post","link":"https:\/\/kapitalis.com\/tunisie\/2024\/09\/21\/israel-face-au-neant-arabe\/","title":{"rendered":"Isra\u00ebl face au n\u00e9ant arabe"},"content":{"rendered":"\n<p><strong><em>Si aujourd\u2019hui les Arabes abandonnent Gaza et le Liban \u00e0 leur triste sort, face \u00e0 la barbarie de l\u2019Etat d\u2019Isra\u00ebl, il y a fort \u00e0 parier que nul ne l\u00e8vera demain le petit doigt pour leur venir en aide lorsque leur tour viendra d\u2019\u00eatre attaqu\u00e9s. C\u2019est une \u00e9ventualit\u00e9 qu\u2019ils feraient bien de m\u00e9diter.\u00a0<\/em><\/strong><\/p>\n\n\n\n<p><strong>Dr Mounir Hanablia<\/strong> *<\/p>\n\n\n\n<!--more-->\n\n\n\n<p>Les \u00e9v\u00e9nements au Moyen-Orient se pr\u00e9cipitent et se ressemblent. Apr\u00e8s avoir d\u00e9truit Gaza, Isra\u00ebl menace d\u2019envahir le Sud Liban apr\u00e8s l\u2019avoir occup\u00e9 durant 18 ans puis \u00e9vacu\u00e9 pendant 24 ans en tentant de le r\u00e9occuper il y a 18 ans sans succ\u00e8s. Connaissant les Isra\u00e9liens, il \u00e9tait pr\u00e9visible que d\u00e8s qu\u2019ils se sentiraient assez forts ils n\u2019h\u00e9siteraient pas \u00e0 tenter d\u2019effacer leurs \u00e9checs. Et m\u00eame d\u00e8s le d\u00e9but de la guerre \u00e0 Gaza, l\u2019ampleur des moyens militaires mis en \u0153uvre et de l\u2019aide financi\u00e8re d\u00e9bloqu\u00e9e par les Etats Unis d\u2019Am\u00e9rique laissaient pr\u00e9voir que le Liban serait un objectif probable dans le programme belliqueux \u00e9tabli par l\u2019\u00c9tat h\u00e9breu.<\/p>\n\n\n\n<p>Le Hezbollah avait d\u2019ailleurs bien compris tout cela, et d\u00e8s le d\u00e9but n\u2019avait pas h\u00e9sit\u00e9 \u00e0 demander l\u2019arr\u00eat de l\u2019agression isra\u00e9lienne \u00e0 Gaza, et \u00e0 harceler le front nord de l\u2019agresseur en le prenant \u00e0 revers, obligeant sa population frontali\u00e8re \u00e0 \u00e9vacuer ses habitations et imposant un <em>no man&rsquo;s&nbsp;land<\/em> d\u2019une dizaine de kilom\u00e8tres de profondeur. Il a \u00e9t\u00e9 appuy\u00e9 pour cela par les Houthis du Y\u00e9men et les Ansar d\u2019Irak dont les missiles ont occasionn\u00e9 quelque g\u00eane aux bateaux en route pour le port d\u2019Eilat.<\/p>\n\n\n\n<h2 class=\"wp-block-heading\">Apr\u00e8s Gaza, c\u2019est au tour du sud-Liban<\/h2>\n\n\n\n<p>Cependant les attaques a\u00e9riennes isra\u00e9liennes associ\u00e9es aux renseignements fournis par les Am\u00e9ricains, avaient quand m\u00eame d\u00e9montr\u00e9 une capacit\u00e9 de nuisance sup\u00e9rieure en assassinant des g\u00e9n\u00e9raux iraniens dans leur consulat \u00e0 Damas ainsi que le Palestinien Ismael Haniyeh, leader du Hamas lors de sa visite officielle \u00e0 T\u00e9h\u00e9ran, tout comme des membres du haut commandement\u00a0 de l\u2019organisation chiite libanaise.<\/p>\n\n\n\n<figure class=\"wp-block-embed is-type-wp-embed is-provider-kapitalis wp-block-embed-kapitalis\"><div class=\"wp-block-embed__wrapper\">\n<blockquote class=\"wp-embedded-content\" data-secret=\"NCxSH1dgAZ\"><a href=\"https:\/\/kapitalis.com\/tunisie\/2024\/09\/20\/une-societe-ecran-du-mossad-a-fabrique-les-bipeurs-pieges-du-hezbollah\/\">Une soci\u00e9t\u00e9 \u00e9cran du Mossad a fabriqu\u00e9 les bipeurs pi\u00e9g\u00e9s du Hezbollah<\/a><\/blockquote><iframe loading=\"lazy\" class=\"wp-embedded-content\" sandbox=\"allow-scripts\" security=\"restricted\" style=\"position: absolute; visibility: hidden;\" title=\"\u00ab\u00a0Une soci\u00e9t\u00e9 \u00e9cran du Mossad a fabriqu\u00e9 les bipeurs pi\u00e9g\u00e9s du Hezbollah\u00a0\u00bb &#8212; Kapitalis\" src=\"https:\/\/kapitalis.com\/tunisie\/2024\/09\/20\/une-societe-ecran-du-mossad-a-fabrique-les-bipeurs-pieges-du-hezbollah\/embed\/#?secret=97xdsCBSH6#?secret=NCxSH1dgAZ\" data-secret=\"NCxSH1dgAZ\" width=\"600\" height=\"338\" frameborder=\"0\" marginwidth=\"0\" marginheight=\"0\" scrolling=\"no\"><\/iframe>\n<\/div><\/figure>\n\n\n\n<p>L\u2019affaire de l\u2019explosion des milliers de portables pi\u00e9g\u00e9s semble n\u2019avoir en fait que vis\u00e9 \u00e0 remobiliser l\u2019opinion isra\u00e9lienne autour du th\u00e8me de la guerre en d\u00e9montrant qu\u2019apr\u00e8s le fiasco s\u00e9curitaire de Gaza son arm\u00e9e avait repris l\u2019initiative des op\u00e9rations.<\/p>\n\n\n\n<p>On peut consid\u00e9rer que l\u2019assassinat du commandement de la brigade Al-Radhouane r\u00e9uni dans les sous-sols d\u2019un immeuble du sud de Beyrouth poursuit les m\u00eames objectifs, r\u00e9tablir la confiance de la population isra\u00e9lienne dans son gouvernement&nbsp; tout en sapant celle des Libanais dans le Hezbollah. A mon avis c\u2019\u00e9tait&nbsp;cela le but recherch\u00e9 par l\u2019op\u00e9ration, l\u2019arsenal du Hezbollah \u00e9tant d\u00e9j\u00e0 d\u00e9ploy\u00e9 depuis des ann\u00e9es avec ses objectifs militaires et ses modalit\u00e9s de combat certainement d\u00e9j\u00e0 d\u00e9finis en fonction des diff\u00e9rents sc\u00e9narios d\u2019invasions possibles. Il est d\u2019autant plus licite de le penser, que l\u2019\u00e9limination du commandement d\u2019Al-Radhouane&nbsp;est survenue imm\u00e9diatement apr\u00e8s l\u2019un des plus intenses bombardements conduits par le Hezbollah contre le territoire isra\u00e9lien en r\u00e9ponse aux explosions des portables et traduisant dans les faits le discours de fermet\u00e9&nbsp;tenu par son chef Hassan Nasrallah un jour auparavant.<\/p>\n\n\n\n<p>Est-ce que Isra\u00ebl envahira finalement le Liban dans le but de repousser le Hezbollah une quarantaine de kilom\u00e8tres jusqu\u2019\u00e0 la rivi\u00e8re Litani afin de garantir la s\u00e9curit\u00e9 de sa population ainsi qu\u2019il le pr\u00e9tend? C\u2019est en tous cas le sc\u00e9nario impos\u00e9 par Netanyahu dont il semble que l\u2019arm\u00e9e ait longtemps r\u00e9sist\u00e9 avant de l\u2019accepter.<\/p>\n\n\n\n<p>Tous les observateurs s\u2019accordent en effet pour dire que l\u2019arm\u00e9e isra\u00e9lienne n\u2019ayant rien r\u00e9alis\u00e9 de ses objectifs en envahissant Gaza, et \u00e9tant de surcro\u00eet us\u00e9e par une ann\u00e9e de combats, sa capacit\u00e9 \u00e0 remplir la mission qui lui serait impartie au Liban para\u00eet&nbsp;douteuse m\u00eame s\u2019il appara\u00eet qu\u2019elle est beaucoup mieux renseign\u00e9e sur ses adversaires qu\u2019elle ne l&rsquo;\u00e9tait en 2006 lorsque ses chars d\u00e9ploy\u00e9s avaient \u00e9t\u00e9 d\u00e9truits comme dans un champ de tir aux canards. Mais conna\u00eetre le dispositif de son adversaire est une chose, l\u2019attaquer pour tenter de le d\u00e9loger et le d\u00e9truire en est une autre. Et pour peu qu\u2019elle r\u00e9alise finalement sa perc\u00e9e jusqu\u2019\u00e0 la rivi\u00e8re Litani, on ne voit pas ce qui emp\u00eacherait des missiles post\u00e9s sur la rive oppos\u00e9e de frapper ses soldats et m\u00eame la fronti\u00e8re nord de son pays.<\/p>\n\n\n\n<figure class=\"wp-block-embed is-type-wp-embed is-provider-kapitalis wp-block-embed-kapitalis\"><div class=\"wp-block-embed__wrapper\">\n<blockquote class=\"wp-embedded-content\" data-secret=\"yCpTx8XY3D\"><a href=\"https:\/\/kapitalis.com\/tunisie\/2024\/07\/04\/entre-le-hezbollah-et-israel-ca-sera-le-feu-et-la-fureur\/\">Entre le Hezbollah et Isra\u00ebl, \u00e7a sera le feu et la fureur!<\/a><\/blockquote><iframe loading=\"lazy\" class=\"wp-embedded-content\" sandbox=\"allow-scripts\" security=\"restricted\" style=\"position: absolute; visibility: hidden;\" title=\"\u00ab\u00a0Entre le Hezbollah et Isra\u00ebl, \u00e7a sera le feu et la fureur!\u00a0\u00bb &#8212; Kapitalis\" src=\"https:\/\/kapitalis.com\/tunisie\/2024\/07\/04\/entre-le-hezbollah-et-israel-ca-sera-le-feu-et-la-fureur\/embed\/#?secret=I9GSnd7GHY#?secret=yCpTx8XY3D\" data-secret=\"yCpTx8XY3D\" width=\"600\" height=\"338\" frameborder=\"0\" marginwidth=\"0\" marginheight=\"0\" scrolling=\"no\"><\/iframe>\n<\/div><\/figure>\n\n\n\n<p>On peut supposer que dans ce cas l\u2019alliance sacr\u00e9e se nouerait&nbsp;au nom de la d\u00e9fense de la patrie et que la R\u00e9sistance libanaise retrouverait le statut qui avait \u00e9t\u00e9 le sien et qu\u2019elle semble avoir perdu puisqu\u2019elle est accus\u00e9e par ses rivaux de n\u2019\u00eatre rien de plus qu\u2019un pion dans le jeu iranien.<\/p>\n\n\n\n<p>A part cela, abstraction faite des missiles lourds capables d\u2019occasionner des d\u00e9g\u00e2ts s\u00e9rieux dans la profondeur du territoire isra\u00e9lien, force est de constater que les champs gaziers isra\u00e9liens de Kimish et Leviathan constituent des cibles de choix pour d\u2019\u00e9ventuelles repr\u00e9sailles, ce qui \u00e0 l\u2019heure o\u00f9 l\u2019Europe priv\u00e9e de Gaz par la guerre en Ukraine a les plus grandes difficult\u00e9s \u00e0 assurer ses approvisionnements, peut induire des cons\u00e9quences dramatiques sur l\u2019ensemble de l\u2019\u00e9conomie mondiale.<\/p>\n\n\n\n<h2 class=\"wp-block-heading\">Absence totale de r\u00e9action des Arabes<\/h2>\n\n\n\n<p>On peut donc s\u2019attendre en cas d\u2019op\u00e9ration militaire \u00e0 ce qu\u2019elle survienne avant l\u2019hiver, l\u2019autre opportunit\u00e9 \u00e9tant les \u00e9lections pr\u00e9sidentielles am\u00e9ricaines et le d\u00e9sint\u00e9r\u00eat total de Biden \u00e0 r\u00e9soudre les probl\u00e8mes de la r\u00e9gion apr\u00e8s avoir assur\u00e9 la sup\u00e9riorit\u00e9 militaire de ses amis sionistes.<\/p>\n\n\n\n<p>Le drame est que dans la soi- disant d\u00e9mocratie isra\u00e9lienne, Netanyahu appuy\u00e9 par sa bande de colons voyous soit pr\u00eat \u00e0 toutes les aventures&nbsp; pour conserver le pouvoir et \u00e9chapper aux poursuites judiciaires qui l\u2019attendent.<\/p>\n\n\n\n<p>Dans tous les cas des figures, c\u2019est l\u2019absence totale de r\u00e9actions des pays arabes qui doit \u00eatre mentionn\u00e9e. Isra\u00ebl a plus que d\u00e9montr\u00e9 qu\u2019il \u00e9tait \u00e0 tout moment capable de remettre en question quelque trait\u00e9 de paix que ce soit pour n\u2019importe quelle raison et que sa parole ne valait pas plus que l\u2019encre et le papier avec lequel il \u00e9tait r\u00e9dig\u00e9. Si aujourd\u2019hui ils abandonnent Gaza et le Liban \u00e0 leur triste sort, il y a fort \u00e0 parier que nul ne l\u00e8vera demain le petit doigt pour leur venir en aide lorsque leur tour viendra d\u2019\u00eatre attaqu\u00e9s . C\u2019est une \u00e9ventualit\u00e9 qu\u2019ils feraient bien de m\u00e9diter.&nbsp;<\/p>\n\n\n\n<p>* <em>M\u00e9decin de libre pratique. \u00a0<\/em><\/p>\n","protected":false},"excerpt":{"rendered":"<p>Les Arabes abandonnent Gaza et le Liban \u00e0 leur triste sort, face \u00e0 la barbarie de l\u2019Etat d\u2019Isra\u00ebl. <\/p>\n","protected":false},"author":8,"featured_media":14031311,"comment_status":"closed","ping_status":"open","sticky":false,"template":"","format":"standard","meta":{"footnotes":""},"categories":[992,997,2433],"tags":[1613,78944,87558,75918,2444,80566,445,2478,8563],"class_list":["post-14031285","post","type-post","status-publish","format-standard","has-post-thumbnail","hentry","category-a-la-une","category-politique","category-tunisie","tag-arabes","tag-benjamin-netanyahu","tag-dr-mounir-hanablia","tag-etats-unis-2","tag-gaza","tag-hassan-nasrallah","tag-hezbollah","tag-israel","tag-liban"],"yoast_head":"<!-- This site is optimized with the Yoast SEO plugin v26.6 - https:\/\/yoast.com\/wordpress\/plugins\/seo\/ -->\n<title>Isra\u00ebl face au n\u00e9ant arabe - Kapitalis<\/title>\n<meta name=\"robots\" content=\"index, follow, max-snippet:-1, max-image-preview:large, max-video-preview:-1\" \/>\n<link rel=\"canonical\" href=\"https:\/\/kapitalis.com\/tunisie\/2024\/09\/21\/israel-face-au-neant-arabe\/\" \/>\n<meta property=\"og:locale\" content=\"fr_FR\" \/>\n<meta property=\"og:type\" content=\"article\" \/>\n<meta property=\"og:title\" content=\"Isra\u00ebl face au n\u00e9ant arabe - Kapitalis\" \/>\n<meta property=\"og:description\" content=\"Les Arabes abandonnent Gaza et le Liban \u00e0 leur triste sort, face \u00e0 la barbarie de l\u2019Etat d\u2019Isra\u00ebl.\" \/>\n<meta property=\"og:url\" content=\"https:\/\/kapitalis.com\/tunisie\/2024\/09\/21\/israel-face-au-neant-arabe\/\" \/>\n<meta property=\"og:site_name\" content=\"Kapitalis\" \/>\n<meta property=\"article:publisher\" content=\"https:\/\/www.facebook.com\/KapitalisInfo\/\" \/>\n<meta property=\"article:published_time\" content=\"2024-09-21T05:54:53+00:00\" \/>\n<meta property=\"article:modified_time\" content=\"2024-09-21T05:54:56+00:00\" \/>\n<meta property=\"og:image\" content=\"https:\/\/kapitalis.com\/tunisie\/wp-content\/uploads\/2024\/09\/Hassan-Nasrallah-Benjamin-Netanyahu.jpg\" \/>\n\t<meta property=\"og:image:width\" content=\"1200\" \/>\n\t<meta property=\"og:image:height\" content=\"630\" \/>\n\t<meta property=\"og:image:type\" content=\"image\/jpeg\" \/>\n<meta name=\"author\" content=\"webmaster kapitalis\" \/>\n<meta name=\"twitter:card\" content=\"summary_large_image\" \/>\n<meta name=\"twitter:creator\" content=\"@KapitalisInfo\" \/>\n<meta name=\"twitter:site\" content=\"@KapitalisInfo\" \/>\n<meta name=\"twitter:label1\" content=\"\u00c9crit par\" \/>\n\t<meta name=\"twitter:data1\" content=\"webmaster kapitalis\" \/>\n\t<meta name=\"twitter:label2\" content=\"Dur\u00e9e de lecture estim\u00e9e\" \/>\n\t<meta name=\"twitter:data2\" content=\"6 minutes\" \/>\n<script type=\"application\/ld+json\" class=\"yoast-schema-graph\">{\"@context\":\"https:\/\/schema.org\",\"@graph\":[{\"@type\":\"Article\",\"@id\":\"https:\/\/kapitalis.com\/tunisie\/2024\/09\/21\/israel-face-au-neant-arabe\/#article\",\"isPartOf\":{\"@id\":\"https:\/\/kapitalis.com\/tunisie\/2024\/09\/21\/israel-face-au-neant-arabe\/\"},\"author\":{\"name\":\"webmaster kapitalis\",\"@id\":\"https:\/\/kapitalis.com\/tunisie\/#\/schema\/person\/d71f33a9ca44f7bad4698210b480c8e9\"},\"headline\":\"Isra\u00ebl face au n\u00e9ant arabe\",\"datePublished\":\"2024-09-21T05:54:53+00:00\",\"dateModified\":\"2024-09-21T05:54:56+00:00\",\"mainEntityOfPage\":{\"@id\":\"https:\/\/kapitalis.com\/tunisie\/2024\/09\/21\/israel-face-au-neant-arabe\/\"},\"wordCount\":1224,\"publisher\":{\"@id\":\"https:\/\/kapitalis.com\/tunisie\/#organization\"},\"image\":{\"@id\":\"https:\/\/kapitalis.com\/tunisie\/2024\/09\/21\/israel-face-au-neant-arabe\/#primaryimage\"},\"thumbnailUrl\":\"https:\/\/kapitalis.com\/tunisie\/wp-content\/uploads\/2024\/09\/Hassan-Nasrallah-Benjamin-Netanyahu.jpg\",\"keywords\":[\"arabes\",\"Benjamin Netanyahu\",\"Dr Mounir Hanablia\",\"Etats-Unis\",\"Gaza\",\"Hassan Nasrallah\",\"Hezbollah\",\"Isra\u00ebl\",\"Liban\"],\"articleSection\":[\"A LA UNE\",\"POLITIQUE\",\"Tunisie\"],\"inLanguage\":\"fr-FR\"},{\"@type\":\"WebPage\",\"@id\":\"https:\/\/kapitalis.com\/tunisie\/2024\/09\/21\/israel-face-au-neant-arabe\/\",\"url\":\"https:\/\/kapitalis.com\/tunisie\/2024\/09\/21\/israel-face-au-neant-arabe\/\",\"name\":\"Isra\u00ebl face au n\u00e9ant arabe - Kapitalis\",\"isPartOf\":{\"@id\":\"https:\/\/kapitalis.com\/tunisie\/#website\"},\"primaryImageOfPage\":{\"@id\":\"https:\/\/kapitalis.com\/tunisie\/2024\/09\/21\/israel-face-au-neant-arabe\/#primaryimage\"},\"image\":{\"@id\":\"https:\/\/kapitalis.com\/tunisie\/2024\/09\/21\/israel-face-au-neant-arabe\/#primaryimage\"},\"thumbnailUrl\":\"https:\/\/kapitalis.com\/tunisie\/wp-content\/uploads\/2024\/09\/Hassan-Nasrallah-Benjamin-Netanyahu.jpg\",\"datePublished\":\"2024-09-21T05:54:53+00:00\",\"dateModified\":\"2024-09-21T05:54:56+00:00\",\"breadcrumb\":{\"@id\":\"https:\/\/kapitalis.com\/tunisie\/2024\/09\/21\/israel-face-au-neant-arabe\/#breadcrumb\"},\"inLanguage\":\"fr-FR\",\"potentialAction\":[{\"@type\":\"ReadAction\",\"target\":[\"https:\/\/kapitalis.com\/tunisie\/2024\/09\/21\/israel-face-au-neant-arabe\/\"]}]},{\"@type\":\"ImageObject\",\"inLanguage\":\"fr-FR\",\"@id\":\"https:\/\/kapitalis.com\/tunisie\/2024\/09\/21\/israel-face-au-neant-arabe\/#primaryimage\",\"url\":\"https:\/\/kapitalis.com\/tunisie\/wp-content\/uploads\/2024\/09\/Hassan-Nasrallah-Benjamin-Netanyahu.jpg\",\"contentUrl\":\"https:\/\/kapitalis.com\/tunisie\/wp-content\/uploads\/2024\/09\/Hassan-Nasrallah-Benjamin-Netanyahu.jpg\",\"width\":1200,\"height\":630},{\"@type\":\"BreadcrumbList\",\"@id\":\"https:\/\/kapitalis.com\/tunisie\/2024\/09\/21\/israel-face-au-neant-arabe\/#breadcrumb\",\"itemListElement\":[{\"@type\":\"ListItem\",\"position\":1,\"name\":\"Accueil\",\"item\":\"https:\/\/kapitalis.com\/tunisie\/\"},{\"@type\":\"ListItem\",\"position\":2,\"name\":\"Isra\u00ebl face au n\u00e9ant arabe\"}]},{\"@type\":\"WebSite\",\"@id\":\"https:\/\/kapitalis.com\/tunisie\/#website\",\"url\":\"https:\/\/kapitalis.com\/tunisie\/\",\"name\":\"Kapitalis\",\"description\":\"L&#039;actualit\u00e9 en Tunisie et dans le monde\",\"publisher\":{\"@id\":\"https:\/\/kapitalis.com\/tunisie\/#organization\"},\"potentialAction\":[{\"@type\":\"SearchAction\",\"target\":{\"@type\":\"EntryPoint\",\"urlTemplate\":\"https:\/\/kapitalis.com\/tunisie\/?s={search_term_string}\"},\"query-input\":{\"@type\":\"PropertyValueSpecification\",\"valueRequired\":true,\"valueName\":\"search_term_string\"}}],\"inLanguage\":\"fr-FR\"},{\"@type\":\"Organization\",\"@id\":\"https:\/\/kapitalis.com\/tunisie\/#organization\",\"name\":\"Kapitalis\",\"url\":\"https:\/\/kapitalis.com\/tunisie\/\",\"logo\":{\"@type\":\"ImageObject\",\"inLanguage\":\"fr-FR\",\"@id\":\"https:\/\/kapitalis.com\/tunisie\/#\/schema\/logo\/image\/\",\"url\":\"https:\/\/kapitalis.com\/tunisie\/wp-content\/uploads\/2022\/05\/Kapitalis-big-size.png\",\"contentUrl\":\"https:\/\/kapitalis.com\/tunisie\/wp-content\/uploads\/2022\/05\/Kapitalis-big-size.png\",\"width\":5000,\"height\":1500,\"caption\":\"Kapitalis\"},\"image\":{\"@id\":\"https:\/\/kapitalis.com\/tunisie\/#\/schema\/logo\/image\/\"},\"sameAs\":[\"https:\/\/www.facebook.com\/KapitalisInfo\/\",\"https:\/\/x.com\/KapitalisInfo\",\"https:\/\/www.youtube.com\/channel\/UC-yDYrHyfFBWWZaOw3FPg9Q\"]},{\"@type\":\"Person\",\"@id\":\"https:\/\/kapitalis.com\/tunisie\/#\/schema\/person\/d71f33a9ca44f7bad4698210b480c8e9\",\"name\":\"webmaster kapitalis\",\"url\":\"https:\/\/kapitalis.com\/tunisie\/author\/webmaster-kapitalis\/\"}]}<\/script>\n<!-- \/ Yoast SEO plugin. -->","yoast_head_json":{"title":"Isra\u00ebl face au n\u00e9ant arabe - Kapitalis","robots":{"index":"index","follow":"follow","max-snippet":"max-snippet:-1","max-image-preview":"max-image-preview:large","max-video-preview":"max-video-preview:-1"},"canonical":"https:\/\/kapitalis.com\/tunisie\/2024\/09\/21\/israel-face-au-neant-arabe\/","og_locale":"fr_FR","og_type":"article","og_title":"Isra\u00ebl face au n\u00e9ant arabe - Kapitalis","og_description":"Les Arabes abandonnent Gaza et le Liban \u00e0 leur triste sort, face \u00e0 la barbarie de l\u2019Etat d\u2019Isra\u00ebl.","og_url":"https:\/\/kapitalis.com\/tunisie\/2024\/09\/21\/israel-face-au-neant-arabe\/","og_site_name":"Kapitalis","article_publisher":"https:\/\/www.facebook.com\/KapitalisInfo\/","article_published_time":"2024-09-21T05:54:53+00:00","article_modified_time":"2024-09-21T05:54:56+00:00","og_image":[{"width":1200,"height":630,"url":"https:\/\/kapitalis.com\/tunisie\/wp-content\/uploads\/2024\/09\/Hassan-Nasrallah-Benjamin-Netanyahu.jpg","type":"image\/jpeg"}],"author":"webmaster kapitalis","twitter_card":"summary_large_image","twitter_creator":"@KapitalisInfo","twitter_site":"@KapitalisInfo","twitter_misc":{"\u00c9crit par":"webmaster kapitalis","Dur\u00e9e de lecture estim\u00e9e":"6 minutes"},"schema":{"@context":"https:\/\/schema.org","@graph":[{"@type":"Article","@id":"https:\/\/kapitalis.com\/tunisie\/2024\/09\/21\/israel-face-au-neant-arabe\/#article","isPartOf":{"@id":"https:\/\/kapitalis.com\/tunisie\/2024\/09\/21\/israel-face-au-neant-arabe\/"},"author":{"name":"webmaster kapitalis","@id":"https:\/\/kapitalis.com\/tunisie\/#\/schema\/person\/d71f33a9ca44f7bad4698210b480c8e9"},"headline":"Isra\u00ebl face au n\u00e9ant arabe","datePublished":"2024-09-21T05:54:53+00:00","dateModified":"2024-09-21T05:54:56+00:00","mainEntityOfPage":{"@id":"https:\/\/kapitalis.com\/tunisie\/2024\/09\/21\/israel-face-au-neant-arabe\/"},"wordCount":1224,"publisher":{"@id":"https:\/\/kapitalis.com\/tunisie\/#organization"},"image":{"@id":"https:\/\/kapitalis.com\/tunisie\/2024\/09\/21\/israel-face-au-neant-arabe\/#primaryimage"},"thumbnailUrl":"https:\/\/kapitalis.com\/tunisie\/wp-content\/uploads\/2024\/09\/Hassan-Nasrallah-Benjamin-Netanyahu.jpg","keywords":["arabes","Benjamin Netanyahu","Dr Mounir Hanablia","Etats-Unis","Gaza","Hassan Nasrallah","Hezbollah","Isra\u00ebl","Liban"],"articleSection":["A LA UNE","POLITIQUE","Tunisie"],"inLanguage":"fr-FR"},{"@type":"WebPage","@id":"https:\/\/kapitalis.com\/tunisie\/2024\/09\/21\/israel-face-au-neant-arabe\/","url":"https:\/\/kapitalis.com\/tunisie\/2024\/09\/21\/israel-face-au-neant-arabe\/","name":"Isra\u00ebl face au n\u00e9ant arabe - Kapitalis","isPartOf":{"@id":"https:\/\/kapitalis.com\/tunisie\/#website"},"primaryImageOfPage":{"@id":"https:\/\/kapitalis.com\/tunisie\/2024\/09\/21\/israel-face-au-neant-arabe\/#primaryimage"},"image":{"@id":"https:\/\/kapitalis.com\/tunisie\/2024\/09\/21\/israel-face-au-neant-arabe\/#primaryimage"},"thumbnailUrl":"https:\/\/kapitalis.com\/tunisie\/wp-content\/uploads\/2024\/09\/Hassan-Nasrallah-Benjamin-Netanyahu.jpg","datePublished":"2024-09-21T05:54:53+00:00","dateModified":"2024-09-21T05:54:56+00:00","breadcrumb":{"@id":"https:\/\/kapitalis.com\/tunisie\/2024\/09\/21\/israel-face-au-neant-arabe\/#breadcrumb"},"inLanguage":"fr-FR","potentialAction":[{"@type":"ReadAction","target":["https:\/\/kapitalis.com\/tunisie\/2024\/09\/21\/israel-face-au-neant-arabe\/"]}]},{"@type":"ImageObject","inLanguage":"fr-FR","@id":"https:\/\/kapitalis.com\/tunisie\/2024\/09\/21\/israel-face-au-neant-arabe\/#primaryimage","url":"https:\/\/kapitalis.com\/tunisie\/wp-content\/uploads\/2024\/09\/Hassan-Nasrallah-Benjamin-Netanyahu.jpg","contentUrl":"https:\/\/kapitalis.com\/tunisie\/wp-content\/uploads\/2024\/09\/Hassan-Nasrallah-Benjamin-Netanyahu.jpg","width":1200,"height":630},{"@type":"BreadcrumbList","@id":"https:\/\/kapitalis.com\/tunisie\/2024\/09\/21\/israel-face-au-neant-arabe\/#breadcrumb","itemListElement":[{"@type":"ListItem","position":1,"name":"Accueil","item":"https:\/\/kapitalis.com\/tunisie\/"},{"@type":"ListItem","position":2,"name":"Isra\u00ebl face au n\u00e9ant arabe"}]},{"@type":"WebSite","@id":"https:\/\/kapitalis.com\/tunisie\/#website","url":"https:\/\/kapitalis.com\/tunisie\/","name":"Kapitalis","description":"L&#039;actualit\u00e9 en Tunisie et dans le monde","publisher":{"@id":"https:\/\/kapitalis.com\/tunisie\/#organization"},"potentialAction":[{"@type":"SearchAction","target":{"@type":"EntryPoint","urlTemplate":"https:\/\/kapitalis.com\/tunisie\/?s={search_term_string}"},"query-input":{"@type":"PropertyValueSpecification","valueRequired":true,"valueName":"search_term_string"}}],"inLanguage":"fr-FR"},{"@type":"Organization","@id":"https:\/\/kapitalis.com\/tunisie\/#organization","name":"Kapitalis","url":"https:\/\/kapitalis.com\/tunisie\/","logo":{"@type":"ImageObject","inLanguage":"fr-FR","@id":"https:\/\/kapitalis.com\/tunisie\/#\/schema\/logo\/image\/","url":"https:\/\/kapitalis.com\/tunisie\/wp-content\/uploads\/2022\/05\/Kapitalis-big-size.png","contentUrl":"https:\/\/kapitalis.com\/tunisie\/wp-content\/uploads\/2022\/05\/Kapitalis-big-size.png","width":5000,"height":1500,"caption":"Kapitalis"},"image":{"@id":"https:\/\/kapitalis.com\/tunisie\/#\/schema\/logo\/image\/"},"sameAs":["https:\/\/www.facebook.com\/KapitalisInfo\/","https:\/\/x.com\/KapitalisInfo","https:\/\/www.youtube.com\/channel\/UC-yDYrHyfFBWWZaOw3FPg9Q"]},{"@type":"Person","@id":"https:\/\/kapitalis.com\/tunisie\/#\/schema\/person\/d71f33a9ca44f7bad4698210b480c8e9","name":"webmaster kapitalis","url":"https:\/\/kapitalis.com\/tunisie\/author\/webmaster-kapitalis\/"}]}},"_links":{"self":[{"href":"https:\/\/kapitalis.com\/tunisie\/wp-json\/wp\/v2\/posts\/14031285","targetHints":{"allow":["GET"]}}],"collection":[{"href":"https:\/\/kapitalis.com\/tunisie\/wp-json\/wp\/v2\/posts"}],"about":[{"href":"https:\/\/kapitalis.com\/tunisie\/wp-json\/wp\/v2\/types\/post"}],"author":[{"embeddable":true,"href":"https:\/\/kapitalis.com\/tunisie\/wp-json\/wp\/v2\/users\/8"}],"replies":[{"embeddable":true,"href":"https:\/\/kapitalis.com\/tunisie\/wp-json\/wp\/v2\/comments?post=14031285"}],"version-history":[{"count":1,"href":"https:\/\/kapitalis.com\/tunisie\/wp-json\/wp\/v2\/posts\/14031285\/revisions"}],"predecessor-version":[{"id":14031314,"href":"https:\/\/kapitalis.com\/tunisie\/wp-json\/wp\/v2\/posts\/14031285\/revisions\/14031314"}],"wp:featuredmedia":[{"embeddable":true,"href":"https:\/\/kapitalis.com\/tunisie\/wp-json\/wp\/v2\/media\/14031311"}],"wp:attachment":[{"href":"https:\/\/kapitalis.com\/tunisie\/wp-json\/wp\/v2\/media?parent=14031285"}],"wp:term":[{"taxonomy":"category","embeddable":true,"href":"https:\/\/kapitalis.com\/tunisie\/wp-json\/wp\/v2\/categories?post=14031285"},{"taxonomy":"post_tag","embeddable":true,"href":"https:\/\/kapitalis.com\/tunisie\/wp-json\/wp\/v2\/tags?post=14031285"}],"curies":[{"name":"wp","href":"https:\/\/api.w.org\/{rel}","templated":true}]}}