{"id":14031494,"date":"2024-09-21T07:52:26","date_gmt":"2024-09-21T06:52:26","guid":{"rendered":"https:\/\/kapitalis.com\/tunisie\/?p=14031494"},"modified":"2024-09-21T07:52:28","modified_gmt":"2024-09-21T06:52:28","slug":"trois-films-tunisiens-selectionnes-au-fameck","status":"publish","type":"post","link":"https:\/\/kapitalis.com\/tunisie\/2024\/09\/21\/trois-films-tunisiens-selectionnes-au-fameck\/","title":{"rendered":"Trois films tunisiens s\u00e9lectionn\u00e9s au Fameck"},"content":{"rendered":"\n<p><strong><em>Les films tunisiens \u2018\u2018Take my breath\u2019\u2019 de Nada Mezni Hafaiedh, \u2018\u2018Backstage\u2019\u2019 de Afef Ben Mahmoud et Khaled Benkirane et \u2018\u2018Les enfants rouges\u2019\u2019 de Lotfi Achour ont \u00e9t\u00e9 s\u00e9lectionn\u00e9s dans la comp\u00e9tition officielle des longs m\u00e9trages de la 35<sup>e<\/sup>\u00a0\u00e9dition du Festival du film arabe de Fameck\/Val de Fensch (France) qui aura lieu du 3 au 13 octobre 2024.<\/em><\/strong><\/p>\n\n\n\n<!--more-->\n\n\n\n<p>Les autres films figurant dans la s\u00e9lection sont <em>\u2018\u2018Ce n\u2019est rien\u2019\u2019<\/em> de l\u2019Alg\u00e9rien Merzak Allouache, <em>\u2018\u2018Les filles d\u2019Abdul-Rahman\u2019\u2019<\/em> du &nbsp;Jordanien Zaid Abu Hamdan, <em>\u2018\u2018The Teacher\u2019\u2019<\/em> de la Palestinienne Farah Nabulsi et <em>\u2018\u2018Saleem\u2019\u2019<\/em> de la Jordanienne Cynthia Madanat Sharaiha.<\/p>\n\n\n\n<p><em>\u2018\u2018Take my breath\u2019\u2019<\/em> (1h36) \u00e9crit et r\u00e9alis\u00e9 par Nada Mezni Hfaiedh aborde la question de l\u2019intersexualit\u00e9 \u00e0 travers l\u2019histoire de Shams, 23 ans, couturi\u00e8re vivant dans une \u00eele isol\u00e9e et un milieu social hostile, avec sa m\u00e8re et sa s\u0153ur handicap\u00e9e. La jeune femme, d\u2019apparence calme et assez discr\u00e8te, porte en elle un lourd secret qu\u2019elle n\u2019ose avouer \u00e0 personne et dont la r\u00e9v\u00e9lation finira par chambarder sa vie.<\/p>\n\n\n\n<p><em>\u2018\u2018Backstage\u2019\u2019<\/em> (1h30) cor\u00e9alis\u00e9 et \u00e9crit par la Tunisienne Afef Ben Mahmoud, actrice, danseuse, r\u00e9alisatrice et productrice, recr\u00e9e l\u2019univers vibrant et chaotique des coulisses d\u2019une troupe de danseurs en tourn\u00e9e, avec ses tensions souterraines, que le public ne voit pas, mais qui conditionnent le travail de tous.<\/p>\n\n\n\n<p><em>\u2018\u2018Les enfants rouges\u2019\u2019 <\/em>(1h38) de Lotfi Achour, en lice pour le Prix de la presse avec cinq autres films<em>, <\/em>\u00abest bas\u00e9 sur une histoire vraie, cruelle, qui \u00e9volue entre duret\u00e9 et douceur dans un onirisme po\u00e9tique \u00e9pousant l&rsquo;imagination d&rsquo;un enfant confront\u00e9 \u00e0 une incompr\u00e9hensible injustice\u00bb, lit-on dans la pr\u00e9sentation du Festival.<\/p>\n","protected":false},"excerpt":{"rendered":"<p>Les 3 films tunisiens s\u00e9lectionn\u00e9s dans la comp\u00e9tition officielle des longs m\u00e9trages de la 35e\u00a0\u00e9dition du Fameck, en France. <\/p>\n","protected":false},"author":8,"featured_media":14031509,"comment_status":"closed","ping_status":"open","sticky":false,"template":"","format":"standard","meta":{"footnotes":""},"categories":[994,2433],"tags":[64572,91784,15029,118027,16796,112096],"class_list":["post-14031494","post","type-post","status-publish","format-standard","has-post-thumbnail","hentry","category-culture","category-tunisie","tag-afef-ben-mahmoud","tag-fameck","tag-films-tunisiens","tag-khaled-benkirane","tag-lotfi-achour","tag-nada-mezni-hafaiedh"],"yoast_head":"<!-- This site is optimized with the Yoast SEO plugin v26.6 - https:\/\/yoast.com\/wordpress\/plugins\/seo\/ -->\n<title>Trois films tunisiens s\u00e9lectionn\u00e9s au Fameck - Kapitalis<\/title>\n<meta name=\"robots\" content=\"index, follow, max-snippet:-1, max-image-preview:large, max-video-preview:-1\" \/>\n<link rel=\"canonical\" href=\"https:\/\/kapitalis.com\/tunisie\/2024\/09\/21\/trois-films-tunisiens-selectionnes-au-fameck\/\" \/>\n<meta property=\"og:locale\" content=\"fr_FR\" \/>\n<meta property=\"og:type\" content=\"article\" \/>\n<meta property=\"og:title\" content=\"Trois films tunisiens s\u00e9lectionn\u00e9s au Fameck - Kapitalis\" \/>\n<meta property=\"og:description\" content=\"Les 3 films tunisiens s\u00e9lectionn\u00e9s dans la comp\u00e9tition officielle des longs m\u00e9trages de la 35e\u00a0\u00e9dition du Fameck, en France.\" \/>\n<meta property=\"og:url\" content=\"https:\/\/kapitalis.com\/tunisie\/2024\/09\/21\/trois-films-tunisiens-selectionnes-au-fameck\/\" \/>\n<meta property=\"og:site_name\" content=\"Kapitalis\" \/>\n<meta property=\"article:publisher\" content=\"https:\/\/www.facebook.com\/KapitalisInfo\/\" \/>\n<meta property=\"article:published_time\" content=\"2024-09-21T06:52:26+00:00\" \/>\n<meta property=\"article:modified_time\" content=\"2024-09-21T06:52:28+00:00\" \/>\n<meta property=\"og:image\" content=\"https:\/\/kapitalis.com\/tunisie\/wp-content\/uploads\/2024\/09\/Trois-films-tunisiens.jpg\" \/>\n\t<meta property=\"og:image:width\" content=\"1200\" \/>\n\t<meta property=\"og:image:height\" content=\"630\" \/>\n\t<meta property=\"og:image:type\" content=\"image\/jpeg\" \/>\n<meta name=\"author\" content=\"webmaster kapitalis\" \/>\n<meta name=\"twitter:card\" content=\"summary_large_image\" \/>\n<meta name=\"twitter:creator\" content=\"@KapitalisInfo\" \/>\n<meta name=\"twitter:site\" content=\"@KapitalisInfo\" \/>\n<meta name=\"twitter:label1\" content=\"\u00c9crit par\" \/>\n\t<meta name=\"twitter:data1\" content=\"webmaster kapitalis\" \/>\n\t<meta name=\"twitter:label2\" content=\"Dur\u00e9e de lecture estim\u00e9e\" \/>\n\t<meta name=\"twitter:data2\" content=\"2 minutes\" \/>\n<script type=\"application\/ld+json\" class=\"yoast-schema-graph\">{\"@context\":\"https:\/\/schema.org\",\"@graph\":[{\"@type\":\"Article\",\"@id\":\"https:\/\/kapitalis.com\/tunisie\/2024\/09\/21\/trois-films-tunisiens-selectionnes-au-fameck\/#article\",\"isPartOf\":{\"@id\":\"https:\/\/kapitalis.com\/tunisie\/2024\/09\/21\/trois-films-tunisiens-selectionnes-au-fameck\/\"},\"author\":{\"name\":\"webmaster kapitalis\",\"@id\":\"https:\/\/kapitalis.com\/tunisie\/#\/schema\/person\/d71f33a9ca44f7bad4698210b480c8e9\"},\"headline\":\"Trois films tunisiens s\u00e9lectionn\u00e9s au Fameck\",\"datePublished\":\"2024-09-21T06:52:26+00:00\",\"dateModified\":\"2024-09-21T06:52:28+00:00\",\"mainEntityOfPage\":{\"@id\":\"https:\/\/kapitalis.com\/tunisie\/2024\/09\/21\/trois-films-tunisiens-selectionnes-au-fameck\/\"},\"wordCount\":297,\"publisher\":{\"@id\":\"https:\/\/kapitalis.com\/tunisie\/#organization\"},\"image\":{\"@id\":\"https:\/\/kapitalis.com\/tunisie\/2024\/09\/21\/trois-films-tunisiens-selectionnes-au-fameck\/#primaryimage\"},\"thumbnailUrl\":\"https:\/\/kapitalis.com\/tunisie\/wp-content\/uploads\/2024\/09\/Trois-films-tunisiens.jpg\",\"keywords\":[\"Afef Ben Mahmoud\",\"Fameck\",\"Films Tunisiens\",\"Khaled Benkirane\",\"Lotfi Achour\",\"Nada Mezni Hafaiedh\"],\"articleSection\":[\"CULTURE\",\"Tunisie\"],\"inLanguage\":\"fr-FR\"},{\"@type\":\"WebPage\",\"@id\":\"https:\/\/kapitalis.com\/tunisie\/2024\/09\/21\/trois-films-tunisiens-selectionnes-au-fameck\/\",\"url\":\"https:\/\/kapitalis.com\/tunisie\/2024\/09\/21\/trois-films-tunisiens-selectionnes-au-fameck\/\",\"name\":\"Trois films tunisiens s\u00e9lectionn\u00e9s au Fameck - Kapitalis\",\"isPartOf\":{\"@id\":\"https:\/\/kapitalis.com\/tunisie\/#website\"},\"primaryImageOfPage\":{\"@id\":\"https:\/\/kapitalis.com\/tunisie\/2024\/09\/21\/trois-films-tunisiens-selectionnes-au-fameck\/#primaryimage\"},\"image\":{\"@id\":\"https:\/\/kapitalis.com\/tunisie\/2024\/09\/21\/trois-films-tunisiens-selectionnes-au-fameck\/#primaryimage\"},\"thumbnailUrl\":\"https:\/\/kapitalis.com\/tunisie\/wp-content\/uploads\/2024\/09\/Trois-films-tunisiens.jpg\",\"datePublished\":\"2024-09-21T06:52:26+00:00\",\"dateModified\":\"2024-09-21T06:52:28+00:00\",\"breadcrumb\":{\"@id\":\"https:\/\/kapitalis.com\/tunisie\/2024\/09\/21\/trois-films-tunisiens-selectionnes-au-fameck\/#breadcrumb\"},\"inLanguage\":\"fr-FR\",\"potentialAction\":[{\"@type\":\"ReadAction\",\"target\":[\"https:\/\/kapitalis.com\/tunisie\/2024\/09\/21\/trois-films-tunisiens-selectionnes-au-fameck\/\"]}]},{\"@type\":\"ImageObject\",\"inLanguage\":\"fr-FR\",\"@id\":\"https:\/\/kapitalis.com\/tunisie\/2024\/09\/21\/trois-films-tunisiens-selectionnes-au-fameck\/#primaryimage\",\"url\":\"https:\/\/kapitalis.com\/tunisie\/wp-content\/uploads\/2024\/09\/Trois-films-tunisiens.jpg\",\"contentUrl\":\"https:\/\/kapitalis.com\/tunisie\/wp-content\/uploads\/2024\/09\/Trois-films-tunisiens.jpg\",\"width\":1200,\"height\":630},{\"@type\":\"BreadcrumbList\",\"@id\":\"https:\/\/kapitalis.com\/tunisie\/2024\/09\/21\/trois-films-tunisiens-selectionnes-au-fameck\/#breadcrumb\",\"itemListElement\":[{\"@type\":\"ListItem\",\"position\":1,\"name\":\"Accueil\",\"item\":\"https:\/\/kapitalis.com\/tunisie\/\"},{\"@type\":\"ListItem\",\"position\":2,\"name\":\"Trois films tunisiens s\u00e9lectionn\u00e9s au Fameck\"}]},{\"@type\":\"WebSite\",\"@id\":\"https:\/\/kapitalis.com\/tunisie\/#website\",\"url\":\"https:\/\/kapitalis.com\/tunisie\/\",\"name\":\"Kapitalis\",\"description\":\"L&#039;actualit\u00e9 en Tunisie et dans le monde\",\"publisher\":{\"@id\":\"https:\/\/kapitalis.com\/tunisie\/#organization\"},\"potentialAction\":[{\"@type\":\"SearchAction\",\"target\":{\"@type\":\"EntryPoint\",\"urlTemplate\":\"https:\/\/kapitalis.com\/tunisie\/?s={search_term_string}\"},\"query-input\":{\"@type\":\"PropertyValueSpecification\",\"valueRequired\":true,\"valueName\":\"search_term_string\"}}],\"inLanguage\":\"fr-FR\"},{\"@type\":\"Organization\",\"@id\":\"https:\/\/kapitalis.com\/tunisie\/#organization\",\"name\":\"Kapitalis\",\"url\":\"https:\/\/kapitalis.com\/tunisie\/\",\"logo\":{\"@type\":\"ImageObject\",\"inLanguage\":\"fr-FR\",\"@id\":\"https:\/\/kapitalis.com\/tunisie\/#\/schema\/logo\/image\/\",\"url\":\"https:\/\/kapitalis.com\/tunisie\/wp-content\/uploads\/2022\/05\/Kapitalis-big-size.png\",\"contentUrl\":\"https:\/\/kapitalis.com\/tunisie\/wp-content\/uploads\/2022\/05\/Kapitalis-big-size.png\",\"width\":5000,\"height\":1500,\"caption\":\"Kapitalis\"},\"image\":{\"@id\":\"https:\/\/kapitalis.com\/tunisie\/#\/schema\/logo\/image\/\"},\"sameAs\":[\"https:\/\/www.facebook.com\/KapitalisInfo\/\",\"https:\/\/x.com\/KapitalisInfo\",\"https:\/\/www.youtube.com\/channel\/UC-yDYrHyfFBWWZaOw3FPg9Q\"]},{\"@type\":\"Person\",\"@id\":\"https:\/\/kapitalis.com\/tunisie\/#\/schema\/person\/d71f33a9ca44f7bad4698210b480c8e9\",\"name\":\"webmaster kapitalis\",\"url\":\"https:\/\/kapitalis.com\/tunisie\/author\/webmaster-kapitalis\/\"}]}<\/script>\n<!-- \/ Yoast SEO plugin. -->","yoast_head_json":{"title":"Trois films tunisiens s\u00e9lectionn\u00e9s au Fameck - Kapitalis","robots":{"index":"index","follow":"follow","max-snippet":"max-snippet:-1","max-image-preview":"max-image-preview:large","max-video-preview":"max-video-preview:-1"},"canonical":"https:\/\/kapitalis.com\/tunisie\/2024\/09\/21\/trois-films-tunisiens-selectionnes-au-fameck\/","og_locale":"fr_FR","og_type":"article","og_title":"Trois films tunisiens s\u00e9lectionn\u00e9s au Fameck - Kapitalis","og_description":"Les 3 films tunisiens s\u00e9lectionn\u00e9s dans la comp\u00e9tition officielle des longs m\u00e9trages de la 35e\u00a0\u00e9dition du Fameck, en France.","og_url":"https:\/\/kapitalis.com\/tunisie\/2024\/09\/21\/trois-films-tunisiens-selectionnes-au-fameck\/","og_site_name":"Kapitalis","article_publisher":"https:\/\/www.facebook.com\/KapitalisInfo\/","article_published_time":"2024-09-21T06:52:26+00:00","article_modified_time":"2024-09-21T06:52:28+00:00","og_image":[{"width":1200,"height":630,"url":"https:\/\/kapitalis.com\/tunisie\/wp-content\/uploads\/2024\/09\/Trois-films-tunisiens.jpg","type":"image\/jpeg"}],"author":"webmaster kapitalis","twitter_card":"summary_large_image","twitter_creator":"@KapitalisInfo","twitter_site":"@KapitalisInfo","twitter_misc":{"\u00c9crit par":"webmaster kapitalis","Dur\u00e9e de lecture estim\u00e9e":"2 minutes"},"schema":{"@context":"https:\/\/schema.org","@graph":[{"@type":"Article","@id":"https:\/\/kapitalis.com\/tunisie\/2024\/09\/21\/trois-films-tunisiens-selectionnes-au-fameck\/#article","isPartOf":{"@id":"https:\/\/kapitalis.com\/tunisie\/2024\/09\/21\/trois-films-tunisiens-selectionnes-au-fameck\/"},"author":{"name":"webmaster kapitalis","@id":"https:\/\/kapitalis.com\/tunisie\/#\/schema\/person\/d71f33a9ca44f7bad4698210b480c8e9"},"headline":"Trois films tunisiens s\u00e9lectionn\u00e9s au Fameck","datePublished":"2024-09-21T06:52:26+00:00","dateModified":"2024-09-21T06:52:28+00:00","mainEntityOfPage":{"@id":"https:\/\/kapitalis.com\/tunisie\/2024\/09\/21\/trois-films-tunisiens-selectionnes-au-fameck\/"},"wordCount":297,"publisher":{"@id":"https:\/\/kapitalis.com\/tunisie\/#organization"},"image":{"@id":"https:\/\/kapitalis.com\/tunisie\/2024\/09\/21\/trois-films-tunisiens-selectionnes-au-fameck\/#primaryimage"},"thumbnailUrl":"https:\/\/kapitalis.com\/tunisie\/wp-content\/uploads\/2024\/09\/Trois-films-tunisiens.jpg","keywords":["Afef Ben Mahmoud","Fameck","Films Tunisiens","Khaled Benkirane","Lotfi Achour","Nada Mezni Hafaiedh"],"articleSection":["CULTURE","Tunisie"],"inLanguage":"fr-FR"},{"@type":"WebPage","@id":"https:\/\/kapitalis.com\/tunisie\/2024\/09\/21\/trois-films-tunisiens-selectionnes-au-fameck\/","url":"https:\/\/kapitalis.com\/tunisie\/2024\/09\/21\/trois-films-tunisiens-selectionnes-au-fameck\/","name":"Trois films tunisiens s\u00e9lectionn\u00e9s au Fameck - Kapitalis","isPartOf":{"@id":"https:\/\/kapitalis.com\/tunisie\/#website"},"primaryImageOfPage":{"@id":"https:\/\/kapitalis.com\/tunisie\/2024\/09\/21\/trois-films-tunisiens-selectionnes-au-fameck\/#primaryimage"},"image":{"@id":"https:\/\/kapitalis.com\/tunisie\/2024\/09\/21\/trois-films-tunisiens-selectionnes-au-fameck\/#primaryimage"},"thumbnailUrl":"https:\/\/kapitalis.com\/tunisie\/wp-content\/uploads\/2024\/09\/Trois-films-tunisiens.jpg","datePublished":"2024-09-21T06:52:26+00:00","dateModified":"2024-09-21T06:52:28+00:00","breadcrumb":{"@id":"https:\/\/kapitalis.com\/tunisie\/2024\/09\/21\/trois-films-tunisiens-selectionnes-au-fameck\/#breadcrumb"},"inLanguage":"fr-FR","potentialAction":[{"@type":"ReadAction","target":["https:\/\/kapitalis.com\/tunisie\/2024\/09\/21\/trois-films-tunisiens-selectionnes-au-fameck\/"]}]},{"@type":"ImageObject","inLanguage":"fr-FR","@id":"https:\/\/kapitalis.com\/tunisie\/2024\/09\/21\/trois-films-tunisiens-selectionnes-au-fameck\/#primaryimage","url":"https:\/\/kapitalis.com\/tunisie\/wp-content\/uploads\/2024\/09\/Trois-films-tunisiens.jpg","contentUrl":"https:\/\/kapitalis.com\/tunisie\/wp-content\/uploads\/2024\/09\/Trois-films-tunisiens.jpg","width":1200,"height":630},{"@type":"BreadcrumbList","@id":"https:\/\/kapitalis.com\/tunisie\/2024\/09\/21\/trois-films-tunisiens-selectionnes-au-fameck\/#breadcrumb","itemListElement":[{"@type":"ListItem","position":1,"name":"Accueil","item":"https:\/\/kapitalis.com\/tunisie\/"},{"@type":"ListItem","position":2,"name":"Trois films tunisiens s\u00e9lectionn\u00e9s au Fameck"}]},{"@type":"WebSite","@id":"https:\/\/kapitalis.com\/tunisie\/#website","url":"https:\/\/kapitalis.com\/tunisie\/","name":"Kapitalis","description":"L&#039;actualit\u00e9 en Tunisie et dans le monde","publisher":{"@id":"https:\/\/kapitalis.com\/tunisie\/#organization"},"potentialAction":[{"@type":"SearchAction","target":{"@type":"EntryPoint","urlTemplate":"https:\/\/kapitalis.com\/tunisie\/?s={search_term_string}"},"query-input":{"@type":"PropertyValueSpecification","valueRequired":true,"valueName":"search_term_string"}}],"inLanguage":"fr-FR"},{"@type":"Organization","@id":"https:\/\/kapitalis.com\/tunisie\/#organization","name":"Kapitalis","url":"https:\/\/kapitalis.com\/tunisie\/","logo":{"@type":"ImageObject","inLanguage":"fr-FR","@id":"https:\/\/kapitalis.com\/tunisie\/#\/schema\/logo\/image\/","url":"https:\/\/kapitalis.com\/tunisie\/wp-content\/uploads\/2022\/05\/Kapitalis-big-size.png","contentUrl":"https:\/\/kapitalis.com\/tunisie\/wp-content\/uploads\/2022\/05\/Kapitalis-big-size.png","width":5000,"height":1500,"caption":"Kapitalis"},"image":{"@id":"https:\/\/kapitalis.com\/tunisie\/#\/schema\/logo\/image\/"},"sameAs":["https:\/\/www.facebook.com\/KapitalisInfo\/","https:\/\/x.com\/KapitalisInfo","https:\/\/www.youtube.com\/channel\/UC-yDYrHyfFBWWZaOw3FPg9Q"]},{"@type":"Person","@id":"https:\/\/kapitalis.com\/tunisie\/#\/schema\/person\/d71f33a9ca44f7bad4698210b480c8e9","name":"webmaster kapitalis","url":"https:\/\/kapitalis.com\/tunisie\/author\/webmaster-kapitalis\/"}]}},"_links":{"self":[{"href":"https:\/\/kapitalis.com\/tunisie\/wp-json\/wp\/v2\/posts\/14031494","targetHints":{"allow":["GET"]}}],"collection":[{"href":"https:\/\/kapitalis.com\/tunisie\/wp-json\/wp\/v2\/posts"}],"about":[{"href":"https:\/\/kapitalis.com\/tunisie\/wp-json\/wp\/v2\/types\/post"}],"author":[{"embeddable":true,"href":"https:\/\/kapitalis.com\/tunisie\/wp-json\/wp\/v2\/users\/8"}],"replies":[{"embeddable":true,"href":"https:\/\/kapitalis.com\/tunisie\/wp-json\/wp\/v2\/comments?post=14031494"}],"version-history":[{"count":1,"href":"https:\/\/kapitalis.com\/tunisie\/wp-json\/wp\/v2\/posts\/14031494\/revisions"}],"predecessor-version":[{"id":14031512,"href":"https:\/\/kapitalis.com\/tunisie\/wp-json\/wp\/v2\/posts\/14031494\/revisions\/14031512"}],"wp:featuredmedia":[{"embeddable":true,"href":"https:\/\/kapitalis.com\/tunisie\/wp-json\/wp\/v2\/media\/14031509"}],"wp:attachment":[{"href":"https:\/\/kapitalis.com\/tunisie\/wp-json\/wp\/v2\/media?parent=14031494"}],"wp:term":[{"taxonomy":"category","embeddable":true,"href":"https:\/\/kapitalis.com\/tunisie\/wp-json\/wp\/v2\/categories?post=14031494"},{"taxonomy":"post_tag","embeddable":true,"href":"https:\/\/kapitalis.com\/tunisie\/wp-json\/wp\/v2\/tags?post=14031494"}],"curies":[{"name":"wp","href":"https:\/\/api.w.org\/{rel}","templated":true}]}}