{"id":14032063,"date":"2024-09-21T10:33:40","date_gmt":"2024-09-21T09:33:40","guid":{"rendered":"https:\/\/kapitalis.com\/tunisie\/?p=14032063"},"modified":"2024-09-21T10:42:08","modified_gmt":"2024-09-21T09:42:08","slug":"janes-prevoit-des-tensions-en-tunisie-lors-des-presidentielles","status":"publish","type":"post","link":"https:\/\/kapitalis.com\/tunisie\/2024\/09\/21\/janes-prevoit-des-tensions-en-tunisie-lors-des-presidentielles\/","title":{"rendered":"Janes pr\u00e9voit des tensions en Tunisie lors des pr\u00e9sidentielles \u00a0"},"content":{"rendered":"\n<p><strong><em>Dans un rapport publi\u00e9 le 2 septembre et consult\u00e9 le 20 septembre 2024, <a href=\"https:\/\/www.janes.com\/osint-insights\/defence-and-national-security-analysis\/post\/tunisian-presidential-election-presents-a-flashpoint-for-protests-and-communal-tensions\" target=\"_blank\" rel=\"noreferrer noopener\">Janes<\/a>, site web britannique sp\u00e9cialis\u00e9 dans le renseignement de d\u00e9fense open source, estime que l\u2019\u00e9lection pr\u00e9sidentielle tunisienne du 6 octobre prochain \u00abconstitue un point chaud pour les protestations et les tensions\u00bb.<\/em><\/strong><em> (Illustration : manifestation anti-migrants subsahariens \u00e0 Jebeniana, Sfax).<\/em> <\/p>\n\n\n\n<!--more-->\n\n\n\n<p><em>\u00abLa Tunisie est plong\u00e9e dans une crise politique prolong\u00e9e depuis juillet 2021\u00bb<\/em>, \u00e9crit l\u2019auteur du rapport, James Trigg.<\/p>\n\n\n\n<p>Evaluant les risques entourant l\u2019\u00e9lection pr\u00e9sidentielle, ce dernier n\u2019\u00e9carte pas <em>\u00abla perspective de troubles publics, de tensions sociales et de violences \u00e0 motivation politique.\u00bb<\/em><\/p>\n\n\n\n<p><em>\u00abLa poursuite des r\u00e9formes politiques par Sa\u00efed a divis\u00e9 les Tunisiens, ses d\u00e9tracteurs, notamment les politiciens de l\u2019opposition et les acteurs de la soci\u00e9t\u00e9 civile, accusant Sa\u00efed de coup d\u2019\u00c9tat. L\u2019\u00e9lection repr\u00e9sente une \u00e9tape cruciale dans sa campagne et un foyer potentiel de frustration et de m\u00e9contentement \u00e0 l\u2019\u00e9gard de son gouvernement\u00bb<\/em>, souligne le rapport.<\/p>\n\n\n\n<p><em>Janes<\/em> estime qu\u2019il existe <em>\u00abune possibilit\u00e9 r\u00e9aliste\u00bb<\/em> que Sa\u00efed et son gouvernement invoquent, \u00e0 l\u2019appui de leurs d\u00e9cisions, <em>\u00abdes r\u00e9cits populistes, tels que les menaces pour la stabilit\u00e9 sociale tunisienne pos\u00e9es par des individus anonymes qui sp\u00e9culent sur les denr\u00e9es alimentaires, l\u2019influence des puissances \u00e9trang\u00e8res et des migrants subsahariens, et les risques que cela repr\u00e9sente pour provoquer des tensions sociales et des violences sectaires\u00bb<\/em>.<\/p>\n\n\n<div class=\"wp-block-image\">\n<figure class=\"aligncenter size-full\"><img loading=\"lazy\" decoding=\"async\" width=\"1000\" height=\"669\" src=\"https:\/\/kapitalis.com\/tunisie\/wp-content\/uploads\/2024\/09\/Janes-Tunisie.jpg\" alt=\"\" class=\"wp-image-14032075\" srcset=\"https:\/\/kapitalis.com\/tunisie\/wp-content\/uploads\/2024\/09\/Janes-Tunisie.jpg 1000w, https:\/\/kapitalis.com\/tunisie\/wp-content\/uploads\/2024\/09\/Janes-Tunisie-300x201.jpg 300w, https:\/\/kapitalis.com\/tunisie\/wp-content\/uploads\/2024\/09\/Janes-Tunisie-768x514.jpg 768w, https:\/\/kapitalis.com\/tunisie\/wp-content\/uploads\/2024\/09\/Janes-Tunisie-580x388.jpg 580w, https:\/\/kapitalis.com\/tunisie\/wp-content\/uploads\/2024\/09\/Janes-Tunisie-860x575.jpg 860w\" sizes=\"auto, (max-width: 1000px) 100vw, 1000px\" \/><figcaption class=\"wp-element-caption\"><br><em>Manifestations et \u00e9meutes relatives aux r\u00e9formes politiques du pr\u00e9sident Sa\u00efed (juillet 2021-ao\u00fbt 2024).<\/em><\/figcaption><\/figure>\n<\/div>\n\n<div class=\"wp-block-image\">\n<figure class=\"aligncenter size-full\"><img loading=\"lazy\" decoding=\"async\" width=\"1000\" height=\"730\" src=\"https:\/\/kapitalis.com\/tunisie\/wp-content\/uploads\/2024\/09\/Janes-Tunisie-2.jpg\" alt=\"\" class=\"wp-image-14032130\" srcset=\"https:\/\/kapitalis.com\/tunisie\/wp-content\/uploads\/2024\/09\/Janes-Tunisie-2.jpg 1000w, https:\/\/kapitalis.com\/tunisie\/wp-content\/uploads\/2024\/09\/Janes-Tunisie-2-300x219.jpg 300w, https:\/\/kapitalis.com\/tunisie\/wp-content\/uploads\/2024\/09\/Janes-Tunisie-2-768x561.jpg 768w, https:\/\/kapitalis.com\/tunisie\/wp-content\/uploads\/2024\/09\/Janes-Tunisie-2-580x423.jpg 580w, https:\/\/kapitalis.com\/tunisie\/wp-content\/uploads\/2024\/09\/Janes-Tunisie-2-860x628.jpg 860w\" sizes=\"auto, (max-width: 1000px) 100vw, 1000px\" \/><figcaption class=\"wp-element-caption\"><em>Protestations et \u00e9meutes relatives aux r\u00e9formes politiques de Saied compar\u00e9es au total des protestation et \u00e9meutes en Tunisie, de juillet 2021 \u00e0 ao\u00fbt 2024.<\/em><\/figcaption><\/figure>\n<\/div>\n\n\n<p><\/p>\n\n\n\n<p><em>Janes<\/em> estime qu\u2019<em>\u00abil existe une possibilit\u00e9 r\u00e9aliste de voir la col\u00e8re et le m\u00e9contentement populaires \u00e0 l\u2019\u00e9gard des r\u00e9formes politiques de Sa\u00efed se manifester par d\u2019importantes manifestations, principalement \u00e0 Tunis pendant les \u00e9lections.\u00bb <\/em>Mais il s\u2019empresse de pr\u00e9ciser, comme pour temp\u00e9rer ses pr\u00e9visions quelque peu pessimistes : <em>\u00abCes probl\u00e8mes ne risquent de s\u2019\u00e9tendre g\u00e9ographiquement que s\u2019ils se confondent avec les pr\u00e9occupations plus localis\u00e9es des Tunisiens, qui ont \u00e9t\u00e9 la cause pr\u00e9dominante des manifestations en dehors de Tunis.\u00bb<\/em><\/p>\n\n\n\n<p class=\"has-text-align-right\"><strong>I.B.<\/strong><\/p>\n","protected":false},"excerpt":{"rendered":"<p>La pr\u00e9sidentielle tunisienne du 6 octobre prochain \u00abconstitue un point chaud pour les protestations et les tensions\u00bb, estime le magazine Janes.<\/p>\n","protected":false},"author":8,"featured_media":12880488,"comment_status":"closed","ping_status":"open","sticky":false,"template":"","format":"standard","meta":{"footnotes":""},"categories":[997,2433],"tags":[118034,118033,76012,85766,4375,1045,93538,62643],"class_list":["post-14032063","post","type-post","status-publish","format-standard","has-post-thumbnail","hentry","category-politique","category-tunisie","tag-james-trigg","tag-janes","tag-kais-saied-2","tag-migrants-subsahariens","tag-presidentielles","tag-protestations","tag-reformes-politiques","tag-tunisie"],"yoast_head":"<!-- This site is optimized with the Yoast SEO plugin v26.6 - https:\/\/yoast.com\/wordpress\/plugins\/seo\/ -->\n<title>Janes pr\u00e9voit des tensions en Tunisie lors des pr\u00e9sidentielles \u00a0 - Kapitalis<\/title>\n<meta name=\"robots\" content=\"index, follow, max-snippet:-1, max-image-preview:large, max-video-preview:-1\" \/>\n<link rel=\"canonical\" href=\"https:\/\/kapitalis.com\/tunisie\/2024\/09\/21\/janes-prevoit-des-tensions-en-tunisie-lors-des-presidentielles\/\" \/>\n<meta property=\"og:locale\" content=\"fr_FR\" \/>\n<meta property=\"og:type\" content=\"article\" \/>\n<meta property=\"og:title\" content=\"Janes pr\u00e9voit des tensions en Tunisie lors des pr\u00e9sidentielles \u00a0 - Kapitalis\" \/>\n<meta property=\"og:description\" content=\"La pr\u00e9sidentielle tunisienne du 6 octobre prochain \u00abconstitue un point chaud pour les protestations et les tensions\u00bb, estime le magazine Janes.\" \/>\n<meta property=\"og:url\" content=\"https:\/\/kapitalis.com\/tunisie\/2024\/09\/21\/janes-prevoit-des-tensions-en-tunisie-lors-des-presidentielles\/\" \/>\n<meta property=\"og:site_name\" content=\"Kapitalis\" \/>\n<meta property=\"article:publisher\" content=\"https:\/\/www.facebook.com\/KapitalisInfo\/\" \/>\n<meta property=\"article:published_time\" content=\"2024-09-21T09:33:40+00:00\" \/>\n<meta property=\"article:modified_time\" content=\"2024-09-21T09:42:08+00:00\" \/>\n<meta property=\"og:image\" content=\"https:\/\/kapitalis.com\/tunisie\/wp-content\/uploads\/2024\/05\/Manifestation-anti-migrants-Jebeniana.jpg\" \/>\n\t<meta property=\"og:image:width\" content=\"1200\" \/>\n\t<meta property=\"og:image:height\" content=\"630\" \/>\n\t<meta property=\"og:image:type\" content=\"image\/jpeg\" \/>\n<meta name=\"author\" content=\"webmaster kapitalis\" \/>\n<meta name=\"twitter:card\" content=\"summary_large_image\" \/>\n<meta name=\"twitter:creator\" content=\"@KapitalisInfo\" \/>\n<meta name=\"twitter:site\" content=\"@KapitalisInfo\" \/>\n<meta name=\"twitter:label1\" content=\"\u00c9crit par\" \/>\n\t<meta name=\"twitter:data1\" content=\"webmaster kapitalis\" \/>\n\t<meta name=\"twitter:label2\" content=\"Dur\u00e9e de lecture estim\u00e9e\" \/>\n\t<meta name=\"twitter:data2\" content=\"3 minutes\" \/>\n<script type=\"application\/ld+json\" class=\"yoast-schema-graph\">{\"@context\":\"https:\/\/schema.org\",\"@graph\":[{\"@type\":\"Article\",\"@id\":\"https:\/\/kapitalis.com\/tunisie\/2024\/09\/21\/janes-prevoit-des-tensions-en-tunisie-lors-des-presidentielles\/#article\",\"isPartOf\":{\"@id\":\"https:\/\/kapitalis.com\/tunisie\/2024\/09\/21\/janes-prevoit-des-tensions-en-tunisie-lors-des-presidentielles\/\"},\"author\":{\"name\":\"webmaster kapitalis\",\"@id\":\"https:\/\/kapitalis.com\/tunisie\/#\/schema\/person\/d71f33a9ca44f7bad4698210b480c8e9\"},\"headline\":\"Janes pr\u00e9voit des tensions en Tunisie lors des pr\u00e9sidentielles \u00a0\",\"datePublished\":\"2024-09-21T09:33:40+00:00\",\"dateModified\":\"2024-09-21T09:42:08+00:00\",\"mainEntityOfPage\":{\"@id\":\"https:\/\/kapitalis.com\/tunisie\/2024\/09\/21\/janes-prevoit-des-tensions-en-tunisie-lors-des-presidentielles\/\"},\"wordCount\":382,\"publisher\":{\"@id\":\"https:\/\/kapitalis.com\/tunisie\/#organization\"},\"image\":{\"@id\":\"https:\/\/kapitalis.com\/tunisie\/2024\/09\/21\/janes-prevoit-des-tensions-en-tunisie-lors-des-presidentielles\/#primaryimage\"},\"thumbnailUrl\":\"https:\/\/kapitalis.com\/tunisie\/wp-content\/uploads\/2024\/05\/Manifestation-anti-migrants-Jebeniana.jpg\",\"keywords\":[\"James Trigg\",\"Janes\",\"Ka\u00efs Sa\u00efed\",\"migrants subsahariens\",\"pr\u00e9sidentielles\",\"protestations\",\"r\u00e9formes politiques\",\"Tunisie\"],\"articleSection\":[\"POLITIQUE\",\"Tunisie\"],\"inLanguage\":\"fr-FR\"},{\"@type\":\"WebPage\",\"@id\":\"https:\/\/kapitalis.com\/tunisie\/2024\/09\/21\/janes-prevoit-des-tensions-en-tunisie-lors-des-presidentielles\/\",\"url\":\"https:\/\/kapitalis.com\/tunisie\/2024\/09\/21\/janes-prevoit-des-tensions-en-tunisie-lors-des-presidentielles\/\",\"name\":\"Janes pr\u00e9voit des tensions en Tunisie lors des pr\u00e9sidentielles \u00a0 - Kapitalis\",\"isPartOf\":{\"@id\":\"https:\/\/kapitalis.com\/tunisie\/#website\"},\"primaryImageOfPage\":{\"@id\":\"https:\/\/kapitalis.com\/tunisie\/2024\/09\/21\/janes-prevoit-des-tensions-en-tunisie-lors-des-presidentielles\/#primaryimage\"},\"image\":{\"@id\":\"https:\/\/kapitalis.com\/tunisie\/2024\/09\/21\/janes-prevoit-des-tensions-en-tunisie-lors-des-presidentielles\/#primaryimage\"},\"thumbnailUrl\":\"https:\/\/kapitalis.com\/tunisie\/wp-content\/uploads\/2024\/05\/Manifestation-anti-migrants-Jebeniana.jpg\",\"datePublished\":\"2024-09-21T09:33:40+00:00\",\"dateModified\":\"2024-09-21T09:42:08+00:00\",\"breadcrumb\":{\"@id\":\"https:\/\/kapitalis.com\/tunisie\/2024\/09\/21\/janes-prevoit-des-tensions-en-tunisie-lors-des-presidentielles\/#breadcrumb\"},\"inLanguage\":\"fr-FR\",\"potentialAction\":[{\"@type\":\"ReadAction\",\"target\":[\"https:\/\/kapitalis.com\/tunisie\/2024\/09\/21\/janes-prevoit-des-tensions-en-tunisie-lors-des-presidentielles\/\"]}]},{\"@type\":\"ImageObject\",\"inLanguage\":\"fr-FR\",\"@id\":\"https:\/\/kapitalis.com\/tunisie\/2024\/09\/21\/janes-prevoit-des-tensions-en-tunisie-lors-des-presidentielles\/#primaryimage\",\"url\":\"https:\/\/kapitalis.com\/tunisie\/wp-content\/uploads\/2024\/05\/Manifestation-anti-migrants-Jebeniana.jpg\",\"contentUrl\":\"https:\/\/kapitalis.com\/tunisie\/wp-content\/uploads\/2024\/05\/Manifestation-anti-migrants-Jebeniana.jpg\",\"width\":1200,\"height\":630},{\"@type\":\"BreadcrumbList\",\"@id\":\"https:\/\/kapitalis.com\/tunisie\/2024\/09\/21\/janes-prevoit-des-tensions-en-tunisie-lors-des-presidentielles\/#breadcrumb\",\"itemListElement\":[{\"@type\":\"ListItem\",\"position\":1,\"name\":\"Accueil\",\"item\":\"https:\/\/kapitalis.com\/tunisie\/\"},{\"@type\":\"ListItem\",\"position\":2,\"name\":\"Janes pr\u00e9voit des tensions en Tunisie lors des pr\u00e9sidentielles \u00a0\"}]},{\"@type\":\"WebSite\",\"@id\":\"https:\/\/kapitalis.com\/tunisie\/#website\",\"url\":\"https:\/\/kapitalis.com\/tunisie\/\",\"name\":\"Kapitalis\",\"description\":\"L&#039;actualit\u00e9 en Tunisie et dans le monde\",\"publisher\":{\"@id\":\"https:\/\/kapitalis.com\/tunisie\/#organization\"},\"potentialAction\":[{\"@type\":\"SearchAction\",\"target\":{\"@type\":\"EntryPoint\",\"urlTemplate\":\"https:\/\/kapitalis.com\/tunisie\/?s={search_term_string}\"},\"query-input\":{\"@type\":\"PropertyValueSpecification\",\"valueRequired\":true,\"valueName\":\"search_term_string\"}}],\"inLanguage\":\"fr-FR\"},{\"@type\":\"Organization\",\"@id\":\"https:\/\/kapitalis.com\/tunisie\/#organization\",\"name\":\"Kapitalis\",\"url\":\"https:\/\/kapitalis.com\/tunisie\/\",\"logo\":{\"@type\":\"ImageObject\",\"inLanguage\":\"fr-FR\",\"@id\":\"https:\/\/kapitalis.com\/tunisie\/#\/schema\/logo\/image\/\",\"url\":\"https:\/\/kapitalis.com\/tunisie\/wp-content\/uploads\/2022\/05\/Kapitalis-big-size.png\",\"contentUrl\":\"https:\/\/kapitalis.com\/tunisie\/wp-content\/uploads\/2022\/05\/Kapitalis-big-size.png\",\"width\":5000,\"height\":1500,\"caption\":\"Kapitalis\"},\"image\":{\"@id\":\"https:\/\/kapitalis.com\/tunisie\/#\/schema\/logo\/image\/\"},\"sameAs\":[\"https:\/\/www.facebook.com\/KapitalisInfo\/\",\"https:\/\/x.com\/KapitalisInfo\",\"https:\/\/www.youtube.com\/channel\/UC-yDYrHyfFBWWZaOw3FPg9Q\"]},{\"@type\":\"Person\",\"@id\":\"https:\/\/kapitalis.com\/tunisie\/#\/schema\/person\/d71f33a9ca44f7bad4698210b480c8e9\",\"name\":\"webmaster kapitalis\",\"url\":\"https:\/\/kapitalis.com\/tunisie\/author\/webmaster-kapitalis\/\"}]}<\/script>\n<!-- \/ Yoast SEO plugin. -->","yoast_head_json":{"title":"Janes pr\u00e9voit des tensions en Tunisie lors des pr\u00e9sidentielles \u00a0 - Kapitalis","robots":{"index":"index","follow":"follow","max-snippet":"max-snippet:-1","max-image-preview":"max-image-preview:large","max-video-preview":"max-video-preview:-1"},"canonical":"https:\/\/kapitalis.com\/tunisie\/2024\/09\/21\/janes-prevoit-des-tensions-en-tunisie-lors-des-presidentielles\/","og_locale":"fr_FR","og_type":"article","og_title":"Janes pr\u00e9voit des tensions en Tunisie lors des pr\u00e9sidentielles \u00a0 - Kapitalis","og_description":"La pr\u00e9sidentielle tunisienne du 6 octobre prochain \u00abconstitue un point chaud pour les protestations et les tensions\u00bb, estime le magazine Janes.","og_url":"https:\/\/kapitalis.com\/tunisie\/2024\/09\/21\/janes-prevoit-des-tensions-en-tunisie-lors-des-presidentielles\/","og_site_name":"Kapitalis","article_publisher":"https:\/\/www.facebook.com\/KapitalisInfo\/","article_published_time":"2024-09-21T09:33:40+00:00","article_modified_time":"2024-09-21T09:42:08+00:00","og_image":[{"width":1200,"height":630,"url":"https:\/\/kapitalis.com\/tunisie\/wp-content\/uploads\/2024\/05\/Manifestation-anti-migrants-Jebeniana.jpg","type":"image\/jpeg"}],"author":"webmaster kapitalis","twitter_card":"summary_large_image","twitter_creator":"@KapitalisInfo","twitter_site":"@KapitalisInfo","twitter_misc":{"\u00c9crit par":"webmaster kapitalis","Dur\u00e9e de lecture estim\u00e9e":"3 minutes"},"schema":{"@context":"https:\/\/schema.org","@graph":[{"@type":"Article","@id":"https:\/\/kapitalis.com\/tunisie\/2024\/09\/21\/janes-prevoit-des-tensions-en-tunisie-lors-des-presidentielles\/#article","isPartOf":{"@id":"https:\/\/kapitalis.com\/tunisie\/2024\/09\/21\/janes-prevoit-des-tensions-en-tunisie-lors-des-presidentielles\/"},"author":{"name":"webmaster kapitalis","@id":"https:\/\/kapitalis.com\/tunisie\/#\/schema\/person\/d71f33a9ca44f7bad4698210b480c8e9"},"headline":"Janes pr\u00e9voit des tensions en Tunisie lors des pr\u00e9sidentielles \u00a0","datePublished":"2024-09-21T09:33:40+00:00","dateModified":"2024-09-21T09:42:08+00:00","mainEntityOfPage":{"@id":"https:\/\/kapitalis.com\/tunisie\/2024\/09\/21\/janes-prevoit-des-tensions-en-tunisie-lors-des-presidentielles\/"},"wordCount":382,"publisher":{"@id":"https:\/\/kapitalis.com\/tunisie\/#organization"},"image":{"@id":"https:\/\/kapitalis.com\/tunisie\/2024\/09\/21\/janes-prevoit-des-tensions-en-tunisie-lors-des-presidentielles\/#primaryimage"},"thumbnailUrl":"https:\/\/kapitalis.com\/tunisie\/wp-content\/uploads\/2024\/05\/Manifestation-anti-migrants-Jebeniana.jpg","keywords":["James Trigg","Janes","Ka\u00efs Sa\u00efed","migrants subsahariens","pr\u00e9sidentielles","protestations","r\u00e9formes politiques","Tunisie"],"articleSection":["POLITIQUE","Tunisie"],"inLanguage":"fr-FR"},{"@type":"WebPage","@id":"https:\/\/kapitalis.com\/tunisie\/2024\/09\/21\/janes-prevoit-des-tensions-en-tunisie-lors-des-presidentielles\/","url":"https:\/\/kapitalis.com\/tunisie\/2024\/09\/21\/janes-prevoit-des-tensions-en-tunisie-lors-des-presidentielles\/","name":"Janes pr\u00e9voit des tensions en Tunisie lors des pr\u00e9sidentielles \u00a0 - Kapitalis","isPartOf":{"@id":"https:\/\/kapitalis.com\/tunisie\/#website"},"primaryImageOfPage":{"@id":"https:\/\/kapitalis.com\/tunisie\/2024\/09\/21\/janes-prevoit-des-tensions-en-tunisie-lors-des-presidentielles\/#primaryimage"},"image":{"@id":"https:\/\/kapitalis.com\/tunisie\/2024\/09\/21\/janes-prevoit-des-tensions-en-tunisie-lors-des-presidentielles\/#primaryimage"},"thumbnailUrl":"https:\/\/kapitalis.com\/tunisie\/wp-content\/uploads\/2024\/05\/Manifestation-anti-migrants-Jebeniana.jpg","datePublished":"2024-09-21T09:33:40+00:00","dateModified":"2024-09-21T09:42:08+00:00","breadcrumb":{"@id":"https:\/\/kapitalis.com\/tunisie\/2024\/09\/21\/janes-prevoit-des-tensions-en-tunisie-lors-des-presidentielles\/#breadcrumb"},"inLanguage":"fr-FR","potentialAction":[{"@type":"ReadAction","target":["https:\/\/kapitalis.com\/tunisie\/2024\/09\/21\/janes-prevoit-des-tensions-en-tunisie-lors-des-presidentielles\/"]}]},{"@type":"ImageObject","inLanguage":"fr-FR","@id":"https:\/\/kapitalis.com\/tunisie\/2024\/09\/21\/janes-prevoit-des-tensions-en-tunisie-lors-des-presidentielles\/#primaryimage","url":"https:\/\/kapitalis.com\/tunisie\/wp-content\/uploads\/2024\/05\/Manifestation-anti-migrants-Jebeniana.jpg","contentUrl":"https:\/\/kapitalis.com\/tunisie\/wp-content\/uploads\/2024\/05\/Manifestation-anti-migrants-Jebeniana.jpg","width":1200,"height":630},{"@type":"BreadcrumbList","@id":"https:\/\/kapitalis.com\/tunisie\/2024\/09\/21\/janes-prevoit-des-tensions-en-tunisie-lors-des-presidentielles\/#breadcrumb","itemListElement":[{"@type":"ListItem","position":1,"name":"Accueil","item":"https:\/\/kapitalis.com\/tunisie\/"},{"@type":"ListItem","position":2,"name":"Janes pr\u00e9voit des tensions en Tunisie lors des pr\u00e9sidentielles \u00a0"}]},{"@type":"WebSite","@id":"https:\/\/kapitalis.com\/tunisie\/#website","url":"https:\/\/kapitalis.com\/tunisie\/","name":"Kapitalis","description":"L&#039;actualit\u00e9 en Tunisie et dans le monde","publisher":{"@id":"https:\/\/kapitalis.com\/tunisie\/#organization"},"potentialAction":[{"@type":"SearchAction","target":{"@type":"EntryPoint","urlTemplate":"https:\/\/kapitalis.com\/tunisie\/?s={search_term_string}"},"query-input":{"@type":"PropertyValueSpecification","valueRequired":true,"valueName":"search_term_string"}}],"inLanguage":"fr-FR"},{"@type":"Organization","@id":"https:\/\/kapitalis.com\/tunisie\/#organization","name":"Kapitalis","url":"https:\/\/kapitalis.com\/tunisie\/","logo":{"@type":"ImageObject","inLanguage":"fr-FR","@id":"https:\/\/kapitalis.com\/tunisie\/#\/schema\/logo\/image\/","url":"https:\/\/kapitalis.com\/tunisie\/wp-content\/uploads\/2022\/05\/Kapitalis-big-size.png","contentUrl":"https:\/\/kapitalis.com\/tunisie\/wp-content\/uploads\/2022\/05\/Kapitalis-big-size.png","width":5000,"height":1500,"caption":"Kapitalis"},"image":{"@id":"https:\/\/kapitalis.com\/tunisie\/#\/schema\/logo\/image\/"},"sameAs":["https:\/\/www.facebook.com\/KapitalisInfo\/","https:\/\/x.com\/KapitalisInfo","https:\/\/www.youtube.com\/channel\/UC-yDYrHyfFBWWZaOw3FPg9Q"]},{"@type":"Person","@id":"https:\/\/kapitalis.com\/tunisie\/#\/schema\/person\/d71f33a9ca44f7bad4698210b480c8e9","name":"webmaster kapitalis","url":"https:\/\/kapitalis.com\/tunisie\/author\/webmaster-kapitalis\/"}]}},"_links":{"self":[{"href":"https:\/\/kapitalis.com\/tunisie\/wp-json\/wp\/v2\/posts\/14032063","targetHints":{"allow":["GET"]}}],"collection":[{"href":"https:\/\/kapitalis.com\/tunisie\/wp-json\/wp\/v2\/posts"}],"about":[{"href":"https:\/\/kapitalis.com\/tunisie\/wp-json\/wp\/v2\/types\/post"}],"author":[{"embeddable":true,"href":"https:\/\/kapitalis.com\/tunisie\/wp-json\/wp\/v2\/users\/8"}],"replies":[{"embeddable":true,"href":"https:\/\/kapitalis.com\/tunisie\/wp-json\/wp\/v2\/comments?post=14032063"}],"version-history":[{"count":2,"href":"https:\/\/kapitalis.com\/tunisie\/wp-json\/wp\/v2\/posts\/14032063\/revisions"}],"predecessor-version":[{"id":14032137,"href":"https:\/\/kapitalis.com\/tunisie\/wp-json\/wp\/v2\/posts\/14032063\/revisions\/14032137"}],"wp:featuredmedia":[{"embeddable":true,"href":"https:\/\/kapitalis.com\/tunisie\/wp-json\/wp\/v2\/media\/12880488"}],"wp:attachment":[{"href":"https:\/\/kapitalis.com\/tunisie\/wp-json\/wp\/v2\/media?parent=14032063"}],"wp:term":[{"taxonomy":"category","embeddable":true,"href":"https:\/\/kapitalis.com\/tunisie\/wp-json\/wp\/v2\/categories?post=14032063"},{"taxonomy":"post_tag","embeddable":true,"href":"https:\/\/kapitalis.com\/tunisie\/wp-json\/wp\/v2\/tags?post=14032063"}],"curies":[{"name":"wp","href":"https:\/\/api.w.org\/{rel}","templated":true}]}}