{"id":14032444,"date":"2024-09-21T11:59:13","date_gmt":"2024-09-21T10:59:13","guid":{"rendered":"https:\/\/kapitalis.com\/tunisie\/?p=14032444"},"modified":"2024-09-21T11:59:15","modified_gmt":"2024-09-21T10:59:15","slug":"le-pdl-organise-une-marche-nationale-de-protestation-le-28-septembre-a-tunis","status":"publish","type":"post","link":"https:\/\/kapitalis.com\/tunisie\/2024\/09\/21\/le-pdl-organise-une-marche-nationale-de-protestation-le-28-septembre-a-tunis\/","title":{"rendered":"Le PDL organise une \u00abmarche nationale de protestation\u00bb le 28 septembre \u00e0 Tunis"},"content":{"rendered":"\n<p><strong><em>Le Parti destourien libre (PDL) a annonc\u00e9 dans un communiqu\u00e9 publi\u00e9 hier, vendredi 20 septembre 2024, l\u2019organisation d\u2019une marche nationale de protestation contre les d\u00e9passements ayant entach\u00e9 le processus \u00e9lectoral de la pr\u00e9sidentielle du 6 octobre prochain.<\/em><\/strong><\/p>\n\n\n\n<!--more-->\n\n\n\n<p>Cette marche, fix\u00e9e au 28 septembre 2024, prendra le d\u00e9part de la place Bab Souika, dans le quartier populaire consid\u00e9r\u00e9 comme le fief historique du parti du N\u00e9o-Destour, dont le PDL se r\u00e9clame, en direction de l\u2019avenue Bab Benat o\u00f9 se trouve le palais du gouvernement, diff\u00e9rents minist\u00e8res (Finance, Education, Affaires sociales, Affaires culturelles, D\u00e9fense et Justice).<\/p>\n\n\n\n<p>La marche sera marqu\u00e9e par un sit-in de protestation devant le Palais de Justice de Tunis pour que les marcheurs puissent exprimer leur solidarit\u00e9 avec l\u2019avocate Abir Moussi, pr\u00e9sidente du parti, incarc\u00e9r\u00e9e depuis le 3 octobre 2023 et poursuivie dans plusieurs affaires que ses partisans consid\u00e8rent comme mont\u00e9es de toutes pi\u00e8ces pour l\u2019emp\u00eacher de pr\u00e9senter sa candidature \u00e0 la pr\u00e9sidentielle du 6 octobre. \u00a0<\/p>\n\n\n\n<p>Le communiqu\u00e9 du PDL d\u00e9nonce, pour la \u00e9ni\u00e8me fois, <em>\u00abl\u2019injustice judiciaire, politique et humaine\u00bb<\/em> impos\u00e9e \u00e0 sa pr\u00e9sidente et une autre dirigeante, Meriem Sassi, en d\u00e9tention depuis mars dernier et qui a \u00e9t\u00e9 condamn\u00e9e le 30 mai \u00e0 8 mois de prison. <\/p>\n\n\n\n<p>Le parti r\u00e9it\u00e8re sa d\u00e9fense du<em> \u00abdroit des militants politiques, des journalistes, des syndicalistes et des diff\u00e9rentes composantes de la soci\u00e9t\u00e9 civile attach\u00e9s \u00e0 la r\u00e9publique civile et aux droits reconnus par l\u2019Etat de l\u2019ind\u00e9pendance \u00e0 l\u2019action politique et \u00e0 la libre expression, sans r\u00e9pression ni restrictions, ainsi qu\u2019au droit du peuple tunisien \u00e0 jouir de ses droits constitutionnels internationalement reconnus\u00bb.<\/em><\/p>\n\n\n\n<p>Le PDL a par ailleurs renouvel\u00e9, dans le m\u00eame communiqu\u00e9, son droit d\u2019organiser des mouvements populaires pacifiques et l\u00e9gitimes conform\u00e9ment \u00e0 la loi.<\/p>\n\n\n\n<p class=\"has-text-align-right\"><strong>I. B.<\/strong><\/p>\n\n\n<div class=\"wp-block-image\">\n<figure class=\"aligncenter size-full\"><img loading=\"lazy\" decoding=\"async\" width=\"800\" height=\"700\" src=\"https:\/\/kapitalis.com\/tunisie\/wp-content\/uploads\/2024\/09\/Post-PDL.jpg\" alt=\"\" class=\"wp-image-14032448\" srcset=\"https:\/\/kapitalis.com\/tunisie\/wp-content\/uploads\/2024\/09\/Post-PDL.jpg 800w, https:\/\/kapitalis.com\/tunisie\/wp-content\/uploads\/2024\/09\/Post-PDL-300x263.jpg 300w, https:\/\/kapitalis.com\/tunisie\/wp-content\/uploads\/2024\/09\/Post-PDL-768x672.jpg 768w, https:\/\/kapitalis.com\/tunisie\/wp-content\/uploads\/2024\/09\/Post-PDL-580x508.jpg 580w\" sizes=\"auto, (max-width: 800px) 100vw, 800px\" \/><\/figure>\n<\/div>\n\n\n<p><\/p>\n","protected":false},"excerpt":{"rendered":"<p>Le PDL organisation d\u2019une marche nationale de protestation contre les d\u00e9passements ayant entach\u00e9 le processus \u00e9lectoral de la pr\u00e9sidentielle du 6 octobre prochain.<\/p>\n","protected":false},"author":8,"featured_media":14032457,"comment_status":"closed","ping_status":"open","sticky":false,"template":"","format":"standard","meta":{"footnotes":""},"categories":[997,2433],"tags":[15144,3345,111322,33536,62643],"class_list":["post-14032444","post","type-post","status-publish","format-standard","has-post-thumbnail","hentry","category-politique","category-tunisie","tag-abir-moussi","tag-destouriens","tag-meriem-sassi","tag-pdl","tag-tunisie"],"yoast_head":"<!-- This site is optimized with the Yoast SEO plugin v26.6 - https:\/\/yoast.com\/wordpress\/plugins\/seo\/ -->\n<title>Le PDL organise une \u00abmarche nationale de protestation\u00bb le 28 septembre \u00e0 Tunis - Kapitalis<\/title>\n<meta name=\"robots\" content=\"index, follow, max-snippet:-1, max-image-preview:large, max-video-preview:-1\" \/>\n<link rel=\"canonical\" href=\"https:\/\/kapitalis.com\/tunisie\/2024\/09\/21\/le-pdl-organise-une-marche-nationale-de-protestation-le-28-septembre-a-tunis\/\" \/>\n<meta property=\"og:locale\" content=\"fr_FR\" \/>\n<meta property=\"og:type\" content=\"article\" \/>\n<meta property=\"og:title\" content=\"Le PDL organise une \u00abmarche nationale de protestation\u00bb le 28 septembre \u00e0 Tunis - Kapitalis\" \/>\n<meta property=\"og:description\" content=\"Le PDL organisation d\u2019une marche nationale de protestation contre les d\u00e9passements ayant entach\u00e9 le processus \u00e9lectoral de la pr\u00e9sidentielle du 6 octobre prochain.\" \/>\n<meta property=\"og:url\" content=\"https:\/\/kapitalis.com\/tunisie\/2024\/09\/21\/le-pdl-organise-une-marche-nationale-de-protestation-le-28-septembre-a-tunis\/\" \/>\n<meta property=\"og:site_name\" content=\"Kapitalis\" \/>\n<meta property=\"article:publisher\" content=\"https:\/\/www.facebook.com\/KapitalisInfo\/\" \/>\n<meta property=\"article:published_time\" content=\"2024-09-21T10:59:13+00:00\" \/>\n<meta property=\"article:modified_time\" content=\"2024-09-21T10:59:15+00:00\" \/>\n<meta property=\"og:image\" content=\"https:\/\/kapitalis.com\/tunisie\/wp-content\/uploads\/2024\/09\/PDL-Destourien.jpg\" \/>\n\t<meta property=\"og:image:width\" content=\"1200\" \/>\n\t<meta property=\"og:image:height\" content=\"630\" \/>\n\t<meta property=\"og:image:type\" content=\"image\/jpeg\" \/>\n<meta name=\"author\" content=\"webmaster kapitalis\" \/>\n<meta name=\"twitter:card\" content=\"summary_large_image\" \/>\n<meta name=\"twitter:creator\" content=\"@KapitalisInfo\" \/>\n<meta name=\"twitter:site\" content=\"@KapitalisInfo\" \/>\n<meta name=\"twitter:label1\" content=\"\u00c9crit par\" \/>\n\t<meta name=\"twitter:data1\" content=\"webmaster kapitalis\" \/>\n\t<meta name=\"twitter:label2\" content=\"Dur\u00e9e de lecture estim\u00e9e\" \/>\n\t<meta name=\"twitter:data2\" content=\"2 minutes\" \/>\n<script type=\"application\/ld+json\" class=\"yoast-schema-graph\">{\"@context\":\"https:\/\/schema.org\",\"@graph\":[{\"@type\":\"Article\",\"@id\":\"https:\/\/kapitalis.com\/tunisie\/2024\/09\/21\/le-pdl-organise-une-marche-nationale-de-protestation-le-28-septembre-a-tunis\/#article\",\"isPartOf\":{\"@id\":\"https:\/\/kapitalis.com\/tunisie\/2024\/09\/21\/le-pdl-organise-une-marche-nationale-de-protestation-le-28-septembre-a-tunis\/\"},\"author\":{\"name\":\"webmaster kapitalis\",\"@id\":\"https:\/\/kapitalis.com\/tunisie\/#\/schema\/person\/d71f33a9ca44f7bad4698210b480c8e9\"},\"headline\":\"Le PDL organise une \u00abmarche nationale de protestation\u00bb le 28 septembre \u00e0 Tunis\",\"datePublished\":\"2024-09-21T10:59:13+00:00\",\"dateModified\":\"2024-09-21T10:59:15+00:00\",\"mainEntityOfPage\":{\"@id\":\"https:\/\/kapitalis.com\/tunisie\/2024\/09\/21\/le-pdl-organise-une-marche-nationale-de-protestation-le-28-septembre-a-tunis\/\"},\"wordCount\":327,\"publisher\":{\"@id\":\"https:\/\/kapitalis.com\/tunisie\/#organization\"},\"image\":{\"@id\":\"https:\/\/kapitalis.com\/tunisie\/2024\/09\/21\/le-pdl-organise-une-marche-nationale-de-protestation-le-28-septembre-a-tunis\/#primaryimage\"},\"thumbnailUrl\":\"https:\/\/kapitalis.com\/tunisie\/wp-content\/uploads\/2024\/09\/PDL-Destourien.jpg\",\"keywords\":[\"Abir Moussi\",\"destouriens\",\"Meriem Sassi\",\"PDL\",\"Tunisie\"],\"articleSection\":[\"POLITIQUE\",\"Tunisie\"],\"inLanguage\":\"fr-FR\"},{\"@type\":\"WebPage\",\"@id\":\"https:\/\/kapitalis.com\/tunisie\/2024\/09\/21\/le-pdl-organise-une-marche-nationale-de-protestation-le-28-septembre-a-tunis\/\",\"url\":\"https:\/\/kapitalis.com\/tunisie\/2024\/09\/21\/le-pdl-organise-une-marche-nationale-de-protestation-le-28-septembre-a-tunis\/\",\"name\":\"Le PDL organise une \u00abmarche nationale de protestation\u00bb le 28 septembre \u00e0 Tunis - Kapitalis\",\"isPartOf\":{\"@id\":\"https:\/\/kapitalis.com\/tunisie\/#website\"},\"primaryImageOfPage\":{\"@id\":\"https:\/\/kapitalis.com\/tunisie\/2024\/09\/21\/le-pdl-organise-une-marche-nationale-de-protestation-le-28-septembre-a-tunis\/#primaryimage\"},\"image\":{\"@id\":\"https:\/\/kapitalis.com\/tunisie\/2024\/09\/21\/le-pdl-organise-une-marche-nationale-de-protestation-le-28-septembre-a-tunis\/#primaryimage\"},\"thumbnailUrl\":\"https:\/\/kapitalis.com\/tunisie\/wp-content\/uploads\/2024\/09\/PDL-Destourien.jpg\",\"datePublished\":\"2024-09-21T10:59:13+00:00\",\"dateModified\":\"2024-09-21T10:59:15+00:00\",\"breadcrumb\":{\"@id\":\"https:\/\/kapitalis.com\/tunisie\/2024\/09\/21\/le-pdl-organise-une-marche-nationale-de-protestation-le-28-septembre-a-tunis\/#breadcrumb\"},\"inLanguage\":\"fr-FR\",\"potentialAction\":[{\"@type\":\"ReadAction\",\"target\":[\"https:\/\/kapitalis.com\/tunisie\/2024\/09\/21\/le-pdl-organise-une-marche-nationale-de-protestation-le-28-septembre-a-tunis\/\"]}]},{\"@type\":\"ImageObject\",\"inLanguage\":\"fr-FR\",\"@id\":\"https:\/\/kapitalis.com\/tunisie\/2024\/09\/21\/le-pdl-organise-une-marche-nationale-de-protestation-le-28-septembre-a-tunis\/#primaryimage\",\"url\":\"https:\/\/kapitalis.com\/tunisie\/wp-content\/uploads\/2024\/09\/PDL-Destourien.jpg\",\"contentUrl\":\"https:\/\/kapitalis.com\/tunisie\/wp-content\/uploads\/2024\/09\/PDL-Destourien.jpg\",\"width\":1200,\"height\":630},{\"@type\":\"BreadcrumbList\",\"@id\":\"https:\/\/kapitalis.com\/tunisie\/2024\/09\/21\/le-pdl-organise-une-marche-nationale-de-protestation-le-28-septembre-a-tunis\/#breadcrumb\",\"itemListElement\":[{\"@type\":\"ListItem\",\"position\":1,\"name\":\"Accueil\",\"item\":\"https:\/\/kapitalis.com\/tunisie\/\"},{\"@type\":\"ListItem\",\"position\":2,\"name\":\"Le PDL organise une \u00abmarche nationale de protestation\u00bb le 28 septembre \u00e0 Tunis\"}]},{\"@type\":\"WebSite\",\"@id\":\"https:\/\/kapitalis.com\/tunisie\/#website\",\"url\":\"https:\/\/kapitalis.com\/tunisie\/\",\"name\":\"Kapitalis\",\"description\":\"L&#039;actualit\u00e9 en Tunisie et dans le monde\",\"publisher\":{\"@id\":\"https:\/\/kapitalis.com\/tunisie\/#organization\"},\"potentialAction\":[{\"@type\":\"SearchAction\",\"target\":{\"@type\":\"EntryPoint\",\"urlTemplate\":\"https:\/\/kapitalis.com\/tunisie\/?s={search_term_string}\"},\"query-input\":{\"@type\":\"PropertyValueSpecification\",\"valueRequired\":true,\"valueName\":\"search_term_string\"}}],\"inLanguage\":\"fr-FR\"},{\"@type\":\"Organization\",\"@id\":\"https:\/\/kapitalis.com\/tunisie\/#organization\",\"name\":\"Kapitalis\",\"url\":\"https:\/\/kapitalis.com\/tunisie\/\",\"logo\":{\"@type\":\"ImageObject\",\"inLanguage\":\"fr-FR\",\"@id\":\"https:\/\/kapitalis.com\/tunisie\/#\/schema\/logo\/image\/\",\"url\":\"https:\/\/kapitalis.com\/tunisie\/wp-content\/uploads\/2022\/05\/Kapitalis-big-size.png\",\"contentUrl\":\"https:\/\/kapitalis.com\/tunisie\/wp-content\/uploads\/2022\/05\/Kapitalis-big-size.png\",\"width\":5000,\"height\":1500,\"caption\":\"Kapitalis\"},\"image\":{\"@id\":\"https:\/\/kapitalis.com\/tunisie\/#\/schema\/logo\/image\/\"},\"sameAs\":[\"https:\/\/www.facebook.com\/KapitalisInfo\/\",\"https:\/\/x.com\/KapitalisInfo\",\"https:\/\/www.youtube.com\/channel\/UC-yDYrHyfFBWWZaOw3FPg9Q\"]},{\"@type\":\"Person\",\"@id\":\"https:\/\/kapitalis.com\/tunisie\/#\/schema\/person\/d71f33a9ca44f7bad4698210b480c8e9\",\"name\":\"webmaster kapitalis\",\"url\":\"https:\/\/kapitalis.com\/tunisie\/author\/webmaster-kapitalis\/\"}]}<\/script>\n<!-- \/ Yoast SEO plugin. -->","yoast_head_json":{"title":"Le PDL organise une \u00abmarche nationale de protestation\u00bb le 28 septembre \u00e0 Tunis - Kapitalis","robots":{"index":"index","follow":"follow","max-snippet":"max-snippet:-1","max-image-preview":"max-image-preview:large","max-video-preview":"max-video-preview:-1"},"canonical":"https:\/\/kapitalis.com\/tunisie\/2024\/09\/21\/le-pdl-organise-une-marche-nationale-de-protestation-le-28-septembre-a-tunis\/","og_locale":"fr_FR","og_type":"article","og_title":"Le PDL organise une \u00abmarche nationale de protestation\u00bb le 28 septembre \u00e0 Tunis - Kapitalis","og_description":"Le PDL organisation d\u2019une marche nationale de protestation contre les d\u00e9passements ayant entach\u00e9 le processus \u00e9lectoral de la pr\u00e9sidentielle du 6 octobre prochain.","og_url":"https:\/\/kapitalis.com\/tunisie\/2024\/09\/21\/le-pdl-organise-une-marche-nationale-de-protestation-le-28-septembre-a-tunis\/","og_site_name":"Kapitalis","article_publisher":"https:\/\/www.facebook.com\/KapitalisInfo\/","article_published_time":"2024-09-21T10:59:13+00:00","article_modified_time":"2024-09-21T10:59:15+00:00","og_image":[{"width":1200,"height":630,"url":"https:\/\/kapitalis.com\/tunisie\/wp-content\/uploads\/2024\/09\/PDL-Destourien.jpg","type":"image\/jpeg"}],"author":"webmaster kapitalis","twitter_card":"summary_large_image","twitter_creator":"@KapitalisInfo","twitter_site":"@KapitalisInfo","twitter_misc":{"\u00c9crit par":"webmaster kapitalis","Dur\u00e9e de lecture estim\u00e9e":"2 minutes"},"schema":{"@context":"https:\/\/schema.org","@graph":[{"@type":"Article","@id":"https:\/\/kapitalis.com\/tunisie\/2024\/09\/21\/le-pdl-organise-une-marche-nationale-de-protestation-le-28-septembre-a-tunis\/#article","isPartOf":{"@id":"https:\/\/kapitalis.com\/tunisie\/2024\/09\/21\/le-pdl-organise-une-marche-nationale-de-protestation-le-28-septembre-a-tunis\/"},"author":{"name":"webmaster kapitalis","@id":"https:\/\/kapitalis.com\/tunisie\/#\/schema\/person\/d71f33a9ca44f7bad4698210b480c8e9"},"headline":"Le PDL organise une \u00abmarche nationale de protestation\u00bb le 28 septembre \u00e0 Tunis","datePublished":"2024-09-21T10:59:13+00:00","dateModified":"2024-09-21T10:59:15+00:00","mainEntityOfPage":{"@id":"https:\/\/kapitalis.com\/tunisie\/2024\/09\/21\/le-pdl-organise-une-marche-nationale-de-protestation-le-28-septembre-a-tunis\/"},"wordCount":327,"publisher":{"@id":"https:\/\/kapitalis.com\/tunisie\/#organization"},"image":{"@id":"https:\/\/kapitalis.com\/tunisie\/2024\/09\/21\/le-pdl-organise-une-marche-nationale-de-protestation-le-28-septembre-a-tunis\/#primaryimage"},"thumbnailUrl":"https:\/\/kapitalis.com\/tunisie\/wp-content\/uploads\/2024\/09\/PDL-Destourien.jpg","keywords":["Abir Moussi","destouriens","Meriem Sassi","PDL","Tunisie"],"articleSection":["POLITIQUE","Tunisie"],"inLanguage":"fr-FR"},{"@type":"WebPage","@id":"https:\/\/kapitalis.com\/tunisie\/2024\/09\/21\/le-pdl-organise-une-marche-nationale-de-protestation-le-28-septembre-a-tunis\/","url":"https:\/\/kapitalis.com\/tunisie\/2024\/09\/21\/le-pdl-organise-une-marche-nationale-de-protestation-le-28-septembre-a-tunis\/","name":"Le PDL organise une \u00abmarche nationale de protestation\u00bb le 28 septembre \u00e0 Tunis - Kapitalis","isPartOf":{"@id":"https:\/\/kapitalis.com\/tunisie\/#website"},"primaryImageOfPage":{"@id":"https:\/\/kapitalis.com\/tunisie\/2024\/09\/21\/le-pdl-organise-une-marche-nationale-de-protestation-le-28-septembre-a-tunis\/#primaryimage"},"image":{"@id":"https:\/\/kapitalis.com\/tunisie\/2024\/09\/21\/le-pdl-organise-une-marche-nationale-de-protestation-le-28-septembre-a-tunis\/#primaryimage"},"thumbnailUrl":"https:\/\/kapitalis.com\/tunisie\/wp-content\/uploads\/2024\/09\/PDL-Destourien.jpg","datePublished":"2024-09-21T10:59:13+00:00","dateModified":"2024-09-21T10:59:15+00:00","breadcrumb":{"@id":"https:\/\/kapitalis.com\/tunisie\/2024\/09\/21\/le-pdl-organise-une-marche-nationale-de-protestation-le-28-septembre-a-tunis\/#breadcrumb"},"inLanguage":"fr-FR","potentialAction":[{"@type":"ReadAction","target":["https:\/\/kapitalis.com\/tunisie\/2024\/09\/21\/le-pdl-organise-une-marche-nationale-de-protestation-le-28-septembre-a-tunis\/"]}]},{"@type":"ImageObject","inLanguage":"fr-FR","@id":"https:\/\/kapitalis.com\/tunisie\/2024\/09\/21\/le-pdl-organise-une-marche-nationale-de-protestation-le-28-septembre-a-tunis\/#primaryimage","url":"https:\/\/kapitalis.com\/tunisie\/wp-content\/uploads\/2024\/09\/PDL-Destourien.jpg","contentUrl":"https:\/\/kapitalis.com\/tunisie\/wp-content\/uploads\/2024\/09\/PDL-Destourien.jpg","width":1200,"height":630},{"@type":"BreadcrumbList","@id":"https:\/\/kapitalis.com\/tunisie\/2024\/09\/21\/le-pdl-organise-une-marche-nationale-de-protestation-le-28-septembre-a-tunis\/#breadcrumb","itemListElement":[{"@type":"ListItem","position":1,"name":"Accueil","item":"https:\/\/kapitalis.com\/tunisie\/"},{"@type":"ListItem","position":2,"name":"Le PDL organise une \u00abmarche nationale de protestation\u00bb le 28 septembre \u00e0 Tunis"}]},{"@type":"WebSite","@id":"https:\/\/kapitalis.com\/tunisie\/#website","url":"https:\/\/kapitalis.com\/tunisie\/","name":"Kapitalis","description":"L&#039;actualit\u00e9 en Tunisie et dans le monde","publisher":{"@id":"https:\/\/kapitalis.com\/tunisie\/#organization"},"potentialAction":[{"@type":"SearchAction","target":{"@type":"EntryPoint","urlTemplate":"https:\/\/kapitalis.com\/tunisie\/?s={search_term_string}"},"query-input":{"@type":"PropertyValueSpecification","valueRequired":true,"valueName":"search_term_string"}}],"inLanguage":"fr-FR"},{"@type":"Organization","@id":"https:\/\/kapitalis.com\/tunisie\/#organization","name":"Kapitalis","url":"https:\/\/kapitalis.com\/tunisie\/","logo":{"@type":"ImageObject","inLanguage":"fr-FR","@id":"https:\/\/kapitalis.com\/tunisie\/#\/schema\/logo\/image\/","url":"https:\/\/kapitalis.com\/tunisie\/wp-content\/uploads\/2022\/05\/Kapitalis-big-size.png","contentUrl":"https:\/\/kapitalis.com\/tunisie\/wp-content\/uploads\/2022\/05\/Kapitalis-big-size.png","width":5000,"height":1500,"caption":"Kapitalis"},"image":{"@id":"https:\/\/kapitalis.com\/tunisie\/#\/schema\/logo\/image\/"},"sameAs":["https:\/\/www.facebook.com\/KapitalisInfo\/","https:\/\/x.com\/KapitalisInfo","https:\/\/www.youtube.com\/channel\/UC-yDYrHyfFBWWZaOw3FPg9Q"]},{"@type":"Person","@id":"https:\/\/kapitalis.com\/tunisie\/#\/schema\/person\/d71f33a9ca44f7bad4698210b480c8e9","name":"webmaster kapitalis","url":"https:\/\/kapitalis.com\/tunisie\/author\/webmaster-kapitalis\/"}]}},"_links":{"self":[{"href":"https:\/\/kapitalis.com\/tunisie\/wp-json\/wp\/v2\/posts\/14032444","targetHints":{"allow":["GET"]}}],"collection":[{"href":"https:\/\/kapitalis.com\/tunisie\/wp-json\/wp\/v2\/posts"}],"about":[{"href":"https:\/\/kapitalis.com\/tunisie\/wp-json\/wp\/v2\/types\/post"}],"author":[{"embeddable":true,"href":"https:\/\/kapitalis.com\/tunisie\/wp-json\/wp\/v2\/users\/8"}],"replies":[{"embeddable":true,"href":"https:\/\/kapitalis.com\/tunisie\/wp-json\/wp\/v2\/comments?post=14032444"}],"version-history":[{"count":1,"href":"https:\/\/kapitalis.com\/tunisie\/wp-json\/wp\/v2\/posts\/14032444\/revisions"}],"predecessor-version":[{"id":14032485,"href":"https:\/\/kapitalis.com\/tunisie\/wp-json\/wp\/v2\/posts\/14032444\/revisions\/14032485"}],"wp:featuredmedia":[{"embeddable":true,"href":"https:\/\/kapitalis.com\/tunisie\/wp-json\/wp\/v2\/media\/14032457"}],"wp:attachment":[{"href":"https:\/\/kapitalis.com\/tunisie\/wp-json\/wp\/v2\/media?parent=14032444"}],"wp:term":[{"taxonomy":"category","embeddable":true,"href":"https:\/\/kapitalis.com\/tunisie\/wp-json\/wp\/v2\/categories?post=14032444"},{"taxonomy":"post_tag","embeddable":true,"href":"https:\/\/kapitalis.com\/tunisie\/wp-json\/wp\/v2\/tags?post=14032444"}],"curies":[{"name":"wp","href":"https:\/\/api.w.org\/{rel}","templated":true}]}}