{"id":140438,"date":"2018-02-24T13:21:11","date_gmt":"2018-02-24T12:21:11","guid":{"rendered":"http:\/\/kapitalis.com\/tunisie\/?p=140438"},"modified":"2018-02-24T13:21:11","modified_gmt":"2018-02-24T12:21:11","slug":"football-esperance-de-tunis-nouveau-a-laxe-central","status":"publish","type":"post","link":"https:\/\/kapitalis.com\/tunisie\/2018\/02\/24\/football-esperance-de-tunis-nouveau-a-laxe-central\/","title":{"rendered":"Football-Esp\u00e9rance de Tunis : Un nouveau \u00e0 l\u2019axe central ?"},"content":{"rendered":"<p style=\"text-align: center;\"><img loading=\"lazy\" decoding=\"async\" class=\"alignnone size-full wp-image-137248\" src=\"http:\/\/kapitalis.com\/tunisie\/wp-content\/uploads\/2018\/02\/Khaled-Ben-Yahia.jpg\" alt=\"\" width=\"626\" height=\"380\" \/><\/p>\n<p style=\"text-align: center;\"><em>Khaled Ben Yahia doit reconstituer toute la ligne de la d\u00e9fense de l&rsquo;esp\u00e9rance.\u00a0<\/em><\/p>\n<p><em><strong>Chamseddine Dhaouadi suspendu, <a href=\"http:\/\/kapitalis.com\/tunisie\/2018\/02\/17\/football-esperance-saison-terminee-ali-machani\/\">Ali Machani<\/a> et <a href=\"http:\/\/kapitalis.com\/tunisie\/2018\/02\/22\/esperance-trois-semaines-de-repos-montassar-talbi\/\">Montassar Talbi<\/a> bless\u00e9s, Khaled Ben Yahia fera appel \u00e0 un nouveau, Mohamed Aziz Boucetta.<\/strong> <\/em><\/p>\n<p><!--more--><\/p>\n<p>Oblig\u00e9 de recomposer sa d\u00e9fense en vue du prochain match hors de ses bases, jeudi 1er mars 2018, \u00e0 14 h, face \u00e0 l\u2019Union sportive monastirienne (USMo), comptant pour la 20e journ\u00e9e de Ligue1 de football, l\u2019entra\u00eeneur de l\u2019Esp\u00e9rance sportive de Tunis (EST) se trouve devant un vrai casse-t\u00eate, d\u2019autant que Frank Kom, le milieu de terrain en grande forme, est suspendu pour avoir totalis\u00e9 3 avertissements.<\/p>\n<p>Aussi pense-t-il faire appel \u00e0 Mohamed Aziz Boucetta, un jeune d\u00e9fenseur qui avait sign\u00e9 son premier contrat pro de 5 ans en octobre 2016. Il devrait \u00eatre associ\u00e9 \u00e0 Houcine Rabii qui a jou\u00e9 aux c\u00f4t\u00e9s de Chamseddine Dhaouadi contre l\u2019\u00e9quipe mauritanienne de l\u2019ASAC Concorde, mercredi 21 f\u00e9vrier, pour le compte du premier tour retour de la Ligue des champions.<\/p>\n<p>L\u2019entra\u00eeneur de l\u2019EST a accord\u00e9 deux jours de repos \u00e0 ses joueurs avant la reprise des entra\u00eenements, aujourd\u2019hui, samedi 24 f\u00e9vrier, en vue du match face \u00e0 l\u2019USMo, les <em>\u00abSang et or\u00bb<\/em> n\u2019\u00e9tant pas concern\u00e9s par les huiti\u00e8mes de finale de la Coupe de Tunisie qui se d\u00e9roulent ce weekend.<\/p>\n<p style=\"text-align: right;\"><strong>H. M.<\/strong><\/p>\n<blockquote class=\"wp-embedded-content\" data-secret=\"mA5XYBfhZn\"><p><a href=\"https:\/\/kapitalis.com\/tunisie\/2018\/02\/20\/football-esperance-defense-decimee-face-a-lus-monastir\/\">Football-Esp\u00e9rance : Une d\u00e9fense d\u00e9cim\u00e9e face \u00e0 l\u2019US Monastir<\/a><\/p><\/blockquote>\n<p><iframe loading=\"lazy\" class=\"wp-embedded-content\" sandbox=\"allow-scripts\" security=\"restricted\" style=\"position: absolute; clip: rect(1px, 1px, 1px, 1px);\" title=\"\u00ab\u00a0Football-Esp\u00e9rance : Une d\u00e9fense d\u00e9cim\u00e9e face \u00e0 l\u2019US Monastir\u00a0\u00bb &#8212; Kapitalis\" src=\"https:\/\/kapitalis.com\/tunisie\/2018\/02\/20\/football-esperance-defense-decimee-face-a-lus-monastir\/embed\/#?secret=Vg7VTzg2M4#?secret=mA5XYBfhZn\" data-secret=\"mA5XYBfhZn\" width=\"600\" height=\"338\" frameborder=\"0\" marginwidth=\"0\" marginheight=\"0\" scrolling=\"no\"><\/iframe><\/p>\n","protected":false},"excerpt":{"rendered":"<p>Khaled Ben Yahia doit reconstituer toute la ligne de la d\u00e9fense de l&rsquo;esp\u00e9rance.\u00a0 Chamseddine Dhaouadi suspendu, Ali Machani et Montassar Talbi bless\u00e9s, Khaled Ben Yahia fera appel \u00e0 un nouveau, Mohamed Aziz Boucetta.<\/p>\n","protected":false},"author":8,"featured_media":0,"comment_status":"open","ping_status":"open","sticky":false,"template":"","format":"standard","meta":{"footnotes":""},"categories":[999,2433],"tags":[31524,32007,3261,31437,36649],"class_list":["post-140438","post","type-post","status-publish","format-standard","hentry","category-sport","category-tunisie","tag-ali-machani","tag-chamseddine-dhaouadi","tag-esperance-sportive-de-tunis","tag-khaled-ben-yahia","tag-montassar-talbi"],"yoast_head":"<!-- This site is optimized with the Yoast SEO plugin v26.6 - https:\/\/yoast.com\/wordpress\/plugins\/seo\/ -->\n<title>Football-Esp\u00e9rance de Tunis : Un nouveau \u00e0 l\u2019axe central ? - Kapitalis<\/title>\n<meta name=\"robots\" content=\"index, follow, max-snippet:-1, max-image-preview:large, max-video-preview:-1\" \/>\n<link rel=\"canonical\" href=\"https:\/\/kapitalis.com\/tunisie\/2018\/02\/24\/football-esperance-de-tunis-nouveau-a-laxe-central\/\" \/>\n<meta property=\"og:locale\" content=\"fr_FR\" \/>\n<meta property=\"og:type\" content=\"article\" \/>\n<meta property=\"og:title\" content=\"Football-Esp\u00e9rance de Tunis : Un nouveau \u00e0 l\u2019axe central ? - Kapitalis\" \/>\n<meta property=\"og:description\" content=\"Khaled Ben Yahia doit reconstituer toute la ligne de la d\u00e9fense de l&rsquo;esp\u00e9rance.\u00a0 Chamseddine Dhaouadi suspendu, Ali Machani et Montassar Talbi bless\u00e9s, Khaled Ben Yahia fera appel \u00e0 un nouveau, Mohamed Aziz Boucetta.\" \/>\n<meta property=\"og:url\" content=\"https:\/\/kapitalis.com\/tunisie\/2018\/02\/24\/football-esperance-de-tunis-nouveau-a-laxe-central\/\" \/>\n<meta property=\"og:site_name\" content=\"Kapitalis\" \/>\n<meta property=\"article:publisher\" content=\"https:\/\/www.facebook.com\/KapitalisInfo\/\" \/>\n<meta property=\"article:published_time\" content=\"2018-02-24T12:21:11+00:00\" \/>\n<meta property=\"og:image\" content=\"http:\/\/kapitalis.com\/tunisie\/wp-content\/uploads\/2018\/02\/Khaled-Ben-Yahia.jpg\" \/>\n<meta name=\"author\" content=\"webmaster kapitalis\" \/>\n<meta name=\"twitter:card\" content=\"summary_large_image\" \/>\n<meta name=\"twitter:creator\" content=\"@KapitalisInfo\" \/>\n<meta name=\"twitter:site\" content=\"@KapitalisInfo\" \/>\n<meta name=\"twitter:label1\" content=\"\u00c9crit par\" \/>\n\t<meta name=\"twitter:data1\" content=\"webmaster kapitalis\" \/>\n\t<meta name=\"twitter:label2\" content=\"Dur\u00e9e de lecture estim\u00e9e\" \/>\n\t<meta name=\"twitter:data2\" content=\"1 minute\" \/>\n<script type=\"application\/ld+json\" class=\"yoast-schema-graph\">{\"@context\":\"https:\/\/schema.org\",\"@graph\":[{\"@type\":\"Article\",\"@id\":\"https:\/\/kapitalis.com\/tunisie\/2018\/02\/24\/football-esperance-de-tunis-nouveau-a-laxe-central\/#article\",\"isPartOf\":{\"@id\":\"https:\/\/kapitalis.com\/tunisie\/2018\/02\/24\/football-esperance-de-tunis-nouveau-a-laxe-central\/\"},\"author\":{\"name\":\"webmaster kapitalis\",\"@id\":\"https:\/\/kapitalis.com\/tunisie\/#\/schema\/person\/d71f33a9ca44f7bad4698210b480c8e9\"},\"headline\":\"Football-Esp\u00e9rance de Tunis : Un nouveau \u00e0 l\u2019axe central ?\",\"datePublished\":\"2018-02-24T12:21:11+00:00\",\"mainEntityOfPage\":{\"@id\":\"https:\/\/kapitalis.com\/tunisie\/2018\/02\/24\/football-esperance-de-tunis-nouveau-a-laxe-central\/\"},\"wordCount\":241,\"commentCount\":1,\"publisher\":{\"@id\":\"https:\/\/kapitalis.com\/tunisie\/#organization\"},\"image\":{\"@id\":\"https:\/\/kapitalis.com\/tunisie\/2018\/02\/24\/football-esperance-de-tunis-nouveau-a-laxe-central\/#primaryimage\"},\"thumbnailUrl\":\"http:\/\/kapitalis.com\/tunisie\/wp-content\/uploads\/2018\/02\/Khaled-Ben-Yahia.jpg\",\"keywords\":[\"Ali Machani\",\"Chamseddine Dhaouadi\",\"Esp\u00e9rance sportive de Tunis\",\"Khaled Ben Yahia\",\"Montassar Talbi\"],\"articleSection\":[\"SPORT\",\"Tunisie\"],\"inLanguage\":\"fr-FR\",\"potentialAction\":[{\"@type\":\"CommentAction\",\"name\":\"Comment\",\"target\":[\"https:\/\/kapitalis.com\/tunisie\/2018\/02\/24\/football-esperance-de-tunis-nouveau-a-laxe-central\/#respond\"]}]},{\"@type\":\"WebPage\",\"@id\":\"https:\/\/kapitalis.com\/tunisie\/2018\/02\/24\/football-esperance-de-tunis-nouveau-a-laxe-central\/\",\"url\":\"https:\/\/kapitalis.com\/tunisie\/2018\/02\/24\/football-esperance-de-tunis-nouveau-a-laxe-central\/\",\"name\":\"Football-Esp\u00e9rance de Tunis : Un nouveau \u00e0 l\u2019axe central ? - Kapitalis\",\"isPartOf\":{\"@id\":\"https:\/\/kapitalis.com\/tunisie\/#website\"},\"primaryImageOfPage\":{\"@id\":\"https:\/\/kapitalis.com\/tunisie\/2018\/02\/24\/football-esperance-de-tunis-nouveau-a-laxe-central\/#primaryimage\"},\"image\":{\"@id\":\"https:\/\/kapitalis.com\/tunisie\/2018\/02\/24\/football-esperance-de-tunis-nouveau-a-laxe-central\/#primaryimage\"},\"thumbnailUrl\":\"http:\/\/kapitalis.com\/tunisie\/wp-content\/uploads\/2018\/02\/Khaled-Ben-Yahia.jpg\",\"datePublished\":\"2018-02-24T12:21:11+00:00\",\"breadcrumb\":{\"@id\":\"https:\/\/kapitalis.com\/tunisie\/2018\/02\/24\/football-esperance-de-tunis-nouveau-a-laxe-central\/#breadcrumb\"},\"inLanguage\":\"fr-FR\",\"potentialAction\":[{\"@type\":\"ReadAction\",\"target\":[\"https:\/\/kapitalis.com\/tunisie\/2018\/02\/24\/football-esperance-de-tunis-nouveau-a-laxe-central\/\"]}]},{\"@type\":\"ImageObject\",\"inLanguage\":\"fr-FR\",\"@id\":\"https:\/\/kapitalis.com\/tunisie\/2018\/02\/24\/football-esperance-de-tunis-nouveau-a-laxe-central\/#primaryimage\",\"url\":\"http:\/\/kapitalis.com\/tunisie\/wp-content\/uploads\/2018\/02\/Khaled-Ben-Yahia.jpg\",\"contentUrl\":\"http:\/\/kapitalis.com\/tunisie\/wp-content\/uploads\/2018\/02\/Khaled-Ben-Yahia.jpg\"},{\"@type\":\"BreadcrumbList\",\"@id\":\"https:\/\/kapitalis.com\/tunisie\/2018\/02\/24\/football-esperance-de-tunis-nouveau-a-laxe-central\/#breadcrumb\",\"itemListElement\":[{\"@type\":\"ListItem\",\"position\":1,\"name\":\"Accueil\",\"item\":\"https:\/\/kapitalis.com\/tunisie\/\"},{\"@type\":\"ListItem\",\"position\":2,\"name\":\"Football-Esp\u00e9rance de Tunis : Un nouveau \u00e0 l\u2019axe central ?\"}]},{\"@type\":\"WebSite\",\"@id\":\"https:\/\/kapitalis.com\/tunisie\/#website\",\"url\":\"https:\/\/kapitalis.com\/tunisie\/\",\"name\":\"Kapitalis\",\"description\":\"L&#039;actualit\u00e9 en Tunisie et dans le monde\",\"publisher\":{\"@id\":\"https:\/\/kapitalis.com\/tunisie\/#organization\"},\"potentialAction\":[{\"@type\":\"SearchAction\",\"target\":{\"@type\":\"EntryPoint\",\"urlTemplate\":\"https:\/\/kapitalis.com\/tunisie\/?s={search_term_string}\"},\"query-input\":{\"@type\":\"PropertyValueSpecification\",\"valueRequired\":true,\"valueName\":\"search_term_string\"}}],\"inLanguage\":\"fr-FR\"},{\"@type\":\"Organization\",\"@id\":\"https:\/\/kapitalis.com\/tunisie\/#organization\",\"name\":\"Kapitalis\",\"url\":\"https:\/\/kapitalis.com\/tunisie\/\",\"logo\":{\"@type\":\"ImageObject\",\"inLanguage\":\"fr-FR\",\"@id\":\"https:\/\/kapitalis.com\/tunisie\/#\/schema\/logo\/image\/\",\"url\":\"https:\/\/kapitalis.com\/tunisie\/wp-content\/uploads\/2022\/05\/Kapitalis-big-size.png\",\"contentUrl\":\"https:\/\/kapitalis.com\/tunisie\/wp-content\/uploads\/2022\/05\/Kapitalis-big-size.png\",\"width\":5000,\"height\":1500,\"caption\":\"Kapitalis\"},\"image\":{\"@id\":\"https:\/\/kapitalis.com\/tunisie\/#\/schema\/logo\/image\/\"},\"sameAs\":[\"https:\/\/www.facebook.com\/KapitalisInfo\/\",\"https:\/\/x.com\/KapitalisInfo\",\"https:\/\/www.youtube.com\/channel\/UC-yDYrHyfFBWWZaOw3FPg9Q\"]},{\"@type\":\"Person\",\"@id\":\"https:\/\/kapitalis.com\/tunisie\/#\/schema\/person\/d71f33a9ca44f7bad4698210b480c8e9\",\"name\":\"webmaster kapitalis\",\"url\":\"https:\/\/kapitalis.com\/tunisie\/author\/webmaster-kapitalis\/\"}]}<\/script>\n<!-- \/ Yoast SEO plugin. -->","yoast_head_json":{"title":"Football-Esp\u00e9rance de Tunis : Un nouveau \u00e0 l\u2019axe central ? - Kapitalis","robots":{"index":"index","follow":"follow","max-snippet":"max-snippet:-1","max-image-preview":"max-image-preview:large","max-video-preview":"max-video-preview:-1"},"canonical":"https:\/\/kapitalis.com\/tunisie\/2018\/02\/24\/football-esperance-de-tunis-nouveau-a-laxe-central\/","og_locale":"fr_FR","og_type":"article","og_title":"Football-Esp\u00e9rance de Tunis : Un nouveau \u00e0 l\u2019axe central ? - Kapitalis","og_description":"Khaled Ben Yahia doit reconstituer toute la ligne de la d\u00e9fense de l&rsquo;esp\u00e9rance.\u00a0 Chamseddine Dhaouadi suspendu, Ali Machani et Montassar Talbi bless\u00e9s, Khaled Ben Yahia fera appel \u00e0 un nouveau, Mohamed Aziz Boucetta.","og_url":"https:\/\/kapitalis.com\/tunisie\/2018\/02\/24\/football-esperance-de-tunis-nouveau-a-laxe-central\/","og_site_name":"Kapitalis","article_publisher":"https:\/\/www.facebook.com\/KapitalisInfo\/","article_published_time":"2018-02-24T12:21:11+00:00","og_image":[{"url":"http:\/\/kapitalis.com\/tunisie\/wp-content\/uploads\/2018\/02\/Khaled-Ben-Yahia.jpg","type":"","width":"","height":""}],"author":"webmaster kapitalis","twitter_card":"summary_large_image","twitter_creator":"@KapitalisInfo","twitter_site":"@KapitalisInfo","twitter_misc":{"\u00c9crit par":"webmaster kapitalis","Dur\u00e9e de lecture estim\u00e9e":"1 minute"},"schema":{"@context":"https:\/\/schema.org","@graph":[{"@type":"Article","@id":"https:\/\/kapitalis.com\/tunisie\/2018\/02\/24\/football-esperance-de-tunis-nouveau-a-laxe-central\/#article","isPartOf":{"@id":"https:\/\/kapitalis.com\/tunisie\/2018\/02\/24\/football-esperance-de-tunis-nouveau-a-laxe-central\/"},"author":{"name":"webmaster kapitalis","@id":"https:\/\/kapitalis.com\/tunisie\/#\/schema\/person\/d71f33a9ca44f7bad4698210b480c8e9"},"headline":"Football-Esp\u00e9rance de Tunis : Un nouveau \u00e0 l\u2019axe central ?","datePublished":"2018-02-24T12:21:11+00:00","mainEntityOfPage":{"@id":"https:\/\/kapitalis.com\/tunisie\/2018\/02\/24\/football-esperance-de-tunis-nouveau-a-laxe-central\/"},"wordCount":241,"commentCount":1,"publisher":{"@id":"https:\/\/kapitalis.com\/tunisie\/#organization"},"image":{"@id":"https:\/\/kapitalis.com\/tunisie\/2018\/02\/24\/football-esperance-de-tunis-nouveau-a-laxe-central\/#primaryimage"},"thumbnailUrl":"http:\/\/kapitalis.com\/tunisie\/wp-content\/uploads\/2018\/02\/Khaled-Ben-Yahia.jpg","keywords":["Ali Machani","Chamseddine Dhaouadi","Esp\u00e9rance sportive de Tunis","Khaled Ben Yahia","Montassar Talbi"],"articleSection":["SPORT","Tunisie"],"inLanguage":"fr-FR","potentialAction":[{"@type":"CommentAction","name":"Comment","target":["https:\/\/kapitalis.com\/tunisie\/2018\/02\/24\/football-esperance-de-tunis-nouveau-a-laxe-central\/#respond"]}]},{"@type":"WebPage","@id":"https:\/\/kapitalis.com\/tunisie\/2018\/02\/24\/football-esperance-de-tunis-nouveau-a-laxe-central\/","url":"https:\/\/kapitalis.com\/tunisie\/2018\/02\/24\/football-esperance-de-tunis-nouveau-a-laxe-central\/","name":"Football-Esp\u00e9rance de Tunis : Un nouveau \u00e0 l\u2019axe central ? - Kapitalis","isPartOf":{"@id":"https:\/\/kapitalis.com\/tunisie\/#website"},"primaryImageOfPage":{"@id":"https:\/\/kapitalis.com\/tunisie\/2018\/02\/24\/football-esperance-de-tunis-nouveau-a-laxe-central\/#primaryimage"},"image":{"@id":"https:\/\/kapitalis.com\/tunisie\/2018\/02\/24\/football-esperance-de-tunis-nouveau-a-laxe-central\/#primaryimage"},"thumbnailUrl":"http:\/\/kapitalis.com\/tunisie\/wp-content\/uploads\/2018\/02\/Khaled-Ben-Yahia.jpg","datePublished":"2018-02-24T12:21:11+00:00","breadcrumb":{"@id":"https:\/\/kapitalis.com\/tunisie\/2018\/02\/24\/football-esperance-de-tunis-nouveau-a-laxe-central\/#breadcrumb"},"inLanguage":"fr-FR","potentialAction":[{"@type":"ReadAction","target":["https:\/\/kapitalis.com\/tunisie\/2018\/02\/24\/football-esperance-de-tunis-nouveau-a-laxe-central\/"]}]},{"@type":"ImageObject","inLanguage":"fr-FR","@id":"https:\/\/kapitalis.com\/tunisie\/2018\/02\/24\/football-esperance-de-tunis-nouveau-a-laxe-central\/#primaryimage","url":"http:\/\/kapitalis.com\/tunisie\/wp-content\/uploads\/2018\/02\/Khaled-Ben-Yahia.jpg","contentUrl":"http:\/\/kapitalis.com\/tunisie\/wp-content\/uploads\/2018\/02\/Khaled-Ben-Yahia.jpg"},{"@type":"BreadcrumbList","@id":"https:\/\/kapitalis.com\/tunisie\/2018\/02\/24\/football-esperance-de-tunis-nouveau-a-laxe-central\/#breadcrumb","itemListElement":[{"@type":"ListItem","position":1,"name":"Accueil","item":"https:\/\/kapitalis.com\/tunisie\/"},{"@type":"ListItem","position":2,"name":"Football-Esp\u00e9rance de Tunis : Un nouveau \u00e0 l\u2019axe central ?"}]},{"@type":"WebSite","@id":"https:\/\/kapitalis.com\/tunisie\/#website","url":"https:\/\/kapitalis.com\/tunisie\/","name":"Kapitalis","description":"L&#039;actualit\u00e9 en Tunisie et dans le monde","publisher":{"@id":"https:\/\/kapitalis.com\/tunisie\/#organization"},"potentialAction":[{"@type":"SearchAction","target":{"@type":"EntryPoint","urlTemplate":"https:\/\/kapitalis.com\/tunisie\/?s={search_term_string}"},"query-input":{"@type":"PropertyValueSpecification","valueRequired":true,"valueName":"search_term_string"}}],"inLanguage":"fr-FR"},{"@type":"Organization","@id":"https:\/\/kapitalis.com\/tunisie\/#organization","name":"Kapitalis","url":"https:\/\/kapitalis.com\/tunisie\/","logo":{"@type":"ImageObject","inLanguage":"fr-FR","@id":"https:\/\/kapitalis.com\/tunisie\/#\/schema\/logo\/image\/","url":"https:\/\/kapitalis.com\/tunisie\/wp-content\/uploads\/2022\/05\/Kapitalis-big-size.png","contentUrl":"https:\/\/kapitalis.com\/tunisie\/wp-content\/uploads\/2022\/05\/Kapitalis-big-size.png","width":5000,"height":1500,"caption":"Kapitalis"},"image":{"@id":"https:\/\/kapitalis.com\/tunisie\/#\/schema\/logo\/image\/"},"sameAs":["https:\/\/www.facebook.com\/KapitalisInfo\/","https:\/\/x.com\/KapitalisInfo","https:\/\/www.youtube.com\/channel\/UC-yDYrHyfFBWWZaOw3FPg9Q"]},{"@type":"Person","@id":"https:\/\/kapitalis.com\/tunisie\/#\/schema\/person\/d71f33a9ca44f7bad4698210b480c8e9","name":"webmaster kapitalis","url":"https:\/\/kapitalis.com\/tunisie\/author\/webmaster-kapitalis\/"}]}},"_links":{"self":[{"href":"https:\/\/kapitalis.com\/tunisie\/wp-json\/wp\/v2\/posts\/140438","targetHints":{"allow":["GET"]}}],"collection":[{"href":"https:\/\/kapitalis.com\/tunisie\/wp-json\/wp\/v2\/posts"}],"about":[{"href":"https:\/\/kapitalis.com\/tunisie\/wp-json\/wp\/v2\/types\/post"}],"author":[{"embeddable":true,"href":"https:\/\/kapitalis.com\/tunisie\/wp-json\/wp\/v2\/users\/8"}],"replies":[{"embeddable":true,"href":"https:\/\/kapitalis.com\/tunisie\/wp-json\/wp\/v2\/comments?post=140438"}],"version-history":[{"count":0,"href":"https:\/\/kapitalis.com\/tunisie\/wp-json\/wp\/v2\/posts\/140438\/revisions"}],"wp:attachment":[{"href":"https:\/\/kapitalis.com\/tunisie\/wp-json\/wp\/v2\/media?parent=140438"}],"wp:term":[{"taxonomy":"category","embeddable":true,"href":"https:\/\/kapitalis.com\/tunisie\/wp-json\/wp\/v2\/categories?post=140438"},{"taxonomy":"post_tag","embeddable":true,"href":"https:\/\/kapitalis.com\/tunisie\/wp-json\/wp\/v2\/tags?post=140438"}],"curies":[{"name":"wp","href":"https:\/\/api.w.org\/{rel}","templated":true}]}}