{"id":14046525,"date":"2024-09-23T22:14:41","date_gmt":"2024-09-23T21:14:41","guid":{"rendered":"https:\/\/kapitalis.com\/tunisie\/?p=14046525"},"modified":"2024-09-23T22:21:50","modified_gmt":"2024-09-23T21:21:50","slug":"lorganisation-des-jeunes-medecins-deplore-le-deces-du-dr-ahmed-gammoudi","status":"publish","type":"post","link":"https:\/\/kapitalis.com\/tunisie\/2024\/09\/23\/lorganisation-des-jeunes-medecins-deplore-le-deces-du-dr-ahmed-gammoudi\/","title":{"rendered":"L&rsquo;Organisation des jeunes m\u00e9decins d\u00e9plore le d\u00e9c\u00e8s du Dr Ahmed Gammoudi"},"content":{"rendered":"\n<p><em><strong>L&rsquo;Organisation tunisienne des Jeunes m\u00e9decins a d\u00e9plor\u00e9 dans une note diffus\u00e9e ce soir, le d\u00e9c\u00e8s du Dr Ahmed Gammoudi survenu ce lundi 23 septembre 2024.<\/strong><\/em><\/p>\n\n\n\n<!--more-->\n\n\n\n<p>Dans sa note diffus\u00e9e sur sa page l&rsquo;OTJM a pr\u00e9sent\u00e9 ses condol\u00e9ances \u00e0 la famille, aux proches et aux cons\u0153urs et confr\u00e8res du d\u00e9funt m\u00e9decin oncologue, qui \u00e9tait membre du bureau de l&rsquo;Organisation et travaillait \u00e0 l&rsquo;h\u00f4pital universitaire Farhat Hached<\/p>\n\n\n\n<p>La Facult\u00e9 de M\u00e9decine de Sousse, o\u00f9 Feu Ahmed Gammoudi a \u00e9tudi\u00e9, a \u00e9galement annonc\u00e9 la triste nouvelle, en pr\u00e9sentant elle aussi ses condol\u00e9ances \u00e0 la famille, les amis et \u00e0 tous ceux qui ont connu le regrett\u00e9 Dr Gammoudi., ravi \u00e0 la fleur de l&rsquo;\u00e2ge.<\/p>\n\n\n\n<p class=\"has-text-align-right\"><strong>Y. N.<\/strong><\/p>\n","protected":false},"excerpt":{"rendered":"<p>L&rsquo;Organisation tunisienne des Jeunes m\u00e9decins a d\u00e9plor\u00e9 dans une note diffus\u00e9e ce soir, le d\u00e9c\u00e8s du Dr Ahmed Gammoudi survenu ce lundi 23 septembre 2024.<\/p>\n","protected":false},"author":6,"featured_media":14046570,"comment_status":"closed","ping_status":"open","sticky":false,"template":"","format":"standard","meta":{"footnotes":""},"categories":[998,2433],"tags":[118083,118082,118081,25814],"class_list":["post-14046525","post","type-post","status-publish","format-standard","has-post-thumbnail","hentry","category-societe","category-tunisie","tag-ahmed-gammoudi","tag-oncologue","tag-organisation-tunisienne-jeunes-medecins","tag-otjm"],"yoast_head":"<!-- This site is optimized with the Yoast SEO plugin v26.6 - https:\/\/yoast.com\/wordpress\/plugins\/seo\/ -->\n<title>L&#039;Organisation des jeunes m\u00e9decins d\u00e9plore le d\u00e9c\u00e8s du Dr Ahmed Gammoudi - Kapitalis<\/title>\n<meta name=\"robots\" content=\"index, follow, max-snippet:-1, max-image-preview:large, max-video-preview:-1\" \/>\n<link rel=\"canonical\" href=\"https:\/\/kapitalis.com\/tunisie\/2024\/09\/23\/lorganisation-des-jeunes-medecins-deplore-le-deces-du-dr-ahmed-gammoudi\/\" \/>\n<meta property=\"og:locale\" content=\"fr_FR\" \/>\n<meta property=\"og:type\" content=\"article\" \/>\n<meta property=\"og:title\" content=\"L&#039;Organisation des jeunes m\u00e9decins d\u00e9plore le d\u00e9c\u00e8s du Dr Ahmed Gammoudi - Kapitalis\" \/>\n<meta property=\"og:description\" content=\"L&rsquo;Organisation tunisienne des Jeunes m\u00e9decins a d\u00e9plor\u00e9 dans une note diffus\u00e9e ce soir, le d\u00e9c\u00e8s du Dr Ahmed Gammoudi survenu ce lundi 23 septembre 2024.\" \/>\n<meta property=\"og:url\" content=\"https:\/\/kapitalis.com\/tunisie\/2024\/09\/23\/lorganisation-des-jeunes-medecins-deplore-le-deces-du-dr-ahmed-gammoudi\/\" \/>\n<meta property=\"og:site_name\" content=\"Kapitalis\" \/>\n<meta property=\"article:publisher\" content=\"https:\/\/www.facebook.com\/KapitalisInfo\/\" \/>\n<meta property=\"article:published_time\" content=\"2024-09-23T21:14:41+00:00\" \/>\n<meta property=\"article:modified_time\" content=\"2024-09-23T21:21:50+00:00\" \/>\n<meta property=\"og:image\" content=\"https:\/\/kapitalis.com\/tunisie\/wp-content\/uploads\/2024\/09\/Ahmed-Gammoudi.jpg\" \/>\n\t<meta property=\"og:image:width\" content=\"1200\" \/>\n\t<meta property=\"og:image:height\" content=\"630\" \/>\n\t<meta property=\"og:image:type\" content=\"image\/jpeg\" \/>\n<meta name=\"author\" content=\"Yusra NY\" \/>\n<meta name=\"twitter:card\" content=\"summary_large_image\" \/>\n<meta name=\"twitter:creator\" content=\"@KapitalisInfo\" \/>\n<meta name=\"twitter:site\" content=\"@KapitalisInfo\" \/>\n<meta name=\"twitter:label1\" content=\"\u00c9crit par\" \/>\n\t<meta name=\"twitter:data1\" content=\"Yusra NY\" \/>\n\t<meta name=\"twitter:label2\" content=\"Dur\u00e9e de lecture estim\u00e9e\" \/>\n\t<meta name=\"twitter:data2\" content=\"1 minute\" \/>\n<script type=\"application\/ld+json\" class=\"yoast-schema-graph\">{\"@context\":\"https:\/\/schema.org\",\"@graph\":[{\"@type\":\"Article\",\"@id\":\"https:\/\/kapitalis.com\/tunisie\/2024\/09\/23\/lorganisation-des-jeunes-medecins-deplore-le-deces-du-dr-ahmed-gammoudi\/#article\",\"isPartOf\":{\"@id\":\"https:\/\/kapitalis.com\/tunisie\/2024\/09\/23\/lorganisation-des-jeunes-medecins-deplore-le-deces-du-dr-ahmed-gammoudi\/\"},\"author\":{\"name\":\"Yusra NY\",\"@id\":\"https:\/\/kapitalis.com\/tunisie\/#\/schema\/person\/74bbde0154d49d790a92aaeac5bc01d5\"},\"headline\":\"L&rsquo;Organisation des jeunes m\u00e9decins d\u00e9plore le d\u00e9c\u00e8s du Dr Ahmed Gammoudi\",\"datePublished\":\"2024-09-23T21:14:41+00:00\",\"dateModified\":\"2024-09-23T21:21:50+00:00\",\"mainEntityOfPage\":{\"@id\":\"https:\/\/kapitalis.com\/tunisie\/2024\/09\/23\/lorganisation-des-jeunes-medecins-deplore-le-deces-du-dr-ahmed-gammoudi\/\"},\"wordCount\":138,\"publisher\":{\"@id\":\"https:\/\/kapitalis.com\/tunisie\/#organization\"},\"image\":{\"@id\":\"https:\/\/kapitalis.com\/tunisie\/2024\/09\/23\/lorganisation-des-jeunes-medecins-deplore-le-deces-du-dr-ahmed-gammoudi\/#primaryimage\"},\"thumbnailUrl\":\"https:\/\/kapitalis.com\/tunisie\/wp-content\/uploads\/2024\/09\/Ahmed-Gammoudi.jpg\",\"keywords\":[\"Ahmed Gammoudi\",\"oncologue\",\"organisation tunisienne jeunes m\u00e9decins\",\"OTJM\"],\"articleSection\":[\"SOCIETE\",\"Tunisie\"],\"inLanguage\":\"fr-FR\"},{\"@type\":\"WebPage\",\"@id\":\"https:\/\/kapitalis.com\/tunisie\/2024\/09\/23\/lorganisation-des-jeunes-medecins-deplore-le-deces-du-dr-ahmed-gammoudi\/\",\"url\":\"https:\/\/kapitalis.com\/tunisie\/2024\/09\/23\/lorganisation-des-jeunes-medecins-deplore-le-deces-du-dr-ahmed-gammoudi\/\",\"name\":\"L'Organisation des jeunes m\u00e9decins d\u00e9plore le d\u00e9c\u00e8s du Dr Ahmed Gammoudi - Kapitalis\",\"isPartOf\":{\"@id\":\"https:\/\/kapitalis.com\/tunisie\/#website\"},\"primaryImageOfPage\":{\"@id\":\"https:\/\/kapitalis.com\/tunisie\/2024\/09\/23\/lorganisation-des-jeunes-medecins-deplore-le-deces-du-dr-ahmed-gammoudi\/#primaryimage\"},\"image\":{\"@id\":\"https:\/\/kapitalis.com\/tunisie\/2024\/09\/23\/lorganisation-des-jeunes-medecins-deplore-le-deces-du-dr-ahmed-gammoudi\/#primaryimage\"},\"thumbnailUrl\":\"https:\/\/kapitalis.com\/tunisie\/wp-content\/uploads\/2024\/09\/Ahmed-Gammoudi.jpg\",\"datePublished\":\"2024-09-23T21:14:41+00:00\",\"dateModified\":\"2024-09-23T21:21:50+00:00\",\"breadcrumb\":{\"@id\":\"https:\/\/kapitalis.com\/tunisie\/2024\/09\/23\/lorganisation-des-jeunes-medecins-deplore-le-deces-du-dr-ahmed-gammoudi\/#breadcrumb\"},\"inLanguage\":\"fr-FR\",\"potentialAction\":[{\"@type\":\"ReadAction\",\"target\":[\"https:\/\/kapitalis.com\/tunisie\/2024\/09\/23\/lorganisation-des-jeunes-medecins-deplore-le-deces-du-dr-ahmed-gammoudi\/\"]}]},{\"@type\":\"ImageObject\",\"inLanguage\":\"fr-FR\",\"@id\":\"https:\/\/kapitalis.com\/tunisie\/2024\/09\/23\/lorganisation-des-jeunes-medecins-deplore-le-deces-du-dr-ahmed-gammoudi\/#primaryimage\",\"url\":\"https:\/\/kapitalis.com\/tunisie\/wp-content\/uploads\/2024\/09\/Ahmed-Gammoudi.jpg\",\"contentUrl\":\"https:\/\/kapitalis.com\/tunisie\/wp-content\/uploads\/2024\/09\/Ahmed-Gammoudi.jpg\",\"width\":1200,\"height\":630},{\"@type\":\"BreadcrumbList\",\"@id\":\"https:\/\/kapitalis.com\/tunisie\/2024\/09\/23\/lorganisation-des-jeunes-medecins-deplore-le-deces-du-dr-ahmed-gammoudi\/#breadcrumb\",\"itemListElement\":[{\"@type\":\"ListItem\",\"position\":1,\"name\":\"Accueil\",\"item\":\"https:\/\/kapitalis.com\/tunisie\/\"},{\"@type\":\"ListItem\",\"position\":2,\"name\":\"L&rsquo;Organisation des jeunes m\u00e9decins d\u00e9plore le d\u00e9c\u00e8s du Dr Ahmed Gammoudi\"}]},{\"@type\":\"WebSite\",\"@id\":\"https:\/\/kapitalis.com\/tunisie\/#website\",\"url\":\"https:\/\/kapitalis.com\/tunisie\/\",\"name\":\"Kapitalis\",\"description\":\"L&#039;actualit\u00e9 en Tunisie et dans le monde\",\"publisher\":{\"@id\":\"https:\/\/kapitalis.com\/tunisie\/#organization\"},\"potentialAction\":[{\"@type\":\"SearchAction\",\"target\":{\"@type\":\"EntryPoint\",\"urlTemplate\":\"https:\/\/kapitalis.com\/tunisie\/?s={search_term_string}\"},\"query-input\":{\"@type\":\"PropertyValueSpecification\",\"valueRequired\":true,\"valueName\":\"search_term_string\"}}],\"inLanguage\":\"fr-FR\"},{\"@type\":\"Organization\",\"@id\":\"https:\/\/kapitalis.com\/tunisie\/#organization\",\"name\":\"Kapitalis\",\"url\":\"https:\/\/kapitalis.com\/tunisie\/\",\"logo\":{\"@type\":\"ImageObject\",\"inLanguage\":\"fr-FR\",\"@id\":\"https:\/\/kapitalis.com\/tunisie\/#\/schema\/logo\/image\/\",\"url\":\"https:\/\/kapitalis.com\/tunisie\/wp-content\/uploads\/2022\/05\/Kapitalis-big-size.png\",\"contentUrl\":\"https:\/\/kapitalis.com\/tunisie\/wp-content\/uploads\/2022\/05\/Kapitalis-big-size.png\",\"width\":5000,\"height\":1500,\"caption\":\"Kapitalis\"},\"image\":{\"@id\":\"https:\/\/kapitalis.com\/tunisie\/#\/schema\/logo\/image\/\"},\"sameAs\":[\"https:\/\/www.facebook.com\/KapitalisInfo\/\",\"https:\/\/x.com\/KapitalisInfo\",\"https:\/\/www.youtube.com\/channel\/UC-yDYrHyfFBWWZaOw3FPg9Q\"]},{\"@type\":\"Person\",\"@id\":\"https:\/\/kapitalis.com\/tunisie\/#\/schema\/person\/74bbde0154d49d790a92aaeac5bc01d5\",\"name\":\"Yusra NY\",\"url\":\"https:\/\/kapitalis.com\/tunisie\/author\/yuza_adam\/\"}]}<\/script>\n<!-- \/ Yoast SEO plugin. -->","yoast_head_json":{"title":"L'Organisation des jeunes m\u00e9decins d\u00e9plore le d\u00e9c\u00e8s du Dr Ahmed Gammoudi - Kapitalis","robots":{"index":"index","follow":"follow","max-snippet":"max-snippet:-1","max-image-preview":"max-image-preview:large","max-video-preview":"max-video-preview:-1"},"canonical":"https:\/\/kapitalis.com\/tunisie\/2024\/09\/23\/lorganisation-des-jeunes-medecins-deplore-le-deces-du-dr-ahmed-gammoudi\/","og_locale":"fr_FR","og_type":"article","og_title":"L'Organisation des jeunes m\u00e9decins d\u00e9plore le d\u00e9c\u00e8s du Dr Ahmed Gammoudi - Kapitalis","og_description":"L&rsquo;Organisation tunisienne des Jeunes m\u00e9decins a d\u00e9plor\u00e9 dans une note diffus\u00e9e ce soir, le d\u00e9c\u00e8s du Dr Ahmed Gammoudi survenu ce lundi 23 septembre 2024.","og_url":"https:\/\/kapitalis.com\/tunisie\/2024\/09\/23\/lorganisation-des-jeunes-medecins-deplore-le-deces-du-dr-ahmed-gammoudi\/","og_site_name":"Kapitalis","article_publisher":"https:\/\/www.facebook.com\/KapitalisInfo\/","article_published_time":"2024-09-23T21:14:41+00:00","article_modified_time":"2024-09-23T21:21:50+00:00","og_image":[{"width":1200,"height":630,"url":"https:\/\/kapitalis.com\/tunisie\/wp-content\/uploads\/2024\/09\/Ahmed-Gammoudi.jpg","type":"image\/jpeg"}],"author":"Yusra NY","twitter_card":"summary_large_image","twitter_creator":"@KapitalisInfo","twitter_site":"@KapitalisInfo","twitter_misc":{"\u00c9crit par":"Yusra NY","Dur\u00e9e de lecture estim\u00e9e":"1 minute"},"schema":{"@context":"https:\/\/schema.org","@graph":[{"@type":"Article","@id":"https:\/\/kapitalis.com\/tunisie\/2024\/09\/23\/lorganisation-des-jeunes-medecins-deplore-le-deces-du-dr-ahmed-gammoudi\/#article","isPartOf":{"@id":"https:\/\/kapitalis.com\/tunisie\/2024\/09\/23\/lorganisation-des-jeunes-medecins-deplore-le-deces-du-dr-ahmed-gammoudi\/"},"author":{"name":"Yusra NY","@id":"https:\/\/kapitalis.com\/tunisie\/#\/schema\/person\/74bbde0154d49d790a92aaeac5bc01d5"},"headline":"L&rsquo;Organisation des jeunes m\u00e9decins d\u00e9plore le d\u00e9c\u00e8s du Dr Ahmed Gammoudi","datePublished":"2024-09-23T21:14:41+00:00","dateModified":"2024-09-23T21:21:50+00:00","mainEntityOfPage":{"@id":"https:\/\/kapitalis.com\/tunisie\/2024\/09\/23\/lorganisation-des-jeunes-medecins-deplore-le-deces-du-dr-ahmed-gammoudi\/"},"wordCount":138,"publisher":{"@id":"https:\/\/kapitalis.com\/tunisie\/#organization"},"image":{"@id":"https:\/\/kapitalis.com\/tunisie\/2024\/09\/23\/lorganisation-des-jeunes-medecins-deplore-le-deces-du-dr-ahmed-gammoudi\/#primaryimage"},"thumbnailUrl":"https:\/\/kapitalis.com\/tunisie\/wp-content\/uploads\/2024\/09\/Ahmed-Gammoudi.jpg","keywords":["Ahmed Gammoudi","oncologue","organisation tunisienne jeunes m\u00e9decins","OTJM"],"articleSection":["SOCIETE","Tunisie"],"inLanguage":"fr-FR"},{"@type":"WebPage","@id":"https:\/\/kapitalis.com\/tunisie\/2024\/09\/23\/lorganisation-des-jeunes-medecins-deplore-le-deces-du-dr-ahmed-gammoudi\/","url":"https:\/\/kapitalis.com\/tunisie\/2024\/09\/23\/lorganisation-des-jeunes-medecins-deplore-le-deces-du-dr-ahmed-gammoudi\/","name":"L'Organisation des jeunes m\u00e9decins d\u00e9plore le d\u00e9c\u00e8s du Dr Ahmed Gammoudi - Kapitalis","isPartOf":{"@id":"https:\/\/kapitalis.com\/tunisie\/#website"},"primaryImageOfPage":{"@id":"https:\/\/kapitalis.com\/tunisie\/2024\/09\/23\/lorganisation-des-jeunes-medecins-deplore-le-deces-du-dr-ahmed-gammoudi\/#primaryimage"},"image":{"@id":"https:\/\/kapitalis.com\/tunisie\/2024\/09\/23\/lorganisation-des-jeunes-medecins-deplore-le-deces-du-dr-ahmed-gammoudi\/#primaryimage"},"thumbnailUrl":"https:\/\/kapitalis.com\/tunisie\/wp-content\/uploads\/2024\/09\/Ahmed-Gammoudi.jpg","datePublished":"2024-09-23T21:14:41+00:00","dateModified":"2024-09-23T21:21:50+00:00","breadcrumb":{"@id":"https:\/\/kapitalis.com\/tunisie\/2024\/09\/23\/lorganisation-des-jeunes-medecins-deplore-le-deces-du-dr-ahmed-gammoudi\/#breadcrumb"},"inLanguage":"fr-FR","potentialAction":[{"@type":"ReadAction","target":["https:\/\/kapitalis.com\/tunisie\/2024\/09\/23\/lorganisation-des-jeunes-medecins-deplore-le-deces-du-dr-ahmed-gammoudi\/"]}]},{"@type":"ImageObject","inLanguage":"fr-FR","@id":"https:\/\/kapitalis.com\/tunisie\/2024\/09\/23\/lorganisation-des-jeunes-medecins-deplore-le-deces-du-dr-ahmed-gammoudi\/#primaryimage","url":"https:\/\/kapitalis.com\/tunisie\/wp-content\/uploads\/2024\/09\/Ahmed-Gammoudi.jpg","contentUrl":"https:\/\/kapitalis.com\/tunisie\/wp-content\/uploads\/2024\/09\/Ahmed-Gammoudi.jpg","width":1200,"height":630},{"@type":"BreadcrumbList","@id":"https:\/\/kapitalis.com\/tunisie\/2024\/09\/23\/lorganisation-des-jeunes-medecins-deplore-le-deces-du-dr-ahmed-gammoudi\/#breadcrumb","itemListElement":[{"@type":"ListItem","position":1,"name":"Accueil","item":"https:\/\/kapitalis.com\/tunisie\/"},{"@type":"ListItem","position":2,"name":"L&rsquo;Organisation des jeunes m\u00e9decins d\u00e9plore le d\u00e9c\u00e8s du Dr Ahmed Gammoudi"}]},{"@type":"WebSite","@id":"https:\/\/kapitalis.com\/tunisie\/#website","url":"https:\/\/kapitalis.com\/tunisie\/","name":"Kapitalis","description":"L&#039;actualit\u00e9 en Tunisie et dans le monde","publisher":{"@id":"https:\/\/kapitalis.com\/tunisie\/#organization"},"potentialAction":[{"@type":"SearchAction","target":{"@type":"EntryPoint","urlTemplate":"https:\/\/kapitalis.com\/tunisie\/?s={search_term_string}"},"query-input":{"@type":"PropertyValueSpecification","valueRequired":true,"valueName":"search_term_string"}}],"inLanguage":"fr-FR"},{"@type":"Organization","@id":"https:\/\/kapitalis.com\/tunisie\/#organization","name":"Kapitalis","url":"https:\/\/kapitalis.com\/tunisie\/","logo":{"@type":"ImageObject","inLanguage":"fr-FR","@id":"https:\/\/kapitalis.com\/tunisie\/#\/schema\/logo\/image\/","url":"https:\/\/kapitalis.com\/tunisie\/wp-content\/uploads\/2022\/05\/Kapitalis-big-size.png","contentUrl":"https:\/\/kapitalis.com\/tunisie\/wp-content\/uploads\/2022\/05\/Kapitalis-big-size.png","width":5000,"height":1500,"caption":"Kapitalis"},"image":{"@id":"https:\/\/kapitalis.com\/tunisie\/#\/schema\/logo\/image\/"},"sameAs":["https:\/\/www.facebook.com\/KapitalisInfo\/","https:\/\/x.com\/KapitalisInfo","https:\/\/www.youtube.com\/channel\/UC-yDYrHyfFBWWZaOw3FPg9Q"]},{"@type":"Person","@id":"https:\/\/kapitalis.com\/tunisie\/#\/schema\/person\/74bbde0154d49d790a92aaeac5bc01d5","name":"Yusra NY","url":"https:\/\/kapitalis.com\/tunisie\/author\/yuza_adam\/"}]}},"_links":{"self":[{"href":"https:\/\/kapitalis.com\/tunisie\/wp-json\/wp\/v2\/posts\/14046525","targetHints":{"allow":["GET"]}}],"collection":[{"href":"https:\/\/kapitalis.com\/tunisie\/wp-json\/wp\/v2\/posts"}],"about":[{"href":"https:\/\/kapitalis.com\/tunisie\/wp-json\/wp\/v2\/types\/post"}],"author":[{"embeddable":true,"href":"https:\/\/kapitalis.com\/tunisie\/wp-json\/wp\/v2\/users\/6"}],"replies":[{"embeddable":true,"href":"https:\/\/kapitalis.com\/tunisie\/wp-json\/wp\/v2\/comments?post=14046525"}],"version-history":[{"count":2,"href":"https:\/\/kapitalis.com\/tunisie\/wp-json\/wp\/v2\/posts\/14046525\/revisions"}],"predecessor-version":[{"id":14046587,"href":"https:\/\/kapitalis.com\/tunisie\/wp-json\/wp\/v2\/posts\/14046525\/revisions\/14046587"}],"wp:featuredmedia":[{"embeddable":true,"href":"https:\/\/kapitalis.com\/tunisie\/wp-json\/wp\/v2\/media\/14046570"}],"wp:attachment":[{"href":"https:\/\/kapitalis.com\/tunisie\/wp-json\/wp\/v2\/media?parent=14046525"}],"wp:term":[{"taxonomy":"category","embeddable":true,"href":"https:\/\/kapitalis.com\/tunisie\/wp-json\/wp\/v2\/categories?post=14046525"},{"taxonomy":"post_tag","embeddable":true,"href":"https:\/\/kapitalis.com\/tunisie\/wp-json\/wp\/v2\/tags?post=14046525"}],"curies":[{"name":"wp","href":"https:\/\/api.w.org\/{rel}","templated":true}]}}