{"id":14048142,"date":"2024-09-24T08:37:23","date_gmt":"2024-09-24T07:37:23","guid":{"rendered":"https:\/\/kapitalis.com\/tunisie\/?p=14048142"},"modified":"2024-09-24T08:37:25","modified_gmt":"2024-09-24T07:37:25","slug":"apres-gaza-le-liban-ou-la-passivite-diplomatique-des-etats-arabes","status":"publish","type":"post","link":"https:\/\/kapitalis.com\/tunisie\/2024\/09\/24\/apres-gaza-le-liban-ou-la-passivite-diplomatique-des-etats-arabes\/","title":{"rendered":"Apr\u00e8s Gaza, le Liban\u00a0ou la passivit\u00e9 diplomatique des Etats arabes"},"content":{"rendered":"\n<p><strong><em>Gaza est un champ de ruines sous lesquelles des milliers de cadavres sont ensevelis, et le Liban est menac\u00e9 de subir le m\u00eame sort sous les bombardements intensifs isra\u00e9liens. Quant aux autres Etats arabes, ils regardent ailleurs. De quoi ont-ils peur\u00a0?<\/em><\/strong><\/p>\n\n\n\n<p><strong>Lahouari Addi <\/strong>*<\/p>\n\n\n\n<!--more-->\n\n\n<div class=\"wp-block-image\">\n<figure class=\"alignleft size-full is-resized\"><img loading=\"lazy\" decoding=\"async\" width=\"200\" height=\"200\" src=\"https:\/\/kapitalis.com\/tunisie\/wp-content\/uploads\/2023\/10\/Lahouari-Addi.jpg\" alt=\"\" class=\"wp-image-10082582\" style=\"width:200px;height:auto\" srcset=\"https:\/\/kapitalis.com\/tunisie\/wp-content\/uploads\/2023\/10\/Lahouari-Addi.jpg 200w, https:\/\/kapitalis.com\/tunisie\/wp-content\/uploads\/2023\/10\/Lahouari-Addi-150x150.jpg 150w, https:\/\/kapitalis.com\/tunisie\/wp-content\/uploads\/2023\/10\/Lahouari-Addi-120x120.jpg 120w\" sizes=\"auto, (max-width: 200px) 100vw, 200px\" \/><\/figure>\n<\/div>\n\n\n<p>Un Etat arabe souverain, le Liban, agress\u00e9 par l\u2019aviation isra\u00e9lienne, provoquant des d\u00e9g\u00e2ts humains et mat\u00e9riels de grande ampleur sans que la Ligue arabe ne se r\u00e9unisse d&rsquo;urgence et ne condamne l\u2019agression! Il aurait pourtant suffi que deux ou trois Etats arabes menacent de rompre leurs relations diplomatiques avec les Etats-Unis pour que l\u2019agression cesse imm\u00e9diatement au Liban et \u00e0 Gaza.<\/p>\n\n\n\n<p>M\u00eame si militairement ils ne sont pas puissants, les Etats arabes ont un potentiel diplomatique \u00e9norme qu\u2019ils n\u2019utilisent pas par peur probablement du gel de leurs avoirs financiers aux Etats-Unis.<\/p>\n\n\n\n<p>Il y a deux mani\u00e8res d\u2019arr\u00eater une guerre: soit par la guerre, soit par la diplomatie. Aucun Etat arabe ne veut la guerre, et c\u2019est tant mieux. Mais il y a la diplomatie et l\u2019appel au respect du droit international. S\u2019il ne faut rien attendre des monarchies, qui par int\u00e9r\u00eat politique s\u2019alignent sur les Etats-Unis, qu\u2019en est-il des r\u00e9publiques qui, il y a juste quelques ann\u00e9es, promettaient de r\u00e9tablir le peuple palestinien dans ses droits nationaux? O\u00f9 est l\u2019Egypte? O\u00f9 est l\u2019Alg\u00e9rie? Ne parlons pas de la Syrie que Bachar Assad a d\u00e9truite pour rester au pouvoir. Il a pr\u00e9f\u00e9r\u00e9 \u00eatre pr\u00e9sident d\u2019un Etat d\u00e9truit que d\u2019\u00eatre un citoyen d\u2019un Etat prosp\u00e8re.<\/p>\n\n\n\n<p>Est-ce que la science politique peut-elle expliquer ces comportements, ou faudra-t-il recourir \u00e0 la psychologie?<\/p>\n\n\n\n<figure class=\"wp-block-embed is-type-wp-embed is-provider-kapitalis wp-block-embed-kapitalis\"><div class=\"wp-block-embed__wrapper\">\n<blockquote class=\"wp-embedded-content\" data-secret=\"WuMCKX2Vsw\"><a href=\"https:\/\/kapitalis.com\/tunisie\/2024\/09\/21\/israel-face-au-neant-arabe\/\">Isra\u00ebl face au n\u00e9ant arabe<\/a><\/blockquote><iframe loading=\"lazy\" class=\"wp-embedded-content\" sandbox=\"allow-scripts\" security=\"restricted\" style=\"position: absolute; visibility: hidden;\" title=\"\u00ab\u00a0Isra\u00ebl face au n\u00e9ant arabe\u00a0\u00bb &#8212; Kapitalis\" src=\"https:\/\/kapitalis.com\/tunisie\/2024\/09\/21\/israel-face-au-neant-arabe\/embed\/#?secret=InLmYGXs4r#?secret=WuMCKX2Vsw\" data-secret=\"WuMCKX2Vsw\" width=\"600\" height=\"338\" frameborder=\"0\" marginwidth=\"0\" marginheight=\"0\" scrolling=\"no\"><\/iframe>\n<\/div><\/figure>\n\n\n\n<p>En attendant, Gaza est un champ de ruines sous lesquelles des milliers de cadavres sont ensevelis, et le Liban est menac\u00e9 de subir le m\u00eame sort.<\/p>\n\n\n\n<p>Isra\u00ebl profite du reflux de la dynamique de la r\u00e9sistance des Etats arabes. L\u2019Egypte est un cas embl\u00e9matique de ce reflux. Il est vrai que les Etats-Unis lui versent une allocation annuelle pour \u00eatre en paix avec Isra\u00ebl, et le mar\u00e9chal Sissi tient \u00e0 ce pactole. Mais il a un espace diplomatique \u00e0 occuper sans mettre en danger ce pactole. Il aurait suffi que l\u2019Egypte menace de rompre ses relations diplomatiques avec Isra\u00ebl pour que l\u2019agression contre Gaza ait cess\u00e9 au deuxi\u00e8me ou au troisi\u00e8me mois.<\/p>\n\n\n\n<p>Ce n\u2019est pas de la sp\u00e9culation. Isra\u00ebl ne peut pas se permettre de perdre l\u2019Egypte. Isra\u00ebl ne peut pas vivre sous la menace potentielle de deux adversaires d\u00e9mographiquement puissants: l\u2019Egypte et l&rsquo;Iran. L\u2019Egypte est un g\u00e9ant r\u00e9gional inconscient de sa force diplomatique. A l\u2019image des autres Etats arabes.<\/p>\n\n\n\n<p><em>* Professeur \u00e0 l&rsquo;Institut des \u00e9tudes politiques de Lyon, chercher au Gremmo.<\/em><\/p>\n\n\n\n<figure class=\"wp-block-embed is-type-wp-embed is-provider-kapitalis wp-block-embed-kapitalis\"><div class=\"wp-block-embed__wrapper\">\n<blockquote class=\"wp-embedded-content\" data-secret=\"a1SRNUEeky\"><a href=\"https:\/\/kapitalis.com\/tunisie\/2024\/09\/20\/une-societe-ecran-du-mossad-a-fabrique-les-bipeurs-pieges-du-hezbollah\/\">Une soci\u00e9t\u00e9 \u00e9cran du Mossad a fabriqu\u00e9 les bipeurs pi\u00e9g\u00e9s du Hezbollah<\/a><\/blockquote><iframe loading=\"lazy\" class=\"wp-embedded-content\" sandbox=\"allow-scripts\" security=\"restricted\" style=\"position: absolute; visibility: hidden;\" title=\"\u00ab\u00a0Une soci\u00e9t\u00e9 \u00e9cran du Mossad a fabriqu\u00e9 les bipeurs pi\u00e9g\u00e9s du Hezbollah\u00a0\u00bb &#8212; Kapitalis\" src=\"https:\/\/kapitalis.com\/tunisie\/2024\/09\/20\/une-societe-ecran-du-mossad-a-fabrique-les-bipeurs-pieges-du-hezbollah\/embed\/#?secret=KLQcW9IKor#?secret=a1SRNUEeky\" data-secret=\"a1SRNUEeky\" width=\"600\" height=\"338\" frameborder=\"0\" marginwidth=\"0\" marginheight=\"0\" scrolling=\"no\"><\/iframe>\n<\/div><\/figure>\n","protected":false},"excerpt":{"rendered":"<p>Un Etat arabe souverain, le Liban, agress\u00e9 par l\u2019aviation isra\u00e9lienne, sans que la Ligue arabe ne se r\u00e9unisse d&rsquo;urgence et ne condamne l\u2019agression!<\/p>\n","protected":false},"author":8,"featured_media":14048180,"comment_status":"closed","ping_status":"open","sticky":false,"template":"","format":"standard","meta":{"footnotes":""},"categories":[992,997,1000,2433],"tags":[64,2379,118084,2444,2478,112076,8563],"class_list":["post-14048142","post","type-post","status-publish","format-standard","has-post-thumbnail","hentry","category-a-la-une","category-politique","category-tribune","category-tunisie","tag-algerie","tag-egypte","tag-etats-arabes","tag-gaza","tag-israel","tag-lahouari-addi","tag-liban"],"yoast_head":"<!-- This site is optimized with the Yoast SEO plugin v26.6 - https:\/\/yoast.com\/wordpress\/plugins\/seo\/ -->\n<title>Apr\u00e8s Gaza, le Liban\u00a0ou la passivit\u00e9 diplomatique des Etats arabes - Kapitalis<\/title>\n<meta name=\"robots\" content=\"index, follow, max-snippet:-1, max-image-preview:large, max-video-preview:-1\" \/>\n<link rel=\"canonical\" href=\"https:\/\/kapitalis.com\/tunisie\/2024\/09\/24\/apres-gaza-le-liban-ou-la-passivite-diplomatique-des-etats-arabes\/\" \/>\n<meta property=\"og:locale\" content=\"fr_FR\" \/>\n<meta property=\"og:type\" content=\"article\" \/>\n<meta property=\"og:title\" content=\"Apr\u00e8s Gaza, le Liban\u00a0ou la passivit\u00e9 diplomatique des Etats arabes - Kapitalis\" \/>\n<meta property=\"og:description\" content=\"Un Etat arabe souverain, le Liban, agress\u00e9 par l\u2019aviation isra\u00e9lienne, sans que la Ligue arabe ne se r\u00e9unisse d&#039;urgence et ne condamne l\u2019agression!\" \/>\n<meta property=\"og:url\" content=\"https:\/\/kapitalis.com\/tunisie\/2024\/09\/24\/apres-gaza-le-liban-ou-la-passivite-diplomatique-des-etats-arabes\/\" \/>\n<meta property=\"og:site_name\" content=\"Kapitalis\" \/>\n<meta property=\"article:publisher\" content=\"https:\/\/www.facebook.com\/KapitalisInfo\/\" \/>\n<meta property=\"article:published_time\" content=\"2024-09-24T07:37:23+00:00\" \/>\n<meta property=\"article:modified_time\" content=\"2024-09-24T07:37:25+00:00\" \/>\n<meta property=\"og:image\" content=\"https:\/\/kapitalis.com\/tunisie\/wp-content\/uploads\/2024\/09\/Bombardement-Sud-Liban.jpg\" \/>\n\t<meta property=\"og:image:width\" content=\"1200\" \/>\n\t<meta property=\"og:image:height\" content=\"630\" \/>\n\t<meta property=\"og:image:type\" content=\"image\/jpeg\" \/>\n<meta name=\"author\" content=\"webmaster kapitalis\" \/>\n<meta name=\"twitter:card\" content=\"summary_large_image\" \/>\n<meta name=\"twitter:creator\" content=\"@KapitalisInfo\" \/>\n<meta name=\"twitter:site\" content=\"@KapitalisInfo\" \/>\n<meta name=\"twitter:label1\" content=\"\u00c9crit par\" \/>\n\t<meta name=\"twitter:data1\" content=\"webmaster kapitalis\" \/>\n\t<meta name=\"twitter:label2\" content=\"Dur\u00e9e de lecture estim\u00e9e\" \/>\n\t<meta name=\"twitter:data2\" content=\"3 minutes\" \/>\n<script type=\"application\/ld+json\" class=\"yoast-schema-graph\">{\"@context\":\"https:\/\/schema.org\",\"@graph\":[{\"@type\":\"Article\",\"@id\":\"https:\/\/kapitalis.com\/tunisie\/2024\/09\/24\/apres-gaza-le-liban-ou-la-passivite-diplomatique-des-etats-arabes\/#article\",\"isPartOf\":{\"@id\":\"https:\/\/kapitalis.com\/tunisie\/2024\/09\/24\/apres-gaza-le-liban-ou-la-passivite-diplomatique-des-etats-arabes\/\"},\"author\":{\"name\":\"webmaster kapitalis\",\"@id\":\"https:\/\/kapitalis.com\/tunisie\/#\/schema\/person\/d71f33a9ca44f7bad4698210b480c8e9\"},\"headline\":\"Apr\u00e8s Gaza, le Liban\u00a0ou la passivit\u00e9 diplomatique des Etats arabes\",\"datePublished\":\"2024-09-24T07:37:23+00:00\",\"dateModified\":\"2024-09-24T07:37:25+00:00\",\"mainEntityOfPage\":{\"@id\":\"https:\/\/kapitalis.com\/tunisie\/2024\/09\/24\/apres-gaza-le-liban-ou-la-passivite-diplomatique-des-etats-arabes\/\"},\"wordCount\":511,\"publisher\":{\"@id\":\"https:\/\/kapitalis.com\/tunisie\/#organization\"},\"image\":{\"@id\":\"https:\/\/kapitalis.com\/tunisie\/2024\/09\/24\/apres-gaza-le-liban-ou-la-passivite-diplomatique-des-etats-arabes\/#primaryimage\"},\"thumbnailUrl\":\"https:\/\/kapitalis.com\/tunisie\/wp-content\/uploads\/2024\/09\/Bombardement-Sud-Liban.jpg\",\"keywords\":[\"Alg\u00e9rie\",\"Egypte\",\"Etats arabes\",\"Gaza\",\"Isra\u00ebl\",\"Lahouari Addi\",\"Liban\"],\"articleSection\":[\"A LA UNE\",\"POLITIQUE\",\"TRIBUNE\",\"Tunisie\"],\"inLanguage\":\"fr-FR\"},{\"@type\":\"WebPage\",\"@id\":\"https:\/\/kapitalis.com\/tunisie\/2024\/09\/24\/apres-gaza-le-liban-ou-la-passivite-diplomatique-des-etats-arabes\/\",\"url\":\"https:\/\/kapitalis.com\/tunisie\/2024\/09\/24\/apres-gaza-le-liban-ou-la-passivite-diplomatique-des-etats-arabes\/\",\"name\":\"Apr\u00e8s Gaza, le Liban\u00a0ou la passivit\u00e9 diplomatique des Etats arabes - Kapitalis\",\"isPartOf\":{\"@id\":\"https:\/\/kapitalis.com\/tunisie\/#website\"},\"primaryImageOfPage\":{\"@id\":\"https:\/\/kapitalis.com\/tunisie\/2024\/09\/24\/apres-gaza-le-liban-ou-la-passivite-diplomatique-des-etats-arabes\/#primaryimage\"},\"image\":{\"@id\":\"https:\/\/kapitalis.com\/tunisie\/2024\/09\/24\/apres-gaza-le-liban-ou-la-passivite-diplomatique-des-etats-arabes\/#primaryimage\"},\"thumbnailUrl\":\"https:\/\/kapitalis.com\/tunisie\/wp-content\/uploads\/2024\/09\/Bombardement-Sud-Liban.jpg\",\"datePublished\":\"2024-09-24T07:37:23+00:00\",\"dateModified\":\"2024-09-24T07:37:25+00:00\",\"breadcrumb\":{\"@id\":\"https:\/\/kapitalis.com\/tunisie\/2024\/09\/24\/apres-gaza-le-liban-ou-la-passivite-diplomatique-des-etats-arabes\/#breadcrumb\"},\"inLanguage\":\"fr-FR\",\"potentialAction\":[{\"@type\":\"ReadAction\",\"target\":[\"https:\/\/kapitalis.com\/tunisie\/2024\/09\/24\/apres-gaza-le-liban-ou-la-passivite-diplomatique-des-etats-arabes\/\"]}]},{\"@type\":\"ImageObject\",\"inLanguage\":\"fr-FR\",\"@id\":\"https:\/\/kapitalis.com\/tunisie\/2024\/09\/24\/apres-gaza-le-liban-ou-la-passivite-diplomatique-des-etats-arabes\/#primaryimage\",\"url\":\"https:\/\/kapitalis.com\/tunisie\/wp-content\/uploads\/2024\/09\/Bombardement-Sud-Liban.jpg\",\"contentUrl\":\"https:\/\/kapitalis.com\/tunisie\/wp-content\/uploads\/2024\/09\/Bombardement-Sud-Liban.jpg\",\"width\":1200,\"height\":630},{\"@type\":\"BreadcrumbList\",\"@id\":\"https:\/\/kapitalis.com\/tunisie\/2024\/09\/24\/apres-gaza-le-liban-ou-la-passivite-diplomatique-des-etats-arabes\/#breadcrumb\",\"itemListElement\":[{\"@type\":\"ListItem\",\"position\":1,\"name\":\"Accueil\",\"item\":\"https:\/\/kapitalis.com\/tunisie\/\"},{\"@type\":\"ListItem\",\"position\":2,\"name\":\"Apr\u00e8s Gaza, le Liban\u00a0ou la passivit\u00e9 diplomatique des Etats arabes\"}]},{\"@type\":\"WebSite\",\"@id\":\"https:\/\/kapitalis.com\/tunisie\/#website\",\"url\":\"https:\/\/kapitalis.com\/tunisie\/\",\"name\":\"Kapitalis\",\"description\":\"L&#039;actualit\u00e9 en Tunisie et dans le monde\",\"publisher\":{\"@id\":\"https:\/\/kapitalis.com\/tunisie\/#organization\"},\"potentialAction\":[{\"@type\":\"SearchAction\",\"target\":{\"@type\":\"EntryPoint\",\"urlTemplate\":\"https:\/\/kapitalis.com\/tunisie\/?s={search_term_string}\"},\"query-input\":{\"@type\":\"PropertyValueSpecification\",\"valueRequired\":true,\"valueName\":\"search_term_string\"}}],\"inLanguage\":\"fr-FR\"},{\"@type\":\"Organization\",\"@id\":\"https:\/\/kapitalis.com\/tunisie\/#organization\",\"name\":\"Kapitalis\",\"url\":\"https:\/\/kapitalis.com\/tunisie\/\",\"logo\":{\"@type\":\"ImageObject\",\"inLanguage\":\"fr-FR\",\"@id\":\"https:\/\/kapitalis.com\/tunisie\/#\/schema\/logo\/image\/\",\"url\":\"https:\/\/kapitalis.com\/tunisie\/wp-content\/uploads\/2022\/05\/Kapitalis-big-size.png\",\"contentUrl\":\"https:\/\/kapitalis.com\/tunisie\/wp-content\/uploads\/2022\/05\/Kapitalis-big-size.png\",\"width\":5000,\"height\":1500,\"caption\":\"Kapitalis\"},\"image\":{\"@id\":\"https:\/\/kapitalis.com\/tunisie\/#\/schema\/logo\/image\/\"},\"sameAs\":[\"https:\/\/www.facebook.com\/KapitalisInfo\/\",\"https:\/\/x.com\/KapitalisInfo\",\"https:\/\/www.youtube.com\/channel\/UC-yDYrHyfFBWWZaOw3FPg9Q\"]},{\"@type\":\"Person\",\"@id\":\"https:\/\/kapitalis.com\/tunisie\/#\/schema\/person\/d71f33a9ca44f7bad4698210b480c8e9\",\"name\":\"webmaster kapitalis\",\"url\":\"https:\/\/kapitalis.com\/tunisie\/author\/webmaster-kapitalis\/\"}]}<\/script>\n<!-- \/ Yoast SEO plugin. -->","yoast_head_json":{"title":"Apr\u00e8s Gaza, le Liban\u00a0ou la passivit\u00e9 diplomatique des Etats arabes - Kapitalis","robots":{"index":"index","follow":"follow","max-snippet":"max-snippet:-1","max-image-preview":"max-image-preview:large","max-video-preview":"max-video-preview:-1"},"canonical":"https:\/\/kapitalis.com\/tunisie\/2024\/09\/24\/apres-gaza-le-liban-ou-la-passivite-diplomatique-des-etats-arabes\/","og_locale":"fr_FR","og_type":"article","og_title":"Apr\u00e8s Gaza, le Liban\u00a0ou la passivit\u00e9 diplomatique des Etats arabes - Kapitalis","og_description":"Un Etat arabe souverain, le Liban, agress\u00e9 par l\u2019aviation isra\u00e9lienne, sans que la Ligue arabe ne se r\u00e9unisse d'urgence et ne condamne l\u2019agression!","og_url":"https:\/\/kapitalis.com\/tunisie\/2024\/09\/24\/apres-gaza-le-liban-ou-la-passivite-diplomatique-des-etats-arabes\/","og_site_name":"Kapitalis","article_publisher":"https:\/\/www.facebook.com\/KapitalisInfo\/","article_published_time":"2024-09-24T07:37:23+00:00","article_modified_time":"2024-09-24T07:37:25+00:00","og_image":[{"width":1200,"height":630,"url":"https:\/\/kapitalis.com\/tunisie\/wp-content\/uploads\/2024\/09\/Bombardement-Sud-Liban.jpg","type":"image\/jpeg"}],"author":"webmaster kapitalis","twitter_card":"summary_large_image","twitter_creator":"@KapitalisInfo","twitter_site":"@KapitalisInfo","twitter_misc":{"\u00c9crit par":"webmaster kapitalis","Dur\u00e9e de lecture estim\u00e9e":"3 minutes"},"schema":{"@context":"https:\/\/schema.org","@graph":[{"@type":"Article","@id":"https:\/\/kapitalis.com\/tunisie\/2024\/09\/24\/apres-gaza-le-liban-ou-la-passivite-diplomatique-des-etats-arabes\/#article","isPartOf":{"@id":"https:\/\/kapitalis.com\/tunisie\/2024\/09\/24\/apres-gaza-le-liban-ou-la-passivite-diplomatique-des-etats-arabes\/"},"author":{"name":"webmaster kapitalis","@id":"https:\/\/kapitalis.com\/tunisie\/#\/schema\/person\/d71f33a9ca44f7bad4698210b480c8e9"},"headline":"Apr\u00e8s Gaza, le Liban\u00a0ou la passivit\u00e9 diplomatique des Etats arabes","datePublished":"2024-09-24T07:37:23+00:00","dateModified":"2024-09-24T07:37:25+00:00","mainEntityOfPage":{"@id":"https:\/\/kapitalis.com\/tunisie\/2024\/09\/24\/apres-gaza-le-liban-ou-la-passivite-diplomatique-des-etats-arabes\/"},"wordCount":511,"publisher":{"@id":"https:\/\/kapitalis.com\/tunisie\/#organization"},"image":{"@id":"https:\/\/kapitalis.com\/tunisie\/2024\/09\/24\/apres-gaza-le-liban-ou-la-passivite-diplomatique-des-etats-arabes\/#primaryimage"},"thumbnailUrl":"https:\/\/kapitalis.com\/tunisie\/wp-content\/uploads\/2024\/09\/Bombardement-Sud-Liban.jpg","keywords":["Alg\u00e9rie","Egypte","Etats arabes","Gaza","Isra\u00ebl","Lahouari Addi","Liban"],"articleSection":["A LA UNE","POLITIQUE","TRIBUNE","Tunisie"],"inLanguage":"fr-FR"},{"@type":"WebPage","@id":"https:\/\/kapitalis.com\/tunisie\/2024\/09\/24\/apres-gaza-le-liban-ou-la-passivite-diplomatique-des-etats-arabes\/","url":"https:\/\/kapitalis.com\/tunisie\/2024\/09\/24\/apres-gaza-le-liban-ou-la-passivite-diplomatique-des-etats-arabes\/","name":"Apr\u00e8s Gaza, le Liban\u00a0ou la passivit\u00e9 diplomatique des Etats arabes - Kapitalis","isPartOf":{"@id":"https:\/\/kapitalis.com\/tunisie\/#website"},"primaryImageOfPage":{"@id":"https:\/\/kapitalis.com\/tunisie\/2024\/09\/24\/apres-gaza-le-liban-ou-la-passivite-diplomatique-des-etats-arabes\/#primaryimage"},"image":{"@id":"https:\/\/kapitalis.com\/tunisie\/2024\/09\/24\/apres-gaza-le-liban-ou-la-passivite-diplomatique-des-etats-arabes\/#primaryimage"},"thumbnailUrl":"https:\/\/kapitalis.com\/tunisie\/wp-content\/uploads\/2024\/09\/Bombardement-Sud-Liban.jpg","datePublished":"2024-09-24T07:37:23+00:00","dateModified":"2024-09-24T07:37:25+00:00","breadcrumb":{"@id":"https:\/\/kapitalis.com\/tunisie\/2024\/09\/24\/apres-gaza-le-liban-ou-la-passivite-diplomatique-des-etats-arabes\/#breadcrumb"},"inLanguage":"fr-FR","potentialAction":[{"@type":"ReadAction","target":["https:\/\/kapitalis.com\/tunisie\/2024\/09\/24\/apres-gaza-le-liban-ou-la-passivite-diplomatique-des-etats-arabes\/"]}]},{"@type":"ImageObject","inLanguage":"fr-FR","@id":"https:\/\/kapitalis.com\/tunisie\/2024\/09\/24\/apres-gaza-le-liban-ou-la-passivite-diplomatique-des-etats-arabes\/#primaryimage","url":"https:\/\/kapitalis.com\/tunisie\/wp-content\/uploads\/2024\/09\/Bombardement-Sud-Liban.jpg","contentUrl":"https:\/\/kapitalis.com\/tunisie\/wp-content\/uploads\/2024\/09\/Bombardement-Sud-Liban.jpg","width":1200,"height":630},{"@type":"BreadcrumbList","@id":"https:\/\/kapitalis.com\/tunisie\/2024\/09\/24\/apres-gaza-le-liban-ou-la-passivite-diplomatique-des-etats-arabes\/#breadcrumb","itemListElement":[{"@type":"ListItem","position":1,"name":"Accueil","item":"https:\/\/kapitalis.com\/tunisie\/"},{"@type":"ListItem","position":2,"name":"Apr\u00e8s Gaza, le Liban\u00a0ou la passivit\u00e9 diplomatique des Etats arabes"}]},{"@type":"WebSite","@id":"https:\/\/kapitalis.com\/tunisie\/#website","url":"https:\/\/kapitalis.com\/tunisie\/","name":"Kapitalis","description":"L&#039;actualit\u00e9 en Tunisie et dans le monde","publisher":{"@id":"https:\/\/kapitalis.com\/tunisie\/#organization"},"potentialAction":[{"@type":"SearchAction","target":{"@type":"EntryPoint","urlTemplate":"https:\/\/kapitalis.com\/tunisie\/?s={search_term_string}"},"query-input":{"@type":"PropertyValueSpecification","valueRequired":true,"valueName":"search_term_string"}}],"inLanguage":"fr-FR"},{"@type":"Organization","@id":"https:\/\/kapitalis.com\/tunisie\/#organization","name":"Kapitalis","url":"https:\/\/kapitalis.com\/tunisie\/","logo":{"@type":"ImageObject","inLanguage":"fr-FR","@id":"https:\/\/kapitalis.com\/tunisie\/#\/schema\/logo\/image\/","url":"https:\/\/kapitalis.com\/tunisie\/wp-content\/uploads\/2022\/05\/Kapitalis-big-size.png","contentUrl":"https:\/\/kapitalis.com\/tunisie\/wp-content\/uploads\/2022\/05\/Kapitalis-big-size.png","width":5000,"height":1500,"caption":"Kapitalis"},"image":{"@id":"https:\/\/kapitalis.com\/tunisie\/#\/schema\/logo\/image\/"},"sameAs":["https:\/\/www.facebook.com\/KapitalisInfo\/","https:\/\/x.com\/KapitalisInfo","https:\/\/www.youtube.com\/channel\/UC-yDYrHyfFBWWZaOw3FPg9Q"]},{"@type":"Person","@id":"https:\/\/kapitalis.com\/tunisie\/#\/schema\/person\/d71f33a9ca44f7bad4698210b480c8e9","name":"webmaster kapitalis","url":"https:\/\/kapitalis.com\/tunisie\/author\/webmaster-kapitalis\/"}]}},"_links":{"self":[{"href":"https:\/\/kapitalis.com\/tunisie\/wp-json\/wp\/v2\/posts\/14048142","targetHints":{"allow":["GET"]}}],"collection":[{"href":"https:\/\/kapitalis.com\/tunisie\/wp-json\/wp\/v2\/posts"}],"about":[{"href":"https:\/\/kapitalis.com\/tunisie\/wp-json\/wp\/v2\/types\/post"}],"author":[{"embeddable":true,"href":"https:\/\/kapitalis.com\/tunisie\/wp-json\/wp\/v2\/users\/8"}],"replies":[{"embeddable":true,"href":"https:\/\/kapitalis.com\/tunisie\/wp-json\/wp\/v2\/comments?post=14048142"}],"version-history":[{"count":1,"href":"https:\/\/kapitalis.com\/tunisie\/wp-json\/wp\/v2\/posts\/14048142\/revisions"}],"predecessor-version":[{"id":14048198,"href":"https:\/\/kapitalis.com\/tunisie\/wp-json\/wp\/v2\/posts\/14048142\/revisions\/14048198"}],"wp:featuredmedia":[{"embeddable":true,"href":"https:\/\/kapitalis.com\/tunisie\/wp-json\/wp\/v2\/media\/14048180"}],"wp:attachment":[{"href":"https:\/\/kapitalis.com\/tunisie\/wp-json\/wp\/v2\/media?parent=14048142"}],"wp:term":[{"taxonomy":"category","embeddable":true,"href":"https:\/\/kapitalis.com\/tunisie\/wp-json\/wp\/v2\/categories?post=14048142"},{"taxonomy":"post_tag","embeddable":true,"href":"https:\/\/kapitalis.com\/tunisie\/wp-json\/wp\/v2\/tags?post=14048142"}],"curies":[{"name":"wp","href":"https:\/\/api.w.org\/{rel}","templated":true}]}}