{"id":14056001,"date":"2024-09-24T19:58:27","date_gmt":"2024-09-24T18:58:27","guid":{"rendered":"https:\/\/kapitalis.com\/tunisie\/?p=14056001"},"modified":"2024-09-24T20:24:19","modified_gmt":"2024-09-24T19:24:19","slug":"tunisie-les-employes-des-grandes-surfaces-en-greve-le-28-septembre","status":"publish","type":"post","link":"https:\/\/kapitalis.com\/tunisie\/2024\/09\/24\/tunisie-les-employes-des-grandes-surfaces-en-greve-le-28-septembre\/","title":{"rendered":"Tunisie : Les employ\u00e9s des grandes surfaces en gr\u00e8ve le 28 septembre"},"content":{"rendered":"\n<p><strong><em>La F\u00e9d\u00e9ration g\u00e9n\u00e9rale des industries alimentaires, du tourisme, du commerce et de l&rsquo;artisanat, relevant de l&rsquo;Union g\u00e9n\u00e9rale tunisienne du travail (UGTT) a annonc\u00e9 que les employ\u00e9s des grandes surfaces seront en gr\u00e8ve samedi 28 septembre 2024.<\/em><\/strong><\/p>\n\n\n\n<!--more-->\n\n\n\n<p>Selon la F\u00e9d\u00e9ration g\u00e9n\u00e9rale, cette gr\u00e8ve fait suite au refus de l&rsquo;Union tunisienne de l&rsquo;Industrie, du Commerce et de l&rsquo;Artisanat (Utica) de signer le projet d&rsquo;accord sectoriel commun relatif aux grandes, moyennes et petites surfaces, alors que celui-ci a \u00e9t\u00e9 sign\u00e9 par la chambre nationale.<\/p>\n\n\n\n<p>Dans son communiqu\u00e9 la F\u00e9d\u00e9ration a appel\u00e9 le minist\u00e8re des Affaires sociales \u00e0 intervenir dans ce sens en vue de d\u00e9bloquer la situation, tout en annon\u00e7ant un rassemblement mercredi 25 septembre devant le si\u00e8ge du minist\u00e8re des Affaires sociales \u00e0 Tunis et un autre jeudi 26 septembre devant le si\u00e8ge de l&rsquo;Utica.<\/p>\n\n\n\n<p class=\"has-text-align-right\"><strong>Y. N.<\/strong><\/p>\n","protected":false},"excerpt":{"rendered":"<p>La F\u00e9d\u00e9ration g\u00e9n\u00e9rale des industries alimentaires, du tourisme, du commerce et de l&rsquo;artisanat, relevant de l&rsquo;Union g\u00e9n\u00e9rale tunisienne du travail (UGTT) a annonc\u00e9 que les employ\u00e9s des grandes surfaces seront en gr\u00e8ve samedi 28 septembre 2024.<\/p>\n","protected":false},"author":6,"featured_media":14056041,"comment_status":"closed","ping_status":"open","sticky":false,"template":"","format":"standard","meta":{"footnotes":""},"categories":[998,2433],"tags":[422,106372,10932,62643,940],"class_list":["post-14056001","post","type-post","status-publish","format-standard","has-post-thumbnail","hentry","category-societe","category-tunisie","tag-grandes-surfaces","tag-greve-2","tag-ministere-des-affaires-sociales","tag-tunisie","tag-utica"],"yoast_head":"<!-- This site is optimized with the Yoast SEO plugin v26.6 - https:\/\/yoast.com\/wordpress\/plugins\/seo\/ -->\n<title>Tunisie : Les employ\u00e9s des grandes surfaces en gr\u00e8ve le 28 septembre - Kapitalis<\/title>\n<meta name=\"robots\" content=\"index, follow, max-snippet:-1, max-image-preview:large, max-video-preview:-1\" \/>\n<link rel=\"canonical\" href=\"https:\/\/kapitalis.com\/tunisie\/2024\/09\/24\/tunisie-les-employes-des-grandes-surfaces-en-greve-le-28-septembre\/\" \/>\n<meta property=\"og:locale\" content=\"fr_FR\" \/>\n<meta property=\"og:type\" content=\"article\" \/>\n<meta property=\"og:title\" content=\"Tunisie : Les employ\u00e9s des grandes surfaces en gr\u00e8ve le 28 septembre - Kapitalis\" \/>\n<meta property=\"og:description\" content=\"La F\u00e9d\u00e9ration g\u00e9n\u00e9rale des industries alimentaires, du tourisme, du commerce et de l&rsquo;artisanat, relevant de l&rsquo;Union g\u00e9n\u00e9rale tunisienne du travail (UGTT) a annonc\u00e9 que les employ\u00e9s des grandes surfaces seront en gr\u00e8ve samedi 28 septembre 2024.\" \/>\n<meta property=\"og:url\" content=\"https:\/\/kapitalis.com\/tunisie\/2024\/09\/24\/tunisie-les-employes-des-grandes-surfaces-en-greve-le-28-septembre\/\" \/>\n<meta property=\"og:site_name\" content=\"Kapitalis\" \/>\n<meta property=\"article:publisher\" content=\"https:\/\/www.facebook.com\/KapitalisInfo\/\" \/>\n<meta property=\"article:published_time\" content=\"2024-09-24T18:58:27+00:00\" \/>\n<meta property=\"article:modified_time\" content=\"2024-09-24T19:24:19+00:00\" \/>\n<meta property=\"og:image\" content=\"https:\/\/kapitalis.com\/tunisie\/wp-content\/uploads\/2024\/09\/grandes-surfaces.jpg\" \/>\n\t<meta property=\"og:image:width\" content=\"1200\" \/>\n\t<meta property=\"og:image:height\" content=\"630\" \/>\n\t<meta property=\"og:image:type\" content=\"image\/jpeg\" \/>\n<meta name=\"author\" content=\"Yusra NY\" \/>\n<meta name=\"twitter:card\" content=\"summary_large_image\" \/>\n<meta name=\"twitter:creator\" content=\"@KapitalisInfo\" \/>\n<meta name=\"twitter:site\" content=\"@KapitalisInfo\" \/>\n<meta name=\"twitter:label1\" content=\"\u00c9crit par\" \/>\n\t<meta name=\"twitter:data1\" content=\"Yusra NY\" \/>\n\t<meta name=\"twitter:label2\" content=\"Dur\u00e9e de lecture estim\u00e9e\" \/>\n\t<meta name=\"twitter:data2\" content=\"1 minute\" \/>\n<script type=\"application\/ld+json\" class=\"yoast-schema-graph\">{\"@context\":\"https:\/\/schema.org\",\"@graph\":[{\"@type\":\"Article\",\"@id\":\"https:\/\/kapitalis.com\/tunisie\/2024\/09\/24\/tunisie-les-employes-des-grandes-surfaces-en-greve-le-28-septembre\/#article\",\"isPartOf\":{\"@id\":\"https:\/\/kapitalis.com\/tunisie\/2024\/09\/24\/tunisie-les-employes-des-grandes-surfaces-en-greve-le-28-septembre\/\"},\"author\":{\"name\":\"Yusra NY\",\"@id\":\"https:\/\/kapitalis.com\/tunisie\/#\/schema\/person\/74bbde0154d49d790a92aaeac5bc01d5\"},\"headline\":\"Tunisie : Les employ\u00e9s des grandes surfaces en gr\u00e8ve le 28 septembre\",\"datePublished\":\"2024-09-24T18:58:27+00:00\",\"dateModified\":\"2024-09-24T19:24:19+00:00\",\"mainEntityOfPage\":{\"@id\":\"https:\/\/kapitalis.com\/tunisie\/2024\/09\/24\/tunisie-les-employes-des-grandes-surfaces-en-greve-le-28-septembre\/\"},\"wordCount\":162,\"publisher\":{\"@id\":\"https:\/\/kapitalis.com\/tunisie\/#organization\"},\"image\":{\"@id\":\"https:\/\/kapitalis.com\/tunisie\/2024\/09\/24\/tunisie-les-employes-des-grandes-surfaces-en-greve-le-28-septembre\/#primaryimage\"},\"thumbnailUrl\":\"https:\/\/kapitalis.com\/tunisie\/wp-content\/uploads\/2024\/09\/grandes-surfaces.jpg\",\"keywords\":[\"grandes surfaces\",\"GR\u00c8VE\",\"minist\u00e8re des affaires sociales\",\"Tunisie\",\"Utica\"],\"articleSection\":[\"SOCIETE\",\"Tunisie\"],\"inLanguage\":\"fr-FR\"},{\"@type\":\"WebPage\",\"@id\":\"https:\/\/kapitalis.com\/tunisie\/2024\/09\/24\/tunisie-les-employes-des-grandes-surfaces-en-greve-le-28-septembre\/\",\"url\":\"https:\/\/kapitalis.com\/tunisie\/2024\/09\/24\/tunisie-les-employes-des-grandes-surfaces-en-greve-le-28-septembre\/\",\"name\":\"Tunisie : Les employ\u00e9s des grandes surfaces en gr\u00e8ve le 28 septembre - Kapitalis\",\"isPartOf\":{\"@id\":\"https:\/\/kapitalis.com\/tunisie\/#website\"},\"primaryImageOfPage\":{\"@id\":\"https:\/\/kapitalis.com\/tunisie\/2024\/09\/24\/tunisie-les-employes-des-grandes-surfaces-en-greve-le-28-septembre\/#primaryimage\"},\"image\":{\"@id\":\"https:\/\/kapitalis.com\/tunisie\/2024\/09\/24\/tunisie-les-employes-des-grandes-surfaces-en-greve-le-28-septembre\/#primaryimage\"},\"thumbnailUrl\":\"https:\/\/kapitalis.com\/tunisie\/wp-content\/uploads\/2024\/09\/grandes-surfaces.jpg\",\"datePublished\":\"2024-09-24T18:58:27+00:00\",\"dateModified\":\"2024-09-24T19:24:19+00:00\",\"breadcrumb\":{\"@id\":\"https:\/\/kapitalis.com\/tunisie\/2024\/09\/24\/tunisie-les-employes-des-grandes-surfaces-en-greve-le-28-septembre\/#breadcrumb\"},\"inLanguage\":\"fr-FR\",\"potentialAction\":[{\"@type\":\"ReadAction\",\"target\":[\"https:\/\/kapitalis.com\/tunisie\/2024\/09\/24\/tunisie-les-employes-des-grandes-surfaces-en-greve-le-28-septembre\/\"]}]},{\"@type\":\"ImageObject\",\"inLanguage\":\"fr-FR\",\"@id\":\"https:\/\/kapitalis.com\/tunisie\/2024\/09\/24\/tunisie-les-employes-des-grandes-surfaces-en-greve-le-28-septembre\/#primaryimage\",\"url\":\"https:\/\/kapitalis.com\/tunisie\/wp-content\/uploads\/2024\/09\/grandes-surfaces.jpg\",\"contentUrl\":\"https:\/\/kapitalis.com\/tunisie\/wp-content\/uploads\/2024\/09\/grandes-surfaces.jpg\",\"width\":1200,\"height\":630},{\"@type\":\"BreadcrumbList\",\"@id\":\"https:\/\/kapitalis.com\/tunisie\/2024\/09\/24\/tunisie-les-employes-des-grandes-surfaces-en-greve-le-28-septembre\/#breadcrumb\",\"itemListElement\":[{\"@type\":\"ListItem\",\"position\":1,\"name\":\"Accueil\",\"item\":\"https:\/\/kapitalis.com\/tunisie\/\"},{\"@type\":\"ListItem\",\"position\":2,\"name\":\"Tunisie : Les employ\u00e9s des grandes surfaces en gr\u00e8ve le 28 septembre\"}]},{\"@type\":\"WebSite\",\"@id\":\"https:\/\/kapitalis.com\/tunisie\/#website\",\"url\":\"https:\/\/kapitalis.com\/tunisie\/\",\"name\":\"Kapitalis\",\"description\":\"L&#039;actualit\u00e9 en Tunisie et dans le monde\",\"publisher\":{\"@id\":\"https:\/\/kapitalis.com\/tunisie\/#organization\"},\"potentialAction\":[{\"@type\":\"SearchAction\",\"target\":{\"@type\":\"EntryPoint\",\"urlTemplate\":\"https:\/\/kapitalis.com\/tunisie\/?s={search_term_string}\"},\"query-input\":{\"@type\":\"PropertyValueSpecification\",\"valueRequired\":true,\"valueName\":\"search_term_string\"}}],\"inLanguage\":\"fr-FR\"},{\"@type\":\"Organization\",\"@id\":\"https:\/\/kapitalis.com\/tunisie\/#organization\",\"name\":\"Kapitalis\",\"url\":\"https:\/\/kapitalis.com\/tunisie\/\",\"logo\":{\"@type\":\"ImageObject\",\"inLanguage\":\"fr-FR\",\"@id\":\"https:\/\/kapitalis.com\/tunisie\/#\/schema\/logo\/image\/\",\"url\":\"https:\/\/kapitalis.com\/tunisie\/wp-content\/uploads\/2022\/05\/Kapitalis-big-size.png\",\"contentUrl\":\"https:\/\/kapitalis.com\/tunisie\/wp-content\/uploads\/2022\/05\/Kapitalis-big-size.png\",\"width\":5000,\"height\":1500,\"caption\":\"Kapitalis\"},\"image\":{\"@id\":\"https:\/\/kapitalis.com\/tunisie\/#\/schema\/logo\/image\/\"},\"sameAs\":[\"https:\/\/www.facebook.com\/KapitalisInfo\/\",\"https:\/\/x.com\/KapitalisInfo\",\"https:\/\/www.youtube.com\/channel\/UC-yDYrHyfFBWWZaOw3FPg9Q\"]},{\"@type\":\"Person\",\"@id\":\"https:\/\/kapitalis.com\/tunisie\/#\/schema\/person\/74bbde0154d49d790a92aaeac5bc01d5\",\"name\":\"Yusra NY\",\"url\":\"https:\/\/kapitalis.com\/tunisie\/author\/yuza_adam\/\"}]}<\/script>\n<!-- \/ Yoast SEO plugin. -->","yoast_head_json":{"title":"Tunisie : Les employ\u00e9s des grandes surfaces en gr\u00e8ve le 28 septembre - Kapitalis","robots":{"index":"index","follow":"follow","max-snippet":"max-snippet:-1","max-image-preview":"max-image-preview:large","max-video-preview":"max-video-preview:-1"},"canonical":"https:\/\/kapitalis.com\/tunisie\/2024\/09\/24\/tunisie-les-employes-des-grandes-surfaces-en-greve-le-28-septembre\/","og_locale":"fr_FR","og_type":"article","og_title":"Tunisie : Les employ\u00e9s des grandes surfaces en gr\u00e8ve le 28 septembre - Kapitalis","og_description":"La F\u00e9d\u00e9ration g\u00e9n\u00e9rale des industries alimentaires, du tourisme, du commerce et de l&rsquo;artisanat, relevant de l&rsquo;Union g\u00e9n\u00e9rale tunisienne du travail (UGTT) a annonc\u00e9 que les employ\u00e9s des grandes surfaces seront en gr\u00e8ve samedi 28 septembre 2024.","og_url":"https:\/\/kapitalis.com\/tunisie\/2024\/09\/24\/tunisie-les-employes-des-grandes-surfaces-en-greve-le-28-septembre\/","og_site_name":"Kapitalis","article_publisher":"https:\/\/www.facebook.com\/KapitalisInfo\/","article_published_time":"2024-09-24T18:58:27+00:00","article_modified_time":"2024-09-24T19:24:19+00:00","og_image":[{"width":1200,"height":630,"url":"https:\/\/kapitalis.com\/tunisie\/wp-content\/uploads\/2024\/09\/grandes-surfaces.jpg","type":"image\/jpeg"}],"author":"Yusra NY","twitter_card":"summary_large_image","twitter_creator":"@KapitalisInfo","twitter_site":"@KapitalisInfo","twitter_misc":{"\u00c9crit par":"Yusra NY","Dur\u00e9e de lecture estim\u00e9e":"1 minute"},"schema":{"@context":"https:\/\/schema.org","@graph":[{"@type":"Article","@id":"https:\/\/kapitalis.com\/tunisie\/2024\/09\/24\/tunisie-les-employes-des-grandes-surfaces-en-greve-le-28-septembre\/#article","isPartOf":{"@id":"https:\/\/kapitalis.com\/tunisie\/2024\/09\/24\/tunisie-les-employes-des-grandes-surfaces-en-greve-le-28-septembre\/"},"author":{"name":"Yusra NY","@id":"https:\/\/kapitalis.com\/tunisie\/#\/schema\/person\/74bbde0154d49d790a92aaeac5bc01d5"},"headline":"Tunisie : Les employ\u00e9s des grandes surfaces en gr\u00e8ve le 28 septembre","datePublished":"2024-09-24T18:58:27+00:00","dateModified":"2024-09-24T19:24:19+00:00","mainEntityOfPage":{"@id":"https:\/\/kapitalis.com\/tunisie\/2024\/09\/24\/tunisie-les-employes-des-grandes-surfaces-en-greve-le-28-septembre\/"},"wordCount":162,"publisher":{"@id":"https:\/\/kapitalis.com\/tunisie\/#organization"},"image":{"@id":"https:\/\/kapitalis.com\/tunisie\/2024\/09\/24\/tunisie-les-employes-des-grandes-surfaces-en-greve-le-28-septembre\/#primaryimage"},"thumbnailUrl":"https:\/\/kapitalis.com\/tunisie\/wp-content\/uploads\/2024\/09\/grandes-surfaces.jpg","keywords":["grandes surfaces","GR\u00c8VE","minist\u00e8re des affaires sociales","Tunisie","Utica"],"articleSection":["SOCIETE","Tunisie"],"inLanguage":"fr-FR"},{"@type":"WebPage","@id":"https:\/\/kapitalis.com\/tunisie\/2024\/09\/24\/tunisie-les-employes-des-grandes-surfaces-en-greve-le-28-septembre\/","url":"https:\/\/kapitalis.com\/tunisie\/2024\/09\/24\/tunisie-les-employes-des-grandes-surfaces-en-greve-le-28-septembre\/","name":"Tunisie : Les employ\u00e9s des grandes surfaces en gr\u00e8ve le 28 septembre - Kapitalis","isPartOf":{"@id":"https:\/\/kapitalis.com\/tunisie\/#website"},"primaryImageOfPage":{"@id":"https:\/\/kapitalis.com\/tunisie\/2024\/09\/24\/tunisie-les-employes-des-grandes-surfaces-en-greve-le-28-septembre\/#primaryimage"},"image":{"@id":"https:\/\/kapitalis.com\/tunisie\/2024\/09\/24\/tunisie-les-employes-des-grandes-surfaces-en-greve-le-28-septembre\/#primaryimage"},"thumbnailUrl":"https:\/\/kapitalis.com\/tunisie\/wp-content\/uploads\/2024\/09\/grandes-surfaces.jpg","datePublished":"2024-09-24T18:58:27+00:00","dateModified":"2024-09-24T19:24:19+00:00","breadcrumb":{"@id":"https:\/\/kapitalis.com\/tunisie\/2024\/09\/24\/tunisie-les-employes-des-grandes-surfaces-en-greve-le-28-septembre\/#breadcrumb"},"inLanguage":"fr-FR","potentialAction":[{"@type":"ReadAction","target":["https:\/\/kapitalis.com\/tunisie\/2024\/09\/24\/tunisie-les-employes-des-grandes-surfaces-en-greve-le-28-septembre\/"]}]},{"@type":"ImageObject","inLanguage":"fr-FR","@id":"https:\/\/kapitalis.com\/tunisie\/2024\/09\/24\/tunisie-les-employes-des-grandes-surfaces-en-greve-le-28-septembre\/#primaryimage","url":"https:\/\/kapitalis.com\/tunisie\/wp-content\/uploads\/2024\/09\/grandes-surfaces.jpg","contentUrl":"https:\/\/kapitalis.com\/tunisie\/wp-content\/uploads\/2024\/09\/grandes-surfaces.jpg","width":1200,"height":630},{"@type":"BreadcrumbList","@id":"https:\/\/kapitalis.com\/tunisie\/2024\/09\/24\/tunisie-les-employes-des-grandes-surfaces-en-greve-le-28-septembre\/#breadcrumb","itemListElement":[{"@type":"ListItem","position":1,"name":"Accueil","item":"https:\/\/kapitalis.com\/tunisie\/"},{"@type":"ListItem","position":2,"name":"Tunisie : Les employ\u00e9s des grandes surfaces en gr\u00e8ve le 28 septembre"}]},{"@type":"WebSite","@id":"https:\/\/kapitalis.com\/tunisie\/#website","url":"https:\/\/kapitalis.com\/tunisie\/","name":"Kapitalis","description":"L&#039;actualit\u00e9 en Tunisie et dans le monde","publisher":{"@id":"https:\/\/kapitalis.com\/tunisie\/#organization"},"potentialAction":[{"@type":"SearchAction","target":{"@type":"EntryPoint","urlTemplate":"https:\/\/kapitalis.com\/tunisie\/?s={search_term_string}"},"query-input":{"@type":"PropertyValueSpecification","valueRequired":true,"valueName":"search_term_string"}}],"inLanguage":"fr-FR"},{"@type":"Organization","@id":"https:\/\/kapitalis.com\/tunisie\/#organization","name":"Kapitalis","url":"https:\/\/kapitalis.com\/tunisie\/","logo":{"@type":"ImageObject","inLanguage":"fr-FR","@id":"https:\/\/kapitalis.com\/tunisie\/#\/schema\/logo\/image\/","url":"https:\/\/kapitalis.com\/tunisie\/wp-content\/uploads\/2022\/05\/Kapitalis-big-size.png","contentUrl":"https:\/\/kapitalis.com\/tunisie\/wp-content\/uploads\/2022\/05\/Kapitalis-big-size.png","width":5000,"height":1500,"caption":"Kapitalis"},"image":{"@id":"https:\/\/kapitalis.com\/tunisie\/#\/schema\/logo\/image\/"},"sameAs":["https:\/\/www.facebook.com\/KapitalisInfo\/","https:\/\/x.com\/KapitalisInfo","https:\/\/www.youtube.com\/channel\/UC-yDYrHyfFBWWZaOw3FPg9Q"]},{"@type":"Person","@id":"https:\/\/kapitalis.com\/tunisie\/#\/schema\/person\/74bbde0154d49d790a92aaeac5bc01d5","name":"Yusra NY","url":"https:\/\/kapitalis.com\/tunisie\/author\/yuza_adam\/"}]}},"_links":{"self":[{"href":"https:\/\/kapitalis.com\/tunisie\/wp-json\/wp\/v2\/posts\/14056001","targetHints":{"allow":["GET"]}}],"collection":[{"href":"https:\/\/kapitalis.com\/tunisie\/wp-json\/wp\/v2\/posts"}],"about":[{"href":"https:\/\/kapitalis.com\/tunisie\/wp-json\/wp\/v2\/types\/post"}],"author":[{"embeddable":true,"href":"https:\/\/kapitalis.com\/tunisie\/wp-json\/wp\/v2\/users\/6"}],"replies":[{"embeddable":true,"href":"https:\/\/kapitalis.com\/tunisie\/wp-json\/wp\/v2\/comments?post=14056001"}],"version-history":[{"count":1,"href":"https:\/\/kapitalis.com\/tunisie\/wp-json\/wp\/v2\/posts\/14056001\/revisions"}],"predecessor-version":[{"id":14056042,"href":"https:\/\/kapitalis.com\/tunisie\/wp-json\/wp\/v2\/posts\/14056001\/revisions\/14056042"}],"wp:featuredmedia":[{"embeddable":true,"href":"https:\/\/kapitalis.com\/tunisie\/wp-json\/wp\/v2\/media\/14056041"}],"wp:attachment":[{"href":"https:\/\/kapitalis.com\/tunisie\/wp-json\/wp\/v2\/media?parent=14056001"}],"wp:term":[{"taxonomy":"category","embeddable":true,"href":"https:\/\/kapitalis.com\/tunisie\/wp-json\/wp\/v2\/categories?post=14056001"},{"taxonomy":"post_tag","embeddable":true,"href":"https:\/\/kapitalis.com\/tunisie\/wp-json\/wp\/v2\/tags?post=14056001"}],"curies":[{"name":"wp","href":"https:\/\/api.w.org\/{rel}","templated":true}]}}