{"id":14057182,"date":"2024-09-24T21:24:13","date_gmt":"2024-09-24T20:24:13","guid":{"rendered":"https:\/\/kapitalis.com\/tunisie\/?p=14057182"},"modified":"2024-09-24T21:48:04","modified_gmt":"2024-09-24T20:48:04","slug":"deces-du-poete-et-romancier-tunisien-abdeljabbar-eleuch","status":"publish","type":"post","link":"https:\/\/kapitalis.com\/tunisie\/2024\/09\/24\/deces-du-poete-et-romancier-tunisien-abdeljabbar-eleuch\/","title":{"rendered":"D\u00e9c\u00e8s du po\u00e8te et romancier tunisien Abdeljabbar Eleuch"},"content":{"rendered":"\n<p><em><strong>Le minist\u00e8re des Affaires culturelles a d\u00e9plor\u00e9 le d\u00e9c\u00e8s du po\u00e8te et romancier Abdeljabbar Eleuch, survenu ce mardi 24 septembre 2024.<\/strong><\/em><\/p>\n\n\n\n<!--more-->\n\n\n\n<p>N\u00e9 le 27 juin 1960 \u00e0 Sfax , Abdeljabbar Eleuch est un po\u00e8te et romancier tunisien, auteur de nombreux recueils et laur\u00e9at du Comar d&rsquo;Or en 2001 (\u00ab\u00a0<em>Chronique de la cit\u00e9 \u00e9trange<\/em>\u00ab\u00a0) est l&rsquo;une des plus belles plumes tunisiennes d&rsquo;expression arabe, qui a laiss\u00e9 un important h\u00e9ritage litt\u00e9raire, rappelle le minist\u00e8re des Affaires culturelles citant notamment \u00ab\u00a0<em>Po\u00e9sies<\/em>\u00a0\u00bb (1988), \u00ab\u00a0<em>Gollanar<\/em>\u00a0\u00bb (1997) et \u00ab\u00a0<em>Proc\u00e8s d&rsquo;un chien<\/em>\u00a0\u00bb (2007) traduit en fran\u00e7ais par H\u00e9di Khlil.<\/p>\n\n\n\n<p>Le regrett\u00e9 Abdeljabbar Eleuch est \u00e9galement co-auteur d&rsquo;un ouvrage collectif paru en langue fran\u00e7aise : <em>\u00ab\u00a0Enfances tunisiennes\u00a0\u00bb<\/em>, r\u00e9cits recueillis par Sophie Bessis et Le\u00efla Sebbar (Editions Elyzad, 2011).<\/p>\n\n\n\n<p>Le minist\u00e8re a pr\u00e9sent\u00e9 ses condol\u00e9ances \u00e0 la famille proches et amis d&rsquo;Abdeljabbar Eleuch aini qu&rsquo;\u00e0 toute la amille culturelle, litt\u00e9raire et artistique tunisienne.<\/p>\n\n\n\n<p class=\"has-text-align-right\"><strong>Y. N.<\/strong><\/p>\n\n\n\n<p><\/p>\n","protected":false},"excerpt":{"rendered":"<p>Le minist\u00e8re des Affaires culturelles a d\u00e9plor\u00e9 le d\u00e9c\u00e8s du po\u00e8te et romancier Abdeljabbar Eleuch, survenu ce mardi 24 septembre 2024.<\/p>\n","protected":false},"author":6,"featured_media":14057249,"comment_status":"closed","ping_status":"open","sticky":false,"template":"","format":"standard","meta":{"footnotes":""},"categories":[994,2433],"tags":[118098,64263,96696,823],"class_list":["post-14057182","post","type-post","status-publish","format-standard","has-post-thumbnail","hentry","category-culture","category-tunisie","tag-abdeljabbar-eleuch","tag-deces","tag-poete-tunisien","tag-sfax"],"yoast_head":"<!-- This site is optimized with the Yoast SEO plugin v26.6 - https:\/\/yoast.com\/wordpress\/plugins\/seo\/ -->\n<title>D\u00e9c\u00e8s du po\u00e8te et romancier tunisien Abdeljabbar Eleuch - Kapitalis<\/title>\n<meta name=\"robots\" content=\"index, follow, max-snippet:-1, max-image-preview:large, max-video-preview:-1\" \/>\n<link rel=\"canonical\" href=\"https:\/\/kapitalis.com\/tunisie\/2024\/09\/24\/deces-du-poete-et-romancier-tunisien-abdeljabbar-eleuch\/\" \/>\n<meta property=\"og:locale\" content=\"fr_FR\" \/>\n<meta property=\"og:type\" content=\"article\" \/>\n<meta property=\"og:title\" content=\"D\u00e9c\u00e8s du po\u00e8te et romancier tunisien Abdeljabbar Eleuch - Kapitalis\" \/>\n<meta property=\"og:description\" content=\"Le minist\u00e8re des Affaires culturelles a d\u00e9plor\u00e9 le d\u00e9c\u00e8s du po\u00e8te et romancier Abdeljabbar Eleuch, survenu ce mardi 24 septembre 2024.\" \/>\n<meta property=\"og:url\" content=\"https:\/\/kapitalis.com\/tunisie\/2024\/09\/24\/deces-du-poete-et-romancier-tunisien-abdeljabbar-eleuch\/\" \/>\n<meta property=\"og:site_name\" content=\"Kapitalis\" \/>\n<meta property=\"article:publisher\" content=\"https:\/\/www.facebook.com\/KapitalisInfo\/\" \/>\n<meta property=\"article:published_time\" content=\"2024-09-24T20:24:13+00:00\" \/>\n<meta property=\"article:modified_time\" content=\"2024-09-24T20:48:04+00:00\" \/>\n<meta property=\"og:image\" content=\"https:\/\/kapitalis.com\/tunisie\/wp-content\/uploads\/2024\/09\/Abdeljabbar-Eleuch.jpg\" \/>\n\t<meta property=\"og:image:width\" content=\"1200\" \/>\n\t<meta property=\"og:image:height\" content=\"630\" \/>\n\t<meta property=\"og:image:type\" content=\"image\/jpeg\" \/>\n<meta name=\"author\" content=\"Yusra NY\" \/>\n<meta name=\"twitter:card\" content=\"summary_large_image\" \/>\n<meta name=\"twitter:creator\" content=\"@KapitalisInfo\" \/>\n<meta name=\"twitter:site\" content=\"@KapitalisInfo\" \/>\n<meta name=\"twitter:label1\" content=\"\u00c9crit par\" \/>\n\t<meta name=\"twitter:data1\" content=\"Yusra NY\" \/>\n\t<meta name=\"twitter:label2\" content=\"Dur\u00e9e de lecture estim\u00e9e\" \/>\n\t<meta name=\"twitter:data2\" content=\"1 minute\" \/>\n<script type=\"application\/ld+json\" class=\"yoast-schema-graph\">{\"@context\":\"https:\/\/schema.org\",\"@graph\":[{\"@type\":\"Article\",\"@id\":\"https:\/\/kapitalis.com\/tunisie\/2024\/09\/24\/deces-du-poete-et-romancier-tunisien-abdeljabbar-eleuch\/#article\",\"isPartOf\":{\"@id\":\"https:\/\/kapitalis.com\/tunisie\/2024\/09\/24\/deces-du-poete-et-romancier-tunisien-abdeljabbar-eleuch\/\"},\"author\":{\"name\":\"Yusra NY\",\"@id\":\"https:\/\/kapitalis.com\/tunisie\/#\/schema\/person\/74bbde0154d49d790a92aaeac5bc01d5\"},\"headline\":\"D\u00e9c\u00e8s du po\u00e8te et romancier tunisien Abdeljabbar Eleuch\",\"datePublished\":\"2024-09-24T20:24:13+00:00\",\"dateModified\":\"2024-09-24T20:48:04+00:00\",\"mainEntityOfPage\":{\"@id\":\"https:\/\/kapitalis.com\/tunisie\/2024\/09\/24\/deces-du-poete-et-romancier-tunisien-abdeljabbar-eleuch\/\"},\"wordCount\":165,\"publisher\":{\"@id\":\"https:\/\/kapitalis.com\/tunisie\/#organization\"},\"image\":{\"@id\":\"https:\/\/kapitalis.com\/tunisie\/2024\/09\/24\/deces-du-poete-et-romancier-tunisien-abdeljabbar-eleuch\/#primaryimage\"},\"thumbnailUrl\":\"https:\/\/kapitalis.com\/tunisie\/wp-content\/uploads\/2024\/09\/Abdeljabbar-Eleuch.jpg\",\"keywords\":[\"Abdeljabbar Eleuch\",\"d\u00e9c\u00e8s\",\"po\u00e8te tunisien\",\"Sfax\"],\"articleSection\":[\"CULTURE\",\"Tunisie\"],\"inLanguage\":\"fr-FR\"},{\"@type\":\"WebPage\",\"@id\":\"https:\/\/kapitalis.com\/tunisie\/2024\/09\/24\/deces-du-poete-et-romancier-tunisien-abdeljabbar-eleuch\/\",\"url\":\"https:\/\/kapitalis.com\/tunisie\/2024\/09\/24\/deces-du-poete-et-romancier-tunisien-abdeljabbar-eleuch\/\",\"name\":\"D\u00e9c\u00e8s du po\u00e8te et romancier tunisien Abdeljabbar Eleuch - Kapitalis\",\"isPartOf\":{\"@id\":\"https:\/\/kapitalis.com\/tunisie\/#website\"},\"primaryImageOfPage\":{\"@id\":\"https:\/\/kapitalis.com\/tunisie\/2024\/09\/24\/deces-du-poete-et-romancier-tunisien-abdeljabbar-eleuch\/#primaryimage\"},\"image\":{\"@id\":\"https:\/\/kapitalis.com\/tunisie\/2024\/09\/24\/deces-du-poete-et-romancier-tunisien-abdeljabbar-eleuch\/#primaryimage\"},\"thumbnailUrl\":\"https:\/\/kapitalis.com\/tunisie\/wp-content\/uploads\/2024\/09\/Abdeljabbar-Eleuch.jpg\",\"datePublished\":\"2024-09-24T20:24:13+00:00\",\"dateModified\":\"2024-09-24T20:48:04+00:00\",\"breadcrumb\":{\"@id\":\"https:\/\/kapitalis.com\/tunisie\/2024\/09\/24\/deces-du-poete-et-romancier-tunisien-abdeljabbar-eleuch\/#breadcrumb\"},\"inLanguage\":\"fr-FR\",\"potentialAction\":[{\"@type\":\"ReadAction\",\"target\":[\"https:\/\/kapitalis.com\/tunisie\/2024\/09\/24\/deces-du-poete-et-romancier-tunisien-abdeljabbar-eleuch\/\"]}]},{\"@type\":\"ImageObject\",\"inLanguage\":\"fr-FR\",\"@id\":\"https:\/\/kapitalis.com\/tunisie\/2024\/09\/24\/deces-du-poete-et-romancier-tunisien-abdeljabbar-eleuch\/#primaryimage\",\"url\":\"https:\/\/kapitalis.com\/tunisie\/wp-content\/uploads\/2024\/09\/Abdeljabbar-Eleuch.jpg\",\"contentUrl\":\"https:\/\/kapitalis.com\/tunisie\/wp-content\/uploads\/2024\/09\/Abdeljabbar-Eleuch.jpg\",\"width\":1200,\"height\":630},{\"@type\":\"BreadcrumbList\",\"@id\":\"https:\/\/kapitalis.com\/tunisie\/2024\/09\/24\/deces-du-poete-et-romancier-tunisien-abdeljabbar-eleuch\/#breadcrumb\",\"itemListElement\":[{\"@type\":\"ListItem\",\"position\":1,\"name\":\"Accueil\",\"item\":\"https:\/\/kapitalis.com\/tunisie\/\"},{\"@type\":\"ListItem\",\"position\":2,\"name\":\"D\u00e9c\u00e8s du po\u00e8te et romancier tunisien Abdeljabbar Eleuch\"}]},{\"@type\":\"WebSite\",\"@id\":\"https:\/\/kapitalis.com\/tunisie\/#website\",\"url\":\"https:\/\/kapitalis.com\/tunisie\/\",\"name\":\"Kapitalis\",\"description\":\"L&#039;actualit\u00e9 en Tunisie et dans le monde\",\"publisher\":{\"@id\":\"https:\/\/kapitalis.com\/tunisie\/#organization\"},\"potentialAction\":[{\"@type\":\"SearchAction\",\"target\":{\"@type\":\"EntryPoint\",\"urlTemplate\":\"https:\/\/kapitalis.com\/tunisie\/?s={search_term_string}\"},\"query-input\":{\"@type\":\"PropertyValueSpecification\",\"valueRequired\":true,\"valueName\":\"search_term_string\"}}],\"inLanguage\":\"fr-FR\"},{\"@type\":\"Organization\",\"@id\":\"https:\/\/kapitalis.com\/tunisie\/#organization\",\"name\":\"Kapitalis\",\"url\":\"https:\/\/kapitalis.com\/tunisie\/\",\"logo\":{\"@type\":\"ImageObject\",\"inLanguage\":\"fr-FR\",\"@id\":\"https:\/\/kapitalis.com\/tunisie\/#\/schema\/logo\/image\/\",\"url\":\"https:\/\/kapitalis.com\/tunisie\/wp-content\/uploads\/2022\/05\/Kapitalis-big-size.png\",\"contentUrl\":\"https:\/\/kapitalis.com\/tunisie\/wp-content\/uploads\/2022\/05\/Kapitalis-big-size.png\",\"width\":5000,\"height\":1500,\"caption\":\"Kapitalis\"},\"image\":{\"@id\":\"https:\/\/kapitalis.com\/tunisie\/#\/schema\/logo\/image\/\"},\"sameAs\":[\"https:\/\/www.facebook.com\/KapitalisInfo\/\",\"https:\/\/x.com\/KapitalisInfo\",\"https:\/\/www.youtube.com\/channel\/UC-yDYrHyfFBWWZaOw3FPg9Q\"]},{\"@type\":\"Person\",\"@id\":\"https:\/\/kapitalis.com\/tunisie\/#\/schema\/person\/74bbde0154d49d790a92aaeac5bc01d5\",\"name\":\"Yusra NY\",\"url\":\"https:\/\/kapitalis.com\/tunisie\/author\/yuza_adam\/\"}]}<\/script>\n<!-- \/ Yoast SEO plugin. -->","yoast_head_json":{"title":"D\u00e9c\u00e8s du po\u00e8te et romancier tunisien Abdeljabbar Eleuch - Kapitalis","robots":{"index":"index","follow":"follow","max-snippet":"max-snippet:-1","max-image-preview":"max-image-preview:large","max-video-preview":"max-video-preview:-1"},"canonical":"https:\/\/kapitalis.com\/tunisie\/2024\/09\/24\/deces-du-poete-et-romancier-tunisien-abdeljabbar-eleuch\/","og_locale":"fr_FR","og_type":"article","og_title":"D\u00e9c\u00e8s du po\u00e8te et romancier tunisien Abdeljabbar Eleuch - Kapitalis","og_description":"Le minist\u00e8re des Affaires culturelles a d\u00e9plor\u00e9 le d\u00e9c\u00e8s du po\u00e8te et romancier Abdeljabbar Eleuch, survenu ce mardi 24 septembre 2024.","og_url":"https:\/\/kapitalis.com\/tunisie\/2024\/09\/24\/deces-du-poete-et-romancier-tunisien-abdeljabbar-eleuch\/","og_site_name":"Kapitalis","article_publisher":"https:\/\/www.facebook.com\/KapitalisInfo\/","article_published_time":"2024-09-24T20:24:13+00:00","article_modified_time":"2024-09-24T20:48:04+00:00","og_image":[{"width":1200,"height":630,"url":"https:\/\/kapitalis.com\/tunisie\/wp-content\/uploads\/2024\/09\/Abdeljabbar-Eleuch.jpg","type":"image\/jpeg"}],"author":"Yusra NY","twitter_card":"summary_large_image","twitter_creator":"@KapitalisInfo","twitter_site":"@KapitalisInfo","twitter_misc":{"\u00c9crit par":"Yusra NY","Dur\u00e9e de lecture estim\u00e9e":"1 minute"},"schema":{"@context":"https:\/\/schema.org","@graph":[{"@type":"Article","@id":"https:\/\/kapitalis.com\/tunisie\/2024\/09\/24\/deces-du-poete-et-romancier-tunisien-abdeljabbar-eleuch\/#article","isPartOf":{"@id":"https:\/\/kapitalis.com\/tunisie\/2024\/09\/24\/deces-du-poete-et-romancier-tunisien-abdeljabbar-eleuch\/"},"author":{"name":"Yusra NY","@id":"https:\/\/kapitalis.com\/tunisie\/#\/schema\/person\/74bbde0154d49d790a92aaeac5bc01d5"},"headline":"D\u00e9c\u00e8s du po\u00e8te et romancier tunisien Abdeljabbar Eleuch","datePublished":"2024-09-24T20:24:13+00:00","dateModified":"2024-09-24T20:48:04+00:00","mainEntityOfPage":{"@id":"https:\/\/kapitalis.com\/tunisie\/2024\/09\/24\/deces-du-poete-et-romancier-tunisien-abdeljabbar-eleuch\/"},"wordCount":165,"publisher":{"@id":"https:\/\/kapitalis.com\/tunisie\/#organization"},"image":{"@id":"https:\/\/kapitalis.com\/tunisie\/2024\/09\/24\/deces-du-poete-et-romancier-tunisien-abdeljabbar-eleuch\/#primaryimage"},"thumbnailUrl":"https:\/\/kapitalis.com\/tunisie\/wp-content\/uploads\/2024\/09\/Abdeljabbar-Eleuch.jpg","keywords":["Abdeljabbar Eleuch","d\u00e9c\u00e8s","po\u00e8te tunisien","Sfax"],"articleSection":["CULTURE","Tunisie"],"inLanguage":"fr-FR"},{"@type":"WebPage","@id":"https:\/\/kapitalis.com\/tunisie\/2024\/09\/24\/deces-du-poete-et-romancier-tunisien-abdeljabbar-eleuch\/","url":"https:\/\/kapitalis.com\/tunisie\/2024\/09\/24\/deces-du-poete-et-romancier-tunisien-abdeljabbar-eleuch\/","name":"D\u00e9c\u00e8s du po\u00e8te et romancier tunisien Abdeljabbar Eleuch - Kapitalis","isPartOf":{"@id":"https:\/\/kapitalis.com\/tunisie\/#website"},"primaryImageOfPage":{"@id":"https:\/\/kapitalis.com\/tunisie\/2024\/09\/24\/deces-du-poete-et-romancier-tunisien-abdeljabbar-eleuch\/#primaryimage"},"image":{"@id":"https:\/\/kapitalis.com\/tunisie\/2024\/09\/24\/deces-du-poete-et-romancier-tunisien-abdeljabbar-eleuch\/#primaryimage"},"thumbnailUrl":"https:\/\/kapitalis.com\/tunisie\/wp-content\/uploads\/2024\/09\/Abdeljabbar-Eleuch.jpg","datePublished":"2024-09-24T20:24:13+00:00","dateModified":"2024-09-24T20:48:04+00:00","breadcrumb":{"@id":"https:\/\/kapitalis.com\/tunisie\/2024\/09\/24\/deces-du-poete-et-romancier-tunisien-abdeljabbar-eleuch\/#breadcrumb"},"inLanguage":"fr-FR","potentialAction":[{"@type":"ReadAction","target":["https:\/\/kapitalis.com\/tunisie\/2024\/09\/24\/deces-du-poete-et-romancier-tunisien-abdeljabbar-eleuch\/"]}]},{"@type":"ImageObject","inLanguage":"fr-FR","@id":"https:\/\/kapitalis.com\/tunisie\/2024\/09\/24\/deces-du-poete-et-romancier-tunisien-abdeljabbar-eleuch\/#primaryimage","url":"https:\/\/kapitalis.com\/tunisie\/wp-content\/uploads\/2024\/09\/Abdeljabbar-Eleuch.jpg","contentUrl":"https:\/\/kapitalis.com\/tunisie\/wp-content\/uploads\/2024\/09\/Abdeljabbar-Eleuch.jpg","width":1200,"height":630},{"@type":"BreadcrumbList","@id":"https:\/\/kapitalis.com\/tunisie\/2024\/09\/24\/deces-du-poete-et-romancier-tunisien-abdeljabbar-eleuch\/#breadcrumb","itemListElement":[{"@type":"ListItem","position":1,"name":"Accueil","item":"https:\/\/kapitalis.com\/tunisie\/"},{"@type":"ListItem","position":2,"name":"D\u00e9c\u00e8s du po\u00e8te et romancier tunisien Abdeljabbar Eleuch"}]},{"@type":"WebSite","@id":"https:\/\/kapitalis.com\/tunisie\/#website","url":"https:\/\/kapitalis.com\/tunisie\/","name":"Kapitalis","description":"L&#039;actualit\u00e9 en Tunisie et dans le monde","publisher":{"@id":"https:\/\/kapitalis.com\/tunisie\/#organization"},"potentialAction":[{"@type":"SearchAction","target":{"@type":"EntryPoint","urlTemplate":"https:\/\/kapitalis.com\/tunisie\/?s={search_term_string}"},"query-input":{"@type":"PropertyValueSpecification","valueRequired":true,"valueName":"search_term_string"}}],"inLanguage":"fr-FR"},{"@type":"Organization","@id":"https:\/\/kapitalis.com\/tunisie\/#organization","name":"Kapitalis","url":"https:\/\/kapitalis.com\/tunisie\/","logo":{"@type":"ImageObject","inLanguage":"fr-FR","@id":"https:\/\/kapitalis.com\/tunisie\/#\/schema\/logo\/image\/","url":"https:\/\/kapitalis.com\/tunisie\/wp-content\/uploads\/2022\/05\/Kapitalis-big-size.png","contentUrl":"https:\/\/kapitalis.com\/tunisie\/wp-content\/uploads\/2022\/05\/Kapitalis-big-size.png","width":5000,"height":1500,"caption":"Kapitalis"},"image":{"@id":"https:\/\/kapitalis.com\/tunisie\/#\/schema\/logo\/image\/"},"sameAs":["https:\/\/www.facebook.com\/KapitalisInfo\/","https:\/\/x.com\/KapitalisInfo","https:\/\/www.youtube.com\/channel\/UC-yDYrHyfFBWWZaOw3FPg9Q"]},{"@type":"Person","@id":"https:\/\/kapitalis.com\/tunisie\/#\/schema\/person\/74bbde0154d49d790a92aaeac5bc01d5","name":"Yusra NY","url":"https:\/\/kapitalis.com\/tunisie\/author\/yuza_adam\/"}]}},"_links":{"self":[{"href":"https:\/\/kapitalis.com\/tunisie\/wp-json\/wp\/v2\/posts\/14057182","targetHints":{"allow":["GET"]}}],"collection":[{"href":"https:\/\/kapitalis.com\/tunisie\/wp-json\/wp\/v2\/posts"}],"about":[{"href":"https:\/\/kapitalis.com\/tunisie\/wp-json\/wp\/v2\/types\/post"}],"author":[{"embeddable":true,"href":"https:\/\/kapitalis.com\/tunisie\/wp-json\/wp\/v2\/users\/6"}],"replies":[{"embeddable":true,"href":"https:\/\/kapitalis.com\/tunisie\/wp-json\/wp\/v2\/comments?post=14057182"}],"version-history":[{"count":1,"href":"https:\/\/kapitalis.com\/tunisie\/wp-json\/wp\/v2\/posts\/14057182\/revisions"}],"predecessor-version":[{"id":14057253,"href":"https:\/\/kapitalis.com\/tunisie\/wp-json\/wp\/v2\/posts\/14057182\/revisions\/14057253"}],"wp:featuredmedia":[{"embeddable":true,"href":"https:\/\/kapitalis.com\/tunisie\/wp-json\/wp\/v2\/media\/14057249"}],"wp:attachment":[{"href":"https:\/\/kapitalis.com\/tunisie\/wp-json\/wp\/v2\/media?parent=14057182"}],"wp:term":[{"taxonomy":"category","embeddable":true,"href":"https:\/\/kapitalis.com\/tunisie\/wp-json\/wp\/v2\/categories?post=14057182"},{"taxonomy":"post_tag","embeddable":true,"href":"https:\/\/kapitalis.com\/tunisie\/wp-json\/wp\/v2\/tags?post=14057182"}],"curies":[{"name":"wp","href":"https:\/\/api.w.org\/{rel}","templated":true}]}}