{"id":14068835,"date":"2024-09-26T11:08:00","date_gmt":"2024-09-26T10:08:00","guid":{"rendered":"https:\/\/kapitalis.com\/tunisie\/?p=14068835"},"modified":"2024-09-26T11:11:43","modified_gmt":"2024-09-26T10:11:43","slug":"pret-francais-de-50-me-pour-la-modernisation-de-la-protection-civile-en-tunisie","status":"publish","type":"post","link":"https:\/\/kapitalis.com\/tunisie\/2024\/09\/26\/pret-francais-de-50-me-pour-la-modernisation-de-la-protection-civile-en-tunisie\/","title":{"rendered":"Pr\u00eat fran\u00e7ais de 50 M\u20ac pour la modernisation de la protection civile en Tunisie \u00a0"},"content":{"rendered":"\n<p><strong><em>L\u2019Agence fran\u00e7aise de d\u00e9veloppement (AfD) et le minist\u00e8re tunisien de l\u2019\u00c9conomie et de la Planification ont sign\u00e9 une convention de pr\u00eat de 50 millions d\u2019euros (170 millions de dinars tunisiens) pour moderniser l\u2019Office national de la protection civile (ONPC).<\/em><\/strong><\/p>\n\n\n\n<!--more-->\n\n\n\n<p>L\u2019accord, sign\u00e9 \u00e0 Tunis, mercredi 25 septembre 2024, par le ministre de l\u2019\u00c9conomie et de la Planification, Samir Abdelhafidh, et la directrice r\u00e9gionale de l&rsquo;AfD pour l\u2019Eurasie, C\u00e9cile Couprie, vise \u00e0 renforcer les capacit\u00e9s de protection civile de la Tunisie en r\u00e9ponse aux d\u00e9fis croissants pos\u00e9s par le changement climatique et les troubles mondiaux.<\/p>\n\n\n\n<p>L\u2019accord permettra \u00e0 l&rsquo;ONPC d&rsquo;acqu\u00e9rir une infrastructure moderne et un nouveau syst\u00e8me de gestion des alarmes et des r\u00e9ponses. Il vise \u00e9galement \u00e0 renforcer les capacit\u00e9s de pr\u00e9paration et de r\u00e9ponse aux catastrophes, tout en modernisant le centre de formation de Zriba.<\/p>\n\n\n\n<p>Le ministre de l\u2019Economie a soulign\u00e9 que cet accord refl\u00e8te le dynamisme de la coop\u00e9ration entre la Tunisie et la France, ajoutant que le projet de modernisation de l\u2019ONPC r\u00e9pondait \u00e0 un besoin strat\u00e9gique face \u00e0 la vuln\u00e9rabilit\u00e9 croissante li\u00e9e au changement climatique.<\/p>\n\n\n\n<p>Couprie a indiqu\u00e9 que cet accord souligne l\u2019engagement de l\u2019AfD \u00e0 renforcer la r\u00e9silience de la Tunisie face au changement climatique et aux catastrophes naturelles, pour la s\u00e9curit\u00e9 de la population tunisienne.<\/p>\n\n\n\n<p>L\u2019ambassadrice de France en Tunisie, Anne Gu\u00e9guen, a not\u00e9 que <em>\u00able renforcement tangible de la protection civile permettra d\u2019am\u00e9liorer l\u2019assistance de proximit\u00e9 \u00e0 la population sur l\u2019ensemble du territoire, de prot\u00e9ger les infrastructures et de mieux pr\u00e9server le patrimoine naturel\u00bb.<\/em><\/p>\n\n\n\n<p>Le Colonel Major Zied Ben Hammed a pr\u00e9sent\u00e9 les quatre composantes du projet de modernisation de l\u2019ONPC. Le premier est la construction d\u2019un nouveau quartier g\u00e9n\u00e9ral central, qui constituera un b\u00e2timent moderne et enti\u00e8rement fonctionnel qui servira de noyau pour la coordination de toutes les op\u00e9rations de protection civile.<\/p>\n\n\n\n<p>Le deuxi\u00e8me est la mise en place d\u2019un syst\u00e8me national int\u00e9gr\u00e9 de gestion des alarmes et des r\u00e9ponses. Interconnect\u00e9 et moderne, il permettra la collecte, l\u2019analyse et la diffusion d\u2019informations critiques en temps r\u00e9el lors des situations d\u2019urgence.<\/p>\n\n\n\n<p>La troisi\u00e8me composante porte sur le renforcement des capacit\u00e9s de l\u2019Unit\u00e9 sp\u00e9ciale de protection civile, qui sera dot\u00e9e d\u2019outils de pointe et d\u2019une formation continue pour r\u00e9pondre aux situations les plus dangereuses, telles que les grands incendies, les op\u00e9rations de secours en milieu difficile et les catastrophes industrielles.<\/p>\n\n\n\n<p>Le quatri\u00e8me volet est la construction et l\u2019\u00e9quipement d\u2019une nouvelle \u00e9cole de formation de base pour les sergents de la protection civile. Cette institution jouera un r\u00f4le central dans la formation des futurs agents de la protection civile, en proposant des programmes de formation adapt\u00e9s aux r\u00e9alit\u00e9s d\u2019aujourd&rsquo;hui. En compl\u00e9ment du pr\u00eat, Expertise France (filiale de l\u2019AfD) apportera une assistance technique \u00e0 travers une subvention de 1,5 million d\u2019euros (5 millions de dinars) pour renforcer la capacit\u00e9 de ma\u00eetrise d\u2019\u0153uvre de l\u2019ONPC.<\/p>\n","protected":false},"excerpt":{"rendered":"<p>La France accorde un pr\u00eat de 50 millions d\u2019euros pour moderniser la protection civile en Tunisie. <\/p>\n","protected":false},"author":8,"featured_media":14068846,"comment_status":"closed","ping_status":"open","sticky":false,"template":"","format":"standard","meta":{"footnotes":""},"categories":[995,2433],"tags":[4924,4498,118120,24073,18828,118121,754,115090,78575],"class_list":["post-14068835","post","type-post","status-publish","format-standard","has-post-thumbnail","hentry","category-economie","category-tunisie","tag-afd","tag-catastrophes-naturelles","tag-cecile-couprie","tag-changement-climatique","tag-expertise-france","tag-onpc","tag-protection-civile","tag-samir-abdelhafidh","tag-zriba"],"yoast_head":"<!-- This site is optimized with the Yoast SEO plugin v26.6 - https:\/\/yoast.com\/wordpress\/plugins\/seo\/ -->\n<title>Pr\u00eat fran\u00e7ais de 50 M\u20ac pour la modernisation de la protection civile en Tunisie \u00a0 - Kapitalis<\/title>\n<meta name=\"robots\" content=\"index, follow, max-snippet:-1, max-image-preview:large, max-video-preview:-1\" \/>\n<link rel=\"canonical\" href=\"https:\/\/kapitalis.com\/tunisie\/2024\/09\/26\/pret-francais-de-50-me-pour-la-modernisation-de-la-protection-civile-en-tunisie\/\" \/>\n<meta property=\"og:locale\" content=\"fr_FR\" \/>\n<meta property=\"og:type\" content=\"article\" \/>\n<meta property=\"og:title\" content=\"Pr\u00eat fran\u00e7ais de 50 M\u20ac pour la modernisation de la protection civile en Tunisie \u00a0 - Kapitalis\" \/>\n<meta property=\"og:description\" content=\"La France accorde un pr\u00eat de 50 millions d\u2019euros pour moderniser la protection civile en Tunisie.\" \/>\n<meta property=\"og:url\" content=\"https:\/\/kapitalis.com\/tunisie\/2024\/09\/26\/pret-francais-de-50-me-pour-la-modernisation-de-la-protection-civile-en-tunisie\/\" \/>\n<meta property=\"og:site_name\" content=\"Kapitalis\" \/>\n<meta property=\"article:publisher\" content=\"https:\/\/www.facebook.com\/KapitalisInfo\/\" \/>\n<meta property=\"article:published_time\" content=\"2024-09-26T10:08:00+00:00\" \/>\n<meta property=\"article:modified_time\" content=\"2024-09-26T10:11:43+00:00\" \/>\n<meta property=\"og:image\" content=\"https:\/\/kapitalis.com\/tunisie\/wp-content\/uploads\/2024\/09\/Samlir-Abdelhafidh-AFD-Protection-civile.jpg\" \/>\n\t<meta property=\"og:image:width\" content=\"1200\" \/>\n\t<meta property=\"og:image:height\" content=\"630\" \/>\n\t<meta property=\"og:image:type\" content=\"image\/jpeg\" \/>\n<meta name=\"author\" content=\"webmaster kapitalis\" \/>\n<meta name=\"twitter:card\" content=\"summary_large_image\" \/>\n<meta name=\"twitter:creator\" content=\"@KapitalisInfo\" \/>\n<meta name=\"twitter:site\" content=\"@KapitalisInfo\" \/>\n<meta name=\"twitter:label1\" content=\"\u00c9crit par\" \/>\n\t<meta name=\"twitter:data1\" content=\"webmaster kapitalis\" \/>\n\t<meta name=\"twitter:label2\" content=\"Dur\u00e9e de lecture estim\u00e9e\" \/>\n\t<meta name=\"twitter:data2\" content=\"3 minutes\" \/>\n<script type=\"application\/ld+json\" class=\"yoast-schema-graph\">{\"@context\":\"https:\/\/schema.org\",\"@graph\":[{\"@type\":\"Article\",\"@id\":\"https:\/\/kapitalis.com\/tunisie\/2024\/09\/26\/pret-francais-de-50-me-pour-la-modernisation-de-la-protection-civile-en-tunisie\/#article\",\"isPartOf\":{\"@id\":\"https:\/\/kapitalis.com\/tunisie\/2024\/09\/26\/pret-francais-de-50-me-pour-la-modernisation-de-la-protection-civile-en-tunisie\/\"},\"author\":{\"name\":\"webmaster kapitalis\",\"@id\":\"https:\/\/kapitalis.com\/tunisie\/#\/schema\/person\/d71f33a9ca44f7bad4698210b480c8e9\"},\"headline\":\"Pr\u00eat fran\u00e7ais de 50 M\u20ac pour la modernisation de la protection civile en Tunisie \u00a0\",\"datePublished\":\"2024-09-26T10:08:00+00:00\",\"dateModified\":\"2024-09-26T10:11:43+00:00\",\"mainEntityOfPage\":{\"@id\":\"https:\/\/kapitalis.com\/tunisie\/2024\/09\/26\/pret-francais-de-50-me-pour-la-modernisation-de-la-protection-civile-en-tunisie\/\"},\"wordCount\":552,\"publisher\":{\"@id\":\"https:\/\/kapitalis.com\/tunisie\/#organization\"},\"image\":{\"@id\":\"https:\/\/kapitalis.com\/tunisie\/2024\/09\/26\/pret-francais-de-50-me-pour-la-modernisation-de-la-protection-civile-en-tunisie\/#primaryimage\"},\"thumbnailUrl\":\"https:\/\/kapitalis.com\/tunisie\/wp-content\/uploads\/2024\/09\/Samlir-Abdelhafidh-AFD-Protection-civile.jpg\",\"keywords\":[\"AFD\",\"catastrophes naturelles\",\"C\u00e9cile Couprie\",\"changement climatique\",\"Expertise France\",\"ONPC\",\"protection civile\",\"Samir Abdelhafidh\",\"Zriba\"],\"articleSection\":[\"ECONOMIE\",\"Tunisie\"],\"inLanguage\":\"fr-FR\"},{\"@type\":\"WebPage\",\"@id\":\"https:\/\/kapitalis.com\/tunisie\/2024\/09\/26\/pret-francais-de-50-me-pour-la-modernisation-de-la-protection-civile-en-tunisie\/\",\"url\":\"https:\/\/kapitalis.com\/tunisie\/2024\/09\/26\/pret-francais-de-50-me-pour-la-modernisation-de-la-protection-civile-en-tunisie\/\",\"name\":\"Pr\u00eat fran\u00e7ais de 50 M\u20ac pour la modernisation de la protection civile en Tunisie \u00a0 - Kapitalis\",\"isPartOf\":{\"@id\":\"https:\/\/kapitalis.com\/tunisie\/#website\"},\"primaryImageOfPage\":{\"@id\":\"https:\/\/kapitalis.com\/tunisie\/2024\/09\/26\/pret-francais-de-50-me-pour-la-modernisation-de-la-protection-civile-en-tunisie\/#primaryimage\"},\"image\":{\"@id\":\"https:\/\/kapitalis.com\/tunisie\/2024\/09\/26\/pret-francais-de-50-me-pour-la-modernisation-de-la-protection-civile-en-tunisie\/#primaryimage\"},\"thumbnailUrl\":\"https:\/\/kapitalis.com\/tunisie\/wp-content\/uploads\/2024\/09\/Samlir-Abdelhafidh-AFD-Protection-civile.jpg\",\"datePublished\":\"2024-09-26T10:08:00+00:00\",\"dateModified\":\"2024-09-26T10:11:43+00:00\",\"breadcrumb\":{\"@id\":\"https:\/\/kapitalis.com\/tunisie\/2024\/09\/26\/pret-francais-de-50-me-pour-la-modernisation-de-la-protection-civile-en-tunisie\/#breadcrumb\"},\"inLanguage\":\"fr-FR\",\"potentialAction\":[{\"@type\":\"ReadAction\",\"target\":[\"https:\/\/kapitalis.com\/tunisie\/2024\/09\/26\/pret-francais-de-50-me-pour-la-modernisation-de-la-protection-civile-en-tunisie\/\"]}]},{\"@type\":\"ImageObject\",\"inLanguage\":\"fr-FR\",\"@id\":\"https:\/\/kapitalis.com\/tunisie\/2024\/09\/26\/pret-francais-de-50-me-pour-la-modernisation-de-la-protection-civile-en-tunisie\/#primaryimage\",\"url\":\"https:\/\/kapitalis.com\/tunisie\/wp-content\/uploads\/2024\/09\/Samlir-Abdelhafidh-AFD-Protection-civile.jpg\",\"contentUrl\":\"https:\/\/kapitalis.com\/tunisie\/wp-content\/uploads\/2024\/09\/Samlir-Abdelhafidh-AFD-Protection-civile.jpg\",\"width\":1200,\"height\":630},{\"@type\":\"BreadcrumbList\",\"@id\":\"https:\/\/kapitalis.com\/tunisie\/2024\/09\/26\/pret-francais-de-50-me-pour-la-modernisation-de-la-protection-civile-en-tunisie\/#breadcrumb\",\"itemListElement\":[{\"@type\":\"ListItem\",\"position\":1,\"name\":\"Accueil\",\"item\":\"https:\/\/kapitalis.com\/tunisie\/\"},{\"@type\":\"ListItem\",\"position\":2,\"name\":\"Pr\u00eat fran\u00e7ais de 50 M\u20ac pour la modernisation de la protection civile en Tunisie \u00a0\"}]},{\"@type\":\"WebSite\",\"@id\":\"https:\/\/kapitalis.com\/tunisie\/#website\",\"url\":\"https:\/\/kapitalis.com\/tunisie\/\",\"name\":\"Kapitalis\",\"description\":\"L&#039;actualit\u00e9 en Tunisie et dans le monde\",\"publisher\":{\"@id\":\"https:\/\/kapitalis.com\/tunisie\/#organization\"},\"potentialAction\":[{\"@type\":\"SearchAction\",\"target\":{\"@type\":\"EntryPoint\",\"urlTemplate\":\"https:\/\/kapitalis.com\/tunisie\/?s={search_term_string}\"},\"query-input\":{\"@type\":\"PropertyValueSpecification\",\"valueRequired\":true,\"valueName\":\"search_term_string\"}}],\"inLanguage\":\"fr-FR\"},{\"@type\":\"Organization\",\"@id\":\"https:\/\/kapitalis.com\/tunisie\/#organization\",\"name\":\"Kapitalis\",\"url\":\"https:\/\/kapitalis.com\/tunisie\/\",\"logo\":{\"@type\":\"ImageObject\",\"inLanguage\":\"fr-FR\",\"@id\":\"https:\/\/kapitalis.com\/tunisie\/#\/schema\/logo\/image\/\",\"url\":\"https:\/\/kapitalis.com\/tunisie\/wp-content\/uploads\/2022\/05\/Kapitalis-big-size.png\",\"contentUrl\":\"https:\/\/kapitalis.com\/tunisie\/wp-content\/uploads\/2022\/05\/Kapitalis-big-size.png\",\"width\":5000,\"height\":1500,\"caption\":\"Kapitalis\"},\"image\":{\"@id\":\"https:\/\/kapitalis.com\/tunisie\/#\/schema\/logo\/image\/\"},\"sameAs\":[\"https:\/\/www.facebook.com\/KapitalisInfo\/\",\"https:\/\/x.com\/KapitalisInfo\",\"https:\/\/www.youtube.com\/channel\/UC-yDYrHyfFBWWZaOw3FPg9Q\"]},{\"@type\":\"Person\",\"@id\":\"https:\/\/kapitalis.com\/tunisie\/#\/schema\/person\/d71f33a9ca44f7bad4698210b480c8e9\",\"name\":\"webmaster kapitalis\",\"url\":\"https:\/\/kapitalis.com\/tunisie\/author\/webmaster-kapitalis\/\"}]}<\/script>\n<!-- \/ Yoast SEO plugin. -->","yoast_head_json":{"title":"Pr\u00eat fran\u00e7ais de 50 M\u20ac pour la modernisation de la protection civile en Tunisie \u00a0 - Kapitalis","robots":{"index":"index","follow":"follow","max-snippet":"max-snippet:-1","max-image-preview":"max-image-preview:large","max-video-preview":"max-video-preview:-1"},"canonical":"https:\/\/kapitalis.com\/tunisie\/2024\/09\/26\/pret-francais-de-50-me-pour-la-modernisation-de-la-protection-civile-en-tunisie\/","og_locale":"fr_FR","og_type":"article","og_title":"Pr\u00eat fran\u00e7ais de 50 M\u20ac pour la modernisation de la protection civile en Tunisie \u00a0 - Kapitalis","og_description":"La France accorde un pr\u00eat de 50 millions d\u2019euros pour moderniser la protection civile en Tunisie.","og_url":"https:\/\/kapitalis.com\/tunisie\/2024\/09\/26\/pret-francais-de-50-me-pour-la-modernisation-de-la-protection-civile-en-tunisie\/","og_site_name":"Kapitalis","article_publisher":"https:\/\/www.facebook.com\/KapitalisInfo\/","article_published_time":"2024-09-26T10:08:00+00:00","article_modified_time":"2024-09-26T10:11:43+00:00","og_image":[{"width":1200,"height":630,"url":"https:\/\/kapitalis.com\/tunisie\/wp-content\/uploads\/2024\/09\/Samlir-Abdelhafidh-AFD-Protection-civile.jpg","type":"image\/jpeg"}],"author":"webmaster kapitalis","twitter_card":"summary_large_image","twitter_creator":"@KapitalisInfo","twitter_site":"@KapitalisInfo","twitter_misc":{"\u00c9crit par":"webmaster kapitalis","Dur\u00e9e de lecture estim\u00e9e":"3 minutes"},"schema":{"@context":"https:\/\/schema.org","@graph":[{"@type":"Article","@id":"https:\/\/kapitalis.com\/tunisie\/2024\/09\/26\/pret-francais-de-50-me-pour-la-modernisation-de-la-protection-civile-en-tunisie\/#article","isPartOf":{"@id":"https:\/\/kapitalis.com\/tunisie\/2024\/09\/26\/pret-francais-de-50-me-pour-la-modernisation-de-la-protection-civile-en-tunisie\/"},"author":{"name":"webmaster kapitalis","@id":"https:\/\/kapitalis.com\/tunisie\/#\/schema\/person\/d71f33a9ca44f7bad4698210b480c8e9"},"headline":"Pr\u00eat fran\u00e7ais de 50 M\u20ac pour la modernisation de la protection civile en Tunisie \u00a0","datePublished":"2024-09-26T10:08:00+00:00","dateModified":"2024-09-26T10:11:43+00:00","mainEntityOfPage":{"@id":"https:\/\/kapitalis.com\/tunisie\/2024\/09\/26\/pret-francais-de-50-me-pour-la-modernisation-de-la-protection-civile-en-tunisie\/"},"wordCount":552,"publisher":{"@id":"https:\/\/kapitalis.com\/tunisie\/#organization"},"image":{"@id":"https:\/\/kapitalis.com\/tunisie\/2024\/09\/26\/pret-francais-de-50-me-pour-la-modernisation-de-la-protection-civile-en-tunisie\/#primaryimage"},"thumbnailUrl":"https:\/\/kapitalis.com\/tunisie\/wp-content\/uploads\/2024\/09\/Samlir-Abdelhafidh-AFD-Protection-civile.jpg","keywords":["AFD","catastrophes naturelles","C\u00e9cile Couprie","changement climatique","Expertise France","ONPC","protection civile","Samir Abdelhafidh","Zriba"],"articleSection":["ECONOMIE","Tunisie"],"inLanguage":"fr-FR"},{"@type":"WebPage","@id":"https:\/\/kapitalis.com\/tunisie\/2024\/09\/26\/pret-francais-de-50-me-pour-la-modernisation-de-la-protection-civile-en-tunisie\/","url":"https:\/\/kapitalis.com\/tunisie\/2024\/09\/26\/pret-francais-de-50-me-pour-la-modernisation-de-la-protection-civile-en-tunisie\/","name":"Pr\u00eat fran\u00e7ais de 50 M\u20ac pour la modernisation de la protection civile en Tunisie \u00a0 - Kapitalis","isPartOf":{"@id":"https:\/\/kapitalis.com\/tunisie\/#website"},"primaryImageOfPage":{"@id":"https:\/\/kapitalis.com\/tunisie\/2024\/09\/26\/pret-francais-de-50-me-pour-la-modernisation-de-la-protection-civile-en-tunisie\/#primaryimage"},"image":{"@id":"https:\/\/kapitalis.com\/tunisie\/2024\/09\/26\/pret-francais-de-50-me-pour-la-modernisation-de-la-protection-civile-en-tunisie\/#primaryimage"},"thumbnailUrl":"https:\/\/kapitalis.com\/tunisie\/wp-content\/uploads\/2024\/09\/Samlir-Abdelhafidh-AFD-Protection-civile.jpg","datePublished":"2024-09-26T10:08:00+00:00","dateModified":"2024-09-26T10:11:43+00:00","breadcrumb":{"@id":"https:\/\/kapitalis.com\/tunisie\/2024\/09\/26\/pret-francais-de-50-me-pour-la-modernisation-de-la-protection-civile-en-tunisie\/#breadcrumb"},"inLanguage":"fr-FR","potentialAction":[{"@type":"ReadAction","target":["https:\/\/kapitalis.com\/tunisie\/2024\/09\/26\/pret-francais-de-50-me-pour-la-modernisation-de-la-protection-civile-en-tunisie\/"]}]},{"@type":"ImageObject","inLanguage":"fr-FR","@id":"https:\/\/kapitalis.com\/tunisie\/2024\/09\/26\/pret-francais-de-50-me-pour-la-modernisation-de-la-protection-civile-en-tunisie\/#primaryimage","url":"https:\/\/kapitalis.com\/tunisie\/wp-content\/uploads\/2024\/09\/Samlir-Abdelhafidh-AFD-Protection-civile.jpg","contentUrl":"https:\/\/kapitalis.com\/tunisie\/wp-content\/uploads\/2024\/09\/Samlir-Abdelhafidh-AFD-Protection-civile.jpg","width":1200,"height":630},{"@type":"BreadcrumbList","@id":"https:\/\/kapitalis.com\/tunisie\/2024\/09\/26\/pret-francais-de-50-me-pour-la-modernisation-de-la-protection-civile-en-tunisie\/#breadcrumb","itemListElement":[{"@type":"ListItem","position":1,"name":"Accueil","item":"https:\/\/kapitalis.com\/tunisie\/"},{"@type":"ListItem","position":2,"name":"Pr\u00eat fran\u00e7ais de 50 M\u20ac pour la modernisation de la protection civile en Tunisie \u00a0"}]},{"@type":"WebSite","@id":"https:\/\/kapitalis.com\/tunisie\/#website","url":"https:\/\/kapitalis.com\/tunisie\/","name":"Kapitalis","description":"L&#039;actualit\u00e9 en Tunisie et dans le monde","publisher":{"@id":"https:\/\/kapitalis.com\/tunisie\/#organization"},"potentialAction":[{"@type":"SearchAction","target":{"@type":"EntryPoint","urlTemplate":"https:\/\/kapitalis.com\/tunisie\/?s={search_term_string}"},"query-input":{"@type":"PropertyValueSpecification","valueRequired":true,"valueName":"search_term_string"}}],"inLanguage":"fr-FR"},{"@type":"Organization","@id":"https:\/\/kapitalis.com\/tunisie\/#organization","name":"Kapitalis","url":"https:\/\/kapitalis.com\/tunisie\/","logo":{"@type":"ImageObject","inLanguage":"fr-FR","@id":"https:\/\/kapitalis.com\/tunisie\/#\/schema\/logo\/image\/","url":"https:\/\/kapitalis.com\/tunisie\/wp-content\/uploads\/2022\/05\/Kapitalis-big-size.png","contentUrl":"https:\/\/kapitalis.com\/tunisie\/wp-content\/uploads\/2022\/05\/Kapitalis-big-size.png","width":5000,"height":1500,"caption":"Kapitalis"},"image":{"@id":"https:\/\/kapitalis.com\/tunisie\/#\/schema\/logo\/image\/"},"sameAs":["https:\/\/www.facebook.com\/KapitalisInfo\/","https:\/\/x.com\/KapitalisInfo","https:\/\/www.youtube.com\/channel\/UC-yDYrHyfFBWWZaOw3FPg9Q"]},{"@type":"Person","@id":"https:\/\/kapitalis.com\/tunisie\/#\/schema\/person\/d71f33a9ca44f7bad4698210b480c8e9","name":"webmaster kapitalis","url":"https:\/\/kapitalis.com\/tunisie\/author\/webmaster-kapitalis\/"}]}},"_links":{"self":[{"href":"https:\/\/kapitalis.com\/tunisie\/wp-json\/wp\/v2\/posts\/14068835","targetHints":{"allow":["GET"]}}],"collection":[{"href":"https:\/\/kapitalis.com\/tunisie\/wp-json\/wp\/v2\/posts"}],"about":[{"href":"https:\/\/kapitalis.com\/tunisie\/wp-json\/wp\/v2\/types\/post"}],"author":[{"embeddable":true,"href":"https:\/\/kapitalis.com\/tunisie\/wp-json\/wp\/v2\/users\/8"}],"replies":[{"embeddable":true,"href":"https:\/\/kapitalis.com\/tunisie\/wp-json\/wp\/v2\/comments?post=14068835"}],"version-history":[{"count":2,"href":"https:\/\/kapitalis.com\/tunisie\/wp-json\/wp\/v2\/posts\/14068835\/revisions"}],"predecessor-version":[{"id":14068861,"href":"https:\/\/kapitalis.com\/tunisie\/wp-json\/wp\/v2\/posts\/14068835\/revisions\/14068861"}],"wp:featuredmedia":[{"embeddable":true,"href":"https:\/\/kapitalis.com\/tunisie\/wp-json\/wp\/v2\/media\/14068846"}],"wp:attachment":[{"href":"https:\/\/kapitalis.com\/tunisie\/wp-json\/wp\/v2\/media?parent=14068835"}],"wp:term":[{"taxonomy":"category","embeddable":true,"href":"https:\/\/kapitalis.com\/tunisie\/wp-json\/wp\/v2\/categories?post=14068835"},{"taxonomy":"post_tag","embeddable":true,"href":"https:\/\/kapitalis.com\/tunisie\/wp-json\/wp\/v2\/tags?post=14068835"}],"curies":[{"name":"wp","href":"https:\/\/api.w.org\/{rel}","templated":true}]}}