{"id":14072245,"date":"2024-09-27T00:59:51","date_gmt":"2024-09-26T23:59:51","guid":{"rendered":"https:\/\/kapitalis.com\/tunisie\/?p=14072245"},"modified":"2024-09-27T01:01:09","modified_gmt":"2024-09-27T00:01:09","slug":"tunis-soiree-astronomique-ce-vendredi-27-septembre-a-la-cite-des-sciences","status":"publish","type":"post","link":"https:\/\/kapitalis.com\/tunisie\/2024\/09\/27\/tunis-soiree-astronomique-ce-vendredi-27-septembre-a-la-cite-des-sciences\/","title":{"rendered":"Tunis : Soir\u00e9e astronomique, ce vendredi 27 septembre, \u00e0 la Cit\u00e9 des Sciences"},"content":{"rendered":"\n<p><em><strong>La Cit\u00e9 des Sciences de Tunis organise une soir\u00e9e astronomique ce vendredi 27 septembre 2024 \u00e0 partir de 18h, offrant une opportunit\u00e9 unique d&rsquo;apprentissage et de d\u00e9couverte de l&rsquo;univers qui nous entoure.<\/strong><\/em><\/p>\n\n\n\n<!--more-->\n\n\n\n<p>Les organisateurs annoncent des conf\u00e9rences de hauts niveaux scientifiques, citant notamment \u00ab Les 70 ans du CERN et le Boson de Higgs \u00bb par Dr Pauline Gagnon du CERN Canada, \u00ab Les premi\u00e8res \u00e9toiles de l\u2019univers et le James Webb Space Telescope \u00bb par Pr Georges Meynet, de l&rsquo;Universit\u00e9 de Gen\u00e8ve, et \u00ab Le Cosmopolitisme d\u2018Immanuel Kant \u00bb par Pr Corinna Mieth, de l&rsquo;Universit\u00e9 de Bochum en Allemagne.<\/p>\n\n\n\n<p>La soir\u00e9e astronomique pr\u00e9voit \u00e9galement des observations aux t\u00e9lescopes de la plan\u00e8te Saturne, un spectacle de tourisme stellaire mettant en lumi\u00e8re les diff\u00e9rentes constellations de l\u2019automne et leur position dans le ciel nocturne.<\/p>\n\n\n\n<p>Cet \u00e9v\u00e8nement offrira une occasion d&rsquo;apprendre \u00e0 rep\u00e9rer les \u00e9toiles et \u00e0 naviguer dans le firmament c\u00e9leste, promettent les organisateurs, sachant que l&rsquo;entr\u00e9e est gratuite.<\/p>\n\n\n\n<p class=\"has-text-align-right\"><strong>Communiqu\u00e9<\/strong><\/p>\n","protected":false},"excerpt":{"rendered":"<p>La Cit\u00e9 des Sciences de Tunis organise une soir\u00e9e astronomique ce vendredi 27 septembre 2024 \u00e0 partir de 18h, offrant une opportunit\u00e9 unique d&rsquo;apprentissage et de d\u00e9couverte de l&rsquo;univers qui nous entoure.<\/p>\n","protected":false},"author":6,"featured_media":7133051,"comment_status":"closed","ping_status":"open","sticky":false,"template":"","format":"standard","meta":{"footnotes":""},"categories":[998,2433],"tags":[20351,107694,62643],"class_list":["post-14072245","post","type-post","status-publish","format-standard","has-post-thumbnail","hentry","category-societe","category-tunisie","tag-cite-des-sciences","tag-soiree-astronomique","tag-tunisie"],"yoast_head":"<!-- This site is optimized with the Yoast SEO plugin v26.6 - https:\/\/yoast.com\/wordpress\/plugins\/seo\/ -->\n<title>Tunis : Soir\u00e9e astronomique, ce vendredi 27 septembre, \u00e0 la Cit\u00e9 des Sciences - Kapitalis<\/title>\n<meta name=\"robots\" content=\"index, follow, max-snippet:-1, max-image-preview:large, max-video-preview:-1\" \/>\n<link rel=\"canonical\" href=\"https:\/\/kapitalis.com\/tunisie\/2024\/09\/27\/tunis-soiree-astronomique-ce-vendredi-27-septembre-a-la-cite-des-sciences\/\" \/>\n<meta property=\"og:locale\" content=\"fr_FR\" \/>\n<meta property=\"og:type\" content=\"article\" \/>\n<meta property=\"og:title\" content=\"Tunis : Soir\u00e9e astronomique, ce vendredi 27 septembre, \u00e0 la Cit\u00e9 des Sciences - Kapitalis\" \/>\n<meta property=\"og:description\" content=\"La Cit\u00e9 des Sciences de Tunis organise une soir\u00e9e astronomique ce vendredi 27 septembre 2024 \u00e0 partir de 18h, offrant une opportunit\u00e9 unique d&rsquo;apprentissage et de d\u00e9couverte de l&rsquo;univers qui nous entoure.\" \/>\n<meta property=\"og:url\" content=\"https:\/\/kapitalis.com\/tunisie\/2024\/09\/27\/tunis-soiree-astronomique-ce-vendredi-27-septembre-a-la-cite-des-sciences\/\" \/>\n<meta property=\"og:site_name\" content=\"Kapitalis\" \/>\n<meta property=\"article:publisher\" content=\"https:\/\/www.facebook.com\/KapitalisInfo\/\" \/>\n<meta property=\"article:published_time\" content=\"2024-09-26T23:59:51+00:00\" \/>\n<meta property=\"article:modified_time\" content=\"2024-09-27T00:01:09+00:00\" \/>\n<meta property=\"og:image\" content=\"https:\/\/kapitalis.com\/tunisie\/wp-content\/uploads\/2023\/03\/Soiree-astronomique.jpg\" \/>\n\t<meta property=\"og:image:width\" content=\"1200\" \/>\n\t<meta property=\"og:image:height\" content=\"630\" \/>\n\t<meta property=\"og:image:type\" content=\"image\/jpeg\" \/>\n<meta name=\"author\" content=\"Yusra NY\" \/>\n<meta name=\"twitter:card\" content=\"summary_large_image\" \/>\n<meta name=\"twitter:creator\" content=\"@KapitalisInfo\" \/>\n<meta name=\"twitter:site\" content=\"@KapitalisInfo\" \/>\n<meta name=\"twitter:label1\" content=\"\u00c9crit par\" \/>\n\t<meta name=\"twitter:data1\" content=\"Yusra NY\" \/>\n\t<meta name=\"twitter:label2\" content=\"Dur\u00e9e de lecture estim\u00e9e\" \/>\n\t<meta name=\"twitter:data2\" content=\"1 minute\" \/>\n<script type=\"application\/ld+json\" class=\"yoast-schema-graph\">{\"@context\":\"https:\/\/schema.org\",\"@graph\":[{\"@type\":\"Article\",\"@id\":\"https:\/\/kapitalis.com\/tunisie\/2024\/09\/27\/tunis-soiree-astronomique-ce-vendredi-27-septembre-a-la-cite-des-sciences\/#article\",\"isPartOf\":{\"@id\":\"https:\/\/kapitalis.com\/tunisie\/2024\/09\/27\/tunis-soiree-astronomique-ce-vendredi-27-septembre-a-la-cite-des-sciences\/\"},\"author\":{\"name\":\"Yusra NY\",\"@id\":\"https:\/\/kapitalis.com\/tunisie\/#\/schema\/person\/74bbde0154d49d790a92aaeac5bc01d5\"},\"headline\":\"Tunis : Soir\u00e9e astronomique, ce vendredi 27 septembre, \u00e0 la Cit\u00e9 des Sciences\",\"datePublished\":\"2024-09-26T23:59:51+00:00\",\"dateModified\":\"2024-09-27T00:01:09+00:00\",\"mainEntityOfPage\":{\"@id\":\"https:\/\/kapitalis.com\/tunisie\/2024\/09\/27\/tunis-soiree-astronomique-ce-vendredi-27-septembre-a-la-cite-des-sciences\/\"},\"wordCount\":176,\"publisher\":{\"@id\":\"https:\/\/kapitalis.com\/tunisie\/#organization\"},\"image\":{\"@id\":\"https:\/\/kapitalis.com\/tunisie\/2024\/09\/27\/tunis-soiree-astronomique-ce-vendredi-27-septembre-a-la-cite-des-sciences\/#primaryimage\"},\"thumbnailUrl\":\"https:\/\/kapitalis.com\/tunisie\/wp-content\/uploads\/2023\/03\/Soiree-astronomique.jpg\",\"keywords\":[\"Cit\u00e9 des Sciences\",\"Soir\u00e9e astronomique\",\"Tunisie\"],\"articleSection\":[\"SOCIETE\",\"Tunisie\"],\"inLanguage\":\"fr-FR\"},{\"@type\":\"WebPage\",\"@id\":\"https:\/\/kapitalis.com\/tunisie\/2024\/09\/27\/tunis-soiree-astronomique-ce-vendredi-27-septembre-a-la-cite-des-sciences\/\",\"url\":\"https:\/\/kapitalis.com\/tunisie\/2024\/09\/27\/tunis-soiree-astronomique-ce-vendredi-27-septembre-a-la-cite-des-sciences\/\",\"name\":\"Tunis : Soir\u00e9e astronomique, ce vendredi 27 septembre, \u00e0 la Cit\u00e9 des Sciences - Kapitalis\",\"isPartOf\":{\"@id\":\"https:\/\/kapitalis.com\/tunisie\/#website\"},\"primaryImageOfPage\":{\"@id\":\"https:\/\/kapitalis.com\/tunisie\/2024\/09\/27\/tunis-soiree-astronomique-ce-vendredi-27-septembre-a-la-cite-des-sciences\/#primaryimage\"},\"image\":{\"@id\":\"https:\/\/kapitalis.com\/tunisie\/2024\/09\/27\/tunis-soiree-astronomique-ce-vendredi-27-septembre-a-la-cite-des-sciences\/#primaryimage\"},\"thumbnailUrl\":\"https:\/\/kapitalis.com\/tunisie\/wp-content\/uploads\/2023\/03\/Soiree-astronomique.jpg\",\"datePublished\":\"2024-09-26T23:59:51+00:00\",\"dateModified\":\"2024-09-27T00:01:09+00:00\",\"breadcrumb\":{\"@id\":\"https:\/\/kapitalis.com\/tunisie\/2024\/09\/27\/tunis-soiree-astronomique-ce-vendredi-27-septembre-a-la-cite-des-sciences\/#breadcrumb\"},\"inLanguage\":\"fr-FR\",\"potentialAction\":[{\"@type\":\"ReadAction\",\"target\":[\"https:\/\/kapitalis.com\/tunisie\/2024\/09\/27\/tunis-soiree-astronomique-ce-vendredi-27-septembre-a-la-cite-des-sciences\/\"]}]},{\"@type\":\"ImageObject\",\"inLanguage\":\"fr-FR\",\"@id\":\"https:\/\/kapitalis.com\/tunisie\/2024\/09\/27\/tunis-soiree-astronomique-ce-vendredi-27-septembre-a-la-cite-des-sciences\/#primaryimage\",\"url\":\"https:\/\/kapitalis.com\/tunisie\/wp-content\/uploads\/2023\/03\/Soiree-astronomique.jpg\",\"contentUrl\":\"https:\/\/kapitalis.com\/tunisie\/wp-content\/uploads\/2023\/03\/Soiree-astronomique.jpg\",\"width\":1200,\"height\":630},{\"@type\":\"BreadcrumbList\",\"@id\":\"https:\/\/kapitalis.com\/tunisie\/2024\/09\/27\/tunis-soiree-astronomique-ce-vendredi-27-septembre-a-la-cite-des-sciences\/#breadcrumb\",\"itemListElement\":[{\"@type\":\"ListItem\",\"position\":1,\"name\":\"Accueil\",\"item\":\"https:\/\/kapitalis.com\/tunisie\/\"},{\"@type\":\"ListItem\",\"position\":2,\"name\":\"Tunis : Soir\u00e9e astronomique, ce vendredi 27 septembre, \u00e0 la Cit\u00e9 des Sciences\"}]},{\"@type\":\"WebSite\",\"@id\":\"https:\/\/kapitalis.com\/tunisie\/#website\",\"url\":\"https:\/\/kapitalis.com\/tunisie\/\",\"name\":\"Kapitalis\",\"description\":\"L&#039;actualit\u00e9 en Tunisie et dans le monde\",\"publisher\":{\"@id\":\"https:\/\/kapitalis.com\/tunisie\/#organization\"},\"potentialAction\":[{\"@type\":\"SearchAction\",\"target\":{\"@type\":\"EntryPoint\",\"urlTemplate\":\"https:\/\/kapitalis.com\/tunisie\/?s={search_term_string}\"},\"query-input\":{\"@type\":\"PropertyValueSpecification\",\"valueRequired\":true,\"valueName\":\"search_term_string\"}}],\"inLanguage\":\"fr-FR\"},{\"@type\":\"Organization\",\"@id\":\"https:\/\/kapitalis.com\/tunisie\/#organization\",\"name\":\"Kapitalis\",\"url\":\"https:\/\/kapitalis.com\/tunisie\/\",\"logo\":{\"@type\":\"ImageObject\",\"inLanguage\":\"fr-FR\",\"@id\":\"https:\/\/kapitalis.com\/tunisie\/#\/schema\/logo\/image\/\",\"url\":\"https:\/\/kapitalis.com\/tunisie\/wp-content\/uploads\/2022\/05\/Kapitalis-big-size.png\",\"contentUrl\":\"https:\/\/kapitalis.com\/tunisie\/wp-content\/uploads\/2022\/05\/Kapitalis-big-size.png\",\"width\":5000,\"height\":1500,\"caption\":\"Kapitalis\"},\"image\":{\"@id\":\"https:\/\/kapitalis.com\/tunisie\/#\/schema\/logo\/image\/\"},\"sameAs\":[\"https:\/\/www.facebook.com\/KapitalisInfo\/\",\"https:\/\/x.com\/KapitalisInfo\",\"https:\/\/www.youtube.com\/channel\/UC-yDYrHyfFBWWZaOw3FPg9Q\"]},{\"@type\":\"Person\",\"@id\":\"https:\/\/kapitalis.com\/tunisie\/#\/schema\/person\/74bbde0154d49d790a92aaeac5bc01d5\",\"name\":\"Yusra NY\",\"url\":\"https:\/\/kapitalis.com\/tunisie\/author\/yuza_adam\/\"}]}<\/script>\n<!-- \/ Yoast SEO plugin. -->","yoast_head_json":{"title":"Tunis : Soir\u00e9e astronomique, ce vendredi 27 septembre, \u00e0 la Cit\u00e9 des Sciences - Kapitalis","robots":{"index":"index","follow":"follow","max-snippet":"max-snippet:-1","max-image-preview":"max-image-preview:large","max-video-preview":"max-video-preview:-1"},"canonical":"https:\/\/kapitalis.com\/tunisie\/2024\/09\/27\/tunis-soiree-astronomique-ce-vendredi-27-septembre-a-la-cite-des-sciences\/","og_locale":"fr_FR","og_type":"article","og_title":"Tunis : Soir\u00e9e astronomique, ce vendredi 27 septembre, \u00e0 la Cit\u00e9 des Sciences - Kapitalis","og_description":"La Cit\u00e9 des Sciences de Tunis organise une soir\u00e9e astronomique ce vendredi 27 septembre 2024 \u00e0 partir de 18h, offrant une opportunit\u00e9 unique d&rsquo;apprentissage et de d\u00e9couverte de l&rsquo;univers qui nous entoure.","og_url":"https:\/\/kapitalis.com\/tunisie\/2024\/09\/27\/tunis-soiree-astronomique-ce-vendredi-27-septembre-a-la-cite-des-sciences\/","og_site_name":"Kapitalis","article_publisher":"https:\/\/www.facebook.com\/KapitalisInfo\/","article_published_time":"2024-09-26T23:59:51+00:00","article_modified_time":"2024-09-27T00:01:09+00:00","og_image":[{"width":1200,"height":630,"url":"https:\/\/kapitalis.com\/tunisie\/wp-content\/uploads\/2023\/03\/Soiree-astronomique.jpg","type":"image\/jpeg"}],"author":"Yusra NY","twitter_card":"summary_large_image","twitter_creator":"@KapitalisInfo","twitter_site":"@KapitalisInfo","twitter_misc":{"\u00c9crit par":"Yusra NY","Dur\u00e9e de lecture estim\u00e9e":"1 minute"},"schema":{"@context":"https:\/\/schema.org","@graph":[{"@type":"Article","@id":"https:\/\/kapitalis.com\/tunisie\/2024\/09\/27\/tunis-soiree-astronomique-ce-vendredi-27-septembre-a-la-cite-des-sciences\/#article","isPartOf":{"@id":"https:\/\/kapitalis.com\/tunisie\/2024\/09\/27\/tunis-soiree-astronomique-ce-vendredi-27-septembre-a-la-cite-des-sciences\/"},"author":{"name":"Yusra NY","@id":"https:\/\/kapitalis.com\/tunisie\/#\/schema\/person\/74bbde0154d49d790a92aaeac5bc01d5"},"headline":"Tunis : Soir\u00e9e astronomique, ce vendredi 27 septembre, \u00e0 la Cit\u00e9 des Sciences","datePublished":"2024-09-26T23:59:51+00:00","dateModified":"2024-09-27T00:01:09+00:00","mainEntityOfPage":{"@id":"https:\/\/kapitalis.com\/tunisie\/2024\/09\/27\/tunis-soiree-astronomique-ce-vendredi-27-septembre-a-la-cite-des-sciences\/"},"wordCount":176,"publisher":{"@id":"https:\/\/kapitalis.com\/tunisie\/#organization"},"image":{"@id":"https:\/\/kapitalis.com\/tunisie\/2024\/09\/27\/tunis-soiree-astronomique-ce-vendredi-27-septembre-a-la-cite-des-sciences\/#primaryimage"},"thumbnailUrl":"https:\/\/kapitalis.com\/tunisie\/wp-content\/uploads\/2023\/03\/Soiree-astronomique.jpg","keywords":["Cit\u00e9 des Sciences","Soir\u00e9e astronomique","Tunisie"],"articleSection":["SOCIETE","Tunisie"],"inLanguage":"fr-FR"},{"@type":"WebPage","@id":"https:\/\/kapitalis.com\/tunisie\/2024\/09\/27\/tunis-soiree-astronomique-ce-vendredi-27-septembre-a-la-cite-des-sciences\/","url":"https:\/\/kapitalis.com\/tunisie\/2024\/09\/27\/tunis-soiree-astronomique-ce-vendredi-27-septembre-a-la-cite-des-sciences\/","name":"Tunis : Soir\u00e9e astronomique, ce vendredi 27 septembre, \u00e0 la Cit\u00e9 des Sciences - Kapitalis","isPartOf":{"@id":"https:\/\/kapitalis.com\/tunisie\/#website"},"primaryImageOfPage":{"@id":"https:\/\/kapitalis.com\/tunisie\/2024\/09\/27\/tunis-soiree-astronomique-ce-vendredi-27-septembre-a-la-cite-des-sciences\/#primaryimage"},"image":{"@id":"https:\/\/kapitalis.com\/tunisie\/2024\/09\/27\/tunis-soiree-astronomique-ce-vendredi-27-septembre-a-la-cite-des-sciences\/#primaryimage"},"thumbnailUrl":"https:\/\/kapitalis.com\/tunisie\/wp-content\/uploads\/2023\/03\/Soiree-astronomique.jpg","datePublished":"2024-09-26T23:59:51+00:00","dateModified":"2024-09-27T00:01:09+00:00","breadcrumb":{"@id":"https:\/\/kapitalis.com\/tunisie\/2024\/09\/27\/tunis-soiree-astronomique-ce-vendredi-27-septembre-a-la-cite-des-sciences\/#breadcrumb"},"inLanguage":"fr-FR","potentialAction":[{"@type":"ReadAction","target":["https:\/\/kapitalis.com\/tunisie\/2024\/09\/27\/tunis-soiree-astronomique-ce-vendredi-27-septembre-a-la-cite-des-sciences\/"]}]},{"@type":"ImageObject","inLanguage":"fr-FR","@id":"https:\/\/kapitalis.com\/tunisie\/2024\/09\/27\/tunis-soiree-astronomique-ce-vendredi-27-septembre-a-la-cite-des-sciences\/#primaryimage","url":"https:\/\/kapitalis.com\/tunisie\/wp-content\/uploads\/2023\/03\/Soiree-astronomique.jpg","contentUrl":"https:\/\/kapitalis.com\/tunisie\/wp-content\/uploads\/2023\/03\/Soiree-astronomique.jpg","width":1200,"height":630},{"@type":"BreadcrumbList","@id":"https:\/\/kapitalis.com\/tunisie\/2024\/09\/27\/tunis-soiree-astronomique-ce-vendredi-27-septembre-a-la-cite-des-sciences\/#breadcrumb","itemListElement":[{"@type":"ListItem","position":1,"name":"Accueil","item":"https:\/\/kapitalis.com\/tunisie\/"},{"@type":"ListItem","position":2,"name":"Tunis : Soir\u00e9e astronomique, ce vendredi 27 septembre, \u00e0 la Cit\u00e9 des Sciences"}]},{"@type":"WebSite","@id":"https:\/\/kapitalis.com\/tunisie\/#website","url":"https:\/\/kapitalis.com\/tunisie\/","name":"Kapitalis","description":"L&#039;actualit\u00e9 en Tunisie et dans le monde","publisher":{"@id":"https:\/\/kapitalis.com\/tunisie\/#organization"},"potentialAction":[{"@type":"SearchAction","target":{"@type":"EntryPoint","urlTemplate":"https:\/\/kapitalis.com\/tunisie\/?s={search_term_string}"},"query-input":{"@type":"PropertyValueSpecification","valueRequired":true,"valueName":"search_term_string"}}],"inLanguage":"fr-FR"},{"@type":"Organization","@id":"https:\/\/kapitalis.com\/tunisie\/#organization","name":"Kapitalis","url":"https:\/\/kapitalis.com\/tunisie\/","logo":{"@type":"ImageObject","inLanguage":"fr-FR","@id":"https:\/\/kapitalis.com\/tunisie\/#\/schema\/logo\/image\/","url":"https:\/\/kapitalis.com\/tunisie\/wp-content\/uploads\/2022\/05\/Kapitalis-big-size.png","contentUrl":"https:\/\/kapitalis.com\/tunisie\/wp-content\/uploads\/2022\/05\/Kapitalis-big-size.png","width":5000,"height":1500,"caption":"Kapitalis"},"image":{"@id":"https:\/\/kapitalis.com\/tunisie\/#\/schema\/logo\/image\/"},"sameAs":["https:\/\/www.facebook.com\/KapitalisInfo\/","https:\/\/x.com\/KapitalisInfo","https:\/\/www.youtube.com\/channel\/UC-yDYrHyfFBWWZaOw3FPg9Q"]},{"@type":"Person","@id":"https:\/\/kapitalis.com\/tunisie\/#\/schema\/person\/74bbde0154d49d790a92aaeac5bc01d5","name":"Yusra NY","url":"https:\/\/kapitalis.com\/tunisie\/author\/yuza_adam\/"}]}},"_links":{"self":[{"href":"https:\/\/kapitalis.com\/tunisie\/wp-json\/wp\/v2\/posts\/14072245","targetHints":{"allow":["GET"]}}],"collection":[{"href":"https:\/\/kapitalis.com\/tunisie\/wp-json\/wp\/v2\/posts"}],"about":[{"href":"https:\/\/kapitalis.com\/tunisie\/wp-json\/wp\/v2\/types\/post"}],"author":[{"embeddable":true,"href":"https:\/\/kapitalis.com\/tunisie\/wp-json\/wp\/v2\/users\/6"}],"replies":[{"embeddable":true,"href":"https:\/\/kapitalis.com\/tunisie\/wp-json\/wp\/v2\/comments?post=14072245"}],"version-history":[{"count":2,"href":"https:\/\/kapitalis.com\/tunisie\/wp-json\/wp\/v2\/posts\/14072245\/revisions"}],"predecessor-version":[{"id":14072270,"href":"https:\/\/kapitalis.com\/tunisie\/wp-json\/wp\/v2\/posts\/14072245\/revisions\/14072270"}],"wp:featuredmedia":[{"embeddable":true,"href":"https:\/\/kapitalis.com\/tunisie\/wp-json\/wp\/v2\/media\/7133051"}],"wp:attachment":[{"href":"https:\/\/kapitalis.com\/tunisie\/wp-json\/wp\/v2\/media?parent=14072245"}],"wp:term":[{"taxonomy":"category","embeddable":true,"href":"https:\/\/kapitalis.com\/tunisie\/wp-json\/wp\/v2\/categories?post=14072245"},{"taxonomy":"post_tag","embeddable":true,"href":"https:\/\/kapitalis.com\/tunisie\/wp-json\/wp\/v2\/tags?post=14072245"}],"curies":[{"name":"wp","href":"https:\/\/api.w.org\/{rel}","templated":true}]}}