{"id":14072738,"date":"2024-09-27T07:51:14","date_gmt":"2024-09-27T06:51:14","guid":{"rendered":"https:\/\/kapitalis.com\/tunisie\/?p=14072738"},"modified":"2024-09-27T07:51:16","modified_gmt":"2024-09-27T06:51:16","slug":"benjamin-netanyahu-se-cassera-les-dents-au-liban-comme-a-gaza","status":"publish","type":"post","link":"https:\/\/kapitalis.com\/tunisie\/2024\/09\/27\/benjamin-netanyahu-se-cassera-les-dents-au-liban-comme-a-gaza\/","title":{"rendered":"Benjamin Netanyahu se cassera les dents au Liban comme \u00e0 Gaza"},"content":{"rendered":"\n<p><strong><em>Bombarder, pilonner, d\u00e9truire et tuer sont les ma\u00eetres mots de la m\u00e9thode du tr\u00e8s belliqueux et obstin\u00e9 Premier ministre isra\u00e9lien Benjamin Netanyahu qui continue de croire qu\u2019avec la force, il peut \u00e9craser le Hamas et le Hezbollah. De leur c\u00f4t\u00e9, les observateurs et les analystes consid\u00e8rent que cette m\u00e9thode de brute est compl\u00e8tement inefficace car la force militaire et les astuces du Mossad \u00e0 la James Bond restent tentantes et trompeuses mais ne rapporteront que des gains \u00e0 court terme et ne r\u00e9soudront aucun probl\u00e8me d\u2019un point de vue strat\u00e9gique.<\/em><\/strong>\u00a0<\/p>\n\n\n\n<p><strong>Imed Bahri<\/strong><\/p>\n\n\n\n<!--more-->\n\n\n\n<p>La revue britannique <a href=\"https:\/\/www.newstatesman.com\/world\/middle-east\/2024\/09\/the-netanyahu-doctrine-will-fail-in-lebanon\" target=\"_blank\" rel=\"noreferrer noopener\">Newstatesman<\/a> a publi\u00e9 une analyse de Rajan Menon et Daniel R. Dipetris dans laquelle ils affirment que ce que <em>\u00abla doctrine de guerre de Netanyahu\u00bb<\/em> \u00e9chouera au Liban comme cela a \u00e9t\u00e9 le cas \u00e0 Gaza. Une guerre sans merci n\u2019apportera pas de succ\u00e8s. Ils\u00a0\u00e9crivent: <em>\u00abDonnez \u00e0 quelqu\u2019un un marteau et il d\u00e9couvrira que tout ce qu\u2019il rencontre a besoin d\u2019\u00eatre frapp\u00e9.\u00bb<\/em> Diff\u00e9rentes versions de ce proverbe restent valables pour comprendre de nombreuses d\u00e9cisions humaines notamment celles prises par le Premier ministre isra\u00e9lien \u00e0 Gaza et au Liban. Sa conviction reste ferme en estimant qu\u2019il est capable de plier le Hamas et le Hezbollah \u00e0 sa volont\u00e9 en s\u2019appuyant de plus en plus sur l\u2019\u00e9norme machine de guerre isra\u00e9lienne militaire contre ses deux ennemis.<\/p>\n\n\n\n<p>\u00c0 l\u2019approche de la premi\u00e8re ann\u00e9e depuis le d\u00e9clenchement de la guerre \u00e0 Gaza, le Hamas n\u2019a pas accept\u00e9 les conditions de cessez-le-feu de Netanyahu qui comprenaient une pr\u00e9sence isra\u00e9lienne permanente dans l\u2019axe de Philadelphie \u00e0 la fronti\u00e8re sud de Gaza avec l\u2019\u00c9gypte et des points de contr\u00f4le sur l\u2019axe de Netzarim, qui coupe la bande de Gaza en deux. Quelle que soit la force militaire utilis\u00e9e par Netanyahu, le Hamas continue de rejeter fermement ces conditions.<\/p>\n\n\n\n<p>L\u2019objectif plus large du Premier ministre isra\u00e9lien, la destruction compl\u00e8te du Hamas, reste encore plus bizarre comme le reconnaissent m\u00eame les hauts responsables de l\u2019arm\u00e9e et des renseignements isra\u00e9liens. Cependant, Netanyahu continue de frapper avec son marteau.<\/p>\n\n\n\n<figure class=\"wp-block-embed is-type-wp-embed is-provider-kapitalis wp-block-embed-kapitalis\"><div class=\"wp-block-embed__wrapper\">\n<blockquote class=\"wp-embedded-content\" data-secret=\"QnEM1YOrpi\"><a href=\"https:\/\/kapitalis.com\/tunisie\/2024\/09\/24\/israel-en-proie-a-la-fuite-des-cerveaux\/\">Isra\u00ebl en proie \u00e0 la fuite des cerveaux<\/a><\/blockquote><iframe loading=\"lazy\" class=\"wp-embedded-content\" sandbox=\"allow-scripts\" security=\"restricted\" style=\"position: absolute; visibility: hidden;\" title=\"\u00ab\u00a0Isra\u00ebl en proie \u00e0 la fuite des cerveaux\u00a0\u00bb &#8212; Kapitalis\" src=\"https:\/\/kapitalis.com\/tunisie\/2024\/09\/24\/israel-en-proie-a-la-fuite-des-cerveaux\/embed\/#?secret=bJetJ2eZZ9#?secret=QnEM1YOrpi\" data-secret=\"QnEM1YOrpi\" width=\"600\" height=\"338\" frameborder=\"0\" marginwidth=\"0\" marginheight=\"0\" scrolling=\"no\"><\/iframe>\n<\/div><\/figure>\n\n\n\n<p>Ce qui a commenc\u00e9 comme des repr\u00e9sailles contre le Hamas apr\u00e8s l\u2019op\u00e9ration D\u00e9luge d\u2019Al-Aqsa le 7 octobre s\u2019est transform\u00e9 en une punition collective contre l\u2019ensemble de la population de Gaza avec plus de 41 000 personnes tu\u00e9es. Cela a laiss\u00e9 Isra\u00ebl isol\u00e9 au niveau international comme le reconnaissent les commentateurs isra\u00e9liens eux-m\u00eames. Cela n\u2019a pas d\u2019importance puisque les dirigeants de l\u2019arm\u00e9e isra\u00e9lienne se pr\u00e9parent \u00e0 une op\u00e9ration terrestre au Liban. Une fois de plus, Netanyahu semble d\u00e9termin\u00e9 \u00e0 miser sur la puissance militaire isra\u00e9lienne estimant que cela \u00e9craserait le Hezbollah, sur les plans aussi bien militaire que politique.<\/p>\n\n\n\n<h2 class=\"wp-block-heading\">Des gains \u00e0 court terme<\/h2>\n\n\n\n<p>Personne ne doute que l\u2019arm\u00e9e isra\u00e9lienne est la plus meurtri\u00e8re et la plus avanc\u00e9e du Moyen-Orient \u00e0 une \u00e9poque o\u00f9 les renseignements isra\u00e9liens ont r\u00e9v\u00e9l\u00e9 leur sup\u00e9riorit\u00e9 \u00e0 plusieurs reprises, la plus r\u00e9cente \u00e9tant l\u2019explosion des bipeurs et des talkies-walkies au Liban. Isra\u00ebl maintient \u00e9galement ce que les experts appellent <em>\u00abune&nbsp; domination de l\u2019escalade\u00bb<\/em> ce qui veut dire qu\u2019il est capable de bombarder le sud du Liban avec une force bien sup\u00e9rieure \u00e0 celle que le Hezbollah peut imposer au nord d\u2019Isra\u00ebl. Par cons\u00e9quent, l\u2019arm\u00e9e isra\u00e9lienne nuit au Hezbollah, tue ses dirigeants et frappe quotidiennement un si grand nombre de cibles militaires au Liban qu\u2019il est difficile de d\u00e9terminer les d\u00e9g\u00e2ts qu\u2019elle cause.<\/p>\n\n\n\n<p>Toutefois, <a href=\"https:\/\/www.newstatesman.com\/world\/middle-east\/2024\/09\/the-netanyahu-doctrine-will-fail-in-lebanon\" target=\"_blank\" rel=\"noreferrer noopener\">New Statesman<\/a> consid\u00e8re que la force militaire et les astuces du Mossad \u00e0 la James Bond restent tentantes et trompeuses car Isra\u00ebl souffre du m\u00eame probl\u00e8me fondamental au Liban qu\u2019\u00e0 Gaza: une strat\u00e9gie militaire ne rapportera probablement que des gains \u00e0 court terme. Benjamin Netanyahu est dans le courtermisme.\u00a0<\/p>\n\n\n\n<p>En fait, la comparaison avec Gaza, m\u00eame si elle n\u2019est pas exacte, est assez claire. Si Gaza est une blessure b\u00e9ante alors la zone frontali\u00e8re entre le Liban et Isra\u00ebl peut \u00eatre d\u00e9crite comme une blessure douloureuse, du moins pour le moment.<\/p>\n\n\n\n<figure class=\"wp-block-embed is-type-wp-embed is-provider-kapitalis wp-block-embed-kapitalis\"><div class=\"wp-block-embed__wrapper\">\n<blockquote class=\"wp-embedded-content\" data-secret=\"eKMb9anxpX\"><a href=\"https:\/\/kapitalis.com\/tunisie\/2024\/09\/23\/sara-netanyahu-veritable-dirigeante-disrael\/\">Sara Netanyahu, v\u00e9ritable dirigeante d\u2019Isra\u00ebl<\/a><\/blockquote><iframe loading=\"lazy\" class=\"wp-embedded-content\" sandbox=\"allow-scripts\" security=\"restricted\" style=\"position: absolute; visibility: hidden;\" title=\"\u00ab\u00a0Sara Netanyahu, v\u00e9ritable dirigeante d\u2019Isra\u00ebl\u00a0\u00bb &#8212; Kapitalis\" src=\"https:\/\/kapitalis.com\/tunisie\/2024\/09\/23\/sara-netanyahu-veritable-dirigeante-disrael\/embed\/#?secret=5LGbOh0ETs#?secret=eKMb9anxpX\" data-secret=\"eKMb9anxpX\" width=\"600\" height=\"338\" frameborder=\"0\" marginwidth=\"0\" marginheight=\"0\" scrolling=\"no\"><\/iframe>\n<\/div><\/figure>\n\n\n\n<p>Depuis le 8 octobre 2023, le Hezbollah a lanc\u00e9 des missiles et des drones qui ont contraint au moins 60 000 Isra\u00e9liens \u00e0 fuir la zone frontali\u00e8re (de m\u00eame, plus de 100 000 habitants du sud du Liban ont \u00e9t\u00e9 d\u00e9plac\u00e9s en raison de la campagne a\u00e9rienne de repr\u00e9sailles isra\u00e9lienne). Pour Netanyahu, cr\u00e9er la s\u00e9curit\u00e9 qui leur permet de rentrer n\u2019est pas seulement une question de principe (il consid\u00e8re qu\u2019Isra\u00ebl a le m\u00eame droit \u00e0 la pleine souverainet\u00e9 que tout autre pays) mais aussi une n\u00e9cessit\u00e9 politique.<\/p>\n\n\n\n<h2 class=\"wp-block-heading\">Une escalade contreproductive &nbsp;<\/h2>\n\n\n\n<p>Cependant, l\u2019escalade des frappes a\u00e9riennes isra\u00e9liennes pousserait certainement le Hezbollah \u00e0 continuer d\u2019utiliser lui aussi son marteau m\u00eame s\u2019il est plus petit. Ceci, \u00e0 son tour, rendra impossible le retour des Isra\u00e9liens d\u00e9plac\u00e9s vers le nord et pourrait m\u00eame accro\u00eetre le mouvement d\u2019exode \u00e0 partir de l\u00e0. De ce fait, la m\u00e9thode Netanyahu est contre-productive.&nbsp;<\/p>\n\n\n\n<p>Les op\u00e9rations de combat dans le sud du Liban surpeupl\u00e9 entra\u00eeneront une augmentation du nombre de victimes car les propos d\u2019Isra\u00ebl sur des attaques pr\u00e9cises contre les positions du Hezbollah r\u00e9parties dans les zones civiles rel\u00e8vent du fantasme. De nombreux civils mourront dans le sud, m\u00eame si le parti libanais, comme le Hamas, peut justifier ces victimes comme un prix n\u00e9cessaire \u00e0 payer dans une guerre. \u00c0 mesure que le nombre de morts augmente, l\u2019isolement d\u2019Isra\u00ebl au Moyen-Orient et ailleurs dans le monde va s\u2019accentuer. Comme lors de la guerre \u00e0 Gaza, des manifestations massives contre les frappes a\u00e9riennes isra\u00e9liennes ont d\u00e9j\u00e0 commenc\u00e9 dans le sud du Liban.<\/p>\n\n\n\n<p>La diplomatie reste le moyen le plus efficace pour atteindre les objectifs de Netanyahu mais les n\u00e9gociations indirectes men\u00e9es par les \u00c9tats-Unis visant \u00e0 convaincre le Hezbollah de retirer ses forces au nord du fleuve Litani ont \u00e9chou\u00e9 en raison de son insistance \u00e0 lier les attaques de missiles sur le nord d\u2019Isra\u00ebl \u00e0 l\u2019arr\u00eat de la guerre \u00e0 Gaza.<\/p>\n\n\n\n<p>Netanyahu, quant \u00e0 lui, ne reculera pas car il croit en la force de ses desseins. De plus, signer un accord qui laisse le Hamas au pouvoir signifie l\u2019effondrement de son alliance extr\u00e9miste ce qui conduit \u00e0 sa sortie du pouvoir et \u00e0 faire face aux accusations de corruption dont il fait l\u2019objet ainsi que son \u00e9pouse.<\/p>\n\n\n\n<figure class=\"wp-block-embed is-type-wp-embed is-provider-kapitalis wp-block-embed-kapitalis\"><div class=\"wp-block-embed__wrapper\">\n<blockquote class=\"wp-embedded-content\" data-secret=\"nWD5IxfEIG\"><a href=\"https:\/\/kapitalis.com\/tunisie\/2024\/09\/20\/une-societe-ecran-du-mossad-a-fabrique-les-bipeurs-pieges-du-hezbollah\/\">Une soci\u00e9t\u00e9 \u00e9cran du Mossad a fabriqu\u00e9 les bipeurs pi\u00e9g\u00e9s du Hezbollah<\/a><\/blockquote><iframe loading=\"lazy\" class=\"wp-embedded-content\" sandbox=\"allow-scripts\" security=\"restricted\" style=\"position: absolute; visibility: hidden;\" title=\"\u00ab\u00a0Une soci\u00e9t\u00e9 \u00e9cran du Mossad a fabriqu\u00e9 les bipeurs pi\u00e9g\u00e9s du Hezbollah\u00a0\u00bb &#8212; Kapitalis\" src=\"https:\/\/kapitalis.com\/tunisie\/2024\/09\/20\/une-societe-ecran-du-mossad-a-fabrique-les-bipeurs-pieges-du-hezbollah\/embed\/#?secret=q7YUVrgVXq#?secret=nWD5IxfEIG\" data-secret=\"nWD5IxfEIG\" width=\"600\" height=\"338\" frameborder=\"0\" marginwidth=\"0\" marginheight=\"0\" scrolling=\"no\"><\/iframe>\n<\/div><\/figure>\n\n\n\n<p>Actuellement, la solution isra\u00e9lienne au probl\u00e8me du Hezbollah repose sur la coercition et Isra\u00ebl suppose que lui causer de grandes souffrances pousser son chef Hassan Nasrallah \u00e0 la table des n\u00e9gociations.<\/p>\n\n\n\n<p>Cependant, les souhaits de Netanyahu sont d\u00e9plac\u00e9s car il est peu probable que le Hezbollah abandonne le Hamas. Nasrallah a r\u00e9it\u00e9r\u00e9 cette position le 19 septembre lorsqu\u2019il a prononc\u00e9 un discours au lendemain des attaques des bipeurs et des talkie- walkie et sa&nbsp; position demeure la m\u00eame depuis que le groupe chiite libanais a entam\u00e9 une confrontation avec Isra\u00ebl un jour apr\u00e8s l\u2019op\u00e9ration D\u00e9luge d\u2019Al-Aqsa du Hamas le 7 octobre 2023. <em>\u00abSi vous voulez le calme le long de la fronti\u00e8re isra\u00e9lo-libanaise, vous devez arr\u00eater la guerre \u00e0 Gaza et en retirer vos forces\u00bb<\/em>, tel est le mantra du Hezbollah. Rien, dans les semaines qui ont suivi, n\u2019a indiqu\u00e9 que la position du Hezbollah \u00e9tait devenue plus flexible puisque le retrait face \u00e0 la pression militaire isra\u00e9lienne \u00e9quivalait \u00e0 l\u2019aveu public de la d\u00e9faite de Nasrallah.<\/p>\n\n\n\n<p>Si le Hezbollah refuse de capituler et qu\u2019une solution diplomatique semble impossible, Isra\u00ebl n\u2019aura que des options militaires qui ne sont pas du tout de bonnes. Isra\u00ebl pourrait acc\u00e9l\u00e9rer sa campagne a\u00e9rienne en frappant \u00e0 plusieurs reprises les bastions de la direction du Hezbollah \u00e0 Beyrouth et en \u00e9tendant ses frappes dans la vall\u00e9e de la Bekaa. Ces frappes causeront des d\u00e9g\u00e2ts importants \u00e0 l\u2019arsenal de missiles du Hezbollah mais le groupe a une grande exp\u00e9rience pour r\u00e9sister \u00e0 de telles attaques et rester debout. Qu\u2019il s\u2019agisse de la Accountability operation en 1993 ou de l\u2019op\u00e9ration Grapes of Wrath en 1996, les campagnes a\u00e9riennes isra\u00e9liennes contre le Hezbollah n\u2019ont apport\u00e9 que quelques ann\u00e9es de dissuasion. Le Hezbollah s\u2019est reconstruit, avec le soutien de l\u2019Iran, et il le fera encore.<\/p>\n\n\n\n<h2 class=\"wp-block-heading\">Deux guerres et demie<\/h2>\n\n\n\n<p>Pour l\u2019instant, Isra\u00ebl a fait monter les ench\u00e8res. M\u00eame si la strat\u00e9gie derri\u00e8re les raids qui ont d\u00e9but\u00e9 lundi n\u2019est pas claire, les dirigeants isra\u00e9liens esp\u00e8rent \u00e9loigner le Hezbollah de la fronti\u00e8re nord et cr\u00e9er une zone tampon comme l\u2019a r\u00e9clam\u00e9 un certain nombre de ministres extr\u00e9mistes. Cependant, comme l\u2019a pr\u00e9venu il y a quelque temps un g\u00e9n\u00e9ral de l\u2019arm\u00e9e isra\u00e9lienne \u00e0 la retraite dans le journal <em>Haaretz<\/em>, peut-\u00eatre avec un brin d\u2019exag\u00e9ration, <em>\u00able Hezbollah est des centaines de fois plus fort que le Hamas.\u00bb<\/em><\/p>\n\n\n\n<p>En fait, l\u2019arm\u00e9e isra\u00e9lienne n\u2019est pas suffisamment nombreuse pour contr\u00f4ler et conserver des territoires sur deux fronts car le nombre des effectifs de ses forces terrestres s\u2019est divis\u00e9 par rapport \u00e0 ce qu\u2019il \u00e9tait il y a vingt ans.<\/p>\n\n\n\n<p>En outre, les pr\u00e9c\u00e9dentes actions terrestres contre le Liban n\u2019ont pas abouti. Lors de la premi\u00e8re invasion en 1978, Isra\u00ebl a cherch\u00e9 \u00e0 cr\u00e9er une zone tampon et cette tentative n\u2019a abouti qu\u2019\u00e0 une mission de maintien de la paix des Nations Unies au sud du Liban qui s\u2019est r\u00e9v\u00e9l\u00e9e incapable de maintenir la paix.<\/p>\n\n\n\n<figure class=\"wp-block-embed is-type-wp-embed is-provider-kapitalis wp-block-embed-kapitalis\"><div class=\"wp-block-embed__wrapper\">\n<blockquote class=\"wp-embedded-content\" data-secret=\"o9WJj7rmQd\"><a href=\"https:\/\/kapitalis.com\/tunisie\/2024\/09\/19\/loccident-complice-du-terrorisme-de-letat-disrael\/\">L\u2019Occident complice du terrorisme de l\u2019\u00c9tat d\u2019Isra\u00ebl<\/a><\/blockquote><iframe loading=\"lazy\" class=\"wp-embedded-content\" sandbox=\"allow-scripts\" security=\"restricted\" style=\"position: absolute; visibility: hidden;\" title=\"\u00ab\u00a0L\u2019Occident complice du terrorisme de l\u2019\u00c9tat d\u2019Isra\u00ebl\u00a0\u00bb &#8212; Kapitalis\" src=\"https:\/\/kapitalis.com\/tunisie\/2024\/09\/19\/loccident-complice-du-terrorisme-de-letat-disrael\/embed\/#?secret=gdRmA3Uze7#?secret=o9WJj7rmQd\" data-secret=\"o9WJj7rmQd\" width=\"600\" height=\"338\" frameborder=\"0\" marginwidth=\"0\" marginheight=\"0\" scrolling=\"no\"><\/iframe>\n<\/div><\/figure>\n\n\n\n<p>Quant \u00e0 la deuxi\u00e8me tentative, en 1982, elle a conduit \u00e0 une occupation isra\u00e9lienne qui a dur\u00e9 dix-huit ans. Le processus a \u00e9chou\u00e9 et a contribu\u00e9 \u00e0 l\u2019\u00e9mergence du Hezbollah. L\u2019occupation n\u2019a pas obtenu de soutien en Isra\u00ebl au point d\u2019inciter le Premier ministre Ehud Barak \u00e0 y renoncer.<\/p>\n\n\n\n<p>Par cons\u00e9quent, croire que la troisi\u00e8me invasion produira un r\u00e9sultat diff\u00e9rent n\u2019est rien d\u2019autre qu\u2019un fantasme d\u2019autant plus que le Hezbollah a pass\u00e9 les ann\u00e9es qui ont suivi la guerre de 2006 entre lui et Isra\u00ebl \u00e0 construire son arsenal de missiles et \u00e0 pr\u00e9parer des d\u00e9fenses dans le cas d\u2019une invasion terrestre isra\u00e9lienne qu\u2019envisagent maintenant de hauts responsables militaires isra\u00e9liens.<\/p>\n\n\n\n<p>La question est de savoir si l\u2019arm\u00e9e isra\u00e9lienne ainsi que la soci\u00e9t\u00e9 isra\u00e9lienne sont pr\u00eates pour une nouvelle et longue occupation du Liban? Actuellement, Isra\u00ebl m\u00e8ne une guerre \u00e0 Gaza qui \u00e9puise ses ressources et est confront\u00e9 \u00e0 des troubles en Cisjordanie, notamment au renforcement du Hamas, du Jihad islamique et des Brigades des martyrs d\u2019Al-Aqsa \u00e0 la lumi\u00e8re de l\u2019escalade de la col\u00e8re palestinienne dans un contexte sans pr\u00e9c\u00e9dent&nbsp; de construction de colonies, de confiscation de terres et d\u2019attaques de colons isra\u00e9liens arm\u00e9s contre les Palestiniens.<\/p>\n\n\n\n<p>Les prochains jours conna\u00eetront de nombreuses sp\u00e9culations sur le nombre de cibles bombard\u00e9es par le Hezbollah, sur le nombre de sorties a\u00e9riennes effectu\u00e9es par l\u2019arm\u00e9e de l\u2019air isra\u00e9lienne et le nombre de combattants du Hezbollah tu\u00e9s. Il ne fait aucun doute que la poursuite par Isra\u00ebl de sa campagne a\u00e9rienne causera davantage de d\u00e9g\u00e2ts au Hezbollah m\u00eame si celui-ci a fait ses preuves en mati\u00e8re de r\u00e9sistance aux frappes. Nous ne devons pas oublier les d\u00e9tails et le fait qu\u2019Isra\u00ebl est d\u00e9sormais engag\u00e9 dans deux guerres et demie en m\u00eame temps: une guerre \u00e0 Gaza qui est une guerre qui n\u2019est pas encore termin\u00e9e, une seconde guerre au Liban o\u00f9 la situation risque d\u2019empirer que ce soit avec une invasion terrestre ou non et ce qui ressemble \u00e0 une guerre en Cisjordanie.<\/p>\n\n\n\n<p>Tout cela soul\u00e8ve trois questions pour Netanyahu alors qu\u2019il se pr\u00e9pare \u00e0 accro\u00eetre la pression sur le Hezbollah. Comment se terminera cette confrontation? Quelle est la d\u00e9finition du succ\u00e8s? Cette d\u00e9finition est-elle raisonnable et r\u00e9alisable? Alors qu\u2019Isra\u00ebl se bat sur plusieurs fronts, Netanyahu n\u2019a encore r\u00e9pondu \u00e0 aucune de ces questions.<\/p>\n","protected":false},"excerpt":{"rendered":"<p>Isra\u00ebl est engag\u00e9 dans deux guerres et demie en m\u00eame temps: une 1\u00e8re \u00e0 Gaza, une 2e au Liban et une 3e en Cisjordanie et aucune n&rsquo;est gagn\u00e9e. <\/p>\n","protected":false},"author":8,"featured_media":14072759,"comment_status":"closed","ping_status":"open","sticky":false,"template":"","format":"standard","meta":{"footnotes":""},"categories":[992,997,2433],"tags":[78944,4027,81896,2444,26195,80566,445,497,8563,15202],"class_list":["post-14072738","post","type-post","status-publish","format-standard","has-post-thumbnail","hentry","category-a-la-une","category-politique","category-tunisie","tag-benjamin-netanyahu","tag-cisjordanie","tag-emirats-israel","tag-gaza","tag-hamas","tag-hassan-nasrallah","tag-hezbollah","tag-iran","tag-liban","tag-mossad"],"yoast_head":"<!-- This site is optimized with the Yoast SEO plugin v26.6 - https:\/\/yoast.com\/wordpress\/plugins\/seo\/ -->\n<title>Benjamin Netanyahu se cassera les dents au Liban comme \u00e0 Gaza - Kapitalis<\/title>\n<meta name=\"robots\" content=\"index, follow, max-snippet:-1, max-image-preview:large, max-video-preview:-1\" \/>\n<link rel=\"canonical\" href=\"https:\/\/kapitalis.com\/tunisie\/2024\/09\/27\/benjamin-netanyahu-se-cassera-les-dents-au-liban-comme-a-gaza\/\" \/>\n<meta property=\"og:locale\" content=\"fr_FR\" \/>\n<meta property=\"og:type\" content=\"article\" \/>\n<meta property=\"og:title\" content=\"Benjamin Netanyahu se cassera les dents au Liban comme \u00e0 Gaza - Kapitalis\" \/>\n<meta property=\"og:description\" content=\"Isra\u00ebl est engag\u00e9 dans deux guerres et demie en m\u00eame temps: une 1\u00e8re \u00e0 Gaza, une 2e au Liban et une 3e en Cisjordanie et aucune n&#039;est gagn\u00e9e.\" \/>\n<meta property=\"og:url\" content=\"https:\/\/kapitalis.com\/tunisie\/2024\/09\/27\/benjamin-netanyahu-se-cassera-les-dents-au-liban-comme-a-gaza\/\" \/>\n<meta property=\"og:site_name\" content=\"Kapitalis\" \/>\n<meta property=\"article:publisher\" content=\"https:\/\/www.facebook.com\/KapitalisInfo\/\" \/>\n<meta property=\"article:published_time\" content=\"2024-09-27T06:51:14+00:00\" \/>\n<meta property=\"article:modified_time\" content=\"2024-09-27T06:51:16+00:00\" \/>\n<meta property=\"og:image\" content=\"https:\/\/kapitalis.com\/tunisie\/wp-content\/uploads\/2024\/09\/Israel-bombarde-le-Liban.jpg\" \/>\n\t<meta property=\"og:image:width\" content=\"1200\" \/>\n\t<meta property=\"og:image:height\" content=\"630\" \/>\n\t<meta property=\"og:image:type\" content=\"image\/jpeg\" \/>\n<meta name=\"author\" content=\"webmaster kapitalis\" \/>\n<meta name=\"twitter:card\" content=\"summary_large_image\" \/>\n<meta name=\"twitter:creator\" content=\"@KapitalisInfo\" \/>\n<meta name=\"twitter:site\" content=\"@KapitalisInfo\" \/>\n<meta name=\"twitter:label1\" content=\"\u00c9crit par\" \/>\n\t<meta name=\"twitter:data1\" content=\"webmaster kapitalis\" \/>\n\t<meta name=\"twitter:label2\" content=\"Dur\u00e9e de lecture estim\u00e9e\" \/>\n\t<meta name=\"twitter:data2\" content=\"10 minutes\" \/>\n<script type=\"application\/ld+json\" class=\"yoast-schema-graph\">{\"@context\":\"https:\/\/schema.org\",\"@graph\":[{\"@type\":\"Article\",\"@id\":\"https:\/\/kapitalis.com\/tunisie\/2024\/09\/27\/benjamin-netanyahu-se-cassera-les-dents-au-liban-comme-a-gaza\/#article\",\"isPartOf\":{\"@id\":\"https:\/\/kapitalis.com\/tunisie\/2024\/09\/27\/benjamin-netanyahu-se-cassera-les-dents-au-liban-comme-a-gaza\/\"},\"author\":{\"name\":\"webmaster kapitalis\",\"@id\":\"https:\/\/kapitalis.com\/tunisie\/#\/schema\/person\/d71f33a9ca44f7bad4698210b480c8e9\"},\"headline\":\"Benjamin Netanyahu se cassera les dents au Liban comme \u00e0 Gaza\",\"datePublished\":\"2024-09-27T06:51:14+00:00\",\"dateModified\":\"2024-09-27T06:51:16+00:00\",\"mainEntityOfPage\":{\"@id\":\"https:\/\/kapitalis.com\/tunisie\/2024\/09\/27\/benjamin-netanyahu-se-cassera-les-dents-au-liban-comme-a-gaza\/\"},\"wordCount\":2158,\"publisher\":{\"@id\":\"https:\/\/kapitalis.com\/tunisie\/#organization\"},\"image\":{\"@id\":\"https:\/\/kapitalis.com\/tunisie\/2024\/09\/27\/benjamin-netanyahu-se-cassera-les-dents-au-liban-comme-a-gaza\/#primaryimage\"},\"thumbnailUrl\":\"https:\/\/kapitalis.com\/tunisie\/wp-content\/uploads\/2024\/09\/Israel-bombarde-le-Liban.jpg\",\"keywords\":[\"Benjamin Netanyahu\",\"Cisjordanie\",\"Emirats - Isra\u00ebl\",\"Gaza\",\"Hamas\",\"Hassan Nasrallah\",\"Hezbollah\",\"Iran\",\"Liban\",\"Mossad\"],\"articleSection\":[\"A LA UNE\",\"POLITIQUE\",\"Tunisie\"],\"inLanguage\":\"fr-FR\"},{\"@type\":\"WebPage\",\"@id\":\"https:\/\/kapitalis.com\/tunisie\/2024\/09\/27\/benjamin-netanyahu-se-cassera-les-dents-au-liban-comme-a-gaza\/\",\"url\":\"https:\/\/kapitalis.com\/tunisie\/2024\/09\/27\/benjamin-netanyahu-se-cassera-les-dents-au-liban-comme-a-gaza\/\",\"name\":\"Benjamin Netanyahu se cassera les dents au Liban comme \u00e0 Gaza - Kapitalis\",\"isPartOf\":{\"@id\":\"https:\/\/kapitalis.com\/tunisie\/#website\"},\"primaryImageOfPage\":{\"@id\":\"https:\/\/kapitalis.com\/tunisie\/2024\/09\/27\/benjamin-netanyahu-se-cassera-les-dents-au-liban-comme-a-gaza\/#primaryimage\"},\"image\":{\"@id\":\"https:\/\/kapitalis.com\/tunisie\/2024\/09\/27\/benjamin-netanyahu-se-cassera-les-dents-au-liban-comme-a-gaza\/#primaryimage\"},\"thumbnailUrl\":\"https:\/\/kapitalis.com\/tunisie\/wp-content\/uploads\/2024\/09\/Israel-bombarde-le-Liban.jpg\",\"datePublished\":\"2024-09-27T06:51:14+00:00\",\"dateModified\":\"2024-09-27T06:51:16+00:00\",\"breadcrumb\":{\"@id\":\"https:\/\/kapitalis.com\/tunisie\/2024\/09\/27\/benjamin-netanyahu-se-cassera-les-dents-au-liban-comme-a-gaza\/#breadcrumb\"},\"inLanguage\":\"fr-FR\",\"potentialAction\":[{\"@type\":\"ReadAction\",\"target\":[\"https:\/\/kapitalis.com\/tunisie\/2024\/09\/27\/benjamin-netanyahu-se-cassera-les-dents-au-liban-comme-a-gaza\/\"]}]},{\"@type\":\"ImageObject\",\"inLanguage\":\"fr-FR\",\"@id\":\"https:\/\/kapitalis.com\/tunisie\/2024\/09\/27\/benjamin-netanyahu-se-cassera-les-dents-au-liban-comme-a-gaza\/#primaryimage\",\"url\":\"https:\/\/kapitalis.com\/tunisie\/wp-content\/uploads\/2024\/09\/Israel-bombarde-le-Liban.jpg\",\"contentUrl\":\"https:\/\/kapitalis.com\/tunisie\/wp-content\/uploads\/2024\/09\/Israel-bombarde-le-Liban.jpg\",\"width\":1200,\"height\":630},{\"@type\":\"BreadcrumbList\",\"@id\":\"https:\/\/kapitalis.com\/tunisie\/2024\/09\/27\/benjamin-netanyahu-se-cassera-les-dents-au-liban-comme-a-gaza\/#breadcrumb\",\"itemListElement\":[{\"@type\":\"ListItem\",\"position\":1,\"name\":\"Accueil\",\"item\":\"https:\/\/kapitalis.com\/tunisie\/\"},{\"@type\":\"ListItem\",\"position\":2,\"name\":\"Benjamin Netanyahu se cassera les dents au Liban comme \u00e0 Gaza\"}]},{\"@type\":\"WebSite\",\"@id\":\"https:\/\/kapitalis.com\/tunisie\/#website\",\"url\":\"https:\/\/kapitalis.com\/tunisie\/\",\"name\":\"Kapitalis\",\"description\":\"L&#039;actualit\u00e9 en Tunisie et dans le monde\",\"publisher\":{\"@id\":\"https:\/\/kapitalis.com\/tunisie\/#organization\"},\"potentialAction\":[{\"@type\":\"SearchAction\",\"target\":{\"@type\":\"EntryPoint\",\"urlTemplate\":\"https:\/\/kapitalis.com\/tunisie\/?s={search_term_string}\"},\"query-input\":{\"@type\":\"PropertyValueSpecification\",\"valueRequired\":true,\"valueName\":\"search_term_string\"}}],\"inLanguage\":\"fr-FR\"},{\"@type\":\"Organization\",\"@id\":\"https:\/\/kapitalis.com\/tunisie\/#organization\",\"name\":\"Kapitalis\",\"url\":\"https:\/\/kapitalis.com\/tunisie\/\",\"logo\":{\"@type\":\"ImageObject\",\"inLanguage\":\"fr-FR\",\"@id\":\"https:\/\/kapitalis.com\/tunisie\/#\/schema\/logo\/image\/\",\"url\":\"https:\/\/kapitalis.com\/tunisie\/wp-content\/uploads\/2022\/05\/Kapitalis-big-size.png\",\"contentUrl\":\"https:\/\/kapitalis.com\/tunisie\/wp-content\/uploads\/2022\/05\/Kapitalis-big-size.png\",\"width\":5000,\"height\":1500,\"caption\":\"Kapitalis\"},\"image\":{\"@id\":\"https:\/\/kapitalis.com\/tunisie\/#\/schema\/logo\/image\/\"},\"sameAs\":[\"https:\/\/www.facebook.com\/KapitalisInfo\/\",\"https:\/\/x.com\/KapitalisInfo\",\"https:\/\/www.youtube.com\/channel\/UC-yDYrHyfFBWWZaOw3FPg9Q\"]},{\"@type\":\"Person\",\"@id\":\"https:\/\/kapitalis.com\/tunisie\/#\/schema\/person\/d71f33a9ca44f7bad4698210b480c8e9\",\"name\":\"webmaster kapitalis\",\"url\":\"https:\/\/kapitalis.com\/tunisie\/author\/webmaster-kapitalis\/\"}]}<\/script>\n<!-- \/ Yoast SEO plugin. -->","yoast_head_json":{"title":"Benjamin Netanyahu se cassera les dents au Liban comme \u00e0 Gaza - Kapitalis","robots":{"index":"index","follow":"follow","max-snippet":"max-snippet:-1","max-image-preview":"max-image-preview:large","max-video-preview":"max-video-preview:-1"},"canonical":"https:\/\/kapitalis.com\/tunisie\/2024\/09\/27\/benjamin-netanyahu-se-cassera-les-dents-au-liban-comme-a-gaza\/","og_locale":"fr_FR","og_type":"article","og_title":"Benjamin Netanyahu se cassera les dents au Liban comme \u00e0 Gaza - Kapitalis","og_description":"Isra\u00ebl est engag\u00e9 dans deux guerres et demie en m\u00eame temps: une 1\u00e8re \u00e0 Gaza, une 2e au Liban et une 3e en Cisjordanie et aucune n'est gagn\u00e9e.","og_url":"https:\/\/kapitalis.com\/tunisie\/2024\/09\/27\/benjamin-netanyahu-se-cassera-les-dents-au-liban-comme-a-gaza\/","og_site_name":"Kapitalis","article_publisher":"https:\/\/www.facebook.com\/KapitalisInfo\/","article_published_time":"2024-09-27T06:51:14+00:00","article_modified_time":"2024-09-27T06:51:16+00:00","og_image":[{"width":1200,"height":630,"url":"https:\/\/kapitalis.com\/tunisie\/wp-content\/uploads\/2024\/09\/Israel-bombarde-le-Liban.jpg","type":"image\/jpeg"}],"author":"webmaster kapitalis","twitter_card":"summary_large_image","twitter_creator":"@KapitalisInfo","twitter_site":"@KapitalisInfo","twitter_misc":{"\u00c9crit par":"webmaster kapitalis","Dur\u00e9e de lecture estim\u00e9e":"10 minutes"},"schema":{"@context":"https:\/\/schema.org","@graph":[{"@type":"Article","@id":"https:\/\/kapitalis.com\/tunisie\/2024\/09\/27\/benjamin-netanyahu-se-cassera-les-dents-au-liban-comme-a-gaza\/#article","isPartOf":{"@id":"https:\/\/kapitalis.com\/tunisie\/2024\/09\/27\/benjamin-netanyahu-se-cassera-les-dents-au-liban-comme-a-gaza\/"},"author":{"name":"webmaster kapitalis","@id":"https:\/\/kapitalis.com\/tunisie\/#\/schema\/person\/d71f33a9ca44f7bad4698210b480c8e9"},"headline":"Benjamin Netanyahu se cassera les dents au Liban comme \u00e0 Gaza","datePublished":"2024-09-27T06:51:14+00:00","dateModified":"2024-09-27T06:51:16+00:00","mainEntityOfPage":{"@id":"https:\/\/kapitalis.com\/tunisie\/2024\/09\/27\/benjamin-netanyahu-se-cassera-les-dents-au-liban-comme-a-gaza\/"},"wordCount":2158,"publisher":{"@id":"https:\/\/kapitalis.com\/tunisie\/#organization"},"image":{"@id":"https:\/\/kapitalis.com\/tunisie\/2024\/09\/27\/benjamin-netanyahu-se-cassera-les-dents-au-liban-comme-a-gaza\/#primaryimage"},"thumbnailUrl":"https:\/\/kapitalis.com\/tunisie\/wp-content\/uploads\/2024\/09\/Israel-bombarde-le-Liban.jpg","keywords":["Benjamin Netanyahu","Cisjordanie","Emirats - Isra\u00ebl","Gaza","Hamas","Hassan Nasrallah","Hezbollah","Iran","Liban","Mossad"],"articleSection":["A LA UNE","POLITIQUE","Tunisie"],"inLanguage":"fr-FR"},{"@type":"WebPage","@id":"https:\/\/kapitalis.com\/tunisie\/2024\/09\/27\/benjamin-netanyahu-se-cassera-les-dents-au-liban-comme-a-gaza\/","url":"https:\/\/kapitalis.com\/tunisie\/2024\/09\/27\/benjamin-netanyahu-se-cassera-les-dents-au-liban-comme-a-gaza\/","name":"Benjamin Netanyahu se cassera les dents au Liban comme \u00e0 Gaza - Kapitalis","isPartOf":{"@id":"https:\/\/kapitalis.com\/tunisie\/#website"},"primaryImageOfPage":{"@id":"https:\/\/kapitalis.com\/tunisie\/2024\/09\/27\/benjamin-netanyahu-se-cassera-les-dents-au-liban-comme-a-gaza\/#primaryimage"},"image":{"@id":"https:\/\/kapitalis.com\/tunisie\/2024\/09\/27\/benjamin-netanyahu-se-cassera-les-dents-au-liban-comme-a-gaza\/#primaryimage"},"thumbnailUrl":"https:\/\/kapitalis.com\/tunisie\/wp-content\/uploads\/2024\/09\/Israel-bombarde-le-Liban.jpg","datePublished":"2024-09-27T06:51:14+00:00","dateModified":"2024-09-27T06:51:16+00:00","breadcrumb":{"@id":"https:\/\/kapitalis.com\/tunisie\/2024\/09\/27\/benjamin-netanyahu-se-cassera-les-dents-au-liban-comme-a-gaza\/#breadcrumb"},"inLanguage":"fr-FR","potentialAction":[{"@type":"ReadAction","target":["https:\/\/kapitalis.com\/tunisie\/2024\/09\/27\/benjamin-netanyahu-se-cassera-les-dents-au-liban-comme-a-gaza\/"]}]},{"@type":"ImageObject","inLanguage":"fr-FR","@id":"https:\/\/kapitalis.com\/tunisie\/2024\/09\/27\/benjamin-netanyahu-se-cassera-les-dents-au-liban-comme-a-gaza\/#primaryimage","url":"https:\/\/kapitalis.com\/tunisie\/wp-content\/uploads\/2024\/09\/Israel-bombarde-le-Liban.jpg","contentUrl":"https:\/\/kapitalis.com\/tunisie\/wp-content\/uploads\/2024\/09\/Israel-bombarde-le-Liban.jpg","width":1200,"height":630},{"@type":"BreadcrumbList","@id":"https:\/\/kapitalis.com\/tunisie\/2024\/09\/27\/benjamin-netanyahu-se-cassera-les-dents-au-liban-comme-a-gaza\/#breadcrumb","itemListElement":[{"@type":"ListItem","position":1,"name":"Accueil","item":"https:\/\/kapitalis.com\/tunisie\/"},{"@type":"ListItem","position":2,"name":"Benjamin Netanyahu se cassera les dents au Liban comme \u00e0 Gaza"}]},{"@type":"WebSite","@id":"https:\/\/kapitalis.com\/tunisie\/#website","url":"https:\/\/kapitalis.com\/tunisie\/","name":"Kapitalis","description":"L&#039;actualit\u00e9 en Tunisie et dans le monde","publisher":{"@id":"https:\/\/kapitalis.com\/tunisie\/#organization"},"potentialAction":[{"@type":"SearchAction","target":{"@type":"EntryPoint","urlTemplate":"https:\/\/kapitalis.com\/tunisie\/?s={search_term_string}"},"query-input":{"@type":"PropertyValueSpecification","valueRequired":true,"valueName":"search_term_string"}}],"inLanguage":"fr-FR"},{"@type":"Organization","@id":"https:\/\/kapitalis.com\/tunisie\/#organization","name":"Kapitalis","url":"https:\/\/kapitalis.com\/tunisie\/","logo":{"@type":"ImageObject","inLanguage":"fr-FR","@id":"https:\/\/kapitalis.com\/tunisie\/#\/schema\/logo\/image\/","url":"https:\/\/kapitalis.com\/tunisie\/wp-content\/uploads\/2022\/05\/Kapitalis-big-size.png","contentUrl":"https:\/\/kapitalis.com\/tunisie\/wp-content\/uploads\/2022\/05\/Kapitalis-big-size.png","width":5000,"height":1500,"caption":"Kapitalis"},"image":{"@id":"https:\/\/kapitalis.com\/tunisie\/#\/schema\/logo\/image\/"},"sameAs":["https:\/\/www.facebook.com\/KapitalisInfo\/","https:\/\/x.com\/KapitalisInfo","https:\/\/www.youtube.com\/channel\/UC-yDYrHyfFBWWZaOw3FPg9Q"]},{"@type":"Person","@id":"https:\/\/kapitalis.com\/tunisie\/#\/schema\/person\/d71f33a9ca44f7bad4698210b480c8e9","name":"webmaster kapitalis","url":"https:\/\/kapitalis.com\/tunisie\/author\/webmaster-kapitalis\/"}]}},"_links":{"self":[{"href":"https:\/\/kapitalis.com\/tunisie\/wp-json\/wp\/v2\/posts\/14072738","targetHints":{"allow":["GET"]}}],"collection":[{"href":"https:\/\/kapitalis.com\/tunisie\/wp-json\/wp\/v2\/posts"}],"about":[{"href":"https:\/\/kapitalis.com\/tunisie\/wp-json\/wp\/v2\/types\/post"}],"author":[{"embeddable":true,"href":"https:\/\/kapitalis.com\/tunisie\/wp-json\/wp\/v2\/users\/8"}],"replies":[{"embeddable":true,"href":"https:\/\/kapitalis.com\/tunisie\/wp-json\/wp\/v2\/comments?post=14072738"}],"version-history":[{"count":1,"href":"https:\/\/kapitalis.com\/tunisie\/wp-json\/wp\/v2\/posts\/14072738\/revisions"}],"predecessor-version":[{"id":14072776,"href":"https:\/\/kapitalis.com\/tunisie\/wp-json\/wp\/v2\/posts\/14072738\/revisions\/14072776"}],"wp:featuredmedia":[{"embeddable":true,"href":"https:\/\/kapitalis.com\/tunisie\/wp-json\/wp\/v2\/media\/14072759"}],"wp:attachment":[{"href":"https:\/\/kapitalis.com\/tunisie\/wp-json\/wp\/v2\/media?parent=14072738"}],"wp:term":[{"taxonomy":"category","embeddable":true,"href":"https:\/\/kapitalis.com\/tunisie\/wp-json\/wp\/v2\/categories?post=14072738"},{"taxonomy":"post_tag","embeddable":true,"href":"https:\/\/kapitalis.com\/tunisie\/wp-json\/wp\/v2\/tags?post=14072738"}],"curies":[{"name":"wp","href":"https:\/\/api.w.org\/{rel}","templated":true}]}}