{"id":14074228,"date":"2024-09-27T13:50:16","date_gmt":"2024-09-27T12:50:16","guid":{"rendered":"https:\/\/kapitalis.com\/tunisie\/?p=14074228"},"modified":"2024-09-27T13:50:17","modified_gmt":"2024-09-27T12:50:17","slug":"zouhair-maghzaoui-appelle-les-deputes-a-ecouter-la-voix-de-leur-conscience","status":"publish","type":"post","link":"https:\/\/kapitalis.com\/tunisie\/2024\/09\/27\/zouhair-maghzaoui-appelle-les-deputes-a-ecouter-la-voix-de-leur-conscience\/","title":{"rendered":"Zouhair Maghzaoui appelle les d\u00e9put\u00e9s \u00e0 \u00ab\u00e9couter la voix de leur conscience\u00bb"},"content":{"rendered":"\n<p><strong><em>\u00abRien ne justifie le projet douteux d\u2019amendement du code \u00e9lectoral qui est, \u00e0 l\u2019\u00e9vidence, inacceptable sur les plans \u00e9thique et populaire\u00bb, a d\u00e9clar\u00e9 Zouhair Maghzaoui, le candidat du mouvement Echa\u00e2b \u00e0 la pr\u00e9sidentielle du 6 octobre prochain.<\/em><\/strong><\/p>\n\n\n\n<!--more-->\n\n\n\n<p>Dans une lettre ouverte adress\u00e9e aux membres de l\u2019Assembl\u00e9e des repr\u00e9sentants du peuple (ARP), diffus\u00e9e jeudi 26 septembre 2024, Maghzaoui a exhort\u00e9 les d\u00e9put\u00e9s \u00e0 <em>\u00ab\u00e9couter la voix de leur conscience et \u00e0 prendre le parti de l\u2019Etat de droit et du droit du peuple tunisien \u00e0 d\u00e9cider de son sort \u00e0 travers les urnes\u00bb<\/em>, selon ses termes.<\/p>\n\n\n\n<p>Le projet d\u2019amendement du code \u00e9lectoral, discut\u00e9 ce vendredi 27 septembre en s\u00e9ance pl\u00e9ni\u00e8re \u00e0 l\u2019Assembl\u00e9e, \u00e0 quelques jours de la pr\u00e9sidentielle, propose de retirer l\u2019examen des litiges \u00e9lectoraux au tribunal administratif et le contr\u00f4le des d\u00e9penses des campagnes \u00e9lectorales \u00e0 la cour des comptes pour les attribuer \u00e0 la juridiction judiciaire (cour d\u2019appel et cour de cassation). Ce qui est consid\u00e9r\u00e9 comme aberrant par beaucoup d\u2019analystes politiques et de repr\u00e9sentants de la soci\u00e9t\u00e9 civile.<\/p>\n\n\n\n<figure class=\"wp-block-gallery aligncenter has-nested-images columns-default is-cropped wp-block-gallery-1 is-layout-flex wp-block-gallery-is-layout-flex\">\n<figure class=\"wp-block-image size-large\"><img loading=\"lazy\" decoding=\"async\" width=\"576\" height=\"1024\" data-id=\"14074233\" src=\"https:\/\/kapitalis.com\/tunisie\/wp-content\/uploads\/2024\/09\/Lettre-Maghzaoui-Deputes-576x1024.jpg\" alt=\"\" class=\"wp-image-14074233\" srcset=\"https:\/\/kapitalis.com\/tunisie\/wp-content\/uploads\/2024\/09\/Lettre-Maghzaoui-Deputes-576x1024.jpg 576w, https:\/\/kapitalis.com\/tunisie\/wp-content\/uploads\/2024\/09\/Lettre-Maghzaoui-Deputes-169x300.jpg 169w, https:\/\/kapitalis.com\/tunisie\/wp-content\/uploads\/2024\/09\/Lettre-Maghzaoui-Deputes-580x1031.jpg 580w, https:\/\/kapitalis.com\/tunisie\/wp-content\/uploads\/2024\/09\/Lettre-Maghzaoui-Deputes.jpg 720w\" sizes=\"auto, (max-width: 576px) 100vw, 576px\" \/><\/figure>\n\n\n\n<figure class=\"wp-block-image size-large\"><img loading=\"lazy\" decoding=\"async\" width=\"576\" height=\"1024\" data-id=\"14074235\" src=\"https:\/\/kapitalis.com\/tunisie\/wp-content\/uploads\/2024\/09\/Lettre-Maghzaoui-Deputes-2-576x1024.jpg\" alt=\"\" class=\"wp-image-14074235\" srcset=\"https:\/\/kapitalis.com\/tunisie\/wp-content\/uploads\/2024\/09\/Lettre-Maghzaoui-Deputes-2-576x1024.jpg 576w, https:\/\/kapitalis.com\/tunisie\/wp-content\/uploads\/2024\/09\/Lettre-Maghzaoui-Deputes-2-169x300.jpg 169w, https:\/\/kapitalis.com\/tunisie\/wp-content\/uploads\/2024\/09\/Lettre-Maghzaoui-Deputes-2-580x1031.jpg 580w, https:\/\/kapitalis.com\/tunisie\/wp-content\/uploads\/2024\/09\/Lettre-Maghzaoui-Deputes-2.jpg 720w\" sizes=\"auto, (max-width: 576px) 100vw, 576px\" \/><\/figure>\n<\/figure>\n\n\n\n<p class=\"has-text-align-right\"><strong>I. B.<\/strong><\/p>\n\n\n\n<p><\/p>\n","protected":false},"excerpt":{"rendered":"<p>\u00abRien ne justifie l\u2019amendement du code \u00e9lectoral qui est, \u00e0 l\u2019\u00e9vidence, inacceptable sur les plans \u00e9thique et populaire\u00bb, d\u00e9clare Maghzaoui. <\/p>\n","protected":false},"author":8,"featured_media":13794604,"comment_status":"closed","ping_status":"open","sticky":false,"template":"","format":"standard","meta":{"footnotes":""},"categories":[997,2433],"tags":[98978,2330,4797,1772,4896],"class_list":["post-14074228","post","type-post","status-publish","format-standard","has-post-thumbnail","hentry","category-politique","category-tunisie","tag-code-electoral","tag-cour-des-comptes","tag-presidentielle","tag-tribunal-administratif","tag-zouhair-maghzaoui"],"yoast_head":"<!-- This site is optimized with the Yoast SEO plugin v26.6 - https:\/\/yoast.com\/wordpress\/plugins\/seo\/ -->\n<title>Zouhair Maghzaoui appelle les d\u00e9put\u00e9s \u00e0 \u00ab\u00e9couter la voix de leur conscience\u00bb - Kapitalis<\/title>\n<meta name=\"robots\" content=\"index, follow, max-snippet:-1, max-image-preview:large, max-video-preview:-1\" \/>\n<link rel=\"canonical\" href=\"https:\/\/kapitalis.com\/tunisie\/2024\/09\/27\/zouhair-maghzaoui-appelle-les-deputes-a-ecouter-la-voix-de-leur-conscience\/\" \/>\n<meta property=\"og:locale\" content=\"fr_FR\" \/>\n<meta property=\"og:type\" content=\"article\" \/>\n<meta property=\"og:title\" content=\"Zouhair Maghzaoui appelle les d\u00e9put\u00e9s \u00e0 \u00ab\u00e9couter la voix de leur conscience\u00bb - Kapitalis\" \/>\n<meta property=\"og:description\" content=\"\u00abRien ne justifie l\u2019amendement du code \u00e9lectoral qui est, \u00e0 l\u2019\u00e9vidence, inacceptable sur les plans \u00e9thique et populaire\u00bb, d\u00e9clare Maghzaoui.\" \/>\n<meta property=\"og:url\" content=\"https:\/\/kapitalis.com\/tunisie\/2024\/09\/27\/zouhair-maghzaoui-appelle-les-deputes-a-ecouter-la-voix-de-leur-conscience\/\" \/>\n<meta property=\"og:site_name\" content=\"Kapitalis\" \/>\n<meta property=\"article:publisher\" content=\"https:\/\/www.facebook.com\/KapitalisInfo\/\" \/>\n<meta property=\"article:published_time\" content=\"2024-09-27T12:50:16+00:00\" \/>\n<meta property=\"article:modified_time\" content=\"2024-09-27T12:50:17+00:00\" \/>\n<meta property=\"og:image\" content=\"https:\/\/kapitalis.com\/tunisie\/wp-content\/uploads\/2024\/08\/Zouhair-Maghzaoui.jpg\" \/>\n\t<meta property=\"og:image:width\" content=\"1200\" \/>\n\t<meta property=\"og:image:height\" content=\"630\" \/>\n\t<meta property=\"og:image:type\" content=\"image\/jpeg\" \/>\n<meta name=\"author\" content=\"webmaster kapitalis\" \/>\n<meta name=\"twitter:card\" content=\"summary_large_image\" \/>\n<meta name=\"twitter:creator\" content=\"@KapitalisInfo\" \/>\n<meta name=\"twitter:site\" content=\"@KapitalisInfo\" \/>\n<meta name=\"twitter:label1\" content=\"\u00c9crit par\" \/>\n\t<meta name=\"twitter:data1\" content=\"webmaster kapitalis\" \/>\n\t<meta name=\"twitter:label2\" content=\"Dur\u00e9e de lecture estim\u00e9e\" \/>\n\t<meta name=\"twitter:data2\" content=\"2 minutes\" \/>\n<script type=\"application\/ld+json\" class=\"yoast-schema-graph\">{\"@context\":\"https:\/\/schema.org\",\"@graph\":[{\"@type\":\"Article\",\"@id\":\"https:\/\/kapitalis.com\/tunisie\/2024\/09\/27\/zouhair-maghzaoui-appelle-les-deputes-a-ecouter-la-voix-de-leur-conscience\/#article\",\"isPartOf\":{\"@id\":\"https:\/\/kapitalis.com\/tunisie\/2024\/09\/27\/zouhair-maghzaoui-appelle-les-deputes-a-ecouter-la-voix-de-leur-conscience\/\"},\"author\":{\"name\":\"webmaster kapitalis\",\"@id\":\"https:\/\/kapitalis.com\/tunisie\/#\/schema\/person\/d71f33a9ca44f7bad4698210b480c8e9\"},\"headline\":\"Zouhair Maghzaoui appelle les d\u00e9put\u00e9s \u00e0 \u00ab\u00e9couter la voix de leur conscience\u00bb\",\"datePublished\":\"2024-09-27T12:50:16+00:00\",\"dateModified\":\"2024-09-27T12:50:17+00:00\",\"mainEntityOfPage\":{\"@id\":\"https:\/\/kapitalis.com\/tunisie\/2024\/09\/27\/zouhair-maghzaoui-appelle-les-deputes-a-ecouter-la-voix-de-leur-conscience\/\"},\"wordCount\":200,\"publisher\":{\"@id\":\"https:\/\/kapitalis.com\/tunisie\/#organization\"},\"image\":{\"@id\":\"https:\/\/kapitalis.com\/tunisie\/2024\/09\/27\/zouhair-maghzaoui-appelle-les-deputes-a-ecouter-la-voix-de-leur-conscience\/#primaryimage\"},\"thumbnailUrl\":\"https:\/\/kapitalis.com\/tunisie\/wp-content\/uploads\/2024\/08\/Zouhair-Maghzaoui.jpg\",\"keywords\":[\"code \u00e9lectoral\",\"Cour des comptes\",\"pr\u00e9sidentielle\",\"tribunal administratif\",\"Zouhair Maghzaoui\"],\"articleSection\":[\"POLITIQUE\",\"Tunisie\"],\"inLanguage\":\"fr-FR\"},{\"@type\":\"WebPage\",\"@id\":\"https:\/\/kapitalis.com\/tunisie\/2024\/09\/27\/zouhair-maghzaoui-appelle-les-deputes-a-ecouter-la-voix-de-leur-conscience\/\",\"url\":\"https:\/\/kapitalis.com\/tunisie\/2024\/09\/27\/zouhair-maghzaoui-appelle-les-deputes-a-ecouter-la-voix-de-leur-conscience\/\",\"name\":\"Zouhair Maghzaoui appelle les d\u00e9put\u00e9s \u00e0 \u00ab\u00e9couter la voix de leur conscience\u00bb - Kapitalis\",\"isPartOf\":{\"@id\":\"https:\/\/kapitalis.com\/tunisie\/#website\"},\"primaryImageOfPage\":{\"@id\":\"https:\/\/kapitalis.com\/tunisie\/2024\/09\/27\/zouhair-maghzaoui-appelle-les-deputes-a-ecouter-la-voix-de-leur-conscience\/#primaryimage\"},\"image\":{\"@id\":\"https:\/\/kapitalis.com\/tunisie\/2024\/09\/27\/zouhair-maghzaoui-appelle-les-deputes-a-ecouter-la-voix-de-leur-conscience\/#primaryimage\"},\"thumbnailUrl\":\"https:\/\/kapitalis.com\/tunisie\/wp-content\/uploads\/2024\/08\/Zouhair-Maghzaoui.jpg\",\"datePublished\":\"2024-09-27T12:50:16+00:00\",\"dateModified\":\"2024-09-27T12:50:17+00:00\",\"breadcrumb\":{\"@id\":\"https:\/\/kapitalis.com\/tunisie\/2024\/09\/27\/zouhair-maghzaoui-appelle-les-deputes-a-ecouter-la-voix-de-leur-conscience\/#breadcrumb\"},\"inLanguage\":\"fr-FR\",\"potentialAction\":[{\"@type\":\"ReadAction\",\"target\":[\"https:\/\/kapitalis.com\/tunisie\/2024\/09\/27\/zouhair-maghzaoui-appelle-les-deputes-a-ecouter-la-voix-de-leur-conscience\/\"]}]},{\"@type\":\"ImageObject\",\"inLanguage\":\"fr-FR\",\"@id\":\"https:\/\/kapitalis.com\/tunisie\/2024\/09\/27\/zouhair-maghzaoui-appelle-les-deputes-a-ecouter-la-voix-de-leur-conscience\/#primaryimage\",\"url\":\"https:\/\/kapitalis.com\/tunisie\/wp-content\/uploads\/2024\/08\/Zouhair-Maghzaoui.jpg\",\"contentUrl\":\"https:\/\/kapitalis.com\/tunisie\/wp-content\/uploads\/2024\/08\/Zouhair-Maghzaoui.jpg\",\"width\":1200,\"height\":630},{\"@type\":\"BreadcrumbList\",\"@id\":\"https:\/\/kapitalis.com\/tunisie\/2024\/09\/27\/zouhair-maghzaoui-appelle-les-deputes-a-ecouter-la-voix-de-leur-conscience\/#breadcrumb\",\"itemListElement\":[{\"@type\":\"ListItem\",\"position\":1,\"name\":\"Accueil\",\"item\":\"https:\/\/kapitalis.com\/tunisie\/\"},{\"@type\":\"ListItem\",\"position\":2,\"name\":\"Zouhair Maghzaoui appelle les d\u00e9put\u00e9s \u00e0 \u00ab\u00e9couter la voix de leur conscience\u00bb\"}]},{\"@type\":\"WebSite\",\"@id\":\"https:\/\/kapitalis.com\/tunisie\/#website\",\"url\":\"https:\/\/kapitalis.com\/tunisie\/\",\"name\":\"Kapitalis\",\"description\":\"L&#039;actualit\u00e9 en Tunisie et dans le monde\",\"publisher\":{\"@id\":\"https:\/\/kapitalis.com\/tunisie\/#organization\"},\"potentialAction\":[{\"@type\":\"SearchAction\",\"target\":{\"@type\":\"EntryPoint\",\"urlTemplate\":\"https:\/\/kapitalis.com\/tunisie\/?s={search_term_string}\"},\"query-input\":{\"@type\":\"PropertyValueSpecification\",\"valueRequired\":true,\"valueName\":\"search_term_string\"}}],\"inLanguage\":\"fr-FR\"},{\"@type\":\"Organization\",\"@id\":\"https:\/\/kapitalis.com\/tunisie\/#organization\",\"name\":\"Kapitalis\",\"url\":\"https:\/\/kapitalis.com\/tunisie\/\",\"logo\":{\"@type\":\"ImageObject\",\"inLanguage\":\"fr-FR\",\"@id\":\"https:\/\/kapitalis.com\/tunisie\/#\/schema\/logo\/image\/\",\"url\":\"https:\/\/kapitalis.com\/tunisie\/wp-content\/uploads\/2022\/05\/Kapitalis-big-size.png\",\"contentUrl\":\"https:\/\/kapitalis.com\/tunisie\/wp-content\/uploads\/2022\/05\/Kapitalis-big-size.png\",\"width\":5000,\"height\":1500,\"caption\":\"Kapitalis\"},\"image\":{\"@id\":\"https:\/\/kapitalis.com\/tunisie\/#\/schema\/logo\/image\/\"},\"sameAs\":[\"https:\/\/www.facebook.com\/KapitalisInfo\/\",\"https:\/\/x.com\/KapitalisInfo\",\"https:\/\/www.youtube.com\/channel\/UC-yDYrHyfFBWWZaOw3FPg9Q\"]},{\"@type\":\"Person\",\"@id\":\"https:\/\/kapitalis.com\/tunisie\/#\/schema\/person\/d71f33a9ca44f7bad4698210b480c8e9\",\"name\":\"webmaster kapitalis\",\"url\":\"https:\/\/kapitalis.com\/tunisie\/author\/webmaster-kapitalis\/\"}]}<\/script>\n<!-- \/ Yoast SEO plugin. -->","yoast_head_json":{"title":"Zouhair Maghzaoui appelle les d\u00e9put\u00e9s \u00e0 \u00ab\u00e9couter la voix de leur conscience\u00bb - Kapitalis","robots":{"index":"index","follow":"follow","max-snippet":"max-snippet:-1","max-image-preview":"max-image-preview:large","max-video-preview":"max-video-preview:-1"},"canonical":"https:\/\/kapitalis.com\/tunisie\/2024\/09\/27\/zouhair-maghzaoui-appelle-les-deputes-a-ecouter-la-voix-de-leur-conscience\/","og_locale":"fr_FR","og_type":"article","og_title":"Zouhair Maghzaoui appelle les d\u00e9put\u00e9s \u00e0 \u00ab\u00e9couter la voix de leur conscience\u00bb - Kapitalis","og_description":"\u00abRien ne justifie l\u2019amendement du code \u00e9lectoral qui est, \u00e0 l\u2019\u00e9vidence, inacceptable sur les plans \u00e9thique et populaire\u00bb, d\u00e9clare Maghzaoui.","og_url":"https:\/\/kapitalis.com\/tunisie\/2024\/09\/27\/zouhair-maghzaoui-appelle-les-deputes-a-ecouter-la-voix-de-leur-conscience\/","og_site_name":"Kapitalis","article_publisher":"https:\/\/www.facebook.com\/KapitalisInfo\/","article_published_time":"2024-09-27T12:50:16+00:00","article_modified_time":"2024-09-27T12:50:17+00:00","og_image":[{"width":1200,"height":630,"url":"https:\/\/kapitalis.com\/tunisie\/wp-content\/uploads\/2024\/08\/Zouhair-Maghzaoui.jpg","type":"image\/jpeg"}],"author":"webmaster kapitalis","twitter_card":"summary_large_image","twitter_creator":"@KapitalisInfo","twitter_site":"@KapitalisInfo","twitter_misc":{"\u00c9crit par":"webmaster kapitalis","Dur\u00e9e de lecture estim\u00e9e":"2 minutes"},"schema":{"@context":"https:\/\/schema.org","@graph":[{"@type":"Article","@id":"https:\/\/kapitalis.com\/tunisie\/2024\/09\/27\/zouhair-maghzaoui-appelle-les-deputes-a-ecouter-la-voix-de-leur-conscience\/#article","isPartOf":{"@id":"https:\/\/kapitalis.com\/tunisie\/2024\/09\/27\/zouhair-maghzaoui-appelle-les-deputes-a-ecouter-la-voix-de-leur-conscience\/"},"author":{"name":"webmaster kapitalis","@id":"https:\/\/kapitalis.com\/tunisie\/#\/schema\/person\/d71f33a9ca44f7bad4698210b480c8e9"},"headline":"Zouhair Maghzaoui appelle les d\u00e9put\u00e9s \u00e0 \u00ab\u00e9couter la voix de leur conscience\u00bb","datePublished":"2024-09-27T12:50:16+00:00","dateModified":"2024-09-27T12:50:17+00:00","mainEntityOfPage":{"@id":"https:\/\/kapitalis.com\/tunisie\/2024\/09\/27\/zouhair-maghzaoui-appelle-les-deputes-a-ecouter-la-voix-de-leur-conscience\/"},"wordCount":200,"publisher":{"@id":"https:\/\/kapitalis.com\/tunisie\/#organization"},"image":{"@id":"https:\/\/kapitalis.com\/tunisie\/2024\/09\/27\/zouhair-maghzaoui-appelle-les-deputes-a-ecouter-la-voix-de-leur-conscience\/#primaryimage"},"thumbnailUrl":"https:\/\/kapitalis.com\/tunisie\/wp-content\/uploads\/2024\/08\/Zouhair-Maghzaoui.jpg","keywords":["code \u00e9lectoral","Cour des comptes","pr\u00e9sidentielle","tribunal administratif","Zouhair Maghzaoui"],"articleSection":["POLITIQUE","Tunisie"],"inLanguage":"fr-FR"},{"@type":"WebPage","@id":"https:\/\/kapitalis.com\/tunisie\/2024\/09\/27\/zouhair-maghzaoui-appelle-les-deputes-a-ecouter-la-voix-de-leur-conscience\/","url":"https:\/\/kapitalis.com\/tunisie\/2024\/09\/27\/zouhair-maghzaoui-appelle-les-deputes-a-ecouter-la-voix-de-leur-conscience\/","name":"Zouhair Maghzaoui appelle les d\u00e9put\u00e9s \u00e0 \u00ab\u00e9couter la voix de leur conscience\u00bb - Kapitalis","isPartOf":{"@id":"https:\/\/kapitalis.com\/tunisie\/#website"},"primaryImageOfPage":{"@id":"https:\/\/kapitalis.com\/tunisie\/2024\/09\/27\/zouhair-maghzaoui-appelle-les-deputes-a-ecouter-la-voix-de-leur-conscience\/#primaryimage"},"image":{"@id":"https:\/\/kapitalis.com\/tunisie\/2024\/09\/27\/zouhair-maghzaoui-appelle-les-deputes-a-ecouter-la-voix-de-leur-conscience\/#primaryimage"},"thumbnailUrl":"https:\/\/kapitalis.com\/tunisie\/wp-content\/uploads\/2024\/08\/Zouhair-Maghzaoui.jpg","datePublished":"2024-09-27T12:50:16+00:00","dateModified":"2024-09-27T12:50:17+00:00","breadcrumb":{"@id":"https:\/\/kapitalis.com\/tunisie\/2024\/09\/27\/zouhair-maghzaoui-appelle-les-deputes-a-ecouter-la-voix-de-leur-conscience\/#breadcrumb"},"inLanguage":"fr-FR","potentialAction":[{"@type":"ReadAction","target":["https:\/\/kapitalis.com\/tunisie\/2024\/09\/27\/zouhair-maghzaoui-appelle-les-deputes-a-ecouter-la-voix-de-leur-conscience\/"]}]},{"@type":"ImageObject","inLanguage":"fr-FR","@id":"https:\/\/kapitalis.com\/tunisie\/2024\/09\/27\/zouhair-maghzaoui-appelle-les-deputes-a-ecouter-la-voix-de-leur-conscience\/#primaryimage","url":"https:\/\/kapitalis.com\/tunisie\/wp-content\/uploads\/2024\/08\/Zouhair-Maghzaoui.jpg","contentUrl":"https:\/\/kapitalis.com\/tunisie\/wp-content\/uploads\/2024\/08\/Zouhair-Maghzaoui.jpg","width":1200,"height":630},{"@type":"BreadcrumbList","@id":"https:\/\/kapitalis.com\/tunisie\/2024\/09\/27\/zouhair-maghzaoui-appelle-les-deputes-a-ecouter-la-voix-de-leur-conscience\/#breadcrumb","itemListElement":[{"@type":"ListItem","position":1,"name":"Accueil","item":"https:\/\/kapitalis.com\/tunisie\/"},{"@type":"ListItem","position":2,"name":"Zouhair Maghzaoui appelle les d\u00e9put\u00e9s \u00e0 \u00ab\u00e9couter la voix de leur conscience\u00bb"}]},{"@type":"WebSite","@id":"https:\/\/kapitalis.com\/tunisie\/#website","url":"https:\/\/kapitalis.com\/tunisie\/","name":"Kapitalis","description":"L&#039;actualit\u00e9 en Tunisie et dans le monde","publisher":{"@id":"https:\/\/kapitalis.com\/tunisie\/#organization"},"potentialAction":[{"@type":"SearchAction","target":{"@type":"EntryPoint","urlTemplate":"https:\/\/kapitalis.com\/tunisie\/?s={search_term_string}"},"query-input":{"@type":"PropertyValueSpecification","valueRequired":true,"valueName":"search_term_string"}}],"inLanguage":"fr-FR"},{"@type":"Organization","@id":"https:\/\/kapitalis.com\/tunisie\/#organization","name":"Kapitalis","url":"https:\/\/kapitalis.com\/tunisie\/","logo":{"@type":"ImageObject","inLanguage":"fr-FR","@id":"https:\/\/kapitalis.com\/tunisie\/#\/schema\/logo\/image\/","url":"https:\/\/kapitalis.com\/tunisie\/wp-content\/uploads\/2022\/05\/Kapitalis-big-size.png","contentUrl":"https:\/\/kapitalis.com\/tunisie\/wp-content\/uploads\/2022\/05\/Kapitalis-big-size.png","width":5000,"height":1500,"caption":"Kapitalis"},"image":{"@id":"https:\/\/kapitalis.com\/tunisie\/#\/schema\/logo\/image\/"},"sameAs":["https:\/\/www.facebook.com\/KapitalisInfo\/","https:\/\/x.com\/KapitalisInfo","https:\/\/www.youtube.com\/channel\/UC-yDYrHyfFBWWZaOw3FPg9Q"]},{"@type":"Person","@id":"https:\/\/kapitalis.com\/tunisie\/#\/schema\/person\/d71f33a9ca44f7bad4698210b480c8e9","name":"webmaster kapitalis","url":"https:\/\/kapitalis.com\/tunisie\/author\/webmaster-kapitalis\/"}]}},"_links":{"self":[{"href":"https:\/\/kapitalis.com\/tunisie\/wp-json\/wp\/v2\/posts\/14074228","targetHints":{"allow":["GET"]}}],"collection":[{"href":"https:\/\/kapitalis.com\/tunisie\/wp-json\/wp\/v2\/posts"}],"about":[{"href":"https:\/\/kapitalis.com\/tunisie\/wp-json\/wp\/v2\/types\/post"}],"author":[{"embeddable":true,"href":"https:\/\/kapitalis.com\/tunisie\/wp-json\/wp\/v2\/users\/8"}],"replies":[{"embeddable":true,"href":"https:\/\/kapitalis.com\/tunisie\/wp-json\/wp\/v2\/comments?post=14074228"}],"version-history":[{"count":1,"href":"https:\/\/kapitalis.com\/tunisie\/wp-json\/wp\/v2\/posts\/14074228\/revisions"}],"predecessor-version":[{"id":14074243,"href":"https:\/\/kapitalis.com\/tunisie\/wp-json\/wp\/v2\/posts\/14074228\/revisions\/14074243"}],"wp:featuredmedia":[{"embeddable":true,"href":"https:\/\/kapitalis.com\/tunisie\/wp-json\/wp\/v2\/media\/13794604"}],"wp:attachment":[{"href":"https:\/\/kapitalis.com\/tunisie\/wp-json\/wp\/v2\/media?parent=14074228"}],"wp:term":[{"taxonomy":"category","embeddable":true,"href":"https:\/\/kapitalis.com\/tunisie\/wp-json\/wp\/v2\/categories?post=14074228"},{"taxonomy":"post_tag","embeddable":true,"href":"https:\/\/kapitalis.com\/tunisie\/wp-json\/wp\/v2\/tags?post=14074228"}],"curies":[{"name":"wp","href":"https:\/\/api.w.org\/{rel}","templated":true}]}}