{"id":140792,"date":"2018-02-27T10:06:00","date_gmt":"2018-02-27T09:06:00","guid":{"rendered":"http:\/\/kapitalis.com\/tunisie\/?p=140792"},"modified":"2018-02-27T10:06:32","modified_gmt":"2018-02-27T09:06:32","slug":"a-sousse-leniso-celebre-journee-she-leads-2k18","status":"publish","type":"post","link":"https:\/\/kapitalis.com\/tunisie\/2018\/02\/27\/a-sousse-leniso-celebre-journee-she-leads-2k18\/","title":{"rendered":"\u00c0 Sousse : L\u2019Eniso c\u00e9l\u00e8bre la journ\u00e9e \u00abShe Leads 2k18\u00bb"},"content":{"rendered":"<p style=\"text-align: center;\"><img loading=\"lazy\" decoding=\"async\" class=\"alignnone size-full wp-image-140793\" src=\"http:\/\/kapitalis.com\/tunisie\/wp-content\/uploads\/2018\/02\/Eniso-Student-Branch.jpeg\" alt=\"\" width=\"626\" height=\"380\" \/><\/p>\n<p><em><strong>La 2e \u00e9dition deb la journ\u00e9e \u2018\u2018She leads\u2019\u2019, se tiendra le 7 mars 2018, \u00e0 l\u2019Ecole nationale d\u2019ing\u00e9nieurs de Sousse (ENISo), sous le th\u00e8me \u00abLa femme dans l\u2019industrie\u00bb.<\/strong><\/em><\/p>\n<p><!--more--><\/p>\n<p>Organis\u00e9e par IEEE Women in Engineering (WIE), \u00e0 l&rsquo;occasion de la journ\u00e9e internationale de la femme, cette journ\u00e9e vise \u00e0 encourager les femmes porteuses d\u2019id\u00e9es \u00e0 cr\u00e9er leurs propres entreprises, en leur pr\u00e9sentant le nouveau programme parrain\u00e9 avec le gouvernement.<\/p>\n<p>Durant cette journ\u00e9e, de nombreuses femmes entrepreneuses seront f\u00e9licit\u00e9es pour leurs grands exploits et partageront avec les pr\u00e9sents leurs parcours dans le monde de l\u2019entrepreneuriat ainsi que leurs visions de l\u2019avenir de la femme dans l\u2019industrie.<\/p>\n<p>Parmi les invit\u00e9s, on annonce Neziha Labidi, ministre de la Femme, de la Famille et de l\u2019Enfance, Atf Hamrouni, directeur de l\u2019International Leadership Academy, Nadia Soussi, pr\u00e9sidente de l\u2019Association tunisienne des femmes ing\u00e9nieurs (ATFI), Sarah Mestiri, vice pr\u00e9sidente de Arabwic Tunisia Chapter et membre de Woltech, Boudour Ammar, vice-pr\u00e9sidente de Wie Tunisia.<\/p>\n<p>Au programme, des conf\u00e9rences et des workshops consacr\u00e9s \u00e0 plusieurs th\u00e8mes comme le marketing, l\u2019entrepreneuriat et l\u2019innovation f\u00e9minine.<\/p>\n<p>L\u2019\u00e9v\u00e9nement vise \u00e0 encourager les jeunes femmes \u00e0 s\u2019imposer dans le domaine de l\u2019entrepreneuriat en mettant en valeur la position de la femme dans l\u2019industrie.<\/p>\n<p style=\"text-align: right;\"><strong>I. B.<\/strong><\/p>\n<blockquote class=\"wp-embedded-content\" data-secret=\"Lb5nTUcE1c\"><p><a href=\"https:\/\/kapitalis.com\/tunisie\/2017\/09\/28\/sousse-ouverture-du-3e-orange-tech-club-a-sousse-a-leniso\/\">Sousse : Ouverture du 3e Orange Tech Club \u00e0 Sousse \u00e0 l\u2019ENISo<\/a><\/p><\/blockquote>\n<p><iframe loading=\"lazy\" class=\"wp-embedded-content\" sandbox=\"allow-scripts\" security=\"restricted\" style=\"position: absolute; clip: rect(1px, 1px, 1px, 1px);\" title=\"\u00ab\u00a0Sousse : Ouverture du 3e Orange Tech Club \u00e0 Sousse \u00e0 l\u2019ENISo\u00a0\u00bb &#8212; Kapitalis\" src=\"https:\/\/kapitalis.com\/tunisie\/2017\/09\/28\/sousse-ouverture-du-3e-orange-tech-club-a-sousse-a-leniso\/embed\/#?secret=h9VJuAFM2R#?secret=Lb5nTUcE1c\" data-secret=\"Lb5nTUcE1c\" width=\"600\" height=\"338\" frameborder=\"0\" marginwidth=\"0\" marginheight=\"0\" scrolling=\"no\"><\/iframe><\/p>\n<blockquote class=\"wp-embedded-content\" data-secret=\"mWPfThUi6j\"><p><a href=\"https:\/\/kapitalis.com\/tunisie\/2017\/03\/21\/la-2e-edition-de-leniso-iot-challenge\/\">La 2e \u00e9dition de l\u2019Eniso IoT Challenge<\/a><\/p><\/blockquote>\n<p><iframe loading=\"lazy\" class=\"wp-embedded-content\" sandbox=\"allow-scripts\" security=\"restricted\" style=\"position: absolute; clip: rect(1px, 1px, 1px, 1px);\" title=\"\u00ab\u00a0La 2e \u00e9dition de l\u2019Eniso IoT Challenge\u00a0\u00bb &#8212; Kapitalis\" src=\"https:\/\/kapitalis.com\/tunisie\/2017\/03\/21\/la-2e-edition-de-leniso-iot-challenge\/embed\/#?secret=GTAW12BjUm#?secret=mWPfThUi6j\" data-secret=\"mWPfThUi6j\" width=\"600\" height=\"338\" frameborder=\"0\" marginwidth=\"0\" marginheight=\"0\" scrolling=\"no\"><\/iframe><\/p>\n<blockquote class=\"wp-embedded-content\" data-secret=\"fSM8Pj5sps\"><p><a href=\"https:\/\/kapitalis.com\/tunisie\/2016\/12\/05\/sousse-le-6e-forum-de-convergence-eniso-entreprises\/\">Sousse : Le 6e Forum de convergence Eniso-Entreprises<\/a><\/p><\/blockquote>\n<p><iframe loading=\"lazy\" class=\"wp-embedded-content\" sandbox=\"allow-scripts\" security=\"restricted\" style=\"position: absolute; clip: rect(1px, 1px, 1px, 1px);\" title=\"\u00ab\u00a0Sousse : Le 6e Forum de convergence Eniso-Entreprises\u00a0\u00bb &#8212; Kapitalis\" src=\"https:\/\/kapitalis.com\/tunisie\/2016\/12\/05\/sousse-le-6e-forum-de-convergence-eniso-entreprises\/embed\/#?secret=AyruFQwoO8#?secret=fSM8Pj5sps\" data-secret=\"fSM8Pj5sps\" width=\"600\" height=\"338\" frameborder=\"0\" marginwidth=\"0\" marginheight=\"0\" scrolling=\"no\"><\/iframe><\/p>\n","protected":false},"excerpt":{"rendered":"<p>La 2e \u00e9dition deb la journ\u00e9e \u2018\u2018She leads\u2019\u2019, se tiendra le 7 mars 2018, \u00e0 l\u2019Ecole nationale d\u2019ing\u00e9nieurs de Sousse (ENISo), sous le th\u00e8me \u00abLa femme dans l\u2019industrie\u00bb.<\/p>\n","protected":false},"author":8,"featured_media":140793,"comment_status":"open","ping_status":"open","sticky":false,"template":"","format":"standard","meta":{"footnotes":""},"categories":[998,2433],"tags":[28452],"class_list":["post-140792","post","type-post","status-publish","format-standard","has-post-thumbnail","hentry","category-societe","category-tunisie","tag-journee-internationale-de-la-femme"],"yoast_head":"<!-- This site is optimized with the Yoast SEO plugin v26.6 - https:\/\/yoast.com\/wordpress\/plugins\/seo\/ -->\n<title>\u00c0 Sousse : L\u2019Eniso c\u00e9l\u00e8bre la journ\u00e9e \u00abShe Leads 2k18\u00bb - Kapitalis<\/title>\n<meta name=\"robots\" content=\"index, follow, max-snippet:-1, max-image-preview:large, max-video-preview:-1\" \/>\n<link rel=\"canonical\" href=\"https:\/\/kapitalis.com\/tunisie\/2018\/02\/27\/a-sousse-leniso-celebre-journee-she-leads-2k18\/\" \/>\n<meta property=\"og:locale\" content=\"fr_FR\" \/>\n<meta property=\"og:type\" content=\"article\" \/>\n<meta property=\"og:title\" content=\"\u00c0 Sousse : L\u2019Eniso c\u00e9l\u00e8bre la journ\u00e9e \u00abShe Leads 2k18\u00bb - Kapitalis\" \/>\n<meta property=\"og:description\" content=\"La 2e \u00e9dition deb la journ\u00e9e \u2018\u2018She leads\u2019\u2019, se tiendra le 7 mars 2018, \u00e0 l\u2019Ecole nationale d\u2019ing\u00e9nieurs de Sousse (ENISo), sous le th\u00e8me \u00abLa femme dans l\u2019industrie\u00bb.\" \/>\n<meta property=\"og:url\" content=\"https:\/\/kapitalis.com\/tunisie\/2018\/02\/27\/a-sousse-leniso-celebre-journee-she-leads-2k18\/\" \/>\n<meta property=\"og:site_name\" content=\"Kapitalis\" \/>\n<meta property=\"article:publisher\" content=\"https:\/\/www.facebook.com\/KapitalisInfo\/\" \/>\n<meta property=\"article:published_time\" content=\"2018-02-27T09:06:00+00:00\" \/>\n<meta property=\"article:modified_time\" content=\"2018-02-27T09:06:32+00:00\" \/>\n<meta property=\"og:image\" content=\"https:\/\/kapitalis.com\/tunisie\/wp-content\/uploads\/2022\/05\/kapitalis-logo-fb.png\" \/>\n\t<meta property=\"og:image:width\" content=\"1200\" \/>\n\t<meta property=\"og:image:height\" content=\"630\" \/>\n\t<meta property=\"og:image:type\" content=\"image\/png\" \/>\n<meta name=\"author\" content=\"webmaster kapitalis\" \/>\n<meta name=\"twitter:card\" content=\"summary_large_image\" \/>\n<meta name=\"twitter:creator\" content=\"@KapitalisInfo\" \/>\n<meta name=\"twitter:site\" content=\"@KapitalisInfo\" \/>\n<meta name=\"twitter:label1\" content=\"\u00c9crit par\" \/>\n\t<meta name=\"twitter:data1\" content=\"webmaster kapitalis\" \/>\n\t<meta name=\"twitter:label2\" content=\"Dur\u00e9e de lecture estim\u00e9e\" \/>\n\t<meta name=\"twitter:data2\" content=\"1 minute\" \/>\n<script type=\"application\/ld+json\" class=\"yoast-schema-graph\">{\"@context\":\"https:\/\/schema.org\",\"@graph\":[{\"@type\":\"Article\",\"@id\":\"https:\/\/kapitalis.com\/tunisie\/2018\/02\/27\/a-sousse-leniso-celebre-journee-she-leads-2k18\/#article\",\"isPartOf\":{\"@id\":\"https:\/\/kapitalis.com\/tunisie\/2018\/02\/27\/a-sousse-leniso-celebre-journee-she-leads-2k18\/\"},\"author\":{\"name\":\"webmaster kapitalis\",\"@id\":\"https:\/\/kapitalis.com\/tunisie\/#\/schema\/person\/d71f33a9ca44f7bad4698210b480c8e9\"},\"headline\":\"\u00c0 Sousse : L\u2019Eniso c\u00e9l\u00e8bre la journ\u00e9e \u00abShe Leads 2k18\u00bb\",\"datePublished\":\"2018-02-27T09:06:00+00:00\",\"dateModified\":\"2018-02-27T09:06:32+00:00\",\"mainEntityOfPage\":{\"@id\":\"https:\/\/kapitalis.com\/tunisie\/2018\/02\/27\/a-sousse-leniso-celebre-journee-she-leads-2k18\/\"},\"wordCount\":261,\"commentCount\":0,\"publisher\":{\"@id\":\"https:\/\/kapitalis.com\/tunisie\/#organization\"},\"image\":{\"@id\":\"https:\/\/kapitalis.com\/tunisie\/2018\/02\/27\/a-sousse-leniso-celebre-journee-she-leads-2k18\/#primaryimage\"},\"thumbnailUrl\":\"\",\"keywords\":[\"Journ\u00e9e Internationale de la Femme\"],\"articleSection\":[\"SOCIETE\",\"Tunisie\"],\"inLanguage\":\"fr-FR\",\"potentialAction\":[{\"@type\":\"CommentAction\",\"name\":\"Comment\",\"target\":[\"https:\/\/kapitalis.com\/tunisie\/2018\/02\/27\/a-sousse-leniso-celebre-journee-she-leads-2k18\/#respond\"]}]},{\"@type\":\"WebPage\",\"@id\":\"https:\/\/kapitalis.com\/tunisie\/2018\/02\/27\/a-sousse-leniso-celebre-journee-she-leads-2k18\/\",\"url\":\"https:\/\/kapitalis.com\/tunisie\/2018\/02\/27\/a-sousse-leniso-celebre-journee-she-leads-2k18\/\",\"name\":\"\u00c0 Sousse : L\u2019Eniso c\u00e9l\u00e8bre la journ\u00e9e \u00abShe Leads 2k18\u00bb - Kapitalis\",\"isPartOf\":{\"@id\":\"https:\/\/kapitalis.com\/tunisie\/#website\"},\"primaryImageOfPage\":{\"@id\":\"https:\/\/kapitalis.com\/tunisie\/2018\/02\/27\/a-sousse-leniso-celebre-journee-she-leads-2k18\/#primaryimage\"},\"image\":{\"@id\":\"https:\/\/kapitalis.com\/tunisie\/2018\/02\/27\/a-sousse-leniso-celebre-journee-she-leads-2k18\/#primaryimage\"},\"thumbnailUrl\":\"\",\"datePublished\":\"2018-02-27T09:06:00+00:00\",\"dateModified\":\"2018-02-27T09:06:32+00:00\",\"breadcrumb\":{\"@id\":\"https:\/\/kapitalis.com\/tunisie\/2018\/02\/27\/a-sousse-leniso-celebre-journee-she-leads-2k18\/#breadcrumb\"},\"inLanguage\":\"fr-FR\",\"potentialAction\":[{\"@type\":\"ReadAction\",\"target\":[\"https:\/\/kapitalis.com\/tunisie\/2018\/02\/27\/a-sousse-leniso-celebre-journee-she-leads-2k18\/\"]}]},{\"@type\":\"ImageObject\",\"inLanguage\":\"fr-FR\",\"@id\":\"https:\/\/kapitalis.com\/tunisie\/2018\/02\/27\/a-sousse-leniso-celebre-journee-she-leads-2k18\/#primaryimage\",\"url\":\"\",\"contentUrl\":\"\"},{\"@type\":\"BreadcrumbList\",\"@id\":\"https:\/\/kapitalis.com\/tunisie\/2018\/02\/27\/a-sousse-leniso-celebre-journee-she-leads-2k18\/#breadcrumb\",\"itemListElement\":[{\"@type\":\"ListItem\",\"position\":1,\"name\":\"Accueil\",\"item\":\"https:\/\/kapitalis.com\/tunisie\/\"},{\"@type\":\"ListItem\",\"position\":2,\"name\":\"\u00c0 Sousse : L\u2019Eniso c\u00e9l\u00e8bre la journ\u00e9e \u00abShe Leads 2k18\u00bb\"}]},{\"@type\":\"WebSite\",\"@id\":\"https:\/\/kapitalis.com\/tunisie\/#website\",\"url\":\"https:\/\/kapitalis.com\/tunisie\/\",\"name\":\"Kapitalis\",\"description\":\"L&#039;actualit\u00e9 en Tunisie et dans le monde\",\"publisher\":{\"@id\":\"https:\/\/kapitalis.com\/tunisie\/#organization\"},\"potentialAction\":[{\"@type\":\"SearchAction\",\"target\":{\"@type\":\"EntryPoint\",\"urlTemplate\":\"https:\/\/kapitalis.com\/tunisie\/?s={search_term_string}\"},\"query-input\":{\"@type\":\"PropertyValueSpecification\",\"valueRequired\":true,\"valueName\":\"search_term_string\"}}],\"inLanguage\":\"fr-FR\"},{\"@type\":\"Organization\",\"@id\":\"https:\/\/kapitalis.com\/tunisie\/#organization\",\"name\":\"Kapitalis\",\"url\":\"https:\/\/kapitalis.com\/tunisie\/\",\"logo\":{\"@type\":\"ImageObject\",\"inLanguage\":\"fr-FR\",\"@id\":\"https:\/\/kapitalis.com\/tunisie\/#\/schema\/logo\/image\/\",\"url\":\"https:\/\/kapitalis.com\/tunisie\/wp-content\/uploads\/2022\/05\/Kapitalis-big-size.png\",\"contentUrl\":\"https:\/\/kapitalis.com\/tunisie\/wp-content\/uploads\/2022\/05\/Kapitalis-big-size.png\",\"width\":5000,\"height\":1500,\"caption\":\"Kapitalis\"},\"image\":{\"@id\":\"https:\/\/kapitalis.com\/tunisie\/#\/schema\/logo\/image\/\"},\"sameAs\":[\"https:\/\/www.facebook.com\/KapitalisInfo\/\",\"https:\/\/x.com\/KapitalisInfo\",\"https:\/\/www.youtube.com\/channel\/UC-yDYrHyfFBWWZaOw3FPg9Q\"]},{\"@type\":\"Person\",\"@id\":\"https:\/\/kapitalis.com\/tunisie\/#\/schema\/person\/d71f33a9ca44f7bad4698210b480c8e9\",\"name\":\"webmaster kapitalis\",\"url\":\"https:\/\/kapitalis.com\/tunisie\/author\/webmaster-kapitalis\/\"}]}<\/script>\n<!-- \/ Yoast SEO plugin. -->","yoast_head_json":{"title":"\u00c0 Sousse : L\u2019Eniso c\u00e9l\u00e8bre la journ\u00e9e \u00abShe Leads 2k18\u00bb - Kapitalis","robots":{"index":"index","follow":"follow","max-snippet":"max-snippet:-1","max-image-preview":"max-image-preview:large","max-video-preview":"max-video-preview:-1"},"canonical":"https:\/\/kapitalis.com\/tunisie\/2018\/02\/27\/a-sousse-leniso-celebre-journee-she-leads-2k18\/","og_locale":"fr_FR","og_type":"article","og_title":"\u00c0 Sousse : L\u2019Eniso c\u00e9l\u00e8bre la journ\u00e9e \u00abShe Leads 2k18\u00bb - Kapitalis","og_description":"La 2e \u00e9dition deb la journ\u00e9e \u2018\u2018She leads\u2019\u2019, se tiendra le 7 mars 2018, \u00e0 l\u2019Ecole nationale d\u2019ing\u00e9nieurs de Sousse (ENISo), sous le th\u00e8me \u00abLa femme dans l\u2019industrie\u00bb.","og_url":"https:\/\/kapitalis.com\/tunisie\/2018\/02\/27\/a-sousse-leniso-celebre-journee-she-leads-2k18\/","og_site_name":"Kapitalis","article_publisher":"https:\/\/www.facebook.com\/KapitalisInfo\/","article_published_time":"2018-02-27T09:06:00+00:00","article_modified_time":"2018-02-27T09:06:32+00:00","og_image":[{"width":1200,"height":630,"url":"https:\/\/kapitalis.com\/tunisie\/wp-content\/uploads\/2022\/05\/kapitalis-logo-fb.png","type":"image\/png"}],"author":"webmaster kapitalis","twitter_card":"summary_large_image","twitter_creator":"@KapitalisInfo","twitter_site":"@KapitalisInfo","twitter_misc":{"\u00c9crit par":"webmaster kapitalis","Dur\u00e9e de lecture estim\u00e9e":"1 minute"},"schema":{"@context":"https:\/\/schema.org","@graph":[{"@type":"Article","@id":"https:\/\/kapitalis.com\/tunisie\/2018\/02\/27\/a-sousse-leniso-celebre-journee-she-leads-2k18\/#article","isPartOf":{"@id":"https:\/\/kapitalis.com\/tunisie\/2018\/02\/27\/a-sousse-leniso-celebre-journee-she-leads-2k18\/"},"author":{"name":"webmaster kapitalis","@id":"https:\/\/kapitalis.com\/tunisie\/#\/schema\/person\/d71f33a9ca44f7bad4698210b480c8e9"},"headline":"\u00c0 Sousse : L\u2019Eniso c\u00e9l\u00e8bre la journ\u00e9e \u00abShe Leads 2k18\u00bb","datePublished":"2018-02-27T09:06:00+00:00","dateModified":"2018-02-27T09:06:32+00:00","mainEntityOfPage":{"@id":"https:\/\/kapitalis.com\/tunisie\/2018\/02\/27\/a-sousse-leniso-celebre-journee-she-leads-2k18\/"},"wordCount":261,"commentCount":0,"publisher":{"@id":"https:\/\/kapitalis.com\/tunisie\/#organization"},"image":{"@id":"https:\/\/kapitalis.com\/tunisie\/2018\/02\/27\/a-sousse-leniso-celebre-journee-she-leads-2k18\/#primaryimage"},"thumbnailUrl":"","keywords":["Journ\u00e9e Internationale de la Femme"],"articleSection":["SOCIETE","Tunisie"],"inLanguage":"fr-FR","potentialAction":[{"@type":"CommentAction","name":"Comment","target":["https:\/\/kapitalis.com\/tunisie\/2018\/02\/27\/a-sousse-leniso-celebre-journee-she-leads-2k18\/#respond"]}]},{"@type":"WebPage","@id":"https:\/\/kapitalis.com\/tunisie\/2018\/02\/27\/a-sousse-leniso-celebre-journee-she-leads-2k18\/","url":"https:\/\/kapitalis.com\/tunisie\/2018\/02\/27\/a-sousse-leniso-celebre-journee-she-leads-2k18\/","name":"\u00c0 Sousse : L\u2019Eniso c\u00e9l\u00e8bre la journ\u00e9e \u00abShe Leads 2k18\u00bb - Kapitalis","isPartOf":{"@id":"https:\/\/kapitalis.com\/tunisie\/#website"},"primaryImageOfPage":{"@id":"https:\/\/kapitalis.com\/tunisie\/2018\/02\/27\/a-sousse-leniso-celebre-journee-she-leads-2k18\/#primaryimage"},"image":{"@id":"https:\/\/kapitalis.com\/tunisie\/2018\/02\/27\/a-sousse-leniso-celebre-journee-she-leads-2k18\/#primaryimage"},"thumbnailUrl":"","datePublished":"2018-02-27T09:06:00+00:00","dateModified":"2018-02-27T09:06:32+00:00","breadcrumb":{"@id":"https:\/\/kapitalis.com\/tunisie\/2018\/02\/27\/a-sousse-leniso-celebre-journee-she-leads-2k18\/#breadcrumb"},"inLanguage":"fr-FR","potentialAction":[{"@type":"ReadAction","target":["https:\/\/kapitalis.com\/tunisie\/2018\/02\/27\/a-sousse-leniso-celebre-journee-she-leads-2k18\/"]}]},{"@type":"ImageObject","inLanguage":"fr-FR","@id":"https:\/\/kapitalis.com\/tunisie\/2018\/02\/27\/a-sousse-leniso-celebre-journee-she-leads-2k18\/#primaryimage","url":"","contentUrl":""},{"@type":"BreadcrumbList","@id":"https:\/\/kapitalis.com\/tunisie\/2018\/02\/27\/a-sousse-leniso-celebre-journee-she-leads-2k18\/#breadcrumb","itemListElement":[{"@type":"ListItem","position":1,"name":"Accueil","item":"https:\/\/kapitalis.com\/tunisie\/"},{"@type":"ListItem","position":2,"name":"\u00c0 Sousse : L\u2019Eniso c\u00e9l\u00e8bre la journ\u00e9e \u00abShe Leads 2k18\u00bb"}]},{"@type":"WebSite","@id":"https:\/\/kapitalis.com\/tunisie\/#website","url":"https:\/\/kapitalis.com\/tunisie\/","name":"Kapitalis","description":"L&#039;actualit\u00e9 en Tunisie et dans le monde","publisher":{"@id":"https:\/\/kapitalis.com\/tunisie\/#organization"},"potentialAction":[{"@type":"SearchAction","target":{"@type":"EntryPoint","urlTemplate":"https:\/\/kapitalis.com\/tunisie\/?s={search_term_string}"},"query-input":{"@type":"PropertyValueSpecification","valueRequired":true,"valueName":"search_term_string"}}],"inLanguage":"fr-FR"},{"@type":"Organization","@id":"https:\/\/kapitalis.com\/tunisie\/#organization","name":"Kapitalis","url":"https:\/\/kapitalis.com\/tunisie\/","logo":{"@type":"ImageObject","inLanguage":"fr-FR","@id":"https:\/\/kapitalis.com\/tunisie\/#\/schema\/logo\/image\/","url":"https:\/\/kapitalis.com\/tunisie\/wp-content\/uploads\/2022\/05\/Kapitalis-big-size.png","contentUrl":"https:\/\/kapitalis.com\/tunisie\/wp-content\/uploads\/2022\/05\/Kapitalis-big-size.png","width":5000,"height":1500,"caption":"Kapitalis"},"image":{"@id":"https:\/\/kapitalis.com\/tunisie\/#\/schema\/logo\/image\/"},"sameAs":["https:\/\/www.facebook.com\/KapitalisInfo\/","https:\/\/x.com\/KapitalisInfo","https:\/\/www.youtube.com\/channel\/UC-yDYrHyfFBWWZaOw3FPg9Q"]},{"@type":"Person","@id":"https:\/\/kapitalis.com\/tunisie\/#\/schema\/person\/d71f33a9ca44f7bad4698210b480c8e9","name":"webmaster kapitalis","url":"https:\/\/kapitalis.com\/tunisie\/author\/webmaster-kapitalis\/"}]}},"_links":{"self":[{"href":"https:\/\/kapitalis.com\/tunisie\/wp-json\/wp\/v2\/posts\/140792","targetHints":{"allow":["GET"]}}],"collection":[{"href":"https:\/\/kapitalis.com\/tunisie\/wp-json\/wp\/v2\/posts"}],"about":[{"href":"https:\/\/kapitalis.com\/tunisie\/wp-json\/wp\/v2\/types\/post"}],"author":[{"embeddable":true,"href":"https:\/\/kapitalis.com\/tunisie\/wp-json\/wp\/v2\/users\/8"}],"replies":[{"embeddable":true,"href":"https:\/\/kapitalis.com\/tunisie\/wp-json\/wp\/v2\/comments?post=140792"}],"version-history":[{"count":0,"href":"https:\/\/kapitalis.com\/tunisie\/wp-json\/wp\/v2\/posts\/140792\/revisions"}],"wp:featuredmedia":[{"embeddable":true,"href":"https:\/\/kapitalis.com\/tunisie\/wp-json\/wp\/v2\/media\/140793"}],"wp:attachment":[{"href":"https:\/\/kapitalis.com\/tunisie\/wp-json\/wp\/v2\/media?parent=140792"}],"wp:term":[{"taxonomy":"category","embeddable":true,"href":"https:\/\/kapitalis.com\/tunisie\/wp-json\/wp\/v2\/categories?post=140792"},{"taxonomy":"post_tag","embeddable":true,"href":"https:\/\/kapitalis.com\/tunisie\/wp-json\/wp\/v2\/tags?post=140792"}],"curies":[{"name":"wp","href":"https:\/\/api.w.org\/{rel}","templated":true}]}}