{"id":14082850,"date":"2024-09-29T08:44:00","date_gmt":"2024-09-29T07:44:00","guid":{"rendered":"https:\/\/kapitalis.com\/tunisie\/?p=14082850"},"modified":"2024-09-29T08:09:21","modified_gmt":"2024-09-29T07:09:21","slug":"le-timing-de-la-guerre-entre-israel-et-le-hezbollah-ne-convient-pas-a-liran","status":"publish","type":"post","link":"https:\/\/kapitalis.com\/tunisie\/2024\/09\/29\/le-timing-de-la-guerre-entre-israel-et-le-hezbollah-ne-convient-pas-a-liran\/","title":{"rendered":"Le timing de la guerre entre Isra\u00ebl et le Hezbollah ne convient pas \u00e0 l\u2019Iran"},"content":{"rendered":"\n<p><strong><em>Apr\u00e8s l&rsquo;assassinat du chef chiite libanais Hassan Nasrallah, il est peu probable que l&rsquo;Iran fasse pr\u00e9valoir l&rsquo;esprit de vengeance sur ses int\u00e9r\u00eats sup\u00e9rieurs et ses calculs g\u00e9opolitiques. Et cela, les Isra\u00e9liens et leurs alli\u00e9s Am\u00e9ricains le savent bien, qui cherchent aujourd&rsquo;hui \u00e0 pousser leur avantage dans une r\u00e9gion o\u00f9 le fameux \u00ab<a href=\"https:\/\/kapitalis.com\/tunisie\/2024\/01\/22\/comment-la-guerre-a-gaza-a-relance-laxe-de-la-resistance\/\" target=\"_blank\" rel=\"noreferrer noopener\">axe de la r\u00e9sistance<\/a>\u00bb n&rsquo;a jamais \u00e9t\u00e9 aussi faible. <\/em><\/strong><\/p>\n\n\n\n<p><strong>Imed Bahri<\/strong> \u00a0<\/p>\n\n\n\n<!--more-->\n\n\n\n<p>La r\u00e9publique islamique d\u2019Iran n\u2019a pas r\u00e9pliqu\u00e9 \u00e0 l\u2019assassinat le 3 janvier 2020 de g\u00e9n\u00e9ral <a href=\"https:\/\/kapitalis.com\/tunisie\/2024\/07\/17\/vengeance-doutre-tombe-qassem-soleimani-hante-israel\/\" target=\"_blank\" rel=\"noreferrer noopener\">Qassem Soleimani<\/a>, chef des forces Al-Qods, unit\u00e9 d\u2019\u00e9lite des Gardiens de la r\u00e9volution et architecte de l\u2019Axe de la R\u00e9sistance pro-iranien au Moyen-Orient. <\/p>\n\n\n\n<p>L\u2019Iran n\u2019a pas r\u00e9pliqu\u00e9 \u00e9galement \u00e0 l\u2019assassinat par le Mossad en plein jour et au c\u0153ur de T\u00e9h\u00e9ran\u00a0 le 27 novembre 2020 de Mohsen Fakhrizadeh, le haut responsable du programme nucl\u00e9aire iranien. <\/p>\n\n\n\n<p>L\u2019Iran n\u2019a pas \u00e9galement r\u00e9pliqu\u00e9 \u00e0 l\u2019assassinat au chef du bureau politique du Hamas <a href=\"https:\/\/kapitalis.com\/tunisie\/2024\/07\/31\/haniyeh-tue-a-teheran-israel-sera-severement-puni-declare-ali-khamenei\/\" target=\"_blank\" rel=\"noreferrer noopener\">Isma\u00efl Haniyeh<\/a> le 31 juillet 2024 dans une r\u00e9sidence des Gardiens de la R\u00e9volution \u00e0 T\u00e9h\u00e9ran o\u00f9 personne n\u2019\u00e9tait cens\u00e9 savoir qu\u2019il y \u00e9tait. <\/p>\n\n\n\n<p>De m\u00eame, l\u2019Iran ne r\u00e9pliquera pas \u00e0 l\u2019assassinat du chef du Hezbollah libanais <a href=\"https:\/\/kapitalis.com\/tunisie\/2024\/09\/28\/liban-la-these-de-la-mort-de-hassan-nasrallah-se-precise\/\" target=\"_blank\" rel=\"noreferrer noopener\">Hassan Nasrallah <\/a>perp\u00e9tr\u00e9 le\u00a0 27 septembre 2024 \u00e0 Beyrouth et n\u2019entrera pas en guerre contre Isra\u00ebl. <\/p>\n\n\n\n<figure class=\"wp-block-embed is-type-wp-embed is-provider-kapitalis wp-block-embed-kapitalis\"><div class=\"wp-block-embed__wrapper\">\n<blockquote class=\"wp-embedded-content\" data-secret=\"RfGorUcjG8\"><a href=\"https:\/\/kapitalis.com\/tunisie\/2024\/07\/17\/vengeance-doutre-tombe-qassem-soleimani-hante-israel\/\">Vengeance d\u2019outre-tombe: Qassem Soleimani hante Isra\u00ebl<\/a><\/blockquote><iframe loading=\"lazy\" class=\"wp-embedded-content\" sandbox=\"allow-scripts\" security=\"restricted\" style=\"position: absolute; visibility: hidden;\" title=\"\u00ab\u00a0Vengeance d\u2019outre-tombe: Qassem Soleimani hante Isra\u00ebl\u00a0\u00bb &#8212; Kapitalis\" src=\"https:\/\/kapitalis.com\/tunisie\/2024\/07\/17\/vengeance-doutre-tombe-qassem-soleimani-hante-israel\/embed\/#?secret=Ez43aspsAw#?secret=RfGorUcjG8\" data-secret=\"RfGorUcjG8\" width=\"600\" height=\"338\" frameborder=\"0\" marginwidth=\"0\" marginheight=\"0\" scrolling=\"no\"><\/iframe>\n<\/div><\/figure>\n\n\n\n<p>Il faut \u00eatre na\u00eff pour croire que la r\u00e9publique islamique va faire pr\u00e9valoir la vengeance sur ses int\u00e9r\u00eats sup\u00e9rieurs et ses calculs g\u00e9opolitiques et il semble que les Isra\u00e9liens qui sont toujours aux aguets des carences et des faiblesses de leurs ennemis l\u2019ont rapidement capt\u00e9 et ont compris que le Hezbollah est isol\u00e9 et que son parrain iranien ne volera pas \u00e0 son secours.\u00a0<\/p>\n\n\n\n<h2 class=\"wp-block-heading\">Que veulent exactement les Iraniens&nbsp;?<\/h2>\n\n\n\n<p>Le journal isra\u00e9lien <em>Yedioth Ahronoth<\/em> a affirm\u00e9, samedi 28 septembre 2024, que les frappes intensives lanc\u00e9es par l\u2019arm\u00e9e isra\u00e9lienne contre le Hezbollah ne donnent aucune raison \u00e0 l\u2019Iran de participer aux combats, notant que la nouvelle phase du conflit place T\u00e9h\u00e9ran \u00e0 un moment diplomatiquement inappropri\u00e9. Le journal rapporte que l\u2019Iran se concentre actuellement sur une campagne diplomatique visant \u00e0 parvenir \u00e0 une solution politique avec les \u00c9tats-Unis concernant son programme nucl\u00e9aire et au-del\u00e0 si possible. Le timing de la guerre entre Isra\u00ebl et le Hezbollah ne convient pas \u00e0 la r\u00e9publique islamique.&nbsp;<\/p>\n\n\n\n<figure class=\"wp-block-embed is-type-wp-embed is-provider-kapitalis wp-block-embed-kapitalis\"><div class=\"wp-block-embed__wrapper\">\n<blockquote class=\"wp-embedded-content\" data-secret=\"DItg1CoOzv\"><a href=\"https:\/\/kapitalis.com\/tunisie\/2024\/01\/22\/comment-la-guerre-a-gaza-a-relance-laxe-de-la-resistance\/\">Comment la guerre \u00e0 Gaza a relanc\u00e9 l\u2019Axe de la R\u00e9sistance<\/a><\/blockquote><iframe loading=\"lazy\" class=\"wp-embedded-content\" sandbox=\"allow-scripts\" security=\"restricted\" style=\"position: absolute; visibility: hidden;\" title=\"\u00ab\u00a0Comment la guerre \u00e0 Gaza a relanc\u00e9 l\u2019Axe de la R\u00e9sistance\u00a0\u00bb &#8212; Kapitalis\" src=\"https:\/\/kapitalis.com\/tunisie\/2024\/01\/22\/comment-la-guerre-a-gaza-a-relance-laxe-de-la-resistance\/embed\/#?secret=f4GELReG7q#?secret=DItg1CoOzv\" data-secret=\"DItg1CoOzv\" width=\"600\" height=\"338\" frameborder=\"0\" marginwidth=\"0\" marginheight=\"0\" scrolling=\"no\"><\/iframe>\n<\/div><\/figure>\n\n\n\n<p>Cependant, selon le journal, il est encore trop t\u00f4t pour savoir ce que veulent exactement les dirigeants iraniens dirig\u00e9s par le guide supr\u00eame Ali Khamene\u00ef et s\u2019ils cherchent r\u00e9ellement \u00e0 r\u00e9soudre la question nucl\u00e9aire ou si leur objectif est simplement de gagner du temps jusqu\u2019en octobre 2025, date d\u2019expiration de la clause permettant aux pays europ\u00e9ens de renouveler les sanctions contre l\u2019Iran sans droit de veto au Conseil de s\u00e9curit\u00e9. Dans les deux cas, la derni\u00e8re chose que souhaite l\u2019Iran dans le cadre de sa campagne diplomatique actuelle est d\u2019\u00eatre entra\u00een\u00e9 dans une confrontation militaire directe avec Isra\u00ebl sans parler des \u00c9tats-Unis.<\/p>\n\n\n\n<h2 class=\"wp-block-heading\">Self control, patience tactique ou laisser-faire\u00a0complice ? \u00a0<\/h2>\n\n\n\n<p>Depuis le d\u00e9but de la guerre \u00e0 Gaza, l\u2019Iran a recherch\u00e9 un cessez-le-feu mais \u00e0 mesure que la guerre se poursuivait, il a cherch\u00e9 \u00e0 \u00e9puiser Isra\u00ebl dans une longue guerre sur plusieurs fronts sans payer un prix tr\u00e8s \u00e9lev\u00e9. Il a fermement condamn\u00e9 les actions d\u2019Isra\u00ebl et a appel\u00e9 la communaut\u00e9 internationale \u00e0 \u0153uvrer pour mettre fin aux frappes lanc\u00e9es par les forces isra\u00e9liennes contre les cibles du Hezbollah.<\/p>\n\n\n\n<p>Le pr\u00e9sident iranien a d\u00e9clar\u00e9 \u00e0 CNN cette semaine que le Liban ne devrait pas devenir un autre Gaza aux mains d\u2019Isra\u00ebl et a clairement indiqu\u00e9 que le Hezbollah ne peut pas faire face tout seul \u00e0 un pays comme Isra\u00ebl qui poss\u00e8de des armes avanc\u00e9es et b\u00e9n\u00e9ficie du soutien des \u00c9tats-Unis. Son conseiller Mohamed Javad Zarif, par ailleurs ministre des Affaires \u00e9trang\u00e8res lors de l\u2019accord de Vienne sur le nucl\u00e9aire iranien en 2015, a d\u00e9clar\u00e9 cette semaine: <em>\u00abNous avons fait preuve de self control apr\u00e8s l\u2019assassinat d\u2019Isma\u00efl Haniyeh\u00bb<\/em>. Une d\u00e9claration on ne peut plus claire que l\u2019Iran ne veut pas entrer en guerre et un clin d\u2019\u0153il \u00e0 Washington pour dire que l\u2019Iran souhaite le dialogue et non la guerre.&nbsp;<\/p>\n\n\n\n<figure class=\"wp-block-embed is-type-wp-embed is-provider-kapitalis wp-block-embed-kapitalis\"><div class=\"wp-block-embed__wrapper\">\n<blockquote class=\"wp-embedded-content\" data-secret=\"pxNIseBnea\"><a href=\"https:\/\/kapitalis.com\/tunisie\/2024\/01\/07\/le-hezbollah-entre-la-replique-a-israel-et-la-preservation-du-liban\/\">Le Hezbollah, entre la r\u00e9plique \u00e0 Isra\u00ebl et la pr\u00e9servation du Liban<\/a><\/blockquote><iframe loading=\"lazy\" class=\"wp-embedded-content\" sandbox=\"allow-scripts\" security=\"restricted\" style=\"position: absolute; visibility: hidden;\" title=\"\u00ab\u00a0Le Hezbollah, entre la r\u00e9plique \u00e0 Isra\u00ebl et la pr\u00e9servation du Liban\u00a0\u00bb &#8212; Kapitalis\" src=\"https:\/\/kapitalis.com\/tunisie\/2024\/01\/07\/le-hezbollah-entre-la-replique-a-israel-et-la-preservation-du-liban\/embed\/#?secret=1lhPvClRrF#?secret=pxNIseBnea\" data-secret=\"pxNIseBnea\" width=\"600\" height=\"338\" frameborder=\"0\" marginwidth=\"0\" marginheight=\"0\" scrolling=\"no\"><\/iframe>\n<\/div><\/figure>\n\n\n\n<p>Le ministre des Affaires \u00e9trang\u00e8res Abbas Araqchi, qui faisait partie de l\u2019\u00e9quipe de n\u00e9gociation nucl\u00e9aire qui a conduit \u00e0 l\u2019accord historique de 2015 avec les \u00c9tats-Unis, a confirm\u00e9 \u00e0 New York que l\u2019Iran ne resterait pas indiff\u00e9rent aux attaques isra\u00e9liennes et a d\u00e9clar\u00e9 qu\u2019il soutiendrait le Liban toutefois il est clair selon le <em>Yedioth Ahronoth<\/em> que l\u2019Iran n\u2019interviendra pas militairement directement en faveur du Hezbollah \u00e0 ce stade d\u2019autant plus que de hauts responsables iraniens ont mis en garde ces derniers jours contre le pi\u00e8ge tendu par Isra\u00ebl \u00e0 l\u2019Iran.<\/p>\n\n\n\n<h2 class=\"wp-block-heading\">L&rsquo;Iran cherche \u00e0 \u00e9viter la confrontation \u00e0 tout prix <\/h2>\n\n\n\n<p>Pezeshkian, l\u2019actuel pr\u00e9sident iranien, a accus\u00e9 Isra\u00ebl de chercher \u00e0 d\u00e9clencher une guerre \u00e0 grande \u00e9chelle au Moyen-Orient et de tenter de cr\u00e9er une situation qui entra\u00eenerait son pays dans une confrontation globale. Son ministre des Affaires \u00e9trang\u00e8res a d\u00e9clar\u00e9 que l\u2019Iran \u00e9tait pleinement conscient qu\u2019Isra\u00ebl tentait de sortir de l\u2019impasse dans laquelle il se trouve \u00e0 Gaza en entra\u00eenant l\u2019Iran et les \u00c9tats-Unis dans une guerre r\u00e9gionale mais T\u00e9h\u00e9ran n\u2019a pas l\u2019intention de tomber dans ce pi\u00e8ge.<\/p>\n\n\n\n<p>D\u2019un autre c\u00f4t\u00e9, <em>Yedioth Ahronoth<\/em> s\u2019attend \u00e0 ce que l\u2019Iran entra\u00eene Isra\u00ebl dans une guerre d\u2019usure \u00e0 long terme avec le Hezbollah si Tel-Aviv d\u00e9cidait de lancer une op\u00e9ration terrestre au Liban ce qui pourrait \u00e9puiser Isra\u00ebl militairement ainsi que sur le front int\u00e9rieur et l\u2019emp\u00eacher d\u2019atteindre ses objectifs que ce soit \u00e0 Gaza ou sur le front nord.<\/p>\n\n\n\n<p>Cependant, des dommages graves et prolong\u00e9s aux capacit\u00e9s strat\u00e9giques du Hezbollah consid\u00e9r\u00e9 comme le <em>\u00abjoyau de la couronne de l\u2019Axe de la R\u00e9sistance\u00bb<\/em> pourraient modifier l\u2019\u00e9valuation de l\u2019Iran quant \u00e0 sa capacit\u00e9 \u00e0 maintenir le mouvement chiite libanais en tant que principal bras strat\u00e9gique dans la dissuasion d\u2019Isra\u00ebl et pour r\u00e9pondre en cas d\u2019attaque contre ses installations nucl\u00e9aires.<\/p>\n\n\n\n<p>Ce sc\u00e9nario selon Raz Tsemet, chercheur et expert des affaires iraniennes \u00e0 l\u2019Institut isra\u00e9lien d\u2019\u00e9tudes sur la s\u00e9curit\u00e9 nationale, pourrait forcer l\u2019Iran \u00e0 intervenir directement pour sauver le projet du Hezbollah qu\u2019il parraine depuis des d\u00e9cennies \u00e0 moins qu\u2019un cessez-le-feu ne soit conclu avant que l\u2019Iran n\u2019\u00e9prouve besoin d\u2019intervenir.<\/p>\n\n\n\n<figure class=\"wp-block-embed is-type-wp-embed is-provider-kapitalis wp-block-embed-kapitalis\"><div class=\"wp-block-embed__wrapper\">\n<blockquote class=\"wp-embedded-content\" data-secret=\"pyIOJ15RGV\"><a href=\"https:\/\/kapitalis.com\/tunisie\/2024\/08\/03\/benjamin-netanyahu-veut-acculer-les-etats-unis-a-entrer-en-guerre-avec-liran\/\">Benjamin Netanyahu veut acculer les \u00c9tats-Unis \u00e0 entrer en guerre avec l\u2019Iran<\/a><\/blockquote><iframe loading=\"lazy\" class=\"wp-embedded-content\" sandbox=\"allow-scripts\" security=\"restricted\" style=\"position: absolute; visibility: hidden;\" title=\"\u00ab\u00a0Benjamin Netanyahu veut acculer les \u00c9tats-Unis \u00e0 entrer en guerre avec l\u2019Iran\u00a0\u00bb &#8212; Kapitalis\" src=\"https:\/\/kapitalis.com\/tunisie\/2024\/08\/03\/benjamin-netanyahu-veut-acculer-les-etats-unis-a-entrer-en-guerre-avec-liran\/embed\/#?secret=0ZeUw2FIS6#?secret=pyIOJ15RGV\" data-secret=\"pyIOJ15RGV\" width=\"600\" height=\"338\" frameborder=\"0\" marginwidth=\"0\" marginheight=\"0\" scrolling=\"no\"><\/iframe>\n<\/div><\/figure>\n","protected":false},"excerpt":{"rendered":"<p>Apr\u00e8s l&rsquo;assassinat du chef chiite libanais Hassan Nasrallah, il est peu probable que l&rsquo;Iran fasse pr\u00e9valoir l&rsquo;esprit de vengeance sur ses calculs g\u00e9opolitiques.<\/p>\n","protected":false},"author":8,"featured_media":14082973,"comment_status":"closed","ping_status":"open","sticky":false,"template":"","format":"standard","meta":{"footnotes":""},"categories":[992,997,2433],"tags":[118162,75918,80566,445,497,2478,8563],"class_list":["post-14082850","post","type-post","status-publish","format-standard","has-post-thumbnail","hentry","category-a-la-une","category-politique","category-tunisie","tag-ali-khamenei-2","tag-etats-unis-2","tag-hassan-nasrallah","tag-hezbollah","tag-iran","tag-israel","tag-liban"],"yoast_head":"<!-- This site is optimized with the Yoast SEO plugin v26.6 - https:\/\/yoast.com\/wordpress\/plugins\/seo\/ -->\n<title>Le timing de la guerre entre Isra\u00ebl et le Hezbollah ne convient pas \u00e0 l\u2019Iran - Kapitalis<\/title>\n<meta name=\"robots\" content=\"index, follow, max-snippet:-1, max-image-preview:large, max-video-preview:-1\" \/>\n<link rel=\"canonical\" href=\"https:\/\/kapitalis.com\/tunisie\/2024\/09\/29\/le-timing-de-la-guerre-entre-israel-et-le-hezbollah-ne-convient-pas-a-liran\/\" \/>\n<meta property=\"og:locale\" content=\"fr_FR\" \/>\n<meta property=\"og:type\" content=\"article\" \/>\n<meta property=\"og:title\" content=\"Le timing de la guerre entre Isra\u00ebl et le Hezbollah ne convient pas \u00e0 l\u2019Iran - Kapitalis\" \/>\n<meta property=\"og:description\" content=\"Apr\u00e8s l&#039;assassinat du chef chiite libanais Hassan Nasrallah, il est peu probable que l&#039;Iran fasse pr\u00e9valoir l&#039;esprit de vengeance sur ses calculs g\u00e9opolitiques.\" \/>\n<meta property=\"og:url\" content=\"https:\/\/kapitalis.com\/tunisie\/2024\/09\/29\/le-timing-de-la-guerre-entre-israel-et-le-hezbollah-ne-convient-pas-a-liran\/\" \/>\n<meta property=\"og:site_name\" content=\"Kapitalis\" \/>\n<meta property=\"article:publisher\" content=\"https:\/\/www.facebook.com\/KapitalisInfo\/\" \/>\n<meta property=\"article:published_time\" content=\"2024-09-29T07:44:00+00:00\" \/>\n<meta property=\"og:image\" content=\"https:\/\/kapitalis.com\/tunisie\/wp-content\/uploads\/2024\/09\/Khamenei-Netanyahu.jpg\" \/>\n\t<meta property=\"og:image:width\" content=\"1200\" \/>\n\t<meta property=\"og:image:height\" content=\"630\" \/>\n\t<meta property=\"og:image:type\" content=\"image\/jpeg\" \/>\n<meta name=\"author\" content=\"webmaster kapitalis\" \/>\n<meta name=\"twitter:card\" content=\"summary_large_image\" \/>\n<meta name=\"twitter:creator\" content=\"@KapitalisInfo\" \/>\n<meta name=\"twitter:site\" content=\"@KapitalisInfo\" \/>\n<meta name=\"twitter:label1\" content=\"\u00c9crit par\" \/>\n\t<meta name=\"twitter:data1\" content=\"webmaster kapitalis\" \/>\n\t<meta name=\"twitter:label2\" content=\"Dur\u00e9e de lecture estim\u00e9e\" \/>\n\t<meta name=\"twitter:data2\" content=\"6 minutes\" \/>\n<script type=\"application\/ld+json\" class=\"yoast-schema-graph\">{\"@context\":\"https:\/\/schema.org\",\"@graph\":[{\"@type\":\"Article\",\"@id\":\"https:\/\/kapitalis.com\/tunisie\/2024\/09\/29\/le-timing-de-la-guerre-entre-israel-et-le-hezbollah-ne-convient-pas-a-liran\/#article\",\"isPartOf\":{\"@id\":\"https:\/\/kapitalis.com\/tunisie\/2024\/09\/29\/le-timing-de-la-guerre-entre-israel-et-le-hezbollah-ne-convient-pas-a-liran\/\"},\"author\":{\"name\":\"webmaster kapitalis\",\"@id\":\"https:\/\/kapitalis.com\/tunisie\/#\/schema\/person\/d71f33a9ca44f7bad4698210b480c8e9\"},\"headline\":\"Le timing de la guerre entre Isra\u00ebl et le Hezbollah ne convient pas \u00e0 l\u2019Iran\",\"datePublished\":\"2024-09-29T07:44:00+00:00\",\"mainEntityOfPage\":{\"@id\":\"https:\/\/kapitalis.com\/tunisie\/2024\/09\/29\/le-timing-de-la-guerre-entre-israel-et-le-hezbollah-ne-convient-pas-a-liran\/\"},\"wordCount\":1183,\"publisher\":{\"@id\":\"https:\/\/kapitalis.com\/tunisie\/#organization\"},\"image\":{\"@id\":\"https:\/\/kapitalis.com\/tunisie\/2024\/09\/29\/le-timing-de-la-guerre-entre-israel-et-le-hezbollah-ne-convient-pas-a-liran\/#primaryimage\"},\"thumbnailUrl\":\"https:\/\/kapitalis.com\/tunisie\/wp-content\/uploads\/2024\/09\/Khamenei-Netanyahu.jpg\",\"keywords\":[\"Ali Khamene\u00ef\",\"Etats-Unis\",\"Hassan Nasrallah\",\"Hezbollah\",\"Iran\",\"Isra\u00ebl\",\"Liban\"],\"articleSection\":[\"A LA UNE\",\"POLITIQUE\",\"Tunisie\"],\"inLanguage\":\"fr-FR\"},{\"@type\":\"WebPage\",\"@id\":\"https:\/\/kapitalis.com\/tunisie\/2024\/09\/29\/le-timing-de-la-guerre-entre-israel-et-le-hezbollah-ne-convient-pas-a-liran\/\",\"url\":\"https:\/\/kapitalis.com\/tunisie\/2024\/09\/29\/le-timing-de-la-guerre-entre-israel-et-le-hezbollah-ne-convient-pas-a-liran\/\",\"name\":\"Le timing de la guerre entre Isra\u00ebl et le Hezbollah ne convient pas \u00e0 l\u2019Iran - Kapitalis\",\"isPartOf\":{\"@id\":\"https:\/\/kapitalis.com\/tunisie\/#website\"},\"primaryImageOfPage\":{\"@id\":\"https:\/\/kapitalis.com\/tunisie\/2024\/09\/29\/le-timing-de-la-guerre-entre-israel-et-le-hezbollah-ne-convient-pas-a-liran\/#primaryimage\"},\"image\":{\"@id\":\"https:\/\/kapitalis.com\/tunisie\/2024\/09\/29\/le-timing-de-la-guerre-entre-israel-et-le-hezbollah-ne-convient-pas-a-liran\/#primaryimage\"},\"thumbnailUrl\":\"https:\/\/kapitalis.com\/tunisie\/wp-content\/uploads\/2024\/09\/Khamenei-Netanyahu.jpg\",\"datePublished\":\"2024-09-29T07:44:00+00:00\",\"breadcrumb\":{\"@id\":\"https:\/\/kapitalis.com\/tunisie\/2024\/09\/29\/le-timing-de-la-guerre-entre-israel-et-le-hezbollah-ne-convient-pas-a-liran\/#breadcrumb\"},\"inLanguage\":\"fr-FR\",\"potentialAction\":[{\"@type\":\"ReadAction\",\"target\":[\"https:\/\/kapitalis.com\/tunisie\/2024\/09\/29\/le-timing-de-la-guerre-entre-israel-et-le-hezbollah-ne-convient-pas-a-liran\/\"]}]},{\"@type\":\"ImageObject\",\"inLanguage\":\"fr-FR\",\"@id\":\"https:\/\/kapitalis.com\/tunisie\/2024\/09\/29\/le-timing-de-la-guerre-entre-israel-et-le-hezbollah-ne-convient-pas-a-liran\/#primaryimage\",\"url\":\"https:\/\/kapitalis.com\/tunisie\/wp-content\/uploads\/2024\/09\/Khamenei-Netanyahu.jpg\",\"contentUrl\":\"https:\/\/kapitalis.com\/tunisie\/wp-content\/uploads\/2024\/09\/Khamenei-Netanyahu.jpg\",\"width\":1200,\"height\":630},{\"@type\":\"BreadcrumbList\",\"@id\":\"https:\/\/kapitalis.com\/tunisie\/2024\/09\/29\/le-timing-de-la-guerre-entre-israel-et-le-hezbollah-ne-convient-pas-a-liran\/#breadcrumb\",\"itemListElement\":[{\"@type\":\"ListItem\",\"position\":1,\"name\":\"Accueil\",\"item\":\"https:\/\/kapitalis.com\/tunisie\/\"},{\"@type\":\"ListItem\",\"position\":2,\"name\":\"Le timing de la guerre entre Isra\u00ebl et le Hezbollah ne convient pas \u00e0 l\u2019Iran\"}]},{\"@type\":\"WebSite\",\"@id\":\"https:\/\/kapitalis.com\/tunisie\/#website\",\"url\":\"https:\/\/kapitalis.com\/tunisie\/\",\"name\":\"Kapitalis\",\"description\":\"L&#039;actualit\u00e9 en Tunisie et dans le monde\",\"publisher\":{\"@id\":\"https:\/\/kapitalis.com\/tunisie\/#organization\"},\"potentialAction\":[{\"@type\":\"SearchAction\",\"target\":{\"@type\":\"EntryPoint\",\"urlTemplate\":\"https:\/\/kapitalis.com\/tunisie\/?s={search_term_string}\"},\"query-input\":{\"@type\":\"PropertyValueSpecification\",\"valueRequired\":true,\"valueName\":\"search_term_string\"}}],\"inLanguage\":\"fr-FR\"},{\"@type\":\"Organization\",\"@id\":\"https:\/\/kapitalis.com\/tunisie\/#organization\",\"name\":\"Kapitalis\",\"url\":\"https:\/\/kapitalis.com\/tunisie\/\",\"logo\":{\"@type\":\"ImageObject\",\"inLanguage\":\"fr-FR\",\"@id\":\"https:\/\/kapitalis.com\/tunisie\/#\/schema\/logo\/image\/\",\"url\":\"https:\/\/kapitalis.com\/tunisie\/wp-content\/uploads\/2022\/05\/Kapitalis-big-size.png\",\"contentUrl\":\"https:\/\/kapitalis.com\/tunisie\/wp-content\/uploads\/2022\/05\/Kapitalis-big-size.png\",\"width\":5000,\"height\":1500,\"caption\":\"Kapitalis\"},\"image\":{\"@id\":\"https:\/\/kapitalis.com\/tunisie\/#\/schema\/logo\/image\/\"},\"sameAs\":[\"https:\/\/www.facebook.com\/KapitalisInfo\/\",\"https:\/\/x.com\/KapitalisInfo\",\"https:\/\/www.youtube.com\/channel\/UC-yDYrHyfFBWWZaOw3FPg9Q\"]},{\"@type\":\"Person\",\"@id\":\"https:\/\/kapitalis.com\/tunisie\/#\/schema\/person\/d71f33a9ca44f7bad4698210b480c8e9\",\"name\":\"webmaster kapitalis\",\"url\":\"https:\/\/kapitalis.com\/tunisie\/author\/webmaster-kapitalis\/\"}]}<\/script>\n<!-- \/ Yoast SEO plugin. -->","yoast_head_json":{"title":"Le timing de la guerre entre Isra\u00ebl et le Hezbollah ne convient pas \u00e0 l\u2019Iran - Kapitalis","robots":{"index":"index","follow":"follow","max-snippet":"max-snippet:-1","max-image-preview":"max-image-preview:large","max-video-preview":"max-video-preview:-1"},"canonical":"https:\/\/kapitalis.com\/tunisie\/2024\/09\/29\/le-timing-de-la-guerre-entre-israel-et-le-hezbollah-ne-convient-pas-a-liran\/","og_locale":"fr_FR","og_type":"article","og_title":"Le timing de la guerre entre Isra\u00ebl et le Hezbollah ne convient pas \u00e0 l\u2019Iran - Kapitalis","og_description":"Apr\u00e8s l'assassinat du chef chiite libanais Hassan Nasrallah, il est peu probable que l'Iran fasse pr\u00e9valoir l'esprit de vengeance sur ses calculs g\u00e9opolitiques.","og_url":"https:\/\/kapitalis.com\/tunisie\/2024\/09\/29\/le-timing-de-la-guerre-entre-israel-et-le-hezbollah-ne-convient-pas-a-liran\/","og_site_name":"Kapitalis","article_publisher":"https:\/\/www.facebook.com\/KapitalisInfo\/","article_published_time":"2024-09-29T07:44:00+00:00","og_image":[{"width":1200,"height":630,"url":"https:\/\/kapitalis.com\/tunisie\/wp-content\/uploads\/2024\/09\/Khamenei-Netanyahu.jpg","type":"image\/jpeg"}],"author":"webmaster kapitalis","twitter_card":"summary_large_image","twitter_creator":"@KapitalisInfo","twitter_site":"@KapitalisInfo","twitter_misc":{"\u00c9crit par":"webmaster kapitalis","Dur\u00e9e de lecture estim\u00e9e":"6 minutes"},"schema":{"@context":"https:\/\/schema.org","@graph":[{"@type":"Article","@id":"https:\/\/kapitalis.com\/tunisie\/2024\/09\/29\/le-timing-de-la-guerre-entre-israel-et-le-hezbollah-ne-convient-pas-a-liran\/#article","isPartOf":{"@id":"https:\/\/kapitalis.com\/tunisie\/2024\/09\/29\/le-timing-de-la-guerre-entre-israel-et-le-hezbollah-ne-convient-pas-a-liran\/"},"author":{"name":"webmaster kapitalis","@id":"https:\/\/kapitalis.com\/tunisie\/#\/schema\/person\/d71f33a9ca44f7bad4698210b480c8e9"},"headline":"Le timing de la guerre entre Isra\u00ebl et le Hezbollah ne convient pas \u00e0 l\u2019Iran","datePublished":"2024-09-29T07:44:00+00:00","mainEntityOfPage":{"@id":"https:\/\/kapitalis.com\/tunisie\/2024\/09\/29\/le-timing-de-la-guerre-entre-israel-et-le-hezbollah-ne-convient-pas-a-liran\/"},"wordCount":1183,"publisher":{"@id":"https:\/\/kapitalis.com\/tunisie\/#organization"},"image":{"@id":"https:\/\/kapitalis.com\/tunisie\/2024\/09\/29\/le-timing-de-la-guerre-entre-israel-et-le-hezbollah-ne-convient-pas-a-liran\/#primaryimage"},"thumbnailUrl":"https:\/\/kapitalis.com\/tunisie\/wp-content\/uploads\/2024\/09\/Khamenei-Netanyahu.jpg","keywords":["Ali Khamene\u00ef","Etats-Unis","Hassan Nasrallah","Hezbollah","Iran","Isra\u00ebl","Liban"],"articleSection":["A LA UNE","POLITIQUE","Tunisie"],"inLanguage":"fr-FR"},{"@type":"WebPage","@id":"https:\/\/kapitalis.com\/tunisie\/2024\/09\/29\/le-timing-de-la-guerre-entre-israel-et-le-hezbollah-ne-convient-pas-a-liran\/","url":"https:\/\/kapitalis.com\/tunisie\/2024\/09\/29\/le-timing-de-la-guerre-entre-israel-et-le-hezbollah-ne-convient-pas-a-liran\/","name":"Le timing de la guerre entre Isra\u00ebl et le Hezbollah ne convient pas \u00e0 l\u2019Iran - Kapitalis","isPartOf":{"@id":"https:\/\/kapitalis.com\/tunisie\/#website"},"primaryImageOfPage":{"@id":"https:\/\/kapitalis.com\/tunisie\/2024\/09\/29\/le-timing-de-la-guerre-entre-israel-et-le-hezbollah-ne-convient-pas-a-liran\/#primaryimage"},"image":{"@id":"https:\/\/kapitalis.com\/tunisie\/2024\/09\/29\/le-timing-de-la-guerre-entre-israel-et-le-hezbollah-ne-convient-pas-a-liran\/#primaryimage"},"thumbnailUrl":"https:\/\/kapitalis.com\/tunisie\/wp-content\/uploads\/2024\/09\/Khamenei-Netanyahu.jpg","datePublished":"2024-09-29T07:44:00+00:00","breadcrumb":{"@id":"https:\/\/kapitalis.com\/tunisie\/2024\/09\/29\/le-timing-de-la-guerre-entre-israel-et-le-hezbollah-ne-convient-pas-a-liran\/#breadcrumb"},"inLanguage":"fr-FR","potentialAction":[{"@type":"ReadAction","target":["https:\/\/kapitalis.com\/tunisie\/2024\/09\/29\/le-timing-de-la-guerre-entre-israel-et-le-hezbollah-ne-convient-pas-a-liran\/"]}]},{"@type":"ImageObject","inLanguage":"fr-FR","@id":"https:\/\/kapitalis.com\/tunisie\/2024\/09\/29\/le-timing-de-la-guerre-entre-israel-et-le-hezbollah-ne-convient-pas-a-liran\/#primaryimage","url":"https:\/\/kapitalis.com\/tunisie\/wp-content\/uploads\/2024\/09\/Khamenei-Netanyahu.jpg","contentUrl":"https:\/\/kapitalis.com\/tunisie\/wp-content\/uploads\/2024\/09\/Khamenei-Netanyahu.jpg","width":1200,"height":630},{"@type":"BreadcrumbList","@id":"https:\/\/kapitalis.com\/tunisie\/2024\/09\/29\/le-timing-de-la-guerre-entre-israel-et-le-hezbollah-ne-convient-pas-a-liran\/#breadcrumb","itemListElement":[{"@type":"ListItem","position":1,"name":"Accueil","item":"https:\/\/kapitalis.com\/tunisie\/"},{"@type":"ListItem","position":2,"name":"Le timing de la guerre entre Isra\u00ebl et le Hezbollah ne convient pas \u00e0 l\u2019Iran"}]},{"@type":"WebSite","@id":"https:\/\/kapitalis.com\/tunisie\/#website","url":"https:\/\/kapitalis.com\/tunisie\/","name":"Kapitalis","description":"L&#039;actualit\u00e9 en Tunisie et dans le monde","publisher":{"@id":"https:\/\/kapitalis.com\/tunisie\/#organization"},"potentialAction":[{"@type":"SearchAction","target":{"@type":"EntryPoint","urlTemplate":"https:\/\/kapitalis.com\/tunisie\/?s={search_term_string}"},"query-input":{"@type":"PropertyValueSpecification","valueRequired":true,"valueName":"search_term_string"}}],"inLanguage":"fr-FR"},{"@type":"Organization","@id":"https:\/\/kapitalis.com\/tunisie\/#organization","name":"Kapitalis","url":"https:\/\/kapitalis.com\/tunisie\/","logo":{"@type":"ImageObject","inLanguage":"fr-FR","@id":"https:\/\/kapitalis.com\/tunisie\/#\/schema\/logo\/image\/","url":"https:\/\/kapitalis.com\/tunisie\/wp-content\/uploads\/2022\/05\/Kapitalis-big-size.png","contentUrl":"https:\/\/kapitalis.com\/tunisie\/wp-content\/uploads\/2022\/05\/Kapitalis-big-size.png","width":5000,"height":1500,"caption":"Kapitalis"},"image":{"@id":"https:\/\/kapitalis.com\/tunisie\/#\/schema\/logo\/image\/"},"sameAs":["https:\/\/www.facebook.com\/KapitalisInfo\/","https:\/\/x.com\/KapitalisInfo","https:\/\/www.youtube.com\/channel\/UC-yDYrHyfFBWWZaOw3FPg9Q"]},{"@type":"Person","@id":"https:\/\/kapitalis.com\/tunisie\/#\/schema\/person\/d71f33a9ca44f7bad4698210b480c8e9","name":"webmaster kapitalis","url":"https:\/\/kapitalis.com\/tunisie\/author\/webmaster-kapitalis\/"}]}},"_links":{"self":[{"href":"https:\/\/kapitalis.com\/tunisie\/wp-json\/wp\/v2\/posts\/14082850","targetHints":{"allow":["GET"]}}],"collection":[{"href":"https:\/\/kapitalis.com\/tunisie\/wp-json\/wp\/v2\/posts"}],"about":[{"href":"https:\/\/kapitalis.com\/tunisie\/wp-json\/wp\/v2\/types\/post"}],"author":[{"embeddable":true,"href":"https:\/\/kapitalis.com\/tunisie\/wp-json\/wp\/v2\/users\/8"}],"replies":[{"embeddable":true,"href":"https:\/\/kapitalis.com\/tunisie\/wp-json\/wp\/v2\/comments?post=14082850"}],"version-history":[{"count":2,"href":"https:\/\/kapitalis.com\/tunisie\/wp-json\/wp\/v2\/posts\/14082850\/revisions"}],"predecessor-version":[{"id":14083210,"href":"https:\/\/kapitalis.com\/tunisie\/wp-json\/wp\/v2\/posts\/14082850\/revisions\/14083210"}],"wp:featuredmedia":[{"embeddable":true,"href":"https:\/\/kapitalis.com\/tunisie\/wp-json\/wp\/v2\/media\/14082973"}],"wp:attachment":[{"href":"https:\/\/kapitalis.com\/tunisie\/wp-json\/wp\/v2\/media?parent=14082850"}],"wp:term":[{"taxonomy":"category","embeddable":true,"href":"https:\/\/kapitalis.com\/tunisie\/wp-json\/wp\/v2\/categories?post=14082850"},{"taxonomy":"post_tag","embeddable":true,"href":"https:\/\/kapitalis.com\/tunisie\/wp-json\/wp\/v2\/tags?post=14082850"}],"curies":[{"name":"wp","href":"https:\/\/api.w.org\/{rel}","templated":true}]}}